{"id":10308,"date":"2025-11-05T16:24:55","date_gmt":"2025-11-05T14:24:55","guid":{"rendered":"https:\/\/happynessradio.fr\/?p=10308"},"modified":"2025-12-30T18:49:45","modified_gmt":"2025-12-30T17:49:45","slug":"food-amiens-2025-magacite-16-novembre","status":"publish","type":"post","link":"https:\/\/happynessradio.fr\/amiens\/articles\/food-amiens-2025-magacite-16-novembre\/","title":{"rendered":"Food Amiens revient pour une nouvelle \u00e9dition."},"content":{"rendered":"\n<p><em>Food Amiens reviens pour une 3\u00e8me \u00e9dition \u00e0 M\u00e9gacit\u00e9 le 16 novembre, de 9h \u00e0 17h, pour c\u00e9l\u00e9brer la gastronomie et les savoir-faire r\u00e9gionaux.<\/em><\/p>\n\n\n\n<p><strong>C\u00e9l\u00e9brer la gastronomie et les savoir-faire r\u00e9gionaux.<\/strong><\/p>\n\n\n\n<p>La troisi\u00e8me \u00e9dition de <a href=\"https:\/\/www.amiens-tourisme.com\/incontournables\/foodamiens\/\">Food Amiens<\/a> s\u2019installe \u00e0 Magacit\u00e9 le 16 novembre, de 9h \u00e0 17h, pour c\u00e9l\u00e9brer la gastronomie et les savoir-faire r\u00e9gionaux. Producteurs et chefs se r\u00e9unissent pour offrir au public une exp\u00e9rience \u00e0 la fois gourmande, conviviale et engag\u00e9e autour des produits du terroir. Cette manifestation s\u2019inscrit dans le cadre de l\u2019initiative \u201cHauts-de-France \u2013 R\u00e9gion Europ\u00e9enne de la Gastronomie 2023<\/p>\n\n\n\n<p><strong>Des stands et des ateliers et une ambiance de march\u00e9.<\/strong><\/p>\n\n\n\n<p>Les visiteurs pourront d\u00e9couvrir les stands et savourer un brunch gourmand. Ils auront \u00e9galement l\u2019occasion de d\u00e9guster des produits frais et de saison dans une ambiance de march\u00e9. La journ\u00e9e sera rythm\u00e9e par des animations et des ateliers, notamment en pr\u00e9sence du Meilleur Ouvrier de France, St\u00e9phane Collet. \u00c0 partir de 19h, place au D\u00eener des chefs \u2014 moment phare de l\u2019\u00e9v\u00e9nement \u2014 o\u00f9 des figures embl\u00e9matiques de la gastronomie samarienne r\u00e9interpr\u00e9teront les produits locaux \u00e0 travers des cr\u00e9ations gourmandes et responsables.<\/p>\n\n\n\n<p class=\"has-text-align-center\"><a href=\"https:\/\/happynessradio.fr\/amiens\/amiens\/\">Plus d&rsquo;infos sur notre site<\/a><\/p>\n\n\n\n<hr class=\"wp-block-separator has-alpha-channel-opacity\" \/>\n\n\n\n<p>food amiens, agenda sortie Amiens, Radio Amiens<\/p>\n\n\n\n<p><\/p>\n","protected":false},"excerpt":{"rendered":"<p>Food Amiens reviens pour une 3\u00e8me \u00e9dition \u00e0 M\u00e9gacit\u00e9 le 16 novembre, de 9h \u00e0 17h, pour c\u00e9l\u00e9brer la gastronomie et les savoir-faire r\u00e9gionaux. C\u00e9l\u00e9brer la gastronomie et les savoir-faire r\u00e9gionaux. La troisi\u00e8me \u00e9dition de Food Amiens s\u2019installe \u00e0 Magacit\u00e9 le 16 novembre, de 9h \u00e0 17h, pour c\u00e9l\u00e9brer la gastronomie et les savoir-faire r\u00e9gionaux. Producteurs et chefs se r\u00e9unissent pour offrir au public une exp\u00e9rience \u00e0 la fois gourmande, conviviale et engag\u00e9e autour des produits du terroir. Cette manifestation s\u2019inscrit dans le cadre de l\u2019initiative \u201cHauts-de-France \u2013 R\u00e9gion Europ\u00e9enne de la Gastronomie 2023 Des stands et des ateliers et une ambiance de march\u00e9. Les visiteurs pourront d\u00e9couvrir les stands et savourer un brunch gourmand. Ils auront \u00e9galement l\u2019occasion de d\u00e9guster des produits frais et de saison dans une ambiance de march\u00e9. La journ\u00e9e sera rythm\u00e9e par des animations et des ateliers, notamment en pr\u00e9sence du Meilleur Ouvrier de France, St\u00e9phane Collet. \u00c0 partir de 19h, place au D\u00eener des chefs \u2014 moment phare de l\u2019\u00e9v\u00e9nement \u2014 o\u00f9 des figures embl\u00e9matiques de la gastronomie samarienne r\u00e9interpr\u00e9teront les produits locaux \u00e0 travers des cr\u00e9ations gourmandes et responsables. Plus d&rsquo;infos sur notre site food amiens, agenda sortie Amiens, Radio Amiens<\/p>\n","protected":false},"author":6,"featured_media":10910,"comment_status":"closed","ping_status":"open","sticky":false,"template":"","format":"standard","meta":{"_lmt_disableupdate":"","_lmt_disable":"","footnotes":""},"categories":[11],"tags":[],"class_list":["post-10308","post","type-post","status-publish","format-standard","has-post-thumbnail","hentry","category-amiens"],"yoast_head":"<!-- This site is optimized with the Yoast SEO plugin v27.5 - https:\/\/yoast.com\/product\/yoast-seo-wordpress\/ -->\n<title>Food Amiens revient pour une nouvelle \u00e9dition. - Happyness Amiens<\/title>\n<meta name=\"description\" content=\"Food Amiens revient pour une nouvelle \u00e9dition. La troisi\u00e8me \u00e9dition de Food Amiens s\u2019installe \u00e0 M\u00e9gacit\u00e9 le 16 novembre, de 9h \u00e0 17h,\" \/>\n<meta name=\"robots\" content=\"index, follow, max-snippet:-1, max-image-preview:large, max-video-preview:-1\" \/>\n<link rel=\"canonical\" href=\"https:\/\/happynessradio.fr\/amiens\/articles\/food-amiens-2025-magacite-16-novembre\/\" \/>\n<meta property=\"og:locale\" content=\"fr_FR\" \/>\n<meta property=\"og:type\" content=\"article\" \/>\n<meta property=\"og:title\" content=\"Food Amiens revient pour une nouvelle \u00e9dition. - Happyness Amiens\" \/>\n<meta property=\"og:description\" content=\"Food Amiens revient pour une nouvelle \u00e9dition. La troisi\u00e8me \u00e9dition de Food Amiens s\u2019installe \u00e0 M\u00e9gacit\u00e9 le 16 novembre, de 9h \u00e0 17h,\" \/>\n<meta property=\"og:url\" content=\"https:\/\/happynessradio.fr\/amiens\/articles\/food-amiens-2025-magacite-16-novembre\/\" \/>\n<meta property=\"og:site_name\" content=\"Happyness Amiens\" \/>\n<meta property=\"article:published_time\" content=\"2025-11-05T14:24:55+00:00\" \/>\n<meta property=\"article:modified_time\" content=\"2025-12-30T17:49:45+00:00\" \/>\n<meta property=\"og:image\" content=\"https:\/\/happynessradio.fr\/amiens\/wp-content\/uploads\/sites\/3\/2025\/12\/Visuel-Aucun.webp\" \/>\n\t<meta property=\"og:image:width\" content=\"1084\" \/>\n\t<meta property=\"og:image:height\" content=\"487\" \/>\n\t<meta property=\"og:image:type\" content=\"image\/webp\" \/>\n<meta name=\"author\" content=\"Lo\u00efc Dun\" \/>\n<meta name=\"twitter:card\" content=\"summary_large_image\" \/>\n<meta name=\"twitter:label1\" content=\"\u00c9crit par\" \/>\n\t<meta name=\"twitter:data1\" content=\"Lo\u00efc Dun\" \/>\n\t<meta name=\"twitter:label2\" content=\"Dur\u00e9e de lecture estim\u00e9e\" \/>\n\t<meta name=\"twitter:data2\" content=\"1 minute\" \/>\n<script type=\"application\/ld+json\" class=\"yoast-schema-graph\">{\"@context\":\"https:\\\/\\\/schema.org\",\"@graph\":[{\"@type\":\"Article\",\"@id\":\"https:\\\/\\\/happynessradio.fr\\\/amiens\\\/articles\\\/food-amiens-2025-magacite-16-novembre\\\/#article\",\"isPartOf\":{\"@id\":\"https:\\\/\\\/happynessradio.fr\\\/amiens\\\/articles\\\/food-amiens-2025-magacite-16-novembre\\\/\"},\"author\":{\"name\":\"Lo\u00efc Dun\",\"@id\":\"https:\\\/\\\/happynessradio.fr\\\/amiens\\\/#\\\/schema\\\/person\\\/735f1a1ba15f9478beb4249ad52f7252\"},\"headline\":\"Food Amiens revient pour une nouvelle \u00e9dition.\",\"datePublished\":\"2025-11-05T14:24:55+00:00\",\"dateModified\":\"2025-12-30T17:49:45+00:00\",\"mainEntityOfPage\":{\"@id\":\"https:\\\/\\\/happynessradio.fr\\\/amiens\\\/articles\\\/food-amiens-2025-magacite-16-novembre\\\/\"},\"wordCount\":226,\"image\":{\"@id\":\"https:\\\/\\\/happynessradio.fr\\\/amiens\\\/articles\\\/food-amiens-2025-magacite-16-novembre\\\/#primaryimage\"},\"thumbnailUrl\":\"https:\\\/\\\/happynessradio.fr\\\/amiens\\\/wp-content\\\/uploads\\\/sites\\\/3\\\/2025\\\/12\\\/Visuel-Aucun.webp\",\"articleSection\":[\"Amiens\"],\"inLanguage\":\"fr-FR\"},{\"@type\":\"WebPage\",\"@id\":\"https:\\\/\\\/happynessradio.fr\\\/amiens\\\/articles\\\/food-amiens-2025-magacite-16-novembre\\\/\",\"url\":\"https:\\\/\\\/happynessradio.fr\\\/amiens\\\/articles\\\/food-amiens-2025-magacite-16-novembre\\\/\",\"name\":\"Food Amiens revient pour une nouvelle \u00e9dition. - Happyness Amiens\",\"isPartOf\":{\"@id\":\"https:\\\/\\\/happynessradio.fr\\\/amiens\\\/#website\"},\"primaryImageOfPage\":{\"@id\":\"https:\\\/\\\/happynessradio.fr\\\/amiens\\\/articles\\\/food-amiens-2025-magacite-16-novembre\\\/#primaryimage\"},\"image\":{\"@id\":\"https:\\\/\\\/happynessradio.fr\\\/amiens\\\/articles\\\/food-amiens-2025-magacite-16-novembre\\\/#primaryimage\"},\"thumbnailUrl\":\"https:\\\/\\\/happynessradio.fr\\\/amiens\\\/wp-content\\\/uploads\\\/sites\\\/3\\\/2025\\\/12\\\/Visuel-Aucun.webp\",\"datePublished\":\"2025-11-05T14:24:55+00:00\",\"dateModified\":\"2025-12-30T17:49:45+00:00\",\"author\":{\"@id\":\"https:\\\/\\\/happynessradio.fr\\\/amiens\\\/#\\\/schema\\\/person\\\/735f1a1ba15f9478beb4249ad52f7252\"},\"description\":\"Food Amiens revient pour une nouvelle \u00e9dition. La troisi\u00e8me \u00e9dition de Food Amiens s\u2019installe \u00e0 M\u00e9gacit\u00e9 le 16 novembre, de 9h \u00e0 17h,\",\"breadcrumb\":{\"@id\":\"https:\\\/\\\/happynessradio.fr\\\/amiens\\\/articles\\\/food-amiens-2025-magacite-16-novembre\\\/#breadcrumb\"},\"inLanguage\":\"fr-FR\",\"potentialAction\":[{\"@type\":\"ReadAction\",\"target\":[\"https:\\\/\\\/happynessradio.fr\\\/amiens\\\/articles\\\/food-amiens-2025-magacite-16-novembre\\\/\"]}]},{\"@type\":\"ImageObject\",\"inLanguage\":\"fr-FR\",\"@id\":\"https:\\\/\\\/happynessradio.fr\\\/amiens\\\/articles\\\/food-amiens-2025-magacite-16-novembre\\\/#primaryimage\",\"url\":\"https:\\\/\\\/happynessradio.fr\\\/amiens\\\/wp-content\\\/uploads\\\/sites\\\/3\\\/2025\\\/12\\\/Visuel-Aucun.webp\",\"contentUrl\":\"https:\\\/\\\/happynessradio.fr\\\/amiens\\\/wp-content\\\/uploads\\\/sites\\\/3\\\/2025\\\/12\\\/Visuel-Aucun.webp\",\"width\":1084,\"height\":487},{\"@type\":\"BreadcrumbList\",\"@id\":\"https:\\\/\\\/happynessradio.fr\\\/amiens\\\/articles\\\/food-amiens-2025-magacite-16-novembre\\\/#breadcrumb\",\"itemListElement\":[{\"@type\":\"ListItem\",\"position\":1,\"name\":\"Accueil\",\"item\":\"https:\\\/\\\/happynessradio.fr\\\/amiens\\\/\"},{\"@type\":\"ListItem\",\"position\":2,\"name\":\"Food Amiens revient pour une nouvelle \u00e9dition.\"}]},{\"@type\":\"WebSite\",\"@id\":\"https:\\\/\\\/happynessradio.fr\\\/amiens\\\/#website\",\"url\":\"https:\\\/\\\/happynessradio.fr\\\/amiens\\\/\",\"name\":\"Happyness Amiens\",\"description\":\"Toujours au plus proche de vous\",\"potentialAction\":[{\"@type\":\"SearchAction\",\"target\":{\"@type\":\"EntryPoint\",\"urlTemplate\":\"https:\\\/\\\/happynessradio.fr\\\/amiens\\\/?s={search_term_string}\"},\"query-input\":{\"@type\":\"PropertyValueSpecification\",\"valueRequired\":true,\"valueName\":\"search_term_string\"}}],\"inLanguage\":\"fr-FR\"},{\"@type\":\"Person\",\"@id\":\"https:\\\/\\\/happynessradio.fr\\\/amiens\\\/#\\\/schema\\\/person\\\/735f1a1ba15f9478beb4249ad52f7252\",\"name\":\"Lo\u00efc Dun\",\"image\":{\"@type\":\"ImageObject\",\"inLanguage\":\"fr-FR\",\"@id\":\"https:\\\/\\\/happynessradio.fr\\\/amiens\\\/wp-content\\\/uploads\\\/sites\\\/3\\\/2025\\\/12\\\/cropped-Portrait-Loic-25-26-96x96.webp\",\"url\":\"https:\\\/\\\/happynessradio.fr\\\/amiens\\\/wp-content\\\/uploads\\\/sites\\\/3\\\/2025\\\/12\\\/cropped-Portrait-Loic-25-26-96x96.webp\",\"contentUrl\":\"https:\\\/\\\/happynessradio.fr\\\/amiens\\\/wp-content\\\/uploads\\\/sites\\\/3\\\/2025\\\/12\\\/cropped-Portrait-Loic-25-26-96x96.webp\",\"caption\":\"Lo\u00efc Dun\"},\"description\":\"R\u00e9dacteur web Happyness. Co-animateur (chroniqueur) Quoi d'neuf ? Amiens Chroniqueur Le R\u00e9veil Happyness\",\"sameAs\":[\"https:\\\/\\\/www.instagram.com\\\/lolo80radio\\\/\",\"https:\\\/\\\/www.linkedin.com\\\/in\\\/loc-d-365960164\\\/\"],\"url\":\"https:\\\/\\\/happynessradio.fr\\\/amiens\\\/articles\\\/author\\\/loicdun\\\/\"}]}<\/script>\n<!-- \/ Yoast SEO plugin. -->","yoast_head_json":{"title":"Food Amiens revient pour une nouvelle \u00e9dition. - Happyness Amiens","description":"Food Amiens revient pour une nouvelle \u00e9dition. La troisi\u00e8me \u00e9dition de Food Amiens s\u2019installe \u00e0 M\u00e9gacit\u00e9 le 16 novembre, de 9h \u00e0 17h,","robots":{"index":"index","follow":"follow","max-snippet":"max-snippet:-1","max-image-preview":"max-image-preview:large","max-video-preview":"max-video-preview:-1"},"canonical":"https:\/\/happynessradio.fr\/amiens\/articles\/food-amiens-2025-magacite-16-novembre\/","og_locale":"fr_FR","og_type":"article","og_title":"Food Amiens revient pour une nouvelle \u00e9dition. - Happyness Amiens","og_description":"Food Amiens revient pour une nouvelle \u00e9dition. La troisi\u00e8me \u00e9dition de Food Amiens s\u2019installe \u00e0 M\u00e9gacit\u00e9 le 16 novembre, de 9h \u00e0 17h,","og_url":"https:\/\/happynessradio.fr\/amiens\/articles\/food-amiens-2025-magacite-16-novembre\/","og_site_name":"Happyness Amiens","article_published_time":"2025-11-05T14:24:55+00:00","article_modified_time":"2025-12-30T17:49:45+00:00","og_image":[{"width":1084,"height":487,"url":"https:\/\/happynessradio.fr\/amiens\/wp-content\/uploads\/sites\/3\/2025\/12\/Visuel-Aucun.webp","type":"image\/webp"}],"author":"Lo\u00efc Dun","twitter_card":"summary_large_image","twitter_misc":{"\u00c9crit par":"Lo\u00efc Dun","Dur\u00e9e de lecture estim\u00e9e":"1 minute"},"schema":{"@context":"https:\/\/schema.org","@graph":[{"@type":"Article","@id":"https:\/\/happynessradio.fr\/amiens\/articles\/food-amiens-2025-magacite-16-novembre\/#article","isPartOf":{"@id":"https:\/\/happynessradio.fr\/amiens\/articles\/food-amiens-2025-magacite-16-novembre\/"},"author":{"name":"Lo\u00efc Dun","@id":"https:\/\/happynessradio.fr\/amiens\/#\/schema\/person\/735f1a1ba15f9478beb4249ad52f7252"},"headline":"Food Amiens revient pour une nouvelle \u00e9dition.","datePublished":"2025-11-05T14:24:55+00:00","dateModified":"2025-12-30T17:49:45+00:00","mainEntityOfPage":{"@id":"https:\/\/happynessradio.fr\/amiens\/articles\/food-amiens-2025-magacite-16-novembre\/"},"wordCount":226,"image":{"@id":"https:\/\/happynessradio.fr\/amiens\/articles\/food-amiens-2025-magacite-16-novembre\/#primaryimage"},"thumbnailUrl":"https:\/\/happynessradio.fr\/amiens\/wp-content\/uploads\/sites\/3\/2025\/12\/Visuel-Aucun.webp","articleSection":["Amiens"],"inLanguage":"fr-FR"},{"@type":"WebPage","@id":"https:\/\/happynessradio.fr\/amiens\/articles\/food-amiens-2025-magacite-16-novembre\/","url":"https:\/\/happynessradio.fr\/amiens\/articles\/food-amiens-2025-magacite-16-novembre\/","name":"Food Amiens revient pour une nouvelle \u00e9dition. - Happyness Amiens","isPartOf":{"@id":"https:\/\/happynessradio.fr\/amiens\/#website"},"primaryImageOfPage":{"@id":"https:\/\/happynessradio.fr\/amiens\/articles\/food-amiens-2025-magacite-16-novembre\/#primaryimage"},"image":{"@id":"https:\/\/happynessradio.fr\/amiens\/articles\/food-amiens-2025-magacite-16-novembre\/#primaryimage"},"thumbnailUrl":"https:\/\/happynessradio.fr\/amiens\/wp-content\/uploads\/sites\/3\/2025\/12\/Visuel-Aucun.webp","datePublished":"2025-11-05T14:24:55+00:00","dateModified":"2025-12-30T17:49:45+00:00","author":{"@id":"https:\/\/happynessradio.fr\/amiens\/#\/schema\/person\/735f1a1ba15f9478beb4249ad52f7252"},"description":"Food Amiens revient pour une nouvelle \u00e9dition. La troisi\u00e8me \u00e9dition de Food Amiens s\u2019installe \u00e0 M\u00e9gacit\u00e9 le 16 novembre, de 9h \u00e0 17h,","breadcrumb":{"@id":"https:\/\/happynessradio.fr\/amiens\/articles\/food-amiens-2025-magacite-16-novembre\/#breadcrumb"},"inLanguage":"fr-FR","potentialAction":[{"@type":"ReadAction","target":["https:\/\/happynessradio.fr\/amiens\/articles\/food-amiens-2025-magacite-16-novembre\/"]}]},{"@type":"ImageObject","inLanguage":"fr-FR","@id":"https:\/\/happynessradio.fr\/amiens\/articles\/food-amiens-2025-magacite-16-novembre\/#primaryimage","url":"https:\/\/happynessradio.fr\/amiens\/wp-content\/uploads\/sites\/3\/2025\/12\/Visuel-Aucun.webp","contentUrl":"https:\/\/happynessradio.fr\/amiens\/wp-content\/uploads\/sites\/3\/2025\/12\/Visuel-Aucun.webp","width":1084,"height":487},{"@type":"BreadcrumbList","@id":"https:\/\/happynessradio.fr\/amiens\/articles\/food-amiens-2025-magacite-16-novembre\/#breadcrumb","itemListElement":[{"@type":"ListItem","position":1,"name":"Accueil","item":"https:\/\/happynessradio.fr\/amiens\/"},{"@type":"ListItem","position":2,"name":"Food Amiens revient pour une nouvelle \u00e9dition."}]},{"@type":"WebSite","@id":"https:\/\/happynessradio.fr\/amiens\/#website","url":"https:\/\/happynessradio.fr\/amiens\/","name":"Happyness Amiens","description":"Toujours au plus proche de vous","potentialAction":[{"@type":"SearchAction","target":{"@type":"EntryPoint","urlTemplate":"https:\/\/happynessradio.fr\/amiens\/?s={search_term_string}"},"query-input":{"@type":"PropertyValueSpecification","valueRequired":true,"valueName":"search_term_string"}}],"inLanguage":"fr-FR"},{"@type":"Person","@id":"https:\/\/happynessradio.fr\/amiens\/#\/schema\/person\/735f1a1ba15f9478beb4249ad52f7252","name":"Lo\u00efc Dun","image":{"@type":"ImageObject","inLanguage":"fr-FR","@id":"https:\/\/happynessradio.fr\/amiens\/wp-content\/uploads\/sites\/3\/2025\/12\/cropped-Portrait-Loic-25-26-96x96.webp","url":"https:\/\/happynessradio.fr\/amiens\/wp-content\/uploads\/sites\/3\/2025\/12\/cropped-Portrait-Loic-25-26-96x96.webp","contentUrl":"https:\/\/happynessradio.fr\/amiens\/wp-content\/uploads\/sites\/3\/2025\/12\/cropped-Portrait-Loic-25-26-96x96.webp","caption":"Lo\u00efc Dun"},"description":"R\u00e9dacteur web Happyness. Co-animateur (chroniqueur) Quoi d'neuf ? Amiens Chroniqueur Le R\u00e9veil Happyness","sameAs":["https:\/\/www.instagram.com\/lolo80radio\/","https:\/\/www.linkedin.com\/in\/loc-d-365960164\/"],"url":"https:\/\/happynessradio.fr\/amiens\/articles\/author\/loicdun\/"}]}},"modified_by":"kevinpecourt","_links":{"self":[{"href":"https:\/\/happynessradio.fr\/amiens\/wp-json\/wp\/v2\/posts\/10308","targetHints":{"allow":["GET"]}}],"collection":[{"href":"https:\/\/happynessradio.fr\/amiens\/wp-json\/wp\/v2\/posts"}],"about":[{"href":"https:\/\/happynessradio.fr\/amiens\/wp-json\/wp\/v2\/types\/post"}],"author":[{"embeddable":true,"href":"https:\/\/happynessradio.fr\/amiens\/wp-json\/wp\/v2\/users\/6"}],"replies":[{"embeddable":true,"href":"https:\/\/happynessradio.fr\/amiens\/wp-json\/wp\/v2\/comments?post=10308"}],"version-history":[{"count":1,"href":"https:\/\/happynessradio.fr\/amiens\/wp-json\/wp\/v2\/posts\/10308\/revisions"}],"predecessor-version":[{"id":10916,"href":"https:\/\/happynessradio.fr\/amiens\/wp-json\/wp\/v2\/posts\/10308\/revisions\/10916"}],"wp:featuredmedia":[{"embeddable":true,"href":"https:\/\/happynessradio.fr\/amiens\/wp-json\/wp\/v2\/media\/10910"}],"wp:attachment":[{"href":"https:\/\/happynessradio.fr\/amiens\/wp-json\/wp\/v2\/media?parent=10308"}],"wp:term":[{"taxonomy":"category","embeddable":true,"href":"https:\/\/happynessradio.fr\/amiens\/wp-json\/wp\/v2\/categories?post=10308"},{"taxonomy":"post_tag","embeddable":true,"href":"https:\/\/happynessradio.fr\/amiens\/wp-json\/wp\/v2\/tags?post=10308"}],"curies":[{"name":"wp","href":"https:\/\/api.w.org\/{rel}","templated":true}]}}