{"id":10371,"date":"2025-11-17T23:47:18","date_gmt":"2025-11-17T21:47:18","guid":{"rendered":"https:\/\/happynessradio.fr\/?p=10371"},"modified":"2025-12-30T18:48:42","modified_gmt":"2025-12-30T17:48:42","slug":"amiens-20-ans-du-beffroi-inscrit-a-lunesco","status":"publish","type":"post","link":"https:\/\/happynessradio.fr\/amiens\/articles\/amiens-20-ans-du-beffroi-inscrit-a-lunesco\/","title":{"rendered":"Amiens : les 20 ans du beffroi inscrit \u00e0 l&rsquo;UNESCO."},"content":{"rendered":"\n<p><em>Le beffroi d\u2019Amiens c\u00e9l\u00e8bre le 20e anniversaire de son inscription \u00e0 l\u2019UNESCO. \u00c0 cette occasion, les internautes sont invit\u00e9s \u00e0 voter pour choisir une ritournelle, dont les deux en t\u00eate de classement seront choisis.<\/em><\/p>\n\n\n\n<p><strong>Les internautes invit\u00e9s \u00e0 voter. <\/strong><\/p>\n\n\n\n<p><a href=\"https:\/\/www.amiens-tourisme.com\/activite\/beffroi-damiens\/\">Le beffroi d\u2019Amiens<\/a> c\u00e9l\u00e8bre les 20 ans de son inscription \u00e0 l\u2019UNESCO. \u00c0 cette occasion, les internautes sont invit\u00e9s \u00e0 voter en ligne pour choisir une ritournelle. Les deux ritournelles arriv\u00e9es en t\u00eate du classement seront s\u00e9lectionn\u00e9es. Le vote est ouvert jusqu\u2019au 26 novembre 2025.<\/p>\n\n\n\n<p><strong>Compos\u00e9 par des \u00e9tudiants<\/strong>.<\/p>\n\n\n\n<p>Les \u00e9tudiants du Conservatoire \u00e0 Rayonnement R\u00e9gional d\u2019Amiens M\u00e9tropole ont compos\u00e9 cinq m\u00e9lodies originales sp\u00e9cialement pour cet anniversaire. Les deux ritournelles choisies seront ensuite diffus\u00e9es depuis le carillon tout au long de l\u2019ann\u00e9e, en alternance, un jour sur deux.<\/p>\n\n\n\n<p class=\"has-text-align-center\"><a href=\"https:\/\/happynessradio.fr\/amiens\/amiens\/\">Plus d&rsquo;infos sur notre site<\/a><\/p>\n\n\n\n<p><\/p>\n","protected":false},"excerpt":{"rendered":"<p>Le beffroi d\u2019Amiens c\u00e9l\u00e8bre le 20e anniversaire de son inscription \u00e0 l\u2019UNESCO. \u00c0 cette occasion, les internautes sont invit\u00e9s \u00e0 voter pour choisir une ritournelle, dont les deux en t\u00eate de classement seront choisis. Les internautes invit\u00e9s \u00e0 voter. Le beffroi d\u2019Amiens c\u00e9l\u00e8bre les 20 ans de son inscription \u00e0 l\u2019UNESCO. \u00c0 cette occasion, les internautes sont invit\u00e9s \u00e0 voter en ligne pour choisir une ritournelle. Les deux ritournelles arriv\u00e9es en t\u00eate du classement seront s\u00e9lectionn\u00e9es. Le vote est ouvert jusqu\u2019au 26 novembre 2025. Compos\u00e9 par des \u00e9tudiants. Les \u00e9tudiants du Conservatoire \u00e0 Rayonnement R\u00e9gional d\u2019Amiens M\u00e9tropole ont compos\u00e9 cinq m\u00e9lodies originales sp\u00e9cialement pour cet anniversaire. Les deux ritournelles choisies seront ensuite diffus\u00e9es depuis le carillon tout au long de l\u2019ann\u00e9e, en alternance, un jour sur deux. Plus d&rsquo;infos sur notre site<\/p>\n","protected":false},"author":6,"featured_media":10910,"comment_status":"open","ping_status":"open","sticky":false,"template":"","format":"standard","meta":{"_lmt_disableupdate":"","_lmt_disable":"","footnotes":""},"categories":[11],"tags":[],"class_list":["post-10371","post","type-post","status-publish","format-standard","has-post-thumbnail","hentry","category-amiens"],"yoast_head":"<!-- This site is optimized with the Yoast SEO plugin v27.5 - https:\/\/yoast.com\/product\/yoast-seo-wordpress\/ -->\n<title>Amiens : les 20 ans du beffroi inscrit \u00e0 l&#039;UNESCO. - Happyness Amiens<\/title>\n<meta name=\"description\" content=\"Amiens c\u00e9l\u00e8bre le 20e anniversaire de son inscription \u00e0 l\u2019UNESCO, \u00c0 cette occasion, les internautes sont invit\u00e9s \u00e0 voter.\" \/>\n<meta name=\"robots\" content=\"index, follow, max-snippet:-1, max-image-preview:large, max-video-preview:-1\" \/>\n<link rel=\"canonical\" href=\"https:\/\/happynessradio.fr\/amiens\/articles\/amiens-20-ans-du-beffroi-inscrit-a-lunesco\/\" \/>\n<meta property=\"og:locale\" content=\"fr_FR\" \/>\n<meta property=\"og:type\" content=\"article\" \/>\n<meta property=\"og:title\" content=\"Amiens : les 20 ans du beffroi inscrit \u00e0 l&#039;UNESCO. - Happyness Amiens\" \/>\n<meta property=\"og:description\" content=\"Amiens c\u00e9l\u00e8bre le 20e anniversaire de son inscription \u00e0 l\u2019UNESCO, \u00c0 cette occasion, les internautes sont invit\u00e9s \u00e0 voter.\" \/>\n<meta property=\"og:url\" content=\"https:\/\/happynessradio.fr\/amiens\/articles\/amiens-20-ans-du-beffroi-inscrit-a-lunesco\/\" \/>\n<meta property=\"og:site_name\" content=\"Happyness Amiens\" \/>\n<meta property=\"article:published_time\" content=\"2025-11-17T21:47:18+00:00\" \/>\n<meta property=\"article:modified_time\" content=\"2025-12-30T17:48:42+00:00\" \/>\n<meta property=\"og:image\" content=\"https:\/\/happynessradio.fr\/amiens\/wp-content\/uploads\/sites\/3\/2025\/12\/Visuel-Aucun.webp\" \/>\n\t<meta property=\"og:image:width\" content=\"1084\" \/>\n\t<meta property=\"og:image:height\" content=\"487\" \/>\n\t<meta property=\"og:image:type\" content=\"image\/webp\" \/>\n<meta name=\"author\" content=\"Lo\u00efc Dun\" \/>\n<meta name=\"twitter:card\" content=\"summary_large_image\" \/>\n<meta name=\"twitter:label1\" content=\"\u00c9crit par\" \/>\n\t<meta name=\"twitter:data1\" content=\"Lo\u00efc Dun\" \/>\n\t<meta name=\"twitter:label2\" content=\"Dur\u00e9e de lecture estim\u00e9e\" \/>\n\t<meta name=\"twitter:data2\" content=\"1 minute\" \/>\n<script type=\"application\/ld+json\" class=\"yoast-schema-graph\">{\"@context\":\"https:\\\/\\\/schema.org\",\"@graph\":[{\"@type\":\"Article\",\"@id\":\"https:\\\/\\\/happynessradio.fr\\\/amiens\\\/articles\\\/amiens-20-ans-du-beffroi-inscrit-a-lunesco\\\/#article\",\"isPartOf\":{\"@id\":\"https:\\\/\\\/happynessradio.fr\\\/amiens\\\/articles\\\/amiens-20-ans-du-beffroi-inscrit-a-lunesco\\\/\"},\"author\":{\"name\":\"Lo\u00efc Dun\",\"@id\":\"https:\\\/\\\/happynessradio.fr\\\/amiens\\\/#\\\/schema\\\/person\\\/735f1a1ba15f9478beb4249ad52f7252\"},\"headline\":\"Amiens : les 20 ans du beffroi inscrit \u00e0 l&rsquo;UNESCO.\",\"datePublished\":\"2025-11-17T21:47:18+00:00\",\"dateModified\":\"2025-12-30T17:48:42+00:00\",\"mainEntityOfPage\":{\"@id\":\"https:\\\/\\\/happynessradio.fr\\\/amiens\\\/articles\\\/amiens-20-ans-du-beffroi-inscrit-a-lunesco\\\/\"},\"wordCount\":155,\"commentCount\":0,\"image\":{\"@id\":\"https:\\\/\\\/happynessradio.fr\\\/amiens\\\/articles\\\/amiens-20-ans-du-beffroi-inscrit-a-lunesco\\\/#primaryimage\"},\"thumbnailUrl\":\"https:\\\/\\\/happynessradio.fr\\\/amiens\\\/wp-content\\\/uploads\\\/sites\\\/3\\\/2025\\\/12\\\/Visuel-Aucun.webp\",\"articleSection\":[\"Amiens\"],\"inLanguage\":\"fr-FR\",\"potentialAction\":[{\"@type\":\"CommentAction\",\"name\":\"Comment\",\"target\":[\"https:\\\/\\\/happynessradio.fr\\\/amiens\\\/articles\\\/amiens-20-ans-du-beffroi-inscrit-a-lunesco\\\/#respond\"]}]},{\"@type\":\"WebPage\",\"@id\":\"https:\\\/\\\/happynessradio.fr\\\/amiens\\\/articles\\\/amiens-20-ans-du-beffroi-inscrit-a-lunesco\\\/\",\"url\":\"https:\\\/\\\/happynessradio.fr\\\/amiens\\\/articles\\\/amiens-20-ans-du-beffroi-inscrit-a-lunesco\\\/\",\"name\":\"Amiens : les 20 ans du beffroi inscrit \u00e0 l'UNESCO. - Happyness Amiens\",\"isPartOf\":{\"@id\":\"https:\\\/\\\/happynessradio.fr\\\/amiens\\\/#website\"},\"primaryImageOfPage\":{\"@id\":\"https:\\\/\\\/happynessradio.fr\\\/amiens\\\/articles\\\/amiens-20-ans-du-beffroi-inscrit-a-lunesco\\\/#primaryimage\"},\"image\":{\"@id\":\"https:\\\/\\\/happynessradio.fr\\\/amiens\\\/articles\\\/amiens-20-ans-du-beffroi-inscrit-a-lunesco\\\/#primaryimage\"},\"thumbnailUrl\":\"https:\\\/\\\/happynessradio.fr\\\/amiens\\\/wp-content\\\/uploads\\\/sites\\\/3\\\/2025\\\/12\\\/Visuel-Aucun.webp\",\"datePublished\":\"2025-11-17T21:47:18+00:00\",\"dateModified\":\"2025-12-30T17:48:42+00:00\",\"author\":{\"@id\":\"https:\\\/\\\/happynessradio.fr\\\/amiens\\\/#\\\/schema\\\/person\\\/735f1a1ba15f9478beb4249ad52f7252\"},\"description\":\"Amiens c\u00e9l\u00e8bre le 20e anniversaire de son inscription \u00e0 l\u2019UNESCO, \u00c0 cette occasion, les internautes sont invit\u00e9s \u00e0 voter.\",\"breadcrumb\":{\"@id\":\"https:\\\/\\\/happynessradio.fr\\\/amiens\\\/articles\\\/amiens-20-ans-du-beffroi-inscrit-a-lunesco\\\/#breadcrumb\"},\"inLanguage\":\"fr-FR\",\"potentialAction\":[{\"@type\":\"ReadAction\",\"target\":[\"https:\\\/\\\/happynessradio.fr\\\/amiens\\\/articles\\\/amiens-20-ans-du-beffroi-inscrit-a-lunesco\\\/\"]}]},{\"@type\":\"ImageObject\",\"inLanguage\":\"fr-FR\",\"@id\":\"https:\\\/\\\/happynessradio.fr\\\/amiens\\\/articles\\\/amiens-20-ans-du-beffroi-inscrit-a-lunesco\\\/#primaryimage\",\"url\":\"https:\\\/\\\/happynessradio.fr\\\/amiens\\\/wp-content\\\/uploads\\\/sites\\\/3\\\/2025\\\/12\\\/Visuel-Aucun.webp\",\"contentUrl\":\"https:\\\/\\\/happynessradio.fr\\\/amiens\\\/wp-content\\\/uploads\\\/sites\\\/3\\\/2025\\\/12\\\/Visuel-Aucun.webp\",\"width\":1084,\"height\":487},{\"@type\":\"BreadcrumbList\",\"@id\":\"https:\\\/\\\/happynessradio.fr\\\/amiens\\\/articles\\\/amiens-20-ans-du-beffroi-inscrit-a-lunesco\\\/#breadcrumb\",\"itemListElement\":[{\"@type\":\"ListItem\",\"position\":1,\"name\":\"Accueil\",\"item\":\"https:\\\/\\\/happynessradio.fr\\\/amiens\\\/\"},{\"@type\":\"ListItem\",\"position\":2,\"name\":\"Amiens : les 20 ans du beffroi inscrit \u00e0 l&rsquo;UNESCO.\"}]},{\"@type\":\"WebSite\",\"@id\":\"https:\\\/\\\/happynessradio.fr\\\/amiens\\\/#website\",\"url\":\"https:\\\/\\\/happynessradio.fr\\\/amiens\\\/\",\"name\":\"Happyness Amiens\",\"description\":\"Toujours au plus proche de vous\",\"potentialAction\":[{\"@type\":\"SearchAction\",\"target\":{\"@type\":\"EntryPoint\",\"urlTemplate\":\"https:\\\/\\\/happynessradio.fr\\\/amiens\\\/?s={search_term_string}\"},\"query-input\":{\"@type\":\"PropertyValueSpecification\",\"valueRequired\":true,\"valueName\":\"search_term_string\"}}],\"inLanguage\":\"fr-FR\"},{\"@type\":\"Person\",\"@id\":\"https:\\\/\\\/happynessradio.fr\\\/amiens\\\/#\\\/schema\\\/person\\\/735f1a1ba15f9478beb4249ad52f7252\",\"name\":\"Lo\u00efc Dun\",\"image\":{\"@type\":\"ImageObject\",\"inLanguage\":\"fr-FR\",\"@id\":\"https:\\\/\\\/happynessradio.fr\\\/amiens\\\/wp-content\\\/uploads\\\/sites\\\/3\\\/2025\\\/12\\\/cropped-Portrait-Loic-25-26-96x96.webp\",\"url\":\"https:\\\/\\\/happynessradio.fr\\\/amiens\\\/wp-content\\\/uploads\\\/sites\\\/3\\\/2025\\\/12\\\/cropped-Portrait-Loic-25-26-96x96.webp\",\"contentUrl\":\"https:\\\/\\\/happynessradio.fr\\\/amiens\\\/wp-content\\\/uploads\\\/sites\\\/3\\\/2025\\\/12\\\/cropped-Portrait-Loic-25-26-96x96.webp\",\"caption\":\"Lo\u00efc Dun\"},\"description\":\"R\u00e9dacteur web Happyness. Co-animateur (chroniqueur) Quoi d'neuf ? Amiens Chroniqueur Le R\u00e9veil Happyness\",\"sameAs\":[\"https:\\\/\\\/www.instagram.com\\\/lolo80radio\\\/\",\"https:\\\/\\\/www.linkedin.com\\\/in\\\/loc-d-365960164\\\/\"],\"url\":\"https:\\\/\\\/happynessradio.fr\\\/amiens\\\/articles\\\/author\\\/loicdun\\\/\"}]}<\/script>\n<!-- \/ Yoast SEO plugin. -->","yoast_head_json":{"title":"Amiens : les 20 ans du beffroi inscrit \u00e0 l'UNESCO. - Happyness Amiens","description":"Amiens c\u00e9l\u00e8bre le 20e anniversaire de son inscription \u00e0 l\u2019UNESCO, \u00c0 cette occasion, les internautes sont invit\u00e9s \u00e0 voter.","robots":{"index":"index","follow":"follow","max-snippet":"max-snippet:-1","max-image-preview":"max-image-preview:large","max-video-preview":"max-video-preview:-1"},"canonical":"https:\/\/happynessradio.fr\/amiens\/articles\/amiens-20-ans-du-beffroi-inscrit-a-lunesco\/","og_locale":"fr_FR","og_type":"article","og_title":"Amiens : les 20 ans du beffroi inscrit \u00e0 l'UNESCO. - Happyness Amiens","og_description":"Amiens c\u00e9l\u00e8bre le 20e anniversaire de son inscription \u00e0 l\u2019UNESCO, \u00c0 cette occasion, les internautes sont invit\u00e9s \u00e0 voter.","og_url":"https:\/\/happynessradio.fr\/amiens\/articles\/amiens-20-ans-du-beffroi-inscrit-a-lunesco\/","og_site_name":"Happyness Amiens","article_published_time":"2025-11-17T21:47:18+00:00","article_modified_time":"2025-12-30T17:48:42+00:00","og_image":[{"width":1084,"height":487,"url":"https:\/\/happynessradio.fr\/amiens\/wp-content\/uploads\/sites\/3\/2025\/12\/Visuel-Aucun.webp","type":"image\/webp"}],"author":"Lo\u00efc Dun","twitter_card":"summary_large_image","twitter_misc":{"\u00c9crit par":"Lo\u00efc Dun","Dur\u00e9e de lecture estim\u00e9e":"1 minute"},"schema":{"@context":"https:\/\/schema.org","@graph":[{"@type":"Article","@id":"https:\/\/happynessradio.fr\/amiens\/articles\/amiens-20-ans-du-beffroi-inscrit-a-lunesco\/#article","isPartOf":{"@id":"https:\/\/happynessradio.fr\/amiens\/articles\/amiens-20-ans-du-beffroi-inscrit-a-lunesco\/"},"author":{"name":"Lo\u00efc Dun","@id":"https:\/\/happynessradio.fr\/amiens\/#\/schema\/person\/735f1a1ba15f9478beb4249ad52f7252"},"headline":"Amiens : les 20 ans du beffroi inscrit \u00e0 l&rsquo;UNESCO.","datePublished":"2025-11-17T21:47:18+00:00","dateModified":"2025-12-30T17:48:42+00:00","mainEntityOfPage":{"@id":"https:\/\/happynessradio.fr\/amiens\/articles\/amiens-20-ans-du-beffroi-inscrit-a-lunesco\/"},"wordCount":155,"commentCount":0,"image":{"@id":"https:\/\/happynessradio.fr\/amiens\/articles\/amiens-20-ans-du-beffroi-inscrit-a-lunesco\/#primaryimage"},"thumbnailUrl":"https:\/\/happynessradio.fr\/amiens\/wp-content\/uploads\/sites\/3\/2025\/12\/Visuel-Aucun.webp","articleSection":["Amiens"],"inLanguage":"fr-FR","potentialAction":[{"@type":"CommentAction","name":"Comment","target":["https:\/\/happynessradio.fr\/amiens\/articles\/amiens-20-ans-du-beffroi-inscrit-a-lunesco\/#respond"]}]},{"@type":"WebPage","@id":"https:\/\/happynessradio.fr\/amiens\/articles\/amiens-20-ans-du-beffroi-inscrit-a-lunesco\/","url":"https:\/\/happynessradio.fr\/amiens\/articles\/amiens-20-ans-du-beffroi-inscrit-a-lunesco\/","name":"Amiens : les 20 ans du beffroi inscrit \u00e0 l'UNESCO. - Happyness Amiens","isPartOf":{"@id":"https:\/\/happynessradio.fr\/amiens\/#website"},"primaryImageOfPage":{"@id":"https:\/\/happynessradio.fr\/amiens\/articles\/amiens-20-ans-du-beffroi-inscrit-a-lunesco\/#primaryimage"},"image":{"@id":"https:\/\/happynessradio.fr\/amiens\/articles\/amiens-20-ans-du-beffroi-inscrit-a-lunesco\/#primaryimage"},"thumbnailUrl":"https:\/\/happynessradio.fr\/amiens\/wp-content\/uploads\/sites\/3\/2025\/12\/Visuel-Aucun.webp","datePublished":"2025-11-17T21:47:18+00:00","dateModified":"2025-12-30T17:48:42+00:00","author":{"@id":"https:\/\/happynessradio.fr\/amiens\/#\/schema\/person\/735f1a1ba15f9478beb4249ad52f7252"},"description":"Amiens c\u00e9l\u00e8bre le 20e anniversaire de son inscription \u00e0 l\u2019UNESCO, \u00c0 cette occasion, les internautes sont invit\u00e9s \u00e0 voter.","breadcrumb":{"@id":"https:\/\/happynessradio.fr\/amiens\/articles\/amiens-20-ans-du-beffroi-inscrit-a-lunesco\/#breadcrumb"},"inLanguage":"fr-FR","potentialAction":[{"@type":"ReadAction","target":["https:\/\/happynessradio.fr\/amiens\/articles\/amiens-20-ans-du-beffroi-inscrit-a-lunesco\/"]}]},{"@type":"ImageObject","inLanguage":"fr-FR","@id":"https:\/\/happynessradio.fr\/amiens\/articles\/amiens-20-ans-du-beffroi-inscrit-a-lunesco\/#primaryimage","url":"https:\/\/happynessradio.fr\/amiens\/wp-content\/uploads\/sites\/3\/2025\/12\/Visuel-Aucun.webp","contentUrl":"https:\/\/happynessradio.fr\/amiens\/wp-content\/uploads\/sites\/3\/2025\/12\/Visuel-Aucun.webp","width":1084,"height":487},{"@type":"BreadcrumbList","@id":"https:\/\/happynessradio.fr\/amiens\/articles\/amiens-20-ans-du-beffroi-inscrit-a-lunesco\/#breadcrumb","itemListElement":[{"@type":"ListItem","position":1,"name":"Accueil","item":"https:\/\/happynessradio.fr\/amiens\/"},{"@type":"ListItem","position":2,"name":"Amiens : les 20 ans du beffroi inscrit \u00e0 l&rsquo;UNESCO."}]},{"@type":"WebSite","@id":"https:\/\/happynessradio.fr\/amiens\/#website","url":"https:\/\/happynessradio.fr\/amiens\/","name":"Happyness Amiens","description":"Toujours au plus proche de vous","potentialAction":[{"@type":"SearchAction","target":{"@type":"EntryPoint","urlTemplate":"https:\/\/happynessradio.fr\/amiens\/?s={search_term_string}"},"query-input":{"@type":"PropertyValueSpecification","valueRequired":true,"valueName":"search_term_string"}}],"inLanguage":"fr-FR"},{"@type":"Person","@id":"https:\/\/happynessradio.fr\/amiens\/#\/schema\/person\/735f1a1ba15f9478beb4249ad52f7252","name":"Lo\u00efc Dun","image":{"@type":"ImageObject","inLanguage":"fr-FR","@id":"https:\/\/happynessradio.fr\/amiens\/wp-content\/uploads\/sites\/3\/2025\/12\/cropped-Portrait-Loic-25-26-96x96.webp","url":"https:\/\/happynessradio.fr\/amiens\/wp-content\/uploads\/sites\/3\/2025\/12\/cropped-Portrait-Loic-25-26-96x96.webp","contentUrl":"https:\/\/happynessradio.fr\/amiens\/wp-content\/uploads\/sites\/3\/2025\/12\/cropped-Portrait-Loic-25-26-96x96.webp","caption":"Lo\u00efc Dun"},"description":"R\u00e9dacteur web Happyness. Co-animateur (chroniqueur) Quoi d'neuf ? Amiens Chroniqueur Le R\u00e9veil Happyness","sameAs":["https:\/\/www.instagram.com\/lolo80radio\/","https:\/\/www.linkedin.com\/in\/loc-d-365960164\/"],"url":"https:\/\/happynessradio.fr\/amiens\/articles\/author\/loicdun\/"}]}},"modified_by":"kevinpecourt","_links":{"self":[{"href":"https:\/\/happynessradio.fr\/amiens\/wp-json\/wp\/v2\/posts\/10371","targetHints":{"allow":["GET"]}}],"collection":[{"href":"https:\/\/happynessradio.fr\/amiens\/wp-json\/wp\/v2\/posts"}],"about":[{"href":"https:\/\/happynessradio.fr\/amiens\/wp-json\/wp\/v2\/types\/post"}],"author":[{"embeddable":true,"href":"https:\/\/happynessradio.fr\/amiens\/wp-json\/wp\/v2\/users\/6"}],"replies":[{"embeddable":true,"href":"https:\/\/happynessradio.fr\/amiens\/wp-json\/wp\/v2\/comments?post=10371"}],"version-history":[{"count":1,"href":"https:\/\/happynessradio.fr\/amiens\/wp-json\/wp\/v2\/posts\/10371\/revisions"}],"predecessor-version":[{"id":10912,"href":"https:\/\/happynessradio.fr\/amiens\/wp-json\/wp\/v2\/posts\/10371\/revisions\/10912"}],"wp:featuredmedia":[{"embeddable":true,"href":"https:\/\/happynessradio.fr\/amiens\/wp-json\/wp\/v2\/media\/10910"}],"wp:attachment":[{"href":"https:\/\/happynessradio.fr\/amiens\/wp-json\/wp\/v2\/media?parent=10371"}],"wp:term":[{"taxonomy":"category","embeddable":true,"href":"https:\/\/happynessradio.fr\/amiens\/wp-json\/wp\/v2\/categories?post=10371"},{"taxonomy":"post_tag","embeddable":true,"href":"https:\/\/happynessradio.fr\/amiens\/wp-json\/wp\/v2\/tags?post=10371"}],"curies":[{"name":"wp","href":"https:\/\/api.w.org\/{rel}","templated":true}]}}