{"id":11408,"date":"2026-01-30T20:20:15","date_gmt":"2026-01-30T19:20:15","guid":{"rendered":"https:\/\/happynessradio.fr\/amiens\/?p=11408"},"modified":"2026-01-30T20:21:27","modified_gmt":"2026-01-30T19:21:27","slug":"amiens-la-cpam-de-la-somme-soffre-une-nouvelle-vie-plus-verte-et-plus-accueillante","status":"publish","type":"post","link":"https:\/\/happynessradio.fr\/amiens\/articles\/amiens-la-cpam-de-la-somme-soffre-une-nouvelle-vie-plus-verte-et-plus-accueillante\/","title":{"rendered":"Amiens : la CPAM de la Somme s&rsquo;offre une nouvelle vie plus verte et plus accueillante"},"content":{"rendered":"\n<p><em>C\u2019est un chantier d&rsquo;envergure qui vient de toucher \u00e0 sa fin place Louis Sellier \u00e0 Amiens. Apr\u00e8s presque deux ans de travaux, le si\u00e8ge historique de la Caisse primaire d\u2019assurance maladie de la Somme a \u00e9t\u00e9 inaugur\u00e9 en d\u00e9cembre dernier. Entre performance \u00e9nerg\u00e9tique record et accueil repens\u00e9, ce b\u00e2timent embl\u00e9matique des ann\u00e9es 80 entre de plain-pied dans une nouvelle \u00e8re pour le plus grand bonheur des assur\u00e9s et des collaborateurs.<\/em><\/p>\n\n\n\n<h3 class=\"wp-block-heading\">Une transformation spectaculaire au service de la plan\u00e8te<\/h3>\n\n\n\n<p>Apr\u00e8s vingt-trois mois d&rsquo;une r\u00e9habilitation profonde, les 8 500 m2 du si\u00e8ge de la CPAM ont retrouv\u00e9 leur \u00e9clat \u00e0 l&rsquo;angle du boulevard du Port et de l&rsquo;avenue Mend\u00e8s-France. Construit \u00e0 l&rsquo;origine en 1985, le b\u00e2timent a subi une v\u00e9ritable cure de jouvence pour r\u00e9pondre aux d\u00e9fis climatiques actuels. Gr\u00e2ce \u00e0 l&rsquo;utilisation de mat\u00e9riaux biosourc\u00e9s pour l&rsquo;isolation, \u00e0 l&rsquo;installation de panneaux photovolta\u00efques et \u00e0 son raccordement au r\u00e9seau de chauffage urbain, l&rsquo;\u00e9difice affiche d\u00e9sormais une am\u00e9lioration de sa performance \u00e9nerg\u00e9tique de 50 %. Cette r\u00e9novation ne se limite pas aux \u00e9conomies d&rsquo;\u00e9nergie puisqu&rsquo;elle int\u00e8gre \u00e9galement une optimisation de la qualit\u00e9 de l&rsquo;air int\u00e9rieur, faisant de ce site un mod\u00e8le de durabilit\u00e9 au c\u0153ur d&rsquo;Amiens.<\/p>\n\n\n\n<h3 class=\"wp-block-heading\">Un espace pens\u00e9 pour le bien-\u00eatre et la proximit\u00e9<\/h3>\n\n\n\n<p>Pour Marie-Gabrielle Dubreuil, la directrice de la CPAM de la Somme, cette mutation va bien au-del\u00e0 de la simple r\u00e9novation technique. La structure a \u00e9t\u00e9 totalement repens\u00e9e pour devenir plus modulaire et s&rsquo;adapter aux nouveaux usages du monde professionnel, tout en pla\u00e7ant l&rsquo;accueil des assur\u00e9s au centre du projet. Les 180 salari\u00e9s, qui avaient pris leurs quartiers temporaires \u00e0 proximit\u00e9 pendant la dur\u00e9e des travaux, r\u00e9int\u00e8grent leurs bureaux en ce mois de janvier. Ils disposent d\u00e9sormais d&rsquo;un cadre de travail moderne et performant, con\u00e7u pour favoriser une meilleure qualit\u00e9 de service au quotidien.<\/p>\n\n\n\n<h3 class=\"wp-block-heading\">Une ouverture imminente pour les assur\u00e9s ami\u00e9nois<\/h3>\n\n\n\n<p>Le public n&rsquo;aura plus longtemps \u00e0 attendre pour d\u00e9couvrir ces nouveaux am\u00e9nagements. D\u00e8s le mois de f\u00e9vrier, les plus de 200 usagers qui se pr\u00e9sentent chaque jour \u00e0 la CPAM seront accueillis dans ces locaux transform\u00e9s. Plus qu&rsquo;un simple guichet administratif, le site est d\u00e9sormais optimis\u00e9 pour accompagner les citoyens dans leurs parcours de soins, leurs d\u00e9marches sociales et leurs besoins en pr\u00e9vention. Cette inauguration marque ainsi une \u00e9tape importante pour la vie locale, offrant aux habitants de la Somme un lieu d&rsquo;accompagnement moderne, chaleureux et respectueux de son environnement.<\/p>\n","protected":false},"excerpt":{"rendered":"<p>C\u2019est un chantier d&rsquo;envergure qui vient de toucher \u00e0 sa fin place Louis Sellier \u00e0 Amiens. Apr\u00e8s presque deux ans de travaux, le si\u00e8ge historique de la Caisse primaire d\u2019assurance maladie de la Somme a \u00e9t\u00e9 inaugur\u00e9 en d\u00e9cembre dernier. Entre performance \u00e9nerg\u00e9tique record et accueil repens\u00e9, ce b\u00e2timent embl\u00e9matique des ann\u00e9es 80 entre de plain-pied dans une nouvelle \u00e8re pour le plus grand bonheur des assur\u00e9s et des collaborateurs. Une transformation spectaculaire au service de la plan\u00e8te Apr\u00e8s vingt-trois mois d&rsquo;une r\u00e9habilitation profonde, les 8 500 m2 du si\u00e8ge de la CPAM ont retrouv\u00e9 leur \u00e9clat \u00e0 l&rsquo;angle du boulevard du Port et de l&rsquo;avenue Mend\u00e8s-France. Construit \u00e0 l&rsquo;origine en 1985, le b\u00e2timent a subi une v\u00e9ritable cure de jouvence pour r\u00e9pondre aux d\u00e9fis climatiques actuels. Gr\u00e2ce \u00e0 l&rsquo;utilisation de mat\u00e9riaux biosourc\u00e9s pour l&rsquo;isolation, \u00e0 l&rsquo;installation de panneaux photovolta\u00efques et \u00e0 son raccordement au r\u00e9seau de chauffage urbain, l&rsquo;\u00e9difice affiche d\u00e9sormais une am\u00e9lioration de sa performance \u00e9nerg\u00e9tique de 50 %. Cette r\u00e9novation ne se limite pas aux \u00e9conomies d&rsquo;\u00e9nergie puisqu&rsquo;elle int\u00e8gre \u00e9galement une optimisation de la qualit\u00e9 de l&rsquo;air int\u00e9rieur, faisant de ce site un mod\u00e8le de durabilit\u00e9 au c\u0153ur d&rsquo;Amiens. Un espace pens\u00e9 pour le bien-\u00eatre et la proximit\u00e9 Pour Marie-Gabrielle Dubreuil, la directrice de la CPAM de la Somme, cette mutation va bien au-del\u00e0 de la simple r\u00e9novation technique. La structure a \u00e9t\u00e9 totalement repens\u00e9e pour devenir plus modulaire et s&rsquo;adapter aux nouveaux usages du monde professionnel, tout en pla\u00e7ant l&rsquo;accueil des assur\u00e9s au centre du projet. Les 180 salari\u00e9s, qui avaient pris leurs quartiers temporaires \u00e0 proximit\u00e9 pendant la dur\u00e9e des travaux, r\u00e9int\u00e8grent leurs bureaux en ce mois de janvier. Ils disposent d\u00e9sormais d&rsquo;un cadre de travail moderne et performant, con\u00e7u pour favoriser une meilleure qualit\u00e9 de service au quotidien. Une ouverture imminente pour les assur\u00e9s ami\u00e9nois Le public n&rsquo;aura plus longtemps \u00e0 attendre pour d\u00e9couvrir ces nouveaux am\u00e9nagements. D\u00e8s le mois de f\u00e9vrier, les plus de 200 usagers qui se pr\u00e9sentent chaque jour \u00e0 la CPAM seront accueillis dans ces locaux transform\u00e9s. Plus qu&rsquo;un simple guichet administratif, le site est d\u00e9sormais optimis\u00e9 pour accompagner les citoyens dans leurs parcours de soins, leurs d\u00e9marches sociales et leurs besoins en pr\u00e9vention. Cette inauguration marque ainsi une \u00e9tape importante pour la vie locale, offrant aux habitants de la Somme un lieu d&rsquo;accompagnement moderne, chaleureux et respectueux de son environnement.<\/p>\n","protected":false},"author":6,"featured_media":10910,"comment_status":"open","ping_status":"open","sticky":false,"template":"","format":"standard","meta":{"_lmt_disableupdate":"no","_lmt_disable":"","footnotes":""},"categories":[11,14,1],"tags":[],"class_list":["post-11408","post","type-post","status-publish","format-standard","has-post-thumbnail","hentry","category-amiens","category-articles","category-non-classe"],"yoast_head":"<!-- This site is optimized with the Yoast SEO plugin v27.5 - https:\/\/yoast.com\/product\/yoast-seo-wordpress\/ -->\n<title>Amiens : la CPAM de la Somme s&#039;offre une nouvelle vie plus verte et plus accueillante - Happyness Amiens<\/title>\n<meta name=\"robots\" content=\"index, follow, max-snippet:-1, max-image-preview:large, max-video-preview:-1\" \/>\n<link rel=\"canonical\" href=\"https:\/\/happynessradio.fr\/amiens\/articles\/amiens-la-cpam-de-la-somme-soffre-une-nouvelle-vie-plus-verte-et-plus-accueillante\/\" \/>\n<meta property=\"og:locale\" content=\"fr_FR\" \/>\n<meta property=\"og:type\" content=\"article\" \/>\n<meta property=\"og:title\" content=\"Amiens : la CPAM de la Somme s&#039;offre une nouvelle vie plus verte et plus accueillante - Happyness Amiens\" \/>\n<meta property=\"og:description\" content=\"C\u2019est un chantier d&rsquo;envergure qui vient de toucher \u00e0 sa fin place Louis Sellier \u00e0 Amiens. Apr\u00e8s presque deux ans de travaux, le si\u00e8ge historique de la Caisse primaire d\u2019assurance maladie de la Somme a \u00e9t\u00e9 inaugur\u00e9 en d\u00e9cembre dernier. Entre performance \u00e9nerg\u00e9tique record et accueil repens\u00e9, ce b\u00e2timent embl\u00e9matique des ann\u00e9es 80 entre de plain-pied dans une nouvelle \u00e8re pour le plus grand bonheur des assur\u00e9s et des collaborateurs. Une transformation spectaculaire au service de la plan\u00e8te Apr\u00e8s vingt-trois mois d&rsquo;une r\u00e9habilitation profonde, les 8 500 m2 du si\u00e8ge de la CPAM ont retrouv\u00e9 leur \u00e9clat \u00e0 l&rsquo;angle du boulevard du Port et de l&rsquo;avenue Mend\u00e8s-France. Construit \u00e0 l&rsquo;origine en 1985, le b\u00e2timent a subi une v\u00e9ritable cure de jouvence pour r\u00e9pondre aux d\u00e9fis climatiques actuels. Gr\u00e2ce \u00e0 l&rsquo;utilisation de mat\u00e9riaux biosourc\u00e9s pour l&rsquo;isolation, \u00e0 l&rsquo;installation de panneaux photovolta\u00efques et \u00e0 son raccordement au r\u00e9seau de chauffage urbain, l&rsquo;\u00e9difice affiche d\u00e9sormais une am\u00e9lioration de sa performance \u00e9nerg\u00e9tique de 50 %. Cette r\u00e9novation ne se limite pas aux \u00e9conomies d&rsquo;\u00e9nergie puisqu&rsquo;elle int\u00e8gre \u00e9galement une optimisation de la qualit\u00e9 de l&rsquo;air int\u00e9rieur, faisant de ce site un mod\u00e8le de durabilit\u00e9 au c\u0153ur d&rsquo;Amiens. Un espace pens\u00e9 pour le bien-\u00eatre et la proximit\u00e9 Pour Marie-Gabrielle Dubreuil, la directrice de la CPAM de la Somme, cette mutation va bien au-del\u00e0 de la simple r\u00e9novation technique. La structure a \u00e9t\u00e9 totalement repens\u00e9e pour devenir plus modulaire et s&rsquo;adapter aux nouveaux usages du monde professionnel, tout en pla\u00e7ant l&rsquo;accueil des assur\u00e9s au centre du projet. Les 180 salari\u00e9s, qui avaient pris leurs quartiers temporaires \u00e0 proximit\u00e9 pendant la dur\u00e9e des travaux, r\u00e9int\u00e8grent leurs bureaux en ce mois de janvier. Ils disposent d\u00e9sormais d&rsquo;un cadre de travail moderne et performant, con\u00e7u pour favoriser une meilleure qualit\u00e9 de service au quotidien. Une ouverture imminente pour les assur\u00e9s ami\u00e9nois Le public n&rsquo;aura plus longtemps \u00e0 attendre pour d\u00e9couvrir ces nouveaux am\u00e9nagements. D\u00e8s le mois de f\u00e9vrier, les plus de 200 usagers qui se pr\u00e9sentent chaque jour \u00e0 la CPAM seront accueillis dans ces locaux transform\u00e9s. Plus qu&rsquo;un simple guichet administratif, le site est d\u00e9sormais optimis\u00e9 pour accompagner les citoyens dans leurs parcours de soins, leurs d\u00e9marches sociales et leurs besoins en pr\u00e9vention. Cette inauguration marque ainsi une \u00e9tape importante pour la vie locale, offrant aux habitants de la Somme un lieu d&rsquo;accompagnement moderne, chaleureux et respectueux de son environnement.\" \/>\n<meta property=\"og:url\" content=\"https:\/\/happynessradio.fr\/amiens\/articles\/amiens-la-cpam-de-la-somme-soffre-une-nouvelle-vie-plus-verte-et-plus-accueillante\/\" \/>\n<meta property=\"og:site_name\" content=\"Happyness Amiens\" \/>\n<meta property=\"article:published_time\" content=\"2026-01-30T19:20:15+00:00\" \/>\n<meta property=\"article:modified_time\" content=\"2026-01-30T19:21:27+00:00\" \/>\n<meta property=\"og:image\" content=\"https:\/\/happynessradio.fr\/amiens\/wp-content\/uploads\/sites\/3\/2025\/12\/Visuel-Aucun.webp\" \/>\n\t<meta property=\"og:image:width\" content=\"1084\" \/>\n\t<meta property=\"og:image:height\" content=\"487\" \/>\n\t<meta property=\"og:image:type\" content=\"image\/webp\" \/>\n<meta name=\"author\" content=\"Lo\u00efc Dun\" \/>\n<meta name=\"twitter:card\" content=\"summary_large_image\" \/>\n<meta name=\"twitter:label1\" content=\"\u00c9crit par\" \/>\n\t<meta name=\"twitter:data1\" content=\"Lo\u00efc Dun\" \/>\n\t<meta name=\"twitter:label2\" content=\"Dur\u00e9e de lecture estim\u00e9e\" \/>\n\t<meta name=\"twitter:data2\" content=\"3 minutes\" \/>\n<script type=\"application\/ld+json\" class=\"yoast-schema-graph\">{\"@context\":\"https:\\\/\\\/schema.org\",\"@graph\":[{\"@type\":\"Article\",\"@id\":\"https:\\\/\\\/happynessradio.fr\\\/amiens\\\/articles\\\/amiens-la-cpam-de-la-somme-soffre-une-nouvelle-vie-plus-verte-et-plus-accueillante\\\/#article\",\"isPartOf\":{\"@id\":\"https:\\\/\\\/happynessradio.fr\\\/amiens\\\/articles\\\/amiens-la-cpam-de-la-somme-soffre-une-nouvelle-vie-plus-verte-et-plus-accueillante\\\/\"},\"author\":{\"name\":\"Lo\u00efc Dun\",\"@id\":\"https:\\\/\\\/happynessradio.fr\\\/amiens\\\/#\\\/schema\\\/person\\\/735f1a1ba15f9478beb4249ad52f7252\"},\"headline\":\"Amiens : la CPAM de la Somme s&rsquo;offre une nouvelle vie plus verte et plus accueillante\",\"datePublished\":\"2026-01-30T19:20:15+00:00\",\"dateModified\":\"2026-01-30T19:21:27+00:00\",\"mainEntityOfPage\":{\"@id\":\"https:\\\/\\\/happynessradio.fr\\\/amiens\\\/articles\\\/amiens-la-cpam-de-la-somme-soffre-une-nouvelle-vie-plus-verte-et-plus-accueillante\\\/\"},\"wordCount\":462,\"commentCount\":0,\"image\":{\"@id\":\"https:\\\/\\\/happynessradio.fr\\\/amiens\\\/articles\\\/amiens-la-cpam-de-la-somme-soffre-une-nouvelle-vie-plus-verte-et-plus-accueillante\\\/#primaryimage\"},\"thumbnailUrl\":\"https:\\\/\\\/happynessradio.fr\\\/amiens\\\/wp-content\\\/uploads\\\/sites\\\/3\\\/2025\\\/12\\\/Visuel-Aucun.webp\",\"articleSection\":[\"Amiens\",\"articles\"],\"inLanguage\":\"fr-FR\",\"potentialAction\":[{\"@type\":\"CommentAction\",\"name\":\"Comment\",\"target\":[\"https:\\\/\\\/happynessradio.fr\\\/amiens\\\/articles\\\/amiens-la-cpam-de-la-somme-soffre-une-nouvelle-vie-plus-verte-et-plus-accueillante\\\/#respond\"]}]},{\"@type\":\"WebPage\",\"@id\":\"https:\\\/\\\/happynessradio.fr\\\/amiens\\\/articles\\\/amiens-la-cpam-de-la-somme-soffre-une-nouvelle-vie-plus-verte-et-plus-accueillante\\\/\",\"url\":\"https:\\\/\\\/happynessradio.fr\\\/amiens\\\/articles\\\/amiens-la-cpam-de-la-somme-soffre-une-nouvelle-vie-plus-verte-et-plus-accueillante\\\/\",\"name\":\"Amiens : la CPAM de la Somme s'offre une nouvelle vie plus verte et plus accueillante - Happyness Amiens\",\"isPartOf\":{\"@id\":\"https:\\\/\\\/happynessradio.fr\\\/amiens\\\/#website\"},\"primaryImageOfPage\":{\"@id\":\"https:\\\/\\\/happynessradio.fr\\\/amiens\\\/articles\\\/amiens-la-cpam-de-la-somme-soffre-une-nouvelle-vie-plus-verte-et-plus-accueillante\\\/#primaryimage\"},\"image\":{\"@id\":\"https:\\\/\\\/happynessradio.fr\\\/amiens\\\/articles\\\/amiens-la-cpam-de-la-somme-soffre-une-nouvelle-vie-plus-verte-et-plus-accueillante\\\/#primaryimage\"},\"thumbnailUrl\":\"https:\\\/\\\/happynessradio.fr\\\/amiens\\\/wp-content\\\/uploads\\\/sites\\\/3\\\/2025\\\/12\\\/Visuel-Aucun.webp\",\"datePublished\":\"2026-01-30T19:20:15+00:00\",\"dateModified\":\"2026-01-30T19:21:27+00:00\",\"author\":{\"@id\":\"https:\\\/\\\/happynessradio.fr\\\/amiens\\\/#\\\/schema\\\/person\\\/735f1a1ba15f9478beb4249ad52f7252\"},\"breadcrumb\":{\"@id\":\"https:\\\/\\\/happynessradio.fr\\\/amiens\\\/articles\\\/amiens-la-cpam-de-la-somme-soffre-une-nouvelle-vie-plus-verte-et-plus-accueillante\\\/#breadcrumb\"},\"inLanguage\":\"fr-FR\",\"potentialAction\":[{\"@type\":\"ReadAction\",\"target\":[\"https:\\\/\\\/happynessradio.fr\\\/amiens\\\/articles\\\/amiens-la-cpam-de-la-somme-soffre-une-nouvelle-vie-plus-verte-et-plus-accueillante\\\/\"]}]},{\"@type\":\"ImageObject\",\"inLanguage\":\"fr-FR\",\"@id\":\"https:\\\/\\\/happynessradio.fr\\\/amiens\\\/articles\\\/amiens-la-cpam-de-la-somme-soffre-une-nouvelle-vie-plus-verte-et-plus-accueillante\\\/#primaryimage\",\"url\":\"https:\\\/\\\/happynessradio.fr\\\/amiens\\\/wp-content\\\/uploads\\\/sites\\\/3\\\/2025\\\/12\\\/Visuel-Aucun.webp\",\"contentUrl\":\"https:\\\/\\\/happynessradio.fr\\\/amiens\\\/wp-content\\\/uploads\\\/sites\\\/3\\\/2025\\\/12\\\/Visuel-Aucun.webp\",\"width\":1084,\"height\":487},{\"@type\":\"BreadcrumbList\",\"@id\":\"https:\\\/\\\/happynessradio.fr\\\/amiens\\\/articles\\\/amiens-la-cpam-de-la-somme-soffre-une-nouvelle-vie-plus-verte-et-plus-accueillante\\\/#breadcrumb\",\"itemListElement\":[{\"@type\":\"ListItem\",\"position\":1,\"name\":\"Accueil\",\"item\":\"https:\\\/\\\/happynessradio.fr\\\/amiens\\\/\"},{\"@type\":\"ListItem\",\"position\":2,\"name\":\"Amiens : la CPAM de la Somme s&rsquo;offre une nouvelle vie plus verte et plus accueillante\"}]},{\"@type\":\"WebSite\",\"@id\":\"https:\\\/\\\/happynessradio.fr\\\/amiens\\\/#website\",\"url\":\"https:\\\/\\\/happynessradio.fr\\\/amiens\\\/\",\"name\":\"Happyness Amiens\",\"description\":\"Toujours au plus proche de vous\",\"potentialAction\":[{\"@type\":\"SearchAction\",\"target\":{\"@type\":\"EntryPoint\",\"urlTemplate\":\"https:\\\/\\\/happynessradio.fr\\\/amiens\\\/?s={search_term_string}\"},\"query-input\":{\"@type\":\"PropertyValueSpecification\",\"valueRequired\":true,\"valueName\":\"search_term_string\"}}],\"inLanguage\":\"fr-FR\"},{\"@type\":\"Person\",\"@id\":\"https:\\\/\\\/happynessradio.fr\\\/amiens\\\/#\\\/schema\\\/person\\\/735f1a1ba15f9478beb4249ad52f7252\",\"name\":\"Lo\u00efc Dun\",\"image\":{\"@type\":\"ImageObject\",\"inLanguage\":\"fr-FR\",\"@id\":\"https:\\\/\\\/happynessradio.fr\\\/amiens\\\/wp-content\\\/uploads\\\/sites\\\/3\\\/2025\\\/12\\\/cropped-Portrait-Loic-25-26-96x96.webp\",\"url\":\"https:\\\/\\\/happynessradio.fr\\\/amiens\\\/wp-content\\\/uploads\\\/sites\\\/3\\\/2025\\\/12\\\/cropped-Portrait-Loic-25-26-96x96.webp\",\"contentUrl\":\"https:\\\/\\\/happynessradio.fr\\\/amiens\\\/wp-content\\\/uploads\\\/sites\\\/3\\\/2025\\\/12\\\/cropped-Portrait-Loic-25-26-96x96.webp\",\"caption\":\"Lo\u00efc Dun\"},\"description\":\"R\u00e9dacteur web Happyness. Co-animateur (chroniqueur) Quoi d'neuf ? Amiens Chroniqueur Le R\u00e9veil Happyness\",\"sameAs\":[\"https:\\\/\\\/www.instagram.com\\\/lolo80radio\\\/\",\"https:\\\/\\\/www.linkedin.com\\\/in\\\/loc-d-365960164\\\/\"],\"url\":\"https:\\\/\\\/happynessradio.fr\\\/amiens\\\/articles\\\/author\\\/loicdun\\\/\"}]}<\/script>\n<!-- \/ Yoast SEO plugin. -->","yoast_head_json":{"title":"Amiens : la CPAM de la Somme s'offre une nouvelle vie plus verte et plus accueillante - Happyness Amiens","robots":{"index":"index","follow":"follow","max-snippet":"max-snippet:-1","max-image-preview":"max-image-preview:large","max-video-preview":"max-video-preview:-1"},"canonical":"https:\/\/happynessradio.fr\/amiens\/articles\/amiens-la-cpam-de-la-somme-soffre-une-nouvelle-vie-plus-verte-et-plus-accueillante\/","og_locale":"fr_FR","og_type":"article","og_title":"Amiens : la CPAM de la Somme s'offre une nouvelle vie plus verte et plus accueillante - Happyness Amiens","og_description":"C\u2019est un chantier d&rsquo;envergure qui vient de toucher \u00e0 sa fin place Louis Sellier \u00e0 Amiens. Apr\u00e8s presque deux ans de travaux, le si\u00e8ge historique de la Caisse primaire d\u2019assurance maladie de la Somme a \u00e9t\u00e9 inaugur\u00e9 en d\u00e9cembre dernier. Entre performance \u00e9nerg\u00e9tique record et accueil repens\u00e9, ce b\u00e2timent embl\u00e9matique des ann\u00e9es 80 entre de plain-pied dans une nouvelle \u00e8re pour le plus grand bonheur des assur\u00e9s et des collaborateurs. Une transformation spectaculaire au service de la plan\u00e8te Apr\u00e8s vingt-trois mois d&rsquo;une r\u00e9habilitation profonde, les 8 500 m2 du si\u00e8ge de la CPAM ont retrouv\u00e9 leur \u00e9clat \u00e0 l&rsquo;angle du boulevard du Port et de l&rsquo;avenue Mend\u00e8s-France. Construit \u00e0 l&rsquo;origine en 1985, le b\u00e2timent a subi une v\u00e9ritable cure de jouvence pour r\u00e9pondre aux d\u00e9fis climatiques actuels. Gr\u00e2ce \u00e0 l&rsquo;utilisation de mat\u00e9riaux biosourc\u00e9s pour l&rsquo;isolation, \u00e0 l&rsquo;installation de panneaux photovolta\u00efques et \u00e0 son raccordement au r\u00e9seau de chauffage urbain, l&rsquo;\u00e9difice affiche d\u00e9sormais une am\u00e9lioration de sa performance \u00e9nerg\u00e9tique de 50 %. Cette r\u00e9novation ne se limite pas aux \u00e9conomies d&rsquo;\u00e9nergie puisqu&rsquo;elle int\u00e8gre \u00e9galement une optimisation de la qualit\u00e9 de l&rsquo;air int\u00e9rieur, faisant de ce site un mod\u00e8le de durabilit\u00e9 au c\u0153ur d&rsquo;Amiens. Un espace pens\u00e9 pour le bien-\u00eatre et la proximit\u00e9 Pour Marie-Gabrielle Dubreuil, la directrice de la CPAM de la Somme, cette mutation va bien au-del\u00e0 de la simple r\u00e9novation technique. La structure a \u00e9t\u00e9 totalement repens\u00e9e pour devenir plus modulaire et s&rsquo;adapter aux nouveaux usages du monde professionnel, tout en pla\u00e7ant l&rsquo;accueil des assur\u00e9s au centre du projet. Les 180 salari\u00e9s, qui avaient pris leurs quartiers temporaires \u00e0 proximit\u00e9 pendant la dur\u00e9e des travaux, r\u00e9int\u00e8grent leurs bureaux en ce mois de janvier. Ils disposent d\u00e9sormais d&rsquo;un cadre de travail moderne et performant, con\u00e7u pour favoriser une meilleure qualit\u00e9 de service au quotidien. Une ouverture imminente pour les assur\u00e9s ami\u00e9nois Le public n&rsquo;aura plus longtemps \u00e0 attendre pour d\u00e9couvrir ces nouveaux am\u00e9nagements. D\u00e8s le mois de f\u00e9vrier, les plus de 200 usagers qui se pr\u00e9sentent chaque jour \u00e0 la CPAM seront accueillis dans ces locaux transform\u00e9s. Plus qu&rsquo;un simple guichet administratif, le site est d\u00e9sormais optimis\u00e9 pour accompagner les citoyens dans leurs parcours de soins, leurs d\u00e9marches sociales et leurs besoins en pr\u00e9vention. Cette inauguration marque ainsi une \u00e9tape importante pour la vie locale, offrant aux habitants de la Somme un lieu d&rsquo;accompagnement moderne, chaleureux et respectueux de son environnement.","og_url":"https:\/\/happynessradio.fr\/amiens\/articles\/amiens-la-cpam-de-la-somme-soffre-une-nouvelle-vie-plus-verte-et-plus-accueillante\/","og_site_name":"Happyness Amiens","article_published_time":"2026-01-30T19:20:15+00:00","article_modified_time":"2026-01-30T19:21:27+00:00","og_image":[{"width":1084,"height":487,"url":"https:\/\/happynessradio.fr\/amiens\/wp-content\/uploads\/sites\/3\/2025\/12\/Visuel-Aucun.webp","type":"image\/webp"}],"author":"Lo\u00efc Dun","twitter_card":"summary_large_image","twitter_misc":{"\u00c9crit par":"Lo\u00efc Dun","Dur\u00e9e de lecture estim\u00e9e":"3 minutes"},"schema":{"@context":"https:\/\/schema.org","@graph":[{"@type":"Article","@id":"https:\/\/happynessradio.fr\/amiens\/articles\/amiens-la-cpam-de-la-somme-soffre-une-nouvelle-vie-plus-verte-et-plus-accueillante\/#article","isPartOf":{"@id":"https:\/\/happynessradio.fr\/amiens\/articles\/amiens-la-cpam-de-la-somme-soffre-une-nouvelle-vie-plus-verte-et-plus-accueillante\/"},"author":{"name":"Lo\u00efc Dun","@id":"https:\/\/happynessradio.fr\/amiens\/#\/schema\/person\/735f1a1ba15f9478beb4249ad52f7252"},"headline":"Amiens : la CPAM de la Somme s&rsquo;offre une nouvelle vie plus verte et plus accueillante","datePublished":"2026-01-30T19:20:15+00:00","dateModified":"2026-01-30T19:21:27+00:00","mainEntityOfPage":{"@id":"https:\/\/happynessradio.fr\/amiens\/articles\/amiens-la-cpam-de-la-somme-soffre-une-nouvelle-vie-plus-verte-et-plus-accueillante\/"},"wordCount":462,"commentCount":0,"image":{"@id":"https:\/\/happynessradio.fr\/amiens\/articles\/amiens-la-cpam-de-la-somme-soffre-une-nouvelle-vie-plus-verte-et-plus-accueillante\/#primaryimage"},"thumbnailUrl":"https:\/\/happynessradio.fr\/amiens\/wp-content\/uploads\/sites\/3\/2025\/12\/Visuel-Aucun.webp","articleSection":["Amiens","articles"],"inLanguage":"fr-FR","potentialAction":[{"@type":"CommentAction","name":"Comment","target":["https:\/\/happynessradio.fr\/amiens\/articles\/amiens-la-cpam-de-la-somme-soffre-une-nouvelle-vie-plus-verte-et-plus-accueillante\/#respond"]}]},{"@type":"WebPage","@id":"https:\/\/happynessradio.fr\/amiens\/articles\/amiens-la-cpam-de-la-somme-soffre-une-nouvelle-vie-plus-verte-et-plus-accueillante\/","url":"https:\/\/happynessradio.fr\/amiens\/articles\/amiens-la-cpam-de-la-somme-soffre-une-nouvelle-vie-plus-verte-et-plus-accueillante\/","name":"Amiens : la CPAM de la Somme s'offre une nouvelle vie plus verte et plus accueillante - Happyness Amiens","isPartOf":{"@id":"https:\/\/happynessradio.fr\/amiens\/#website"},"primaryImageOfPage":{"@id":"https:\/\/happynessradio.fr\/amiens\/articles\/amiens-la-cpam-de-la-somme-soffre-une-nouvelle-vie-plus-verte-et-plus-accueillante\/#primaryimage"},"image":{"@id":"https:\/\/happynessradio.fr\/amiens\/articles\/amiens-la-cpam-de-la-somme-soffre-une-nouvelle-vie-plus-verte-et-plus-accueillante\/#primaryimage"},"thumbnailUrl":"https:\/\/happynessradio.fr\/amiens\/wp-content\/uploads\/sites\/3\/2025\/12\/Visuel-Aucun.webp","datePublished":"2026-01-30T19:20:15+00:00","dateModified":"2026-01-30T19:21:27+00:00","author":{"@id":"https:\/\/happynessradio.fr\/amiens\/#\/schema\/person\/735f1a1ba15f9478beb4249ad52f7252"},"breadcrumb":{"@id":"https:\/\/happynessradio.fr\/amiens\/articles\/amiens-la-cpam-de-la-somme-soffre-une-nouvelle-vie-plus-verte-et-plus-accueillante\/#breadcrumb"},"inLanguage":"fr-FR","potentialAction":[{"@type":"ReadAction","target":["https:\/\/happynessradio.fr\/amiens\/articles\/amiens-la-cpam-de-la-somme-soffre-une-nouvelle-vie-plus-verte-et-plus-accueillante\/"]}]},{"@type":"ImageObject","inLanguage":"fr-FR","@id":"https:\/\/happynessradio.fr\/amiens\/articles\/amiens-la-cpam-de-la-somme-soffre-une-nouvelle-vie-plus-verte-et-plus-accueillante\/#primaryimage","url":"https:\/\/happynessradio.fr\/amiens\/wp-content\/uploads\/sites\/3\/2025\/12\/Visuel-Aucun.webp","contentUrl":"https:\/\/happynessradio.fr\/amiens\/wp-content\/uploads\/sites\/3\/2025\/12\/Visuel-Aucun.webp","width":1084,"height":487},{"@type":"BreadcrumbList","@id":"https:\/\/happynessradio.fr\/amiens\/articles\/amiens-la-cpam-de-la-somme-soffre-une-nouvelle-vie-plus-verte-et-plus-accueillante\/#breadcrumb","itemListElement":[{"@type":"ListItem","position":1,"name":"Accueil","item":"https:\/\/happynessradio.fr\/amiens\/"},{"@type":"ListItem","position":2,"name":"Amiens : la CPAM de la Somme s&rsquo;offre une nouvelle vie plus verte et plus accueillante"}]},{"@type":"WebSite","@id":"https:\/\/happynessradio.fr\/amiens\/#website","url":"https:\/\/happynessradio.fr\/amiens\/","name":"Happyness Amiens","description":"Toujours au plus proche de vous","potentialAction":[{"@type":"SearchAction","target":{"@type":"EntryPoint","urlTemplate":"https:\/\/happynessradio.fr\/amiens\/?s={search_term_string}"},"query-input":{"@type":"PropertyValueSpecification","valueRequired":true,"valueName":"search_term_string"}}],"inLanguage":"fr-FR"},{"@type":"Person","@id":"https:\/\/happynessradio.fr\/amiens\/#\/schema\/person\/735f1a1ba15f9478beb4249ad52f7252","name":"Lo\u00efc Dun","image":{"@type":"ImageObject","inLanguage":"fr-FR","@id":"https:\/\/happynessradio.fr\/amiens\/wp-content\/uploads\/sites\/3\/2025\/12\/cropped-Portrait-Loic-25-26-96x96.webp","url":"https:\/\/happynessradio.fr\/amiens\/wp-content\/uploads\/sites\/3\/2025\/12\/cropped-Portrait-Loic-25-26-96x96.webp","contentUrl":"https:\/\/happynessradio.fr\/amiens\/wp-content\/uploads\/sites\/3\/2025\/12\/cropped-Portrait-Loic-25-26-96x96.webp","caption":"Lo\u00efc Dun"},"description":"R\u00e9dacteur web Happyness. Co-animateur (chroniqueur) Quoi d'neuf ? Amiens Chroniqueur Le R\u00e9veil Happyness","sameAs":["https:\/\/www.instagram.com\/lolo80radio\/","https:\/\/www.linkedin.com\/in\/loc-d-365960164\/"],"url":"https:\/\/happynessradio.fr\/amiens\/articles\/author\/loicdun\/"}]}},"modified_by":"Lo\u00efc Dun","_links":{"self":[{"href":"https:\/\/happynessradio.fr\/amiens\/wp-json\/wp\/v2\/posts\/11408","targetHints":{"allow":["GET"]}}],"collection":[{"href":"https:\/\/happynessradio.fr\/amiens\/wp-json\/wp\/v2\/posts"}],"about":[{"href":"https:\/\/happynessradio.fr\/amiens\/wp-json\/wp\/v2\/types\/post"}],"author":[{"embeddable":true,"href":"https:\/\/happynessradio.fr\/amiens\/wp-json\/wp\/v2\/users\/6"}],"replies":[{"embeddable":true,"href":"https:\/\/happynessradio.fr\/amiens\/wp-json\/wp\/v2\/comments?post=11408"}],"version-history":[{"count":1,"href":"https:\/\/happynessradio.fr\/amiens\/wp-json\/wp\/v2\/posts\/11408\/revisions"}],"predecessor-version":[{"id":11409,"href":"https:\/\/happynessradio.fr\/amiens\/wp-json\/wp\/v2\/posts\/11408\/revisions\/11409"}],"wp:featuredmedia":[{"embeddable":true,"href":"https:\/\/happynessradio.fr\/amiens\/wp-json\/wp\/v2\/media\/10910"}],"wp:attachment":[{"href":"https:\/\/happynessradio.fr\/amiens\/wp-json\/wp\/v2\/media?parent=11408"}],"wp:term":[{"taxonomy":"category","embeddable":true,"href":"https:\/\/happynessradio.fr\/amiens\/wp-json\/wp\/v2\/categories?post=11408"},{"taxonomy":"post_tag","embeddable":true,"href":"https:\/\/happynessradio.fr\/amiens\/wp-json\/wp\/v2\/tags?post=11408"}],"curies":[{"name":"wp","href":"https:\/\/api.w.org\/{rel}","templated":true}]}}