{"id":11766,"date":"2026-02-01T19:29:43","date_gmt":"2026-02-01T18:29:43","guid":{"rendered":"https:\/\/happynessradio.fr\/amiens\/?p=11766"},"modified":"2026-02-01T19:29:44","modified_gmt":"2026-02-01T18:29:44","slug":"meteo-a-quoi-sattendre-cette-semaine-a-amiens-et-dans-les-communes-environnantes","status":"publish","type":"post","link":"https:\/\/happynessradio.fr\/amiens\/articles\/meteo-a-quoi-sattendre-cette-semaine-a-amiens-et-dans-les-communes-environnantes\/","title":{"rendered":"M\u00e9t\u00e9o : \u00e0 quoi s&rsquo;attendre cette semaine \u00e0 Amiens et dans les communes environnantes ?"},"content":{"rendered":"\n<p><em>Le ciel des Hauts-de-France ne semble pas encore pr\u00eat \u00e0 nous offrir un printemps pr\u00e9coce. Pour cette nouvelle semaine, les pr\u00e9visions de notre m\u00e9t\u00e9orologue indiquent un temps typiquement oc\u00e9anique sur Amiens et ses communes environnantes. De Salou\u00ebl \u00e0 Longueau, en passant par Rivery et Saveuse, il faudra composer avec une alternance de grisaille et de passages pluvieux.<\/em><\/p>\n\n\n\n<h3 class=\"wp-block-heading\">Une entr\u00e9e en mati\u00e8re grise et humide pour le bassin ami\u00e9nois<\/h3>\n\n\n\n<p>La semaine d\u00e9bute ce <strong>lundi<\/strong> sous une chape de plomb. \u00c0 Amiens et dans les localit\u00e9s voisines comme Salou\u00ebl ou Saveuse, le ciel restera totalement couvert toute la journ\u00e9e, avec un thermom\u00e8tre qui plafonne \u00e0 <strong>9\u00b0C<\/strong>. Cette ambiance morose se confirmera d\u00e8s <strong>mardi<\/strong>, o\u00f9 la pluie s&rsquo;invitera durablement sur notre secteur. Les trajets entre Longueau et Rivery se feront sous les essuie-glaces, avec une temp\u00e9rature qui restera bloqu\u00e9e \u00e0 <strong>9\u00b0C<\/strong>.<\/p>\n\n\n\n<h3 class=\"wp-block-heading\">Mercredi : la seule v\u00e9ritable \u00e9claircie de la semaine<\/h3>\n\n\n\n<p>Pour ceux qui attendent une pause dans la grisaille, c\u2019est vers la journ\u00e9e de <strong>mercredi<\/strong> qu\u2019il faudra se tourner. Notre m\u00e9t\u00e9orologue pr\u00e9voit une l\u00e9g\u00e8re remont\u00e9e des temp\u00e9ratures avec <strong>10\u00b0C<\/strong> au meilleur de l&rsquo;apr\u00e8s-midi. Le ciel sera plus changeant, laissant passer des nuages par intermittence, ce qui permettra d&rsquo;apercevoir enfin quelques rayons de soleil. Malheureusement, ce r\u00e9pit sera de courte dur\u00e9e : d\u00e8s <strong>jeudi<\/strong>, le ciel redeviendra extr\u00eamement nuageux, plongeant \u00e0 nouveau Amiens et ses communes environnantes dans une ambiance tr\u00e8s sombre avec <strong>9\u00b0C<\/strong>. Pour  la fin de semaine, en l&rsquo;occurrence, <strong>vendredi<\/strong> marquera le retour d&rsquo;une perturbation pluvieuse active.<\/p>\n","protected":false},"excerpt":{"rendered":"<p>Le ciel des Hauts-de-France ne semble pas encore pr\u00eat \u00e0 nous offrir un printemps pr\u00e9coce. Pour cette nouvelle semaine, les pr\u00e9visions de notre m\u00e9t\u00e9orologue indiquent un temps typiquement oc\u00e9anique sur Amiens et ses communes environnantes. De Salou\u00ebl \u00e0 Longueau, en passant par Rivery et Saveuse, il faudra composer avec une alternance de grisaille et de passages pluvieux. Une entr\u00e9e en mati\u00e8re grise et humide pour le bassin ami\u00e9nois La semaine d\u00e9bute ce lundi sous une chape de plomb. \u00c0 Amiens et dans les localit\u00e9s voisines comme Salou\u00ebl ou Saveuse, le ciel restera totalement couvert toute la journ\u00e9e, avec un thermom\u00e8tre qui plafonne \u00e0 9\u00b0C. Cette ambiance morose se confirmera d\u00e8s mardi, o\u00f9 la pluie s&rsquo;invitera durablement sur notre secteur. Les trajets entre Longueau et Rivery se feront sous les essuie-glaces, avec une temp\u00e9rature qui restera bloqu\u00e9e \u00e0 9\u00b0C. Mercredi : la seule v\u00e9ritable \u00e9claircie de la semaine Pour ceux qui attendent une pause dans la grisaille, c\u2019est vers la journ\u00e9e de mercredi qu\u2019il faudra se tourner. Notre m\u00e9t\u00e9orologue pr\u00e9voit une l\u00e9g\u00e8re remont\u00e9e des temp\u00e9ratures avec 10\u00b0C au meilleur de l&rsquo;apr\u00e8s-midi. Le ciel sera plus changeant, laissant passer des nuages par intermittence, ce qui permettra d&rsquo;apercevoir enfin quelques rayons de soleil. Malheureusement, ce r\u00e9pit sera de courte dur\u00e9e : d\u00e8s jeudi, le ciel redeviendra extr\u00eamement nuageux, plongeant \u00e0 nouveau Amiens et ses communes environnantes dans une ambiance tr\u00e8s sombre avec 9\u00b0C. Pour la fin de semaine, en l&rsquo;occurrence, vendredi marquera le retour d&rsquo;une perturbation pluvieuse active.<\/p>\n","protected":false},"author":6,"featured_media":10910,"comment_status":"open","ping_status":"open","sticky":false,"template":"","format":"standard","meta":{"_lmt_disableupdate":"","_lmt_disable":"","footnotes":""},"categories":[1],"tags":[],"class_list":["post-11766","post","type-post","status-publish","format-standard","has-post-thumbnail","hentry","category-non-classe"],"yoast_head":"<!-- This site is optimized with the Yoast SEO plugin v27.5 - https:\/\/yoast.com\/product\/yoast-seo-wordpress\/ -->\n<title>M\u00e9t\u00e9o : \u00e0 quoi s&#039;attendre cette semaine \u00e0 Amiens et dans les communes environnantes ? - Happyness Amiens<\/title>\n<meta name=\"robots\" content=\"index, follow, max-snippet:-1, max-image-preview:large, max-video-preview:-1\" \/>\n<link rel=\"canonical\" href=\"https:\/\/happynessradio.fr\/amiens\/articles\/meteo-a-quoi-sattendre-cette-semaine-a-amiens-et-dans-les-communes-environnantes\/\" \/>\n<meta property=\"og:locale\" content=\"fr_FR\" \/>\n<meta property=\"og:type\" content=\"article\" \/>\n<meta property=\"og:title\" content=\"M\u00e9t\u00e9o : \u00e0 quoi s&#039;attendre cette semaine \u00e0 Amiens et dans les communes environnantes ? - Happyness Amiens\" \/>\n<meta property=\"og:description\" content=\"Le ciel des Hauts-de-France ne semble pas encore pr\u00eat \u00e0 nous offrir un printemps pr\u00e9coce. Pour cette nouvelle semaine, les pr\u00e9visions de notre m\u00e9t\u00e9orologue indiquent un temps typiquement oc\u00e9anique sur Amiens et ses communes environnantes. De Salou\u00ebl \u00e0 Longueau, en passant par Rivery et Saveuse, il faudra composer avec une alternance de grisaille et de passages pluvieux. Une entr\u00e9e en mati\u00e8re grise et humide pour le bassin ami\u00e9nois La semaine d\u00e9bute ce lundi sous une chape de plomb. \u00c0 Amiens et dans les localit\u00e9s voisines comme Salou\u00ebl ou Saveuse, le ciel restera totalement couvert toute la journ\u00e9e, avec un thermom\u00e8tre qui plafonne \u00e0 9\u00b0C. Cette ambiance morose se confirmera d\u00e8s mardi, o\u00f9 la pluie s&rsquo;invitera durablement sur notre secteur. Les trajets entre Longueau et Rivery se feront sous les essuie-glaces, avec une temp\u00e9rature qui restera bloqu\u00e9e \u00e0 9\u00b0C. Mercredi : la seule v\u00e9ritable \u00e9claircie de la semaine Pour ceux qui attendent une pause dans la grisaille, c\u2019est vers la journ\u00e9e de mercredi qu\u2019il faudra se tourner. Notre m\u00e9t\u00e9orologue pr\u00e9voit une l\u00e9g\u00e8re remont\u00e9e des temp\u00e9ratures avec 10\u00b0C au meilleur de l&rsquo;apr\u00e8s-midi. Le ciel sera plus changeant, laissant passer des nuages par intermittence, ce qui permettra d&rsquo;apercevoir enfin quelques rayons de soleil. Malheureusement, ce r\u00e9pit sera de courte dur\u00e9e : d\u00e8s jeudi, le ciel redeviendra extr\u00eamement nuageux, plongeant \u00e0 nouveau Amiens et ses communes environnantes dans une ambiance tr\u00e8s sombre avec 9\u00b0C. Pour la fin de semaine, en l&rsquo;occurrence, vendredi marquera le retour d&rsquo;une perturbation pluvieuse active.\" \/>\n<meta property=\"og:url\" content=\"https:\/\/happynessradio.fr\/amiens\/articles\/meteo-a-quoi-sattendre-cette-semaine-a-amiens-et-dans-les-communes-environnantes\/\" \/>\n<meta property=\"og:site_name\" content=\"Happyness Amiens\" \/>\n<meta property=\"article:published_time\" content=\"2026-02-01T18:29:43+00:00\" \/>\n<meta property=\"article:modified_time\" content=\"2026-02-01T18:29:44+00:00\" \/>\n<meta property=\"og:image\" content=\"https:\/\/happynessradio.fr\/amiens\/wp-content\/uploads\/sites\/3\/2025\/12\/Visuel-Aucun.webp\" \/>\n\t<meta property=\"og:image:width\" content=\"1084\" \/>\n\t<meta property=\"og:image:height\" content=\"487\" \/>\n\t<meta property=\"og:image:type\" content=\"image\/webp\" \/>\n<meta name=\"author\" content=\"Lo\u00efc Dun\" \/>\n<meta name=\"twitter:card\" content=\"summary_large_image\" \/>\n<meta name=\"twitter:label1\" content=\"\u00c9crit par\" \/>\n\t<meta name=\"twitter:data1\" content=\"Lo\u00efc Dun\" \/>\n\t<meta name=\"twitter:label2\" content=\"Dur\u00e9e de lecture estim\u00e9e\" \/>\n\t<meta name=\"twitter:data2\" content=\"2 minutes\" \/>\n<script type=\"application\/ld+json\" class=\"yoast-schema-graph\">{\"@context\":\"https:\\\/\\\/schema.org\",\"@graph\":[{\"@type\":\"Article\",\"@id\":\"https:\\\/\\\/happynessradio.fr\\\/amiens\\\/articles\\\/meteo-a-quoi-sattendre-cette-semaine-a-amiens-et-dans-les-communes-environnantes\\\/#article\",\"isPartOf\":{\"@id\":\"https:\\\/\\\/happynessradio.fr\\\/amiens\\\/articles\\\/meteo-a-quoi-sattendre-cette-semaine-a-amiens-et-dans-les-communes-environnantes\\\/\"},\"author\":{\"name\":\"Lo\u00efc Dun\",\"@id\":\"https:\\\/\\\/happynessradio.fr\\\/amiens\\\/#\\\/schema\\\/person\\\/735f1a1ba15f9478beb4249ad52f7252\"},\"headline\":\"M\u00e9t\u00e9o : \u00e0 quoi s&rsquo;attendre cette semaine \u00e0 Amiens et dans les communes environnantes ?\",\"datePublished\":\"2026-02-01T18:29:43+00:00\",\"dateModified\":\"2026-02-01T18:29:44+00:00\",\"mainEntityOfPage\":{\"@id\":\"https:\\\/\\\/happynessradio.fr\\\/amiens\\\/articles\\\/meteo-a-quoi-sattendre-cette-semaine-a-amiens-et-dans-les-communes-environnantes\\\/\"},\"wordCount\":291,\"commentCount\":0,\"image\":{\"@id\":\"https:\\\/\\\/happynessradio.fr\\\/amiens\\\/articles\\\/meteo-a-quoi-sattendre-cette-semaine-a-amiens-et-dans-les-communes-environnantes\\\/#primaryimage\"},\"thumbnailUrl\":\"https:\\\/\\\/happynessradio.fr\\\/amiens\\\/wp-content\\\/uploads\\\/sites\\\/3\\\/2025\\\/12\\\/Visuel-Aucun.webp\",\"inLanguage\":\"fr-FR\",\"potentialAction\":[{\"@type\":\"CommentAction\",\"name\":\"Comment\",\"target\":[\"https:\\\/\\\/happynessradio.fr\\\/amiens\\\/articles\\\/meteo-a-quoi-sattendre-cette-semaine-a-amiens-et-dans-les-communes-environnantes\\\/#respond\"]}]},{\"@type\":\"WebPage\",\"@id\":\"https:\\\/\\\/happynessradio.fr\\\/amiens\\\/articles\\\/meteo-a-quoi-sattendre-cette-semaine-a-amiens-et-dans-les-communes-environnantes\\\/\",\"url\":\"https:\\\/\\\/happynessradio.fr\\\/amiens\\\/articles\\\/meteo-a-quoi-sattendre-cette-semaine-a-amiens-et-dans-les-communes-environnantes\\\/\",\"name\":\"M\u00e9t\u00e9o : \u00e0 quoi s'attendre cette semaine \u00e0 Amiens et dans les communes environnantes ? - Happyness Amiens\",\"isPartOf\":{\"@id\":\"https:\\\/\\\/happynessradio.fr\\\/amiens\\\/#website\"},\"primaryImageOfPage\":{\"@id\":\"https:\\\/\\\/happynessradio.fr\\\/amiens\\\/articles\\\/meteo-a-quoi-sattendre-cette-semaine-a-amiens-et-dans-les-communes-environnantes\\\/#primaryimage\"},\"image\":{\"@id\":\"https:\\\/\\\/happynessradio.fr\\\/amiens\\\/articles\\\/meteo-a-quoi-sattendre-cette-semaine-a-amiens-et-dans-les-communes-environnantes\\\/#primaryimage\"},\"thumbnailUrl\":\"https:\\\/\\\/happynessradio.fr\\\/amiens\\\/wp-content\\\/uploads\\\/sites\\\/3\\\/2025\\\/12\\\/Visuel-Aucun.webp\",\"datePublished\":\"2026-02-01T18:29:43+00:00\",\"dateModified\":\"2026-02-01T18:29:44+00:00\",\"author\":{\"@id\":\"https:\\\/\\\/happynessradio.fr\\\/amiens\\\/#\\\/schema\\\/person\\\/735f1a1ba15f9478beb4249ad52f7252\"},\"breadcrumb\":{\"@id\":\"https:\\\/\\\/happynessradio.fr\\\/amiens\\\/articles\\\/meteo-a-quoi-sattendre-cette-semaine-a-amiens-et-dans-les-communes-environnantes\\\/#breadcrumb\"},\"inLanguage\":\"fr-FR\",\"potentialAction\":[{\"@type\":\"ReadAction\",\"target\":[\"https:\\\/\\\/happynessradio.fr\\\/amiens\\\/articles\\\/meteo-a-quoi-sattendre-cette-semaine-a-amiens-et-dans-les-communes-environnantes\\\/\"]}]},{\"@type\":\"ImageObject\",\"inLanguage\":\"fr-FR\",\"@id\":\"https:\\\/\\\/happynessradio.fr\\\/amiens\\\/articles\\\/meteo-a-quoi-sattendre-cette-semaine-a-amiens-et-dans-les-communes-environnantes\\\/#primaryimage\",\"url\":\"https:\\\/\\\/happynessradio.fr\\\/amiens\\\/wp-content\\\/uploads\\\/sites\\\/3\\\/2025\\\/12\\\/Visuel-Aucun.webp\",\"contentUrl\":\"https:\\\/\\\/happynessradio.fr\\\/amiens\\\/wp-content\\\/uploads\\\/sites\\\/3\\\/2025\\\/12\\\/Visuel-Aucun.webp\",\"width\":1084,\"height\":487},{\"@type\":\"BreadcrumbList\",\"@id\":\"https:\\\/\\\/happynessradio.fr\\\/amiens\\\/articles\\\/meteo-a-quoi-sattendre-cette-semaine-a-amiens-et-dans-les-communes-environnantes\\\/#breadcrumb\",\"itemListElement\":[{\"@type\":\"ListItem\",\"position\":1,\"name\":\"Accueil\",\"item\":\"https:\\\/\\\/happynessradio.fr\\\/amiens\\\/\"},{\"@type\":\"ListItem\",\"position\":2,\"name\":\"M\u00e9t\u00e9o : \u00e0 quoi s&rsquo;attendre cette semaine \u00e0 Amiens et dans les communes environnantes ?\"}]},{\"@type\":\"WebSite\",\"@id\":\"https:\\\/\\\/happynessradio.fr\\\/amiens\\\/#website\",\"url\":\"https:\\\/\\\/happynessradio.fr\\\/amiens\\\/\",\"name\":\"Happyness Amiens\",\"description\":\"Toujours au plus proche de vous\",\"potentialAction\":[{\"@type\":\"SearchAction\",\"target\":{\"@type\":\"EntryPoint\",\"urlTemplate\":\"https:\\\/\\\/happynessradio.fr\\\/amiens\\\/?s={search_term_string}\"},\"query-input\":{\"@type\":\"PropertyValueSpecification\",\"valueRequired\":true,\"valueName\":\"search_term_string\"}}],\"inLanguage\":\"fr-FR\"},{\"@type\":\"Person\",\"@id\":\"https:\\\/\\\/happynessradio.fr\\\/amiens\\\/#\\\/schema\\\/person\\\/735f1a1ba15f9478beb4249ad52f7252\",\"name\":\"Lo\u00efc Dun\",\"image\":{\"@type\":\"ImageObject\",\"inLanguage\":\"fr-FR\",\"@id\":\"https:\\\/\\\/happynessradio.fr\\\/amiens\\\/wp-content\\\/uploads\\\/sites\\\/3\\\/2025\\\/12\\\/cropped-Portrait-Loic-25-26-96x96.webp\",\"url\":\"https:\\\/\\\/happynessradio.fr\\\/amiens\\\/wp-content\\\/uploads\\\/sites\\\/3\\\/2025\\\/12\\\/cropped-Portrait-Loic-25-26-96x96.webp\",\"contentUrl\":\"https:\\\/\\\/happynessradio.fr\\\/amiens\\\/wp-content\\\/uploads\\\/sites\\\/3\\\/2025\\\/12\\\/cropped-Portrait-Loic-25-26-96x96.webp\",\"caption\":\"Lo\u00efc Dun\"},\"description\":\"R\u00e9dacteur web Happyness. Co-animateur (chroniqueur) Quoi d'neuf ? Amiens Chroniqueur Le R\u00e9veil Happyness\",\"sameAs\":[\"https:\\\/\\\/www.instagram.com\\\/lolo80radio\\\/\",\"https:\\\/\\\/www.linkedin.com\\\/in\\\/loc-d-365960164\\\/\"],\"url\":\"https:\\\/\\\/happynessradio.fr\\\/amiens\\\/articles\\\/author\\\/loicdun\\\/\"}]}<\/script>\n<!-- \/ Yoast SEO plugin. -->","yoast_head_json":{"title":"M\u00e9t\u00e9o : \u00e0 quoi s'attendre cette semaine \u00e0 Amiens et dans les communes environnantes ? - Happyness Amiens","robots":{"index":"index","follow":"follow","max-snippet":"max-snippet:-1","max-image-preview":"max-image-preview:large","max-video-preview":"max-video-preview:-1"},"canonical":"https:\/\/happynessradio.fr\/amiens\/articles\/meteo-a-quoi-sattendre-cette-semaine-a-amiens-et-dans-les-communes-environnantes\/","og_locale":"fr_FR","og_type":"article","og_title":"M\u00e9t\u00e9o : \u00e0 quoi s'attendre cette semaine \u00e0 Amiens et dans les communes environnantes ? - Happyness Amiens","og_description":"Le ciel des Hauts-de-France ne semble pas encore pr\u00eat \u00e0 nous offrir un printemps pr\u00e9coce. Pour cette nouvelle semaine, les pr\u00e9visions de notre m\u00e9t\u00e9orologue indiquent un temps typiquement oc\u00e9anique sur Amiens et ses communes environnantes. De Salou\u00ebl \u00e0 Longueau, en passant par Rivery et Saveuse, il faudra composer avec une alternance de grisaille et de passages pluvieux. Une entr\u00e9e en mati\u00e8re grise et humide pour le bassin ami\u00e9nois La semaine d\u00e9bute ce lundi sous une chape de plomb. \u00c0 Amiens et dans les localit\u00e9s voisines comme Salou\u00ebl ou Saveuse, le ciel restera totalement couvert toute la journ\u00e9e, avec un thermom\u00e8tre qui plafonne \u00e0 9\u00b0C. Cette ambiance morose se confirmera d\u00e8s mardi, o\u00f9 la pluie s&rsquo;invitera durablement sur notre secteur. Les trajets entre Longueau et Rivery se feront sous les essuie-glaces, avec une temp\u00e9rature qui restera bloqu\u00e9e \u00e0 9\u00b0C. Mercredi : la seule v\u00e9ritable \u00e9claircie de la semaine Pour ceux qui attendent une pause dans la grisaille, c\u2019est vers la journ\u00e9e de mercredi qu\u2019il faudra se tourner. Notre m\u00e9t\u00e9orologue pr\u00e9voit une l\u00e9g\u00e8re remont\u00e9e des temp\u00e9ratures avec 10\u00b0C au meilleur de l&rsquo;apr\u00e8s-midi. Le ciel sera plus changeant, laissant passer des nuages par intermittence, ce qui permettra d&rsquo;apercevoir enfin quelques rayons de soleil. Malheureusement, ce r\u00e9pit sera de courte dur\u00e9e : d\u00e8s jeudi, le ciel redeviendra extr\u00eamement nuageux, plongeant \u00e0 nouveau Amiens et ses communes environnantes dans une ambiance tr\u00e8s sombre avec 9\u00b0C. Pour la fin de semaine, en l&rsquo;occurrence, vendredi marquera le retour d&rsquo;une perturbation pluvieuse active.","og_url":"https:\/\/happynessradio.fr\/amiens\/articles\/meteo-a-quoi-sattendre-cette-semaine-a-amiens-et-dans-les-communes-environnantes\/","og_site_name":"Happyness Amiens","article_published_time":"2026-02-01T18:29:43+00:00","article_modified_time":"2026-02-01T18:29:44+00:00","og_image":[{"width":1084,"height":487,"url":"https:\/\/happynessradio.fr\/amiens\/wp-content\/uploads\/sites\/3\/2025\/12\/Visuel-Aucun.webp","type":"image\/webp"}],"author":"Lo\u00efc Dun","twitter_card":"summary_large_image","twitter_misc":{"\u00c9crit par":"Lo\u00efc Dun","Dur\u00e9e de lecture estim\u00e9e":"2 minutes"},"schema":{"@context":"https:\/\/schema.org","@graph":[{"@type":"Article","@id":"https:\/\/happynessradio.fr\/amiens\/articles\/meteo-a-quoi-sattendre-cette-semaine-a-amiens-et-dans-les-communes-environnantes\/#article","isPartOf":{"@id":"https:\/\/happynessradio.fr\/amiens\/articles\/meteo-a-quoi-sattendre-cette-semaine-a-amiens-et-dans-les-communes-environnantes\/"},"author":{"name":"Lo\u00efc Dun","@id":"https:\/\/happynessradio.fr\/amiens\/#\/schema\/person\/735f1a1ba15f9478beb4249ad52f7252"},"headline":"M\u00e9t\u00e9o : \u00e0 quoi s&rsquo;attendre cette semaine \u00e0 Amiens et dans les communes environnantes ?","datePublished":"2026-02-01T18:29:43+00:00","dateModified":"2026-02-01T18:29:44+00:00","mainEntityOfPage":{"@id":"https:\/\/happynessradio.fr\/amiens\/articles\/meteo-a-quoi-sattendre-cette-semaine-a-amiens-et-dans-les-communes-environnantes\/"},"wordCount":291,"commentCount":0,"image":{"@id":"https:\/\/happynessradio.fr\/amiens\/articles\/meteo-a-quoi-sattendre-cette-semaine-a-amiens-et-dans-les-communes-environnantes\/#primaryimage"},"thumbnailUrl":"https:\/\/happynessradio.fr\/amiens\/wp-content\/uploads\/sites\/3\/2025\/12\/Visuel-Aucun.webp","inLanguage":"fr-FR","potentialAction":[{"@type":"CommentAction","name":"Comment","target":["https:\/\/happynessradio.fr\/amiens\/articles\/meteo-a-quoi-sattendre-cette-semaine-a-amiens-et-dans-les-communes-environnantes\/#respond"]}]},{"@type":"WebPage","@id":"https:\/\/happynessradio.fr\/amiens\/articles\/meteo-a-quoi-sattendre-cette-semaine-a-amiens-et-dans-les-communes-environnantes\/","url":"https:\/\/happynessradio.fr\/amiens\/articles\/meteo-a-quoi-sattendre-cette-semaine-a-amiens-et-dans-les-communes-environnantes\/","name":"M\u00e9t\u00e9o : \u00e0 quoi s'attendre cette semaine \u00e0 Amiens et dans les communes environnantes ? - Happyness Amiens","isPartOf":{"@id":"https:\/\/happynessradio.fr\/amiens\/#website"},"primaryImageOfPage":{"@id":"https:\/\/happynessradio.fr\/amiens\/articles\/meteo-a-quoi-sattendre-cette-semaine-a-amiens-et-dans-les-communes-environnantes\/#primaryimage"},"image":{"@id":"https:\/\/happynessradio.fr\/amiens\/articles\/meteo-a-quoi-sattendre-cette-semaine-a-amiens-et-dans-les-communes-environnantes\/#primaryimage"},"thumbnailUrl":"https:\/\/happynessradio.fr\/amiens\/wp-content\/uploads\/sites\/3\/2025\/12\/Visuel-Aucun.webp","datePublished":"2026-02-01T18:29:43+00:00","dateModified":"2026-02-01T18:29:44+00:00","author":{"@id":"https:\/\/happynessradio.fr\/amiens\/#\/schema\/person\/735f1a1ba15f9478beb4249ad52f7252"},"breadcrumb":{"@id":"https:\/\/happynessradio.fr\/amiens\/articles\/meteo-a-quoi-sattendre-cette-semaine-a-amiens-et-dans-les-communes-environnantes\/#breadcrumb"},"inLanguage":"fr-FR","potentialAction":[{"@type":"ReadAction","target":["https:\/\/happynessradio.fr\/amiens\/articles\/meteo-a-quoi-sattendre-cette-semaine-a-amiens-et-dans-les-communes-environnantes\/"]}]},{"@type":"ImageObject","inLanguage":"fr-FR","@id":"https:\/\/happynessradio.fr\/amiens\/articles\/meteo-a-quoi-sattendre-cette-semaine-a-amiens-et-dans-les-communes-environnantes\/#primaryimage","url":"https:\/\/happynessradio.fr\/amiens\/wp-content\/uploads\/sites\/3\/2025\/12\/Visuel-Aucun.webp","contentUrl":"https:\/\/happynessradio.fr\/amiens\/wp-content\/uploads\/sites\/3\/2025\/12\/Visuel-Aucun.webp","width":1084,"height":487},{"@type":"BreadcrumbList","@id":"https:\/\/happynessradio.fr\/amiens\/articles\/meteo-a-quoi-sattendre-cette-semaine-a-amiens-et-dans-les-communes-environnantes\/#breadcrumb","itemListElement":[{"@type":"ListItem","position":1,"name":"Accueil","item":"https:\/\/happynessradio.fr\/amiens\/"},{"@type":"ListItem","position":2,"name":"M\u00e9t\u00e9o : \u00e0 quoi s&rsquo;attendre cette semaine \u00e0 Amiens et dans les communes environnantes ?"}]},{"@type":"WebSite","@id":"https:\/\/happynessradio.fr\/amiens\/#website","url":"https:\/\/happynessradio.fr\/amiens\/","name":"Happyness Amiens","description":"Toujours au plus proche de vous","potentialAction":[{"@type":"SearchAction","target":{"@type":"EntryPoint","urlTemplate":"https:\/\/happynessradio.fr\/amiens\/?s={search_term_string}"},"query-input":{"@type":"PropertyValueSpecification","valueRequired":true,"valueName":"search_term_string"}}],"inLanguage":"fr-FR"},{"@type":"Person","@id":"https:\/\/happynessradio.fr\/amiens\/#\/schema\/person\/735f1a1ba15f9478beb4249ad52f7252","name":"Lo\u00efc Dun","image":{"@type":"ImageObject","inLanguage":"fr-FR","@id":"https:\/\/happynessradio.fr\/amiens\/wp-content\/uploads\/sites\/3\/2025\/12\/cropped-Portrait-Loic-25-26-96x96.webp","url":"https:\/\/happynessradio.fr\/amiens\/wp-content\/uploads\/sites\/3\/2025\/12\/cropped-Portrait-Loic-25-26-96x96.webp","contentUrl":"https:\/\/happynessradio.fr\/amiens\/wp-content\/uploads\/sites\/3\/2025\/12\/cropped-Portrait-Loic-25-26-96x96.webp","caption":"Lo\u00efc Dun"},"description":"R\u00e9dacteur web Happyness. Co-animateur (chroniqueur) Quoi d'neuf ? Amiens Chroniqueur Le R\u00e9veil Happyness","sameAs":["https:\/\/www.instagram.com\/lolo80radio\/","https:\/\/www.linkedin.com\/in\/loc-d-365960164\/"],"url":"https:\/\/happynessradio.fr\/amiens\/articles\/author\/loicdun\/"}]}},"modified_by":"Lo\u00efc Dun","_links":{"self":[{"href":"https:\/\/happynessradio.fr\/amiens\/wp-json\/wp\/v2\/posts\/11766","targetHints":{"allow":["GET"]}}],"collection":[{"href":"https:\/\/happynessradio.fr\/amiens\/wp-json\/wp\/v2\/posts"}],"about":[{"href":"https:\/\/happynessradio.fr\/amiens\/wp-json\/wp\/v2\/types\/post"}],"author":[{"embeddable":true,"href":"https:\/\/happynessradio.fr\/amiens\/wp-json\/wp\/v2\/users\/6"}],"replies":[{"embeddable":true,"href":"https:\/\/happynessradio.fr\/amiens\/wp-json\/wp\/v2\/comments?post=11766"}],"version-history":[{"count":1,"href":"https:\/\/happynessradio.fr\/amiens\/wp-json\/wp\/v2\/posts\/11766\/revisions"}],"predecessor-version":[{"id":11767,"href":"https:\/\/happynessradio.fr\/amiens\/wp-json\/wp\/v2\/posts\/11766\/revisions\/11767"}],"wp:featuredmedia":[{"embeddable":true,"href":"https:\/\/happynessradio.fr\/amiens\/wp-json\/wp\/v2\/media\/10910"}],"wp:attachment":[{"href":"https:\/\/happynessradio.fr\/amiens\/wp-json\/wp\/v2\/media?parent=11766"}],"wp:term":[{"taxonomy":"category","embeddable":true,"href":"https:\/\/happynessradio.fr\/amiens\/wp-json\/wp\/v2\/categories?post=11766"},{"taxonomy":"post_tag","embeddable":true,"href":"https:\/\/happynessradio.fr\/amiens\/wp-json\/wp\/v2\/tags?post=11766"}],"curies":[{"name":"wp","href":"https:\/\/api.w.org\/{rel}","templated":true}]}}