{"id":11770,"date":"2026-02-01T23:45:27","date_gmt":"2026-02-01T22:45:27","guid":{"rendered":"https:\/\/happynessradio.fr\/amiens\/?p=11770"},"modified":"2026-02-01T23:45:28","modified_gmt":"2026-02-01T22:45:28","slug":"classement-2026-la-qualite-de-vie-a-salouel-a-nouveau-recompensee-au-sommet-de-la-somme","status":"publish","type":"post","link":"https:\/\/happynessradio.fr\/amiens\/articles\/classement-2026-la-qualite-de-vie-a-salouel-a-nouveau-recompensee-au-sommet-de-la-somme\/","title":{"rendered":"Classement 2026 : la qualit\u00e9 de vie \u00e0 Salou\u00ebl \u00e0 nouveau r\u00e9compens\u00e9e au sommet de la Somme"},"content":{"rendered":"\n<p><em>Le palmar\u00e8s annuel de l\u2019association \u00ab\u00a0Villes et Villages o\u00f9 il fait bon vivre\u00a0\u00bb vient de rendre son verdict pour l&rsquo;ann\u00e9e 2026. Salou\u00ebl confirme une nouvelle fois son excellence en se hissant au 5\u00e8me rang d\u00e9partemental sur les 771 communes que compte la Somme. Une distinction qui souligne la solidit\u00e9 des services et l&rsquo;attractivit\u00e9 de cette commune de l&rsquo;ami\u00e9nois.<\/em><\/p>\n\n\n\n<p><strong>Une expertise locale au service des administr\u00e9s<\/strong><\/p>\n\n\n\n<p>Depuis 2020, Salou\u00ebl figure en excellente place dans ce classement rigoureux bas\u00e9 sur des centaines de crit\u00e8res officiels tels que la s\u00e9curit\u00e9, la sant\u00e9 et les transports. Cette constance est le r\u00e9sultat d&rsquo;un travail quotidien pour maintenir un \u00e9quilibre entre d\u00e9veloppement urbain et cadre de vie. Pour les Salouasiens et les professionnels install\u00e9s ici, b\u00e9n\u00e9ficier d&rsquo;une telle stabilit\u00e9 dans la gestion de l&rsquo;environnement est un atout majeur. C\u2019est une reconnaissance qui prouve que l\u2019investissement dans les infrastructures est payant sur le long terme, offrant un mod\u00e8le de gestion efficace au sein du d\u00e9partement.<\/p>\n\n\n\n<p><strong>Des infrastructures modernes pour faciliter le quotidien<\/strong><\/p>\n\n\n\n<p>Pour r\u00e9pondre aux attentes des habitants et optimiser leur confort de vie, la commune s&rsquo;appuie sur des \u00e9quipements de haut niveau. Entre la proximit\u00e9 imm\u00e9diate du complexe hospitalier, l&rsquo;acc\u00e8s direct aux p\u00f4les universitaires et un r\u00e9seau de transport en commun, Salou\u00ebl offre des services dignes des plus grandes agglom\u00e9rations. Ce maillage entre modernit\u00e9 et convivialit\u00e9 permet de r\u00e9pondre aux besoins r\u00e9els de chaque g\u00e9n\u00e9ration. Qu\u2019il s\u2019agisse des \u00e9quipements sportifs ou des espaces d\u00e9di\u00e9s aux familles, chaque projet est con\u00e7u pour renforcer l&rsquo;efficacit\u00e9 des services publics locaux.<\/p>\n\n\n\n<p><strong>Un dynamisme \u00e9conomique et associatif constant<\/strong><\/p>\n\n\n\n<p>Ce palmar\u00e8s 2026 valorise \u00e9galement la vitalit\u00e9 qui anime la cit\u00e9. Le tissu de commerces de proximit\u00e9 et les zones d&rsquo;activit\u00e9s apportent une dynamique \u00e9conomique indispensable \u00e0 l&rsquo;\u00e9quilibre local. C\u2019est une immersion dans un territoire qui bouge et qui sait se moderniser. Chaque am\u00e9nagement urbain et chaque service rendu aux citoyens contribuent \u00e0 cette note globale d&rsquo;excellence. Avoir acc\u00e8s \u00e0 de tels \u00e9quipements \u00e0 sa porte est un avantage pour les locaux.<\/p>\n\n\n\n<p><strong>Un cadre de vie exemplaire dans la Somme<\/strong><\/p>\n\n\n\n<p>En se maintenant durablement dans le top 5 du d\u00e9partement, Salou\u00ebl confirme la qualit\u00e9 de son am\u00e9nagement territorial. La pr\u00e9servation de l&rsquo;environnement et l&rsquo;acc\u00e8s facilit\u00e9 aux soins de sant\u00e9 sont des piliers qui garantissent la p\u00e9rennit\u00e9 de ce classement. Cette r\u00e9ussite est une v\u00e9ritable vitrine pour la Somme, prouvant qu&rsquo;une gestion attentive aux infrastructures permet d&rsquo;atteindre des standards de qualit\u00e9 de vie \u00e9lev\u00e9s.<\/p>\n\n\n\n<p><\/p>\n","protected":false},"excerpt":{"rendered":"<p>Le palmar\u00e8s annuel de l\u2019association \u00ab\u00a0Villes et Villages o\u00f9 il fait bon vivre\u00a0\u00bb vient de rendre son verdict pour l&rsquo;ann\u00e9e 2026. Salou\u00ebl confirme une nouvelle fois son excellence en se hissant au 5\u00e8me rang d\u00e9partemental sur les 771 communes que compte la Somme. Une distinction qui souligne la solidit\u00e9 des services et l&rsquo;attractivit\u00e9 de cette commune de l&rsquo;ami\u00e9nois. Une expertise locale au service des administr\u00e9s Depuis 2020, Salou\u00ebl figure en excellente place dans ce classement rigoureux bas\u00e9 sur des centaines de crit\u00e8res officiels tels que la s\u00e9curit\u00e9, la sant\u00e9 et les transports. Cette constance est le r\u00e9sultat d&rsquo;un travail quotidien pour maintenir un \u00e9quilibre entre d\u00e9veloppement urbain et cadre de vie. Pour les Salouasiens et les professionnels install\u00e9s ici, b\u00e9n\u00e9ficier d&rsquo;une telle stabilit\u00e9 dans la gestion de l&rsquo;environnement est un atout majeur. C\u2019est une reconnaissance qui prouve que l\u2019investissement dans les infrastructures est payant sur le long terme, offrant un mod\u00e8le de gestion efficace au sein du d\u00e9partement. Des infrastructures modernes pour faciliter le quotidien Pour r\u00e9pondre aux attentes des habitants et optimiser leur confort de vie, la commune s&rsquo;appuie sur des \u00e9quipements de haut niveau. Entre la proximit\u00e9 imm\u00e9diate du complexe hospitalier, l&rsquo;acc\u00e8s direct aux p\u00f4les universitaires et un r\u00e9seau de transport en commun, Salou\u00ebl offre des services dignes des plus grandes agglom\u00e9rations. Ce maillage entre modernit\u00e9 et convivialit\u00e9 permet de r\u00e9pondre aux besoins r\u00e9els de chaque g\u00e9n\u00e9ration. Qu\u2019il s\u2019agisse des \u00e9quipements sportifs ou des espaces d\u00e9di\u00e9s aux familles, chaque projet est con\u00e7u pour renforcer l&rsquo;efficacit\u00e9 des services publics locaux. Un dynamisme \u00e9conomique et associatif constant Ce palmar\u00e8s 2026 valorise \u00e9galement la vitalit\u00e9 qui anime la cit\u00e9. Le tissu de commerces de proximit\u00e9 et les zones d&rsquo;activit\u00e9s apportent une dynamique \u00e9conomique indispensable \u00e0 l&rsquo;\u00e9quilibre local. C\u2019est une immersion dans un territoire qui bouge et qui sait se moderniser. Chaque am\u00e9nagement urbain et chaque service rendu aux citoyens contribuent \u00e0 cette note globale d&rsquo;excellence. Avoir acc\u00e8s \u00e0 de tels \u00e9quipements \u00e0 sa porte est un avantage pour les locaux. Un cadre de vie exemplaire dans la Somme En se maintenant durablement dans le top 5 du d\u00e9partement, Salou\u00ebl confirme la qualit\u00e9 de son am\u00e9nagement territorial. La pr\u00e9servation de l&rsquo;environnement et l&rsquo;acc\u00e8s facilit\u00e9 aux soins de sant\u00e9 sont des piliers qui garantissent la p\u00e9rennit\u00e9 de ce classement. Cette r\u00e9ussite est une v\u00e9ritable vitrine pour la Somme, prouvant qu&rsquo;une gestion attentive aux infrastructures permet d&rsquo;atteindre des standards de qualit\u00e9 de vie \u00e9lev\u00e9s.<\/p>\n","protected":false},"author":6,"featured_media":10910,"comment_status":"open","ping_status":"open","sticky":false,"template":"","format":"standard","meta":{"_lmt_disableupdate":"","_lmt_disable":"","footnotes":""},"categories":[1],"tags":[],"class_list":["post-11770","post","type-post","status-publish","format-standard","has-post-thumbnail","hentry","category-non-classe"],"yoast_head":"<!-- This site is optimized with the Yoast SEO plugin v27.5 - https:\/\/yoast.com\/product\/yoast-seo-wordpress\/ -->\n<title>Classement 2026 : la qualit\u00e9 de vie \u00e0 Salou\u00ebl \u00e0 nouveau r\u00e9compens\u00e9e au sommet de la Somme - Happyness Amiens<\/title>\n<meta name=\"robots\" content=\"index, follow, max-snippet:-1, max-image-preview:large, max-video-preview:-1\" \/>\n<link rel=\"canonical\" href=\"https:\/\/happynessradio.fr\/amiens\/articles\/classement-2026-la-qualite-de-vie-a-salouel-a-nouveau-recompensee-au-sommet-de-la-somme\/\" \/>\n<meta property=\"og:locale\" content=\"fr_FR\" \/>\n<meta property=\"og:type\" content=\"article\" \/>\n<meta property=\"og:title\" content=\"Classement 2026 : la qualit\u00e9 de vie \u00e0 Salou\u00ebl \u00e0 nouveau r\u00e9compens\u00e9e au sommet de la Somme - Happyness Amiens\" \/>\n<meta property=\"og:description\" content=\"Le palmar\u00e8s annuel de l\u2019association \u00ab\u00a0Villes et Villages o\u00f9 il fait bon vivre\u00a0\u00bb vient de rendre son verdict pour l&rsquo;ann\u00e9e 2026. Salou\u00ebl confirme une nouvelle fois son excellence en se hissant au 5\u00e8me rang d\u00e9partemental sur les 771 communes que compte la Somme. Une distinction qui souligne la solidit\u00e9 des services et l&rsquo;attractivit\u00e9 de cette commune de l&rsquo;ami\u00e9nois. Une expertise locale au service des administr\u00e9s Depuis 2020, Salou\u00ebl figure en excellente place dans ce classement rigoureux bas\u00e9 sur des centaines de crit\u00e8res officiels tels que la s\u00e9curit\u00e9, la sant\u00e9 et les transports. Cette constance est le r\u00e9sultat d&rsquo;un travail quotidien pour maintenir un \u00e9quilibre entre d\u00e9veloppement urbain et cadre de vie. Pour les Salouasiens et les professionnels install\u00e9s ici, b\u00e9n\u00e9ficier d&rsquo;une telle stabilit\u00e9 dans la gestion de l&rsquo;environnement est un atout majeur. C\u2019est une reconnaissance qui prouve que l\u2019investissement dans les infrastructures est payant sur le long terme, offrant un mod\u00e8le de gestion efficace au sein du d\u00e9partement. Des infrastructures modernes pour faciliter le quotidien Pour r\u00e9pondre aux attentes des habitants et optimiser leur confort de vie, la commune s&rsquo;appuie sur des \u00e9quipements de haut niveau. Entre la proximit\u00e9 imm\u00e9diate du complexe hospitalier, l&rsquo;acc\u00e8s direct aux p\u00f4les universitaires et un r\u00e9seau de transport en commun, Salou\u00ebl offre des services dignes des plus grandes agglom\u00e9rations. Ce maillage entre modernit\u00e9 et convivialit\u00e9 permet de r\u00e9pondre aux besoins r\u00e9els de chaque g\u00e9n\u00e9ration. Qu\u2019il s\u2019agisse des \u00e9quipements sportifs ou des espaces d\u00e9di\u00e9s aux familles, chaque projet est con\u00e7u pour renforcer l&rsquo;efficacit\u00e9 des services publics locaux. Un dynamisme \u00e9conomique et associatif constant Ce palmar\u00e8s 2026 valorise \u00e9galement la vitalit\u00e9 qui anime la cit\u00e9. Le tissu de commerces de proximit\u00e9 et les zones d&rsquo;activit\u00e9s apportent une dynamique \u00e9conomique indispensable \u00e0 l&rsquo;\u00e9quilibre local. C\u2019est une immersion dans un territoire qui bouge et qui sait se moderniser. Chaque am\u00e9nagement urbain et chaque service rendu aux citoyens contribuent \u00e0 cette note globale d&rsquo;excellence. Avoir acc\u00e8s \u00e0 de tels \u00e9quipements \u00e0 sa porte est un avantage pour les locaux. Un cadre de vie exemplaire dans la Somme En se maintenant durablement dans le top 5 du d\u00e9partement, Salou\u00ebl confirme la qualit\u00e9 de son am\u00e9nagement territorial. La pr\u00e9servation de l&rsquo;environnement et l&rsquo;acc\u00e8s facilit\u00e9 aux soins de sant\u00e9 sont des piliers qui garantissent la p\u00e9rennit\u00e9 de ce classement. Cette r\u00e9ussite est une v\u00e9ritable vitrine pour la Somme, prouvant qu&rsquo;une gestion attentive aux infrastructures permet d&rsquo;atteindre des standards de qualit\u00e9 de vie \u00e9lev\u00e9s.\" \/>\n<meta property=\"og:url\" content=\"https:\/\/happynessradio.fr\/amiens\/articles\/classement-2026-la-qualite-de-vie-a-salouel-a-nouveau-recompensee-au-sommet-de-la-somme\/\" \/>\n<meta property=\"og:site_name\" content=\"Happyness Amiens\" \/>\n<meta property=\"article:published_time\" content=\"2026-02-01T22:45:27+00:00\" \/>\n<meta property=\"article:modified_time\" content=\"2026-02-01T22:45:28+00:00\" \/>\n<meta property=\"og:image\" content=\"https:\/\/happynessradio.fr\/amiens\/wp-content\/uploads\/sites\/3\/2025\/12\/Visuel-Aucun.webp\" \/>\n\t<meta property=\"og:image:width\" content=\"1084\" \/>\n\t<meta property=\"og:image:height\" content=\"487\" \/>\n\t<meta property=\"og:image:type\" content=\"image\/webp\" \/>\n<meta name=\"author\" content=\"Lo\u00efc Dun\" \/>\n<meta name=\"twitter:card\" content=\"summary_large_image\" \/>\n<meta name=\"twitter:label1\" content=\"\u00c9crit par\" \/>\n\t<meta name=\"twitter:data1\" content=\"Lo\u00efc Dun\" \/>\n\t<meta name=\"twitter:label2\" content=\"Dur\u00e9e de lecture estim\u00e9e\" \/>\n\t<meta name=\"twitter:data2\" content=\"3 minutes\" \/>\n<script type=\"application\/ld+json\" class=\"yoast-schema-graph\">{\"@context\":\"https:\\\/\\\/schema.org\",\"@graph\":[{\"@type\":\"Article\",\"@id\":\"https:\\\/\\\/happynessradio.fr\\\/amiens\\\/articles\\\/classement-2026-la-qualite-de-vie-a-salouel-a-nouveau-recompensee-au-sommet-de-la-somme\\\/#article\",\"isPartOf\":{\"@id\":\"https:\\\/\\\/happynessradio.fr\\\/amiens\\\/articles\\\/classement-2026-la-qualite-de-vie-a-salouel-a-nouveau-recompensee-au-sommet-de-la-somme\\\/\"},\"author\":{\"name\":\"Lo\u00efc Dun\",\"@id\":\"https:\\\/\\\/happynessradio.fr\\\/amiens\\\/#\\\/schema\\\/person\\\/735f1a1ba15f9478beb4249ad52f7252\"},\"headline\":\"Classement 2026 : la qualit\u00e9 de vie \u00e0 Salou\u00ebl \u00e0 nouveau r\u00e9compens\u00e9e au sommet de la Somme\",\"datePublished\":\"2026-02-01T22:45:27+00:00\",\"dateModified\":\"2026-02-01T22:45:28+00:00\",\"mainEntityOfPage\":{\"@id\":\"https:\\\/\\\/happynessradio.fr\\\/amiens\\\/articles\\\/classement-2026-la-qualite-de-vie-a-salouel-a-nouveau-recompensee-au-sommet-de-la-somme\\\/\"},\"wordCount\":472,\"commentCount\":0,\"image\":{\"@id\":\"https:\\\/\\\/happynessradio.fr\\\/amiens\\\/articles\\\/classement-2026-la-qualite-de-vie-a-salouel-a-nouveau-recompensee-au-sommet-de-la-somme\\\/#primaryimage\"},\"thumbnailUrl\":\"https:\\\/\\\/happynessradio.fr\\\/amiens\\\/wp-content\\\/uploads\\\/sites\\\/3\\\/2025\\\/12\\\/Visuel-Aucun.webp\",\"inLanguage\":\"fr-FR\",\"potentialAction\":[{\"@type\":\"CommentAction\",\"name\":\"Comment\",\"target\":[\"https:\\\/\\\/happynessradio.fr\\\/amiens\\\/articles\\\/classement-2026-la-qualite-de-vie-a-salouel-a-nouveau-recompensee-au-sommet-de-la-somme\\\/#respond\"]}]},{\"@type\":\"WebPage\",\"@id\":\"https:\\\/\\\/happynessradio.fr\\\/amiens\\\/articles\\\/classement-2026-la-qualite-de-vie-a-salouel-a-nouveau-recompensee-au-sommet-de-la-somme\\\/\",\"url\":\"https:\\\/\\\/happynessradio.fr\\\/amiens\\\/articles\\\/classement-2026-la-qualite-de-vie-a-salouel-a-nouveau-recompensee-au-sommet-de-la-somme\\\/\",\"name\":\"Classement 2026 : la qualit\u00e9 de vie \u00e0 Salou\u00ebl \u00e0 nouveau r\u00e9compens\u00e9e au sommet de la Somme - Happyness Amiens\",\"isPartOf\":{\"@id\":\"https:\\\/\\\/happynessradio.fr\\\/amiens\\\/#website\"},\"primaryImageOfPage\":{\"@id\":\"https:\\\/\\\/happynessradio.fr\\\/amiens\\\/articles\\\/classement-2026-la-qualite-de-vie-a-salouel-a-nouveau-recompensee-au-sommet-de-la-somme\\\/#primaryimage\"},\"image\":{\"@id\":\"https:\\\/\\\/happynessradio.fr\\\/amiens\\\/articles\\\/classement-2026-la-qualite-de-vie-a-salouel-a-nouveau-recompensee-au-sommet-de-la-somme\\\/#primaryimage\"},\"thumbnailUrl\":\"https:\\\/\\\/happynessradio.fr\\\/amiens\\\/wp-content\\\/uploads\\\/sites\\\/3\\\/2025\\\/12\\\/Visuel-Aucun.webp\",\"datePublished\":\"2026-02-01T22:45:27+00:00\",\"dateModified\":\"2026-02-01T22:45:28+00:00\",\"author\":{\"@id\":\"https:\\\/\\\/happynessradio.fr\\\/amiens\\\/#\\\/schema\\\/person\\\/735f1a1ba15f9478beb4249ad52f7252\"},\"breadcrumb\":{\"@id\":\"https:\\\/\\\/happynessradio.fr\\\/amiens\\\/articles\\\/classement-2026-la-qualite-de-vie-a-salouel-a-nouveau-recompensee-au-sommet-de-la-somme\\\/#breadcrumb\"},\"inLanguage\":\"fr-FR\",\"potentialAction\":[{\"@type\":\"ReadAction\",\"target\":[\"https:\\\/\\\/happynessradio.fr\\\/amiens\\\/articles\\\/classement-2026-la-qualite-de-vie-a-salouel-a-nouveau-recompensee-au-sommet-de-la-somme\\\/\"]}]},{\"@type\":\"ImageObject\",\"inLanguage\":\"fr-FR\",\"@id\":\"https:\\\/\\\/happynessradio.fr\\\/amiens\\\/articles\\\/classement-2026-la-qualite-de-vie-a-salouel-a-nouveau-recompensee-au-sommet-de-la-somme\\\/#primaryimage\",\"url\":\"https:\\\/\\\/happynessradio.fr\\\/amiens\\\/wp-content\\\/uploads\\\/sites\\\/3\\\/2025\\\/12\\\/Visuel-Aucun.webp\",\"contentUrl\":\"https:\\\/\\\/happynessradio.fr\\\/amiens\\\/wp-content\\\/uploads\\\/sites\\\/3\\\/2025\\\/12\\\/Visuel-Aucun.webp\",\"width\":1084,\"height\":487},{\"@type\":\"BreadcrumbList\",\"@id\":\"https:\\\/\\\/happynessradio.fr\\\/amiens\\\/articles\\\/classement-2026-la-qualite-de-vie-a-salouel-a-nouveau-recompensee-au-sommet-de-la-somme\\\/#breadcrumb\",\"itemListElement\":[{\"@type\":\"ListItem\",\"position\":1,\"name\":\"Accueil\",\"item\":\"https:\\\/\\\/happynessradio.fr\\\/amiens\\\/\"},{\"@type\":\"ListItem\",\"position\":2,\"name\":\"Classement 2026 : la qualit\u00e9 de vie \u00e0 Salou\u00ebl \u00e0 nouveau r\u00e9compens\u00e9e au sommet de la Somme\"}]},{\"@type\":\"WebSite\",\"@id\":\"https:\\\/\\\/happynessradio.fr\\\/amiens\\\/#website\",\"url\":\"https:\\\/\\\/happynessradio.fr\\\/amiens\\\/\",\"name\":\"Happyness Amiens\",\"description\":\"Toujours au plus proche de vous\",\"potentialAction\":[{\"@type\":\"SearchAction\",\"target\":{\"@type\":\"EntryPoint\",\"urlTemplate\":\"https:\\\/\\\/happynessradio.fr\\\/amiens\\\/?s={search_term_string}\"},\"query-input\":{\"@type\":\"PropertyValueSpecification\",\"valueRequired\":true,\"valueName\":\"search_term_string\"}}],\"inLanguage\":\"fr-FR\"},{\"@type\":\"Person\",\"@id\":\"https:\\\/\\\/happynessradio.fr\\\/amiens\\\/#\\\/schema\\\/person\\\/735f1a1ba15f9478beb4249ad52f7252\",\"name\":\"Lo\u00efc Dun\",\"image\":{\"@type\":\"ImageObject\",\"inLanguage\":\"fr-FR\",\"@id\":\"https:\\\/\\\/happynessradio.fr\\\/amiens\\\/wp-content\\\/uploads\\\/sites\\\/3\\\/2025\\\/12\\\/cropped-Portrait-Loic-25-26-96x96.webp\",\"url\":\"https:\\\/\\\/happynessradio.fr\\\/amiens\\\/wp-content\\\/uploads\\\/sites\\\/3\\\/2025\\\/12\\\/cropped-Portrait-Loic-25-26-96x96.webp\",\"contentUrl\":\"https:\\\/\\\/happynessradio.fr\\\/amiens\\\/wp-content\\\/uploads\\\/sites\\\/3\\\/2025\\\/12\\\/cropped-Portrait-Loic-25-26-96x96.webp\",\"caption\":\"Lo\u00efc Dun\"},\"description\":\"R\u00e9dacteur web Happyness. Co-animateur (chroniqueur) Quoi d'neuf ? Amiens Chroniqueur Le R\u00e9veil Happyness\",\"sameAs\":[\"https:\\\/\\\/www.instagram.com\\\/lolo80radio\\\/\",\"https:\\\/\\\/www.linkedin.com\\\/in\\\/loc-d-365960164\\\/\"],\"url\":\"https:\\\/\\\/happynessradio.fr\\\/amiens\\\/articles\\\/author\\\/loicdun\\\/\"}]}<\/script>\n<!-- \/ Yoast SEO plugin. -->","yoast_head_json":{"title":"Classement 2026 : la qualit\u00e9 de vie \u00e0 Salou\u00ebl \u00e0 nouveau r\u00e9compens\u00e9e au sommet de la Somme - Happyness Amiens","robots":{"index":"index","follow":"follow","max-snippet":"max-snippet:-1","max-image-preview":"max-image-preview:large","max-video-preview":"max-video-preview:-1"},"canonical":"https:\/\/happynessradio.fr\/amiens\/articles\/classement-2026-la-qualite-de-vie-a-salouel-a-nouveau-recompensee-au-sommet-de-la-somme\/","og_locale":"fr_FR","og_type":"article","og_title":"Classement 2026 : la qualit\u00e9 de vie \u00e0 Salou\u00ebl \u00e0 nouveau r\u00e9compens\u00e9e au sommet de la Somme - Happyness Amiens","og_description":"Le palmar\u00e8s annuel de l\u2019association \u00ab\u00a0Villes et Villages o\u00f9 il fait bon vivre\u00a0\u00bb vient de rendre son verdict pour l&rsquo;ann\u00e9e 2026. Salou\u00ebl confirme une nouvelle fois son excellence en se hissant au 5\u00e8me rang d\u00e9partemental sur les 771 communes que compte la Somme. Une distinction qui souligne la solidit\u00e9 des services et l&rsquo;attractivit\u00e9 de cette commune de l&rsquo;ami\u00e9nois. Une expertise locale au service des administr\u00e9s Depuis 2020, Salou\u00ebl figure en excellente place dans ce classement rigoureux bas\u00e9 sur des centaines de crit\u00e8res officiels tels que la s\u00e9curit\u00e9, la sant\u00e9 et les transports. Cette constance est le r\u00e9sultat d&rsquo;un travail quotidien pour maintenir un \u00e9quilibre entre d\u00e9veloppement urbain et cadre de vie. Pour les Salouasiens et les professionnels install\u00e9s ici, b\u00e9n\u00e9ficier d&rsquo;une telle stabilit\u00e9 dans la gestion de l&rsquo;environnement est un atout majeur. C\u2019est une reconnaissance qui prouve que l\u2019investissement dans les infrastructures est payant sur le long terme, offrant un mod\u00e8le de gestion efficace au sein du d\u00e9partement. Des infrastructures modernes pour faciliter le quotidien Pour r\u00e9pondre aux attentes des habitants et optimiser leur confort de vie, la commune s&rsquo;appuie sur des \u00e9quipements de haut niveau. Entre la proximit\u00e9 imm\u00e9diate du complexe hospitalier, l&rsquo;acc\u00e8s direct aux p\u00f4les universitaires et un r\u00e9seau de transport en commun, Salou\u00ebl offre des services dignes des plus grandes agglom\u00e9rations. Ce maillage entre modernit\u00e9 et convivialit\u00e9 permet de r\u00e9pondre aux besoins r\u00e9els de chaque g\u00e9n\u00e9ration. Qu\u2019il s\u2019agisse des \u00e9quipements sportifs ou des espaces d\u00e9di\u00e9s aux familles, chaque projet est con\u00e7u pour renforcer l&rsquo;efficacit\u00e9 des services publics locaux. Un dynamisme \u00e9conomique et associatif constant Ce palmar\u00e8s 2026 valorise \u00e9galement la vitalit\u00e9 qui anime la cit\u00e9. Le tissu de commerces de proximit\u00e9 et les zones d&rsquo;activit\u00e9s apportent une dynamique \u00e9conomique indispensable \u00e0 l&rsquo;\u00e9quilibre local. C\u2019est une immersion dans un territoire qui bouge et qui sait se moderniser. Chaque am\u00e9nagement urbain et chaque service rendu aux citoyens contribuent \u00e0 cette note globale d&rsquo;excellence. Avoir acc\u00e8s \u00e0 de tels \u00e9quipements \u00e0 sa porte est un avantage pour les locaux. Un cadre de vie exemplaire dans la Somme En se maintenant durablement dans le top 5 du d\u00e9partement, Salou\u00ebl confirme la qualit\u00e9 de son am\u00e9nagement territorial. La pr\u00e9servation de l&rsquo;environnement et l&rsquo;acc\u00e8s facilit\u00e9 aux soins de sant\u00e9 sont des piliers qui garantissent la p\u00e9rennit\u00e9 de ce classement. Cette r\u00e9ussite est une v\u00e9ritable vitrine pour la Somme, prouvant qu&rsquo;une gestion attentive aux infrastructures permet d&rsquo;atteindre des standards de qualit\u00e9 de vie \u00e9lev\u00e9s.","og_url":"https:\/\/happynessradio.fr\/amiens\/articles\/classement-2026-la-qualite-de-vie-a-salouel-a-nouveau-recompensee-au-sommet-de-la-somme\/","og_site_name":"Happyness Amiens","article_published_time":"2026-02-01T22:45:27+00:00","article_modified_time":"2026-02-01T22:45:28+00:00","og_image":[{"width":1084,"height":487,"url":"https:\/\/happynessradio.fr\/amiens\/wp-content\/uploads\/sites\/3\/2025\/12\/Visuel-Aucun.webp","type":"image\/webp"}],"author":"Lo\u00efc Dun","twitter_card":"summary_large_image","twitter_misc":{"\u00c9crit par":"Lo\u00efc Dun","Dur\u00e9e de lecture estim\u00e9e":"3 minutes"},"schema":{"@context":"https:\/\/schema.org","@graph":[{"@type":"Article","@id":"https:\/\/happynessradio.fr\/amiens\/articles\/classement-2026-la-qualite-de-vie-a-salouel-a-nouveau-recompensee-au-sommet-de-la-somme\/#article","isPartOf":{"@id":"https:\/\/happynessradio.fr\/amiens\/articles\/classement-2026-la-qualite-de-vie-a-salouel-a-nouveau-recompensee-au-sommet-de-la-somme\/"},"author":{"name":"Lo\u00efc Dun","@id":"https:\/\/happynessradio.fr\/amiens\/#\/schema\/person\/735f1a1ba15f9478beb4249ad52f7252"},"headline":"Classement 2026 : la qualit\u00e9 de vie \u00e0 Salou\u00ebl \u00e0 nouveau r\u00e9compens\u00e9e au sommet de la Somme","datePublished":"2026-02-01T22:45:27+00:00","dateModified":"2026-02-01T22:45:28+00:00","mainEntityOfPage":{"@id":"https:\/\/happynessradio.fr\/amiens\/articles\/classement-2026-la-qualite-de-vie-a-salouel-a-nouveau-recompensee-au-sommet-de-la-somme\/"},"wordCount":472,"commentCount":0,"image":{"@id":"https:\/\/happynessradio.fr\/amiens\/articles\/classement-2026-la-qualite-de-vie-a-salouel-a-nouveau-recompensee-au-sommet-de-la-somme\/#primaryimage"},"thumbnailUrl":"https:\/\/happynessradio.fr\/amiens\/wp-content\/uploads\/sites\/3\/2025\/12\/Visuel-Aucun.webp","inLanguage":"fr-FR","potentialAction":[{"@type":"CommentAction","name":"Comment","target":["https:\/\/happynessradio.fr\/amiens\/articles\/classement-2026-la-qualite-de-vie-a-salouel-a-nouveau-recompensee-au-sommet-de-la-somme\/#respond"]}]},{"@type":"WebPage","@id":"https:\/\/happynessradio.fr\/amiens\/articles\/classement-2026-la-qualite-de-vie-a-salouel-a-nouveau-recompensee-au-sommet-de-la-somme\/","url":"https:\/\/happynessradio.fr\/amiens\/articles\/classement-2026-la-qualite-de-vie-a-salouel-a-nouveau-recompensee-au-sommet-de-la-somme\/","name":"Classement 2026 : la qualit\u00e9 de vie \u00e0 Salou\u00ebl \u00e0 nouveau r\u00e9compens\u00e9e au sommet de la Somme - Happyness Amiens","isPartOf":{"@id":"https:\/\/happynessradio.fr\/amiens\/#website"},"primaryImageOfPage":{"@id":"https:\/\/happynessradio.fr\/amiens\/articles\/classement-2026-la-qualite-de-vie-a-salouel-a-nouveau-recompensee-au-sommet-de-la-somme\/#primaryimage"},"image":{"@id":"https:\/\/happynessradio.fr\/amiens\/articles\/classement-2026-la-qualite-de-vie-a-salouel-a-nouveau-recompensee-au-sommet-de-la-somme\/#primaryimage"},"thumbnailUrl":"https:\/\/happynessradio.fr\/amiens\/wp-content\/uploads\/sites\/3\/2025\/12\/Visuel-Aucun.webp","datePublished":"2026-02-01T22:45:27+00:00","dateModified":"2026-02-01T22:45:28+00:00","author":{"@id":"https:\/\/happynessradio.fr\/amiens\/#\/schema\/person\/735f1a1ba15f9478beb4249ad52f7252"},"breadcrumb":{"@id":"https:\/\/happynessradio.fr\/amiens\/articles\/classement-2026-la-qualite-de-vie-a-salouel-a-nouveau-recompensee-au-sommet-de-la-somme\/#breadcrumb"},"inLanguage":"fr-FR","potentialAction":[{"@type":"ReadAction","target":["https:\/\/happynessradio.fr\/amiens\/articles\/classement-2026-la-qualite-de-vie-a-salouel-a-nouveau-recompensee-au-sommet-de-la-somme\/"]}]},{"@type":"ImageObject","inLanguage":"fr-FR","@id":"https:\/\/happynessradio.fr\/amiens\/articles\/classement-2026-la-qualite-de-vie-a-salouel-a-nouveau-recompensee-au-sommet-de-la-somme\/#primaryimage","url":"https:\/\/happynessradio.fr\/amiens\/wp-content\/uploads\/sites\/3\/2025\/12\/Visuel-Aucun.webp","contentUrl":"https:\/\/happynessradio.fr\/amiens\/wp-content\/uploads\/sites\/3\/2025\/12\/Visuel-Aucun.webp","width":1084,"height":487},{"@type":"BreadcrumbList","@id":"https:\/\/happynessradio.fr\/amiens\/articles\/classement-2026-la-qualite-de-vie-a-salouel-a-nouveau-recompensee-au-sommet-de-la-somme\/#breadcrumb","itemListElement":[{"@type":"ListItem","position":1,"name":"Accueil","item":"https:\/\/happynessradio.fr\/amiens\/"},{"@type":"ListItem","position":2,"name":"Classement 2026 : la qualit\u00e9 de vie \u00e0 Salou\u00ebl \u00e0 nouveau r\u00e9compens\u00e9e au sommet de la Somme"}]},{"@type":"WebSite","@id":"https:\/\/happynessradio.fr\/amiens\/#website","url":"https:\/\/happynessradio.fr\/amiens\/","name":"Happyness Amiens","description":"Toujours au plus proche de vous","potentialAction":[{"@type":"SearchAction","target":{"@type":"EntryPoint","urlTemplate":"https:\/\/happynessradio.fr\/amiens\/?s={search_term_string}"},"query-input":{"@type":"PropertyValueSpecification","valueRequired":true,"valueName":"search_term_string"}}],"inLanguage":"fr-FR"},{"@type":"Person","@id":"https:\/\/happynessradio.fr\/amiens\/#\/schema\/person\/735f1a1ba15f9478beb4249ad52f7252","name":"Lo\u00efc Dun","image":{"@type":"ImageObject","inLanguage":"fr-FR","@id":"https:\/\/happynessradio.fr\/amiens\/wp-content\/uploads\/sites\/3\/2025\/12\/cropped-Portrait-Loic-25-26-96x96.webp","url":"https:\/\/happynessradio.fr\/amiens\/wp-content\/uploads\/sites\/3\/2025\/12\/cropped-Portrait-Loic-25-26-96x96.webp","contentUrl":"https:\/\/happynessradio.fr\/amiens\/wp-content\/uploads\/sites\/3\/2025\/12\/cropped-Portrait-Loic-25-26-96x96.webp","caption":"Lo\u00efc Dun"},"description":"R\u00e9dacteur web Happyness. Co-animateur (chroniqueur) Quoi d'neuf ? Amiens Chroniqueur Le R\u00e9veil Happyness","sameAs":["https:\/\/www.instagram.com\/lolo80radio\/","https:\/\/www.linkedin.com\/in\/loc-d-365960164\/"],"url":"https:\/\/happynessradio.fr\/amiens\/articles\/author\/loicdun\/"}]}},"modified_by":"Lo\u00efc Dun","_links":{"self":[{"href":"https:\/\/happynessradio.fr\/amiens\/wp-json\/wp\/v2\/posts\/11770","targetHints":{"allow":["GET"]}}],"collection":[{"href":"https:\/\/happynessradio.fr\/amiens\/wp-json\/wp\/v2\/posts"}],"about":[{"href":"https:\/\/happynessradio.fr\/amiens\/wp-json\/wp\/v2\/types\/post"}],"author":[{"embeddable":true,"href":"https:\/\/happynessradio.fr\/amiens\/wp-json\/wp\/v2\/users\/6"}],"replies":[{"embeddable":true,"href":"https:\/\/happynessradio.fr\/amiens\/wp-json\/wp\/v2\/comments?post=11770"}],"version-history":[{"count":2,"href":"https:\/\/happynessradio.fr\/amiens\/wp-json\/wp\/v2\/posts\/11770\/revisions"}],"predecessor-version":[{"id":11772,"href":"https:\/\/happynessradio.fr\/amiens\/wp-json\/wp\/v2\/posts\/11770\/revisions\/11772"}],"wp:featuredmedia":[{"embeddable":true,"href":"https:\/\/happynessradio.fr\/amiens\/wp-json\/wp\/v2\/media\/10910"}],"wp:attachment":[{"href":"https:\/\/happynessradio.fr\/amiens\/wp-json\/wp\/v2\/media?parent=11770"}],"wp:term":[{"taxonomy":"category","embeddable":true,"href":"https:\/\/happynessradio.fr\/amiens\/wp-json\/wp\/v2\/categories?post=11770"},{"taxonomy":"post_tag","embeddable":true,"href":"https:\/\/happynessradio.fr\/amiens\/wp-json\/wp\/v2\/tags?post=11770"}],"curies":[{"name":"wp","href":"https:\/\/api.w.org\/{rel}","templated":true}]}}