{"id":11799,"date":"2026-02-06T00:16:09","date_gmt":"2026-02-05T23:16:09","guid":{"rendered":"https:\/\/happynessradio.fr\/amiens\/?p=11799"},"modified":"2026-02-06T00:16:10","modified_gmt":"2026-02-05T23:16:10","slug":"meteo-dans-la-somme-un-week-end-marque-par-la-pluie-et-la-grisaille","status":"publish","type":"post","link":"https:\/\/happynessradio.fr\/amiens\/articles\/meteo-dans-la-somme-un-week-end-marque-par-la-pluie-et-la-grisaille\/","title":{"rendered":"M\u00e9t\u00e9o dans la Somme : Un week-end marqu\u00e9 par la pluie et la grisaille"},"content":{"rendered":"\n<p><em>Le parapluie sera l&rsquo;accessoire indispensable de votre week-end. Un passage pluvieux est attendu dans la Somme d\u00e8s ce vendredi, avec des conditions qui resteront tr\u00e8s humides tout au long de la journ\u00e9e de samedi. Si la douceur s&rsquo;invite l&rsquo;apr\u00e8s-midi, la prudence reste de mise sur les routes de nos communes.<\/em><\/p>\n\n\n\n<p><strong>\u200bUn ciel charg\u00e9 et des averses persistantes sur tout le territoire<\/strong><\/p>\n\n\n\n<p>Les pr\u00e9visions m\u00e9t\u00e9o pour ces prochains jours ne laissent que peu de place au doute car l&rsquo;humidit\u00e9 sera la grande protagoniste. Que vous soyez dans les terres ou vers le littoral, le d\u00e9partement de la Somme s&rsquo;appr\u00eate \u00e0 traverser une s\u00e9quence pluvieuse active. D\u00e8s vendredi, les premi\u00e8res perturbations arroseront le territoire, suivies d&rsquo;une journ\u00e9e de samedi tout aussi maussade. Ce temps gris devrait concerner la majeure partie de nos villes et villages, rendant les activit\u00e9s de plein air compromises pour la premi\u00e8re partie du week-end.<br>\u200b<\/p>\n\n\n\n<p><strong>Une douceur trompeuse entre 3 et 12 degr\u00e9s<\/strong><br>\u200b<\/p>\n\n\n\n<p>Malgr\u00e9 la pluie, les temp\u00e9ratures resteront relativement cl\u00e9mentes pour la saison, ce qui \u00e9vitera les risques de verglas. Le matin, le mercure affichera une minimale de 3\u00b0C, une fra\u00eecheur mod\u00e9r\u00e9e mais bien pr\u00e9sente au lever du jour qui n\u00e9cessitera une petite laine. L&rsquo;apr\u00e8s-midi, les maximales grimperont jusqu&rsquo;\u00e0 12\u00b0C. Cette douceur se fera malheureusement oublier sous les averses r\u00e9p\u00e9t\u00e9es, l&rsquo;humidit\u00e9 ambiante donnant un ressenti souvent plus frais que ce qu&rsquo;affiche r\u00e9ellement le thermom\u00e8tre.<br>\u200b<\/p>\n\n\n\n<p><strong>Profiter de son week-end malgr\u00e9 les intemp\u00e9ries<\/strong><\/p>\n\n\n\n<p><br>\u200bPuisque le temps ne se pr\u00eate pas aux randonn\u00e9es ou aux sorties en ext\u00e9rieur, c&rsquo;est le moment id\u00e9al pour se tourner vers les loisirs \u00e0 l&rsquo;abri. Les nombreuses structures culturelles de la Somme offrent de belles alternatives pour rester au sec tout en se divertissant. Il est toutefois recommand\u00e9 d&rsquo;adapter sa conduite lors des d\u00e9placements entre les diff\u00e9rentes communes, car la pluie battante pr\u00e9vue entre vendredi et samedi pourra rendre les chauss\u00e9es glissantes et r\u00e9duire la visibilit\u00e9.<\/p>\n\n\n\n<p><strong>Partagez votre week-end avec la communaut\u00e9 Happyness<\/strong><\/p>\n\n\n\n<p>M\u00eame sous la grisaille, notre d\u00e9partement conserve tout son charme et ses lumi\u00e8res si particuli\u00e8res. Nous vous invitons \u00e0 nous envoyer vos plus beaux clich\u00e9s de paysages samariens sous la pluie ou vos moments de d\u00e9tente bien au chaud. N&rsquo;h\u00e9sitez pas \u00e0 partager vos photos en commentaire sur la page Facebook de Happyness Amiens ou \u00e0 nous identifier sur vos publications. Nous repartagerons les plus inspirantes pour mettre un peu de couleur dans ce week-end humide !<\/p>\n","protected":false},"excerpt":{"rendered":"<p>Le parapluie sera l&rsquo;accessoire indispensable de votre week-end. Un passage pluvieux est attendu dans la Somme d\u00e8s ce vendredi, avec des conditions qui resteront tr\u00e8s humides tout au long de la journ\u00e9e de samedi. Si la douceur s&rsquo;invite l&rsquo;apr\u00e8s-midi, la prudence reste de mise sur les routes de nos communes. \u200bUn ciel charg\u00e9 et des averses persistantes sur tout le territoire Les pr\u00e9visions m\u00e9t\u00e9o pour ces prochains jours ne laissent que peu de place au doute car l&rsquo;humidit\u00e9 sera la grande protagoniste. Que vous soyez dans les terres ou vers le littoral, le d\u00e9partement de la Somme s&rsquo;appr\u00eate \u00e0 traverser une s\u00e9quence pluvieuse active. D\u00e8s vendredi, les premi\u00e8res perturbations arroseront le territoire, suivies d&rsquo;une journ\u00e9e de samedi tout aussi maussade. Ce temps gris devrait concerner la majeure partie de nos villes et villages, rendant les activit\u00e9s de plein air compromises pour la premi\u00e8re partie du week-end.\u200b Une douceur trompeuse entre 3 et 12 degr\u00e9s\u200b Malgr\u00e9 la pluie, les temp\u00e9ratures resteront relativement cl\u00e9mentes pour la saison, ce qui \u00e9vitera les risques de verglas. Le matin, le mercure affichera une minimale de 3\u00b0C, une fra\u00eecheur mod\u00e9r\u00e9e mais bien pr\u00e9sente au lever du jour qui n\u00e9cessitera une petite laine. L&rsquo;apr\u00e8s-midi, les maximales grimperont jusqu&rsquo;\u00e0 12\u00b0C. Cette douceur se fera malheureusement oublier sous les averses r\u00e9p\u00e9t\u00e9es, l&rsquo;humidit\u00e9 ambiante donnant un ressenti souvent plus frais que ce qu&rsquo;affiche r\u00e9ellement le thermom\u00e8tre.\u200b Profiter de son week-end malgr\u00e9 les intemp\u00e9ries \u200bPuisque le temps ne se pr\u00eate pas aux randonn\u00e9es ou aux sorties en ext\u00e9rieur, c&rsquo;est le moment id\u00e9al pour se tourner vers les loisirs \u00e0 l&rsquo;abri. Les nombreuses structures culturelles de la Somme offrent de belles alternatives pour rester au sec tout en se divertissant. Il est toutefois recommand\u00e9 d&rsquo;adapter sa conduite lors des d\u00e9placements entre les diff\u00e9rentes communes, car la pluie battante pr\u00e9vue entre vendredi et samedi pourra rendre les chauss\u00e9es glissantes et r\u00e9duire la visibilit\u00e9. Partagez votre week-end avec la communaut\u00e9 Happyness M\u00eame sous la grisaille, notre d\u00e9partement conserve tout son charme et ses lumi\u00e8res si particuli\u00e8res. Nous vous invitons \u00e0 nous envoyer vos plus beaux clich\u00e9s de paysages samariens sous la pluie ou vos moments de d\u00e9tente bien au chaud. N&rsquo;h\u00e9sitez pas \u00e0 partager vos photos en commentaire sur la page Facebook de Happyness Amiens ou \u00e0 nous identifier sur vos publications. Nous repartagerons les plus inspirantes pour mettre un peu de couleur dans ce week-end humide !<\/p>\n","protected":false},"author":6,"featured_media":11800,"comment_status":"open","ping_status":"open","sticky":false,"template":"","format":"standard","meta":{"_lmt_disableupdate":"","_lmt_disable":"","footnotes":""},"categories":[1],"tags":[],"class_list":["post-11799","post","type-post","status-publish","format-standard","has-post-thumbnail","hentry","category-non-classe"],"yoast_head":"<!-- This site is optimized with the Yoast SEO plugin v27.5 - https:\/\/yoast.com\/product\/yoast-seo-wordpress\/ -->\n<title>M\u00e9t\u00e9o dans la Somme : Un week-end marqu\u00e9 par la pluie et la grisaille - Happyness Amiens<\/title>\n<meta name=\"robots\" content=\"index, follow, max-snippet:-1, max-image-preview:large, max-video-preview:-1\" \/>\n<link rel=\"canonical\" href=\"https:\/\/happynessradio.fr\/amiens\/articles\/meteo-dans-la-somme-un-week-end-marque-par-la-pluie-et-la-grisaille\/\" \/>\n<meta property=\"og:locale\" content=\"fr_FR\" \/>\n<meta property=\"og:type\" content=\"article\" \/>\n<meta property=\"og:title\" content=\"M\u00e9t\u00e9o dans la Somme : Un week-end marqu\u00e9 par la pluie et la grisaille - Happyness Amiens\" \/>\n<meta property=\"og:description\" content=\"Le parapluie sera l&rsquo;accessoire indispensable de votre week-end. Un passage pluvieux est attendu dans la Somme d\u00e8s ce vendredi, avec des conditions qui resteront tr\u00e8s humides tout au long de la journ\u00e9e de samedi. Si la douceur s&rsquo;invite l&rsquo;apr\u00e8s-midi, la prudence reste de mise sur les routes de nos communes. \u200bUn ciel charg\u00e9 et des averses persistantes sur tout le territoire Les pr\u00e9visions m\u00e9t\u00e9o pour ces prochains jours ne laissent que peu de place au doute car l&rsquo;humidit\u00e9 sera la grande protagoniste. Que vous soyez dans les terres ou vers le littoral, le d\u00e9partement de la Somme s&rsquo;appr\u00eate \u00e0 traverser une s\u00e9quence pluvieuse active. D\u00e8s vendredi, les premi\u00e8res perturbations arroseront le territoire, suivies d&rsquo;une journ\u00e9e de samedi tout aussi maussade. Ce temps gris devrait concerner la majeure partie de nos villes et villages, rendant les activit\u00e9s de plein air compromises pour la premi\u00e8re partie du week-end.\u200b Une douceur trompeuse entre 3 et 12 degr\u00e9s\u200b Malgr\u00e9 la pluie, les temp\u00e9ratures resteront relativement cl\u00e9mentes pour la saison, ce qui \u00e9vitera les risques de verglas. Le matin, le mercure affichera une minimale de 3\u00b0C, une fra\u00eecheur mod\u00e9r\u00e9e mais bien pr\u00e9sente au lever du jour qui n\u00e9cessitera une petite laine. L&rsquo;apr\u00e8s-midi, les maximales grimperont jusqu&rsquo;\u00e0 12\u00b0C. Cette douceur se fera malheureusement oublier sous les averses r\u00e9p\u00e9t\u00e9es, l&rsquo;humidit\u00e9 ambiante donnant un ressenti souvent plus frais que ce qu&rsquo;affiche r\u00e9ellement le thermom\u00e8tre.\u200b Profiter de son week-end malgr\u00e9 les intemp\u00e9ries \u200bPuisque le temps ne se pr\u00eate pas aux randonn\u00e9es ou aux sorties en ext\u00e9rieur, c&rsquo;est le moment id\u00e9al pour se tourner vers les loisirs \u00e0 l&rsquo;abri. Les nombreuses structures culturelles de la Somme offrent de belles alternatives pour rester au sec tout en se divertissant. Il est toutefois recommand\u00e9 d&rsquo;adapter sa conduite lors des d\u00e9placements entre les diff\u00e9rentes communes, car la pluie battante pr\u00e9vue entre vendredi et samedi pourra rendre les chauss\u00e9es glissantes et r\u00e9duire la visibilit\u00e9. Partagez votre week-end avec la communaut\u00e9 Happyness M\u00eame sous la grisaille, notre d\u00e9partement conserve tout son charme et ses lumi\u00e8res si particuli\u00e8res. Nous vous invitons \u00e0 nous envoyer vos plus beaux clich\u00e9s de paysages samariens sous la pluie ou vos moments de d\u00e9tente bien au chaud. N&rsquo;h\u00e9sitez pas \u00e0 partager vos photos en commentaire sur la page Facebook de Happyness Amiens ou \u00e0 nous identifier sur vos publications. Nous repartagerons les plus inspirantes pour mettre un peu de couleur dans ce week-end humide !\" \/>\n<meta property=\"og:url\" content=\"https:\/\/happynessradio.fr\/amiens\/articles\/meteo-dans-la-somme-un-week-end-marque-par-la-pluie-et-la-grisaille\/\" \/>\n<meta property=\"og:site_name\" content=\"Happyness Amiens\" \/>\n<meta property=\"article:published_time\" content=\"2026-02-05T23:16:09+00:00\" \/>\n<meta property=\"article:modified_time\" content=\"2026-02-05T23:16:10+00:00\" \/>\n<meta property=\"og:image\" content=\"https:\/\/happynessradio.fr\/amiens\/wp-content\/uploads\/sites\/3\/2026\/02\/ChatGPT-Image-6-fevr.-2026-00_10_42.png\" \/>\n\t<meta property=\"og:image:width\" content=\"1536\" \/>\n\t<meta property=\"og:image:height\" content=\"1024\" \/>\n\t<meta property=\"og:image:type\" content=\"image\/png\" \/>\n<meta name=\"author\" content=\"Lo\u00efc Dun\" \/>\n<meta name=\"twitter:card\" content=\"summary_large_image\" \/>\n<meta name=\"twitter:label1\" content=\"\u00c9crit par\" \/>\n\t<meta name=\"twitter:data1\" content=\"Lo\u00efc Dun\" \/>\n\t<meta name=\"twitter:label2\" content=\"Dur\u00e9e de lecture estim\u00e9e\" \/>\n\t<meta name=\"twitter:data2\" content=\"3 minutes\" \/>\n<script type=\"application\/ld+json\" class=\"yoast-schema-graph\">{\"@context\":\"https:\\\/\\\/schema.org\",\"@graph\":[{\"@type\":\"Article\",\"@id\":\"https:\\\/\\\/happynessradio.fr\\\/amiens\\\/articles\\\/meteo-dans-la-somme-un-week-end-marque-par-la-pluie-et-la-grisaille\\\/#article\",\"isPartOf\":{\"@id\":\"https:\\\/\\\/happynessradio.fr\\\/amiens\\\/articles\\\/meteo-dans-la-somme-un-week-end-marque-par-la-pluie-et-la-grisaille\\\/\"},\"author\":{\"name\":\"Lo\u00efc Dun\",\"@id\":\"https:\\\/\\\/happynessradio.fr\\\/amiens\\\/#\\\/schema\\\/person\\\/735f1a1ba15f9478beb4249ad52f7252\"},\"headline\":\"M\u00e9t\u00e9o dans la Somme : Un week-end marqu\u00e9 par la pluie et la grisaille\",\"datePublished\":\"2026-02-05T23:16:09+00:00\",\"dateModified\":\"2026-02-05T23:16:10+00:00\",\"mainEntityOfPage\":{\"@id\":\"https:\\\/\\\/happynessradio.fr\\\/amiens\\\/articles\\\/meteo-dans-la-somme-un-week-end-marque-par-la-pluie-et-la-grisaille\\\/\"},\"wordCount\":460,\"commentCount\":0,\"image\":{\"@id\":\"https:\\\/\\\/happynessradio.fr\\\/amiens\\\/articles\\\/meteo-dans-la-somme-un-week-end-marque-par-la-pluie-et-la-grisaille\\\/#primaryimage\"},\"thumbnailUrl\":\"https:\\\/\\\/happynessradio.fr\\\/amiens\\\/wp-content\\\/uploads\\\/sites\\\/3\\\/2026\\\/02\\\/ChatGPT-Image-6-fevr.-2026-00_10_42.png\",\"inLanguage\":\"fr-FR\",\"potentialAction\":[{\"@type\":\"CommentAction\",\"name\":\"Comment\",\"target\":[\"https:\\\/\\\/happynessradio.fr\\\/amiens\\\/articles\\\/meteo-dans-la-somme-un-week-end-marque-par-la-pluie-et-la-grisaille\\\/#respond\"]}]},{\"@type\":\"WebPage\",\"@id\":\"https:\\\/\\\/happynessradio.fr\\\/amiens\\\/articles\\\/meteo-dans-la-somme-un-week-end-marque-par-la-pluie-et-la-grisaille\\\/\",\"url\":\"https:\\\/\\\/happynessradio.fr\\\/amiens\\\/articles\\\/meteo-dans-la-somme-un-week-end-marque-par-la-pluie-et-la-grisaille\\\/\",\"name\":\"M\u00e9t\u00e9o dans la Somme : Un week-end marqu\u00e9 par la pluie et la grisaille - Happyness Amiens\",\"isPartOf\":{\"@id\":\"https:\\\/\\\/happynessradio.fr\\\/amiens\\\/#website\"},\"primaryImageOfPage\":{\"@id\":\"https:\\\/\\\/happynessradio.fr\\\/amiens\\\/articles\\\/meteo-dans-la-somme-un-week-end-marque-par-la-pluie-et-la-grisaille\\\/#primaryimage\"},\"image\":{\"@id\":\"https:\\\/\\\/happynessradio.fr\\\/amiens\\\/articles\\\/meteo-dans-la-somme-un-week-end-marque-par-la-pluie-et-la-grisaille\\\/#primaryimage\"},\"thumbnailUrl\":\"https:\\\/\\\/happynessradio.fr\\\/amiens\\\/wp-content\\\/uploads\\\/sites\\\/3\\\/2026\\\/02\\\/ChatGPT-Image-6-fevr.-2026-00_10_42.png\",\"datePublished\":\"2026-02-05T23:16:09+00:00\",\"dateModified\":\"2026-02-05T23:16:10+00:00\",\"author\":{\"@id\":\"https:\\\/\\\/happynessradio.fr\\\/amiens\\\/#\\\/schema\\\/person\\\/735f1a1ba15f9478beb4249ad52f7252\"},\"breadcrumb\":{\"@id\":\"https:\\\/\\\/happynessradio.fr\\\/amiens\\\/articles\\\/meteo-dans-la-somme-un-week-end-marque-par-la-pluie-et-la-grisaille\\\/#breadcrumb\"},\"inLanguage\":\"fr-FR\",\"potentialAction\":[{\"@type\":\"ReadAction\",\"target\":[\"https:\\\/\\\/happynessradio.fr\\\/amiens\\\/articles\\\/meteo-dans-la-somme-un-week-end-marque-par-la-pluie-et-la-grisaille\\\/\"]}]},{\"@type\":\"ImageObject\",\"inLanguage\":\"fr-FR\",\"@id\":\"https:\\\/\\\/happynessradio.fr\\\/amiens\\\/articles\\\/meteo-dans-la-somme-un-week-end-marque-par-la-pluie-et-la-grisaille\\\/#primaryimage\",\"url\":\"https:\\\/\\\/happynessradio.fr\\\/amiens\\\/wp-content\\\/uploads\\\/sites\\\/3\\\/2026\\\/02\\\/ChatGPT-Image-6-fevr.-2026-00_10_42.png\",\"contentUrl\":\"https:\\\/\\\/happynessradio.fr\\\/amiens\\\/wp-content\\\/uploads\\\/sites\\\/3\\\/2026\\\/02\\\/ChatGPT-Image-6-fevr.-2026-00_10_42.png\",\"width\":1536,\"height\":1024},{\"@type\":\"BreadcrumbList\",\"@id\":\"https:\\\/\\\/happynessradio.fr\\\/amiens\\\/articles\\\/meteo-dans-la-somme-un-week-end-marque-par-la-pluie-et-la-grisaille\\\/#breadcrumb\",\"itemListElement\":[{\"@type\":\"ListItem\",\"position\":1,\"name\":\"Accueil\",\"item\":\"https:\\\/\\\/happynessradio.fr\\\/amiens\\\/\"},{\"@type\":\"ListItem\",\"position\":2,\"name\":\"M\u00e9t\u00e9o dans la Somme : Un week-end marqu\u00e9 par la pluie et la grisaille\"}]},{\"@type\":\"WebSite\",\"@id\":\"https:\\\/\\\/happynessradio.fr\\\/amiens\\\/#website\",\"url\":\"https:\\\/\\\/happynessradio.fr\\\/amiens\\\/\",\"name\":\"Happyness Amiens\",\"description\":\"Toujours au plus proche de vous\",\"potentialAction\":[{\"@type\":\"SearchAction\",\"target\":{\"@type\":\"EntryPoint\",\"urlTemplate\":\"https:\\\/\\\/happynessradio.fr\\\/amiens\\\/?s={search_term_string}\"},\"query-input\":{\"@type\":\"PropertyValueSpecification\",\"valueRequired\":true,\"valueName\":\"search_term_string\"}}],\"inLanguage\":\"fr-FR\"},{\"@type\":\"Person\",\"@id\":\"https:\\\/\\\/happynessradio.fr\\\/amiens\\\/#\\\/schema\\\/person\\\/735f1a1ba15f9478beb4249ad52f7252\",\"name\":\"Lo\u00efc Dun\",\"image\":{\"@type\":\"ImageObject\",\"inLanguage\":\"fr-FR\",\"@id\":\"https:\\\/\\\/happynessradio.fr\\\/amiens\\\/wp-content\\\/uploads\\\/sites\\\/3\\\/2025\\\/12\\\/cropped-Portrait-Loic-25-26-96x96.webp\",\"url\":\"https:\\\/\\\/happynessradio.fr\\\/amiens\\\/wp-content\\\/uploads\\\/sites\\\/3\\\/2025\\\/12\\\/cropped-Portrait-Loic-25-26-96x96.webp\",\"contentUrl\":\"https:\\\/\\\/happynessradio.fr\\\/amiens\\\/wp-content\\\/uploads\\\/sites\\\/3\\\/2025\\\/12\\\/cropped-Portrait-Loic-25-26-96x96.webp\",\"caption\":\"Lo\u00efc Dun\"},\"description\":\"R\u00e9dacteur web Happyness. Co-animateur (chroniqueur) Quoi d'neuf ? Amiens Chroniqueur Le R\u00e9veil Happyness\",\"sameAs\":[\"https:\\\/\\\/www.instagram.com\\\/lolo80radio\\\/\",\"https:\\\/\\\/www.linkedin.com\\\/in\\\/loc-d-365960164\\\/\"],\"url\":\"https:\\\/\\\/happynessradio.fr\\\/amiens\\\/articles\\\/author\\\/loicdun\\\/\"}]}<\/script>\n<!-- \/ Yoast SEO plugin. -->","yoast_head_json":{"title":"M\u00e9t\u00e9o dans la Somme : Un week-end marqu\u00e9 par la pluie et la grisaille - Happyness Amiens","robots":{"index":"index","follow":"follow","max-snippet":"max-snippet:-1","max-image-preview":"max-image-preview:large","max-video-preview":"max-video-preview:-1"},"canonical":"https:\/\/happynessradio.fr\/amiens\/articles\/meteo-dans-la-somme-un-week-end-marque-par-la-pluie-et-la-grisaille\/","og_locale":"fr_FR","og_type":"article","og_title":"M\u00e9t\u00e9o dans la Somme : Un week-end marqu\u00e9 par la pluie et la grisaille - Happyness Amiens","og_description":"Le parapluie sera l&rsquo;accessoire indispensable de votre week-end. Un passage pluvieux est attendu dans la Somme d\u00e8s ce vendredi, avec des conditions qui resteront tr\u00e8s humides tout au long de la journ\u00e9e de samedi. Si la douceur s&rsquo;invite l&rsquo;apr\u00e8s-midi, la prudence reste de mise sur les routes de nos communes. \u200bUn ciel charg\u00e9 et des averses persistantes sur tout le territoire Les pr\u00e9visions m\u00e9t\u00e9o pour ces prochains jours ne laissent que peu de place au doute car l&rsquo;humidit\u00e9 sera la grande protagoniste. Que vous soyez dans les terres ou vers le littoral, le d\u00e9partement de la Somme s&rsquo;appr\u00eate \u00e0 traverser une s\u00e9quence pluvieuse active. D\u00e8s vendredi, les premi\u00e8res perturbations arroseront le territoire, suivies d&rsquo;une journ\u00e9e de samedi tout aussi maussade. Ce temps gris devrait concerner la majeure partie de nos villes et villages, rendant les activit\u00e9s de plein air compromises pour la premi\u00e8re partie du week-end.\u200b Une douceur trompeuse entre 3 et 12 degr\u00e9s\u200b Malgr\u00e9 la pluie, les temp\u00e9ratures resteront relativement cl\u00e9mentes pour la saison, ce qui \u00e9vitera les risques de verglas. Le matin, le mercure affichera une minimale de 3\u00b0C, une fra\u00eecheur mod\u00e9r\u00e9e mais bien pr\u00e9sente au lever du jour qui n\u00e9cessitera une petite laine. L&rsquo;apr\u00e8s-midi, les maximales grimperont jusqu&rsquo;\u00e0 12\u00b0C. Cette douceur se fera malheureusement oublier sous les averses r\u00e9p\u00e9t\u00e9es, l&rsquo;humidit\u00e9 ambiante donnant un ressenti souvent plus frais que ce qu&rsquo;affiche r\u00e9ellement le thermom\u00e8tre.\u200b Profiter de son week-end malgr\u00e9 les intemp\u00e9ries \u200bPuisque le temps ne se pr\u00eate pas aux randonn\u00e9es ou aux sorties en ext\u00e9rieur, c&rsquo;est le moment id\u00e9al pour se tourner vers les loisirs \u00e0 l&rsquo;abri. Les nombreuses structures culturelles de la Somme offrent de belles alternatives pour rester au sec tout en se divertissant. Il est toutefois recommand\u00e9 d&rsquo;adapter sa conduite lors des d\u00e9placements entre les diff\u00e9rentes communes, car la pluie battante pr\u00e9vue entre vendredi et samedi pourra rendre les chauss\u00e9es glissantes et r\u00e9duire la visibilit\u00e9. Partagez votre week-end avec la communaut\u00e9 Happyness M\u00eame sous la grisaille, notre d\u00e9partement conserve tout son charme et ses lumi\u00e8res si particuli\u00e8res. Nous vous invitons \u00e0 nous envoyer vos plus beaux clich\u00e9s de paysages samariens sous la pluie ou vos moments de d\u00e9tente bien au chaud. N&rsquo;h\u00e9sitez pas \u00e0 partager vos photos en commentaire sur la page Facebook de Happyness Amiens ou \u00e0 nous identifier sur vos publications. Nous repartagerons les plus inspirantes pour mettre un peu de couleur dans ce week-end humide !","og_url":"https:\/\/happynessradio.fr\/amiens\/articles\/meteo-dans-la-somme-un-week-end-marque-par-la-pluie-et-la-grisaille\/","og_site_name":"Happyness Amiens","article_published_time":"2026-02-05T23:16:09+00:00","article_modified_time":"2026-02-05T23:16:10+00:00","og_image":[{"width":1536,"height":1024,"url":"https:\/\/happynessradio.fr\/amiens\/wp-content\/uploads\/sites\/3\/2026\/02\/ChatGPT-Image-6-fevr.-2026-00_10_42.png","type":"image\/png"}],"author":"Lo\u00efc Dun","twitter_card":"summary_large_image","twitter_misc":{"\u00c9crit par":"Lo\u00efc Dun","Dur\u00e9e de lecture estim\u00e9e":"3 minutes"},"schema":{"@context":"https:\/\/schema.org","@graph":[{"@type":"Article","@id":"https:\/\/happynessradio.fr\/amiens\/articles\/meteo-dans-la-somme-un-week-end-marque-par-la-pluie-et-la-grisaille\/#article","isPartOf":{"@id":"https:\/\/happynessradio.fr\/amiens\/articles\/meteo-dans-la-somme-un-week-end-marque-par-la-pluie-et-la-grisaille\/"},"author":{"name":"Lo\u00efc Dun","@id":"https:\/\/happynessradio.fr\/amiens\/#\/schema\/person\/735f1a1ba15f9478beb4249ad52f7252"},"headline":"M\u00e9t\u00e9o dans la Somme : Un week-end marqu\u00e9 par la pluie et la grisaille","datePublished":"2026-02-05T23:16:09+00:00","dateModified":"2026-02-05T23:16:10+00:00","mainEntityOfPage":{"@id":"https:\/\/happynessradio.fr\/amiens\/articles\/meteo-dans-la-somme-un-week-end-marque-par-la-pluie-et-la-grisaille\/"},"wordCount":460,"commentCount":0,"image":{"@id":"https:\/\/happynessradio.fr\/amiens\/articles\/meteo-dans-la-somme-un-week-end-marque-par-la-pluie-et-la-grisaille\/#primaryimage"},"thumbnailUrl":"https:\/\/happynessradio.fr\/amiens\/wp-content\/uploads\/sites\/3\/2026\/02\/ChatGPT-Image-6-fevr.-2026-00_10_42.png","inLanguage":"fr-FR","potentialAction":[{"@type":"CommentAction","name":"Comment","target":["https:\/\/happynessradio.fr\/amiens\/articles\/meteo-dans-la-somme-un-week-end-marque-par-la-pluie-et-la-grisaille\/#respond"]}]},{"@type":"WebPage","@id":"https:\/\/happynessradio.fr\/amiens\/articles\/meteo-dans-la-somme-un-week-end-marque-par-la-pluie-et-la-grisaille\/","url":"https:\/\/happynessradio.fr\/amiens\/articles\/meteo-dans-la-somme-un-week-end-marque-par-la-pluie-et-la-grisaille\/","name":"M\u00e9t\u00e9o dans la Somme : Un week-end marqu\u00e9 par la pluie et la grisaille - Happyness Amiens","isPartOf":{"@id":"https:\/\/happynessradio.fr\/amiens\/#website"},"primaryImageOfPage":{"@id":"https:\/\/happynessradio.fr\/amiens\/articles\/meteo-dans-la-somme-un-week-end-marque-par-la-pluie-et-la-grisaille\/#primaryimage"},"image":{"@id":"https:\/\/happynessradio.fr\/amiens\/articles\/meteo-dans-la-somme-un-week-end-marque-par-la-pluie-et-la-grisaille\/#primaryimage"},"thumbnailUrl":"https:\/\/happynessradio.fr\/amiens\/wp-content\/uploads\/sites\/3\/2026\/02\/ChatGPT-Image-6-fevr.-2026-00_10_42.png","datePublished":"2026-02-05T23:16:09+00:00","dateModified":"2026-02-05T23:16:10+00:00","author":{"@id":"https:\/\/happynessradio.fr\/amiens\/#\/schema\/person\/735f1a1ba15f9478beb4249ad52f7252"},"breadcrumb":{"@id":"https:\/\/happynessradio.fr\/amiens\/articles\/meteo-dans-la-somme-un-week-end-marque-par-la-pluie-et-la-grisaille\/#breadcrumb"},"inLanguage":"fr-FR","potentialAction":[{"@type":"ReadAction","target":["https:\/\/happynessradio.fr\/amiens\/articles\/meteo-dans-la-somme-un-week-end-marque-par-la-pluie-et-la-grisaille\/"]}]},{"@type":"ImageObject","inLanguage":"fr-FR","@id":"https:\/\/happynessradio.fr\/amiens\/articles\/meteo-dans-la-somme-un-week-end-marque-par-la-pluie-et-la-grisaille\/#primaryimage","url":"https:\/\/happynessradio.fr\/amiens\/wp-content\/uploads\/sites\/3\/2026\/02\/ChatGPT-Image-6-fevr.-2026-00_10_42.png","contentUrl":"https:\/\/happynessradio.fr\/amiens\/wp-content\/uploads\/sites\/3\/2026\/02\/ChatGPT-Image-6-fevr.-2026-00_10_42.png","width":1536,"height":1024},{"@type":"BreadcrumbList","@id":"https:\/\/happynessradio.fr\/amiens\/articles\/meteo-dans-la-somme-un-week-end-marque-par-la-pluie-et-la-grisaille\/#breadcrumb","itemListElement":[{"@type":"ListItem","position":1,"name":"Accueil","item":"https:\/\/happynessradio.fr\/amiens\/"},{"@type":"ListItem","position":2,"name":"M\u00e9t\u00e9o dans la Somme : Un week-end marqu\u00e9 par la pluie et la grisaille"}]},{"@type":"WebSite","@id":"https:\/\/happynessradio.fr\/amiens\/#website","url":"https:\/\/happynessradio.fr\/amiens\/","name":"Happyness Amiens","description":"Toujours au plus proche de vous","potentialAction":[{"@type":"SearchAction","target":{"@type":"EntryPoint","urlTemplate":"https:\/\/happynessradio.fr\/amiens\/?s={search_term_string}"},"query-input":{"@type":"PropertyValueSpecification","valueRequired":true,"valueName":"search_term_string"}}],"inLanguage":"fr-FR"},{"@type":"Person","@id":"https:\/\/happynessradio.fr\/amiens\/#\/schema\/person\/735f1a1ba15f9478beb4249ad52f7252","name":"Lo\u00efc Dun","image":{"@type":"ImageObject","inLanguage":"fr-FR","@id":"https:\/\/happynessradio.fr\/amiens\/wp-content\/uploads\/sites\/3\/2025\/12\/cropped-Portrait-Loic-25-26-96x96.webp","url":"https:\/\/happynessradio.fr\/amiens\/wp-content\/uploads\/sites\/3\/2025\/12\/cropped-Portrait-Loic-25-26-96x96.webp","contentUrl":"https:\/\/happynessradio.fr\/amiens\/wp-content\/uploads\/sites\/3\/2025\/12\/cropped-Portrait-Loic-25-26-96x96.webp","caption":"Lo\u00efc Dun"},"description":"R\u00e9dacteur web Happyness. Co-animateur (chroniqueur) Quoi d'neuf ? Amiens Chroniqueur Le R\u00e9veil Happyness","sameAs":["https:\/\/www.instagram.com\/lolo80radio\/","https:\/\/www.linkedin.com\/in\/loc-d-365960164\/"],"url":"https:\/\/happynessradio.fr\/amiens\/articles\/author\/loicdun\/"}]}},"modified_by":"Lo\u00efc Dun","_links":{"self":[{"href":"https:\/\/happynessradio.fr\/amiens\/wp-json\/wp\/v2\/posts\/11799","targetHints":{"allow":["GET"]}}],"collection":[{"href":"https:\/\/happynessradio.fr\/amiens\/wp-json\/wp\/v2\/posts"}],"about":[{"href":"https:\/\/happynessradio.fr\/amiens\/wp-json\/wp\/v2\/types\/post"}],"author":[{"embeddable":true,"href":"https:\/\/happynessradio.fr\/amiens\/wp-json\/wp\/v2\/users\/6"}],"replies":[{"embeddable":true,"href":"https:\/\/happynessradio.fr\/amiens\/wp-json\/wp\/v2\/comments?post=11799"}],"version-history":[{"count":1,"href":"https:\/\/happynessradio.fr\/amiens\/wp-json\/wp\/v2\/posts\/11799\/revisions"}],"predecessor-version":[{"id":11801,"href":"https:\/\/happynessradio.fr\/amiens\/wp-json\/wp\/v2\/posts\/11799\/revisions\/11801"}],"wp:featuredmedia":[{"embeddable":true,"href":"https:\/\/happynessradio.fr\/amiens\/wp-json\/wp\/v2\/media\/11800"}],"wp:attachment":[{"href":"https:\/\/happynessradio.fr\/amiens\/wp-json\/wp\/v2\/media?parent=11799"}],"wp:term":[{"taxonomy":"category","embeddable":true,"href":"https:\/\/happynessradio.fr\/amiens\/wp-json\/wp\/v2\/categories?post=11799"},{"taxonomy":"post_tag","embeddable":true,"href":"https:\/\/happynessradio.fr\/amiens\/wp-json\/wp\/v2\/tags?post=11799"}],"curies":[{"name":"wp","href":"https:\/\/api.w.org\/{rel}","templated":true}]}}