{"id":12385,"date":"2026-03-21T13:27:14","date_gmt":"2026-03-21T12:27:14","guid":{"rendered":"https:\/\/happynessradio.fr\/amiens\/?p=12385"},"modified":"2026-03-21T13:27:15","modified_gmt":"2026-03-21T12:27:15","slug":"meteo-dans-la-somme-un-printemps-en-mode-pause-sous-la-grisaille-et-la-pluie","status":"publish","type":"post","link":"https:\/\/happynessradio.fr\/amiens\/articles\/meteo-dans-la-somme-un-printemps-en-mode-pause-sous-la-grisaille-et-la-pluie\/","title":{"rendered":"M\u00e9t\u00e9o dans la Somme : Un printemps en mode pause sous la grisaille et la pluie"},"content":{"rendered":"\n<p><em>Apr\u00e8s un d\u00e9but de semaine plac\u00e9 sous le signe de la douceur mais d&rsquo;une grisaille persistante, le d\u00e9partement de la Somme s&rsquo;appr\u00eate \u00e0 vivre un virage climatique radical d\u00e8s mercredi. Entre chutes de temp\u00e9ratures et averses g\u00e9n\u00e9ralis\u00e9es, le parapluie redeviendra l&rsquo;accessoire indispensable de votre quotidien.<\/em><\/p>\n\n\n\n<h2 class=\"wp-block-heading\">Un d\u00e9but de semaine sous un plafond de plomb<\/h2>\n\n\n\n<p>Le d\u00e9partement entame sa semaine dans une atmosph\u00e8re singuli\u00e8re. \u00c0 <strong>Amiens<\/strong>, <strong>P\u00e9ronne<\/strong> et <strong>Albert<\/strong>, le <a href=\"https:\/\/meteofrance.com\/\" id=\"https:\/\/meteofrance.com\/\">ciel<\/a> restera d\u00e9sesp\u00e9r\u00e9ment ferm\u00e9 ce lundi et ce mardi avec un temps extr\u00eamement nuageux. Si la lumi\u00e8re manque, la douceur, elle, est bien pr\u00e9sente avec des maximales atteignant les <strong>16\u00b0C<\/strong> mardi apr\u00e8s-midi.<\/p>\n\n\n\n<p>Du c\u00f4t\u00e9 d\u2019<strong>Abbeville<\/strong>, le littoral et l&rsquo;arri\u00e8re-pays s&rsquo;en sortent l\u00e9g\u00e8rement mieux avec des \u00e9claircies intermittentes, bien que le thermom\u00e8tre affiche un petit degr\u00e9 de moins que dans les terres lundi (<strong>14\u00b0C<\/strong>). Cette douceur relative n&rsquo;est malheureusement que le pr\u00e9lude \u00e0 une perturbation plus marqu\u00e9e.<\/p>\n\n\n\n<h2 class=\"wp-block-heading\">Le virage de mercredi : le retour du froid et de la pluie<\/h2>\n\n\n\n<p>Le changement d&rsquo;ambiance sera brutal au milieu de la semaine. D\u00e8s mercredi, une chute de pr\u00e8s de 7 degr\u00e9s est attendue sur l&rsquo;ensemble du territoire samarien. \u00c0 <strong>Abbeville<\/strong>, la pluie s&rsquo;installera durablement avec un mercure plafonnant \u00e0 <strong>9\u00b0C<\/strong>. Le constat est identique pour <strong>Amiens<\/strong>, <strong>P\u00e9ronne<\/strong> et <strong>Albert<\/strong> o\u00f9 les nuages mena\u00e7ants laisseront place \u00e0 des averses de plus en plus fr\u00e9quentes.<\/p>\n\n\n\n<p>La journ\u00e9e de jeudi s&rsquo;annonce comme la plus fra\u00eeche de la semaine. Avec seulement <strong>8\u00b0C<\/strong> au meilleur de la journ\u00e9e sur tout le d\u00e9partement, de la c\u00f4te picarde jusqu&rsquo;\u00e0 la Vall\u00e9e de la Somme, l&rsquo;hiver semble vouloir jouer les prolongations.<\/p>\n\n\n\n<h3 class=\"wp-block-heading\">Vers une fin de semaine plus stable mais fra\u00eeche<\/h3>\n\n\n\n<p>\u00c0 l&rsquo;approche du week-end, l&rsquo;agitation pluvieuse devrait s&rsquo;estomper progressivement. Vendredi restera une journ\u00e9e grise et froide, particuli\u00e8rement \u00e0 <strong>Abbeville<\/strong>, <strong>Albert<\/strong> et <strong>P\u00e9ronne<\/strong> o\u00f9 le thermom\u00e8tre ne d\u00e9passera pas les <strong>8\u00b0C<\/strong> sous un ciel plomb\u00e9.<\/p>\n","protected":false},"excerpt":{"rendered":"<p>Apr\u00e8s un d\u00e9but de semaine plac\u00e9 sous le signe de la douceur mais d&rsquo;une grisaille persistante, le d\u00e9partement de la Somme s&rsquo;appr\u00eate \u00e0 vivre un virage climatique radical d\u00e8s mercredi. Entre chutes de temp\u00e9ratures et averses g\u00e9n\u00e9ralis\u00e9es, le parapluie redeviendra l&rsquo;accessoire indispensable de votre quotidien. Un d\u00e9but de semaine sous un plafond de plomb Le d\u00e9partement entame sa semaine dans une atmosph\u00e8re singuli\u00e8re. \u00c0 Amiens, P\u00e9ronne et Albert, le ciel restera d\u00e9sesp\u00e9r\u00e9ment ferm\u00e9 ce lundi et ce mardi avec un temps extr\u00eamement nuageux. Si la lumi\u00e8re manque, la douceur, elle, est bien pr\u00e9sente avec des maximales atteignant les 16\u00b0C mardi apr\u00e8s-midi. Du c\u00f4t\u00e9 d\u2019Abbeville, le littoral et l&rsquo;arri\u00e8re-pays s&rsquo;en sortent l\u00e9g\u00e8rement mieux avec des \u00e9claircies intermittentes, bien que le thermom\u00e8tre affiche un petit degr\u00e9 de moins que dans les terres lundi (14\u00b0C). Cette douceur relative n&rsquo;est malheureusement que le pr\u00e9lude \u00e0 une perturbation plus marqu\u00e9e. Le virage de mercredi : le retour du froid et de la pluie Le changement d&rsquo;ambiance sera brutal au milieu de la semaine. D\u00e8s mercredi, une chute de pr\u00e8s de 7 degr\u00e9s est attendue sur l&rsquo;ensemble du territoire samarien. \u00c0 Abbeville, la pluie s&rsquo;installera durablement avec un mercure plafonnant \u00e0 9\u00b0C. Le constat est identique pour Amiens, P\u00e9ronne et Albert o\u00f9 les nuages mena\u00e7ants laisseront place \u00e0 des averses de plus en plus fr\u00e9quentes. La journ\u00e9e de jeudi s&rsquo;annonce comme la plus fra\u00eeche de la semaine. Avec seulement 8\u00b0C au meilleur de la journ\u00e9e sur tout le d\u00e9partement, de la c\u00f4te picarde jusqu&rsquo;\u00e0 la Vall\u00e9e de la Somme, l&rsquo;hiver semble vouloir jouer les prolongations. Vers une fin de semaine plus stable mais fra\u00eeche \u00c0 l&rsquo;approche du week-end, l&rsquo;agitation pluvieuse devrait s&rsquo;estomper progressivement. Vendredi restera une journ\u00e9e grise et froide, particuli\u00e8rement \u00e0 Abbeville, Albert et P\u00e9ronne o\u00f9 le thermom\u00e8tre ne d\u00e9passera pas les 8\u00b0C sous un ciel plomb\u00e9.<\/p>\n","protected":false},"author":6,"featured_media":12386,"comment_status":"open","ping_status":"open","sticky":false,"template":"","format":"standard","meta":{"_lmt_disableupdate":"","_lmt_disable":"","footnotes":""},"categories":[11],"tags":[],"class_list":["post-12385","post","type-post","status-publish","format-standard","has-post-thumbnail","hentry","category-amiens"],"yoast_head":"<!-- This site is optimized with the Yoast SEO plugin v27.5 - https:\/\/yoast.com\/product\/yoast-seo-wordpress\/ -->\n<title>M\u00e9t\u00e9o dans la Somme : Un printemps en mode pause sous la grisaille et la pluie - Happyness Amiens<\/title>\n<meta name=\"robots\" content=\"index, follow, max-snippet:-1, max-image-preview:large, max-video-preview:-1\" \/>\n<link rel=\"canonical\" href=\"https:\/\/happynessradio.fr\/amiens\/articles\/meteo-dans-la-somme-un-printemps-en-mode-pause-sous-la-grisaille-et-la-pluie\/\" \/>\n<meta property=\"og:locale\" content=\"fr_FR\" \/>\n<meta property=\"og:type\" content=\"article\" \/>\n<meta property=\"og:title\" content=\"M\u00e9t\u00e9o dans la Somme : Un printemps en mode pause sous la grisaille et la pluie - Happyness Amiens\" \/>\n<meta property=\"og:description\" content=\"Apr\u00e8s un d\u00e9but de semaine plac\u00e9 sous le signe de la douceur mais d&rsquo;une grisaille persistante, le d\u00e9partement de la Somme s&rsquo;appr\u00eate \u00e0 vivre un virage climatique radical d\u00e8s mercredi. Entre chutes de temp\u00e9ratures et averses g\u00e9n\u00e9ralis\u00e9es, le parapluie redeviendra l&rsquo;accessoire indispensable de votre quotidien. Un d\u00e9but de semaine sous un plafond de plomb Le d\u00e9partement entame sa semaine dans une atmosph\u00e8re singuli\u00e8re. \u00c0 Amiens, P\u00e9ronne et Albert, le ciel restera d\u00e9sesp\u00e9r\u00e9ment ferm\u00e9 ce lundi et ce mardi avec un temps extr\u00eamement nuageux. Si la lumi\u00e8re manque, la douceur, elle, est bien pr\u00e9sente avec des maximales atteignant les 16\u00b0C mardi apr\u00e8s-midi. Du c\u00f4t\u00e9 d\u2019Abbeville, le littoral et l&rsquo;arri\u00e8re-pays s&rsquo;en sortent l\u00e9g\u00e8rement mieux avec des \u00e9claircies intermittentes, bien que le thermom\u00e8tre affiche un petit degr\u00e9 de moins que dans les terres lundi (14\u00b0C). Cette douceur relative n&rsquo;est malheureusement que le pr\u00e9lude \u00e0 une perturbation plus marqu\u00e9e. Le virage de mercredi : le retour du froid et de la pluie Le changement d&rsquo;ambiance sera brutal au milieu de la semaine. D\u00e8s mercredi, une chute de pr\u00e8s de 7 degr\u00e9s est attendue sur l&rsquo;ensemble du territoire samarien. \u00c0 Abbeville, la pluie s&rsquo;installera durablement avec un mercure plafonnant \u00e0 9\u00b0C. Le constat est identique pour Amiens, P\u00e9ronne et Albert o\u00f9 les nuages mena\u00e7ants laisseront place \u00e0 des averses de plus en plus fr\u00e9quentes. La journ\u00e9e de jeudi s&rsquo;annonce comme la plus fra\u00eeche de la semaine. Avec seulement 8\u00b0C au meilleur de la journ\u00e9e sur tout le d\u00e9partement, de la c\u00f4te picarde jusqu&rsquo;\u00e0 la Vall\u00e9e de la Somme, l&rsquo;hiver semble vouloir jouer les prolongations. Vers une fin de semaine plus stable mais fra\u00eeche \u00c0 l&rsquo;approche du week-end, l&rsquo;agitation pluvieuse devrait s&rsquo;estomper progressivement. Vendredi restera une journ\u00e9e grise et froide, particuli\u00e8rement \u00e0 Abbeville, Albert et P\u00e9ronne o\u00f9 le thermom\u00e8tre ne d\u00e9passera pas les 8\u00b0C sous un ciel plomb\u00e9.\" \/>\n<meta property=\"og:url\" content=\"https:\/\/happynessradio.fr\/amiens\/articles\/meteo-dans-la-somme-un-printemps-en-mode-pause-sous-la-grisaille-et-la-pluie\/\" \/>\n<meta property=\"og:site_name\" content=\"Happyness Amiens\" \/>\n<meta property=\"article:published_time\" content=\"2026-03-21T12:27:14+00:00\" \/>\n<meta property=\"article:modified_time\" content=\"2026-03-21T12:27:15+00:00\" \/>\n<meta property=\"og:image\" content=\"https:\/\/happynessradio.fr\/amiens\/wp-content\/uploads\/sites\/3\/2026\/03\/MockUp-Visuels-articles-5.webp\" \/>\n\t<meta property=\"og:image:width\" content=\"1083\" \/>\n\t<meta property=\"og:image:height\" content=\"486\" \/>\n\t<meta property=\"og:image:type\" content=\"image\/webp\" \/>\n<meta name=\"author\" content=\"Lo\u00efc Dun\" \/>\n<meta name=\"twitter:card\" content=\"summary_large_image\" \/>\n<meta name=\"twitter:label1\" content=\"\u00c9crit par\" \/>\n\t<meta name=\"twitter:data1\" content=\"Lo\u00efc Dun\" \/>\n\t<meta name=\"twitter:label2\" content=\"Dur\u00e9e de lecture estim\u00e9e\" \/>\n\t<meta name=\"twitter:data2\" content=\"2 minutes\" \/>\n<script type=\"application\/ld+json\" class=\"yoast-schema-graph\">{\"@context\":\"https:\\\/\\\/schema.org\",\"@graph\":[{\"@type\":\"Article\",\"@id\":\"https:\\\/\\\/happynessradio.fr\\\/amiens\\\/articles\\\/meteo-dans-la-somme-un-printemps-en-mode-pause-sous-la-grisaille-et-la-pluie\\\/#article\",\"isPartOf\":{\"@id\":\"https:\\\/\\\/happynessradio.fr\\\/amiens\\\/articles\\\/meteo-dans-la-somme-un-printemps-en-mode-pause-sous-la-grisaille-et-la-pluie\\\/\"},\"author\":{\"name\":\"Lo\u00efc Dun\",\"@id\":\"https:\\\/\\\/happynessradio.fr\\\/amiens\\\/#\\\/schema\\\/person\\\/735f1a1ba15f9478beb4249ad52f7252\"},\"headline\":\"M\u00e9t\u00e9o dans la Somme : Un printemps en mode pause sous la grisaille et la pluie\",\"datePublished\":\"2026-03-21T12:27:14+00:00\",\"dateModified\":\"2026-03-21T12:27:15+00:00\",\"mainEntityOfPage\":{\"@id\":\"https:\\\/\\\/happynessradio.fr\\\/amiens\\\/articles\\\/meteo-dans-la-somme-un-printemps-en-mode-pause-sous-la-grisaille-et-la-pluie\\\/\"},\"wordCount\":370,\"commentCount\":0,\"image\":{\"@id\":\"https:\\\/\\\/happynessradio.fr\\\/amiens\\\/articles\\\/meteo-dans-la-somme-un-printemps-en-mode-pause-sous-la-grisaille-et-la-pluie\\\/#primaryimage\"},\"thumbnailUrl\":\"https:\\\/\\\/happynessradio.fr\\\/amiens\\\/wp-content\\\/uploads\\\/sites\\\/3\\\/2026\\\/03\\\/MockUp-Visuels-articles-5.webp\",\"articleSection\":[\"Amiens\"],\"inLanguage\":\"fr-FR\",\"potentialAction\":[{\"@type\":\"CommentAction\",\"name\":\"Comment\",\"target\":[\"https:\\\/\\\/happynessradio.fr\\\/amiens\\\/articles\\\/meteo-dans-la-somme-un-printemps-en-mode-pause-sous-la-grisaille-et-la-pluie\\\/#respond\"]}]},{\"@type\":\"WebPage\",\"@id\":\"https:\\\/\\\/happynessradio.fr\\\/amiens\\\/articles\\\/meteo-dans-la-somme-un-printemps-en-mode-pause-sous-la-grisaille-et-la-pluie\\\/\",\"url\":\"https:\\\/\\\/happynessradio.fr\\\/amiens\\\/articles\\\/meteo-dans-la-somme-un-printemps-en-mode-pause-sous-la-grisaille-et-la-pluie\\\/\",\"name\":\"M\u00e9t\u00e9o dans la Somme : Un printemps en mode pause sous la grisaille et la pluie - Happyness Amiens\",\"isPartOf\":{\"@id\":\"https:\\\/\\\/happynessradio.fr\\\/amiens\\\/#website\"},\"primaryImageOfPage\":{\"@id\":\"https:\\\/\\\/happynessradio.fr\\\/amiens\\\/articles\\\/meteo-dans-la-somme-un-printemps-en-mode-pause-sous-la-grisaille-et-la-pluie\\\/#primaryimage\"},\"image\":{\"@id\":\"https:\\\/\\\/happynessradio.fr\\\/amiens\\\/articles\\\/meteo-dans-la-somme-un-printemps-en-mode-pause-sous-la-grisaille-et-la-pluie\\\/#primaryimage\"},\"thumbnailUrl\":\"https:\\\/\\\/happynessradio.fr\\\/amiens\\\/wp-content\\\/uploads\\\/sites\\\/3\\\/2026\\\/03\\\/MockUp-Visuels-articles-5.webp\",\"datePublished\":\"2026-03-21T12:27:14+00:00\",\"dateModified\":\"2026-03-21T12:27:15+00:00\",\"author\":{\"@id\":\"https:\\\/\\\/happynessradio.fr\\\/amiens\\\/#\\\/schema\\\/person\\\/735f1a1ba15f9478beb4249ad52f7252\"},\"breadcrumb\":{\"@id\":\"https:\\\/\\\/happynessradio.fr\\\/amiens\\\/articles\\\/meteo-dans-la-somme-un-printemps-en-mode-pause-sous-la-grisaille-et-la-pluie\\\/#breadcrumb\"},\"inLanguage\":\"fr-FR\",\"potentialAction\":[{\"@type\":\"ReadAction\",\"target\":[\"https:\\\/\\\/happynessradio.fr\\\/amiens\\\/articles\\\/meteo-dans-la-somme-un-printemps-en-mode-pause-sous-la-grisaille-et-la-pluie\\\/\"]}]},{\"@type\":\"ImageObject\",\"inLanguage\":\"fr-FR\",\"@id\":\"https:\\\/\\\/happynessradio.fr\\\/amiens\\\/articles\\\/meteo-dans-la-somme-un-printemps-en-mode-pause-sous-la-grisaille-et-la-pluie\\\/#primaryimage\",\"url\":\"https:\\\/\\\/happynessradio.fr\\\/amiens\\\/wp-content\\\/uploads\\\/sites\\\/3\\\/2026\\\/03\\\/MockUp-Visuels-articles-5.webp\",\"contentUrl\":\"https:\\\/\\\/happynessradio.fr\\\/amiens\\\/wp-content\\\/uploads\\\/sites\\\/3\\\/2026\\\/03\\\/MockUp-Visuels-articles-5.webp\",\"width\":1083,\"height\":486,\"caption\":\"Vue d'un ciel couvert d'\u00e9pais nuages gris orageux et tourbillonnants, encadr\u00e9e par deux formes g\u00e9om\u00e9triques rouges triangulaires en haut \u00e0 gauche et en bas \u00e0 droite.\"},{\"@type\":\"BreadcrumbList\",\"@id\":\"https:\\\/\\\/happynessradio.fr\\\/amiens\\\/articles\\\/meteo-dans-la-somme-un-printemps-en-mode-pause-sous-la-grisaille-et-la-pluie\\\/#breadcrumb\",\"itemListElement\":[{\"@type\":\"ListItem\",\"position\":1,\"name\":\"Accueil\",\"item\":\"https:\\\/\\\/happynessradio.fr\\\/amiens\\\/\"},{\"@type\":\"ListItem\",\"position\":2,\"name\":\"M\u00e9t\u00e9o dans la Somme : Un printemps en mode pause sous la grisaille et la pluie\"}]},{\"@type\":\"WebSite\",\"@id\":\"https:\\\/\\\/happynessradio.fr\\\/amiens\\\/#website\",\"url\":\"https:\\\/\\\/happynessradio.fr\\\/amiens\\\/\",\"name\":\"Happyness Amiens\",\"description\":\"Toujours au plus proche de vous\",\"potentialAction\":[{\"@type\":\"SearchAction\",\"target\":{\"@type\":\"EntryPoint\",\"urlTemplate\":\"https:\\\/\\\/happynessradio.fr\\\/amiens\\\/?s={search_term_string}\"},\"query-input\":{\"@type\":\"PropertyValueSpecification\",\"valueRequired\":true,\"valueName\":\"search_term_string\"}}],\"inLanguage\":\"fr-FR\"},{\"@type\":\"Person\",\"@id\":\"https:\\\/\\\/happynessradio.fr\\\/amiens\\\/#\\\/schema\\\/person\\\/735f1a1ba15f9478beb4249ad52f7252\",\"name\":\"Lo\u00efc Dun\",\"image\":{\"@type\":\"ImageObject\",\"inLanguage\":\"fr-FR\",\"@id\":\"https:\\\/\\\/happynessradio.fr\\\/amiens\\\/wp-content\\\/uploads\\\/sites\\\/3\\\/2025\\\/12\\\/cropped-Portrait-Loic-25-26-96x96.webp\",\"url\":\"https:\\\/\\\/happynessradio.fr\\\/amiens\\\/wp-content\\\/uploads\\\/sites\\\/3\\\/2025\\\/12\\\/cropped-Portrait-Loic-25-26-96x96.webp\",\"contentUrl\":\"https:\\\/\\\/happynessradio.fr\\\/amiens\\\/wp-content\\\/uploads\\\/sites\\\/3\\\/2025\\\/12\\\/cropped-Portrait-Loic-25-26-96x96.webp\",\"caption\":\"Lo\u00efc Dun\"},\"description\":\"R\u00e9dacteur web Happyness. Co-animateur (chroniqueur) Quoi d'neuf ? Amiens Chroniqueur Le R\u00e9veil Happyness\",\"sameAs\":[\"https:\\\/\\\/www.instagram.com\\\/lolo80radio\\\/\",\"https:\\\/\\\/www.linkedin.com\\\/in\\\/loc-d-365960164\\\/\"],\"url\":\"https:\\\/\\\/happynessradio.fr\\\/amiens\\\/articles\\\/author\\\/loicdun\\\/\"}]}<\/script>\n<!-- \/ Yoast SEO plugin. -->","yoast_head_json":{"title":"M\u00e9t\u00e9o dans la Somme : Un printemps en mode pause sous la grisaille et la pluie - Happyness Amiens","robots":{"index":"index","follow":"follow","max-snippet":"max-snippet:-1","max-image-preview":"max-image-preview:large","max-video-preview":"max-video-preview:-1"},"canonical":"https:\/\/happynessradio.fr\/amiens\/articles\/meteo-dans-la-somme-un-printemps-en-mode-pause-sous-la-grisaille-et-la-pluie\/","og_locale":"fr_FR","og_type":"article","og_title":"M\u00e9t\u00e9o dans la Somme : Un printemps en mode pause sous la grisaille et la pluie - Happyness Amiens","og_description":"Apr\u00e8s un d\u00e9but de semaine plac\u00e9 sous le signe de la douceur mais d&rsquo;une grisaille persistante, le d\u00e9partement de la Somme s&rsquo;appr\u00eate \u00e0 vivre un virage climatique radical d\u00e8s mercredi. Entre chutes de temp\u00e9ratures et averses g\u00e9n\u00e9ralis\u00e9es, le parapluie redeviendra l&rsquo;accessoire indispensable de votre quotidien. Un d\u00e9but de semaine sous un plafond de plomb Le d\u00e9partement entame sa semaine dans une atmosph\u00e8re singuli\u00e8re. \u00c0 Amiens, P\u00e9ronne et Albert, le ciel restera d\u00e9sesp\u00e9r\u00e9ment ferm\u00e9 ce lundi et ce mardi avec un temps extr\u00eamement nuageux. Si la lumi\u00e8re manque, la douceur, elle, est bien pr\u00e9sente avec des maximales atteignant les 16\u00b0C mardi apr\u00e8s-midi. Du c\u00f4t\u00e9 d\u2019Abbeville, le littoral et l&rsquo;arri\u00e8re-pays s&rsquo;en sortent l\u00e9g\u00e8rement mieux avec des \u00e9claircies intermittentes, bien que le thermom\u00e8tre affiche un petit degr\u00e9 de moins que dans les terres lundi (14\u00b0C). Cette douceur relative n&rsquo;est malheureusement que le pr\u00e9lude \u00e0 une perturbation plus marqu\u00e9e. Le virage de mercredi : le retour du froid et de la pluie Le changement d&rsquo;ambiance sera brutal au milieu de la semaine. D\u00e8s mercredi, une chute de pr\u00e8s de 7 degr\u00e9s est attendue sur l&rsquo;ensemble du territoire samarien. \u00c0 Abbeville, la pluie s&rsquo;installera durablement avec un mercure plafonnant \u00e0 9\u00b0C. Le constat est identique pour Amiens, P\u00e9ronne et Albert o\u00f9 les nuages mena\u00e7ants laisseront place \u00e0 des averses de plus en plus fr\u00e9quentes. La journ\u00e9e de jeudi s&rsquo;annonce comme la plus fra\u00eeche de la semaine. Avec seulement 8\u00b0C au meilleur de la journ\u00e9e sur tout le d\u00e9partement, de la c\u00f4te picarde jusqu&rsquo;\u00e0 la Vall\u00e9e de la Somme, l&rsquo;hiver semble vouloir jouer les prolongations. Vers une fin de semaine plus stable mais fra\u00eeche \u00c0 l&rsquo;approche du week-end, l&rsquo;agitation pluvieuse devrait s&rsquo;estomper progressivement. Vendredi restera une journ\u00e9e grise et froide, particuli\u00e8rement \u00e0 Abbeville, Albert et P\u00e9ronne o\u00f9 le thermom\u00e8tre ne d\u00e9passera pas les 8\u00b0C sous un ciel plomb\u00e9.","og_url":"https:\/\/happynessradio.fr\/amiens\/articles\/meteo-dans-la-somme-un-printemps-en-mode-pause-sous-la-grisaille-et-la-pluie\/","og_site_name":"Happyness Amiens","article_published_time":"2026-03-21T12:27:14+00:00","article_modified_time":"2026-03-21T12:27:15+00:00","og_image":[{"width":1083,"height":486,"url":"https:\/\/happynessradio.fr\/amiens\/wp-content\/uploads\/sites\/3\/2026\/03\/MockUp-Visuels-articles-5.webp","type":"image\/webp"}],"author":"Lo\u00efc Dun","twitter_card":"summary_large_image","twitter_misc":{"\u00c9crit par":"Lo\u00efc Dun","Dur\u00e9e de lecture estim\u00e9e":"2 minutes"},"schema":{"@context":"https:\/\/schema.org","@graph":[{"@type":"Article","@id":"https:\/\/happynessradio.fr\/amiens\/articles\/meteo-dans-la-somme-un-printemps-en-mode-pause-sous-la-grisaille-et-la-pluie\/#article","isPartOf":{"@id":"https:\/\/happynessradio.fr\/amiens\/articles\/meteo-dans-la-somme-un-printemps-en-mode-pause-sous-la-grisaille-et-la-pluie\/"},"author":{"name":"Lo\u00efc Dun","@id":"https:\/\/happynessradio.fr\/amiens\/#\/schema\/person\/735f1a1ba15f9478beb4249ad52f7252"},"headline":"M\u00e9t\u00e9o dans la Somme : Un printemps en mode pause sous la grisaille et la pluie","datePublished":"2026-03-21T12:27:14+00:00","dateModified":"2026-03-21T12:27:15+00:00","mainEntityOfPage":{"@id":"https:\/\/happynessradio.fr\/amiens\/articles\/meteo-dans-la-somme-un-printemps-en-mode-pause-sous-la-grisaille-et-la-pluie\/"},"wordCount":370,"commentCount":0,"image":{"@id":"https:\/\/happynessradio.fr\/amiens\/articles\/meteo-dans-la-somme-un-printemps-en-mode-pause-sous-la-grisaille-et-la-pluie\/#primaryimage"},"thumbnailUrl":"https:\/\/happynessradio.fr\/amiens\/wp-content\/uploads\/sites\/3\/2026\/03\/MockUp-Visuels-articles-5.webp","articleSection":["Amiens"],"inLanguage":"fr-FR","potentialAction":[{"@type":"CommentAction","name":"Comment","target":["https:\/\/happynessradio.fr\/amiens\/articles\/meteo-dans-la-somme-un-printemps-en-mode-pause-sous-la-grisaille-et-la-pluie\/#respond"]}]},{"@type":"WebPage","@id":"https:\/\/happynessradio.fr\/amiens\/articles\/meteo-dans-la-somme-un-printemps-en-mode-pause-sous-la-grisaille-et-la-pluie\/","url":"https:\/\/happynessradio.fr\/amiens\/articles\/meteo-dans-la-somme-un-printemps-en-mode-pause-sous-la-grisaille-et-la-pluie\/","name":"M\u00e9t\u00e9o dans la Somme : Un printemps en mode pause sous la grisaille et la pluie - Happyness Amiens","isPartOf":{"@id":"https:\/\/happynessradio.fr\/amiens\/#website"},"primaryImageOfPage":{"@id":"https:\/\/happynessradio.fr\/amiens\/articles\/meteo-dans-la-somme-un-printemps-en-mode-pause-sous-la-grisaille-et-la-pluie\/#primaryimage"},"image":{"@id":"https:\/\/happynessradio.fr\/amiens\/articles\/meteo-dans-la-somme-un-printemps-en-mode-pause-sous-la-grisaille-et-la-pluie\/#primaryimage"},"thumbnailUrl":"https:\/\/happynessradio.fr\/amiens\/wp-content\/uploads\/sites\/3\/2026\/03\/MockUp-Visuels-articles-5.webp","datePublished":"2026-03-21T12:27:14+00:00","dateModified":"2026-03-21T12:27:15+00:00","author":{"@id":"https:\/\/happynessradio.fr\/amiens\/#\/schema\/person\/735f1a1ba15f9478beb4249ad52f7252"},"breadcrumb":{"@id":"https:\/\/happynessradio.fr\/amiens\/articles\/meteo-dans-la-somme-un-printemps-en-mode-pause-sous-la-grisaille-et-la-pluie\/#breadcrumb"},"inLanguage":"fr-FR","potentialAction":[{"@type":"ReadAction","target":["https:\/\/happynessradio.fr\/amiens\/articles\/meteo-dans-la-somme-un-printemps-en-mode-pause-sous-la-grisaille-et-la-pluie\/"]}]},{"@type":"ImageObject","inLanguage":"fr-FR","@id":"https:\/\/happynessradio.fr\/amiens\/articles\/meteo-dans-la-somme-un-printemps-en-mode-pause-sous-la-grisaille-et-la-pluie\/#primaryimage","url":"https:\/\/happynessradio.fr\/amiens\/wp-content\/uploads\/sites\/3\/2026\/03\/MockUp-Visuels-articles-5.webp","contentUrl":"https:\/\/happynessradio.fr\/amiens\/wp-content\/uploads\/sites\/3\/2026\/03\/MockUp-Visuels-articles-5.webp","width":1083,"height":486,"caption":"Vue d'un ciel couvert d'\u00e9pais nuages gris orageux et tourbillonnants, encadr\u00e9e par deux formes g\u00e9om\u00e9triques rouges triangulaires en haut \u00e0 gauche et en bas \u00e0 droite."},{"@type":"BreadcrumbList","@id":"https:\/\/happynessradio.fr\/amiens\/articles\/meteo-dans-la-somme-un-printemps-en-mode-pause-sous-la-grisaille-et-la-pluie\/#breadcrumb","itemListElement":[{"@type":"ListItem","position":1,"name":"Accueil","item":"https:\/\/happynessradio.fr\/amiens\/"},{"@type":"ListItem","position":2,"name":"M\u00e9t\u00e9o dans la Somme : Un printemps en mode pause sous la grisaille et la pluie"}]},{"@type":"WebSite","@id":"https:\/\/happynessradio.fr\/amiens\/#website","url":"https:\/\/happynessradio.fr\/amiens\/","name":"Happyness Amiens","description":"Toujours au plus proche de vous","potentialAction":[{"@type":"SearchAction","target":{"@type":"EntryPoint","urlTemplate":"https:\/\/happynessradio.fr\/amiens\/?s={search_term_string}"},"query-input":{"@type":"PropertyValueSpecification","valueRequired":true,"valueName":"search_term_string"}}],"inLanguage":"fr-FR"},{"@type":"Person","@id":"https:\/\/happynessradio.fr\/amiens\/#\/schema\/person\/735f1a1ba15f9478beb4249ad52f7252","name":"Lo\u00efc Dun","image":{"@type":"ImageObject","inLanguage":"fr-FR","@id":"https:\/\/happynessradio.fr\/amiens\/wp-content\/uploads\/sites\/3\/2025\/12\/cropped-Portrait-Loic-25-26-96x96.webp","url":"https:\/\/happynessradio.fr\/amiens\/wp-content\/uploads\/sites\/3\/2025\/12\/cropped-Portrait-Loic-25-26-96x96.webp","contentUrl":"https:\/\/happynessradio.fr\/amiens\/wp-content\/uploads\/sites\/3\/2025\/12\/cropped-Portrait-Loic-25-26-96x96.webp","caption":"Lo\u00efc Dun"},"description":"R\u00e9dacteur web Happyness. Co-animateur (chroniqueur) Quoi d'neuf ? Amiens Chroniqueur Le R\u00e9veil Happyness","sameAs":["https:\/\/www.instagram.com\/lolo80radio\/","https:\/\/www.linkedin.com\/in\/loc-d-365960164\/"],"url":"https:\/\/happynessradio.fr\/amiens\/articles\/author\/loicdun\/"}]}},"modified_by":"Lo\u00efc Dun","_links":{"self":[{"href":"https:\/\/happynessradio.fr\/amiens\/wp-json\/wp\/v2\/posts\/12385","targetHints":{"allow":["GET"]}}],"collection":[{"href":"https:\/\/happynessradio.fr\/amiens\/wp-json\/wp\/v2\/posts"}],"about":[{"href":"https:\/\/happynessradio.fr\/amiens\/wp-json\/wp\/v2\/types\/post"}],"author":[{"embeddable":true,"href":"https:\/\/happynessradio.fr\/amiens\/wp-json\/wp\/v2\/users\/6"}],"replies":[{"embeddable":true,"href":"https:\/\/happynessradio.fr\/amiens\/wp-json\/wp\/v2\/comments?post=12385"}],"version-history":[{"count":1,"href":"https:\/\/happynessradio.fr\/amiens\/wp-json\/wp\/v2\/posts\/12385\/revisions"}],"predecessor-version":[{"id":12387,"href":"https:\/\/happynessradio.fr\/amiens\/wp-json\/wp\/v2\/posts\/12385\/revisions\/12387"}],"wp:featuredmedia":[{"embeddable":true,"href":"https:\/\/happynessradio.fr\/amiens\/wp-json\/wp\/v2\/media\/12386"}],"wp:attachment":[{"href":"https:\/\/happynessradio.fr\/amiens\/wp-json\/wp\/v2\/media?parent=12385"}],"wp:term":[{"taxonomy":"category","embeddable":true,"href":"https:\/\/happynessradio.fr\/amiens\/wp-json\/wp\/v2\/categories?post=12385"},{"taxonomy":"post_tag","embeddable":true,"href":"https:\/\/happynessradio.fr\/amiens\/wp-json\/wp\/v2\/tags?post=12385"}],"curies":[{"name":"wp","href":"https:\/\/api.w.org\/{rel}","templated":true}]}}