{"id":12399,"date":"2026-03-21T17:09:11","date_gmt":"2026-03-21T16:09:11","guid":{"rendered":"https:\/\/happynessradio.fr\/amiens\/?p=12399"},"modified":"2026-03-21T17:09:11","modified_gmt":"2026-03-21T16:09:11","slug":"inforoute-dans-la-somme-le-point-sur-les-travaux-routiers-et-les-conditions-de-circulation","status":"publish","type":"post","link":"https:\/\/happynessradio.fr\/amiens\/articles\/inforoute-dans-la-somme-le-point-sur-les-travaux-routiers-et-les-conditions-de-circulation\/","title":{"rendered":"Inforoute dans la Somme : le point sur les travaux routiers et les conditions de circulation"},"content":{"rendered":"\n<p><em>Le r\u00e9seau routier de la Somme poursuit sa mutation avec plusieurs chantiers majeurs de maintenance et de modernisation. Alors que de nombreuses interventions de d\u00e9but de mois se sont achev\u00e9es, de nouveaux dispositifs de circulation marquent la fin du mois de mars et le d\u00e9but du printemps.<\/em><\/p>\n\n\n\n<h2 class=\"wp-block-heading\">\u00c9tat des lieux en Picardie Maritime<\/h2>\n\n\n\n<p>Le littoral reste une zone d&rsquo;activit\u00e9 dense. Si <a href=\"https:\/\/inforoute.somme.fr\/\" id=\"https:\/\/inforoute.somme.fr\/\">les travaux<\/a> de carottage sur la RD 82 \u00e0 <strong>Millencourt-en-Ponthieu<\/strong> et ceux de la carri\u00e8re du <strong>Crotoy<\/strong> s&rsquo;ach\u00e8vent ce week-end, d&rsquo;autres chantiers de longue dur\u00e9e se poursuivent. \u00c0 <strong>Abbeville<\/strong>, l&rsquo;effacement des r\u00e9seaux sur les RD 925 et RD 22 reste d&rsquo;actualit\u00e9 jusqu&rsquo;au <strong>7 mai 2026<\/strong>.<\/p>\n\n\n\n<p>Les usagers doivent \u00e9galement anticiper les travaux de mise en place de r\u00e9seaux qui impacteront de nombreuses communes, de <strong>Brutelles<\/strong> \u00e0 <strong>Neuville-Coppegueule<\/strong>, avec des restrictions de circulation et de stationnement pr\u00e9vues jusqu&rsquo;au <strong>30 avril<\/strong>. \u00c0 <strong>Fort-Mahon-Plage<\/strong>, la route de Quend demeure interdite \u00e0 la circulation jusqu&rsquo;au <strong>12 juin<\/strong>, n\u00e9cessitant l&rsquo;usage de la d\u00e9viation intramuros.<\/p>\n\n\n\n<h2 class=\"wp-block-heading\">Mobilit\u00e9 et \u00e9v\u00e9nements dans le Grand Ami\u00e9nois<\/h2>\n\n\n\n<p>Dans le secteur d&rsquo;Amiens, la vigilance est de mise pour les jours \u00e0 venir. Une battue de sangliers s\u00e9curis\u00e9e est pr\u00e9vue le <strong>25 mars<\/strong> \u00e0 <strong>Hangest-sur-Somme<\/strong>, entra\u00eenant une coupure de la RD 69 de 10h \u00e0 17h. Le week-end suivant, le <strong>28 mars<\/strong>, le Grand Prix Cycliste de <strong>Remiencourt<\/strong> b\u00e9n\u00e9ficiera d&rsquo;un usage exclusif de la chauss\u00e9e.<\/p>\n\n\n\n<p>Sur le plan technique, les travaux de maintenance du radar de <strong>Saint-Gratien<\/strong> d\u00e9butent ce lundi <strong>23 mars<\/strong>. \u00c0 <strong>Dury<\/strong>, l&rsquo;installation d&rsquo;ouvrages sur la RD 1001 entre \u00e9galement dans une phase active ce lundi, avec une circulation restreinte de 9h \u00e0 16h jusqu&rsquo;\u00e0 la mi-avril.<\/p>\n\n\n\n<h2 class=\"wp-block-heading\">Santerre et Haute Somme : focus sur les grands axes<\/h2>\n\n\n\n<p>L&rsquo;Est du d\u00e9partement reste marqu\u00e9 par les travaux pr\u00e9paratoires au <strong>Canal Seine-Nord Europe<\/strong>. Le d\u00e9voiement des r\u00e9seaux \u00e0 <strong>Allaines<\/strong> et la d\u00e9viation des canalisations de gaz \u00e0 <strong>Nesle<\/strong> se poursuivent sous restrictions jusqu&rsquo;au <strong>24 et 30 avril<\/strong> respectivement. \u00c0 <strong>Biaches<\/strong>, les travaux de d\u00e9voiement \u00e9lectrique sur la RD 1 sont programm\u00e9s jusqu&rsquo;au <strong>26 juin<\/strong>.<\/p>\n\n\n\n<p>Enfin, de nouvelles interventions d\u00e9butent d\u00e8s le <strong>16 mars<\/strong> sur la RD 129 \u00e0 <strong>Englebelmer<\/strong> pour des branchements ainsi que sur l&rsquo;ouvrage d&rsquo;art de la SANEF \u00e0 <strong>Estr\u00e9es-Deni\u00e9court<\/strong>, o\u00f9 des travaux de nuit sont pr\u00e9vus jusqu&rsquo;au <strong>30 avril<\/strong>.<\/p>\n\n\n\n<p>La plus grande vigilance est demand\u00e9e aux usagers \u00e0 l\u2019approche de ces zones de travaux, notamment en adaptant leur vitesse pour la s\u00e9curit\u00e9 des intervenants.<\/p>\n","protected":false},"excerpt":{"rendered":"<p>Le r\u00e9seau routier de la Somme poursuit sa mutation avec plusieurs chantiers majeurs de maintenance et de modernisation. Alors que de nombreuses interventions de d\u00e9but de mois se sont achev\u00e9es, de nouveaux dispositifs de circulation marquent la fin du mois de mars et le d\u00e9but du printemps. \u00c9tat des lieux en Picardie Maritime Le littoral reste une zone d&rsquo;activit\u00e9 dense. Si les travaux de carottage sur la RD 82 \u00e0 Millencourt-en-Ponthieu et ceux de la carri\u00e8re du Crotoy s&rsquo;ach\u00e8vent ce week-end, d&rsquo;autres chantiers de longue dur\u00e9e se poursuivent. \u00c0 Abbeville, l&rsquo;effacement des r\u00e9seaux sur les RD 925 et RD 22 reste d&rsquo;actualit\u00e9 jusqu&rsquo;au 7 mai 2026. Les usagers doivent \u00e9galement anticiper les travaux de mise en place de r\u00e9seaux qui impacteront de nombreuses communes, de Brutelles \u00e0 Neuville-Coppegueule, avec des restrictions de circulation et de stationnement pr\u00e9vues jusqu&rsquo;au 30 avril. \u00c0 Fort-Mahon-Plage, la route de Quend demeure interdite \u00e0 la circulation jusqu&rsquo;au 12 juin, n\u00e9cessitant l&rsquo;usage de la d\u00e9viation intramuros. Mobilit\u00e9 et \u00e9v\u00e9nements dans le Grand Ami\u00e9nois Dans le secteur d&rsquo;Amiens, la vigilance est de mise pour les jours \u00e0 venir. Une battue de sangliers s\u00e9curis\u00e9e est pr\u00e9vue le 25 mars \u00e0 Hangest-sur-Somme, entra\u00eenant une coupure de la RD 69 de 10h \u00e0 17h. Le week-end suivant, le 28 mars, le Grand Prix Cycliste de Remiencourt b\u00e9n\u00e9ficiera d&rsquo;un usage exclusif de la chauss\u00e9e. Sur le plan technique, les travaux de maintenance du radar de Saint-Gratien d\u00e9butent ce lundi 23 mars. \u00c0 Dury, l&rsquo;installation d&rsquo;ouvrages sur la RD 1001 entre \u00e9galement dans une phase active ce lundi, avec une circulation restreinte de 9h \u00e0 16h jusqu&rsquo;\u00e0 la mi-avril. Santerre et Haute Somme : focus sur les grands axes L&rsquo;Est du d\u00e9partement reste marqu\u00e9 par les travaux pr\u00e9paratoires au Canal Seine-Nord Europe. Le d\u00e9voiement des r\u00e9seaux \u00e0 Allaines et la d\u00e9viation des canalisations de gaz \u00e0 Nesle se poursuivent sous restrictions jusqu&rsquo;au 24 et 30 avril respectivement. \u00c0 Biaches, les travaux de d\u00e9voiement \u00e9lectrique sur la RD 1 sont programm\u00e9s jusqu&rsquo;au 26 juin. Enfin, de nouvelles interventions d\u00e9butent d\u00e8s le 16 mars sur la RD 129 \u00e0 Englebelmer pour des branchements ainsi que sur l&rsquo;ouvrage d&rsquo;art de la SANEF \u00e0 Estr\u00e9es-Deni\u00e9court, o\u00f9 des travaux de nuit sont pr\u00e9vus jusqu&rsquo;au 30 avril. La plus grande vigilance est demand\u00e9e aux usagers \u00e0 l\u2019approche de ces zones de travaux, notamment en adaptant leur vitesse pour la s\u00e9curit\u00e9 des intervenants.<\/p>\n","protected":false},"author":6,"featured_media":12400,"comment_status":"open","ping_status":"open","sticky":false,"template":"","format":"standard","meta":{"_lmt_disableupdate":"","_lmt_disable":"","footnotes":""},"categories":[11],"tags":[],"class_list":["post-12399","post","type-post","status-publish","format-standard","has-post-thumbnail","hentry","category-amiens"],"yoast_head":"<!-- This site is optimized with the Yoast SEO plugin v27.5 - https:\/\/yoast.com\/product\/yoast-seo-wordpress\/ -->\n<title>Inforoute dans la Somme : le point sur les travaux routiers et les conditions de circulation - Happyness Amiens<\/title>\n<meta name=\"description\" content=\"nfos-route dans la Somme : d\u00e9couvrez les chantiers de fin mars 2026. Battue \u00e0 Hangest-sur-Somme, Grand Prix de Remiencourt, travaux du Canal Seine-Nord et restrictions sur la RD 925 et la RD 1001.\" \/>\n<meta name=\"robots\" content=\"index, follow, max-snippet:-1, max-image-preview:large, max-video-preview:-1\" \/>\n<link rel=\"canonical\" href=\"https:\/\/happynessradio.fr\/amiens\/articles\/inforoute-dans-la-somme-le-point-sur-les-travaux-routiers-et-les-conditions-de-circulation\/\" \/>\n<meta property=\"og:locale\" content=\"fr_FR\" \/>\n<meta property=\"og:type\" content=\"article\" \/>\n<meta property=\"og:title\" content=\"Inforoute dans la Somme : le point sur les travaux routiers et les conditions de circulation - Happyness Amiens\" \/>\n<meta property=\"og:description\" content=\"nfos-route dans la Somme : d\u00e9couvrez les chantiers de fin mars 2026. Battue \u00e0 Hangest-sur-Somme, Grand Prix de Remiencourt, travaux du Canal Seine-Nord et restrictions sur la RD 925 et la RD 1001.\" \/>\n<meta property=\"og:url\" content=\"https:\/\/happynessradio.fr\/amiens\/articles\/inforoute-dans-la-somme-le-point-sur-les-travaux-routiers-et-les-conditions-de-circulation\/\" \/>\n<meta property=\"og:site_name\" content=\"Happyness Amiens\" \/>\n<meta property=\"article:published_time\" content=\"2026-03-21T16:09:11+00:00\" \/>\n<meta property=\"og:image\" content=\"https:\/\/happynessradio.fr\/amiens\/wp-content\/uploads\/sites\/3\/2026\/03\/MockUp-Visuels-articles-23.webp\" \/>\n\t<meta property=\"og:image:width\" content=\"1083\" \/>\n\t<meta property=\"og:image:height\" content=\"486\" \/>\n\t<meta property=\"og:image:type\" content=\"image\/webp\" \/>\n<meta name=\"author\" content=\"Lo\u00efc Dun\" \/>\n<meta name=\"twitter:card\" content=\"summary_large_image\" \/>\n<meta name=\"twitter:label1\" content=\"\u00c9crit par\" \/>\n\t<meta name=\"twitter:data1\" content=\"Lo\u00efc Dun\" \/>\n\t<meta name=\"twitter:label2\" content=\"Dur\u00e9e de lecture estim\u00e9e\" \/>\n\t<meta name=\"twitter:data2\" content=\"3 minutes\" \/>\n<script type=\"application\/ld+json\" class=\"yoast-schema-graph\">{\"@context\":\"https:\\\/\\\/schema.org\",\"@graph\":[{\"@type\":\"Article\",\"@id\":\"https:\\\/\\\/happynessradio.fr\\\/amiens\\\/articles\\\/inforoute-dans-la-somme-le-point-sur-les-travaux-routiers-et-les-conditions-de-circulation\\\/#article\",\"isPartOf\":{\"@id\":\"https:\\\/\\\/happynessradio.fr\\\/amiens\\\/articles\\\/inforoute-dans-la-somme-le-point-sur-les-travaux-routiers-et-les-conditions-de-circulation\\\/\"},\"author\":{\"name\":\"Lo\u00efc Dun\",\"@id\":\"https:\\\/\\\/happynessradio.fr\\\/amiens\\\/#\\\/schema\\\/person\\\/735f1a1ba15f9478beb4249ad52f7252\"},\"headline\":\"Inforoute dans la Somme : le point sur les travaux routiers et les conditions de circulation\",\"datePublished\":\"2026-03-21T16:09:11+00:00\",\"mainEntityOfPage\":{\"@id\":\"https:\\\/\\\/happynessradio.fr\\\/amiens\\\/articles\\\/inforoute-dans-la-somme-le-point-sur-les-travaux-routiers-et-les-conditions-de-circulation\\\/\"},\"wordCount\":429,\"commentCount\":0,\"image\":{\"@id\":\"https:\\\/\\\/happynessradio.fr\\\/amiens\\\/articles\\\/inforoute-dans-la-somme-le-point-sur-les-travaux-routiers-et-les-conditions-de-circulation\\\/#primaryimage\"},\"thumbnailUrl\":\"https:\\\/\\\/happynessradio.fr\\\/amiens\\\/wp-content\\\/uploads\\\/sites\\\/3\\\/2026\\\/03\\\/MockUp-Visuels-articles-23.webp\",\"articleSection\":[\"Amiens\"],\"inLanguage\":\"fr-FR\",\"potentialAction\":[{\"@type\":\"CommentAction\",\"name\":\"Comment\",\"target\":[\"https:\\\/\\\/happynessradio.fr\\\/amiens\\\/articles\\\/inforoute-dans-la-somme-le-point-sur-les-travaux-routiers-et-les-conditions-de-circulation\\\/#respond\"]}]},{\"@type\":\"WebPage\",\"@id\":\"https:\\\/\\\/happynessradio.fr\\\/amiens\\\/articles\\\/inforoute-dans-la-somme-le-point-sur-les-travaux-routiers-et-les-conditions-de-circulation\\\/\",\"url\":\"https:\\\/\\\/happynessradio.fr\\\/amiens\\\/articles\\\/inforoute-dans-la-somme-le-point-sur-les-travaux-routiers-et-les-conditions-de-circulation\\\/\",\"name\":\"Inforoute dans la Somme : le point sur les travaux routiers et les conditions de circulation - Happyness Amiens\",\"isPartOf\":{\"@id\":\"https:\\\/\\\/happynessradio.fr\\\/amiens\\\/#website\"},\"primaryImageOfPage\":{\"@id\":\"https:\\\/\\\/happynessradio.fr\\\/amiens\\\/articles\\\/inforoute-dans-la-somme-le-point-sur-les-travaux-routiers-et-les-conditions-de-circulation\\\/#primaryimage\"},\"image\":{\"@id\":\"https:\\\/\\\/happynessradio.fr\\\/amiens\\\/articles\\\/inforoute-dans-la-somme-le-point-sur-les-travaux-routiers-et-les-conditions-de-circulation\\\/#primaryimage\"},\"thumbnailUrl\":\"https:\\\/\\\/happynessradio.fr\\\/amiens\\\/wp-content\\\/uploads\\\/sites\\\/3\\\/2026\\\/03\\\/MockUp-Visuels-articles-23.webp\",\"datePublished\":\"2026-03-21T16:09:11+00:00\",\"author\":{\"@id\":\"https:\\\/\\\/happynessradio.fr\\\/amiens\\\/#\\\/schema\\\/person\\\/735f1a1ba15f9478beb4249ad52f7252\"},\"description\":\"nfos-route dans la Somme : d\u00e9couvrez les chantiers de fin mars 2026. Battue \u00e0 Hangest-sur-Somme, Grand Prix de Remiencourt, travaux du Canal Seine-Nord et restrictions sur la RD 925 et la RD 1001.\",\"breadcrumb\":{\"@id\":\"https:\\\/\\\/happynessradio.fr\\\/amiens\\\/articles\\\/inforoute-dans-la-somme-le-point-sur-les-travaux-routiers-et-les-conditions-de-circulation\\\/#breadcrumb\"},\"inLanguage\":\"fr-FR\",\"potentialAction\":[{\"@type\":\"ReadAction\",\"target\":[\"https:\\\/\\\/happynessradio.fr\\\/amiens\\\/articles\\\/inforoute-dans-la-somme-le-point-sur-les-travaux-routiers-et-les-conditions-de-circulation\\\/\"]}]},{\"@type\":\"ImageObject\",\"inLanguage\":\"fr-FR\",\"@id\":\"https:\\\/\\\/happynessradio.fr\\\/amiens\\\/articles\\\/inforoute-dans-la-somme-le-point-sur-les-travaux-routiers-et-les-conditions-de-circulation\\\/#primaryimage\",\"url\":\"https:\\\/\\\/happynessradio.fr\\\/amiens\\\/wp-content\\\/uploads\\\/sites\\\/3\\\/2026\\\/03\\\/MockUp-Visuels-articles-23.webp\",\"contentUrl\":\"https:\\\/\\\/happynessradio.fr\\\/amiens\\\/wp-content\\\/uploads\\\/sites\\\/3\\\/2026\\\/03\\\/MockUp-Visuels-articles-23.webp\",\"width\":1083,\"height\":486,\"caption\":\"Gros plan d'une machine de rev\u00eatement routier jaune en action sur une route d\u00e9partementale dans l'Oise, appliquant de l'asphalte noir frais sur le bitume existant. Un travailleur en gilet de s\u00e9curit\u00e9 et un camion-benne sont visibles en arri\u00e8re-plan sous un soleil \u00e9clatant.\"},{\"@type\":\"BreadcrumbList\",\"@id\":\"https:\\\/\\\/happynessradio.fr\\\/amiens\\\/articles\\\/inforoute-dans-la-somme-le-point-sur-les-travaux-routiers-et-les-conditions-de-circulation\\\/#breadcrumb\",\"itemListElement\":[{\"@type\":\"ListItem\",\"position\":1,\"name\":\"Accueil\",\"item\":\"https:\\\/\\\/happynessradio.fr\\\/amiens\\\/\"},{\"@type\":\"ListItem\",\"position\":2,\"name\":\"Inforoute dans la Somme : le point sur les travaux routiers et les conditions de circulation\"}]},{\"@type\":\"WebSite\",\"@id\":\"https:\\\/\\\/happynessradio.fr\\\/amiens\\\/#website\",\"url\":\"https:\\\/\\\/happynessradio.fr\\\/amiens\\\/\",\"name\":\"Happyness Amiens\",\"description\":\"Toujours au plus proche de vous\",\"potentialAction\":[{\"@type\":\"SearchAction\",\"target\":{\"@type\":\"EntryPoint\",\"urlTemplate\":\"https:\\\/\\\/happynessradio.fr\\\/amiens\\\/?s={search_term_string}\"},\"query-input\":{\"@type\":\"PropertyValueSpecification\",\"valueRequired\":true,\"valueName\":\"search_term_string\"}}],\"inLanguage\":\"fr-FR\"},{\"@type\":\"Person\",\"@id\":\"https:\\\/\\\/happynessradio.fr\\\/amiens\\\/#\\\/schema\\\/person\\\/735f1a1ba15f9478beb4249ad52f7252\",\"name\":\"Lo\u00efc Dun\",\"image\":{\"@type\":\"ImageObject\",\"inLanguage\":\"fr-FR\",\"@id\":\"https:\\\/\\\/happynessradio.fr\\\/amiens\\\/wp-content\\\/uploads\\\/sites\\\/3\\\/2025\\\/12\\\/cropped-Portrait-Loic-25-26-96x96.webp\",\"url\":\"https:\\\/\\\/happynessradio.fr\\\/amiens\\\/wp-content\\\/uploads\\\/sites\\\/3\\\/2025\\\/12\\\/cropped-Portrait-Loic-25-26-96x96.webp\",\"contentUrl\":\"https:\\\/\\\/happynessradio.fr\\\/amiens\\\/wp-content\\\/uploads\\\/sites\\\/3\\\/2025\\\/12\\\/cropped-Portrait-Loic-25-26-96x96.webp\",\"caption\":\"Lo\u00efc Dun\"},\"description\":\"R\u00e9dacteur web Happyness. Co-animateur (chroniqueur) Quoi d'neuf ? Amiens Chroniqueur Le R\u00e9veil Happyness\",\"sameAs\":[\"https:\\\/\\\/www.instagram.com\\\/lolo80radio\\\/\",\"https:\\\/\\\/www.linkedin.com\\\/in\\\/loc-d-365960164\\\/\"],\"url\":\"https:\\\/\\\/happynessradio.fr\\\/amiens\\\/articles\\\/author\\\/loicdun\\\/\"}]}<\/script>\n<!-- \/ Yoast SEO plugin. -->","yoast_head_json":{"title":"Inforoute dans la Somme : le point sur les travaux routiers et les conditions de circulation - Happyness Amiens","description":"nfos-route dans la Somme : d\u00e9couvrez les chantiers de fin mars 2026. Battue \u00e0 Hangest-sur-Somme, Grand Prix de Remiencourt, travaux du Canal Seine-Nord et restrictions sur la RD 925 et la RD 1001.","robots":{"index":"index","follow":"follow","max-snippet":"max-snippet:-1","max-image-preview":"max-image-preview:large","max-video-preview":"max-video-preview:-1"},"canonical":"https:\/\/happynessradio.fr\/amiens\/articles\/inforoute-dans-la-somme-le-point-sur-les-travaux-routiers-et-les-conditions-de-circulation\/","og_locale":"fr_FR","og_type":"article","og_title":"Inforoute dans la Somme : le point sur les travaux routiers et les conditions de circulation - Happyness Amiens","og_description":"nfos-route dans la Somme : d\u00e9couvrez les chantiers de fin mars 2026. Battue \u00e0 Hangest-sur-Somme, Grand Prix de Remiencourt, travaux du Canal Seine-Nord et restrictions sur la RD 925 et la RD 1001.","og_url":"https:\/\/happynessradio.fr\/amiens\/articles\/inforoute-dans-la-somme-le-point-sur-les-travaux-routiers-et-les-conditions-de-circulation\/","og_site_name":"Happyness Amiens","article_published_time":"2026-03-21T16:09:11+00:00","og_image":[{"width":1083,"height":486,"url":"https:\/\/happynessradio.fr\/amiens\/wp-content\/uploads\/sites\/3\/2026\/03\/MockUp-Visuels-articles-23.webp","type":"image\/webp"}],"author":"Lo\u00efc Dun","twitter_card":"summary_large_image","twitter_misc":{"\u00c9crit par":"Lo\u00efc Dun","Dur\u00e9e de lecture estim\u00e9e":"3 minutes"},"schema":{"@context":"https:\/\/schema.org","@graph":[{"@type":"Article","@id":"https:\/\/happynessradio.fr\/amiens\/articles\/inforoute-dans-la-somme-le-point-sur-les-travaux-routiers-et-les-conditions-de-circulation\/#article","isPartOf":{"@id":"https:\/\/happynessradio.fr\/amiens\/articles\/inforoute-dans-la-somme-le-point-sur-les-travaux-routiers-et-les-conditions-de-circulation\/"},"author":{"name":"Lo\u00efc Dun","@id":"https:\/\/happynessradio.fr\/amiens\/#\/schema\/person\/735f1a1ba15f9478beb4249ad52f7252"},"headline":"Inforoute dans la Somme : le point sur les travaux routiers et les conditions de circulation","datePublished":"2026-03-21T16:09:11+00:00","mainEntityOfPage":{"@id":"https:\/\/happynessradio.fr\/amiens\/articles\/inforoute-dans-la-somme-le-point-sur-les-travaux-routiers-et-les-conditions-de-circulation\/"},"wordCount":429,"commentCount":0,"image":{"@id":"https:\/\/happynessradio.fr\/amiens\/articles\/inforoute-dans-la-somme-le-point-sur-les-travaux-routiers-et-les-conditions-de-circulation\/#primaryimage"},"thumbnailUrl":"https:\/\/happynessradio.fr\/amiens\/wp-content\/uploads\/sites\/3\/2026\/03\/MockUp-Visuels-articles-23.webp","articleSection":["Amiens"],"inLanguage":"fr-FR","potentialAction":[{"@type":"CommentAction","name":"Comment","target":["https:\/\/happynessradio.fr\/amiens\/articles\/inforoute-dans-la-somme-le-point-sur-les-travaux-routiers-et-les-conditions-de-circulation\/#respond"]}]},{"@type":"WebPage","@id":"https:\/\/happynessradio.fr\/amiens\/articles\/inforoute-dans-la-somme-le-point-sur-les-travaux-routiers-et-les-conditions-de-circulation\/","url":"https:\/\/happynessradio.fr\/amiens\/articles\/inforoute-dans-la-somme-le-point-sur-les-travaux-routiers-et-les-conditions-de-circulation\/","name":"Inforoute dans la Somme : le point sur les travaux routiers et les conditions de circulation - Happyness Amiens","isPartOf":{"@id":"https:\/\/happynessradio.fr\/amiens\/#website"},"primaryImageOfPage":{"@id":"https:\/\/happynessradio.fr\/amiens\/articles\/inforoute-dans-la-somme-le-point-sur-les-travaux-routiers-et-les-conditions-de-circulation\/#primaryimage"},"image":{"@id":"https:\/\/happynessradio.fr\/amiens\/articles\/inforoute-dans-la-somme-le-point-sur-les-travaux-routiers-et-les-conditions-de-circulation\/#primaryimage"},"thumbnailUrl":"https:\/\/happynessradio.fr\/amiens\/wp-content\/uploads\/sites\/3\/2026\/03\/MockUp-Visuels-articles-23.webp","datePublished":"2026-03-21T16:09:11+00:00","author":{"@id":"https:\/\/happynessradio.fr\/amiens\/#\/schema\/person\/735f1a1ba15f9478beb4249ad52f7252"},"description":"nfos-route dans la Somme : d\u00e9couvrez les chantiers de fin mars 2026. Battue \u00e0 Hangest-sur-Somme, Grand Prix de Remiencourt, travaux du Canal Seine-Nord et restrictions sur la RD 925 et la RD 1001.","breadcrumb":{"@id":"https:\/\/happynessradio.fr\/amiens\/articles\/inforoute-dans-la-somme-le-point-sur-les-travaux-routiers-et-les-conditions-de-circulation\/#breadcrumb"},"inLanguage":"fr-FR","potentialAction":[{"@type":"ReadAction","target":["https:\/\/happynessradio.fr\/amiens\/articles\/inforoute-dans-la-somme-le-point-sur-les-travaux-routiers-et-les-conditions-de-circulation\/"]}]},{"@type":"ImageObject","inLanguage":"fr-FR","@id":"https:\/\/happynessradio.fr\/amiens\/articles\/inforoute-dans-la-somme-le-point-sur-les-travaux-routiers-et-les-conditions-de-circulation\/#primaryimage","url":"https:\/\/happynessradio.fr\/amiens\/wp-content\/uploads\/sites\/3\/2026\/03\/MockUp-Visuels-articles-23.webp","contentUrl":"https:\/\/happynessradio.fr\/amiens\/wp-content\/uploads\/sites\/3\/2026\/03\/MockUp-Visuels-articles-23.webp","width":1083,"height":486,"caption":"Gros plan d'une machine de rev\u00eatement routier jaune en action sur une route d\u00e9partementale dans l'Oise, appliquant de l'asphalte noir frais sur le bitume existant. Un travailleur en gilet de s\u00e9curit\u00e9 et un camion-benne sont visibles en arri\u00e8re-plan sous un soleil \u00e9clatant."},{"@type":"BreadcrumbList","@id":"https:\/\/happynessradio.fr\/amiens\/articles\/inforoute-dans-la-somme-le-point-sur-les-travaux-routiers-et-les-conditions-de-circulation\/#breadcrumb","itemListElement":[{"@type":"ListItem","position":1,"name":"Accueil","item":"https:\/\/happynessradio.fr\/amiens\/"},{"@type":"ListItem","position":2,"name":"Inforoute dans la Somme : le point sur les travaux routiers et les conditions de circulation"}]},{"@type":"WebSite","@id":"https:\/\/happynessradio.fr\/amiens\/#website","url":"https:\/\/happynessradio.fr\/amiens\/","name":"Happyness Amiens","description":"Toujours au plus proche de vous","potentialAction":[{"@type":"SearchAction","target":{"@type":"EntryPoint","urlTemplate":"https:\/\/happynessradio.fr\/amiens\/?s={search_term_string}"},"query-input":{"@type":"PropertyValueSpecification","valueRequired":true,"valueName":"search_term_string"}}],"inLanguage":"fr-FR"},{"@type":"Person","@id":"https:\/\/happynessradio.fr\/amiens\/#\/schema\/person\/735f1a1ba15f9478beb4249ad52f7252","name":"Lo\u00efc Dun","image":{"@type":"ImageObject","inLanguage":"fr-FR","@id":"https:\/\/happynessradio.fr\/amiens\/wp-content\/uploads\/sites\/3\/2025\/12\/cropped-Portrait-Loic-25-26-96x96.webp","url":"https:\/\/happynessradio.fr\/amiens\/wp-content\/uploads\/sites\/3\/2025\/12\/cropped-Portrait-Loic-25-26-96x96.webp","contentUrl":"https:\/\/happynessradio.fr\/amiens\/wp-content\/uploads\/sites\/3\/2025\/12\/cropped-Portrait-Loic-25-26-96x96.webp","caption":"Lo\u00efc Dun"},"description":"R\u00e9dacteur web Happyness. Co-animateur (chroniqueur) Quoi d'neuf ? Amiens Chroniqueur Le R\u00e9veil Happyness","sameAs":["https:\/\/www.instagram.com\/lolo80radio\/","https:\/\/www.linkedin.com\/in\/loc-d-365960164\/"],"url":"https:\/\/happynessradio.fr\/amiens\/articles\/author\/loicdun\/"}]}},"modified_by":"Lo\u00efc Dun","_links":{"self":[{"href":"https:\/\/happynessradio.fr\/amiens\/wp-json\/wp\/v2\/posts\/12399","targetHints":{"allow":["GET"]}}],"collection":[{"href":"https:\/\/happynessradio.fr\/amiens\/wp-json\/wp\/v2\/posts"}],"about":[{"href":"https:\/\/happynessradio.fr\/amiens\/wp-json\/wp\/v2\/types\/post"}],"author":[{"embeddable":true,"href":"https:\/\/happynessradio.fr\/amiens\/wp-json\/wp\/v2\/users\/6"}],"replies":[{"embeddable":true,"href":"https:\/\/happynessradio.fr\/amiens\/wp-json\/wp\/v2\/comments?post=12399"}],"version-history":[{"count":1,"href":"https:\/\/happynessradio.fr\/amiens\/wp-json\/wp\/v2\/posts\/12399\/revisions"}],"predecessor-version":[{"id":12401,"href":"https:\/\/happynessradio.fr\/amiens\/wp-json\/wp\/v2\/posts\/12399\/revisions\/12401"}],"wp:featuredmedia":[{"embeddable":true,"href":"https:\/\/happynessradio.fr\/amiens\/wp-json\/wp\/v2\/media\/12400"}],"wp:attachment":[{"href":"https:\/\/happynessradio.fr\/amiens\/wp-json\/wp\/v2\/media?parent=12399"}],"wp:term":[{"taxonomy":"category","embeddable":true,"href":"https:\/\/happynessradio.fr\/amiens\/wp-json\/wp\/v2\/categories?post=12399"},{"taxonomy":"post_tag","embeddable":true,"href":"https:\/\/happynessradio.fr\/amiens\/wp-json\/wp\/v2\/tags?post=12399"}],"curies":[{"name":"wp","href":"https:\/\/api.w.org\/{rel}","templated":true}]}}