{"id":12405,"date":"2026-03-25T13:24:22","date_gmt":"2026-03-25T12:24:22","guid":{"rendered":"https:\/\/happynessradio.fr\/amiens\/?p=12405"},"modified":"2026-03-25T13:24:24","modified_gmt":"2026-03-25T12:24:24","slug":"lart-au-service-de-lhumain-le-safra-numerique-fete-dix-ans-daudace-a-amiens","status":"publish","type":"post","link":"https:\/\/happynessradio.fr\/amiens\/articles\/lart-au-service-de-lhumain-le-safra-numerique-fete-dix-ans-daudace-a-amiens\/","title":{"rendered":"L&rsquo;art au service de l&rsquo;humain : Le Safra Num\u00e9rique f\u00eate dix ans d&rsquo;audace \u00e0 Amiens"},"content":{"rendered":"\n<p><em>\u00c0 l&rsquo;heure o\u00f9 la technologie semble parfois nous isoler, le Safra Num\u00e9rique c\u00e9l\u00e8bre une d\u00e9cennie de cr\u00e9ation au c\u0153ur d&rsquo;Amiens en choisissant la voie de la simplicit\u00e9. En privil\u00e9giant une approche \u00ab low-tech \u00bb et responsable, ce festival prouve que l&rsquo;innovation la plus puissante est celle qui privil\u00e9gie l&rsquo;\u00e9motion brute et le lien social \u00e0 la surench\u00e8re num\u00e9rique.<\/em><\/p>\n\n\n\n<h2 class=\"wp-block-heading\">Une rencontre radiophonique sous le signe de la culture<\/h2>\n\n\n\n<p>Mercredi 18 mars, l&rsquo;\u00e9quipe de <strong>Quoi d&rsquo;Neuf ? Amiens<\/strong> recevait C\u00e9cile, la programmatrice d&rsquo;un \u00e9v\u00e9nement devenu incontournable dans le paysage culturel des Hauts-de-France. Les <strong>Safra&rsquo;Num\u00e9riques<\/strong>, le <strong>Festival des Arts Num\u00e9riques et Nouvelles Technologies<\/strong>, f\u00eatent cette ann\u00e9e leur dixi\u00e8me \u00e9dition du <strong>24 au 28 mars 2026<\/strong>. Un anniversaire symbolique pour ce festival qui transforme les quartiers nord de la ville en un v\u00e9ritable laboratoire de cr\u00e9ation \u00e0 ciel ouvert. Durant cet \u00e9change, les chroniqueurs ont soulign\u00e9 l&rsquo;importance de ce carrefour artistique qui, depuis dix ans, bouscule les codes de la cr\u00e9ation contemporaine.<\/p>\n\n\n\n<h2 class=\"wp-block-heading\">Un navire culturel ancr\u00e9 dans son quartier<\/h2>\n\n\n\n<p>Le Safran n&rsquo;est pas qu&rsquo;un simple centre culturel, c&rsquo;est un vaisseau de bois et de verre o\u00f9 se croisent chaque jour des centaines de destins. Dans ce lieu immense de trois \u00e9tages, la vie fourmille entre les ateliers de c\u00e9ramique historique, les cours de musique et les \u00e9clats de rire des coll\u00e9giens qui viennent y trouver un refuge chaleureux. C&rsquo;est dans cet \u00e9crin de proximit\u00e9 que les <strong>Safra&rsquo;Num\u00e9riques<\/strong> d\u00e9ploient leur magie, invitant les habitants \u00e0 pousser une porte souvent intimidante pour d\u00e9couvrir que la technologie peut aussi avoir une \u00e2me.<\/p>\n\n\n\n<h2 class=\"wp-block-heading\">La r\u00e9volution douce du low-tech<\/h2>\n\n\n\n<p>Pour marquer ces dix ans d&rsquo;existence, le festival choisit de prendre un virage radical en se tournant vers la philosophie \u00ab low-tech \u00bb. \u00c0 l&rsquo;heure o\u00f9 l&rsquo;intelligence artificielle et la d\u00e9bauche d&rsquo;\u00e9crans saturent notre quotidien, les <strong>Safra&rsquo;Num\u00e9riques<\/strong> privil\u00e9gient des \u0153uvres \u00e0 contre-courant, centr\u00e9es sur l&rsquo;\u00e9co-conception et la simplicit\u00e9. L&rsquo;objectif est de prouver que l&rsquo;on peut encore s&rsquo;\u00e9merveiller devant des installations immersives sans pour autant c\u00e9der \u00e0 la surconsommation \u00e9nerg\u00e9tique. Ici, le carton, le bois et la ficelle se marient aux circuits \u00e9lectroniques pour cr\u00e9er une esth\u00e9tique du \u00ab\u00a0faire soi-m\u00eame\u00a0\u00bb, loin des standards industriels froids et lisses.<\/p>\n\n\n\n<h2 class=\"wp-block-heading\">Quand la po\u00e9sie rencontre la fragilit\u00e9 du vivant<\/h2>\n\n\n\n<p>L&rsquo;un des moments les plus po\u00e9tiques de cet anniversaire se niche dans l&rsquo;\u0153uvre de l&rsquo;artiste Lou Chapelle. \u00c0 travers des petites maisonnettes en bois \u00e9voquant des nichoirs, les visiteurs sont invit\u00e9s \u00e0 observer des hologrammes de papillons, dont certains appartiennent \u00e0 des esp\u00e8ces d\u00e9j\u00e0 disparues. On peut m\u00eame glisser sa main \u00e0 l&rsquo;int\u00e9rieur pour tenter de caresser cette pr\u00e9sence fragile qui s&rsquo;\u00e9vanouit d\u00e8s qu&rsquo;on croit la saisir. C&rsquo;est une m\u00e9taphore poignante de la vuln\u00e9rabilit\u00e9 de notre \u00e9cosyst\u00e8me, rendue possible par une technologie qui s&rsquo;efface devant l&rsquo;\u00e9motion.<\/p>\n\n\n\n<h2 class=\"wp-block-heading\">Un final spectaculaire et engag\u00e9<\/h2>\n\n\n\n<p>L&rsquo;engagement des <strong><a href=\"https:\/\/www.amiens.fr\/Vivre-a-Amiens\/Culture-Patrimoine\/Etablissements-culturels\/Le-Safran\" id=\"https:\/\/www.amiens.fr\/Vivre-a-Amiens\/Culture-Patrimoine\/Etablissements-culturels\/Le-Safran\">Safra&rsquo;Num\u00e9riques<\/a><\/strong> se poursuit jusqu&rsquo;au bouquet final au Parc Saint-Pierre. Pour cl\u00f4turer ces festivit\u00e9s le vendredi 27 mars au soir, le traditionnel feu d&rsquo;artifice c\u00e8de sa place \u00e0 un ballet de drones, une alternative spectaculaire et respectueuse de la faune locale. Ce choix illustre parfaitement l&rsquo;ADN du festival : une volont\u00e9 constante d&rsquo;inclure le public dans une r\u00e9flexion globale sur notre avenir, tout en pr\u00e9servant la gratuit\u00e9 de la majorit\u00e9 des installations pour que l&rsquo;art reste, avant tout, un bien commun accessible \u00e0 tous.<\/p>\n\n\n\n<p>Entre partage, joie et syst\u00e8me D, les <strong>Safra&rsquo;Num\u00e9riques<\/strong> s&rsquo;affirment comme un carrefour essentiel o\u00f9 la cr\u00e9ation internationale vient \u00e0 la rencontre de la ferveur locale. En dix ans, ils n&rsquo;ont pas seulement montr\u00e9 des images num\u00e9riques, ils ont tiss\u00e9 des liens durables entre les artistes et les citoyens, prouvant que la plus belle des technologies reste celle qui nous rapproche.<\/p>\n\n\n\n<p><em>Photo : Am\u00e9lie Randot\/Happyness radio<\/em><\/p>\n\n\n\n<p><br><\/p>\n","protected":false},"excerpt":{"rendered":"<p>\u00c0 l&rsquo;heure o\u00f9 la technologie semble parfois nous isoler, le Safra Num\u00e9rique c\u00e9l\u00e8bre une d\u00e9cennie de cr\u00e9ation au c\u0153ur d&rsquo;Amiens en choisissant la voie de la simplicit\u00e9. En privil\u00e9giant une approche \u00ab low-tech \u00bb et responsable, ce festival prouve que l&rsquo;innovation la plus puissante est celle qui privil\u00e9gie l&rsquo;\u00e9motion brute et le lien social \u00e0 la surench\u00e8re num\u00e9rique. Une rencontre radiophonique sous le signe de la culture Mercredi 18 mars, l&rsquo;\u00e9quipe de Quoi d&rsquo;Neuf ? Amiens recevait C\u00e9cile, la programmatrice d&rsquo;un \u00e9v\u00e9nement devenu incontournable dans le paysage culturel des Hauts-de-France. Les Safra&rsquo;Num\u00e9riques, le Festival des Arts Num\u00e9riques et Nouvelles Technologies, f\u00eatent cette ann\u00e9e leur dixi\u00e8me \u00e9dition du 24 au 28 mars 2026. Un anniversaire symbolique pour ce festival qui transforme les quartiers nord de la ville en un v\u00e9ritable laboratoire de cr\u00e9ation \u00e0 ciel ouvert. Durant cet \u00e9change, les chroniqueurs ont soulign\u00e9 l&rsquo;importance de ce carrefour artistique qui, depuis dix ans, bouscule les codes de la cr\u00e9ation contemporaine. Un navire culturel ancr\u00e9 dans son quartier Le Safran n&rsquo;est pas qu&rsquo;un simple centre culturel, c&rsquo;est un vaisseau de bois et de verre o\u00f9 se croisent chaque jour des centaines de destins. Dans ce lieu immense de trois \u00e9tages, la vie fourmille entre les ateliers de c\u00e9ramique historique, les cours de musique et les \u00e9clats de rire des coll\u00e9giens qui viennent y trouver un refuge chaleureux. C&rsquo;est dans cet \u00e9crin de proximit\u00e9 que les Safra&rsquo;Num\u00e9riques d\u00e9ploient leur magie, invitant les habitants \u00e0 pousser une porte souvent intimidante pour d\u00e9couvrir que la technologie peut aussi avoir une \u00e2me. La r\u00e9volution douce du low-tech Pour marquer ces dix ans d&rsquo;existence, le festival choisit de prendre un virage radical en se tournant vers la philosophie \u00ab low-tech \u00bb. \u00c0 l&rsquo;heure o\u00f9 l&rsquo;intelligence artificielle et la d\u00e9bauche d&rsquo;\u00e9crans saturent notre quotidien, les Safra&rsquo;Num\u00e9riques privil\u00e9gient des \u0153uvres \u00e0 contre-courant, centr\u00e9es sur l&rsquo;\u00e9co-conception et la simplicit\u00e9. L&rsquo;objectif est de prouver que l&rsquo;on peut encore s&rsquo;\u00e9merveiller devant des installations immersives sans pour autant c\u00e9der \u00e0 la surconsommation \u00e9nerg\u00e9tique. Ici, le carton, le bois et la ficelle se marient aux circuits \u00e9lectroniques pour cr\u00e9er une esth\u00e9tique du \u00ab\u00a0faire soi-m\u00eame\u00a0\u00bb, loin des standards industriels froids et lisses. Quand la po\u00e9sie rencontre la fragilit\u00e9 du vivant L&rsquo;un des moments les plus po\u00e9tiques de cet anniversaire se niche dans l&rsquo;\u0153uvre de l&rsquo;artiste Lou Chapelle. \u00c0 travers des petites maisonnettes en bois \u00e9voquant des nichoirs, les visiteurs sont invit\u00e9s \u00e0 observer des hologrammes de papillons, dont certains appartiennent \u00e0 des esp\u00e8ces d\u00e9j\u00e0 disparues. On peut m\u00eame glisser sa main \u00e0 l&rsquo;int\u00e9rieur pour tenter de caresser cette pr\u00e9sence fragile qui s&rsquo;\u00e9vanouit d\u00e8s qu&rsquo;on croit la saisir. C&rsquo;est une m\u00e9taphore poignante de la vuln\u00e9rabilit\u00e9 de notre \u00e9cosyst\u00e8me, rendue possible par une technologie qui s&rsquo;efface devant l&rsquo;\u00e9motion. Un final spectaculaire et engag\u00e9 L&rsquo;engagement des Safra&rsquo;Num\u00e9riques se poursuit jusqu&rsquo;au bouquet final au Parc Saint-Pierre. Pour cl\u00f4turer ces festivit\u00e9s le vendredi 27 mars au soir, le traditionnel feu d&rsquo;artifice c\u00e8de sa place \u00e0 un ballet de drones, une alternative spectaculaire et respectueuse de la faune locale. Ce choix illustre parfaitement l&rsquo;ADN du festival : une volont\u00e9 constante d&rsquo;inclure le public dans une r\u00e9flexion globale sur notre avenir, tout en pr\u00e9servant la gratuit\u00e9 de la majorit\u00e9 des installations pour que l&rsquo;art reste, avant tout, un bien commun accessible \u00e0 tous. Entre partage, joie et syst\u00e8me D, les Safra&rsquo;Num\u00e9riques s&rsquo;affirment comme un carrefour essentiel o\u00f9 la cr\u00e9ation internationale vient \u00e0 la rencontre de la ferveur locale. En dix ans, ils n&rsquo;ont pas seulement montr\u00e9 des images num\u00e9riques, ils ont tiss\u00e9 des liens durables entre les artistes et les citoyens, prouvant que la plus belle des technologies reste celle qui nous rapproche. Photo : Am\u00e9lie Randot\/Happyness radio<\/p>\n","protected":false},"author":6,"featured_media":12453,"comment_status":"open","ping_status":"open","sticky":false,"template":"","format":"standard","meta":{"_lmt_disableupdate":"","_lmt_disable":"","footnotes":""},"categories":[11],"tags":[],"class_list":["post-12405","post","type-post","status-publish","format-standard","has-post-thumbnail","hentry","category-amiens"],"yoast_head":"<!-- This site is optimized with the Yoast SEO plugin v27.5 - https:\/\/yoast.com\/product\/yoast-seo-wordpress\/ -->\n<title>L&#039;art au service de l&#039;humain : Le Safra Num\u00e9rique f\u00eate dix ans d&#039;audace \u00e0 Amiens - Happyness Amiens<\/title>\n<meta name=\"description\" content=\"Le festival Safra Num\u00e9rique \u00e0 Amiens f\u00eate ses 10 ans. D\u00e9couvrez un \u00e9v\u00e9nement unique alliant arts technologiques, philosophie \u00ab low-tech \u00bb et engagement \u00e9cologique au c\u0153ur des quartiers nord.\" \/>\n<meta name=\"robots\" content=\"index, follow, max-snippet:-1, max-image-preview:large, max-video-preview:-1\" \/>\n<link rel=\"canonical\" href=\"https:\/\/happynessradio.fr\/amiens\/articles\/lart-au-service-de-lhumain-le-safra-numerique-fete-dix-ans-daudace-a-amiens\/\" \/>\n<meta property=\"og:locale\" content=\"fr_FR\" \/>\n<meta property=\"og:type\" content=\"article\" \/>\n<meta property=\"og:title\" content=\"L&#039;art au service de l&#039;humain : Le Safra Num\u00e9rique f\u00eate dix ans d&#039;audace \u00e0 Amiens - Happyness Amiens\" \/>\n<meta property=\"og:description\" content=\"Le festival Safra Num\u00e9rique \u00e0 Amiens f\u00eate ses 10 ans. D\u00e9couvrez un \u00e9v\u00e9nement unique alliant arts technologiques, philosophie \u00ab low-tech \u00bb et engagement \u00e9cologique au c\u0153ur des quartiers nord.\" \/>\n<meta property=\"og:url\" content=\"https:\/\/happynessradio.fr\/amiens\/articles\/lart-au-service-de-lhumain-le-safra-numerique-fete-dix-ans-daudace-a-amiens\/\" \/>\n<meta property=\"og:site_name\" content=\"Happyness Amiens\" \/>\n<meta property=\"article:published_time\" content=\"2026-03-25T12:24:22+00:00\" \/>\n<meta property=\"article:modified_time\" content=\"2026-03-25T12:24:24+00:00\" \/>\n<meta property=\"og:image\" content=\"https:\/\/happynessradio.fr\/amiens\/wp-content\/uploads\/sites\/3\/2026\/03\/MockUp-Visuels-articles-30.webp\" \/>\n\t<meta property=\"og:image:width\" content=\"1083\" \/>\n\t<meta property=\"og:image:height\" content=\"486\" \/>\n\t<meta property=\"og:image:type\" content=\"image\/webp\" \/>\n<meta name=\"author\" content=\"Lo\u00efc Dun\" \/>\n<meta name=\"twitter:card\" content=\"summary_large_image\" \/>\n<meta name=\"twitter:label1\" content=\"\u00c9crit par\" \/>\n\t<meta name=\"twitter:data1\" content=\"Lo\u00efc Dun\" \/>\n\t<meta name=\"twitter:label2\" content=\"Dur\u00e9e de lecture estim\u00e9e\" \/>\n\t<meta name=\"twitter:data2\" content=\"4 minutes\" \/>\n<script type=\"application\/ld+json\" class=\"yoast-schema-graph\">{\"@context\":\"https:\\\/\\\/schema.org\",\"@graph\":[{\"@type\":\"Article\",\"@id\":\"https:\\\/\\\/happynessradio.fr\\\/amiens\\\/articles\\\/lart-au-service-de-lhumain-le-safra-numerique-fete-dix-ans-daudace-a-amiens\\\/#article\",\"isPartOf\":{\"@id\":\"https:\\\/\\\/happynessradio.fr\\\/amiens\\\/articles\\\/lart-au-service-de-lhumain-le-safra-numerique-fete-dix-ans-daudace-a-amiens\\\/\"},\"author\":{\"name\":\"Lo\u00efc Dun\",\"@id\":\"https:\\\/\\\/happynessradio.fr\\\/amiens\\\/#\\\/schema\\\/person\\\/735f1a1ba15f9478beb4249ad52f7252\"},\"headline\":\"L&rsquo;art au service de l&rsquo;humain : Le Safra Num\u00e9rique f\u00eate dix ans d&rsquo;audace \u00e0 Amiens\",\"datePublished\":\"2026-03-25T12:24:22+00:00\",\"dateModified\":\"2026-03-25T12:24:24+00:00\",\"mainEntityOfPage\":{\"@id\":\"https:\\\/\\\/happynessradio.fr\\\/amiens\\\/articles\\\/lart-au-service-de-lhumain-le-safra-numerique-fete-dix-ans-daudace-a-amiens\\\/\"},\"wordCount\":698,\"commentCount\":0,\"image\":{\"@id\":\"https:\\\/\\\/happynessradio.fr\\\/amiens\\\/articles\\\/lart-au-service-de-lhumain-le-safra-numerique-fete-dix-ans-daudace-a-amiens\\\/#primaryimage\"},\"thumbnailUrl\":\"https:\\\/\\\/happynessradio.fr\\\/amiens\\\/wp-content\\\/uploads\\\/sites\\\/3\\\/2026\\\/03\\\/MockUp-Visuels-articles-30.webp\",\"articleSection\":[\"Amiens\"],\"inLanguage\":\"fr-FR\",\"potentialAction\":[{\"@type\":\"CommentAction\",\"name\":\"Comment\",\"target\":[\"https:\\\/\\\/happynessradio.fr\\\/amiens\\\/articles\\\/lart-au-service-de-lhumain-le-safra-numerique-fete-dix-ans-daudace-a-amiens\\\/#respond\"]}]},{\"@type\":\"WebPage\",\"@id\":\"https:\\\/\\\/happynessradio.fr\\\/amiens\\\/articles\\\/lart-au-service-de-lhumain-le-safra-numerique-fete-dix-ans-daudace-a-amiens\\\/\",\"url\":\"https:\\\/\\\/happynessradio.fr\\\/amiens\\\/articles\\\/lart-au-service-de-lhumain-le-safra-numerique-fete-dix-ans-daudace-a-amiens\\\/\",\"name\":\"L'art au service de l'humain : Le Safra Num\u00e9rique f\u00eate dix ans d'audace \u00e0 Amiens - Happyness Amiens\",\"isPartOf\":{\"@id\":\"https:\\\/\\\/happynessradio.fr\\\/amiens\\\/#website\"},\"primaryImageOfPage\":{\"@id\":\"https:\\\/\\\/happynessradio.fr\\\/amiens\\\/articles\\\/lart-au-service-de-lhumain-le-safra-numerique-fete-dix-ans-daudace-a-amiens\\\/#primaryimage\"},\"image\":{\"@id\":\"https:\\\/\\\/happynessradio.fr\\\/amiens\\\/articles\\\/lart-au-service-de-lhumain-le-safra-numerique-fete-dix-ans-daudace-a-amiens\\\/#primaryimage\"},\"thumbnailUrl\":\"https:\\\/\\\/happynessradio.fr\\\/amiens\\\/wp-content\\\/uploads\\\/sites\\\/3\\\/2026\\\/03\\\/MockUp-Visuels-articles-30.webp\",\"datePublished\":\"2026-03-25T12:24:22+00:00\",\"dateModified\":\"2026-03-25T12:24:24+00:00\",\"author\":{\"@id\":\"https:\\\/\\\/happynessradio.fr\\\/amiens\\\/#\\\/schema\\\/person\\\/735f1a1ba15f9478beb4249ad52f7252\"},\"description\":\"Le festival Safra Num\u00e9rique \u00e0 Amiens f\u00eate ses 10 ans. D\u00e9couvrez un \u00e9v\u00e9nement unique alliant arts technologiques, philosophie \u00ab low-tech \u00bb et engagement \u00e9cologique au c\u0153ur des quartiers nord.\",\"breadcrumb\":{\"@id\":\"https:\\\/\\\/happynessradio.fr\\\/amiens\\\/articles\\\/lart-au-service-de-lhumain-le-safra-numerique-fete-dix-ans-daudace-a-amiens\\\/#breadcrumb\"},\"inLanguage\":\"fr-FR\",\"potentialAction\":[{\"@type\":\"ReadAction\",\"target\":[\"https:\\\/\\\/happynessradio.fr\\\/amiens\\\/articles\\\/lart-au-service-de-lhumain-le-safra-numerique-fete-dix-ans-daudace-a-amiens\\\/\"]}]},{\"@type\":\"ImageObject\",\"inLanguage\":\"fr-FR\",\"@id\":\"https:\\\/\\\/happynessradio.fr\\\/amiens\\\/articles\\\/lart-au-service-de-lhumain-le-safra-numerique-fete-dix-ans-daudace-a-amiens\\\/#primaryimage\",\"url\":\"https:\\\/\\\/happynessradio.fr\\\/amiens\\\/wp-content\\\/uploads\\\/sites\\\/3\\\/2026\\\/03\\\/MockUp-Visuels-articles-30.webp\",\"contentUrl\":\"https:\\\/\\\/happynessradio.fr\\\/amiens\\\/wp-content\\\/uploads\\\/sites\\\/3\\\/2026\\\/03\\\/MockUp-Visuels-articles-30.webp\",\"width\":1083,\"height\":486,\"caption\":\"Photo : Am\u00e9lie Randot\\\/Happyness radio\"},{\"@type\":\"BreadcrumbList\",\"@id\":\"https:\\\/\\\/happynessradio.fr\\\/amiens\\\/articles\\\/lart-au-service-de-lhumain-le-safra-numerique-fete-dix-ans-daudace-a-amiens\\\/#breadcrumb\",\"itemListElement\":[{\"@type\":\"ListItem\",\"position\":1,\"name\":\"Accueil\",\"item\":\"https:\\\/\\\/happynessradio.fr\\\/amiens\\\/\"},{\"@type\":\"ListItem\",\"position\":2,\"name\":\"L&rsquo;art au service de l&rsquo;humain : Le Safra Num\u00e9rique f\u00eate dix ans d&rsquo;audace \u00e0 Amiens\"}]},{\"@type\":\"WebSite\",\"@id\":\"https:\\\/\\\/happynessradio.fr\\\/amiens\\\/#website\",\"url\":\"https:\\\/\\\/happynessradio.fr\\\/amiens\\\/\",\"name\":\"Happyness Amiens\",\"description\":\"Toujours au plus proche de vous\",\"potentialAction\":[{\"@type\":\"SearchAction\",\"target\":{\"@type\":\"EntryPoint\",\"urlTemplate\":\"https:\\\/\\\/happynessradio.fr\\\/amiens\\\/?s={search_term_string}\"},\"query-input\":{\"@type\":\"PropertyValueSpecification\",\"valueRequired\":true,\"valueName\":\"search_term_string\"}}],\"inLanguage\":\"fr-FR\"},{\"@type\":\"Person\",\"@id\":\"https:\\\/\\\/happynessradio.fr\\\/amiens\\\/#\\\/schema\\\/person\\\/735f1a1ba15f9478beb4249ad52f7252\",\"name\":\"Lo\u00efc Dun\",\"image\":{\"@type\":\"ImageObject\",\"inLanguage\":\"fr-FR\",\"@id\":\"https:\\\/\\\/happynessradio.fr\\\/amiens\\\/wp-content\\\/uploads\\\/sites\\\/3\\\/2025\\\/12\\\/cropped-Portrait-Loic-25-26-96x96.webp\",\"url\":\"https:\\\/\\\/happynessradio.fr\\\/amiens\\\/wp-content\\\/uploads\\\/sites\\\/3\\\/2025\\\/12\\\/cropped-Portrait-Loic-25-26-96x96.webp\",\"contentUrl\":\"https:\\\/\\\/happynessradio.fr\\\/amiens\\\/wp-content\\\/uploads\\\/sites\\\/3\\\/2025\\\/12\\\/cropped-Portrait-Loic-25-26-96x96.webp\",\"caption\":\"Lo\u00efc Dun\"},\"description\":\"R\u00e9dacteur web Happyness. Co-animateur (chroniqueur) Quoi d'neuf ? Amiens Chroniqueur Le R\u00e9veil Happyness\",\"sameAs\":[\"https:\\\/\\\/www.instagram.com\\\/lolo80radio\\\/\",\"https:\\\/\\\/www.linkedin.com\\\/in\\\/loc-d-365960164\\\/\"],\"url\":\"https:\\\/\\\/happynessradio.fr\\\/amiens\\\/articles\\\/author\\\/loicdun\\\/\"}]}<\/script>\n<!-- \/ Yoast SEO plugin. -->","yoast_head_json":{"title":"L'art au service de l'humain : Le Safra Num\u00e9rique f\u00eate dix ans d'audace \u00e0 Amiens - Happyness Amiens","description":"Le festival Safra Num\u00e9rique \u00e0 Amiens f\u00eate ses 10 ans. D\u00e9couvrez un \u00e9v\u00e9nement unique alliant arts technologiques, philosophie \u00ab low-tech \u00bb et engagement \u00e9cologique au c\u0153ur des quartiers nord.","robots":{"index":"index","follow":"follow","max-snippet":"max-snippet:-1","max-image-preview":"max-image-preview:large","max-video-preview":"max-video-preview:-1"},"canonical":"https:\/\/happynessradio.fr\/amiens\/articles\/lart-au-service-de-lhumain-le-safra-numerique-fete-dix-ans-daudace-a-amiens\/","og_locale":"fr_FR","og_type":"article","og_title":"L'art au service de l'humain : Le Safra Num\u00e9rique f\u00eate dix ans d'audace \u00e0 Amiens - Happyness Amiens","og_description":"Le festival Safra Num\u00e9rique \u00e0 Amiens f\u00eate ses 10 ans. D\u00e9couvrez un \u00e9v\u00e9nement unique alliant arts technologiques, philosophie \u00ab low-tech \u00bb et engagement \u00e9cologique au c\u0153ur des quartiers nord.","og_url":"https:\/\/happynessradio.fr\/amiens\/articles\/lart-au-service-de-lhumain-le-safra-numerique-fete-dix-ans-daudace-a-amiens\/","og_site_name":"Happyness Amiens","article_published_time":"2026-03-25T12:24:22+00:00","article_modified_time":"2026-03-25T12:24:24+00:00","og_image":[{"width":1083,"height":486,"url":"https:\/\/happynessradio.fr\/amiens\/wp-content\/uploads\/sites\/3\/2026\/03\/MockUp-Visuels-articles-30.webp","type":"image\/webp"}],"author":"Lo\u00efc Dun","twitter_card":"summary_large_image","twitter_misc":{"\u00c9crit par":"Lo\u00efc Dun","Dur\u00e9e de lecture estim\u00e9e":"4 minutes"},"schema":{"@context":"https:\/\/schema.org","@graph":[{"@type":"Article","@id":"https:\/\/happynessradio.fr\/amiens\/articles\/lart-au-service-de-lhumain-le-safra-numerique-fete-dix-ans-daudace-a-amiens\/#article","isPartOf":{"@id":"https:\/\/happynessradio.fr\/amiens\/articles\/lart-au-service-de-lhumain-le-safra-numerique-fete-dix-ans-daudace-a-amiens\/"},"author":{"name":"Lo\u00efc Dun","@id":"https:\/\/happynessradio.fr\/amiens\/#\/schema\/person\/735f1a1ba15f9478beb4249ad52f7252"},"headline":"L&rsquo;art au service de l&rsquo;humain : Le Safra Num\u00e9rique f\u00eate dix ans d&rsquo;audace \u00e0 Amiens","datePublished":"2026-03-25T12:24:22+00:00","dateModified":"2026-03-25T12:24:24+00:00","mainEntityOfPage":{"@id":"https:\/\/happynessradio.fr\/amiens\/articles\/lart-au-service-de-lhumain-le-safra-numerique-fete-dix-ans-daudace-a-amiens\/"},"wordCount":698,"commentCount":0,"image":{"@id":"https:\/\/happynessradio.fr\/amiens\/articles\/lart-au-service-de-lhumain-le-safra-numerique-fete-dix-ans-daudace-a-amiens\/#primaryimage"},"thumbnailUrl":"https:\/\/happynessradio.fr\/amiens\/wp-content\/uploads\/sites\/3\/2026\/03\/MockUp-Visuels-articles-30.webp","articleSection":["Amiens"],"inLanguage":"fr-FR","potentialAction":[{"@type":"CommentAction","name":"Comment","target":["https:\/\/happynessradio.fr\/amiens\/articles\/lart-au-service-de-lhumain-le-safra-numerique-fete-dix-ans-daudace-a-amiens\/#respond"]}]},{"@type":"WebPage","@id":"https:\/\/happynessradio.fr\/amiens\/articles\/lart-au-service-de-lhumain-le-safra-numerique-fete-dix-ans-daudace-a-amiens\/","url":"https:\/\/happynessradio.fr\/amiens\/articles\/lart-au-service-de-lhumain-le-safra-numerique-fete-dix-ans-daudace-a-amiens\/","name":"L'art au service de l'humain : Le Safra Num\u00e9rique f\u00eate dix ans d'audace \u00e0 Amiens - Happyness Amiens","isPartOf":{"@id":"https:\/\/happynessradio.fr\/amiens\/#website"},"primaryImageOfPage":{"@id":"https:\/\/happynessradio.fr\/amiens\/articles\/lart-au-service-de-lhumain-le-safra-numerique-fete-dix-ans-daudace-a-amiens\/#primaryimage"},"image":{"@id":"https:\/\/happynessradio.fr\/amiens\/articles\/lart-au-service-de-lhumain-le-safra-numerique-fete-dix-ans-daudace-a-amiens\/#primaryimage"},"thumbnailUrl":"https:\/\/happynessradio.fr\/amiens\/wp-content\/uploads\/sites\/3\/2026\/03\/MockUp-Visuels-articles-30.webp","datePublished":"2026-03-25T12:24:22+00:00","dateModified":"2026-03-25T12:24:24+00:00","author":{"@id":"https:\/\/happynessradio.fr\/amiens\/#\/schema\/person\/735f1a1ba15f9478beb4249ad52f7252"},"description":"Le festival Safra Num\u00e9rique \u00e0 Amiens f\u00eate ses 10 ans. D\u00e9couvrez un \u00e9v\u00e9nement unique alliant arts technologiques, philosophie \u00ab low-tech \u00bb et engagement \u00e9cologique au c\u0153ur des quartiers nord.","breadcrumb":{"@id":"https:\/\/happynessradio.fr\/amiens\/articles\/lart-au-service-de-lhumain-le-safra-numerique-fete-dix-ans-daudace-a-amiens\/#breadcrumb"},"inLanguage":"fr-FR","potentialAction":[{"@type":"ReadAction","target":["https:\/\/happynessradio.fr\/amiens\/articles\/lart-au-service-de-lhumain-le-safra-numerique-fete-dix-ans-daudace-a-amiens\/"]}]},{"@type":"ImageObject","inLanguage":"fr-FR","@id":"https:\/\/happynessradio.fr\/amiens\/articles\/lart-au-service-de-lhumain-le-safra-numerique-fete-dix-ans-daudace-a-amiens\/#primaryimage","url":"https:\/\/happynessradio.fr\/amiens\/wp-content\/uploads\/sites\/3\/2026\/03\/MockUp-Visuels-articles-30.webp","contentUrl":"https:\/\/happynessradio.fr\/amiens\/wp-content\/uploads\/sites\/3\/2026\/03\/MockUp-Visuels-articles-30.webp","width":1083,"height":486,"caption":"Photo : Am\u00e9lie Randot\/Happyness radio"},{"@type":"BreadcrumbList","@id":"https:\/\/happynessradio.fr\/amiens\/articles\/lart-au-service-de-lhumain-le-safra-numerique-fete-dix-ans-daudace-a-amiens\/#breadcrumb","itemListElement":[{"@type":"ListItem","position":1,"name":"Accueil","item":"https:\/\/happynessradio.fr\/amiens\/"},{"@type":"ListItem","position":2,"name":"L&rsquo;art au service de l&rsquo;humain : Le Safra Num\u00e9rique f\u00eate dix ans d&rsquo;audace \u00e0 Amiens"}]},{"@type":"WebSite","@id":"https:\/\/happynessradio.fr\/amiens\/#website","url":"https:\/\/happynessradio.fr\/amiens\/","name":"Happyness Amiens","description":"Toujours au plus proche de vous","potentialAction":[{"@type":"SearchAction","target":{"@type":"EntryPoint","urlTemplate":"https:\/\/happynessradio.fr\/amiens\/?s={search_term_string}"},"query-input":{"@type":"PropertyValueSpecification","valueRequired":true,"valueName":"search_term_string"}}],"inLanguage":"fr-FR"},{"@type":"Person","@id":"https:\/\/happynessradio.fr\/amiens\/#\/schema\/person\/735f1a1ba15f9478beb4249ad52f7252","name":"Lo\u00efc Dun","image":{"@type":"ImageObject","inLanguage":"fr-FR","@id":"https:\/\/happynessradio.fr\/amiens\/wp-content\/uploads\/sites\/3\/2025\/12\/cropped-Portrait-Loic-25-26-96x96.webp","url":"https:\/\/happynessradio.fr\/amiens\/wp-content\/uploads\/sites\/3\/2025\/12\/cropped-Portrait-Loic-25-26-96x96.webp","contentUrl":"https:\/\/happynessradio.fr\/amiens\/wp-content\/uploads\/sites\/3\/2025\/12\/cropped-Portrait-Loic-25-26-96x96.webp","caption":"Lo\u00efc Dun"},"description":"R\u00e9dacteur web Happyness. Co-animateur (chroniqueur) Quoi d'neuf ? Amiens Chroniqueur Le R\u00e9veil Happyness","sameAs":["https:\/\/www.instagram.com\/lolo80radio\/","https:\/\/www.linkedin.com\/in\/loc-d-365960164\/"],"url":"https:\/\/happynessradio.fr\/amiens\/articles\/author\/loicdun\/"}]}},"modified_by":"Lo\u00efc Dun","_links":{"self":[{"href":"https:\/\/happynessradio.fr\/amiens\/wp-json\/wp\/v2\/posts\/12405","targetHints":{"allow":["GET"]}}],"collection":[{"href":"https:\/\/happynessradio.fr\/amiens\/wp-json\/wp\/v2\/posts"}],"about":[{"href":"https:\/\/happynessradio.fr\/amiens\/wp-json\/wp\/v2\/types\/post"}],"author":[{"embeddable":true,"href":"https:\/\/happynessradio.fr\/amiens\/wp-json\/wp\/v2\/users\/6"}],"replies":[{"embeddable":true,"href":"https:\/\/happynessradio.fr\/amiens\/wp-json\/wp\/v2\/comments?post=12405"}],"version-history":[{"count":3,"href":"https:\/\/happynessradio.fr\/amiens\/wp-json\/wp\/v2\/posts\/12405\/revisions"}],"predecessor-version":[{"id":12454,"href":"https:\/\/happynessradio.fr\/amiens\/wp-json\/wp\/v2\/posts\/12405\/revisions\/12454"}],"wp:featuredmedia":[{"embeddable":true,"href":"https:\/\/happynessradio.fr\/amiens\/wp-json\/wp\/v2\/media\/12453"}],"wp:attachment":[{"href":"https:\/\/happynessradio.fr\/amiens\/wp-json\/wp\/v2\/media?parent=12405"}],"wp:term":[{"taxonomy":"category","embeddable":true,"href":"https:\/\/happynessradio.fr\/amiens\/wp-json\/wp\/v2\/categories?post=12405"},{"taxonomy":"post_tag","embeddable":true,"href":"https:\/\/happynessradio.fr\/amiens\/wp-json\/wp\/v2\/tags?post=12405"}],"curies":[{"name":"wp","href":"https:\/\/api.w.org\/{rel}","templated":true}]}}