{"id":12428,"date":"2026-03-22T19:12:11","date_gmt":"2026-03-22T18:12:11","guid":{"rendered":"https:\/\/happynessradio.fr\/amiens\/?p=12428"},"modified":"2026-03-22T19:12:12","modified_gmt":"2026-03-22T18:12:12","slug":"la-conciergerie-du-phare-le-partenaire-de-vos-locations-a-cayeux-sur-mer","status":"publish","type":"post","link":"https:\/\/happynessradio.fr\/amiens\/articles\/la-conciergerie-du-phare-le-partenaire-de-vos-locations-a-cayeux-sur-mer\/","title":{"rendered":"La Conciergerie du Phare : Le partenaire de vos locations \u00e0 Cayeux-sur-Mer"},"content":{"rendered":"\n<p><em>La Baie de Somme attire chaque ann\u00e9e de nombreux visiteurs s\u00e9duits par l&rsquo;authenticit\u00e9 de la c\u00f4te picarde. \u00c0 Cayeux-sur-Mer, o\u00f9 les r\u00e9sidences secondaires repr\u00e9sentent pr\u00e8s de 60 % du parc immobilier, la gestion des locations de courte dur\u00e9e est devenue un enjeu majeur. C\u2019est pour r\u00e9pondre \u00e0 ce besoin que Cl\u00e9mentine Bouville a fond\u00e9 La Conciergerie du Phare en juillet 2024, offrant un accompagnement de proximit\u00e9 qui lib\u00e8re totalement les propri\u00e9taires des contraintes logistiques.<\/em><\/p>\n\n\n\n<h3 class=\"wp-block-heading\">Un accompagnement complet pour les propri\u00e9taires de r\u00e9sidences secondaires<\/h3>\n\n\n\n<p>Derri\u00e8re cette enseigne se cache une gestionnaire passionn\u00e9e qui prend en charge l&rsquo;int\u00e9gralit\u00e9 du cycle locatif de mani\u00e8re artisanale. Cl\u00e9mentine intervient d\u00e8s la cr\u00e9ation de l&rsquo;annonce sur des plateformes comme Airbnb ou Booking, en optimisant la tarification et le descriptif des biens pour maximiser leur visibilit\u00e9. Elle assure ensuite le suivi rigoureux des r\u00e9servations, l&rsquo;entretien professionnel des logements et la mise en place syst\u00e9matique du linge de maison de qualit\u00e9. Qu&rsquo;il s&rsquo;agisse d&rsquo;ouvrir les volets avant l&rsquo;arriv\u00e9e des clients, d&rsquo;allumer le chauffage en hiver ou de g\u00e9rer les petits impr\u00e9vus techniques de derni\u00e8re minute, elle veille \u00e0 ce que les propri\u00e9taires n&rsquo;aient plus aucune t\u00e2che administrative ou manuelle \u00e0 accomplir de leur c\u00f4t\u00e9.<\/p>\n\n\n\n<h3 class=\"wp-block-heading\">Une exp\u00e9rience voyageur personnalis\u00e9e au c\u0153ur de la Baie de Somme<\/h3>\n\n\n\n<p>Pour les voyageurs de passage, l\u2019exp\u00e9rience propos\u00e9e par <strong>La Conciergerie du Phare<\/strong> va bien au-del\u00e0 d&rsquo;une simple remise de cl\u00e9s impersonnelle. Cl\u00e9mentine privil\u00e9gie l&rsquo;accueil humain en partageant ses conseils avis\u00e9s sur les incontournables de la r\u00e9gion, du Parc du Marquenterre au c\u00e9l\u00e8bre chemin de planches de Cayeux-sur-Mer. Elle innove \u00e9galement avec des services de confort uniques comme la r\u00e9ception de vos courses en drive directement dans le logement avant votre arriv\u00e9e ou encore la location d&rsquo;articles de plage complets pour vous permettre de voyager l\u00e9ger. Cette approche sur mesure garantit une immersion r\u00e9ussie au c\u0153ur de la c\u00f4te picarde tout en valorisant la qualit\u00e9 de l&rsquo;accueil local pour chaque s\u00e9jour.<\/p>\n\n\n\n<h3 class=\"wp-block-heading\">Informations utiles pour vos projets de location ou de s\u00e9jour<\/h3>\n\n\n\n<p>Si vous poss\u00e9dez un bien sur le secteur littoral ou si vous planifiez vos prochaines vacances en Baie de Somme, vous pouvez retrouver toutes les informations d\u00e9taill\u00e9es sur le site officiel <strong><a href=\"https:\/\/conciergerieduphare.fr\/\" id=\"https:\/\/conciergerieduphare.fr\/\">conciergerideduphare.fr<\/a><\/strong> ou suivre l&rsquo;actualit\u00e9 de l&rsquo;entreprise sur ses r\u00e9seaux sociaux Facebook et Instagram. Cl\u00e9mentine Bouville reste \u00e9galement disponible par email \u00e0 l\u2019adresse laconciergerieduphare@gmail.com ou par t\u00e9l\u00e9phone au 07 50 72 05 38 pour \u00e9changer sur vos besoins sp\u00e9cifiques de gestion locative ou pour vous aider \u00e0 trouver le logement id\u00e9al pour vos futures vacances \u00e0 la mer.<\/p>\n","protected":false},"excerpt":{"rendered":"<p>La Baie de Somme attire chaque ann\u00e9e de nombreux visiteurs s\u00e9duits par l&rsquo;authenticit\u00e9 de la c\u00f4te picarde. \u00c0 Cayeux-sur-Mer, o\u00f9 les r\u00e9sidences secondaires repr\u00e9sentent pr\u00e8s de 60 % du parc immobilier, la gestion des locations de courte dur\u00e9e est devenue un enjeu majeur. C\u2019est pour r\u00e9pondre \u00e0 ce besoin que Cl\u00e9mentine Bouville a fond\u00e9 La Conciergerie du Phare en juillet 2024, offrant un accompagnement de proximit\u00e9 qui lib\u00e8re totalement les propri\u00e9taires des contraintes logistiques. Un accompagnement complet pour les propri\u00e9taires de r\u00e9sidences secondaires Derri\u00e8re cette enseigne se cache une gestionnaire passionn\u00e9e qui prend en charge l&rsquo;int\u00e9gralit\u00e9 du cycle locatif de mani\u00e8re artisanale. Cl\u00e9mentine intervient d\u00e8s la cr\u00e9ation de l&rsquo;annonce sur des plateformes comme Airbnb ou Booking, en optimisant la tarification et le descriptif des biens pour maximiser leur visibilit\u00e9. Elle assure ensuite le suivi rigoureux des r\u00e9servations, l&rsquo;entretien professionnel des logements et la mise en place syst\u00e9matique du linge de maison de qualit\u00e9. Qu&rsquo;il s&rsquo;agisse d&rsquo;ouvrir les volets avant l&rsquo;arriv\u00e9e des clients, d&rsquo;allumer le chauffage en hiver ou de g\u00e9rer les petits impr\u00e9vus techniques de derni\u00e8re minute, elle veille \u00e0 ce que les propri\u00e9taires n&rsquo;aient plus aucune t\u00e2che administrative ou manuelle \u00e0 accomplir de leur c\u00f4t\u00e9. Une exp\u00e9rience voyageur personnalis\u00e9e au c\u0153ur de la Baie de Somme Pour les voyageurs de passage, l\u2019exp\u00e9rience propos\u00e9e par La Conciergerie du Phare va bien au-del\u00e0 d&rsquo;une simple remise de cl\u00e9s impersonnelle. Cl\u00e9mentine privil\u00e9gie l&rsquo;accueil humain en partageant ses conseils avis\u00e9s sur les incontournables de la r\u00e9gion, du Parc du Marquenterre au c\u00e9l\u00e8bre chemin de planches de Cayeux-sur-Mer. Elle innove \u00e9galement avec des services de confort uniques comme la r\u00e9ception de vos courses en drive directement dans le logement avant votre arriv\u00e9e ou encore la location d&rsquo;articles de plage complets pour vous permettre de voyager l\u00e9ger. Cette approche sur mesure garantit une immersion r\u00e9ussie au c\u0153ur de la c\u00f4te picarde tout en valorisant la qualit\u00e9 de l&rsquo;accueil local pour chaque s\u00e9jour. Informations utiles pour vos projets de location ou de s\u00e9jour Si vous poss\u00e9dez un bien sur le secteur littoral ou si vous planifiez vos prochaines vacances en Baie de Somme, vous pouvez retrouver toutes les informations d\u00e9taill\u00e9es sur le site officiel conciergerideduphare.fr ou suivre l&rsquo;actualit\u00e9 de l&rsquo;entreprise sur ses r\u00e9seaux sociaux Facebook et Instagram. Cl\u00e9mentine Bouville reste \u00e9galement disponible par email \u00e0 l\u2019adresse laconciergerieduphare@gmail.com ou par t\u00e9l\u00e9phone au 07 50 72 05 38 pour \u00e9changer sur vos besoins sp\u00e9cifiques de gestion locative ou pour vous aider \u00e0 trouver le logement id\u00e9al pour vos futures vacances \u00e0 la mer.<\/p>\n","protected":false},"author":6,"featured_media":12429,"comment_status":"open","ping_status":"open","sticky":false,"template":"","format":"standard","meta":{"_lmt_disableupdate":"","_lmt_disable":"","footnotes":""},"categories":[11],"tags":[],"class_list":["post-12428","post","type-post","status-publish","format-standard","has-post-thumbnail","hentry","category-amiens"],"yoast_head":"<!-- This site is optimized with the Yoast SEO plugin v27.5 - https:\/\/yoast.com\/product\/yoast-seo-wordpress\/ -->\n<title>La Conciergerie du Phare : Le partenaire de vos locations \u00e0 Cayeux-sur-Mer - Happyness Amiens<\/title>\n<meta name=\"description\" content=\"D\u00e9couvrez La Conciergerie du Phare \u00e0 Cayeux-sur-Mer. Cl\u00e9mentine Bouville propose un service complet pour g\u00e9rer vos locations saisonni\u00e8res en Baie de Somme.\" \/>\n<meta name=\"robots\" content=\"index, follow, max-snippet:-1, max-image-preview:large, max-video-preview:-1\" \/>\n<link rel=\"canonical\" href=\"https:\/\/happynessradio.fr\/amiens\/articles\/la-conciergerie-du-phare-le-partenaire-de-vos-locations-a-cayeux-sur-mer\/\" \/>\n<meta property=\"og:locale\" content=\"fr_FR\" \/>\n<meta property=\"og:type\" content=\"article\" \/>\n<meta property=\"og:title\" content=\"La Conciergerie du Phare : Le partenaire de vos locations \u00e0 Cayeux-sur-Mer - Happyness Amiens\" \/>\n<meta property=\"og:description\" content=\"D\u00e9couvrez La Conciergerie du Phare \u00e0 Cayeux-sur-Mer. Cl\u00e9mentine Bouville propose un service complet pour g\u00e9rer vos locations saisonni\u00e8res en Baie de Somme.\" \/>\n<meta property=\"og:url\" content=\"https:\/\/happynessradio.fr\/amiens\/articles\/la-conciergerie-du-phare-le-partenaire-de-vos-locations-a-cayeux-sur-mer\/\" \/>\n<meta property=\"og:site_name\" content=\"Happyness Amiens\" \/>\n<meta property=\"article:published_time\" content=\"2026-03-22T18:12:11+00:00\" \/>\n<meta property=\"article:modified_time\" content=\"2026-03-22T18:12:12+00:00\" \/>\n<meta property=\"og:image\" content=\"https:\/\/happynessradio.fr\/amiens\/wp-content\/uploads\/sites\/3\/2026\/03\/MockUp-Visuels-articles-25.webp\" \/>\n\t<meta property=\"og:image:width\" content=\"1083\" \/>\n\t<meta property=\"og:image:height\" content=\"486\" \/>\n\t<meta property=\"og:image:type\" content=\"image\/webp\" \/>\n<meta name=\"author\" content=\"Lo\u00efc Dun\" \/>\n<meta name=\"twitter:card\" content=\"summary_large_image\" \/>\n<meta name=\"twitter:label1\" content=\"\u00c9crit par\" \/>\n\t<meta name=\"twitter:data1\" content=\"Lo\u00efc Dun\" \/>\n\t<meta name=\"twitter:label2\" content=\"Dur\u00e9e de lecture estim\u00e9e\" \/>\n\t<meta name=\"twitter:data2\" content=\"3 minutes\" \/>\n<script type=\"application\/ld+json\" class=\"yoast-schema-graph\">{\"@context\":\"https:\\\/\\\/schema.org\",\"@graph\":[{\"@type\":\"Article\",\"@id\":\"https:\\\/\\\/happynessradio.fr\\\/amiens\\\/articles\\\/la-conciergerie-du-phare-le-partenaire-de-vos-locations-a-cayeux-sur-mer\\\/#article\",\"isPartOf\":{\"@id\":\"https:\\\/\\\/happynessradio.fr\\\/amiens\\\/articles\\\/la-conciergerie-du-phare-le-partenaire-de-vos-locations-a-cayeux-sur-mer\\\/\"},\"author\":{\"name\":\"Lo\u00efc Dun\",\"@id\":\"https:\\\/\\\/happynessradio.fr\\\/amiens\\\/#\\\/schema\\\/person\\\/735f1a1ba15f9478beb4249ad52f7252\"},\"headline\":\"La Conciergerie du Phare : Le partenaire de vos locations \u00e0 Cayeux-sur-Mer\",\"datePublished\":\"2026-03-22T18:12:11+00:00\",\"dateModified\":\"2026-03-22T18:12:12+00:00\",\"mainEntityOfPage\":{\"@id\":\"https:\\\/\\\/happynessradio.fr\\\/amiens\\\/articles\\\/la-conciergerie-du-phare-le-partenaire-de-vos-locations-a-cayeux-sur-mer\\\/\"},\"wordCount\":490,\"commentCount\":0,\"image\":{\"@id\":\"https:\\\/\\\/happynessradio.fr\\\/amiens\\\/articles\\\/la-conciergerie-du-phare-le-partenaire-de-vos-locations-a-cayeux-sur-mer\\\/#primaryimage\"},\"thumbnailUrl\":\"https:\\\/\\\/happynessradio.fr\\\/amiens\\\/wp-content\\\/uploads\\\/sites\\\/3\\\/2026\\\/03\\\/MockUp-Visuels-articles-25.webp\",\"articleSection\":[\"Amiens\"],\"inLanguage\":\"fr-FR\",\"potentialAction\":[{\"@type\":\"CommentAction\",\"name\":\"Comment\",\"target\":[\"https:\\\/\\\/happynessradio.fr\\\/amiens\\\/articles\\\/la-conciergerie-du-phare-le-partenaire-de-vos-locations-a-cayeux-sur-mer\\\/#respond\"]}]},{\"@type\":\"WebPage\",\"@id\":\"https:\\\/\\\/happynessradio.fr\\\/amiens\\\/articles\\\/la-conciergerie-du-phare-le-partenaire-de-vos-locations-a-cayeux-sur-mer\\\/\",\"url\":\"https:\\\/\\\/happynessradio.fr\\\/amiens\\\/articles\\\/la-conciergerie-du-phare-le-partenaire-de-vos-locations-a-cayeux-sur-mer\\\/\",\"name\":\"La Conciergerie du Phare : Le partenaire de vos locations \u00e0 Cayeux-sur-Mer - Happyness Amiens\",\"isPartOf\":{\"@id\":\"https:\\\/\\\/happynessradio.fr\\\/amiens\\\/#website\"},\"primaryImageOfPage\":{\"@id\":\"https:\\\/\\\/happynessradio.fr\\\/amiens\\\/articles\\\/la-conciergerie-du-phare-le-partenaire-de-vos-locations-a-cayeux-sur-mer\\\/#primaryimage\"},\"image\":{\"@id\":\"https:\\\/\\\/happynessradio.fr\\\/amiens\\\/articles\\\/la-conciergerie-du-phare-le-partenaire-de-vos-locations-a-cayeux-sur-mer\\\/#primaryimage\"},\"thumbnailUrl\":\"https:\\\/\\\/happynessradio.fr\\\/amiens\\\/wp-content\\\/uploads\\\/sites\\\/3\\\/2026\\\/03\\\/MockUp-Visuels-articles-25.webp\",\"datePublished\":\"2026-03-22T18:12:11+00:00\",\"dateModified\":\"2026-03-22T18:12:12+00:00\",\"author\":{\"@id\":\"https:\\\/\\\/happynessradio.fr\\\/amiens\\\/#\\\/schema\\\/person\\\/735f1a1ba15f9478beb4249ad52f7252\"},\"description\":\"D\u00e9couvrez La Conciergerie du Phare \u00e0 Cayeux-sur-Mer. Cl\u00e9mentine Bouville propose un service complet pour g\u00e9rer vos locations saisonni\u00e8res en Baie de Somme.\",\"breadcrumb\":{\"@id\":\"https:\\\/\\\/happynessradio.fr\\\/amiens\\\/articles\\\/la-conciergerie-du-phare-le-partenaire-de-vos-locations-a-cayeux-sur-mer\\\/#breadcrumb\"},\"inLanguage\":\"fr-FR\",\"potentialAction\":[{\"@type\":\"ReadAction\",\"target\":[\"https:\\\/\\\/happynessradio.fr\\\/amiens\\\/articles\\\/la-conciergerie-du-phare-le-partenaire-de-vos-locations-a-cayeux-sur-mer\\\/\"]}]},{\"@type\":\"ImageObject\",\"inLanguage\":\"fr-FR\",\"@id\":\"https:\\\/\\\/happynessradio.fr\\\/amiens\\\/articles\\\/la-conciergerie-du-phare-le-partenaire-de-vos-locations-a-cayeux-sur-mer\\\/#primaryimage\",\"url\":\"https:\\\/\\\/happynessradio.fr\\\/amiens\\\/wp-content\\\/uploads\\\/sites\\\/3\\\/2026\\\/03\\\/MockUp-Visuels-articles-25.webp\",\"contentUrl\":\"https:\\\/\\\/happynessradio.fr\\\/amiens\\\/wp-content\\\/uploads\\\/sites\\\/3\\\/2026\\\/03\\\/MockUp-Visuels-articles-25.webp\",\"width\":1083,\"height\":486,\"caption\":\"Salon lumineux et chaleureux d'un appartement\"},{\"@type\":\"BreadcrumbList\",\"@id\":\"https:\\\/\\\/happynessradio.fr\\\/amiens\\\/articles\\\/la-conciergerie-du-phare-le-partenaire-de-vos-locations-a-cayeux-sur-mer\\\/#breadcrumb\",\"itemListElement\":[{\"@type\":\"ListItem\",\"position\":1,\"name\":\"Accueil\",\"item\":\"https:\\\/\\\/happynessradio.fr\\\/amiens\\\/\"},{\"@type\":\"ListItem\",\"position\":2,\"name\":\"La Conciergerie du Phare : Le partenaire de vos locations \u00e0 Cayeux-sur-Mer\"}]},{\"@type\":\"WebSite\",\"@id\":\"https:\\\/\\\/happynessradio.fr\\\/amiens\\\/#website\",\"url\":\"https:\\\/\\\/happynessradio.fr\\\/amiens\\\/\",\"name\":\"Happyness Amiens\",\"description\":\"Toujours au plus proche de vous\",\"potentialAction\":[{\"@type\":\"SearchAction\",\"target\":{\"@type\":\"EntryPoint\",\"urlTemplate\":\"https:\\\/\\\/happynessradio.fr\\\/amiens\\\/?s={search_term_string}\"},\"query-input\":{\"@type\":\"PropertyValueSpecification\",\"valueRequired\":true,\"valueName\":\"search_term_string\"}}],\"inLanguage\":\"fr-FR\"},{\"@type\":\"Person\",\"@id\":\"https:\\\/\\\/happynessradio.fr\\\/amiens\\\/#\\\/schema\\\/person\\\/735f1a1ba15f9478beb4249ad52f7252\",\"name\":\"Lo\u00efc Dun\",\"image\":{\"@type\":\"ImageObject\",\"inLanguage\":\"fr-FR\",\"@id\":\"https:\\\/\\\/happynessradio.fr\\\/amiens\\\/wp-content\\\/uploads\\\/sites\\\/3\\\/2025\\\/12\\\/cropped-Portrait-Loic-25-26-96x96.webp\",\"url\":\"https:\\\/\\\/happynessradio.fr\\\/amiens\\\/wp-content\\\/uploads\\\/sites\\\/3\\\/2025\\\/12\\\/cropped-Portrait-Loic-25-26-96x96.webp\",\"contentUrl\":\"https:\\\/\\\/happynessradio.fr\\\/amiens\\\/wp-content\\\/uploads\\\/sites\\\/3\\\/2025\\\/12\\\/cropped-Portrait-Loic-25-26-96x96.webp\",\"caption\":\"Lo\u00efc Dun\"},\"description\":\"R\u00e9dacteur web Happyness. Co-animateur (chroniqueur) Quoi d'neuf ? Amiens Chroniqueur Le R\u00e9veil Happyness\",\"sameAs\":[\"https:\\\/\\\/www.instagram.com\\\/lolo80radio\\\/\",\"https:\\\/\\\/www.linkedin.com\\\/in\\\/loc-d-365960164\\\/\"],\"url\":\"https:\\\/\\\/happynessradio.fr\\\/amiens\\\/articles\\\/author\\\/loicdun\\\/\"}]}<\/script>\n<!-- \/ Yoast SEO plugin. -->","yoast_head_json":{"title":"La Conciergerie du Phare : Le partenaire de vos locations \u00e0 Cayeux-sur-Mer - Happyness Amiens","description":"D\u00e9couvrez La Conciergerie du Phare \u00e0 Cayeux-sur-Mer. Cl\u00e9mentine Bouville propose un service complet pour g\u00e9rer vos locations saisonni\u00e8res en Baie de Somme.","robots":{"index":"index","follow":"follow","max-snippet":"max-snippet:-1","max-image-preview":"max-image-preview:large","max-video-preview":"max-video-preview:-1"},"canonical":"https:\/\/happynessradio.fr\/amiens\/articles\/la-conciergerie-du-phare-le-partenaire-de-vos-locations-a-cayeux-sur-mer\/","og_locale":"fr_FR","og_type":"article","og_title":"La Conciergerie du Phare : Le partenaire de vos locations \u00e0 Cayeux-sur-Mer - Happyness Amiens","og_description":"D\u00e9couvrez La Conciergerie du Phare \u00e0 Cayeux-sur-Mer. Cl\u00e9mentine Bouville propose un service complet pour g\u00e9rer vos locations saisonni\u00e8res en Baie de Somme.","og_url":"https:\/\/happynessradio.fr\/amiens\/articles\/la-conciergerie-du-phare-le-partenaire-de-vos-locations-a-cayeux-sur-mer\/","og_site_name":"Happyness Amiens","article_published_time":"2026-03-22T18:12:11+00:00","article_modified_time":"2026-03-22T18:12:12+00:00","og_image":[{"width":1083,"height":486,"url":"https:\/\/happynessradio.fr\/amiens\/wp-content\/uploads\/sites\/3\/2026\/03\/MockUp-Visuels-articles-25.webp","type":"image\/webp"}],"author":"Lo\u00efc Dun","twitter_card":"summary_large_image","twitter_misc":{"\u00c9crit par":"Lo\u00efc Dun","Dur\u00e9e de lecture estim\u00e9e":"3 minutes"},"schema":{"@context":"https:\/\/schema.org","@graph":[{"@type":"Article","@id":"https:\/\/happynessradio.fr\/amiens\/articles\/la-conciergerie-du-phare-le-partenaire-de-vos-locations-a-cayeux-sur-mer\/#article","isPartOf":{"@id":"https:\/\/happynessradio.fr\/amiens\/articles\/la-conciergerie-du-phare-le-partenaire-de-vos-locations-a-cayeux-sur-mer\/"},"author":{"name":"Lo\u00efc Dun","@id":"https:\/\/happynessradio.fr\/amiens\/#\/schema\/person\/735f1a1ba15f9478beb4249ad52f7252"},"headline":"La Conciergerie du Phare : Le partenaire de vos locations \u00e0 Cayeux-sur-Mer","datePublished":"2026-03-22T18:12:11+00:00","dateModified":"2026-03-22T18:12:12+00:00","mainEntityOfPage":{"@id":"https:\/\/happynessradio.fr\/amiens\/articles\/la-conciergerie-du-phare-le-partenaire-de-vos-locations-a-cayeux-sur-mer\/"},"wordCount":490,"commentCount":0,"image":{"@id":"https:\/\/happynessradio.fr\/amiens\/articles\/la-conciergerie-du-phare-le-partenaire-de-vos-locations-a-cayeux-sur-mer\/#primaryimage"},"thumbnailUrl":"https:\/\/happynessradio.fr\/amiens\/wp-content\/uploads\/sites\/3\/2026\/03\/MockUp-Visuels-articles-25.webp","articleSection":["Amiens"],"inLanguage":"fr-FR","potentialAction":[{"@type":"CommentAction","name":"Comment","target":["https:\/\/happynessradio.fr\/amiens\/articles\/la-conciergerie-du-phare-le-partenaire-de-vos-locations-a-cayeux-sur-mer\/#respond"]}]},{"@type":"WebPage","@id":"https:\/\/happynessradio.fr\/amiens\/articles\/la-conciergerie-du-phare-le-partenaire-de-vos-locations-a-cayeux-sur-mer\/","url":"https:\/\/happynessradio.fr\/amiens\/articles\/la-conciergerie-du-phare-le-partenaire-de-vos-locations-a-cayeux-sur-mer\/","name":"La Conciergerie du Phare : Le partenaire de vos locations \u00e0 Cayeux-sur-Mer - Happyness Amiens","isPartOf":{"@id":"https:\/\/happynessradio.fr\/amiens\/#website"},"primaryImageOfPage":{"@id":"https:\/\/happynessradio.fr\/amiens\/articles\/la-conciergerie-du-phare-le-partenaire-de-vos-locations-a-cayeux-sur-mer\/#primaryimage"},"image":{"@id":"https:\/\/happynessradio.fr\/amiens\/articles\/la-conciergerie-du-phare-le-partenaire-de-vos-locations-a-cayeux-sur-mer\/#primaryimage"},"thumbnailUrl":"https:\/\/happynessradio.fr\/amiens\/wp-content\/uploads\/sites\/3\/2026\/03\/MockUp-Visuels-articles-25.webp","datePublished":"2026-03-22T18:12:11+00:00","dateModified":"2026-03-22T18:12:12+00:00","author":{"@id":"https:\/\/happynessradio.fr\/amiens\/#\/schema\/person\/735f1a1ba15f9478beb4249ad52f7252"},"description":"D\u00e9couvrez La Conciergerie du Phare \u00e0 Cayeux-sur-Mer. Cl\u00e9mentine Bouville propose un service complet pour g\u00e9rer vos locations saisonni\u00e8res en Baie de Somme.","breadcrumb":{"@id":"https:\/\/happynessradio.fr\/amiens\/articles\/la-conciergerie-du-phare-le-partenaire-de-vos-locations-a-cayeux-sur-mer\/#breadcrumb"},"inLanguage":"fr-FR","potentialAction":[{"@type":"ReadAction","target":["https:\/\/happynessradio.fr\/amiens\/articles\/la-conciergerie-du-phare-le-partenaire-de-vos-locations-a-cayeux-sur-mer\/"]}]},{"@type":"ImageObject","inLanguage":"fr-FR","@id":"https:\/\/happynessradio.fr\/amiens\/articles\/la-conciergerie-du-phare-le-partenaire-de-vos-locations-a-cayeux-sur-mer\/#primaryimage","url":"https:\/\/happynessradio.fr\/amiens\/wp-content\/uploads\/sites\/3\/2026\/03\/MockUp-Visuels-articles-25.webp","contentUrl":"https:\/\/happynessradio.fr\/amiens\/wp-content\/uploads\/sites\/3\/2026\/03\/MockUp-Visuels-articles-25.webp","width":1083,"height":486,"caption":"Salon lumineux et chaleureux d'un appartement"},{"@type":"BreadcrumbList","@id":"https:\/\/happynessradio.fr\/amiens\/articles\/la-conciergerie-du-phare-le-partenaire-de-vos-locations-a-cayeux-sur-mer\/#breadcrumb","itemListElement":[{"@type":"ListItem","position":1,"name":"Accueil","item":"https:\/\/happynessradio.fr\/amiens\/"},{"@type":"ListItem","position":2,"name":"La Conciergerie du Phare : Le partenaire de vos locations \u00e0 Cayeux-sur-Mer"}]},{"@type":"WebSite","@id":"https:\/\/happynessradio.fr\/amiens\/#website","url":"https:\/\/happynessradio.fr\/amiens\/","name":"Happyness Amiens","description":"Toujours au plus proche de vous","potentialAction":[{"@type":"SearchAction","target":{"@type":"EntryPoint","urlTemplate":"https:\/\/happynessradio.fr\/amiens\/?s={search_term_string}"},"query-input":{"@type":"PropertyValueSpecification","valueRequired":true,"valueName":"search_term_string"}}],"inLanguage":"fr-FR"},{"@type":"Person","@id":"https:\/\/happynessradio.fr\/amiens\/#\/schema\/person\/735f1a1ba15f9478beb4249ad52f7252","name":"Lo\u00efc Dun","image":{"@type":"ImageObject","inLanguage":"fr-FR","@id":"https:\/\/happynessradio.fr\/amiens\/wp-content\/uploads\/sites\/3\/2025\/12\/cropped-Portrait-Loic-25-26-96x96.webp","url":"https:\/\/happynessradio.fr\/amiens\/wp-content\/uploads\/sites\/3\/2025\/12\/cropped-Portrait-Loic-25-26-96x96.webp","contentUrl":"https:\/\/happynessradio.fr\/amiens\/wp-content\/uploads\/sites\/3\/2025\/12\/cropped-Portrait-Loic-25-26-96x96.webp","caption":"Lo\u00efc Dun"},"description":"R\u00e9dacteur web Happyness. Co-animateur (chroniqueur) Quoi d'neuf ? Amiens Chroniqueur Le R\u00e9veil Happyness","sameAs":["https:\/\/www.instagram.com\/lolo80radio\/","https:\/\/www.linkedin.com\/in\/loc-d-365960164\/"],"url":"https:\/\/happynessradio.fr\/amiens\/articles\/author\/loicdun\/"}]}},"modified_by":"Lo\u00efc Dun","_links":{"self":[{"href":"https:\/\/happynessradio.fr\/amiens\/wp-json\/wp\/v2\/posts\/12428","targetHints":{"allow":["GET"]}}],"collection":[{"href":"https:\/\/happynessradio.fr\/amiens\/wp-json\/wp\/v2\/posts"}],"about":[{"href":"https:\/\/happynessradio.fr\/amiens\/wp-json\/wp\/v2\/types\/post"}],"author":[{"embeddable":true,"href":"https:\/\/happynessradio.fr\/amiens\/wp-json\/wp\/v2\/users\/6"}],"replies":[{"embeddable":true,"href":"https:\/\/happynessradio.fr\/amiens\/wp-json\/wp\/v2\/comments?post=12428"}],"version-history":[{"count":1,"href":"https:\/\/happynessradio.fr\/amiens\/wp-json\/wp\/v2\/posts\/12428\/revisions"}],"predecessor-version":[{"id":12430,"href":"https:\/\/happynessradio.fr\/amiens\/wp-json\/wp\/v2\/posts\/12428\/revisions\/12430"}],"wp:featuredmedia":[{"embeddable":true,"href":"https:\/\/happynessradio.fr\/amiens\/wp-json\/wp\/v2\/media\/12429"}],"wp:attachment":[{"href":"https:\/\/happynessradio.fr\/amiens\/wp-json\/wp\/v2\/media?parent=12428"}],"wp:term":[{"taxonomy":"category","embeddable":true,"href":"https:\/\/happynessradio.fr\/amiens\/wp-json\/wp\/v2\/categories?post=12428"},{"taxonomy":"post_tag","embeddable":true,"href":"https:\/\/happynessradio.fr\/amiens\/wp-json\/wp\/v2\/tags?post=12428"}],"curies":[{"name":"wp","href":"https:\/\/api.w.org\/{rel}","templated":true}]}}