{"id":12431,"date":"2026-03-23T14:06:04","date_gmt":"2026-03-23T13:06:04","guid":{"rendered":"https:\/\/happynessradio.fr\/amiens\/?p=12431"},"modified":"2026-03-23T14:06:11","modified_gmt":"2026-03-23T13:06:11","slug":"resume-de-lamiens-tattoo-festival-2026-le-grand-retour-sur-un-week-end-dexception","status":"publish","type":"post","link":"https:\/\/happynessradio.fr\/amiens\/articles\/resume-de-lamiens-tattoo-festival-2026-le-grand-retour-sur-un-week-end-dexception\/","title":{"rendered":"R\u00e9sum\u00e9 de l\u2019Amiens Tattoo Festival 2026 : Le grand retour sur un week-end d&rsquo;exception"},"content":{"rendered":"\n<p><em>Le week-end du 21 mars, La <a href=\"https:\/\/www.megacite.fr\/\" target=\"_blank\" rel=\"noreferrer noopener\">M\u00e9gacit\u00e9 Amiens<\/a> est devenu le point de ralliement de la culture alternative pour l&rsquo;\u00e9dition 2026 de l&rsquo;<a href=\"https:\/\/www.amiens-tattoo-festival.fr\/\" target=\"_blank\" rel=\"noreferrer noopener\">Amiens Tattoo Festival<\/a>. Durant deux jours, des milliers de passionn\u00e9s ont d\u00e9ambul\u00e9 entre les stands de tatoueurs internationaux et de cr\u00e9ateurs. Happyness \u00e9tait au c\u0153ur de l&rsquo;\u00e9v\u00e9nement avec une \u00e9mission sp\u00e9ciale de quatre heures, capturant l&rsquo;essence d&rsquo;une convention qui m\u00eale d\u00e9sormais art corporel, comp\u00e9tition de haut niveau et performances musicales de premier plan.<\/em><\/p>\n\n\n\n<h3 class=\"wp-block-heading\">Un palmar\u00e8s prestigieux : Les artistes r\u00e9compens\u00e9s<\/h3>\n\n\n\n<p>Le c\u0153ur battant du festival reste son concours, o\u00f9 les artistes repoussent les limites de leur art sous l&rsquo;\u0153il attentif du jury. Cette ann\u00e9e, le talent a particuli\u00e8rement brill\u00e9 lors des remises de prix. <strong>Rayink_tattoo<\/strong> a r\u00e9alis\u00e9 un doubl\u00e9 impressionnant en d\u00e9crochant le <strong>1er Prix Small Noir &amp; Gris<\/strong> ainsi que le <strong>1er Prix Ornemental<\/strong>. L&rsquo;artiste a s\u00e9duit les experts avec une pi\u00e8ce n\u00e9o-florale complexe, finalis\u00e9e \u00e0 la toute derni\u00e8re minute, tout en s&rsquo;offrant une superbe 2\u00e8me place sur le \u00ab\u00a0Best of Day\u00a0\u00bb derri\u00e8re l&rsquo;\u0153uvre remarquable de <strong>Petite_miette_tattoo<\/strong>.<\/p>\n\n\n\n<p>La couleur a \u00e9galement marqu\u00e9 les esprits gr\u00e2ce \u00e0 la performance de <strong>Mayvink_corne<\/strong>, qui s&rsquo;est hiss\u00e9e \u00e0 la <strong>2\u00e8me place de la cat\u00e9gorie Grande Pi\u00e8ce Couleur<\/strong>. Son projet \u00ab\u00a0Scooby 20&rsquo;s\u00a0\u00bb, un portrait r\u00e9aliste de l&rsquo;acteur Matthew Lillard (Samy) m\u00eal\u00e9 \u00e0 un Scooby-Doo en style cartoon vibrant, a illustr\u00e9 la ma\u00eetrise technique et narrative des exposants de cette \u00e9dition.<\/p>\n\n\n\n<h3 class=\"wp-block-heading\">4 heures de direct : L&rsquo;immersion totale par Happyness<\/h3>\n\n\n\n<p>L&rsquo;\u00e9mission sp\u00e9ciale a permis de donner la parole aux nombreux acteurs qui font la diversit\u00e9 du salon. L&rsquo;antenne a d\u00e9but\u00e9 avec l&rsquo;\u00e9quipe d&rsquo;<strong>EVA Amiens<\/strong>, illustrant la connexion naturelle entre l&rsquo;e-sport et les cultures urbaines. \u00c0 17h45, le tatoueur <strong>Enjitattoo<\/strong> (Enguerrand) a partag\u00e9 sa vision du m\u00e9tier, suivi \u00e0 18h par l&rsquo;orf\u00e8vrerie dentaire de <strong>Youhane Mau<\/strong> (<strong>UMA Grillz<\/strong>), venu de Rouen pr\u00e9senter ses cr\u00e9ations sur mesure. Les festivaliers ont \u00e9galement pu appr\u00e9cier les saveurs artisanales de Marie et ses rhums \u00ab\u00a0faits maison\u00a0\u00bb chez <strong>Otirhum<\/strong>.<\/p>\n\n\n\n<p><em>A noter : Pour des raisons ind\u00e9pendantes de notre volont\u00e9, et malgr\u00e9 nos nombreuses<strong> solicitations<\/strong>, l&rsquo;interview de Vegedream n&rsquo;a pu \u00eatre r\u00e9alis\u00e9e sur notre antenne.<\/em><\/p>\n\n\n\n<h3 class=\"wp-block-heading\">Expertise, \u00e9thique et reconstruction th\u00e9rapeutique<\/h3>\n\n\n\n<p>Le salon a aussi mis en avant le professionnalisme et l&rsquo;engagement humain. \u00c0 18h30, l&rsquo;\u00e9quipe de <strong>Tabernacle<\/strong>, salon de r\u00e9f\u00e9rence \u00e0 Compi\u00e8gne, a d\u00e9taill\u00e9 son approche : cr\u00e9ations sur-mesure, \u00ab\u00a0lifts\u00a0\u00bb de motifs anciens et piercings r\u00e9alis\u00e9s par des experts dipl\u00f4m\u00e9s avec des bijoux certifi\u00e9s. Cette qu\u00eate de sens a atteint son apog\u00e9e \u00e0 18h45 avec l&rsquo;intervention de <strong>Ma S\u00e8ve<\/strong>. Venue d&rsquo;Arras, cette tatoueuse sp\u00e9cialis\u00e9e dans le tatouage \u00e0 vis\u00e9e th\u00e9rapeutique a \u00e9mu le public en expliquant son travail de reconstruction, notamment pour les t\u00e9tons, offrant une v\u00e9ritable renaissance esth\u00e9tique aux personnes touch\u00e9es par la maladie.<\/p>\n\n\n\n<h3 class=\"wp-block-heading\">Le point d&rsquo;orgue : Vegedream et le mix final du DJ<\/h3>\n\n\n\n<p>Pour conclure ce r\u00e9sum\u00e9, l&rsquo;<a href=\"https:\/\/www.google.com\/search?q=https:\/\/www.amiens-tattoo-festival.fr\/\" target=\"_blank\" rel=\"noreferrer noopener\">Amiens Tattoo Festival<\/a> a offert a ses visiteurs et participants, un show magistral sur la sc\u00e8ne de <a href=\"https:\/\/www.megacite.fr\/\" target=\"_blank\" rel=\"noreferrer noopener\">M\u00e9gacit\u00e9 Amiens<\/a>. Le showcase exclusif de <strong>Vegedream<\/strong> a litt\u00e9ralement enflamm\u00e9 la convention, unissant les passionn\u00e9s de tatouage et de musique dans une communion festive. Juste apr\u00e8s cette performance m\u00e9morable, c&rsquo;est un <strong>DJ<\/strong> qui a pris les commandes des platines pour prolonger l&rsquo;\u00e9nergie du salon et clore cette journ\u00e9e en musique.<\/p>\n\n\n\n<hr class=\"wp-block-separator has-alpha-channel-opacity\" \/>\n\n\n\n<p><strong>Restez connect\u00e9s : notre reportage photo complet de l&rsquo;\u00e9v\u00e9nement arrive tr\u00e8s prochainement ici-m\u00eame ainsi qu&rsquo;un reportage sur le <a href=\"https:\/\/www.instagram.com\/quoidneufamiens\/\" id=\"https:\/\/www.instagram.com\/quoidneufamiens\/\">compte Instagram<\/a> de Quoi d&rsquo;neuf  ? Amiens. <\/strong><\/p>\n\n\n\n<p><\/p>\n\n\n\n<p><\/p>\n\n\n\n<p><em>Envie de d\u00e9couvrir nos autres articles sur cet \u00e9v\u00e9nement et bien plus encore ou m\u00eame jouer \u00e0 notre quiz ? <\/em><\/p>\n\n\n<ul class=\"wp-block-latest-posts__list wp-block-latest-posts\"><li><a class=\"wp-block-latest-posts__post-title\" href=\"https:\/\/happynessradio.fr\/amiens\/articles\/somme-nuages-et-pluie-pour-le-weekend\/\">Somme : nuages et pluie pour le weekend<\/a><\/li>\n<li><a class=\"wp-block-latest-posts__post-title\" href=\"https:\/\/happynessradio.fr\/amiens\/articles\/saleux-succes-pour-la-rederie-du-1er-mai\/\">Saleux : succ\u00e8s pour la r\u00e9derie du 1er mai<\/a><\/li>\n<li><a class=\"wp-block-latest-posts__post-title\" href=\"https:\/\/happynessradio.fr\/amiens\/articles\/somme-les-infos-routes-pour-debut-mai\/\">Somme : les infos routes pour d\u00e9but mai<\/a><\/li>\n<li><a class=\"wp-block-latest-posts__post-title\" href=\"https:\/\/happynessradio.fr\/amiens\/articles\/amiens-ouverture-des-inscriptions-dans-les-ecoles-publiques\/\">Amiens : ouverture des inscriptions dans les \u00e9coles publiques<\/a><\/li>\n<li><a class=\"wp-block-latest-posts__post-title\" href=\"https:\/\/happynessradio.fr\/amiens\/articles\/amiens-ouverture-des-inscriptions-en-accueil-de-loisirs-et-au-caj-pour-lete-2026\/\">Amiens : ouverture des inscriptions en accueil de loisirs et au CAJ pour l&rsquo;\u00e9t\u00e9 2026<\/a><\/li>\n<\/ul>\n\n\n<p><\/p>\n","protected":false},"excerpt":{"rendered":"<p>Le week-end du 21 mars, La M\u00e9gacit\u00e9 Amiens est devenu le point de ralliement de la culture alternative pour l&rsquo;\u00e9dition 2026 de l&rsquo;Amiens Tattoo Festival. Durant deux jours, des milliers de passionn\u00e9s ont d\u00e9ambul\u00e9 entre les stands de tatoueurs internationaux et de cr\u00e9ateurs. Happyness \u00e9tait au c\u0153ur de l&rsquo;\u00e9v\u00e9nement avec une \u00e9mission sp\u00e9ciale de quatre heures, capturant l&rsquo;essence d&rsquo;une convention qui m\u00eale d\u00e9sormais art corporel, comp\u00e9tition de haut niveau et performances musicales de premier plan. Un palmar\u00e8s prestigieux : Les artistes r\u00e9compens\u00e9s Le c\u0153ur battant du festival reste son concours, o\u00f9 les artistes repoussent les limites de leur art sous l&rsquo;\u0153il attentif du jury. Cette ann\u00e9e, le talent a particuli\u00e8rement brill\u00e9 lors des remises de prix. Rayink_tattoo a r\u00e9alis\u00e9 un doubl\u00e9 impressionnant en d\u00e9crochant le 1er Prix Small Noir &amp; Gris ainsi que le 1er Prix Ornemental. L&rsquo;artiste a s\u00e9duit les experts avec une pi\u00e8ce n\u00e9o-florale complexe, finalis\u00e9e \u00e0 la toute derni\u00e8re minute, tout en s&rsquo;offrant une superbe 2\u00e8me place sur le \u00ab\u00a0Best of Day\u00a0\u00bb derri\u00e8re l&rsquo;\u0153uvre remarquable de Petite_miette_tattoo. La couleur a \u00e9galement marqu\u00e9 les esprits gr\u00e2ce \u00e0 la performance de Mayvink_corne, qui s&rsquo;est hiss\u00e9e \u00e0 la 2\u00e8me place de la cat\u00e9gorie Grande Pi\u00e8ce Couleur. Son projet \u00ab\u00a0Scooby 20&rsquo;s\u00a0\u00bb, un portrait r\u00e9aliste de l&rsquo;acteur Matthew Lillard (Samy) m\u00eal\u00e9 \u00e0 un Scooby-Doo en style cartoon vibrant, a illustr\u00e9 la ma\u00eetrise technique et narrative des exposants de cette \u00e9dition. 4 heures de direct : L&rsquo;immersion totale par Happyness L&rsquo;\u00e9mission sp\u00e9ciale a permis de donner la parole aux nombreux acteurs qui font la diversit\u00e9 du salon. L&rsquo;antenne a d\u00e9but\u00e9 avec l&rsquo;\u00e9quipe d&rsquo;EVA Amiens, illustrant la connexion naturelle entre l&rsquo;e-sport et les cultures urbaines. \u00c0 17h45, le tatoueur Enjitattoo (Enguerrand) a partag\u00e9 sa vision du m\u00e9tier, suivi \u00e0 18h par l&rsquo;orf\u00e8vrerie dentaire de Youhane Mau (UMA Grillz), venu de Rouen pr\u00e9senter ses cr\u00e9ations sur mesure. Les festivaliers ont \u00e9galement pu appr\u00e9cier les saveurs artisanales de Marie et ses rhums \u00ab\u00a0faits maison\u00a0\u00bb chez Otirhum. A noter : Pour des raisons ind\u00e9pendantes de notre volont\u00e9, et malgr\u00e9 nos nombreuses solicitations, l&rsquo;interview de Vegedream n&rsquo;a pu \u00eatre r\u00e9alis\u00e9e sur notre antenne. Expertise, \u00e9thique et reconstruction th\u00e9rapeutique Le salon a aussi mis en avant le professionnalisme et l&rsquo;engagement humain. \u00c0 18h30, l&rsquo;\u00e9quipe de Tabernacle, salon de r\u00e9f\u00e9rence \u00e0 Compi\u00e8gne, a d\u00e9taill\u00e9 son approche : cr\u00e9ations sur-mesure, \u00ab\u00a0lifts\u00a0\u00bb de motifs anciens et piercings r\u00e9alis\u00e9s par des experts dipl\u00f4m\u00e9s avec des bijoux certifi\u00e9s. Cette qu\u00eate de sens a atteint son apog\u00e9e \u00e0 18h45 avec l&rsquo;intervention de Ma S\u00e8ve. Venue d&rsquo;Arras, cette tatoueuse sp\u00e9cialis\u00e9e dans le tatouage \u00e0 vis\u00e9e th\u00e9rapeutique a \u00e9mu le public en expliquant son travail de reconstruction, notamment pour les t\u00e9tons, offrant une v\u00e9ritable renaissance esth\u00e9tique aux personnes touch\u00e9es par la maladie. Le point d&rsquo;orgue : Vegedream et le mix final du DJ Pour conclure ce r\u00e9sum\u00e9, l&rsquo;Amiens Tattoo Festival a offert a ses visiteurs et participants, un show magistral sur la sc\u00e8ne de M\u00e9gacit\u00e9 Amiens. Le showcase exclusif de Vegedream a litt\u00e9ralement enflamm\u00e9 la convention, unissant les passionn\u00e9s de tatouage et de musique dans une communion festive. Juste apr\u00e8s cette performance m\u00e9morable, c&rsquo;est un DJ qui a pris les commandes des platines pour prolonger l&rsquo;\u00e9nergie du salon et clore cette journ\u00e9e en musique. Restez connect\u00e9s : notre reportage photo complet de l&rsquo;\u00e9v\u00e9nement arrive tr\u00e8s prochainement ici-m\u00eame ainsi qu&rsquo;un reportage sur le compte Instagram de Quoi d&rsquo;neuf ? Amiens. Envie de d\u00e9couvrir nos autres articles sur cet \u00e9v\u00e9nement et bien plus encore ou m\u00eame jouer \u00e0 notre quiz ?<\/p>\n","protected":false},"author":6,"featured_media":12395,"comment_status":"open","ping_status":"open","sticky":false,"template":"","format":"standard","meta":{"_lmt_disableupdate":"","_lmt_disable":"","footnotes":""},"categories":[1],"tags":[],"class_list":["post-12431","post","type-post","status-publish","format-standard","has-post-thumbnail","hentry","category-non-classe"],"yoast_head":"<!-- This site is optimized with the Yoast SEO plugin v27.5 - https:\/\/yoast.com\/product\/yoast-seo-wordpress\/ -->\n<title>R\u00e9sum\u00e9 de l\u2019Amiens Tattoo Festival 2026 : Le grand retour sur un week-end d&#039;exception - Happyness Amiens<\/title>\n<meta name=\"description\" content=\"R\u00e9sum\u00e9 complet de l&#039;\u00e9dition 2026 de l&#039;Amiens Tattoo Festival \u00e0 M\u00e9gacit\u00e9. Retrouvez le palmar\u00e8s du concours, les moments forts de nos 4h d&#039;\u00e9mission et le showcase de Vegedream\" \/>\n<meta name=\"robots\" content=\"index, follow, max-snippet:-1, max-image-preview:large, max-video-preview:-1\" \/>\n<link rel=\"canonical\" href=\"https:\/\/happynessradio.fr\/amiens\/articles\/resume-de-lamiens-tattoo-festival-2026-le-grand-retour-sur-un-week-end-dexception\/\" \/>\n<meta property=\"og:locale\" content=\"fr_FR\" \/>\n<meta property=\"og:type\" content=\"article\" \/>\n<meta property=\"og:title\" content=\"R\u00e9sum\u00e9 de l\u2019Amiens Tattoo Festival 2026 : Le grand retour sur un week-end d&#039;exception - Happyness Amiens\" \/>\n<meta property=\"og:description\" content=\"R\u00e9sum\u00e9 complet de l&#039;\u00e9dition 2026 de l&#039;Amiens Tattoo Festival \u00e0 M\u00e9gacit\u00e9. Retrouvez le palmar\u00e8s du concours, les moments forts de nos 4h d&#039;\u00e9mission et le showcase de Vegedream\" \/>\n<meta property=\"og:url\" content=\"https:\/\/happynessradio.fr\/amiens\/articles\/resume-de-lamiens-tattoo-festival-2026-le-grand-retour-sur-un-week-end-dexception\/\" \/>\n<meta property=\"og:site_name\" content=\"Happyness Amiens\" \/>\n<meta property=\"article:published_time\" content=\"2026-03-23T13:06:04+00:00\" \/>\n<meta property=\"article:modified_time\" content=\"2026-03-23T13:06:11+00:00\" \/>\n<meta property=\"og:image\" content=\"https:\/\/happynessradio.fr\/amiens\/wp-content\/uploads\/sites\/3\/2026\/03\/MockUp-Visuels-articles_20260321_145312_0000.webp\" \/>\n\t<meta property=\"og:image:width\" content=\"1083\" \/>\n\t<meta property=\"og:image:height\" content=\"486\" \/>\n\t<meta property=\"og:image:type\" content=\"image\/webp\" \/>\n<meta name=\"author\" content=\"Lo\u00efc Dun\" \/>\n<meta name=\"twitter:card\" content=\"summary_large_image\" \/>\n<meta name=\"twitter:label1\" content=\"\u00c9crit par\" \/>\n\t<meta name=\"twitter:data1\" content=\"Lo\u00efc Dun\" \/>\n\t<meta name=\"twitter:label2\" content=\"Dur\u00e9e de lecture estim\u00e9e\" \/>\n\t<meta name=\"twitter:data2\" content=\"4 minutes\" \/>\n<script type=\"application\/ld+json\" class=\"yoast-schema-graph\">{\"@context\":\"https:\\\/\\\/schema.org\",\"@graph\":[{\"@type\":\"Article\",\"@id\":\"https:\\\/\\\/happynessradio.fr\\\/amiens\\\/articles\\\/resume-de-lamiens-tattoo-festival-2026-le-grand-retour-sur-un-week-end-dexception\\\/#article\",\"isPartOf\":{\"@id\":\"https:\\\/\\\/happynessradio.fr\\\/amiens\\\/articles\\\/resume-de-lamiens-tattoo-festival-2026-le-grand-retour-sur-un-week-end-dexception\\\/\"},\"author\":{\"name\":\"Lo\u00efc Dun\",\"@id\":\"https:\\\/\\\/happynessradio.fr\\\/amiens\\\/#\\\/schema\\\/person\\\/735f1a1ba15f9478beb4249ad52f7252\"},\"headline\":\"R\u00e9sum\u00e9 de l\u2019Amiens Tattoo Festival 2026 : Le grand retour sur un week-end d&rsquo;exception\",\"datePublished\":\"2026-03-23T13:06:04+00:00\",\"dateModified\":\"2026-03-23T13:06:11+00:00\",\"mainEntityOfPage\":{\"@id\":\"https:\\\/\\\/happynessradio.fr\\\/amiens\\\/articles\\\/resume-de-lamiens-tattoo-festival-2026-le-grand-retour-sur-un-week-end-dexception\\\/\"},\"wordCount\":678,\"commentCount\":0,\"image\":{\"@id\":\"https:\\\/\\\/happynessradio.fr\\\/amiens\\\/articles\\\/resume-de-lamiens-tattoo-festival-2026-le-grand-retour-sur-un-week-end-dexception\\\/#primaryimage\"},\"thumbnailUrl\":\"https:\\\/\\\/happynessradio.fr\\\/amiens\\\/wp-content\\\/uploads\\\/sites\\\/3\\\/2026\\\/03\\\/MockUp-Visuels-articles_20260321_145312_0000.webp\",\"inLanguage\":\"fr-FR\",\"potentialAction\":[{\"@type\":\"CommentAction\",\"name\":\"Comment\",\"target\":[\"https:\\\/\\\/happynessradio.fr\\\/amiens\\\/articles\\\/resume-de-lamiens-tattoo-festival-2026-le-grand-retour-sur-un-week-end-dexception\\\/#respond\"]}]},{\"@type\":\"WebPage\",\"@id\":\"https:\\\/\\\/happynessradio.fr\\\/amiens\\\/articles\\\/resume-de-lamiens-tattoo-festival-2026-le-grand-retour-sur-un-week-end-dexception\\\/\",\"url\":\"https:\\\/\\\/happynessradio.fr\\\/amiens\\\/articles\\\/resume-de-lamiens-tattoo-festival-2026-le-grand-retour-sur-un-week-end-dexception\\\/\",\"name\":\"R\u00e9sum\u00e9 de l\u2019Amiens Tattoo Festival 2026 : Le grand retour sur un week-end d'exception - Happyness Amiens\",\"isPartOf\":{\"@id\":\"https:\\\/\\\/happynessradio.fr\\\/amiens\\\/#website\"},\"primaryImageOfPage\":{\"@id\":\"https:\\\/\\\/happynessradio.fr\\\/amiens\\\/articles\\\/resume-de-lamiens-tattoo-festival-2026-le-grand-retour-sur-un-week-end-dexception\\\/#primaryimage\"},\"image\":{\"@id\":\"https:\\\/\\\/happynessradio.fr\\\/amiens\\\/articles\\\/resume-de-lamiens-tattoo-festival-2026-le-grand-retour-sur-un-week-end-dexception\\\/#primaryimage\"},\"thumbnailUrl\":\"https:\\\/\\\/happynessradio.fr\\\/amiens\\\/wp-content\\\/uploads\\\/sites\\\/3\\\/2026\\\/03\\\/MockUp-Visuels-articles_20260321_145312_0000.webp\",\"datePublished\":\"2026-03-23T13:06:04+00:00\",\"dateModified\":\"2026-03-23T13:06:11+00:00\",\"author\":{\"@id\":\"https:\\\/\\\/happynessradio.fr\\\/amiens\\\/#\\\/schema\\\/person\\\/735f1a1ba15f9478beb4249ad52f7252\"},\"description\":\"R\u00e9sum\u00e9 complet de l'\u00e9dition 2026 de l'Amiens Tattoo Festival \u00e0 M\u00e9gacit\u00e9. Retrouvez le palmar\u00e8s du concours, les moments forts de nos 4h d'\u00e9mission et le showcase de Vegedream\",\"breadcrumb\":{\"@id\":\"https:\\\/\\\/happynessradio.fr\\\/amiens\\\/articles\\\/resume-de-lamiens-tattoo-festival-2026-le-grand-retour-sur-un-week-end-dexception\\\/#breadcrumb\"},\"inLanguage\":\"fr-FR\",\"potentialAction\":[{\"@type\":\"ReadAction\",\"target\":[\"https:\\\/\\\/happynessradio.fr\\\/amiens\\\/articles\\\/resume-de-lamiens-tattoo-festival-2026-le-grand-retour-sur-un-week-end-dexception\\\/\"]}]},{\"@type\":\"ImageObject\",\"inLanguage\":\"fr-FR\",\"@id\":\"https:\\\/\\\/happynessradio.fr\\\/amiens\\\/articles\\\/resume-de-lamiens-tattoo-festival-2026-le-grand-retour-sur-un-week-end-dexception\\\/#primaryimage\",\"url\":\"https:\\\/\\\/happynessradio.fr\\\/amiens\\\/wp-content\\\/uploads\\\/sites\\\/3\\\/2026\\\/03\\\/MockUp-Visuels-articles_20260321_145312_0000.webp\",\"contentUrl\":\"https:\\\/\\\/happynessradio.fr\\\/amiens\\\/wp-content\\\/uploads\\\/sites\\\/3\\\/2026\\\/03\\\/MockUp-Visuels-articles_20260321_145312_0000.webp\",\"width\":1083,\"height\":486,\"caption\":\"Image repr\u00e9sentant un dieu grec devant des colonnes. Il regarde vers la droite.\"},{\"@type\":\"BreadcrumbList\",\"@id\":\"https:\\\/\\\/happynessradio.fr\\\/amiens\\\/articles\\\/resume-de-lamiens-tattoo-festival-2026-le-grand-retour-sur-un-week-end-dexception\\\/#breadcrumb\",\"itemListElement\":[{\"@type\":\"ListItem\",\"position\":1,\"name\":\"Accueil\",\"item\":\"https:\\\/\\\/happynessradio.fr\\\/amiens\\\/\"},{\"@type\":\"ListItem\",\"position\":2,\"name\":\"R\u00e9sum\u00e9 de l\u2019Amiens Tattoo Festival 2026 : Le grand retour sur un week-end d&rsquo;exception\"}]},{\"@type\":\"WebSite\",\"@id\":\"https:\\\/\\\/happynessradio.fr\\\/amiens\\\/#website\",\"url\":\"https:\\\/\\\/happynessradio.fr\\\/amiens\\\/\",\"name\":\"Happyness Amiens\",\"description\":\"Toujours au plus proche de vous\",\"potentialAction\":[{\"@type\":\"SearchAction\",\"target\":{\"@type\":\"EntryPoint\",\"urlTemplate\":\"https:\\\/\\\/happynessradio.fr\\\/amiens\\\/?s={search_term_string}\"},\"query-input\":{\"@type\":\"PropertyValueSpecification\",\"valueRequired\":true,\"valueName\":\"search_term_string\"}}],\"inLanguage\":\"fr-FR\"},{\"@type\":\"Person\",\"@id\":\"https:\\\/\\\/happynessradio.fr\\\/amiens\\\/#\\\/schema\\\/person\\\/735f1a1ba15f9478beb4249ad52f7252\",\"name\":\"Lo\u00efc Dun\",\"image\":{\"@type\":\"ImageObject\",\"inLanguage\":\"fr-FR\",\"@id\":\"https:\\\/\\\/happynessradio.fr\\\/amiens\\\/wp-content\\\/uploads\\\/sites\\\/3\\\/2025\\\/12\\\/cropped-Portrait-Loic-25-26-96x96.webp\",\"url\":\"https:\\\/\\\/happynessradio.fr\\\/amiens\\\/wp-content\\\/uploads\\\/sites\\\/3\\\/2025\\\/12\\\/cropped-Portrait-Loic-25-26-96x96.webp\",\"contentUrl\":\"https:\\\/\\\/happynessradio.fr\\\/amiens\\\/wp-content\\\/uploads\\\/sites\\\/3\\\/2025\\\/12\\\/cropped-Portrait-Loic-25-26-96x96.webp\",\"caption\":\"Lo\u00efc Dun\"},\"description\":\"R\u00e9dacteur web Happyness. Co-animateur (chroniqueur) Quoi d'neuf ? Amiens Chroniqueur Le R\u00e9veil Happyness\",\"sameAs\":[\"https:\\\/\\\/www.instagram.com\\\/lolo80radio\\\/\",\"https:\\\/\\\/www.linkedin.com\\\/in\\\/loc-d-365960164\\\/\"],\"url\":\"https:\\\/\\\/happynessradio.fr\\\/amiens\\\/articles\\\/author\\\/loicdun\\\/\"}]}<\/script>\n<!-- \/ Yoast SEO plugin. -->","yoast_head_json":{"title":"R\u00e9sum\u00e9 de l\u2019Amiens Tattoo Festival 2026 : Le grand retour sur un week-end d'exception - Happyness Amiens","description":"R\u00e9sum\u00e9 complet de l'\u00e9dition 2026 de l'Amiens Tattoo Festival \u00e0 M\u00e9gacit\u00e9. Retrouvez le palmar\u00e8s du concours, les moments forts de nos 4h d'\u00e9mission et le showcase de Vegedream","robots":{"index":"index","follow":"follow","max-snippet":"max-snippet:-1","max-image-preview":"max-image-preview:large","max-video-preview":"max-video-preview:-1"},"canonical":"https:\/\/happynessradio.fr\/amiens\/articles\/resume-de-lamiens-tattoo-festival-2026-le-grand-retour-sur-un-week-end-dexception\/","og_locale":"fr_FR","og_type":"article","og_title":"R\u00e9sum\u00e9 de l\u2019Amiens Tattoo Festival 2026 : Le grand retour sur un week-end d'exception - Happyness Amiens","og_description":"R\u00e9sum\u00e9 complet de l'\u00e9dition 2026 de l'Amiens Tattoo Festival \u00e0 M\u00e9gacit\u00e9. Retrouvez le palmar\u00e8s du concours, les moments forts de nos 4h d'\u00e9mission et le showcase de Vegedream","og_url":"https:\/\/happynessradio.fr\/amiens\/articles\/resume-de-lamiens-tattoo-festival-2026-le-grand-retour-sur-un-week-end-dexception\/","og_site_name":"Happyness Amiens","article_published_time":"2026-03-23T13:06:04+00:00","article_modified_time":"2026-03-23T13:06:11+00:00","og_image":[{"width":1083,"height":486,"url":"https:\/\/happynessradio.fr\/amiens\/wp-content\/uploads\/sites\/3\/2026\/03\/MockUp-Visuels-articles_20260321_145312_0000.webp","type":"image\/webp"}],"author":"Lo\u00efc Dun","twitter_card":"summary_large_image","twitter_misc":{"\u00c9crit par":"Lo\u00efc Dun","Dur\u00e9e de lecture estim\u00e9e":"4 minutes"},"schema":{"@context":"https:\/\/schema.org","@graph":[{"@type":"Article","@id":"https:\/\/happynessradio.fr\/amiens\/articles\/resume-de-lamiens-tattoo-festival-2026-le-grand-retour-sur-un-week-end-dexception\/#article","isPartOf":{"@id":"https:\/\/happynessradio.fr\/amiens\/articles\/resume-de-lamiens-tattoo-festival-2026-le-grand-retour-sur-un-week-end-dexception\/"},"author":{"name":"Lo\u00efc Dun","@id":"https:\/\/happynessradio.fr\/amiens\/#\/schema\/person\/735f1a1ba15f9478beb4249ad52f7252"},"headline":"R\u00e9sum\u00e9 de l\u2019Amiens Tattoo Festival 2026 : Le grand retour sur un week-end d&rsquo;exception","datePublished":"2026-03-23T13:06:04+00:00","dateModified":"2026-03-23T13:06:11+00:00","mainEntityOfPage":{"@id":"https:\/\/happynessradio.fr\/amiens\/articles\/resume-de-lamiens-tattoo-festival-2026-le-grand-retour-sur-un-week-end-dexception\/"},"wordCount":678,"commentCount":0,"image":{"@id":"https:\/\/happynessradio.fr\/amiens\/articles\/resume-de-lamiens-tattoo-festival-2026-le-grand-retour-sur-un-week-end-dexception\/#primaryimage"},"thumbnailUrl":"https:\/\/happynessradio.fr\/amiens\/wp-content\/uploads\/sites\/3\/2026\/03\/MockUp-Visuels-articles_20260321_145312_0000.webp","inLanguage":"fr-FR","potentialAction":[{"@type":"CommentAction","name":"Comment","target":["https:\/\/happynessradio.fr\/amiens\/articles\/resume-de-lamiens-tattoo-festival-2026-le-grand-retour-sur-un-week-end-dexception\/#respond"]}]},{"@type":"WebPage","@id":"https:\/\/happynessradio.fr\/amiens\/articles\/resume-de-lamiens-tattoo-festival-2026-le-grand-retour-sur-un-week-end-dexception\/","url":"https:\/\/happynessradio.fr\/amiens\/articles\/resume-de-lamiens-tattoo-festival-2026-le-grand-retour-sur-un-week-end-dexception\/","name":"R\u00e9sum\u00e9 de l\u2019Amiens Tattoo Festival 2026 : Le grand retour sur un week-end d'exception - Happyness Amiens","isPartOf":{"@id":"https:\/\/happynessradio.fr\/amiens\/#website"},"primaryImageOfPage":{"@id":"https:\/\/happynessradio.fr\/amiens\/articles\/resume-de-lamiens-tattoo-festival-2026-le-grand-retour-sur-un-week-end-dexception\/#primaryimage"},"image":{"@id":"https:\/\/happynessradio.fr\/amiens\/articles\/resume-de-lamiens-tattoo-festival-2026-le-grand-retour-sur-un-week-end-dexception\/#primaryimage"},"thumbnailUrl":"https:\/\/happynessradio.fr\/amiens\/wp-content\/uploads\/sites\/3\/2026\/03\/MockUp-Visuels-articles_20260321_145312_0000.webp","datePublished":"2026-03-23T13:06:04+00:00","dateModified":"2026-03-23T13:06:11+00:00","author":{"@id":"https:\/\/happynessradio.fr\/amiens\/#\/schema\/person\/735f1a1ba15f9478beb4249ad52f7252"},"description":"R\u00e9sum\u00e9 complet de l'\u00e9dition 2026 de l'Amiens Tattoo Festival \u00e0 M\u00e9gacit\u00e9. Retrouvez le palmar\u00e8s du concours, les moments forts de nos 4h d'\u00e9mission et le showcase de Vegedream","breadcrumb":{"@id":"https:\/\/happynessradio.fr\/amiens\/articles\/resume-de-lamiens-tattoo-festival-2026-le-grand-retour-sur-un-week-end-dexception\/#breadcrumb"},"inLanguage":"fr-FR","potentialAction":[{"@type":"ReadAction","target":["https:\/\/happynessradio.fr\/amiens\/articles\/resume-de-lamiens-tattoo-festival-2026-le-grand-retour-sur-un-week-end-dexception\/"]}]},{"@type":"ImageObject","inLanguage":"fr-FR","@id":"https:\/\/happynessradio.fr\/amiens\/articles\/resume-de-lamiens-tattoo-festival-2026-le-grand-retour-sur-un-week-end-dexception\/#primaryimage","url":"https:\/\/happynessradio.fr\/amiens\/wp-content\/uploads\/sites\/3\/2026\/03\/MockUp-Visuels-articles_20260321_145312_0000.webp","contentUrl":"https:\/\/happynessradio.fr\/amiens\/wp-content\/uploads\/sites\/3\/2026\/03\/MockUp-Visuels-articles_20260321_145312_0000.webp","width":1083,"height":486,"caption":"Image repr\u00e9sentant un dieu grec devant des colonnes. Il regarde vers la droite."},{"@type":"BreadcrumbList","@id":"https:\/\/happynessradio.fr\/amiens\/articles\/resume-de-lamiens-tattoo-festival-2026-le-grand-retour-sur-un-week-end-dexception\/#breadcrumb","itemListElement":[{"@type":"ListItem","position":1,"name":"Accueil","item":"https:\/\/happynessradio.fr\/amiens\/"},{"@type":"ListItem","position":2,"name":"R\u00e9sum\u00e9 de l\u2019Amiens Tattoo Festival 2026 : Le grand retour sur un week-end d&rsquo;exception"}]},{"@type":"WebSite","@id":"https:\/\/happynessradio.fr\/amiens\/#website","url":"https:\/\/happynessradio.fr\/amiens\/","name":"Happyness Amiens","description":"Toujours au plus proche de vous","potentialAction":[{"@type":"SearchAction","target":{"@type":"EntryPoint","urlTemplate":"https:\/\/happynessradio.fr\/amiens\/?s={search_term_string}"},"query-input":{"@type":"PropertyValueSpecification","valueRequired":true,"valueName":"search_term_string"}}],"inLanguage":"fr-FR"},{"@type":"Person","@id":"https:\/\/happynessradio.fr\/amiens\/#\/schema\/person\/735f1a1ba15f9478beb4249ad52f7252","name":"Lo\u00efc Dun","image":{"@type":"ImageObject","inLanguage":"fr-FR","@id":"https:\/\/happynessradio.fr\/amiens\/wp-content\/uploads\/sites\/3\/2025\/12\/cropped-Portrait-Loic-25-26-96x96.webp","url":"https:\/\/happynessradio.fr\/amiens\/wp-content\/uploads\/sites\/3\/2025\/12\/cropped-Portrait-Loic-25-26-96x96.webp","contentUrl":"https:\/\/happynessradio.fr\/amiens\/wp-content\/uploads\/sites\/3\/2025\/12\/cropped-Portrait-Loic-25-26-96x96.webp","caption":"Lo\u00efc Dun"},"description":"R\u00e9dacteur web Happyness. Co-animateur (chroniqueur) Quoi d'neuf ? Amiens Chroniqueur Le R\u00e9veil Happyness","sameAs":["https:\/\/www.instagram.com\/lolo80radio\/","https:\/\/www.linkedin.com\/in\/loc-d-365960164\/"],"url":"https:\/\/happynessradio.fr\/amiens\/articles\/author\/loicdun\/"}]}},"modified_by":"Lo\u00efc Dun","_links":{"self":[{"href":"https:\/\/happynessradio.fr\/amiens\/wp-json\/wp\/v2\/posts\/12431","targetHints":{"allow":["GET"]}}],"collection":[{"href":"https:\/\/happynessradio.fr\/amiens\/wp-json\/wp\/v2\/posts"}],"about":[{"href":"https:\/\/happynessradio.fr\/amiens\/wp-json\/wp\/v2\/types\/post"}],"author":[{"embeddable":true,"href":"https:\/\/happynessradio.fr\/amiens\/wp-json\/wp\/v2\/users\/6"}],"replies":[{"embeddable":true,"href":"https:\/\/happynessradio.fr\/amiens\/wp-json\/wp\/v2\/comments?post=12431"}],"version-history":[{"count":1,"href":"https:\/\/happynessradio.fr\/amiens\/wp-json\/wp\/v2\/posts\/12431\/revisions"}],"predecessor-version":[{"id":12432,"href":"https:\/\/happynessradio.fr\/amiens\/wp-json\/wp\/v2\/posts\/12431\/revisions\/12432"}],"wp:featuredmedia":[{"embeddable":true,"href":"https:\/\/happynessradio.fr\/amiens\/wp-json\/wp\/v2\/media\/12395"}],"wp:attachment":[{"href":"https:\/\/happynessradio.fr\/amiens\/wp-json\/wp\/v2\/media?parent=12431"}],"wp:term":[{"taxonomy":"category","embeddable":true,"href":"https:\/\/happynessradio.fr\/amiens\/wp-json\/wp\/v2\/categories?post=12431"},{"taxonomy":"post_tag","embeddable":true,"href":"https:\/\/happynessradio.fr\/amiens\/wp-json\/wp\/v2\/tags?post=12431"}],"curies":[{"name":"wp","href":"https:\/\/api.w.org\/{rel}","templated":true}]}}