{"id":12447,"date":"2026-03-25T13:15:31","date_gmt":"2026-03-25T12:15:31","guid":{"rendered":"https:\/\/happynessradio.fr\/amiens\/?p=12447"},"modified":"2026-03-25T13:15:32","modified_gmt":"2026-03-25T12:15:32","slug":"la-comedie-damiens-quand-le-temple-du-rire-devient-le-territoire-de-la-parole","status":"publish","type":"post","link":"https:\/\/happynessradio.fr\/amiens\/articles\/la-comedie-damiens-quand-le-temple-du-rire-devient-le-territoire-de-la-parole\/","title":{"rendered":"La Com\u00e9die d\u2019Amiens : Quand le temple du rire devient le territoire de la parole"},"content":{"rendered":"\n<p><em>Historiquement d\u00e9di\u00e9e \u00e0 l\u2019humour, la salle de la rue de Sully franchit une nouvelle \u00e9tape culturelle. Entre le retour d\u2019un talk-show culte, une po\u00e9sie \u00ab\u00a0rock\u2019n\u2019roll\u00a0\u00bb et une com\u00e9die estivale d\u00e9complex\u00e9e, la Com\u00e9die d\u2019Amiens, fi\u00e8re partenaire de Happyness, prouve que l\u2019on peut rire, r\u00e9fl\u00e9chir et s\u2019\u00e9mouvoir au m\u00eame endroit.<\/em><\/p>\n\n\n\n<h3 class=\"wp-block-heading\">De l&rsquo;humour pur au d\u00e9bat public<\/h3>\n\n\n\n<p>\u00c0 l\u2019origine, la Com\u00e9die d\u2019Amiens s\u2019est impos\u00e9e comme une salle de spectacle d\u00e9di\u00e9e au rire. Cependant, sous l\u2019impulsion de Bruno Romier, le lieu a su \u00e9voluer, passant de soir\u00e9es cabaret couronn\u00e9es de succ\u00e8s \u00e0 un v\u00e9ritable forum public. Pour la direction, le th\u00e9\u00e2tre est le meilleur endroit pour lib\u00e9rer la parole et remettre le d\u00e9bat d\u2019id\u00e9es au centre de la cit\u00e9 ami\u00e9noise.<\/p>\n\n\n\n<h3 class=\"wp-block-heading\">Le grand retour de la libert\u00e9 de ton avec \u00ab\u00a0Ciel, mon mardi !\u00a0\u00bb<\/h3>\n\n\n\n<p>D\u00e8s le 19 mai \u00e0 20h, la salle ressuscite l\u2019esprit de l\u2019\u00e9mission culte de Christophe Dechavanne. Un mardi sur deux, le journaliste Mathieu Wilheim animera des \u00e9changes intenses sur des sujets de soci\u00e9t\u00e9 br\u00fblants. Les premi\u00e8res th\u00e9matiques interrogeront la place de la religion en politique ou encore la limite de l&rsquo;humour aujourd&rsquo;hui. La Com\u00e9die cherche d&rsquo;ailleurs des participants pour t\u00e9moigner sur sc\u00e8ne lors de ces soir\u00e9es pr\u00e9vues pour durer pr\u00e8s de deux heures.<\/p>\n\n\n\n<h3 class=\"wp-block-heading\">Le pari audacieux du \u00ab\u00a0Clan des Po\u00e9tesses\u00a0\u00bb<\/h3>\n\n\n\n<p>Le 26 mai prochain, oubliez l\u2019image poussi\u00e9reuse de la po\u00e9sie classique. Le Clan des Po\u00e9tesses arrive pour une soir\u00e9e flamboyante, vivante et r\u00e9solument glamour. Trois artistes se partageront la sc\u00e8ne dans une mise en sc\u00e8ne m\u00ealant musique et danse pour rendre la po\u00e9sie accessible et physique. On nous promet m\u00eame un clin d\u2019\u0153il inattendu \u00e0 Johnny Hallyday pour prouver que la po\u00e9sie se cache absolument partout.<\/p>\n\n\n\n<h3 class=\"wp-block-heading\">Un vent de libert\u00e9 pour la com\u00e9die de l&rsquo;\u00e9t\u00e9<\/h3>\n\n\n\n<p>Apr\u00e8s le triomphe des Bronz\u00e9s l&rsquo;an dernier, Arthur Loiselle pr\u00e9sente sa nouvelle cr\u00e9ation du 18 juin jusqu\u2019\u00e0 la fin juillet. Port\u00e9e par le duo Emma Arnoulin et Charlotte Durant, cette pi\u00e8ce suit les aventures de deux amies \u00e0 Ibiza. Entre amiti\u00e9 et libert\u00e9 assum\u00e9e, le ton se veut \u00ab\u00a0trash et joyeux\u00a0\u00bb, offrant un v\u00e9ritable moment de l\u00e2cher-prise aux spectateurs.<\/p>\n\n\n\n<h3 class=\"wp-block-heading\">Une rencontre privil\u00e9gi\u00e9e avec Elie Semoun<\/h3>\n\n\n\n<p>Ne manquez pas non plus le passage exceptionnel d&rsquo;Elie Semoun le 18 avril prochain. Loin d&rsquo;un spectacle classique, il s&rsquo;agira d&rsquo;une soir\u00e9e d&rsquo;\u00e9change intimiste m\u00ealant confidences, paroles sinc\u00e8res et quelques sketches. L\u2019humoriste a accept\u00e9 cette invitation in\u00e9dite pour offrir un rendez-vous rare et privil\u00e9gi\u00e9 avec le public ami\u00e9nois.<\/p>\n\n\n\n<h3 class=\"wp-block-heading\">Informations et r\u00e9servations<\/h3>\n\n\n\n<p>Pour profiter de ces rendez-vous \u00e0 la <a target=\"_blank\" rel=\"noreferrer noopener\" href=\"https:\/\/www.comedie-amiens.fr\">Com\u00e9die d&rsquo;Amiens<\/a>, situ\u00e9e rue de Sully, les tarifs d\u00e9butent \u00e0 19 \u20ac avec une offre sp\u00e9ciale \u00e0 14 \u20ac tous les jeudis. En tant que radio partenaire, Happyness vous invite \u00e0 d\u00e9couvrir cette programmation riche et vari\u00e9e directement sur le site officiel de la salle.<\/p>\n\n\n\n<figure class=\"wp-block-image size-large is-resized\"><img fetchpriority=\"high\" decoding=\"async\" width=\"1024\" height=\"768\" src=\"https:\/\/happynessradio.fr\/amiens\/wp-content\/uploads\/sites\/3\/2026\/03\/1000073780-1024x768.webp\" alt=\"\" class=\"wp-image-12450\" style=\"width:295px;height:auto\" srcset=\"https:\/\/happynessradio.fr\/amiens\/wp-content\/uploads\/sites\/3\/2026\/03\/1000073780-1024x768.webp 1024w, https:\/\/happynessradio.fr\/amiens\/wp-content\/uploads\/sites\/3\/2026\/03\/1000073780-300x225.webp 300w, https:\/\/happynessradio.fr\/amiens\/wp-content\/uploads\/sites\/3\/2026\/03\/1000073780-768x576.webp 768w, https:\/\/happynessradio.fr\/amiens\/wp-content\/uploads\/sites\/3\/2026\/03\/1000073780-1536x1152.webp 1536w, https:\/\/happynessradio.fr\/amiens\/wp-content\/uploads\/sites\/3\/2026\/03\/1000073780-2048x1536.webp 2048w\" sizes=\"(max-width: 1024px) 100vw, 1024px\" \/><figcaption class=\"wp-element-caption\"><em>Photo <\/em>: K\u00e9vin P\u00e9court\/Happyness radio <\/figcaption><\/figure>\n\n\n\n<figure class=\"wp-block-image size-large is-resized\"><img decoding=\"async\" width=\"1024\" height=\"768\" src=\"https:\/\/happynessradio.fr\/amiens\/wp-content\/uploads\/sites\/3\/2026\/03\/1000073779-1024x768.webp\" alt=\"\" class=\"wp-image-12449\" style=\"width:297px;height:auto\" srcset=\"https:\/\/happynessradio.fr\/amiens\/wp-content\/uploads\/sites\/3\/2026\/03\/1000073779-1024x768.webp 1024w, https:\/\/happynessradio.fr\/amiens\/wp-content\/uploads\/sites\/3\/2026\/03\/1000073779-300x225.webp 300w, https:\/\/happynessradio.fr\/amiens\/wp-content\/uploads\/sites\/3\/2026\/03\/1000073779-768x576.webp 768w, https:\/\/happynessradio.fr\/amiens\/wp-content\/uploads\/sites\/3\/2026\/03\/1000073779-1536x1152.webp 1536w, https:\/\/happynessradio.fr\/amiens\/wp-content\/uploads\/sites\/3\/2026\/03\/1000073779-2048x1536.webp 2048w\" sizes=\"(max-width: 1024px) 100vw, 1024px\" \/><figcaption class=\"wp-element-caption\"><em>Photo <\/em>: K\u00e9vin P\u00e9court\/Happyness radio <\/figcaption><\/figure>\n\n\n\n<p><\/p>\n","protected":false},"excerpt":{"rendered":"<p>Historiquement d\u00e9di\u00e9e \u00e0 l\u2019humour, la salle de la rue de Sully franchit une nouvelle \u00e9tape culturelle. Entre le retour d\u2019un talk-show culte, une po\u00e9sie \u00ab\u00a0rock\u2019n\u2019roll\u00a0\u00bb et une com\u00e9die estivale d\u00e9complex\u00e9e, la Com\u00e9die d\u2019Amiens, fi\u00e8re partenaire de Happyness, prouve que l\u2019on peut rire, r\u00e9fl\u00e9chir et s\u2019\u00e9mouvoir au m\u00eame endroit. De l&rsquo;humour pur au d\u00e9bat public \u00c0 l\u2019origine, la Com\u00e9die d\u2019Amiens s\u2019est impos\u00e9e comme une salle de spectacle d\u00e9di\u00e9e au rire. Cependant, sous l\u2019impulsion de Bruno Romier, le lieu a su \u00e9voluer, passant de soir\u00e9es cabaret couronn\u00e9es de succ\u00e8s \u00e0 un v\u00e9ritable forum public. Pour la direction, le th\u00e9\u00e2tre est le meilleur endroit pour lib\u00e9rer la parole et remettre le d\u00e9bat d\u2019id\u00e9es au centre de la cit\u00e9 ami\u00e9noise. Le grand retour de la libert\u00e9 de ton avec \u00ab\u00a0Ciel, mon mardi !\u00a0\u00bb D\u00e8s le 19 mai \u00e0 20h, la salle ressuscite l\u2019esprit de l\u2019\u00e9mission culte de Christophe Dechavanne. Un mardi sur deux, le journaliste Mathieu Wilheim animera des \u00e9changes intenses sur des sujets de soci\u00e9t\u00e9 br\u00fblants. Les premi\u00e8res th\u00e9matiques interrogeront la place de la religion en politique ou encore la limite de l&rsquo;humour aujourd&rsquo;hui. La Com\u00e9die cherche d&rsquo;ailleurs des participants pour t\u00e9moigner sur sc\u00e8ne lors de ces soir\u00e9es pr\u00e9vues pour durer pr\u00e8s de deux heures. Le pari audacieux du \u00ab\u00a0Clan des Po\u00e9tesses\u00a0\u00bb Le 26 mai prochain, oubliez l\u2019image poussi\u00e9reuse de la po\u00e9sie classique. Le Clan des Po\u00e9tesses arrive pour une soir\u00e9e flamboyante, vivante et r\u00e9solument glamour. Trois artistes se partageront la sc\u00e8ne dans une mise en sc\u00e8ne m\u00ealant musique et danse pour rendre la po\u00e9sie accessible et physique. On nous promet m\u00eame un clin d\u2019\u0153il inattendu \u00e0 Johnny Hallyday pour prouver que la po\u00e9sie se cache absolument partout. Un vent de libert\u00e9 pour la com\u00e9die de l&rsquo;\u00e9t\u00e9 Apr\u00e8s le triomphe des Bronz\u00e9s l&rsquo;an dernier, Arthur Loiselle pr\u00e9sente sa nouvelle cr\u00e9ation du 18 juin jusqu\u2019\u00e0 la fin juillet. Port\u00e9e par le duo Emma Arnoulin et Charlotte Durant, cette pi\u00e8ce suit les aventures de deux amies \u00e0 Ibiza. Entre amiti\u00e9 et libert\u00e9 assum\u00e9e, le ton se veut \u00ab\u00a0trash et joyeux\u00a0\u00bb, offrant un v\u00e9ritable moment de l\u00e2cher-prise aux spectateurs. Une rencontre privil\u00e9gi\u00e9e avec Elie Semoun Ne manquez pas non plus le passage exceptionnel d&rsquo;Elie Semoun le 18 avril prochain. Loin d&rsquo;un spectacle classique, il s&rsquo;agira d&rsquo;une soir\u00e9e d&rsquo;\u00e9change intimiste m\u00ealant confidences, paroles sinc\u00e8res et quelques sketches. L\u2019humoriste a accept\u00e9 cette invitation in\u00e9dite pour offrir un rendez-vous rare et privil\u00e9gi\u00e9 avec le public ami\u00e9nois. Informations et r\u00e9servations Pour profiter de ces rendez-vous \u00e0 la Com\u00e9die d&rsquo;Amiens, situ\u00e9e rue de Sully, les tarifs d\u00e9butent \u00e0 19 \u20ac avec une offre sp\u00e9ciale \u00e0 14 \u20ac tous les jeudis. En tant que radio partenaire, Happyness vous invite \u00e0 d\u00e9couvrir cette programmation riche et vari\u00e9e directement sur le site officiel de la salle.<\/p>\n","protected":false},"author":6,"featured_media":12448,"comment_status":"open","ping_status":"open","sticky":false,"template":"","format":"standard","meta":{"_lmt_disableupdate":"","_lmt_disable":"","footnotes":""},"categories":[11],"tags":[],"class_list":["post-12447","post","type-post","status-publish","format-standard","has-post-thumbnail","hentry","category-amiens"],"yoast_head":"<!-- This site is optimized with the Yoast SEO plugin v27.5 - https:\/\/yoast.com\/product\/yoast-seo-wordpress\/ -->\n<title>La Com\u00e9die d\u2019Amiens : Quand le temple du rire devient le territoire de la parole - Happyness Amiens<\/title>\n<meta name=\"description\" content=\"D\u00e9couvrez la nouvelle saison de la Com\u00e9die d&#039;Amiens : entre le retour du talk-show &quot;Ciel, mon mardi !&quot;, la po\u00e9sie rock du Clan des Po\u00e9tesses et les confidences d&#039;Elie Semoun. Votre radio Happyness vous pr\u00e9sente les temps forts du temple du rire et de la parole, rue de Sully.\" \/>\n<meta name=\"robots\" content=\"index, follow, max-snippet:-1, max-image-preview:large, max-video-preview:-1\" \/>\n<link rel=\"canonical\" href=\"https:\/\/happynessradio.fr\/amiens\/articles\/la-comedie-damiens-quand-le-temple-du-rire-devient-le-territoire-de-la-parole\/\" \/>\n<meta property=\"og:locale\" content=\"fr_FR\" \/>\n<meta property=\"og:type\" content=\"article\" \/>\n<meta property=\"og:title\" content=\"La Com\u00e9die d\u2019Amiens : Quand le temple du rire devient le territoire de la parole - Happyness Amiens\" \/>\n<meta property=\"og:description\" content=\"D\u00e9couvrez la nouvelle saison de la Com\u00e9die d&#039;Amiens : entre le retour du talk-show &quot;Ciel, mon mardi !&quot;, la po\u00e9sie rock du Clan des Po\u00e9tesses et les confidences d&#039;Elie Semoun. Votre radio Happyness vous pr\u00e9sente les temps forts du temple du rire et de la parole, rue de Sully.\" \/>\n<meta property=\"og:url\" content=\"https:\/\/happynessradio.fr\/amiens\/articles\/la-comedie-damiens-quand-le-temple-du-rire-devient-le-territoire-de-la-parole\/\" \/>\n<meta property=\"og:site_name\" content=\"Happyness Amiens\" \/>\n<meta property=\"article:published_time\" content=\"2026-03-25T12:15:31+00:00\" \/>\n<meta property=\"article:modified_time\" content=\"2026-03-25T12:15:32+00:00\" \/>\n<meta property=\"og:image\" content=\"https:\/\/happynessradio.fr\/amiens\/wp-content\/uploads\/sites\/3\/2026\/03\/MockUp-Visuels-articles-29.webp\" \/>\n\t<meta property=\"og:image:width\" content=\"1083\" \/>\n\t<meta property=\"og:image:height\" content=\"486\" \/>\n\t<meta property=\"og:image:type\" content=\"image\/webp\" \/>\n<meta name=\"author\" content=\"Lo\u00efc Dun\" \/>\n<meta name=\"twitter:card\" content=\"summary_large_image\" \/>\n<meta name=\"twitter:label1\" content=\"\u00c9crit par\" \/>\n\t<meta name=\"twitter:data1\" content=\"Lo\u00efc Dun\" \/>\n\t<meta name=\"twitter:label2\" content=\"Dur\u00e9e de lecture estim\u00e9e\" \/>\n\t<meta name=\"twitter:data2\" content=\"3 minutes\" \/>\n<script type=\"application\/ld+json\" class=\"yoast-schema-graph\">{\"@context\":\"https:\\\/\\\/schema.org\",\"@graph\":[{\"@type\":\"Article\",\"@id\":\"https:\\\/\\\/happynessradio.fr\\\/amiens\\\/articles\\\/la-comedie-damiens-quand-le-temple-du-rire-devient-le-territoire-de-la-parole\\\/#article\",\"isPartOf\":{\"@id\":\"https:\\\/\\\/happynessradio.fr\\\/amiens\\\/articles\\\/la-comedie-damiens-quand-le-temple-du-rire-devient-le-territoire-de-la-parole\\\/\"},\"author\":{\"name\":\"Lo\u00efc Dun\",\"@id\":\"https:\\\/\\\/happynessradio.fr\\\/amiens\\\/#\\\/schema\\\/person\\\/735f1a1ba15f9478beb4249ad52f7252\"},\"headline\":\"La Com\u00e9die d\u2019Amiens : Quand le temple du rire devient le territoire de la parole\",\"datePublished\":\"2026-03-25T12:15:31+00:00\",\"dateModified\":\"2026-03-25T12:15:32+00:00\",\"mainEntityOfPage\":{\"@id\":\"https:\\\/\\\/happynessradio.fr\\\/amiens\\\/articles\\\/la-comedie-damiens-quand-le-temple-du-rire-devient-le-territoire-de-la-parole\\\/\"},\"wordCount\":565,\"commentCount\":0,\"image\":{\"@id\":\"https:\\\/\\\/happynessradio.fr\\\/amiens\\\/articles\\\/la-comedie-damiens-quand-le-temple-du-rire-devient-le-territoire-de-la-parole\\\/#primaryimage\"},\"thumbnailUrl\":\"https:\\\/\\\/happynessradio.fr\\\/amiens\\\/wp-content\\\/uploads\\\/sites\\\/3\\\/2026\\\/03\\\/MockUp-Visuels-articles-29.webp\",\"articleSection\":[\"Amiens\"],\"inLanguage\":\"fr-FR\",\"potentialAction\":[{\"@type\":\"CommentAction\",\"name\":\"Comment\",\"target\":[\"https:\\\/\\\/happynessradio.fr\\\/amiens\\\/articles\\\/la-comedie-damiens-quand-le-temple-du-rire-devient-le-territoire-de-la-parole\\\/#respond\"]}]},{\"@type\":\"WebPage\",\"@id\":\"https:\\\/\\\/happynessradio.fr\\\/amiens\\\/articles\\\/la-comedie-damiens-quand-le-temple-du-rire-devient-le-territoire-de-la-parole\\\/\",\"url\":\"https:\\\/\\\/happynessradio.fr\\\/amiens\\\/articles\\\/la-comedie-damiens-quand-le-temple-du-rire-devient-le-territoire-de-la-parole\\\/\",\"name\":\"La Com\u00e9die d\u2019Amiens : Quand le temple du rire devient le territoire de la parole - Happyness Amiens\",\"isPartOf\":{\"@id\":\"https:\\\/\\\/happynessradio.fr\\\/amiens\\\/#website\"},\"primaryImageOfPage\":{\"@id\":\"https:\\\/\\\/happynessradio.fr\\\/amiens\\\/articles\\\/la-comedie-damiens-quand-le-temple-du-rire-devient-le-territoire-de-la-parole\\\/#primaryimage\"},\"image\":{\"@id\":\"https:\\\/\\\/happynessradio.fr\\\/amiens\\\/articles\\\/la-comedie-damiens-quand-le-temple-du-rire-devient-le-territoire-de-la-parole\\\/#primaryimage\"},\"thumbnailUrl\":\"https:\\\/\\\/happynessradio.fr\\\/amiens\\\/wp-content\\\/uploads\\\/sites\\\/3\\\/2026\\\/03\\\/MockUp-Visuels-articles-29.webp\",\"datePublished\":\"2026-03-25T12:15:31+00:00\",\"dateModified\":\"2026-03-25T12:15:32+00:00\",\"author\":{\"@id\":\"https:\\\/\\\/happynessradio.fr\\\/amiens\\\/#\\\/schema\\\/person\\\/735f1a1ba15f9478beb4249ad52f7252\"},\"description\":\"D\u00e9couvrez la nouvelle saison de la Com\u00e9die d'Amiens : entre le retour du talk-show \\\"Ciel, mon mardi !\\\", la po\u00e9sie rock du Clan des Po\u00e9tesses et les confidences d'Elie Semoun. Votre radio Happyness vous pr\u00e9sente les temps forts du temple du rire et de la parole, rue de Sully.\",\"breadcrumb\":{\"@id\":\"https:\\\/\\\/happynessradio.fr\\\/amiens\\\/articles\\\/la-comedie-damiens-quand-le-temple-du-rire-devient-le-territoire-de-la-parole\\\/#breadcrumb\"},\"inLanguage\":\"fr-FR\",\"potentialAction\":[{\"@type\":\"ReadAction\",\"target\":[\"https:\\\/\\\/happynessradio.fr\\\/amiens\\\/articles\\\/la-comedie-damiens-quand-le-temple-du-rire-devient-le-territoire-de-la-parole\\\/\"]}]},{\"@type\":\"ImageObject\",\"inLanguage\":\"fr-FR\",\"@id\":\"https:\\\/\\\/happynessradio.fr\\\/amiens\\\/articles\\\/la-comedie-damiens-quand-le-temple-du-rire-devient-le-territoire-de-la-parole\\\/#primaryimage\",\"url\":\"https:\\\/\\\/happynessradio.fr\\\/amiens\\\/wp-content\\\/uploads\\\/sites\\\/3\\\/2026\\\/03\\\/MockUp-Visuels-articles-29.webp\",\"contentUrl\":\"https:\\\/\\\/happynessradio.fr\\\/amiens\\\/wp-content\\\/uploads\\\/sites\\\/3\\\/2026\\\/03\\\/MockUp-Visuels-articles-29.webp\",\"width\":1083,\"height\":486,\"caption\":\"Photo : K\u00e9vin Pecourt\\\/Happyness radio\"},{\"@type\":\"BreadcrumbList\",\"@id\":\"https:\\\/\\\/happynessradio.fr\\\/amiens\\\/articles\\\/la-comedie-damiens-quand-le-temple-du-rire-devient-le-territoire-de-la-parole\\\/#breadcrumb\",\"itemListElement\":[{\"@type\":\"ListItem\",\"position\":1,\"name\":\"Accueil\",\"item\":\"https:\\\/\\\/happynessradio.fr\\\/amiens\\\/\"},{\"@type\":\"ListItem\",\"position\":2,\"name\":\"La Com\u00e9die d\u2019Amiens : Quand le temple du rire devient le territoire de la parole\"}]},{\"@type\":\"WebSite\",\"@id\":\"https:\\\/\\\/happynessradio.fr\\\/amiens\\\/#website\",\"url\":\"https:\\\/\\\/happynessradio.fr\\\/amiens\\\/\",\"name\":\"Happyness Amiens\",\"description\":\"Toujours au plus proche de vous\",\"potentialAction\":[{\"@type\":\"SearchAction\",\"target\":{\"@type\":\"EntryPoint\",\"urlTemplate\":\"https:\\\/\\\/happynessradio.fr\\\/amiens\\\/?s={search_term_string}\"},\"query-input\":{\"@type\":\"PropertyValueSpecification\",\"valueRequired\":true,\"valueName\":\"search_term_string\"}}],\"inLanguage\":\"fr-FR\"},{\"@type\":\"Person\",\"@id\":\"https:\\\/\\\/happynessradio.fr\\\/amiens\\\/#\\\/schema\\\/person\\\/735f1a1ba15f9478beb4249ad52f7252\",\"name\":\"Lo\u00efc Dun\",\"image\":{\"@type\":\"ImageObject\",\"inLanguage\":\"fr-FR\",\"@id\":\"https:\\\/\\\/happynessradio.fr\\\/amiens\\\/wp-content\\\/uploads\\\/sites\\\/3\\\/2025\\\/12\\\/cropped-Portrait-Loic-25-26-96x96.webp\",\"url\":\"https:\\\/\\\/happynessradio.fr\\\/amiens\\\/wp-content\\\/uploads\\\/sites\\\/3\\\/2025\\\/12\\\/cropped-Portrait-Loic-25-26-96x96.webp\",\"contentUrl\":\"https:\\\/\\\/happynessradio.fr\\\/amiens\\\/wp-content\\\/uploads\\\/sites\\\/3\\\/2025\\\/12\\\/cropped-Portrait-Loic-25-26-96x96.webp\",\"caption\":\"Lo\u00efc Dun\"},\"description\":\"R\u00e9dacteur web Happyness. Co-animateur (chroniqueur) Quoi d'neuf ? Amiens Chroniqueur Le R\u00e9veil Happyness\",\"sameAs\":[\"https:\\\/\\\/www.instagram.com\\\/lolo80radio\\\/\",\"https:\\\/\\\/www.linkedin.com\\\/in\\\/loc-d-365960164\\\/\"],\"url\":\"https:\\\/\\\/happynessradio.fr\\\/amiens\\\/articles\\\/author\\\/loicdun\\\/\"}]}<\/script>\n<!-- \/ Yoast SEO plugin. -->","yoast_head_json":{"title":"La Com\u00e9die d\u2019Amiens : Quand le temple du rire devient le territoire de la parole - Happyness Amiens","description":"D\u00e9couvrez la nouvelle saison de la Com\u00e9die d'Amiens : entre le retour du talk-show \"Ciel, mon mardi !\", la po\u00e9sie rock du Clan des Po\u00e9tesses et les confidences d'Elie Semoun. Votre radio Happyness vous pr\u00e9sente les temps forts du temple du rire et de la parole, rue de Sully.","robots":{"index":"index","follow":"follow","max-snippet":"max-snippet:-1","max-image-preview":"max-image-preview:large","max-video-preview":"max-video-preview:-1"},"canonical":"https:\/\/happynessradio.fr\/amiens\/articles\/la-comedie-damiens-quand-le-temple-du-rire-devient-le-territoire-de-la-parole\/","og_locale":"fr_FR","og_type":"article","og_title":"La Com\u00e9die d\u2019Amiens : Quand le temple du rire devient le territoire de la parole - Happyness Amiens","og_description":"D\u00e9couvrez la nouvelle saison de la Com\u00e9die d'Amiens : entre le retour du talk-show \"Ciel, mon mardi !\", la po\u00e9sie rock du Clan des Po\u00e9tesses et les confidences d'Elie Semoun. Votre radio Happyness vous pr\u00e9sente les temps forts du temple du rire et de la parole, rue de Sully.","og_url":"https:\/\/happynessradio.fr\/amiens\/articles\/la-comedie-damiens-quand-le-temple-du-rire-devient-le-territoire-de-la-parole\/","og_site_name":"Happyness Amiens","article_published_time":"2026-03-25T12:15:31+00:00","article_modified_time":"2026-03-25T12:15:32+00:00","og_image":[{"width":1083,"height":486,"url":"https:\/\/happynessradio.fr\/amiens\/wp-content\/uploads\/sites\/3\/2026\/03\/MockUp-Visuels-articles-29.webp","type":"image\/webp"}],"author":"Lo\u00efc Dun","twitter_card":"summary_large_image","twitter_misc":{"\u00c9crit par":"Lo\u00efc Dun","Dur\u00e9e de lecture estim\u00e9e":"3 minutes"},"schema":{"@context":"https:\/\/schema.org","@graph":[{"@type":"Article","@id":"https:\/\/happynessradio.fr\/amiens\/articles\/la-comedie-damiens-quand-le-temple-du-rire-devient-le-territoire-de-la-parole\/#article","isPartOf":{"@id":"https:\/\/happynessradio.fr\/amiens\/articles\/la-comedie-damiens-quand-le-temple-du-rire-devient-le-territoire-de-la-parole\/"},"author":{"name":"Lo\u00efc Dun","@id":"https:\/\/happynessradio.fr\/amiens\/#\/schema\/person\/735f1a1ba15f9478beb4249ad52f7252"},"headline":"La Com\u00e9die d\u2019Amiens : Quand le temple du rire devient le territoire de la parole","datePublished":"2026-03-25T12:15:31+00:00","dateModified":"2026-03-25T12:15:32+00:00","mainEntityOfPage":{"@id":"https:\/\/happynessradio.fr\/amiens\/articles\/la-comedie-damiens-quand-le-temple-du-rire-devient-le-territoire-de-la-parole\/"},"wordCount":565,"commentCount":0,"image":{"@id":"https:\/\/happynessradio.fr\/amiens\/articles\/la-comedie-damiens-quand-le-temple-du-rire-devient-le-territoire-de-la-parole\/#primaryimage"},"thumbnailUrl":"https:\/\/happynessradio.fr\/amiens\/wp-content\/uploads\/sites\/3\/2026\/03\/MockUp-Visuels-articles-29.webp","articleSection":["Amiens"],"inLanguage":"fr-FR","potentialAction":[{"@type":"CommentAction","name":"Comment","target":["https:\/\/happynessradio.fr\/amiens\/articles\/la-comedie-damiens-quand-le-temple-du-rire-devient-le-territoire-de-la-parole\/#respond"]}]},{"@type":"WebPage","@id":"https:\/\/happynessradio.fr\/amiens\/articles\/la-comedie-damiens-quand-le-temple-du-rire-devient-le-territoire-de-la-parole\/","url":"https:\/\/happynessradio.fr\/amiens\/articles\/la-comedie-damiens-quand-le-temple-du-rire-devient-le-territoire-de-la-parole\/","name":"La Com\u00e9die d\u2019Amiens : Quand le temple du rire devient le territoire de la parole - Happyness Amiens","isPartOf":{"@id":"https:\/\/happynessradio.fr\/amiens\/#website"},"primaryImageOfPage":{"@id":"https:\/\/happynessradio.fr\/amiens\/articles\/la-comedie-damiens-quand-le-temple-du-rire-devient-le-territoire-de-la-parole\/#primaryimage"},"image":{"@id":"https:\/\/happynessradio.fr\/amiens\/articles\/la-comedie-damiens-quand-le-temple-du-rire-devient-le-territoire-de-la-parole\/#primaryimage"},"thumbnailUrl":"https:\/\/happynessradio.fr\/amiens\/wp-content\/uploads\/sites\/3\/2026\/03\/MockUp-Visuels-articles-29.webp","datePublished":"2026-03-25T12:15:31+00:00","dateModified":"2026-03-25T12:15:32+00:00","author":{"@id":"https:\/\/happynessradio.fr\/amiens\/#\/schema\/person\/735f1a1ba15f9478beb4249ad52f7252"},"description":"D\u00e9couvrez la nouvelle saison de la Com\u00e9die d'Amiens : entre le retour du talk-show \"Ciel, mon mardi !\", la po\u00e9sie rock du Clan des Po\u00e9tesses et les confidences d'Elie Semoun. Votre radio Happyness vous pr\u00e9sente les temps forts du temple du rire et de la parole, rue de Sully.","breadcrumb":{"@id":"https:\/\/happynessradio.fr\/amiens\/articles\/la-comedie-damiens-quand-le-temple-du-rire-devient-le-territoire-de-la-parole\/#breadcrumb"},"inLanguage":"fr-FR","potentialAction":[{"@type":"ReadAction","target":["https:\/\/happynessradio.fr\/amiens\/articles\/la-comedie-damiens-quand-le-temple-du-rire-devient-le-territoire-de-la-parole\/"]}]},{"@type":"ImageObject","inLanguage":"fr-FR","@id":"https:\/\/happynessradio.fr\/amiens\/articles\/la-comedie-damiens-quand-le-temple-du-rire-devient-le-territoire-de-la-parole\/#primaryimage","url":"https:\/\/happynessradio.fr\/amiens\/wp-content\/uploads\/sites\/3\/2026\/03\/MockUp-Visuels-articles-29.webp","contentUrl":"https:\/\/happynessradio.fr\/amiens\/wp-content\/uploads\/sites\/3\/2026\/03\/MockUp-Visuels-articles-29.webp","width":1083,"height":486,"caption":"Photo : K\u00e9vin Pecourt\/Happyness radio"},{"@type":"BreadcrumbList","@id":"https:\/\/happynessradio.fr\/amiens\/articles\/la-comedie-damiens-quand-le-temple-du-rire-devient-le-territoire-de-la-parole\/#breadcrumb","itemListElement":[{"@type":"ListItem","position":1,"name":"Accueil","item":"https:\/\/happynessradio.fr\/amiens\/"},{"@type":"ListItem","position":2,"name":"La Com\u00e9die d\u2019Amiens : Quand le temple du rire devient le territoire de la parole"}]},{"@type":"WebSite","@id":"https:\/\/happynessradio.fr\/amiens\/#website","url":"https:\/\/happynessradio.fr\/amiens\/","name":"Happyness Amiens","description":"Toujours au plus proche de vous","potentialAction":[{"@type":"SearchAction","target":{"@type":"EntryPoint","urlTemplate":"https:\/\/happynessradio.fr\/amiens\/?s={search_term_string}"},"query-input":{"@type":"PropertyValueSpecification","valueRequired":true,"valueName":"search_term_string"}}],"inLanguage":"fr-FR"},{"@type":"Person","@id":"https:\/\/happynessradio.fr\/amiens\/#\/schema\/person\/735f1a1ba15f9478beb4249ad52f7252","name":"Lo\u00efc Dun","image":{"@type":"ImageObject","inLanguage":"fr-FR","@id":"https:\/\/happynessradio.fr\/amiens\/wp-content\/uploads\/sites\/3\/2025\/12\/cropped-Portrait-Loic-25-26-96x96.webp","url":"https:\/\/happynessradio.fr\/amiens\/wp-content\/uploads\/sites\/3\/2025\/12\/cropped-Portrait-Loic-25-26-96x96.webp","contentUrl":"https:\/\/happynessradio.fr\/amiens\/wp-content\/uploads\/sites\/3\/2025\/12\/cropped-Portrait-Loic-25-26-96x96.webp","caption":"Lo\u00efc Dun"},"description":"R\u00e9dacteur web Happyness. Co-animateur (chroniqueur) Quoi d'neuf ? Amiens Chroniqueur Le R\u00e9veil Happyness","sameAs":["https:\/\/www.instagram.com\/lolo80radio\/","https:\/\/www.linkedin.com\/in\/loc-d-365960164\/"],"url":"https:\/\/happynessradio.fr\/amiens\/articles\/author\/loicdun\/"}]}},"modified_by":"Lo\u00efc Dun","_links":{"self":[{"href":"https:\/\/happynessradio.fr\/amiens\/wp-json\/wp\/v2\/posts\/12447","targetHints":{"allow":["GET"]}}],"collection":[{"href":"https:\/\/happynessradio.fr\/amiens\/wp-json\/wp\/v2\/posts"}],"about":[{"href":"https:\/\/happynessradio.fr\/amiens\/wp-json\/wp\/v2\/types\/post"}],"author":[{"embeddable":true,"href":"https:\/\/happynessradio.fr\/amiens\/wp-json\/wp\/v2\/users\/6"}],"replies":[{"embeddable":true,"href":"https:\/\/happynessradio.fr\/amiens\/wp-json\/wp\/v2\/comments?post=12447"}],"version-history":[{"count":1,"href":"https:\/\/happynessradio.fr\/amiens\/wp-json\/wp\/v2\/posts\/12447\/revisions"}],"predecessor-version":[{"id":12451,"href":"https:\/\/happynessradio.fr\/amiens\/wp-json\/wp\/v2\/posts\/12447\/revisions\/12451"}],"wp:featuredmedia":[{"embeddable":true,"href":"https:\/\/happynessradio.fr\/amiens\/wp-json\/wp\/v2\/media\/12448"}],"wp:attachment":[{"href":"https:\/\/happynessradio.fr\/amiens\/wp-json\/wp\/v2\/media?parent=12447"}],"wp:term":[{"taxonomy":"category","embeddable":true,"href":"https:\/\/happynessradio.fr\/amiens\/wp-json\/wp\/v2\/categories?post=12447"},{"taxonomy":"post_tag","embeddable":true,"href":"https:\/\/happynessradio.fr\/amiens\/wp-json\/wp\/v2\/tags?post=12447"}],"curies":[{"name":"wp","href":"https:\/\/api.w.org\/{rel}","templated":true}]}}