{"id":12457,"date":"2026-03-26T14:18:36","date_gmt":"2026-03-26T13:18:36","guid":{"rendered":"https:\/\/happynessradio.fr\/amiens\/?p=12457"},"modified":"2026-03-26T14:18:38","modified_gmt":"2026-03-26T13:18:38","slug":"amiens-sur-le-fil-la-mode-durable-a-lhonneur-ce-week-end","status":"publish","type":"post","link":"https:\/\/happynessradio.fr\/amiens\/articles\/amiens-sur-le-fil-la-mode-durable-a-lhonneur-ce-week-end\/","title":{"rendered":"Amiens sur le fil : La mode durable \u00e0 l&rsquo;honneur ce week-end"},"content":{"rendered":"\n<p><em>Saviez-vous que nous jetons en moyenne 12 kilos de v\u00eatements par personne chaque ann\u00e9e ? Face \u00e0 ce constat, le Quai de l&rsquo;Innovation accueille ce week-end la premi\u00e8re \u00e9dition de \u00ab\u00a0Amiens sur le fil\u00a0\u00bb. Cet \u00e9v\u00e9nement in\u00e9dit, d\u00e9di\u00e9 \u00e0 la circularit\u00e9 textile et \u00e0 la mode responsable, invite les habitants  \u00e0 red\u00e9couvrir le potentiel de leur garde-robe.<\/em><\/p>\n\n\n\n<h3 class=\"wp-block-heading\">Un rendez-vous pour les professionnels et les curieux<\/h3>\n\n\n\n<p>D\u00e8s vendredi, l&rsquo;\u00e9v\u00e9nement s&rsquo;ouvrira avec une journ\u00e9e particuli\u00e8rement ax\u00e9e sur les professionnels et les personnes en qu\u00eate de reconversion. Des cr\u00e9atrices et des entrepreneurs venus de toute la France se r\u00e9uniront pour partager leurs expertises sur l&rsquo;upcycling et les techniques de r\u00e9paration. C&rsquo;est une occasion privil\u00e9gi\u00e9e pour comprendre comment la mode de demain s&rsquo;invente localement en valorisant des textiles qui auraient autrement fini \u00e0 la poubelle.<\/p>\n\n\n\n<h3 class=\"wp-block-heading\">Une journ\u00e9e d&rsquo;ateliers et un d\u00e9fil\u00e9 spectaculaire<\/h3>\n\n\n\n<p>Le grand temps fort pour le grand public aura lieu ce samedi avec une programmation riche en d\u00e9couvertes concr\u00e8tes. Les visiteurs pourront participer \u00e0 des ateliers pratiques pour apprendre \u00e0 entretenir et transformer leurs propres v\u00eatements. Le clou du spectacle sera sans aucun doute le d\u00e9fil\u00e9 organis\u00e9 pour prouver que la seconde main et la cr\u00e9ation durable sont plus styl\u00e9es que jamais. Bien que l&rsquo;entr\u00e9e soit gratuite, il est indispensable de r\u00e9server ses places pour assister aux diff\u00e9rentes animations de cette <strong><a target=\"_blank\" rel=\"noreferrer noopener\" href=\"https:\/\/www.amiens.fr\">premi\u00e8re \u00e9dition<\/a><\/strong>.<\/p>\n\n\n\n<h3 class=\"wp-block-heading\">Informations pratiques et r\u00e9servations<\/h3>\n\n\n\n<p>Pour ne rien manquer de cet \u00e9v\u00e9nement au Quai de l&rsquo;Innovation, les inscriptions obligatoires se font directement en ligne. Vous pouvez retrouver la programmation compl\u00e8te et r\u00e9server vos acc\u00e8s sur le site de la ville d&rsquo;Amiens ou via la plateforme Catalyse qui coordonne ce rendez-vous.<\/p>\n","protected":false},"excerpt":{"rendered":"<p>Saviez-vous que nous jetons en moyenne 12 kilos de v\u00eatements par personne chaque ann\u00e9e ? Face \u00e0 ce constat, le Quai de l&rsquo;Innovation accueille ce week-end la premi\u00e8re \u00e9dition de \u00ab\u00a0Amiens sur le fil\u00a0\u00bb. Cet \u00e9v\u00e9nement in\u00e9dit, d\u00e9di\u00e9 \u00e0 la circularit\u00e9 textile et \u00e0 la mode responsable, invite les habitants \u00e0 red\u00e9couvrir le potentiel de leur garde-robe. Un rendez-vous pour les professionnels et les curieux D\u00e8s vendredi, l&rsquo;\u00e9v\u00e9nement s&rsquo;ouvrira avec une journ\u00e9e particuli\u00e8rement ax\u00e9e sur les professionnels et les personnes en qu\u00eate de reconversion. Des cr\u00e9atrices et des entrepreneurs venus de toute la France se r\u00e9uniront pour partager leurs expertises sur l&rsquo;upcycling et les techniques de r\u00e9paration. C&rsquo;est une occasion privil\u00e9gi\u00e9e pour comprendre comment la mode de demain s&rsquo;invente localement en valorisant des textiles qui auraient autrement fini \u00e0 la poubelle. Une journ\u00e9e d&rsquo;ateliers et un d\u00e9fil\u00e9 spectaculaire Le grand temps fort pour le grand public aura lieu ce samedi avec une programmation riche en d\u00e9couvertes concr\u00e8tes. Les visiteurs pourront participer \u00e0 des ateliers pratiques pour apprendre \u00e0 entretenir et transformer leurs propres v\u00eatements. Le clou du spectacle sera sans aucun doute le d\u00e9fil\u00e9 organis\u00e9 pour prouver que la seconde main et la cr\u00e9ation durable sont plus styl\u00e9es que jamais. Bien que l&rsquo;entr\u00e9e soit gratuite, il est indispensable de r\u00e9server ses places pour assister aux diff\u00e9rentes animations de cette premi\u00e8re \u00e9dition. Informations pratiques et r\u00e9servations Pour ne rien manquer de cet \u00e9v\u00e9nement au Quai de l&rsquo;Innovation, les inscriptions obligatoires se font directement en ligne. Vous pouvez retrouver la programmation compl\u00e8te et r\u00e9server vos acc\u00e8s sur le site de la ville d&rsquo;Amiens ou via la plateforme Catalyse qui coordonne ce rendez-vous.<\/p>\n","protected":false},"author":6,"featured_media":12458,"comment_status":"open","ping_status":"open","sticky":false,"template":"","format":"standard","meta":{"_lmt_disableupdate":"","_lmt_disable":"","footnotes":""},"categories":[11],"tags":[],"class_list":["post-12457","post","type-post","status-publish","format-standard","has-post-thumbnail","hentry","category-amiens"],"yoast_head":"<!-- This site is optimized with the Yoast SEO plugin v27.5 - https:\/\/yoast.com\/product\/yoast-seo-wordpress\/ -->\n<title>Amiens sur le fil : La mode durable \u00e0 l&#039;honneur ce week-end - Happyness Amiens<\/title>\n<meta name=\"description\" content=\"Ne manquez pas &quot;Amiens sur le fil&quot; ce week-end au Quai de l&#039;Innovation ! Ateliers upcycling, d\u00e9fil\u00e9 de mode durable et conseils d&#039;experts pour une garde-robe responsable.\" \/>\n<meta name=\"robots\" content=\"index, follow, max-snippet:-1, max-image-preview:large, max-video-preview:-1\" \/>\n<link rel=\"canonical\" href=\"https:\/\/happynessradio.fr\/amiens\/articles\/amiens-sur-le-fil-la-mode-durable-a-lhonneur-ce-week-end\/\" \/>\n<meta property=\"og:locale\" content=\"fr_FR\" \/>\n<meta property=\"og:type\" content=\"article\" \/>\n<meta property=\"og:title\" content=\"Amiens sur le fil : La mode durable \u00e0 l&#039;honneur ce week-end - Happyness Amiens\" \/>\n<meta property=\"og:description\" content=\"Ne manquez pas &quot;Amiens sur le fil&quot; ce week-end au Quai de l&#039;Innovation ! Ateliers upcycling, d\u00e9fil\u00e9 de mode durable et conseils d&#039;experts pour une garde-robe responsable.\" \/>\n<meta property=\"og:url\" content=\"https:\/\/happynessradio.fr\/amiens\/articles\/amiens-sur-le-fil-la-mode-durable-a-lhonneur-ce-week-end\/\" \/>\n<meta property=\"og:site_name\" content=\"Happyness Amiens\" \/>\n<meta property=\"article:published_time\" content=\"2026-03-26T13:18:36+00:00\" \/>\n<meta property=\"article:modified_time\" content=\"2026-03-26T13:18:38+00:00\" \/>\n<meta property=\"og:image\" content=\"https:\/\/happynessradio.fr\/amiens\/wp-content\/uploads\/sites\/3\/2026\/03\/MockUp-Visuels-articles-32.webp\" \/>\n\t<meta property=\"og:image:width\" content=\"1083\" \/>\n\t<meta property=\"og:image:height\" content=\"486\" \/>\n\t<meta property=\"og:image:type\" content=\"image\/webp\" \/>\n<meta name=\"author\" content=\"Lo\u00efc Dun\" \/>\n<meta name=\"twitter:card\" content=\"summary_large_image\" \/>\n<meta name=\"twitter:label1\" content=\"\u00c9crit par\" \/>\n\t<meta name=\"twitter:data1\" content=\"Lo\u00efc Dun\" \/>\n\t<meta name=\"twitter:label2\" content=\"Dur\u00e9e de lecture estim\u00e9e\" \/>\n\t<meta name=\"twitter:data2\" content=\"2 minutes\" \/>\n<script type=\"application\/ld+json\" class=\"yoast-schema-graph\">{\"@context\":\"https:\\\/\\\/schema.org\",\"@graph\":[{\"@type\":\"Article\",\"@id\":\"https:\\\/\\\/happynessradio.fr\\\/amiens\\\/articles\\\/amiens-sur-le-fil-la-mode-durable-a-lhonneur-ce-week-end\\\/#article\",\"isPartOf\":{\"@id\":\"https:\\\/\\\/happynessradio.fr\\\/amiens\\\/articles\\\/amiens-sur-le-fil-la-mode-durable-a-lhonneur-ce-week-end\\\/\"},\"author\":{\"name\":\"Lo\u00efc Dun\",\"@id\":\"https:\\\/\\\/happynessradio.fr\\\/amiens\\\/#\\\/schema\\\/person\\\/735f1a1ba15f9478beb4249ad52f7252\"},\"headline\":\"Amiens sur le fil : La mode durable \u00e0 l&rsquo;honneur ce week-end\",\"datePublished\":\"2026-03-26T13:18:36+00:00\",\"dateModified\":\"2026-03-26T13:18:38+00:00\",\"mainEntityOfPage\":{\"@id\":\"https:\\\/\\\/happynessradio.fr\\\/amiens\\\/articles\\\/amiens-sur-le-fil-la-mode-durable-a-lhonneur-ce-week-end\\\/\"},\"wordCount\":317,\"commentCount\":0,\"image\":{\"@id\":\"https:\\\/\\\/happynessradio.fr\\\/amiens\\\/articles\\\/amiens-sur-le-fil-la-mode-durable-a-lhonneur-ce-week-end\\\/#primaryimage\"},\"thumbnailUrl\":\"https:\\\/\\\/happynessradio.fr\\\/amiens\\\/wp-content\\\/uploads\\\/sites\\\/3\\\/2026\\\/03\\\/MockUp-Visuels-articles-32.webp\",\"articleSection\":[\"Amiens\"],\"inLanguage\":\"fr-FR\",\"potentialAction\":[{\"@type\":\"CommentAction\",\"name\":\"Comment\",\"target\":[\"https:\\\/\\\/happynessradio.fr\\\/amiens\\\/articles\\\/amiens-sur-le-fil-la-mode-durable-a-lhonneur-ce-week-end\\\/#respond\"]}]},{\"@type\":\"WebPage\",\"@id\":\"https:\\\/\\\/happynessradio.fr\\\/amiens\\\/articles\\\/amiens-sur-le-fil-la-mode-durable-a-lhonneur-ce-week-end\\\/\",\"url\":\"https:\\\/\\\/happynessradio.fr\\\/amiens\\\/articles\\\/amiens-sur-le-fil-la-mode-durable-a-lhonneur-ce-week-end\\\/\",\"name\":\"Amiens sur le fil : La mode durable \u00e0 l'honneur ce week-end - Happyness Amiens\",\"isPartOf\":{\"@id\":\"https:\\\/\\\/happynessradio.fr\\\/amiens\\\/#website\"},\"primaryImageOfPage\":{\"@id\":\"https:\\\/\\\/happynessradio.fr\\\/amiens\\\/articles\\\/amiens-sur-le-fil-la-mode-durable-a-lhonneur-ce-week-end\\\/#primaryimage\"},\"image\":{\"@id\":\"https:\\\/\\\/happynessradio.fr\\\/amiens\\\/articles\\\/amiens-sur-le-fil-la-mode-durable-a-lhonneur-ce-week-end\\\/#primaryimage\"},\"thumbnailUrl\":\"https:\\\/\\\/happynessradio.fr\\\/amiens\\\/wp-content\\\/uploads\\\/sites\\\/3\\\/2026\\\/03\\\/MockUp-Visuels-articles-32.webp\",\"datePublished\":\"2026-03-26T13:18:36+00:00\",\"dateModified\":\"2026-03-26T13:18:38+00:00\",\"author\":{\"@id\":\"https:\\\/\\\/happynessradio.fr\\\/amiens\\\/#\\\/schema\\\/person\\\/735f1a1ba15f9478beb4249ad52f7252\"},\"description\":\"Ne manquez pas \\\"Amiens sur le fil\\\" ce week-end au Quai de l'Innovation ! Ateliers upcycling, d\u00e9fil\u00e9 de mode durable et conseils d'experts pour une garde-robe responsable.\",\"breadcrumb\":{\"@id\":\"https:\\\/\\\/happynessradio.fr\\\/amiens\\\/articles\\\/amiens-sur-le-fil-la-mode-durable-a-lhonneur-ce-week-end\\\/#breadcrumb\"},\"inLanguage\":\"fr-FR\",\"potentialAction\":[{\"@type\":\"ReadAction\",\"target\":[\"https:\\\/\\\/happynessradio.fr\\\/amiens\\\/articles\\\/amiens-sur-le-fil-la-mode-durable-a-lhonneur-ce-week-end\\\/\"]}]},{\"@type\":\"ImageObject\",\"inLanguage\":\"fr-FR\",\"@id\":\"https:\\\/\\\/happynessradio.fr\\\/amiens\\\/articles\\\/amiens-sur-le-fil-la-mode-durable-a-lhonneur-ce-week-end\\\/#primaryimage\",\"url\":\"https:\\\/\\\/happynessradio.fr\\\/amiens\\\/wp-content\\\/uploads\\\/sites\\\/3\\\/2026\\\/03\\\/MockUp-Visuels-articles-32.webp\",\"contentUrl\":\"https:\\\/\\\/happynessradio.fr\\\/amiens\\\/wp-content\\\/uploads\\\/sites\\\/3\\\/2026\\\/03\\\/MockUp-Visuels-articles-32.webp\",\"width\":1083,\"height\":486,\"caption\":\"Un gros plan sur un tas de v\u00eatements de seconde main entass\u00e9s, illustrant l'upcycling et la circularit\u00e9 textile. On y distingue des jeans en denim bleu clair et fonc\u00e9, des tricots ray\u00e9s noirs et blancs, et des textiles verts et gris. Deux triangles rouges d\u00e9corent les angles sup\u00e9rieurs et inf\u00e9rieurs.\"},{\"@type\":\"BreadcrumbList\",\"@id\":\"https:\\\/\\\/happynessradio.fr\\\/amiens\\\/articles\\\/amiens-sur-le-fil-la-mode-durable-a-lhonneur-ce-week-end\\\/#breadcrumb\",\"itemListElement\":[{\"@type\":\"ListItem\",\"position\":1,\"name\":\"Accueil\",\"item\":\"https:\\\/\\\/happynessradio.fr\\\/amiens\\\/\"},{\"@type\":\"ListItem\",\"position\":2,\"name\":\"Amiens sur le fil : La mode durable \u00e0 l&rsquo;honneur ce week-end\"}]},{\"@type\":\"WebSite\",\"@id\":\"https:\\\/\\\/happynessradio.fr\\\/amiens\\\/#website\",\"url\":\"https:\\\/\\\/happynessradio.fr\\\/amiens\\\/\",\"name\":\"Happyness Amiens\",\"description\":\"Toujours au plus proche de vous\",\"potentialAction\":[{\"@type\":\"SearchAction\",\"target\":{\"@type\":\"EntryPoint\",\"urlTemplate\":\"https:\\\/\\\/happynessradio.fr\\\/amiens\\\/?s={search_term_string}\"},\"query-input\":{\"@type\":\"PropertyValueSpecification\",\"valueRequired\":true,\"valueName\":\"search_term_string\"}}],\"inLanguage\":\"fr-FR\"},{\"@type\":\"Person\",\"@id\":\"https:\\\/\\\/happynessradio.fr\\\/amiens\\\/#\\\/schema\\\/person\\\/735f1a1ba15f9478beb4249ad52f7252\",\"name\":\"Lo\u00efc Dun\",\"image\":{\"@type\":\"ImageObject\",\"inLanguage\":\"fr-FR\",\"@id\":\"https:\\\/\\\/happynessradio.fr\\\/amiens\\\/wp-content\\\/uploads\\\/sites\\\/3\\\/2025\\\/12\\\/cropped-Portrait-Loic-25-26-96x96.webp\",\"url\":\"https:\\\/\\\/happynessradio.fr\\\/amiens\\\/wp-content\\\/uploads\\\/sites\\\/3\\\/2025\\\/12\\\/cropped-Portrait-Loic-25-26-96x96.webp\",\"contentUrl\":\"https:\\\/\\\/happynessradio.fr\\\/amiens\\\/wp-content\\\/uploads\\\/sites\\\/3\\\/2025\\\/12\\\/cropped-Portrait-Loic-25-26-96x96.webp\",\"caption\":\"Lo\u00efc Dun\"},\"description\":\"R\u00e9dacteur web Happyness. Co-animateur (chroniqueur) Quoi d'neuf ? Amiens Chroniqueur Le R\u00e9veil Happyness\",\"sameAs\":[\"https:\\\/\\\/www.instagram.com\\\/lolo80radio\\\/\",\"https:\\\/\\\/www.linkedin.com\\\/in\\\/loc-d-365960164\\\/\"],\"url\":\"https:\\\/\\\/happynessradio.fr\\\/amiens\\\/articles\\\/author\\\/loicdun\\\/\"}]}<\/script>\n<!-- \/ Yoast SEO plugin. -->","yoast_head_json":{"title":"Amiens sur le fil : La mode durable \u00e0 l'honneur ce week-end - Happyness Amiens","description":"Ne manquez pas \"Amiens sur le fil\" ce week-end au Quai de l'Innovation ! Ateliers upcycling, d\u00e9fil\u00e9 de mode durable et conseils d'experts pour une garde-robe responsable.","robots":{"index":"index","follow":"follow","max-snippet":"max-snippet:-1","max-image-preview":"max-image-preview:large","max-video-preview":"max-video-preview:-1"},"canonical":"https:\/\/happynessradio.fr\/amiens\/articles\/amiens-sur-le-fil-la-mode-durable-a-lhonneur-ce-week-end\/","og_locale":"fr_FR","og_type":"article","og_title":"Amiens sur le fil : La mode durable \u00e0 l'honneur ce week-end - Happyness Amiens","og_description":"Ne manquez pas \"Amiens sur le fil\" ce week-end au Quai de l'Innovation ! Ateliers upcycling, d\u00e9fil\u00e9 de mode durable et conseils d'experts pour une garde-robe responsable.","og_url":"https:\/\/happynessradio.fr\/amiens\/articles\/amiens-sur-le-fil-la-mode-durable-a-lhonneur-ce-week-end\/","og_site_name":"Happyness Amiens","article_published_time":"2026-03-26T13:18:36+00:00","article_modified_time":"2026-03-26T13:18:38+00:00","og_image":[{"width":1083,"height":486,"url":"https:\/\/happynessradio.fr\/amiens\/wp-content\/uploads\/sites\/3\/2026\/03\/MockUp-Visuels-articles-32.webp","type":"image\/webp"}],"author":"Lo\u00efc Dun","twitter_card":"summary_large_image","twitter_misc":{"\u00c9crit par":"Lo\u00efc Dun","Dur\u00e9e de lecture estim\u00e9e":"2 minutes"},"schema":{"@context":"https:\/\/schema.org","@graph":[{"@type":"Article","@id":"https:\/\/happynessradio.fr\/amiens\/articles\/amiens-sur-le-fil-la-mode-durable-a-lhonneur-ce-week-end\/#article","isPartOf":{"@id":"https:\/\/happynessradio.fr\/amiens\/articles\/amiens-sur-le-fil-la-mode-durable-a-lhonneur-ce-week-end\/"},"author":{"name":"Lo\u00efc Dun","@id":"https:\/\/happynessradio.fr\/amiens\/#\/schema\/person\/735f1a1ba15f9478beb4249ad52f7252"},"headline":"Amiens sur le fil : La mode durable \u00e0 l&rsquo;honneur ce week-end","datePublished":"2026-03-26T13:18:36+00:00","dateModified":"2026-03-26T13:18:38+00:00","mainEntityOfPage":{"@id":"https:\/\/happynessradio.fr\/amiens\/articles\/amiens-sur-le-fil-la-mode-durable-a-lhonneur-ce-week-end\/"},"wordCount":317,"commentCount":0,"image":{"@id":"https:\/\/happynessradio.fr\/amiens\/articles\/amiens-sur-le-fil-la-mode-durable-a-lhonneur-ce-week-end\/#primaryimage"},"thumbnailUrl":"https:\/\/happynessradio.fr\/amiens\/wp-content\/uploads\/sites\/3\/2026\/03\/MockUp-Visuels-articles-32.webp","articleSection":["Amiens"],"inLanguage":"fr-FR","potentialAction":[{"@type":"CommentAction","name":"Comment","target":["https:\/\/happynessradio.fr\/amiens\/articles\/amiens-sur-le-fil-la-mode-durable-a-lhonneur-ce-week-end\/#respond"]}]},{"@type":"WebPage","@id":"https:\/\/happynessradio.fr\/amiens\/articles\/amiens-sur-le-fil-la-mode-durable-a-lhonneur-ce-week-end\/","url":"https:\/\/happynessradio.fr\/amiens\/articles\/amiens-sur-le-fil-la-mode-durable-a-lhonneur-ce-week-end\/","name":"Amiens sur le fil : La mode durable \u00e0 l'honneur ce week-end - Happyness Amiens","isPartOf":{"@id":"https:\/\/happynessradio.fr\/amiens\/#website"},"primaryImageOfPage":{"@id":"https:\/\/happynessradio.fr\/amiens\/articles\/amiens-sur-le-fil-la-mode-durable-a-lhonneur-ce-week-end\/#primaryimage"},"image":{"@id":"https:\/\/happynessradio.fr\/amiens\/articles\/amiens-sur-le-fil-la-mode-durable-a-lhonneur-ce-week-end\/#primaryimage"},"thumbnailUrl":"https:\/\/happynessradio.fr\/amiens\/wp-content\/uploads\/sites\/3\/2026\/03\/MockUp-Visuels-articles-32.webp","datePublished":"2026-03-26T13:18:36+00:00","dateModified":"2026-03-26T13:18:38+00:00","author":{"@id":"https:\/\/happynessradio.fr\/amiens\/#\/schema\/person\/735f1a1ba15f9478beb4249ad52f7252"},"description":"Ne manquez pas \"Amiens sur le fil\" ce week-end au Quai de l'Innovation ! Ateliers upcycling, d\u00e9fil\u00e9 de mode durable et conseils d'experts pour une garde-robe responsable.","breadcrumb":{"@id":"https:\/\/happynessradio.fr\/amiens\/articles\/amiens-sur-le-fil-la-mode-durable-a-lhonneur-ce-week-end\/#breadcrumb"},"inLanguage":"fr-FR","potentialAction":[{"@type":"ReadAction","target":["https:\/\/happynessradio.fr\/amiens\/articles\/amiens-sur-le-fil-la-mode-durable-a-lhonneur-ce-week-end\/"]}]},{"@type":"ImageObject","inLanguage":"fr-FR","@id":"https:\/\/happynessradio.fr\/amiens\/articles\/amiens-sur-le-fil-la-mode-durable-a-lhonneur-ce-week-end\/#primaryimage","url":"https:\/\/happynessradio.fr\/amiens\/wp-content\/uploads\/sites\/3\/2026\/03\/MockUp-Visuels-articles-32.webp","contentUrl":"https:\/\/happynessradio.fr\/amiens\/wp-content\/uploads\/sites\/3\/2026\/03\/MockUp-Visuels-articles-32.webp","width":1083,"height":486,"caption":"Un gros plan sur un tas de v\u00eatements de seconde main entass\u00e9s, illustrant l'upcycling et la circularit\u00e9 textile. On y distingue des jeans en denim bleu clair et fonc\u00e9, des tricots ray\u00e9s noirs et blancs, et des textiles verts et gris. Deux triangles rouges d\u00e9corent les angles sup\u00e9rieurs et inf\u00e9rieurs."},{"@type":"BreadcrumbList","@id":"https:\/\/happynessradio.fr\/amiens\/articles\/amiens-sur-le-fil-la-mode-durable-a-lhonneur-ce-week-end\/#breadcrumb","itemListElement":[{"@type":"ListItem","position":1,"name":"Accueil","item":"https:\/\/happynessradio.fr\/amiens\/"},{"@type":"ListItem","position":2,"name":"Amiens sur le fil : La mode durable \u00e0 l&rsquo;honneur ce week-end"}]},{"@type":"WebSite","@id":"https:\/\/happynessradio.fr\/amiens\/#website","url":"https:\/\/happynessradio.fr\/amiens\/","name":"Happyness Amiens","description":"Toujours au plus proche de vous","potentialAction":[{"@type":"SearchAction","target":{"@type":"EntryPoint","urlTemplate":"https:\/\/happynessradio.fr\/amiens\/?s={search_term_string}"},"query-input":{"@type":"PropertyValueSpecification","valueRequired":true,"valueName":"search_term_string"}}],"inLanguage":"fr-FR"},{"@type":"Person","@id":"https:\/\/happynessradio.fr\/amiens\/#\/schema\/person\/735f1a1ba15f9478beb4249ad52f7252","name":"Lo\u00efc Dun","image":{"@type":"ImageObject","inLanguage":"fr-FR","@id":"https:\/\/happynessradio.fr\/amiens\/wp-content\/uploads\/sites\/3\/2025\/12\/cropped-Portrait-Loic-25-26-96x96.webp","url":"https:\/\/happynessradio.fr\/amiens\/wp-content\/uploads\/sites\/3\/2025\/12\/cropped-Portrait-Loic-25-26-96x96.webp","contentUrl":"https:\/\/happynessradio.fr\/amiens\/wp-content\/uploads\/sites\/3\/2025\/12\/cropped-Portrait-Loic-25-26-96x96.webp","caption":"Lo\u00efc Dun"},"description":"R\u00e9dacteur web Happyness. Co-animateur (chroniqueur) Quoi d'neuf ? Amiens Chroniqueur Le R\u00e9veil Happyness","sameAs":["https:\/\/www.instagram.com\/lolo80radio\/","https:\/\/www.linkedin.com\/in\/loc-d-365960164\/"],"url":"https:\/\/happynessradio.fr\/amiens\/articles\/author\/loicdun\/"}]}},"modified_by":"Lo\u00efc Dun","_links":{"self":[{"href":"https:\/\/happynessradio.fr\/amiens\/wp-json\/wp\/v2\/posts\/12457","targetHints":{"allow":["GET"]}}],"collection":[{"href":"https:\/\/happynessradio.fr\/amiens\/wp-json\/wp\/v2\/posts"}],"about":[{"href":"https:\/\/happynessradio.fr\/amiens\/wp-json\/wp\/v2\/types\/post"}],"author":[{"embeddable":true,"href":"https:\/\/happynessradio.fr\/amiens\/wp-json\/wp\/v2\/users\/6"}],"replies":[{"embeddable":true,"href":"https:\/\/happynessradio.fr\/amiens\/wp-json\/wp\/v2\/comments?post=12457"}],"version-history":[{"count":1,"href":"https:\/\/happynessradio.fr\/amiens\/wp-json\/wp\/v2\/posts\/12457\/revisions"}],"predecessor-version":[{"id":12459,"href":"https:\/\/happynessradio.fr\/amiens\/wp-json\/wp\/v2\/posts\/12457\/revisions\/12459"}],"wp:featuredmedia":[{"embeddable":true,"href":"https:\/\/happynessradio.fr\/amiens\/wp-json\/wp\/v2\/media\/12458"}],"wp:attachment":[{"href":"https:\/\/happynessradio.fr\/amiens\/wp-json\/wp\/v2\/media?parent=12457"}],"wp:term":[{"taxonomy":"category","embeddable":true,"href":"https:\/\/happynessradio.fr\/amiens\/wp-json\/wp\/v2\/categories?post=12457"},{"taxonomy":"post_tag","embeddable":true,"href":"https:\/\/happynessradio.fr\/amiens\/wp-json\/wp\/v2\/tags?post=12457"}],"curies":[{"name":"wp","href":"https:\/\/api.w.org\/{rel}","templated":true}]}}