{"id":12472,"date":"2026-03-27T19:09:18","date_gmt":"2026-03-27T18:09:18","guid":{"rendered":"https:\/\/happynessradio.fr\/amiens\/?p=12472"},"modified":"2026-03-27T19:09:45","modified_gmt":"2026-03-27T18:09:45","slug":"saison-culturelle-2026-dans-la-somme-une-programmation-riche-entre-patrimoine-creation-et-memoire","status":"publish","type":"post","link":"https:\/\/happynessradio.fr\/amiens\/articles\/saison-culturelle-2026-dans-la-somme-une-programmation-riche-entre-patrimoine-creation-et-memoire\/","title":{"rendered":"Saison culturelle 2026 dans la Somme : une programmation riche entre patrimoine, cr\u00e9ation et m\u00e9moire"},"content":{"rendered":"\n<p><em>Le\u00a0<strong>Conseil d\u00e9partemental de la Somme<\/strong>\u00a0a d\u00e9voil\u00e9 en fin de semaine sa\u00a0<strong>saison culturelle 2026<\/strong>, qui d\u00e9butera le\u00a0<strong>dimanche 29 mars<\/strong>\u00a0avec le\u00a0<strong>Printemps du D\u00e9partement<\/strong>. Entre expositions, spectacles, concerts, ateliers et comm\u00e9morations, cette nouvelle \u00e9dition promet une ann\u00e9e plac\u00e9e sous le signe du partage, de la d\u00e9couverte et de la m\u00e9moire collective. Une belle invitation \u00e0 explorer la richesse du territoire et \u00e0 c\u00e9l\u00e9brer le\u00a0<strong>110\u1d49 anniversaire de la Bataille de la Somme<\/strong>.<\/em><\/p>\n\n\n\n<h2 class=\"wp-block-heading\" id=\"une-saison-culturelle-2026-dvoile-en-fin-de-semain\">Une saison culturelle 2026 d\u00e9voil\u00e9e en fin de semaine<\/h2>\n\n\n\n<p>Le&nbsp;<strong><a rel=\"noreferrer noopener\" target=\"_blank\" href=\"https:\/\/www.somme.fr\/\">Conseil d\u00e9partemental de la Somme<\/a><\/strong>&nbsp;a pr\u00e9sent\u00e9 une programmation ambitieuse, accessible et tourn\u00e9e vers tous les publics. Expositions, spectacles vivants, concerts, ateliers cr\u00e9atifs, comm\u00e9morations m\u00e9morielles et d\u00e9couvertes patrimoniales rythmeront cette saison. Plus qu\u2019un simple agenda culturel, il s\u2019agit d\u2019une v\u00e9ritable&nbsp;<strong>invitation \u00e0 ressentir, partager et s\u2019\u00e9merveiller ensemble<\/strong>.<\/p>\n\n\n\n<h2 class=\"wp-block-heading\" id=\"une-programmation-culturelle-accessible-et-ambitie\">Une programmation culturelle accessible et ambitieuse<\/h2>\n\n\n\n<p>Pens\u00e9e pour&nbsp;<strong>tous les \u00e2ges et toutes les sensibilit\u00e9s<\/strong>, cette saison met \u00e0 l\u2019honneur la&nbsp;<strong>cr\u00e9ation artistique locale<\/strong>&nbsp;et la&nbsp;<strong>diversit\u00e9 du patrimoine samarien<\/strong>. En favorisant la rencontre entre artistes, publics et territoires, le&nbsp;<strong><a rel=\"noreferrer noopener\" target=\"_blank\" href=\"https:\/\/www.somme.fr\/\">Conseil d\u00e9partemental de la Somme<\/a><\/strong>&nbsp;r\u00e9affirme sa volont\u00e9 de rendre la culture&nbsp;<strong>vivante, inclusive et proche des habitants<\/strong>.<br><strong><a rel=\"noreferrer noopener\" target=\"_blank\" href=\"https:\/\/happynessradio.fr\/amiens\/articles\/evasion-et-decouvertes-le-printemps-du-departement-fete-ses-10-ans-daudace\/\">Le Printemps du D\u00e9partement<\/a><\/strong>, temps fort d\u2019ouverture, offrira au public la&nbsp;<strong>visite gratuite de plus de 70 sites culturels et naturels<\/strong>&nbsp;sur tout le territoire.<\/p>\n\n\n\n<h2 class=\"wp-block-heading\" id=\"le-printemps-du-dpartement--un-lancement-festif-et\">Le Printemps du D\u00e9partement : un lancement festif et gratuit<\/h2>\n\n\n\n<p>\u00c9v\u00e9nement phare de la saison,&nbsp;<strong><a rel=\"noreferrer noopener\" target=\"_blank\" href=\"https:\/\/happynessradio.fr\/amiens\/articles\/evasion-et-decouvertes-le-printemps-du-departement-fete-ses-10-ans-daudace\/\">Le Printemps du D\u00e9partement<\/a><\/strong>&nbsp;marquera un&nbsp;<strong>lancement festif et participatif<\/strong>. Gratuit et ouvert \u00e0 tous, il proposera des animations vari\u00e9es pour d\u00e9couvrir la&nbsp;<strong>diversit\u00e9 culturelle et patrimoniale de la Somme<\/strong>, en m\u00ealant spectacles vivants, ateliers, expositions et parcours artistiques.<\/p>\n\n\n\n<h2 class=\"wp-block-heading\" id=\"110-anniversaire-de-la-bataille-de-la-somme--une-a\">110\u1d49 anniversaire de la Bataille de la Somme : une ann\u00e9e de m\u00e9moire<\/h2>\n\n\n\n<p>L\u2019ann\u00e9e 2026 sera \u00e9galement plac\u00e9e sous le signe de la\u00a0<strong>m\u00e9moire et du souvenir<\/strong>\u00a0avec la comm\u00e9moration du\u00a0<strong>110\u1d49 anniversaire de la Bataille de la Somme<\/strong>.<br>Le\u00a0<strong><a href=\"https:\/\/www.somme.fr\/\" target=\"_blank\" rel=\"noreferrer noopener\">Conseil d\u00e9partemental <\/a><\/strong>\u00a0rendra hommage aux\u00a0<strong>soldats et civils<\/strong>\u00a0marqu\u00e9s par ce conflit mondial, tout en rappelant l\u2019importance de\u00a0<strong>transmettre cette histoire aux jeunes g\u00e9n\u00e9rations<\/strong>. Port\u00e9 aux c\u00f4t\u00e9s de\u00a0<strong>Somme Tourisme<\/strong>\u00a0et de nombreux partenaires (mus\u00e9es, collectivit\u00e9s, ambassades, associations\u2026), ce temps fort vise \u00e0 faire de la m\u00e9moire\u00a0<strong>un levier de paix et de compr\u00e9hension mutuelle<\/strong>.<\/p>\n\n\n\n<h2 class=\"wp-block-heading\" id=\"la-somme-terre-de-mmoire-et-davenir\">La Somme, terre de m\u00e9moire et d\u2019avenir<\/h2>\n\n\n\n<p>Entre&nbsp;<strong>1er juillet et 18 novembre 1916<\/strong>, la Bataille de la Somme a r\u00e9uni&nbsp;<strong>25 nations<\/strong>&nbsp;dans l\u2019un des \u00e9pisodes les plus meurtriers de la Premi\u00e8re Guerre mondiale, faisant plus d\u2019un million de victimes.<br>Aujourd\u2019hui, des sites embl\u00e9matiques comme&nbsp;<strong>Thiepval<\/strong>,&nbsp;<strong>Villers-Bretonneux<\/strong>&nbsp;ou&nbsp;<strong>Louvencourt<\/strong>&nbsp;perp\u00e9tuent ce souvenir.<br>Au total,&nbsp;<strong>11 sites fun\u00e9raires et m\u00e9moriels<\/strong>&nbsp;du d\u00e9partement sont&nbsp;<strong>inscrits au patrimoine mondial de l\u2019UNESCO<\/strong>, t\u00e9moignant du r\u00f4le universel de la Somme dans la pr\u00e9servation de la paix et de la m\u00e9moire.<\/p>\n\n\n\n<p>Ces lieux de recueillement et d\u2019apprentissage rappellent que&nbsp;<strong>comprendre le pass\u00e9, c\u2019est pr\u00e9parer l\u2019avenir<\/strong>&nbsp;\u2014 une conviction que le&nbsp;<strong><a rel=\"noreferrer noopener\" target=\"_blank\" href=\"https:\/\/www.somme.fr\/\">Conseil d\u00e9partemental de la Somme<\/a><\/strong>&nbsp;incarne \u00e0 travers sa politique culturelle et m\u00e9morielle.<\/p>\n\n\n\n<p><\/p>\n","protected":false},"excerpt":{"rendered":"<p>Le\u00a0Conseil d\u00e9partemental de la Somme\u00a0a d\u00e9voil\u00e9 en fin de semaine sa\u00a0saison culturelle 2026, qui d\u00e9butera le\u00a0dimanche 29 mars\u00a0avec le\u00a0Printemps du D\u00e9partement. Entre expositions, spectacles, concerts, ateliers et comm\u00e9morations, cette nouvelle \u00e9dition promet une ann\u00e9e plac\u00e9e sous le signe du partage, de la d\u00e9couverte et de la m\u00e9moire collective. Une belle invitation \u00e0 explorer la richesse du territoire et \u00e0 c\u00e9l\u00e9brer le\u00a0110\u1d49 anniversaire de la Bataille de la Somme. Une saison culturelle 2026 d\u00e9voil\u00e9e en fin de semaine Le&nbsp;Conseil d\u00e9partemental de la Somme&nbsp;a pr\u00e9sent\u00e9 une programmation ambitieuse, accessible et tourn\u00e9e vers tous les publics. Expositions, spectacles vivants, concerts, ateliers cr\u00e9atifs, comm\u00e9morations m\u00e9morielles et d\u00e9couvertes patrimoniales rythmeront cette saison. Plus qu\u2019un simple agenda culturel, il s\u2019agit d\u2019une v\u00e9ritable&nbsp;invitation \u00e0 ressentir, partager et s\u2019\u00e9merveiller ensemble. Une programmation culturelle accessible et ambitieuse Pens\u00e9e pour&nbsp;tous les \u00e2ges et toutes les sensibilit\u00e9s, cette saison met \u00e0 l\u2019honneur la&nbsp;cr\u00e9ation artistique locale&nbsp;et la&nbsp;diversit\u00e9 du patrimoine samarien. En favorisant la rencontre entre artistes, publics et territoires, le&nbsp;Conseil d\u00e9partemental de la Somme&nbsp;r\u00e9affirme sa volont\u00e9 de rendre la culture&nbsp;vivante, inclusive et proche des habitants.Le Printemps du D\u00e9partement, temps fort d\u2019ouverture, offrira au public la&nbsp;visite gratuite de plus de 70 sites culturels et naturels&nbsp;sur tout le territoire. Le Printemps du D\u00e9partement : un lancement festif et gratuit \u00c9v\u00e9nement phare de la saison,&nbsp;Le Printemps du D\u00e9partement&nbsp;marquera un&nbsp;lancement festif et participatif. Gratuit et ouvert \u00e0 tous, il proposera des animations vari\u00e9es pour d\u00e9couvrir la&nbsp;diversit\u00e9 culturelle et patrimoniale de la Somme, en m\u00ealant spectacles vivants, ateliers, expositions et parcours artistiques. 110\u1d49 anniversaire de la Bataille de la Somme : une ann\u00e9e de m\u00e9moire L\u2019ann\u00e9e 2026 sera \u00e9galement plac\u00e9e sous le signe de la\u00a0m\u00e9moire et du souvenir\u00a0avec la comm\u00e9moration du\u00a0110\u1d49 anniversaire de la Bataille de la Somme.Le\u00a0Conseil d\u00e9partemental \u00a0rendra hommage aux\u00a0soldats et civils\u00a0marqu\u00e9s par ce conflit mondial, tout en rappelant l\u2019importance de\u00a0transmettre cette histoire aux jeunes g\u00e9n\u00e9rations. Port\u00e9 aux c\u00f4t\u00e9s de\u00a0Somme Tourisme\u00a0et de nombreux partenaires (mus\u00e9es, collectivit\u00e9s, ambassades, associations\u2026), ce temps fort vise \u00e0 faire de la m\u00e9moire\u00a0un levier de paix et de compr\u00e9hension mutuelle. La Somme, terre de m\u00e9moire et d\u2019avenir Entre&nbsp;1er juillet et 18 novembre 1916, la Bataille de la Somme a r\u00e9uni&nbsp;25 nations&nbsp;dans l\u2019un des \u00e9pisodes les plus meurtriers de la Premi\u00e8re Guerre mondiale, faisant plus d\u2019un million de victimes.Aujourd\u2019hui, des sites embl\u00e9matiques comme&nbsp;Thiepval,&nbsp;Villers-Bretonneux&nbsp;ou&nbsp;Louvencourt&nbsp;perp\u00e9tuent ce souvenir.Au total,&nbsp;11 sites fun\u00e9raires et m\u00e9moriels&nbsp;du d\u00e9partement sont&nbsp;inscrits au patrimoine mondial de l\u2019UNESCO, t\u00e9moignant du r\u00f4le universel de la Somme dans la pr\u00e9servation de la paix et de la m\u00e9moire. Ces lieux de recueillement et d\u2019apprentissage rappellent que&nbsp;comprendre le pass\u00e9, c\u2019est pr\u00e9parer l\u2019avenir&nbsp;\u2014 une conviction que le&nbsp;Conseil d\u00e9partemental de la Somme&nbsp;incarne \u00e0 travers sa politique culturelle et m\u00e9morielle.<\/p>\n","protected":false},"author":6,"featured_media":12414,"comment_status":"open","ping_status":"open","sticky":false,"template":"","format":"standard","meta":{"_lmt_disableupdate":"","_lmt_disable":"","footnotes":""},"categories":[11],"tags":[],"class_list":["post-12472","post","type-post","status-publish","format-standard","has-post-thumbnail","hentry","category-amiens"],"yoast_head":"<!-- This site is optimized with the Yoast SEO plugin v27.5 - https:\/\/yoast.com\/product\/yoast-seo-wordpress\/ -->\n<title>Saison culturelle 2026 dans la Somme : une programmation riche entre patrimoine, cr\u00e9ation et m\u00e9moire - Happyness Amiens<\/title>\n<meta name=\"description\" content=\"Le Conseil d\u00e9partemental de la Somme d\u00e9voile sa saison culturelle 2026 : expositions, spectacles, concerts et comm\u00e9morations rythmeront une ann\u00e9e plac\u00e9e sous le signe du partage, du patrimoine et de la m\u00e9moire. D\u00e9couvrez un programme accessible \u00e0 tous, entre culture vivante et hommage au 110\u1d49 anniversaire de la Bataille de la Somme.\" \/>\n<meta name=\"robots\" content=\"index, follow, max-snippet:-1, max-image-preview:large, max-video-preview:-1\" \/>\n<link rel=\"canonical\" href=\"https:\/\/happynessradio.fr\/amiens\/articles\/saison-culturelle-2026-dans-la-somme-une-programmation-riche-entre-patrimoine-creation-et-memoire\/\" \/>\n<meta property=\"og:locale\" content=\"fr_FR\" \/>\n<meta property=\"og:type\" content=\"article\" \/>\n<meta property=\"og:title\" content=\"Saison culturelle 2026 dans la Somme : une programmation riche entre patrimoine, cr\u00e9ation et m\u00e9moire - Happyness Amiens\" \/>\n<meta property=\"og:description\" content=\"Le Conseil d\u00e9partemental de la Somme d\u00e9voile sa saison culturelle 2026 : expositions, spectacles, concerts et comm\u00e9morations rythmeront une ann\u00e9e plac\u00e9e sous le signe du partage, du patrimoine et de la m\u00e9moire. D\u00e9couvrez un programme accessible \u00e0 tous, entre culture vivante et hommage au 110\u1d49 anniversaire de la Bataille de la Somme.\" \/>\n<meta property=\"og:url\" content=\"https:\/\/happynessradio.fr\/amiens\/articles\/saison-culturelle-2026-dans-la-somme-une-programmation-riche-entre-patrimoine-creation-et-memoire\/\" \/>\n<meta property=\"og:site_name\" content=\"Happyness Amiens\" \/>\n<meta property=\"article:published_time\" content=\"2026-03-27T18:09:18+00:00\" \/>\n<meta property=\"article:modified_time\" content=\"2026-03-27T18:09:45+00:00\" \/>\n<meta property=\"og:image\" content=\"https:\/\/happynessradio.fr\/amiens\/wp-content\/uploads\/sites\/3\/2026\/03\/MockUp-Visuels-articles-24-1.webp\" \/>\n\t<meta property=\"og:image:width\" content=\"1083\" \/>\n\t<meta property=\"og:image:height\" content=\"486\" \/>\n\t<meta property=\"og:image:type\" content=\"image\/webp\" \/>\n<meta name=\"author\" content=\"Lo\u00efc Dun\" \/>\n<meta name=\"twitter:card\" content=\"summary_large_image\" \/>\n<meta name=\"twitter:label1\" content=\"\u00c9crit par\" \/>\n\t<meta name=\"twitter:data1\" content=\"Lo\u00efc Dun\" \/>\n\t<meta name=\"twitter:label2\" content=\"Dur\u00e9e de lecture estim\u00e9e\" \/>\n\t<meta name=\"twitter:data2\" content=\"3 minutes\" \/>\n<script type=\"application\/ld+json\" class=\"yoast-schema-graph\">{\"@context\":\"https:\\\/\\\/schema.org\",\"@graph\":[{\"@type\":\"Article\",\"@id\":\"https:\\\/\\\/happynessradio.fr\\\/amiens\\\/articles\\\/saison-culturelle-2026-dans-la-somme-une-programmation-riche-entre-patrimoine-creation-et-memoire\\\/#article\",\"isPartOf\":{\"@id\":\"https:\\\/\\\/happynessradio.fr\\\/amiens\\\/articles\\\/saison-culturelle-2026-dans-la-somme-une-programmation-riche-entre-patrimoine-creation-et-memoire\\\/\"},\"author\":{\"name\":\"Lo\u00efc Dun\",\"@id\":\"https:\\\/\\\/happynessradio.fr\\\/amiens\\\/#\\\/schema\\\/person\\\/735f1a1ba15f9478beb4249ad52f7252\"},\"headline\":\"Saison culturelle 2026 dans la Somme : une programmation riche entre patrimoine, cr\u00e9ation et m\u00e9moire\",\"datePublished\":\"2026-03-27T18:09:18+00:00\",\"dateModified\":\"2026-03-27T18:09:45+00:00\",\"mainEntityOfPage\":{\"@id\":\"https:\\\/\\\/happynessradio.fr\\\/amiens\\\/articles\\\/saison-culturelle-2026-dans-la-somme-une-programmation-riche-entre-patrimoine-creation-et-memoire\\\/\"},\"wordCount\":586,\"commentCount\":0,\"image\":{\"@id\":\"https:\\\/\\\/happynessradio.fr\\\/amiens\\\/articles\\\/saison-culturelle-2026-dans-la-somme-une-programmation-riche-entre-patrimoine-creation-et-memoire\\\/#primaryimage\"},\"thumbnailUrl\":\"https:\\\/\\\/happynessradio.fr\\\/amiens\\\/wp-content\\\/uploads\\\/sites\\\/3\\\/2026\\\/03\\\/MockUp-Visuels-articles-24-1.webp\",\"articleSection\":[\"Amiens\"],\"inLanguage\":\"fr-FR\",\"potentialAction\":[{\"@type\":\"CommentAction\",\"name\":\"Comment\",\"target\":[\"https:\\\/\\\/happynessradio.fr\\\/amiens\\\/articles\\\/saison-culturelle-2026-dans-la-somme-une-programmation-riche-entre-patrimoine-creation-et-memoire\\\/#respond\"]}]},{\"@type\":\"WebPage\",\"@id\":\"https:\\\/\\\/happynessradio.fr\\\/amiens\\\/articles\\\/saison-culturelle-2026-dans-la-somme-une-programmation-riche-entre-patrimoine-creation-et-memoire\\\/\",\"url\":\"https:\\\/\\\/happynessradio.fr\\\/amiens\\\/articles\\\/saison-culturelle-2026-dans-la-somme-une-programmation-riche-entre-patrimoine-creation-et-memoire\\\/\",\"name\":\"Saison culturelle 2026 dans la Somme : une programmation riche entre patrimoine, cr\u00e9ation et m\u00e9moire - Happyness Amiens\",\"isPartOf\":{\"@id\":\"https:\\\/\\\/happynessradio.fr\\\/amiens\\\/#website\"},\"primaryImageOfPage\":{\"@id\":\"https:\\\/\\\/happynessradio.fr\\\/amiens\\\/articles\\\/saison-culturelle-2026-dans-la-somme-une-programmation-riche-entre-patrimoine-creation-et-memoire\\\/#primaryimage\"},\"image\":{\"@id\":\"https:\\\/\\\/happynessradio.fr\\\/amiens\\\/articles\\\/saison-culturelle-2026-dans-la-somme-une-programmation-riche-entre-patrimoine-creation-et-memoire\\\/#primaryimage\"},\"thumbnailUrl\":\"https:\\\/\\\/happynessradio.fr\\\/amiens\\\/wp-content\\\/uploads\\\/sites\\\/3\\\/2026\\\/03\\\/MockUp-Visuels-articles-24-1.webp\",\"datePublished\":\"2026-03-27T18:09:18+00:00\",\"dateModified\":\"2026-03-27T18:09:45+00:00\",\"author\":{\"@id\":\"https:\\\/\\\/happynessradio.fr\\\/amiens\\\/#\\\/schema\\\/person\\\/735f1a1ba15f9478beb4249ad52f7252\"},\"description\":\"Le Conseil d\u00e9partemental de la Somme d\u00e9voile sa saison culturelle 2026 : expositions, spectacles, concerts et comm\u00e9morations rythmeront une ann\u00e9e plac\u00e9e sous le signe du partage, du patrimoine et de la m\u00e9moire. D\u00e9couvrez un programme accessible \u00e0 tous, entre culture vivante et hommage au 110\u1d49 anniversaire de la Bataille de la Somme.\",\"breadcrumb\":{\"@id\":\"https:\\\/\\\/happynessradio.fr\\\/amiens\\\/articles\\\/saison-culturelle-2026-dans-la-somme-une-programmation-riche-entre-patrimoine-creation-et-memoire\\\/#breadcrumb\"},\"inLanguage\":\"fr-FR\",\"potentialAction\":[{\"@type\":\"ReadAction\",\"target\":[\"https:\\\/\\\/happynessradio.fr\\\/amiens\\\/articles\\\/saison-culturelle-2026-dans-la-somme-une-programmation-riche-entre-patrimoine-creation-et-memoire\\\/\"]}]},{\"@type\":\"ImageObject\",\"inLanguage\":\"fr-FR\",\"@id\":\"https:\\\/\\\/happynessradio.fr\\\/amiens\\\/articles\\\/saison-culturelle-2026-dans-la-somme-une-programmation-riche-entre-patrimoine-creation-et-memoire\\\/#primaryimage\",\"url\":\"https:\\\/\\\/happynessradio.fr\\\/amiens\\\/wp-content\\\/uploads\\\/sites\\\/3\\\/2026\\\/03\\\/MockUp-Visuels-articles-24-1.webp\",\"contentUrl\":\"https:\\\/\\\/happynessradio.fr\\\/amiens\\\/wp-content\\\/uploads\\\/sites\\\/3\\\/2026\\\/03\\\/MockUp-Visuels-articles-24-1.webp\",\"width\":1083,\"height\":486,\"caption\":\"Photo : Ludovic Delot\"},{\"@type\":\"BreadcrumbList\",\"@id\":\"https:\\\/\\\/happynessradio.fr\\\/amiens\\\/articles\\\/saison-culturelle-2026-dans-la-somme-une-programmation-riche-entre-patrimoine-creation-et-memoire\\\/#breadcrumb\",\"itemListElement\":[{\"@type\":\"ListItem\",\"position\":1,\"name\":\"Accueil\",\"item\":\"https:\\\/\\\/happynessradio.fr\\\/amiens\\\/\"},{\"@type\":\"ListItem\",\"position\":2,\"name\":\"Saison culturelle 2026 dans la Somme : une programmation riche entre patrimoine, cr\u00e9ation et m\u00e9moire\"}]},{\"@type\":\"WebSite\",\"@id\":\"https:\\\/\\\/happynessradio.fr\\\/amiens\\\/#website\",\"url\":\"https:\\\/\\\/happynessradio.fr\\\/amiens\\\/\",\"name\":\"Happyness Amiens\",\"description\":\"Toujours au plus proche de vous\",\"potentialAction\":[{\"@type\":\"SearchAction\",\"target\":{\"@type\":\"EntryPoint\",\"urlTemplate\":\"https:\\\/\\\/happynessradio.fr\\\/amiens\\\/?s={search_term_string}\"},\"query-input\":{\"@type\":\"PropertyValueSpecification\",\"valueRequired\":true,\"valueName\":\"search_term_string\"}}],\"inLanguage\":\"fr-FR\"},{\"@type\":\"Person\",\"@id\":\"https:\\\/\\\/happynessradio.fr\\\/amiens\\\/#\\\/schema\\\/person\\\/735f1a1ba15f9478beb4249ad52f7252\",\"name\":\"Lo\u00efc Dun\",\"image\":{\"@type\":\"ImageObject\",\"inLanguage\":\"fr-FR\",\"@id\":\"https:\\\/\\\/happynessradio.fr\\\/amiens\\\/wp-content\\\/uploads\\\/sites\\\/3\\\/2025\\\/12\\\/cropped-Portrait-Loic-25-26-96x96.webp\",\"url\":\"https:\\\/\\\/happynessradio.fr\\\/amiens\\\/wp-content\\\/uploads\\\/sites\\\/3\\\/2025\\\/12\\\/cropped-Portrait-Loic-25-26-96x96.webp\",\"contentUrl\":\"https:\\\/\\\/happynessradio.fr\\\/amiens\\\/wp-content\\\/uploads\\\/sites\\\/3\\\/2025\\\/12\\\/cropped-Portrait-Loic-25-26-96x96.webp\",\"caption\":\"Lo\u00efc Dun\"},\"description\":\"R\u00e9dacteur web Happyness. Co-animateur (chroniqueur) Quoi d'neuf ? Amiens Chroniqueur Le R\u00e9veil Happyness\",\"sameAs\":[\"https:\\\/\\\/www.instagram.com\\\/lolo80radio\\\/\",\"https:\\\/\\\/www.linkedin.com\\\/in\\\/loc-d-365960164\\\/\"],\"url\":\"https:\\\/\\\/happynessradio.fr\\\/amiens\\\/articles\\\/author\\\/loicdun\\\/\"}]}<\/script>\n<!-- \/ Yoast SEO plugin. -->","yoast_head_json":{"title":"Saison culturelle 2026 dans la Somme : une programmation riche entre patrimoine, cr\u00e9ation et m\u00e9moire - Happyness Amiens","description":"Le Conseil d\u00e9partemental de la Somme d\u00e9voile sa saison culturelle 2026 : expositions, spectacles, concerts et comm\u00e9morations rythmeront une ann\u00e9e plac\u00e9e sous le signe du partage, du patrimoine et de la m\u00e9moire. D\u00e9couvrez un programme accessible \u00e0 tous, entre culture vivante et hommage au 110\u1d49 anniversaire de la Bataille de la Somme.","robots":{"index":"index","follow":"follow","max-snippet":"max-snippet:-1","max-image-preview":"max-image-preview:large","max-video-preview":"max-video-preview:-1"},"canonical":"https:\/\/happynessradio.fr\/amiens\/articles\/saison-culturelle-2026-dans-la-somme-une-programmation-riche-entre-patrimoine-creation-et-memoire\/","og_locale":"fr_FR","og_type":"article","og_title":"Saison culturelle 2026 dans la Somme : une programmation riche entre patrimoine, cr\u00e9ation et m\u00e9moire - Happyness Amiens","og_description":"Le Conseil d\u00e9partemental de la Somme d\u00e9voile sa saison culturelle 2026 : expositions, spectacles, concerts et comm\u00e9morations rythmeront une ann\u00e9e plac\u00e9e sous le signe du partage, du patrimoine et de la m\u00e9moire. D\u00e9couvrez un programme accessible \u00e0 tous, entre culture vivante et hommage au 110\u1d49 anniversaire de la Bataille de la Somme.","og_url":"https:\/\/happynessradio.fr\/amiens\/articles\/saison-culturelle-2026-dans-la-somme-une-programmation-riche-entre-patrimoine-creation-et-memoire\/","og_site_name":"Happyness Amiens","article_published_time":"2026-03-27T18:09:18+00:00","article_modified_time":"2026-03-27T18:09:45+00:00","og_image":[{"width":1083,"height":486,"url":"https:\/\/happynessradio.fr\/amiens\/wp-content\/uploads\/sites\/3\/2026\/03\/MockUp-Visuels-articles-24-1.webp","type":"image\/webp"}],"author":"Lo\u00efc Dun","twitter_card":"summary_large_image","twitter_misc":{"\u00c9crit par":"Lo\u00efc Dun","Dur\u00e9e de lecture estim\u00e9e":"3 minutes"},"schema":{"@context":"https:\/\/schema.org","@graph":[{"@type":"Article","@id":"https:\/\/happynessradio.fr\/amiens\/articles\/saison-culturelle-2026-dans-la-somme-une-programmation-riche-entre-patrimoine-creation-et-memoire\/#article","isPartOf":{"@id":"https:\/\/happynessradio.fr\/amiens\/articles\/saison-culturelle-2026-dans-la-somme-une-programmation-riche-entre-patrimoine-creation-et-memoire\/"},"author":{"name":"Lo\u00efc Dun","@id":"https:\/\/happynessradio.fr\/amiens\/#\/schema\/person\/735f1a1ba15f9478beb4249ad52f7252"},"headline":"Saison culturelle 2026 dans la Somme : une programmation riche entre patrimoine, cr\u00e9ation et m\u00e9moire","datePublished":"2026-03-27T18:09:18+00:00","dateModified":"2026-03-27T18:09:45+00:00","mainEntityOfPage":{"@id":"https:\/\/happynessradio.fr\/amiens\/articles\/saison-culturelle-2026-dans-la-somme-une-programmation-riche-entre-patrimoine-creation-et-memoire\/"},"wordCount":586,"commentCount":0,"image":{"@id":"https:\/\/happynessradio.fr\/amiens\/articles\/saison-culturelle-2026-dans-la-somme-une-programmation-riche-entre-patrimoine-creation-et-memoire\/#primaryimage"},"thumbnailUrl":"https:\/\/happynessradio.fr\/amiens\/wp-content\/uploads\/sites\/3\/2026\/03\/MockUp-Visuels-articles-24-1.webp","articleSection":["Amiens"],"inLanguage":"fr-FR","potentialAction":[{"@type":"CommentAction","name":"Comment","target":["https:\/\/happynessradio.fr\/amiens\/articles\/saison-culturelle-2026-dans-la-somme-une-programmation-riche-entre-patrimoine-creation-et-memoire\/#respond"]}]},{"@type":"WebPage","@id":"https:\/\/happynessradio.fr\/amiens\/articles\/saison-culturelle-2026-dans-la-somme-une-programmation-riche-entre-patrimoine-creation-et-memoire\/","url":"https:\/\/happynessradio.fr\/amiens\/articles\/saison-culturelle-2026-dans-la-somme-une-programmation-riche-entre-patrimoine-creation-et-memoire\/","name":"Saison culturelle 2026 dans la Somme : une programmation riche entre patrimoine, cr\u00e9ation et m\u00e9moire - Happyness Amiens","isPartOf":{"@id":"https:\/\/happynessradio.fr\/amiens\/#website"},"primaryImageOfPage":{"@id":"https:\/\/happynessradio.fr\/amiens\/articles\/saison-culturelle-2026-dans-la-somme-une-programmation-riche-entre-patrimoine-creation-et-memoire\/#primaryimage"},"image":{"@id":"https:\/\/happynessradio.fr\/amiens\/articles\/saison-culturelle-2026-dans-la-somme-une-programmation-riche-entre-patrimoine-creation-et-memoire\/#primaryimage"},"thumbnailUrl":"https:\/\/happynessradio.fr\/amiens\/wp-content\/uploads\/sites\/3\/2026\/03\/MockUp-Visuels-articles-24-1.webp","datePublished":"2026-03-27T18:09:18+00:00","dateModified":"2026-03-27T18:09:45+00:00","author":{"@id":"https:\/\/happynessradio.fr\/amiens\/#\/schema\/person\/735f1a1ba15f9478beb4249ad52f7252"},"description":"Le Conseil d\u00e9partemental de la Somme d\u00e9voile sa saison culturelle 2026 : expositions, spectacles, concerts et comm\u00e9morations rythmeront une ann\u00e9e plac\u00e9e sous le signe du partage, du patrimoine et de la m\u00e9moire. D\u00e9couvrez un programme accessible \u00e0 tous, entre culture vivante et hommage au 110\u1d49 anniversaire de la Bataille de la Somme.","breadcrumb":{"@id":"https:\/\/happynessradio.fr\/amiens\/articles\/saison-culturelle-2026-dans-la-somme-une-programmation-riche-entre-patrimoine-creation-et-memoire\/#breadcrumb"},"inLanguage":"fr-FR","potentialAction":[{"@type":"ReadAction","target":["https:\/\/happynessradio.fr\/amiens\/articles\/saison-culturelle-2026-dans-la-somme-une-programmation-riche-entre-patrimoine-creation-et-memoire\/"]}]},{"@type":"ImageObject","inLanguage":"fr-FR","@id":"https:\/\/happynessradio.fr\/amiens\/articles\/saison-culturelle-2026-dans-la-somme-une-programmation-riche-entre-patrimoine-creation-et-memoire\/#primaryimage","url":"https:\/\/happynessradio.fr\/amiens\/wp-content\/uploads\/sites\/3\/2026\/03\/MockUp-Visuels-articles-24-1.webp","contentUrl":"https:\/\/happynessradio.fr\/amiens\/wp-content\/uploads\/sites\/3\/2026\/03\/MockUp-Visuels-articles-24-1.webp","width":1083,"height":486,"caption":"Photo : Ludovic Delot"},{"@type":"BreadcrumbList","@id":"https:\/\/happynessradio.fr\/amiens\/articles\/saison-culturelle-2026-dans-la-somme-une-programmation-riche-entre-patrimoine-creation-et-memoire\/#breadcrumb","itemListElement":[{"@type":"ListItem","position":1,"name":"Accueil","item":"https:\/\/happynessradio.fr\/amiens\/"},{"@type":"ListItem","position":2,"name":"Saison culturelle 2026 dans la Somme : une programmation riche entre patrimoine, cr\u00e9ation et m\u00e9moire"}]},{"@type":"WebSite","@id":"https:\/\/happynessradio.fr\/amiens\/#website","url":"https:\/\/happynessradio.fr\/amiens\/","name":"Happyness Amiens","description":"Toujours au plus proche de vous","potentialAction":[{"@type":"SearchAction","target":{"@type":"EntryPoint","urlTemplate":"https:\/\/happynessradio.fr\/amiens\/?s={search_term_string}"},"query-input":{"@type":"PropertyValueSpecification","valueRequired":true,"valueName":"search_term_string"}}],"inLanguage":"fr-FR"},{"@type":"Person","@id":"https:\/\/happynessradio.fr\/amiens\/#\/schema\/person\/735f1a1ba15f9478beb4249ad52f7252","name":"Lo\u00efc Dun","image":{"@type":"ImageObject","inLanguage":"fr-FR","@id":"https:\/\/happynessradio.fr\/amiens\/wp-content\/uploads\/sites\/3\/2025\/12\/cropped-Portrait-Loic-25-26-96x96.webp","url":"https:\/\/happynessradio.fr\/amiens\/wp-content\/uploads\/sites\/3\/2025\/12\/cropped-Portrait-Loic-25-26-96x96.webp","contentUrl":"https:\/\/happynessradio.fr\/amiens\/wp-content\/uploads\/sites\/3\/2025\/12\/cropped-Portrait-Loic-25-26-96x96.webp","caption":"Lo\u00efc Dun"},"description":"R\u00e9dacteur web Happyness. Co-animateur (chroniqueur) Quoi d'neuf ? Amiens Chroniqueur Le R\u00e9veil Happyness","sameAs":["https:\/\/www.instagram.com\/lolo80radio\/","https:\/\/www.linkedin.com\/in\/loc-d-365960164\/"],"url":"https:\/\/happynessradio.fr\/amiens\/articles\/author\/loicdun\/"}]}},"modified_by":"Lo\u00efc Dun","_links":{"self":[{"href":"https:\/\/happynessradio.fr\/amiens\/wp-json\/wp\/v2\/posts\/12472","targetHints":{"allow":["GET"]}}],"collection":[{"href":"https:\/\/happynessradio.fr\/amiens\/wp-json\/wp\/v2\/posts"}],"about":[{"href":"https:\/\/happynessradio.fr\/amiens\/wp-json\/wp\/v2\/types\/post"}],"author":[{"embeddable":true,"href":"https:\/\/happynessradio.fr\/amiens\/wp-json\/wp\/v2\/users\/6"}],"replies":[{"embeddable":true,"href":"https:\/\/happynessradio.fr\/amiens\/wp-json\/wp\/v2\/comments?post=12472"}],"version-history":[{"count":1,"href":"https:\/\/happynessradio.fr\/amiens\/wp-json\/wp\/v2\/posts\/12472\/revisions"}],"predecessor-version":[{"id":12473,"href":"https:\/\/happynessradio.fr\/amiens\/wp-json\/wp\/v2\/posts\/12472\/revisions\/12473"}],"wp:featuredmedia":[{"embeddable":true,"href":"https:\/\/happynessradio.fr\/amiens\/wp-json\/wp\/v2\/media\/12414"}],"wp:attachment":[{"href":"https:\/\/happynessradio.fr\/amiens\/wp-json\/wp\/v2\/media?parent=12472"}],"wp:term":[{"taxonomy":"category","embeddable":true,"href":"https:\/\/happynessradio.fr\/amiens\/wp-json\/wp\/v2\/categories?post=12472"},{"taxonomy":"post_tag","embeddable":true,"href":"https:\/\/happynessradio.fr\/amiens\/wp-json\/wp\/v2\/tags?post=12472"}],"curies":[{"name":"wp","href":"https:\/\/api.w.org\/{rel}","templated":true}]}}