{"id":12552,"date":"2026-04-02T17:00:00","date_gmt":"2026-04-02T15:00:00","guid":{"rendered":"https:\/\/happynessradio.fr\/amiens\/?p=12552"},"modified":"2026-03-31T19:04:01","modified_gmt":"2026-03-31T17:04:01","slug":"meteo-dans-la-somme-un-temps-humide-prevu-pour-dimanche","status":"publish","type":"post","link":"https:\/\/happynessradio.fr\/amiens\/articles\/meteo-dans-la-somme-un-temps-humide-prevu-pour-dimanche\/","title":{"rendered":"M\u00e9t\u00e9o dans la Somme : un temps humide pr\u00e9vu pour dimanche"},"content":{"rendered":"\n<p><em>Ce weekend dans la Somme, de la pluie est attendu notamment dimanche dans l&rsquo;Ami\u00e9nois et des nuages pour la journ\u00e9e de samedi. Le thermom\u00e8tre ne devrait pas d\u00e9passer les 17 degr\u00e9s. Le soleil ne sera donc pas au rendez-vous, il faudra encore patienter. <\/em><\/p>\n\n\n\n<h2 class=\"wp-block-heading\">Des nuages dans le ciel <\/h2>\n\n\n\n<p>Pour le d\u00e9but du weekend dans la Somme donc pour samedi 04 avril, le soleil sera aux abonn\u00e9s absents par exemple du c\u00f4t\u00e9 des communes de l&rsquo;Ami\u00e9nois o\u00f9 on s&rsquo;attend \u00e0 la pr\u00e9sence de nuages avec une temp\u00e9rature maximum de 17\u00b0C et une minimale de 3\u00b0C.<\/p>\n\n\n\n<h2 class=\"wp-block-heading\">Pr\u00e9voir le parapluie<\/h2>\n\n\n\n<p>Le secteur d&rsquo;Amiens ne sera pas le seul concern\u00e9 par un ciel nuageux, \u00e7a sera aussi le cas \u00e0 Abbeville avec avec pour la minimum 4\u00b0C. A savoir que comme pour le secteur de la capitale de la Somme, il faudra pr\u00e9voir de sortir le parapluie pour le journ\u00e9e de dimanche. <\/p>\n\n\n\n<h2 class=\"wp-block-heading\">De la pluie y compris \u00e0 P\u00e9ronne et Albert <\/h2>\n\n\n\n<p>Concernant P\u00e9ronne et Albert, on vous conseille de rester \u00e0 la maison ou de pr\u00e9voir une activit\u00e9 en int\u00e9rieur comme par exemple une sortie au<a href=\"https:\/\/www.amiens.fr\/Vivre-a-Amiens\/Culture-Patrimoine\/Etablissements-culturels\/Musee-de-Picardie\" id=\"https:\/\/www.amiens.fr\/Vivre-a-Amiens\/Culture-Patrimoine\/Etablissements-culturels\/Musee-de-Picardie\"> Mus\u00e9e de Picardie,<\/a> puisque les gouttes de pluie seront au rendez-vous, samedi et dimanche avec au thermom\u00e8tre 17\u00b0C pour la maximum. <\/p>\n\n\n\n<p><\/p>\n","protected":false},"excerpt":{"rendered":"<p>Ce weekend dans la Somme, de la pluie est attendu notamment dimanche dans l&rsquo;Ami\u00e9nois et des nuages pour la journ\u00e9e de samedi. Le thermom\u00e8tre ne devrait pas d\u00e9passer les 17 degr\u00e9s. Le soleil ne sera donc pas au rendez-vous, il faudra encore patienter. Des nuages dans le ciel Pour le d\u00e9but du weekend dans la Somme donc pour samedi 04 avril, le soleil sera aux abonn\u00e9s absents par exemple du c\u00f4t\u00e9 des communes de l&rsquo;Ami\u00e9nois o\u00f9 on s&rsquo;attend \u00e0 la pr\u00e9sence de nuages avec une temp\u00e9rature maximum de 17\u00b0C et une minimale de 3\u00b0C. Pr\u00e9voir le parapluie Le secteur d&rsquo;Amiens ne sera pas le seul concern\u00e9 par un ciel nuageux, \u00e7a sera aussi le cas \u00e0 Abbeville avec avec pour la minimum 4\u00b0C. A savoir que comme pour le secteur de la capitale de la Somme, il faudra pr\u00e9voir de sortir le parapluie pour le journ\u00e9e de dimanche. De la pluie y compris \u00e0 P\u00e9ronne et Albert Concernant P\u00e9ronne et Albert, on vous conseille de rester \u00e0 la maison ou de pr\u00e9voir une activit\u00e9 en int\u00e9rieur comme par exemple une sortie au Mus\u00e9e de Picardie, puisque les gouttes de pluie seront au rendez-vous, samedi et dimanche avec au thermom\u00e8tre 17\u00b0C pour la maximum.<\/p>\n","protected":false},"author":6,"featured_media":12386,"comment_status":"open","ping_status":"open","sticky":false,"template":"","format":"standard","meta":{"_lmt_disableupdate":"","_lmt_disable":"","footnotes":""},"categories":[11],"tags":[],"class_list":["post-12552","post","type-post","status-publish","format-standard","has-post-thumbnail","hentry","category-amiens"],"yoast_head":"<!-- This site is optimized with the Yoast SEO plugin v27.5 - https:\/\/yoast.com\/product\/yoast-seo-wordpress\/ -->\n<title>M\u00e9t\u00e9o dans la Somme : un temps humide pr\u00e9vu pour dimanche - Happyness Amiens<\/title>\n<meta name=\"description\" content=\"Pr\u00e9visions m\u00e9t\u00e9o du week-end des 4 et 5 avril dans la Somme. Un ciel nuageux samedi \u00e0 Amiens et Abbeville, suivi de pluie dimanche. Temps pluvieux tout le week-end \u00e0 Albert et P\u00e9ronne avec 17\u00b0C au maximum.\" \/>\n<meta name=\"robots\" content=\"index, follow, max-snippet:-1, max-image-preview:large, max-video-preview:-1\" \/>\n<link rel=\"canonical\" href=\"https:\/\/happynessradio.fr\/amiens\/articles\/meteo-dans-la-somme-un-temps-humide-prevu-pour-dimanche\/\" \/>\n<meta property=\"og:locale\" content=\"fr_FR\" \/>\n<meta property=\"og:type\" content=\"article\" \/>\n<meta property=\"og:title\" content=\"M\u00e9t\u00e9o dans la Somme : un temps humide pr\u00e9vu pour dimanche - Happyness Amiens\" \/>\n<meta property=\"og:description\" content=\"Pr\u00e9visions m\u00e9t\u00e9o du week-end des 4 et 5 avril dans la Somme. Un ciel nuageux samedi \u00e0 Amiens et Abbeville, suivi de pluie dimanche. Temps pluvieux tout le week-end \u00e0 Albert et P\u00e9ronne avec 17\u00b0C au maximum.\" \/>\n<meta property=\"og:url\" content=\"https:\/\/happynessradio.fr\/amiens\/articles\/meteo-dans-la-somme-un-temps-humide-prevu-pour-dimanche\/\" \/>\n<meta property=\"og:site_name\" content=\"Happyness Amiens\" \/>\n<meta property=\"article:published_time\" content=\"2026-04-02T15:00:00+00:00\" \/>\n<meta property=\"og:image\" content=\"https:\/\/happynessradio.fr\/amiens\/wp-content\/uploads\/sites\/3\/2026\/03\/MockUp-Visuels-articles-5.webp\" \/>\n\t<meta property=\"og:image:width\" content=\"1083\" \/>\n\t<meta property=\"og:image:height\" content=\"486\" \/>\n\t<meta property=\"og:image:type\" content=\"image\/webp\" \/>\n<meta name=\"author\" content=\"Lo\u00efc Dun\" \/>\n<meta name=\"twitter:card\" content=\"summary_large_image\" \/>\n<meta name=\"twitter:label1\" content=\"\u00c9crit par\" \/>\n\t<meta name=\"twitter:data1\" content=\"Lo\u00efc Dun\" \/>\n\t<meta name=\"twitter:label2\" content=\"Dur\u00e9e de lecture estim\u00e9e\" \/>\n\t<meta name=\"twitter:data2\" content=\"2 minutes\" \/>\n<script type=\"application\/ld+json\" class=\"yoast-schema-graph\">{\"@context\":\"https:\\\/\\\/schema.org\",\"@graph\":[{\"@type\":\"Article\",\"@id\":\"https:\\\/\\\/happynessradio.fr\\\/amiens\\\/articles\\\/meteo-dans-la-somme-un-temps-humide-prevu-pour-dimanche\\\/#article\",\"isPartOf\":{\"@id\":\"https:\\\/\\\/happynessradio.fr\\\/amiens\\\/articles\\\/meteo-dans-la-somme-un-temps-humide-prevu-pour-dimanche\\\/\"},\"author\":{\"name\":\"Lo\u00efc Dun\",\"@id\":\"https:\\\/\\\/happynessradio.fr\\\/amiens\\\/#\\\/schema\\\/person\\\/735f1a1ba15f9478beb4249ad52f7252\"},\"headline\":\"M\u00e9t\u00e9o dans la Somme : un temps humide pr\u00e9vu pour dimanche\",\"datePublished\":\"2026-04-02T15:00:00+00:00\",\"mainEntityOfPage\":{\"@id\":\"https:\\\/\\\/happynessradio.fr\\\/amiens\\\/articles\\\/meteo-dans-la-somme-un-temps-humide-prevu-pour-dimanche\\\/\"},\"wordCount\":234,\"commentCount\":0,\"image\":{\"@id\":\"https:\\\/\\\/happynessradio.fr\\\/amiens\\\/articles\\\/meteo-dans-la-somme-un-temps-humide-prevu-pour-dimanche\\\/#primaryimage\"},\"thumbnailUrl\":\"https:\\\/\\\/happynessradio.fr\\\/amiens\\\/wp-content\\\/uploads\\\/sites\\\/3\\\/2026\\\/03\\\/MockUp-Visuels-articles-5.webp\",\"articleSection\":[\"Amiens\"],\"inLanguage\":\"fr-FR\",\"potentialAction\":[{\"@type\":\"CommentAction\",\"name\":\"Comment\",\"target\":[\"https:\\\/\\\/happynessradio.fr\\\/amiens\\\/articles\\\/meteo-dans-la-somme-un-temps-humide-prevu-pour-dimanche\\\/#respond\"]}]},{\"@type\":\"WebPage\",\"@id\":\"https:\\\/\\\/happynessradio.fr\\\/amiens\\\/articles\\\/meteo-dans-la-somme-un-temps-humide-prevu-pour-dimanche\\\/\",\"url\":\"https:\\\/\\\/happynessradio.fr\\\/amiens\\\/articles\\\/meteo-dans-la-somme-un-temps-humide-prevu-pour-dimanche\\\/\",\"name\":\"M\u00e9t\u00e9o dans la Somme : un temps humide pr\u00e9vu pour dimanche - Happyness Amiens\",\"isPartOf\":{\"@id\":\"https:\\\/\\\/happynessradio.fr\\\/amiens\\\/#website\"},\"primaryImageOfPage\":{\"@id\":\"https:\\\/\\\/happynessradio.fr\\\/amiens\\\/articles\\\/meteo-dans-la-somme-un-temps-humide-prevu-pour-dimanche\\\/#primaryimage\"},\"image\":{\"@id\":\"https:\\\/\\\/happynessradio.fr\\\/amiens\\\/articles\\\/meteo-dans-la-somme-un-temps-humide-prevu-pour-dimanche\\\/#primaryimage\"},\"thumbnailUrl\":\"https:\\\/\\\/happynessradio.fr\\\/amiens\\\/wp-content\\\/uploads\\\/sites\\\/3\\\/2026\\\/03\\\/MockUp-Visuels-articles-5.webp\",\"datePublished\":\"2026-04-02T15:00:00+00:00\",\"author\":{\"@id\":\"https:\\\/\\\/happynessradio.fr\\\/amiens\\\/#\\\/schema\\\/person\\\/735f1a1ba15f9478beb4249ad52f7252\"},\"description\":\"Pr\u00e9visions m\u00e9t\u00e9o du week-end des 4 et 5 avril dans la Somme. Un ciel nuageux samedi \u00e0 Amiens et Abbeville, suivi de pluie dimanche. Temps pluvieux tout le week-end \u00e0 Albert et P\u00e9ronne avec 17\u00b0C au maximum.\",\"breadcrumb\":{\"@id\":\"https:\\\/\\\/happynessradio.fr\\\/amiens\\\/articles\\\/meteo-dans-la-somme-un-temps-humide-prevu-pour-dimanche\\\/#breadcrumb\"},\"inLanguage\":\"fr-FR\",\"potentialAction\":[{\"@type\":\"ReadAction\",\"target\":[\"https:\\\/\\\/happynessradio.fr\\\/amiens\\\/articles\\\/meteo-dans-la-somme-un-temps-humide-prevu-pour-dimanche\\\/\"]}]},{\"@type\":\"ImageObject\",\"inLanguage\":\"fr-FR\",\"@id\":\"https:\\\/\\\/happynessradio.fr\\\/amiens\\\/articles\\\/meteo-dans-la-somme-un-temps-humide-prevu-pour-dimanche\\\/#primaryimage\",\"url\":\"https:\\\/\\\/happynessradio.fr\\\/amiens\\\/wp-content\\\/uploads\\\/sites\\\/3\\\/2026\\\/03\\\/MockUp-Visuels-articles-5.webp\",\"contentUrl\":\"https:\\\/\\\/happynessradio.fr\\\/amiens\\\/wp-content\\\/uploads\\\/sites\\\/3\\\/2026\\\/03\\\/MockUp-Visuels-articles-5.webp\",\"width\":1083,\"height\":486,\"caption\":\"Vue d'un ciel couvert d'\u00e9pais nuages gris orageux et tourbillonnants, encadr\u00e9e par deux formes g\u00e9om\u00e9triques rouges triangulaires en haut \u00e0 gauche et en bas \u00e0 droite.\"},{\"@type\":\"BreadcrumbList\",\"@id\":\"https:\\\/\\\/happynessradio.fr\\\/amiens\\\/articles\\\/meteo-dans-la-somme-un-temps-humide-prevu-pour-dimanche\\\/#breadcrumb\",\"itemListElement\":[{\"@type\":\"ListItem\",\"position\":1,\"name\":\"Accueil\",\"item\":\"https:\\\/\\\/happynessradio.fr\\\/amiens\\\/\"},{\"@type\":\"ListItem\",\"position\":2,\"name\":\"M\u00e9t\u00e9o dans la Somme : un temps humide pr\u00e9vu pour dimanche\"}]},{\"@type\":\"WebSite\",\"@id\":\"https:\\\/\\\/happynessradio.fr\\\/amiens\\\/#website\",\"url\":\"https:\\\/\\\/happynessradio.fr\\\/amiens\\\/\",\"name\":\"Happyness Amiens\",\"description\":\"Toujours au plus proche de vous\",\"potentialAction\":[{\"@type\":\"SearchAction\",\"target\":{\"@type\":\"EntryPoint\",\"urlTemplate\":\"https:\\\/\\\/happynessradio.fr\\\/amiens\\\/?s={search_term_string}\"},\"query-input\":{\"@type\":\"PropertyValueSpecification\",\"valueRequired\":true,\"valueName\":\"search_term_string\"}}],\"inLanguage\":\"fr-FR\"},{\"@type\":\"Person\",\"@id\":\"https:\\\/\\\/happynessradio.fr\\\/amiens\\\/#\\\/schema\\\/person\\\/735f1a1ba15f9478beb4249ad52f7252\",\"name\":\"Lo\u00efc Dun\",\"image\":{\"@type\":\"ImageObject\",\"inLanguage\":\"fr-FR\",\"@id\":\"https:\\\/\\\/happynessradio.fr\\\/amiens\\\/wp-content\\\/uploads\\\/sites\\\/3\\\/2025\\\/12\\\/cropped-Portrait-Loic-25-26-96x96.webp\",\"url\":\"https:\\\/\\\/happynessradio.fr\\\/amiens\\\/wp-content\\\/uploads\\\/sites\\\/3\\\/2025\\\/12\\\/cropped-Portrait-Loic-25-26-96x96.webp\",\"contentUrl\":\"https:\\\/\\\/happynessradio.fr\\\/amiens\\\/wp-content\\\/uploads\\\/sites\\\/3\\\/2025\\\/12\\\/cropped-Portrait-Loic-25-26-96x96.webp\",\"caption\":\"Lo\u00efc Dun\"},\"description\":\"R\u00e9dacteur web Happyness. Co-animateur (chroniqueur) Quoi d'neuf ? Amiens Chroniqueur Le R\u00e9veil Happyness\",\"sameAs\":[\"https:\\\/\\\/www.instagram.com\\\/lolo80radio\\\/\",\"https:\\\/\\\/www.linkedin.com\\\/in\\\/loc-d-365960164\\\/\"],\"url\":\"https:\\\/\\\/happynessradio.fr\\\/amiens\\\/articles\\\/author\\\/loicdun\\\/\"}]}<\/script>\n<!-- \/ Yoast SEO plugin. -->","yoast_head_json":{"title":"M\u00e9t\u00e9o dans la Somme : un temps humide pr\u00e9vu pour dimanche - Happyness Amiens","description":"Pr\u00e9visions m\u00e9t\u00e9o du week-end des 4 et 5 avril dans la Somme. Un ciel nuageux samedi \u00e0 Amiens et Abbeville, suivi de pluie dimanche. Temps pluvieux tout le week-end \u00e0 Albert et P\u00e9ronne avec 17\u00b0C au maximum.","robots":{"index":"index","follow":"follow","max-snippet":"max-snippet:-1","max-image-preview":"max-image-preview:large","max-video-preview":"max-video-preview:-1"},"canonical":"https:\/\/happynessradio.fr\/amiens\/articles\/meteo-dans-la-somme-un-temps-humide-prevu-pour-dimanche\/","og_locale":"fr_FR","og_type":"article","og_title":"M\u00e9t\u00e9o dans la Somme : un temps humide pr\u00e9vu pour dimanche - Happyness Amiens","og_description":"Pr\u00e9visions m\u00e9t\u00e9o du week-end des 4 et 5 avril dans la Somme. Un ciel nuageux samedi \u00e0 Amiens et Abbeville, suivi de pluie dimanche. Temps pluvieux tout le week-end \u00e0 Albert et P\u00e9ronne avec 17\u00b0C au maximum.","og_url":"https:\/\/happynessradio.fr\/amiens\/articles\/meteo-dans-la-somme-un-temps-humide-prevu-pour-dimanche\/","og_site_name":"Happyness Amiens","article_published_time":"2026-04-02T15:00:00+00:00","og_image":[{"width":1083,"height":486,"url":"https:\/\/happynessradio.fr\/amiens\/wp-content\/uploads\/sites\/3\/2026\/03\/MockUp-Visuels-articles-5.webp","type":"image\/webp"}],"author":"Lo\u00efc Dun","twitter_card":"summary_large_image","twitter_misc":{"\u00c9crit par":"Lo\u00efc Dun","Dur\u00e9e de lecture estim\u00e9e":"2 minutes"},"schema":{"@context":"https:\/\/schema.org","@graph":[{"@type":"Article","@id":"https:\/\/happynessradio.fr\/amiens\/articles\/meteo-dans-la-somme-un-temps-humide-prevu-pour-dimanche\/#article","isPartOf":{"@id":"https:\/\/happynessradio.fr\/amiens\/articles\/meteo-dans-la-somme-un-temps-humide-prevu-pour-dimanche\/"},"author":{"name":"Lo\u00efc Dun","@id":"https:\/\/happynessradio.fr\/amiens\/#\/schema\/person\/735f1a1ba15f9478beb4249ad52f7252"},"headline":"M\u00e9t\u00e9o dans la Somme : un temps humide pr\u00e9vu pour dimanche","datePublished":"2026-04-02T15:00:00+00:00","mainEntityOfPage":{"@id":"https:\/\/happynessradio.fr\/amiens\/articles\/meteo-dans-la-somme-un-temps-humide-prevu-pour-dimanche\/"},"wordCount":234,"commentCount":0,"image":{"@id":"https:\/\/happynessradio.fr\/amiens\/articles\/meteo-dans-la-somme-un-temps-humide-prevu-pour-dimanche\/#primaryimage"},"thumbnailUrl":"https:\/\/happynessradio.fr\/amiens\/wp-content\/uploads\/sites\/3\/2026\/03\/MockUp-Visuels-articles-5.webp","articleSection":["Amiens"],"inLanguage":"fr-FR","potentialAction":[{"@type":"CommentAction","name":"Comment","target":["https:\/\/happynessradio.fr\/amiens\/articles\/meteo-dans-la-somme-un-temps-humide-prevu-pour-dimanche\/#respond"]}]},{"@type":"WebPage","@id":"https:\/\/happynessradio.fr\/amiens\/articles\/meteo-dans-la-somme-un-temps-humide-prevu-pour-dimanche\/","url":"https:\/\/happynessradio.fr\/amiens\/articles\/meteo-dans-la-somme-un-temps-humide-prevu-pour-dimanche\/","name":"M\u00e9t\u00e9o dans la Somme : un temps humide pr\u00e9vu pour dimanche - Happyness Amiens","isPartOf":{"@id":"https:\/\/happynessradio.fr\/amiens\/#website"},"primaryImageOfPage":{"@id":"https:\/\/happynessradio.fr\/amiens\/articles\/meteo-dans-la-somme-un-temps-humide-prevu-pour-dimanche\/#primaryimage"},"image":{"@id":"https:\/\/happynessradio.fr\/amiens\/articles\/meteo-dans-la-somme-un-temps-humide-prevu-pour-dimanche\/#primaryimage"},"thumbnailUrl":"https:\/\/happynessradio.fr\/amiens\/wp-content\/uploads\/sites\/3\/2026\/03\/MockUp-Visuels-articles-5.webp","datePublished":"2026-04-02T15:00:00+00:00","author":{"@id":"https:\/\/happynessradio.fr\/amiens\/#\/schema\/person\/735f1a1ba15f9478beb4249ad52f7252"},"description":"Pr\u00e9visions m\u00e9t\u00e9o du week-end des 4 et 5 avril dans la Somme. Un ciel nuageux samedi \u00e0 Amiens et Abbeville, suivi de pluie dimanche. Temps pluvieux tout le week-end \u00e0 Albert et P\u00e9ronne avec 17\u00b0C au maximum.","breadcrumb":{"@id":"https:\/\/happynessradio.fr\/amiens\/articles\/meteo-dans-la-somme-un-temps-humide-prevu-pour-dimanche\/#breadcrumb"},"inLanguage":"fr-FR","potentialAction":[{"@type":"ReadAction","target":["https:\/\/happynessradio.fr\/amiens\/articles\/meteo-dans-la-somme-un-temps-humide-prevu-pour-dimanche\/"]}]},{"@type":"ImageObject","inLanguage":"fr-FR","@id":"https:\/\/happynessradio.fr\/amiens\/articles\/meteo-dans-la-somme-un-temps-humide-prevu-pour-dimanche\/#primaryimage","url":"https:\/\/happynessradio.fr\/amiens\/wp-content\/uploads\/sites\/3\/2026\/03\/MockUp-Visuels-articles-5.webp","contentUrl":"https:\/\/happynessradio.fr\/amiens\/wp-content\/uploads\/sites\/3\/2026\/03\/MockUp-Visuels-articles-5.webp","width":1083,"height":486,"caption":"Vue d'un ciel couvert d'\u00e9pais nuages gris orageux et tourbillonnants, encadr\u00e9e par deux formes g\u00e9om\u00e9triques rouges triangulaires en haut \u00e0 gauche et en bas \u00e0 droite."},{"@type":"BreadcrumbList","@id":"https:\/\/happynessradio.fr\/amiens\/articles\/meteo-dans-la-somme-un-temps-humide-prevu-pour-dimanche\/#breadcrumb","itemListElement":[{"@type":"ListItem","position":1,"name":"Accueil","item":"https:\/\/happynessradio.fr\/amiens\/"},{"@type":"ListItem","position":2,"name":"M\u00e9t\u00e9o dans la Somme : un temps humide pr\u00e9vu pour dimanche"}]},{"@type":"WebSite","@id":"https:\/\/happynessradio.fr\/amiens\/#website","url":"https:\/\/happynessradio.fr\/amiens\/","name":"Happyness Amiens","description":"Toujours au plus proche de vous","potentialAction":[{"@type":"SearchAction","target":{"@type":"EntryPoint","urlTemplate":"https:\/\/happynessradio.fr\/amiens\/?s={search_term_string}"},"query-input":{"@type":"PropertyValueSpecification","valueRequired":true,"valueName":"search_term_string"}}],"inLanguage":"fr-FR"},{"@type":"Person","@id":"https:\/\/happynessradio.fr\/amiens\/#\/schema\/person\/735f1a1ba15f9478beb4249ad52f7252","name":"Lo\u00efc Dun","image":{"@type":"ImageObject","inLanguage":"fr-FR","@id":"https:\/\/happynessradio.fr\/amiens\/wp-content\/uploads\/sites\/3\/2025\/12\/cropped-Portrait-Loic-25-26-96x96.webp","url":"https:\/\/happynessradio.fr\/amiens\/wp-content\/uploads\/sites\/3\/2025\/12\/cropped-Portrait-Loic-25-26-96x96.webp","contentUrl":"https:\/\/happynessradio.fr\/amiens\/wp-content\/uploads\/sites\/3\/2025\/12\/cropped-Portrait-Loic-25-26-96x96.webp","caption":"Lo\u00efc Dun"},"description":"R\u00e9dacteur web Happyness. Co-animateur (chroniqueur) Quoi d'neuf ? Amiens Chroniqueur Le R\u00e9veil Happyness","sameAs":["https:\/\/www.instagram.com\/lolo80radio\/","https:\/\/www.linkedin.com\/in\/loc-d-365960164\/"],"url":"https:\/\/happynessradio.fr\/amiens\/articles\/author\/loicdun\/"}]}},"modified_by":"Lo\u00efc Dun","_links":{"self":[{"href":"https:\/\/happynessradio.fr\/amiens\/wp-json\/wp\/v2\/posts\/12552","targetHints":{"allow":["GET"]}}],"collection":[{"href":"https:\/\/happynessradio.fr\/amiens\/wp-json\/wp\/v2\/posts"}],"about":[{"href":"https:\/\/happynessradio.fr\/amiens\/wp-json\/wp\/v2\/types\/post"}],"author":[{"embeddable":true,"href":"https:\/\/happynessradio.fr\/amiens\/wp-json\/wp\/v2\/users\/6"}],"replies":[{"embeddable":true,"href":"https:\/\/happynessradio.fr\/amiens\/wp-json\/wp\/v2\/comments?post=12552"}],"version-history":[{"count":1,"href":"https:\/\/happynessradio.fr\/amiens\/wp-json\/wp\/v2\/posts\/12552\/revisions"}],"predecessor-version":[{"id":12553,"href":"https:\/\/happynessradio.fr\/amiens\/wp-json\/wp\/v2\/posts\/12552\/revisions\/12553"}],"wp:featuredmedia":[{"embeddable":true,"href":"https:\/\/happynessradio.fr\/amiens\/wp-json\/wp\/v2\/media\/12386"}],"wp:attachment":[{"href":"https:\/\/happynessradio.fr\/amiens\/wp-json\/wp\/v2\/media?parent=12552"}],"wp:term":[{"taxonomy":"category","embeddable":true,"href":"https:\/\/happynessradio.fr\/amiens\/wp-json\/wp\/v2\/categories?post=12552"},{"taxonomy":"post_tag","embeddable":true,"href":"https:\/\/happynessradio.fr\/amiens\/wp-json\/wp\/v2\/tags?post=12552"}],"curies":[{"name":"wp","href":"https:\/\/api.w.org\/{rel}","templated":true}]}}