{"id":12556,"date":"2026-04-01T17:57:39","date_gmt":"2026-04-01T15:57:39","guid":{"rendered":"https:\/\/happynessradio.fr\/amiens\/?p=12556"},"modified":"2026-04-03T03:25:56","modified_gmt":"2026-04-03T01:25:56","slug":"amiens-echanger-sur-le-harcelement-et-la-difference","status":"publish","type":"post","link":"https:\/\/happynessradio.fr\/amiens\/articles\/amiens-echanger-sur-le-harcelement-et-la-difference\/","title":{"rendered":"Amiens : Echanger sur le Harc\u00e8lement et la Diff\u00e9rence"},"content":{"rendered":"\n<p><em>Ce jeudi 02 avril,  le Jeudi Citoyennet\u00e9 &#8211; Apprendre ensemble aura pour th\u00e8mes la distinction entre diff\u00e9rence et in\u00e9galit\u00e9, mais aussi la pr\u00e9vention du harc\u00e8lement et des discriminations, sans oublier la formation des enseignants et la culture commune. RDV \u00e0 14h30 au cin\u00e9ma Path\u00e9 d&rsquo;Amiens.<\/em><\/p>\n\n\n\n<h2 class=\"wp-block-heading\"><strong>Un moment d&rsquo;\u00e9changes autour du th\u00e8me du harc\u00e8lement et des discriminations<\/strong><\/h2>\n\n\n\n<p>Le complexe <a href=\"https:\/\/www.pathe.fr\/cinemas\/cinema-pathe-amiens\" id=\"https:\/\/www.pathe.fr\/cinemas\/cinema-pathe-amiens\">Path\u00e9<\/a> d&rsquo;Amiens accueille jeudi 02 avril, le Jeudi Citoyennet\u00e9 &#8211; Apprendre ensemble qui aura pour th\u00e8mes la distinction entre diff\u00e9rence et in\u00e9galit\u00e9, mais aussi la pr\u00e9vention du harc\u00e8lement et des discriminations, sans oublier la formation des enseignants et la culture commune. Un moment d&rsquo;\u00e9changes en toute bienveillance, le tout en \u00e9tant assis sur un fauteuil d&rsquo;une salle de cin\u00e9ma.<\/p>\n\n\n\n<h2 class=\"wp-block-heading\"><strong>Des num\u00e9ros utiles <\/strong><\/h2>\n\n\n\n<p>Il s&rsquo;agit d&rsquo;un \u00e9v\u00e9nement ouvert \u00e0 tous et gratuit, propos\u00e9 par la ville d&rsquo;Amiens. D&rsquo;ailleurs a noter qu&rsquo;il existe un num\u00e9ro <a href=\"http:\/\/3018\"><strong>3018<\/strong>&nbsp;<\/a>si vous \u00eates victime, t\u00e9moin ou auteur de harc\u00e8lement ou de&nbsp;violences num\u00e9riques, mais \u00e9galement le <a href=\"http:\/\/3020\">3020<\/a> qui destin\u00e9 aux victimes de tous les types de harc\u00e8lement rencontr\u00e9s en milieu scolaire. <\/p>\n\n\n\n<p><\/p>\n\n\n\n<p><\/p>\n","protected":false},"excerpt":{"rendered":"<p>Ce jeudi 02 avril, le Jeudi Citoyennet\u00e9 &#8211; Apprendre ensemble aura pour th\u00e8mes la distinction entre diff\u00e9rence et in\u00e9galit\u00e9, mais aussi la pr\u00e9vention du harc\u00e8lement et des discriminations, sans oublier la formation des enseignants et la culture commune. RDV \u00e0 14h30 au cin\u00e9ma Path\u00e9 d&rsquo;Amiens. Un moment d&rsquo;\u00e9changes autour du th\u00e8me du harc\u00e8lement et des discriminations Le complexe Path\u00e9 d&rsquo;Amiens accueille jeudi 02 avril, le Jeudi Citoyennet\u00e9 &#8211; Apprendre ensemble qui aura pour th\u00e8mes la distinction entre diff\u00e9rence et in\u00e9galit\u00e9, mais aussi la pr\u00e9vention du harc\u00e8lement et des discriminations, sans oublier la formation des enseignants et la culture commune. Un moment d&rsquo;\u00e9changes en toute bienveillance, le tout en \u00e9tant assis sur un fauteuil d&rsquo;une salle de cin\u00e9ma. Des num\u00e9ros utiles Il s&rsquo;agit d&rsquo;un \u00e9v\u00e9nement ouvert \u00e0 tous et gratuit, propos\u00e9 par la ville d&rsquo;Amiens. D&rsquo;ailleurs a noter qu&rsquo;il existe un num\u00e9ro 3018&nbsp;si vous \u00eates victime, t\u00e9moin ou auteur de harc\u00e8lement ou de&nbsp;violences num\u00e9riques, mais \u00e9galement le 3020 qui destin\u00e9 aux victimes de tous les types de harc\u00e8lement rencontr\u00e9s en milieu scolaire.<\/p>\n","protected":false},"author":6,"featured_media":12557,"comment_status":"open","ping_status":"open","sticky":false,"template":"","format":"standard","meta":{"_lmt_disableupdate":"","_lmt_disable":"","footnotes":""},"categories":[11],"tags":[],"class_list":["post-12556","post","type-post","status-publish","format-standard","has-post-thumbnail","hentry","category-amiens"],"yoast_head":"<!-- This site is optimized with the Yoast SEO plugin v27.5 - https:\/\/yoast.com\/product\/yoast-seo-wordpress\/ -->\n<title>Amiens : Echanger sur le Harc\u00e8lement et la Diff\u00e9rence - Happyness Amiens<\/title>\n<meta name=\"description\" content=\"Participez au Jeudi Citoyennet\u00e9 le 02 avril \u00e0 14h30 au cin\u00e9ma Path\u00e9 d&#039;Amiens. Un \u00e9v\u00e9nement gratuit et ouvert \u00e0 tous pour \u00e9changer sur la pr\u00e9vention du harc\u00e8lement, les discriminations et le respect des diff\u00e9rences.\" \/>\n<meta name=\"robots\" content=\"index, follow, max-snippet:-1, max-image-preview:large, max-video-preview:-1\" \/>\n<link rel=\"canonical\" href=\"https:\/\/happynessradio.fr\/amiens\/articles\/amiens-echanger-sur-le-harcelement-et-la-difference\/\" \/>\n<meta property=\"og:locale\" content=\"fr_FR\" \/>\n<meta property=\"og:type\" content=\"article\" \/>\n<meta property=\"og:title\" content=\"Amiens : Echanger sur le Harc\u00e8lement et la Diff\u00e9rence - Happyness Amiens\" \/>\n<meta property=\"og:description\" content=\"Participez au Jeudi Citoyennet\u00e9 le 02 avril \u00e0 14h30 au cin\u00e9ma Path\u00e9 d&#039;Amiens. Un \u00e9v\u00e9nement gratuit et ouvert \u00e0 tous pour \u00e9changer sur la pr\u00e9vention du harc\u00e8lement, les discriminations et le respect des diff\u00e9rences.\" \/>\n<meta property=\"og:url\" content=\"https:\/\/happynessradio.fr\/amiens\/articles\/amiens-echanger-sur-le-harcelement-et-la-difference\/\" \/>\n<meta property=\"og:site_name\" content=\"Happyness Amiens\" \/>\n<meta property=\"article:published_time\" content=\"2026-04-01T15:57:39+00:00\" \/>\n<meta property=\"article:modified_time\" content=\"2026-04-03T01:25:56+00:00\" \/>\n<meta property=\"og:image\" content=\"https:\/\/happynessradio.fr\/amiens\/wp-content\/uploads\/sites\/3\/2026\/04\/MockUp-Visuels-articles-38.webp\" \/>\n\t<meta property=\"og:image:width\" content=\"1083\" \/>\n\t<meta property=\"og:image:height\" content=\"486\" \/>\n\t<meta property=\"og:image:type\" content=\"image\/webp\" \/>\n<meta name=\"author\" content=\"Lo\u00efc Dun\" \/>\n<meta name=\"twitter:card\" content=\"summary_large_image\" \/>\n<meta name=\"twitter:label1\" content=\"\u00c9crit par\" \/>\n\t<meta name=\"twitter:data1\" content=\"Lo\u00efc Dun\" \/>\n\t<meta name=\"twitter:label2\" content=\"Dur\u00e9e de lecture estim\u00e9e\" \/>\n\t<meta name=\"twitter:data2\" content=\"2 minutes\" \/>\n<script type=\"application\/ld+json\" class=\"yoast-schema-graph\">{\"@context\":\"https:\\\/\\\/schema.org\",\"@graph\":[{\"@type\":\"Article\",\"@id\":\"https:\\\/\\\/happynessradio.fr\\\/amiens\\\/articles\\\/amiens-echanger-sur-le-harcelement-et-la-difference\\\/#article\",\"isPartOf\":{\"@id\":\"https:\\\/\\\/happynessradio.fr\\\/amiens\\\/articles\\\/amiens-echanger-sur-le-harcelement-et-la-difference\\\/\"},\"author\":{\"name\":\"Lo\u00efc Dun\",\"@id\":\"https:\\\/\\\/happynessradio.fr\\\/amiens\\\/#\\\/schema\\\/person\\\/735f1a1ba15f9478beb4249ad52f7252\"},\"headline\":\"Amiens : Echanger sur le Harc\u00e8lement et la Diff\u00e9rence\",\"datePublished\":\"2026-04-01T15:57:39+00:00\",\"dateModified\":\"2026-04-03T01:25:56+00:00\",\"mainEntityOfPage\":{\"@id\":\"https:\\\/\\\/happynessradio.fr\\\/amiens\\\/articles\\\/amiens-echanger-sur-le-harcelement-et-la-difference\\\/\"},\"wordCount\":211,\"commentCount\":0,\"image\":{\"@id\":\"https:\\\/\\\/happynessradio.fr\\\/amiens\\\/articles\\\/amiens-echanger-sur-le-harcelement-et-la-difference\\\/#primaryimage\"},\"thumbnailUrl\":\"https:\\\/\\\/happynessradio.fr\\\/amiens\\\/wp-content\\\/uploads\\\/sites\\\/3\\\/2026\\\/04\\\/MockUp-Visuels-articles-38.webp\",\"articleSection\":[\"Amiens\"],\"inLanguage\":\"fr-FR\",\"potentialAction\":[{\"@type\":\"CommentAction\",\"name\":\"Comment\",\"target\":[\"https:\\\/\\\/happynessradio.fr\\\/amiens\\\/articles\\\/amiens-echanger-sur-le-harcelement-et-la-difference\\\/#respond\"]}]},{\"@type\":\"WebPage\",\"@id\":\"https:\\\/\\\/happynessradio.fr\\\/amiens\\\/articles\\\/amiens-echanger-sur-le-harcelement-et-la-difference\\\/\",\"url\":\"https:\\\/\\\/happynessradio.fr\\\/amiens\\\/articles\\\/amiens-echanger-sur-le-harcelement-et-la-difference\\\/\",\"name\":\"Amiens : Echanger sur le Harc\u00e8lement et la Diff\u00e9rence - Happyness Amiens\",\"isPartOf\":{\"@id\":\"https:\\\/\\\/happynessradio.fr\\\/amiens\\\/#website\"},\"primaryImageOfPage\":{\"@id\":\"https:\\\/\\\/happynessradio.fr\\\/amiens\\\/articles\\\/amiens-echanger-sur-le-harcelement-et-la-difference\\\/#primaryimage\"},\"image\":{\"@id\":\"https:\\\/\\\/happynessradio.fr\\\/amiens\\\/articles\\\/amiens-echanger-sur-le-harcelement-et-la-difference\\\/#primaryimage\"},\"thumbnailUrl\":\"https:\\\/\\\/happynessradio.fr\\\/amiens\\\/wp-content\\\/uploads\\\/sites\\\/3\\\/2026\\\/04\\\/MockUp-Visuels-articles-38.webp\",\"datePublished\":\"2026-04-01T15:57:39+00:00\",\"dateModified\":\"2026-04-03T01:25:56+00:00\",\"author\":{\"@id\":\"https:\\\/\\\/happynessradio.fr\\\/amiens\\\/#\\\/schema\\\/person\\\/735f1a1ba15f9478beb4249ad52f7252\"},\"description\":\"Participez au Jeudi Citoyennet\u00e9 le 02 avril \u00e0 14h30 au cin\u00e9ma Path\u00e9 d'Amiens. Un \u00e9v\u00e9nement gratuit et ouvert \u00e0 tous pour \u00e9changer sur la pr\u00e9vention du harc\u00e8lement, les discriminations et le respect des diff\u00e9rences.\",\"breadcrumb\":{\"@id\":\"https:\\\/\\\/happynessradio.fr\\\/amiens\\\/articles\\\/amiens-echanger-sur-le-harcelement-et-la-difference\\\/#breadcrumb\"},\"inLanguage\":\"fr-FR\",\"potentialAction\":[{\"@type\":\"ReadAction\",\"target\":[\"https:\\\/\\\/happynessradio.fr\\\/amiens\\\/articles\\\/amiens-echanger-sur-le-harcelement-et-la-difference\\\/\"]}]},{\"@type\":\"ImageObject\",\"inLanguage\":\"fr-FR\",\"@id\":\"https:\\\/\\\/happynessradio.fr\\\/amiens\\\/articles\\\/amiens-echanger-sur-le-harcelement-et-la-difference\\\/#primaryimage\",\"url\":\"https:\\\/\\\/happynessradio.fr\\\/amiens\\\/wp-content\\\/uploads\\\/sites\\\/3\\\/2026\\\/04\\\/MockUp-Visuels-articles-38.webp\",\"contentUrl\":\"https:\\\/\\\/happynessradio.fr\\\/amiens\\\/wp-content\\\/uploads\\\/sites\\\/3\\\/2026\\\/04\\\/MockUp-Visuels-articles-38.webp\",\"width\":1083,\"height\":486,\"caption\":\"Gros plan sur la paume d'une main d'homme lev\u00e9e vers l'avant en signe de stop ou de protestation, devant un visage flou en arri\u00e8re-plan. Le fond est noir avec deux formes g\u00e9om\u00e9triques rouges sur les c\u00f4t\u00e9s\"},{\"@type\":\"BreadcrumbList\",\"@id\":\"https:\\\/\\\/happynessradio.fr\\\/amiens\\\/articles\\\/amiens-echanger-sur-le-harcelement-et-la-difference\\\/#breadcrumb\",\"itemListElement\":[{\"@type\":\"ListItem\",\"position\":1,\"name\":\"Accueil\",\"item\":\"https:\\\/\\\/happynessradio.fr\\\/amiens\\\/\"},{\"@type\":\"ListItem\",\"position\":2,\"name\":\"Amiens : Echanger sur le Harc\u00e8lement et la Diff\u00e9rence\"}]},{\"@type\":\"WebSite\",\"@id\":\"https:\\\/\\\/happynessradio.fr\\\/amiens\\\/#website\",\"url\":\"https:\\\/\\\/happynessradio.fr\\\/amiens\\\/\",\"name\":\"Happyness Amiens\",\"description\":\"Toujours au plus proche de vous\",\"potentialAction\":[{\"@type\":\"SearchAction\",\"target\":{\"@type\":\"EntryPoint\",\"urlTemplate\":\"https:\\\/\\\/happynessradio.fr\\\/amiens\\\/?s={search_term_string}\"},\"query-input\":{\"@type\":\"PropertyValueSpecification\",\"valueRequired\":true,\"valueName\":\"search_term_string\"}}],\"inLanguage\":\"fr-FR\"},{\"@type\":\"Person\",\"@id\":\"https:\\\/\\\/happynessradio.fr\\\/amiens\\\/#\\\/schema\\\/person\\\/735f1a1ba15f9478beb4249ad52f7252\",\"name\":\"Lo\u00efc Dun\",\"image\":{\"@type\":\"ImageObject\",\"inLanguage\":\"fr-FR\",\"@id\":\"https:\\\/\\\/happynessradio.fr\\\/amiens\\\/wp-content\\\/uploads\\\/sites\\\/3\\\/2025\\\/12\\\/cropped-Portrait-Loic-25-26-96x96.webp\",\"url\":\"https:\\\/\\\/happynessradio.fr\\\/amiens\\\/wp-content\\\/uploads\\\/sites\\\/3\\\/2025\\\/12\\\/cropped-Portrait-Loic-25-26-96x96.webp\",\"contentUrl\":\"https:\\\/\\\/happynessradio.fr\\\/amiens\\\/wp-content\\\/uploads\\\/sites\\\/3\\\/2025\\\/12\\\/cropped-Portrait-Loic-25-26-96x96.webp\",\"caption\":\"Lo\u00efc Dun\"},\"description\":\"R\u00e9dacteur web Happyness. Co-animateur (chroniqueur) Quoi d'neuf ? Amiens Chroniqueur Le R\u00e9veil Happyness\",\"sameAs\":[\"https:\\\/\\\/www.instagram.com\\\/lolo80radio\\\/\",\"https:\\\/\\\/www.linkedin.com\\\/in\\\/loc-d-365960164\\\/\"],\"url\":\"https:\\\/\\\/happynessradio.fr\\\/amiens\\\/articles\\\/author\\\/loicdun\\\/\"}]}<\/script>\n<!-- \/ Yoast SEO plugin. -->","yoast_head_json":{"title":"Amiens : Echanger sur le Harc\u00e8lement et la Diff\u00e9rence - Happyness Amiens","description":"Participez au Jeudi Citoyennet\u00e9 le 02 avril \u00e0 14h30 au cin\u00e9ma Path\u00e9 d'Amiens. Un \u00e9v\u00e9nement gratuit et ouvert \u00e0 tous pour \u00e9changer sur la pr\u00e9vention du harc\u00e8lement, les discriminations et le respect des diff\u00e9rences.","robots":{"index":"index","follow":"follow","max-snippet":"max-snippet:-1","max-image-preview":"max-image-preview:large","max-video-preview":"max-video-preview:-1"},"canonical":"https:\/\/happynessradio.fr\/amiens\/articles\/amiens-echanger-sur-le-harcelement-et-la-difference\/","og_locale":"fr_FR","og_type":"article","og_title":"Amiens : Echanger sur le Harc\u00e8lement et la Diff\u00e9rence - Happyness Amiens","og_description":"Participez au Jeudi Citoyennet\u00e9 le 02 avril \u00e0 14h30 au cin\u00e9ma Path\u00e9 d'Amiens. Un \u00e9v\u00e9nement gratuit et ouvert \u00e0 tous pour \u00e9changer sur la pr\u00e9vention du harc\u00e8lement, les discriminations et le respect des diff\u00e9rences.","og_url":"https:\/\/happynessradio.fr\/amiens\/articles\/amiens-echanger-sur-le-harcelement-et-la-difference\/","og_site_name":"Happyness Amiens","article_published_time":"2026-04-01T15:57:39+00:00","article_modified_time":"2026-04-03T01:25:56+00:00","og_image":[{"width":1083,"height":486,"url":"https:\/\/happynessradio.fr\/amiens\/wp-content\/uploads\/sites\/3\/2026\/04\/MockUp-Visuels-articles-38.webp","type":"image\/webp"}],"author":"Lo\u00efc Dun","twitter_card":"summary_large_image","twitter_misc":{"\u00c9crit par":"Lo\u00efc Dun","Dur\u00e9e de lecture estim\u00e9e":"2 minutes"},"schema":{"@context":"https:\/\/schema.org","@graph":[{"@type":"Article","@id":"https:\/\/happynessradio.fr\/amiens\/articles\/amiens-echanger-sur-le-harcelement-et-la-difference\/#article","isPartOf":{"@id":"https:\/\/happynessradio.fr\/amiens\/articles\/amiens-echanger-sur-le-harcelement-et-la-difference\/"},"author":{"name":"Lo\u00efc Dun","@id":"https:\/\/happynessradio.fr\/amiens\/#\/schema\/person\/735f1a1ba15f9478beb4249ad52f7252"},"headline":"Amiens : Echanger sur le Harc\u00e8lement et la Diff\u00e9rence","datePublished":"2026-04-01T15:57:39+00:00","dateModified":"2026-04-03T01:25:56+00:00","mainEntityOfPage":{"@id":"https:\/\/happynessradio.fr\/amiens\/articles\/amiens-echanger-sur-le-harcelement-et-la-difference\/"},"wordCount":211,"commentCount":0,"image":{"@id":"https:\/\/happynessradio.fr\/amiens\/articles\/amiens-echanger-sur-le-harcelement-et-la-difference\/#primaryimage"},"thumbnailUrl":"https:\/\/happynessradio.fr\/amiens\/wp-content\/uploads\/sites\/3\/2026\/04\/MockUp-Visuels-articles-38.webp","articleSection":["Amiens"],"inLanguage":"fr-FR","potentialAction":[{"@type":"CommentAction","name":"Comment","target":["https:\/\/happynessradio.fr\/amiens\/articles\/amiens-echanger-sur-le-harcelement-et-la-difference\/#respond"]}]},{"@type":"WebPage","@id":"https:\/\/happynessradio.fr\/amiens\/articles\/amiens-echanger-sur-le-harcelement-et-la-difference\/","url":"https:\/\/happynessradio.fr\/amiens\/articles\/amiens-echanger-sur-le-harcelement-et-la-difference\/","name":"Amiens : Echanger sur le Harc\u00e8lement et la Diff\u00e9rence - Happyness Amiens","isPartOf":{"@id":"https:\/\/happynessradio.fr\/amiens\/#website"},"primaryImageOfPage":{"@id":"https:\/\/happynessradio.fr\/amiens\/articles\/amiens-echanger-sur-le-harcelement-et-la-difference\/#primaryimage"},"image":{"@id":"https:\/\/happynessradio.fr\/amiens\/articles\/amiens-echanger-sur-le-harcelement-et-la-difference\/#primaryimage"},"thumbnailUrl":"https:\/\/happynessradio.fr\/amiens\/wp-content\/uploads\/sites\/3\/2026\/04\/MockUp-Visuels-articles-38.webp","datePublished":"2026-04-01T15:57:39+00:00","dateModified":"2026-04-03T01:25:56+00:00","author":{"@id":"https:\/\/happynessradio.fr\/amiens\/#\/schema\/person\/735f1a1ba15f9478beb4249ad52f7252"},"description":"Participez au Jeudi Citoyennet\u00e9 le 02 avril \u00e0 14h30 au cin\u00e9ma Path\u00e9 d'Amiens. Un \u00e9v\u00e9nement gratuit et ouvert \u00e0 tous pour \u00e9changer sur la pr\u00e9vention du harc\u00e8lement, les discriminations et le respect des diff\u00e9rences.","breadcrumb":{"@id":"https:\/\/happynessradio.fr\/amiens\/articles\/amiens-echanger-sur-le-harcelement-et-la-difference\/#breadcrumb"},"inLanguage":"fr-FR","potentialAction":[{"@type":"ReadAction","target":["https:\/\/happynessradio.fr\/amiens\/articles\/amiens-echanger-sur-le-harcelement-et-la-difference\/"]}]},{"@type":"ImageObject","inLanguage":"fr-FR","@id":"https:\/\/happynessradio.fr\/amiens\/articles\/amiens-echanger-sur-le-harcelement-et-la-difference\/#primaryimage","url":"https:\/\/happynessradio.fr\/amiens\/wp-content\/uploads\/sites\/3\/2026\/04\/MockUp-Visuels-articles-38.webp","contentUrl":"https:\/\/happynessradio.fr\/amiens\/wp-content\/uploads\/sites\/3\/2026\/04\/MockUp-Visuels-articles-38.webp","width":1083,"height":486,"caption":"Gros plan sur la paume d'une main d'homme lev\u00e9e vers l'avant en signe de stop ou de protestation, devant un visage flou en arri\u00e8re-plan. Le fond est noir avec deux formes g\u00e9om\u00e9triques rouges sur les c\u00f4t\u00e9s"},{"@type":"BreadcrumbList","@id":"https:\/\/happynessradio.fr\/amiens\/articles\/amiens-echanger-sur-le-harcelement-et-la-difference\/#breadcrumb","itemListElement":[{"@type":"ListItem","position":1,"name":"Accueil","item":"https:\/\/happynessradio.fr\/amiens\/"},{"@type":"ListItem","position":2,"name":"Amiens : Echanger sur le Harc\u00e8lement et la Diff\u00e9rence"}]},{"@type":"WebSite","@id":"https:\/\/happynessradio.fr\/amiens\/#website","url":"https:\/\/happynessradio.fr\/amiens\/","name":"Happyness Amiens","description":"Toujours au plus proche de vous","potentialAction":[{"@type":"SearchAction","target":{"@type":"EntryPoint","urlTemplate":"https:\/\/happynessradio.fr\/amiens\/?s={search_term_string}"},"query-input":{"@type":"PropertyValueSpecification","valueRequired":true,"valueName":"search_term_string"}}],"inLanguage":"fr-FR"},{"@type":"Person","@id":"https:\/\/happynessradio.fr\/amiens\/#\/schema\/person\/735f1a1ba15f9478beb4249ad52f7252","name":"Lo\u00efc Dun","image":{"@type":"ImageObject","inLanguage":"fr-FR","@id":"https:\/\/happynessradio.fr\/amiens\/wp-content\/uploads\/sites\/3\/2025\/12\/cropped-Portrait-Loic-25-26-96x96.webp","url":"https:\/\/happynessradio.fr\/amiens\/wp-content\/uploads\/sites\/3\/2025\/12\/cropped-Portrait-Loic-25-26-96x96.webp","contentUrl":"https:\/\/happynessradio.fr\/amiens\/wp-content\/uploads\/sites\/3\/2025\/12\/cropped-Portrait-Loic-25-26-96x96.webp","caption":"Lo\u00efc Dun"},"description":"R\u00e9dacteur web Happyness. Co-animateur (chroniqueur) Quoi d'neuf ? Amiens Chroniqueur Le R\u00e9veil Happyness","sameAs":["https:\/\/www.instagram.com\/lolo80radio\/","https:\/\/www.linkedin.com\/in\/loc-d-365960164\/"],"url":"https:\/\/happynessradio.fr\/amiens\/articles\/author\/loicdun\/"}]}},"modified_by":"Lo\u00efc Dun","_links":{"self":[{"href":"https:\/\/happynessradio.fr\/amiens\/wp-json\/wp\/v2\/posts\/12556","targetHints":{"allow":["GET"]}}],"collection":[{"href":"https:\/\/happynessradio.fr\/amiens\/wp-json\/wp\/v2\/posts"}],"about":[{"href":"https:\/\/happynessradio.fr\/amiens\/wp-json\/wp\/v2\/types\/post"}],"author":[{"embeddable":true,"href":"https:\/\/happynessradio.fr\/amiens\/wp-json\/wp\/v2\/users\/6"}],"replies":[{"embeddable":true,"href":"https:\/\/happynessradio.fr\/amiens\/wp-json\/wp\/v2\/comments?post=12556"}],"version-history":[{"count":2,"href":"https:\/\/happynessradio.fr\/amiens\/wp-json\/wp\/v2\/posts\/12556\/revisions"}],"predecessor-version":[{"id":12574,"href":"https:\/\/happynessradio.fr\/amiens\/wp-json\/wp\/v2\/posts\/12556\/revisions\/12574"}],"wp:featuredmedia":[{"embeddable":true,"href":"https:\/\/happynessradio.fr\/amiens\/wp-json\/wp\/v2\/media\/12557"}],"wp:attachment":[{"href":"https:\/\/happynessradio.fr\/amiens\/wp-json\/wp\/v2\/media?parent=12556"}],"wp:term":[{"taxonomy":"category","embeddable":true,"href":"https:\/\/happynessradio.fr\/amiens\/wp-json\/wp\/v2\/categories?post=12556"},{"taxonomy":"post_tag","embeddable":true,"href":"https:\/\/happynessradio.fr\/amiens\/wp-json\/wp\/v2\/tags?post=12556"}],"curies":[{"name":"wp","href":"https:\/\/api.w.org\/{rel}","templated":true}]}}