{"id":12559,"date":"2026-04-01T19:18:53","date_gmt":"2026-04-01T17:18:53","guid":{"rendered":"https:\/\/happynessradio.fr\/amiens\/?p=12559"},"modified":"2026-04-01T19:18:55","modified_gmt":"2026-04-01T17:18:55","slug":"amiens-top-chef-au-cirque-jules-verne","status":"publish","type":"post","link":"https:\/\/happynessradio.fr\/amiens\/articles\/amiens-top-chef-au-cirque-jules-verne\/","title":{"rendered":"Amiens : Top chef au Cirque Jules Verne"},"content":{"rendered":"\n<p><em>Ce mercredi 1er avril, l&rsquo;\u00e9mission<a href=\"https:\/\/www.m6.fr\/top-chef-p_872\" id=\"https:\/\/www.m6.fr\/top-chef-p_872\"> Top chef<\/a>  aura pour d\u00e9cor le <a href=\"https:\/\/www.cirquejulesverne.fr\/\" id=\"https:\/\/www.cirquejulesverne.fr\/\">Cirque Jules Verne<\/a> d&rsquo;Amiens avec en comp\u00e9tition seize participants avec la pr\u00e9sence d&rsquo;un jury d&rsquo;exception compos\u00e9 de quatre <strong>Meilleurs Ouvriers de France (MOF)<\/strong>. RDV \u00e0 21h10 sur la cha\u00eene M6. <\/em><\/p>\n\n\n\n<h2 class=\"wp-block-heading\">Seize participants et un jury d&rsquo;exception<\/h2>\n\n\n\n<p>L&rsquo;\u00e9mission<a href=\"https:\/\/www.m6.fr\/top-chef-p_872\" id=\"https:\/\/www.m6.fr\/top-chef-p_872\"> Top chef<\/a> de ce mercredi 1er avril sur M6 \u00e0 21h10 aura pour d\u00e9cor le <a href=\"https:\/\/www.cirquejulesverne.fr\/\" id=\"https:\/\/www.cirquejulesverne.fr\/\">Cirque Jules Verne<\/a> d&rsquo;Amiens avec en comp\u00e9tition seize participants avec des valeurs attendues, en l&rsquo;occurrence, la ma\u00eetrise, la rigueur et la pr\u00e9cision. Avec la pr\u00e9sence d&rsquo;un jury d&rsquo;exception compos\u00e9 de quatre <strong>Meilleurs Ouvriers de France (MOF)<\/strong> qui sont Christophe Raoux, Philippe Etchebest, Michel Roth et Guy Krenzer. <\/p>\n\n\n\n<h2 class=\"wp-block-heading\">Un lieu embl\u00e9matique<\/h2>\n\n\n\n<p>Cette \u00e9mission a \u00e9t\u00e9 tourn\u00e9e en octobre 2025 dans ce lieu embl\u00e9matique de la capitale picarde, inaugur\u00e9 en <strong>1889<\/strong>. Il s&rsquo;agit de l&rsquo;un des derniers cirques en pierre de France. D&rsquo;ailleurs c&rsquo;est un certain Jules Verne qui a lui-m\u00eame prononc\u00e9 le discours d&rsquo;inauguration du b\u00e2timent. <\/p>\n\n\n\n<p><\/p>\n","protected":false},"excerpt":{"rendered":"<p>Ce mercredi 1er avril, l&rsquo;\u00e9mission Top chef aura pour d\u00e9cor le Cirque Jules Verne d&rsquo;Amiens avec en comp\u00e9tition seize participants avec la pr\u00e9sence d&rsquo;un jury d&rsquo;exception compos\u00e9 de quatre Meilleurs Ouvriers de France (MOF). RDV \u00e0 21h10 sur la cha\u00eene M6. Seize participants et un jury d&rsquo;exception L&rsquo;\u00e9mission Top chef de ce mercredi 1er avril sur M6 \u00e0 21h10 aura pour d\u00e9cor le Cirque Jules Verne d&rsquo;Amiens avec en comp\u00e9tition seize participants avec des valeurs attendues, en l&rsquo;occurrence, la ma\u00eetrise, la rigueur et la pr\u00e9cision. Avec la pr\u00e9sence d&rsquo;un jury d&rsquo;exception compos\u00e9 de quatre Meilleurs Ouvriers de France (MOF) qui sont Christophe Raoux, Philippe Etchebest, Michel Roth et Guy Krenzer. Un lieu embl\u00e9matique Cette \u00e9mission a \u00e9t\u00e9 tourn\u00e9e en octobre 2025 dans ce lieu embl\u00e9matique de la capitale picarde, inaugur\u00e9 en 1889. Il s&rsquo;agit de l&rsquo;un des derniers cirques en pierre de France. D&rsquo;ailleurs c&rsquo;est un certain Jules Verne qui a lui-m\u00eame prononc\u00e9 le discours d&rsquo;inauguration du b\u00e2timent.<\/p>\n","protected":false},"author":6,"featured_media":12560,"comment_status":"open","ping_status":"open","sticky":false,"template":"","format":"standard","meta":{"_lmt_disableupdate":"","_lmt_disable":"","footnotes":""},"categories":[11],"tags":[],"class_list":["post-12559","post","type-post","status-publish","format-standard","has-post-thumbnail","hentry","category-amiens"],"yoast_head":"<!-- This site is optimized with the Yoast SEO plugin v27.5 - https:\/\/yoast.com\/product\/yoast-seo-wordpress\/ -->\n<title>Amiens : Top chef au Cirque Jules Verne - Happyness Amiens<\/title>\n<meta name=\"description\" content=\"D\u00e9couvrez l&#039;\u00e9mission Top Chef du 1er avril sur M6 au Cirque Jules Verne d&#039;Amiens avec 16 participants et un jury d&#039;exception de 4 Meilleurs Ouvriers de France.\" \/>\n<meta name=\"robots\" content=\"index, follow, max-snippet:-1, max-image-preview:large, max-video-preview:-1\" \/>\n<link rel=\"canonical\" href=\"https:\/\/happynessradio.fr\/amiens\/articles\/amiens-top-chef-au-cirque-jules-verne\/\" \/>\n<meta property=\"og:locale\" content=\"fr_FR\" \/>\n<meta property=\"og:type\" content=\"article\" \/>\n<meta property=\"og:title\" content=\"Amiens : Top chef au Cirque Jules Verne - Happyness Amiens\" \/>\n<meta property=\"og:description\" content=\"D\u00e9couvrez l&#039;\u00e9mission Top Chef du 1er avril sur M6 au Cirque Jules Verne d&#039;Amiens avec 16 participants et un jury d&#039;exception de 4 Meilleurs Ouvriers de France.\" \/>\n<meta property=\"og:url\" content=\"https:\/\/happynessradio.fr\/amiens\/articles\/amiens-top-chef-au-cirque-jules-verne\/\" \/>\n<meta property=\"og:site_name\" content=\"Happyness Amiens\" \/>\n<meta property=\"article:published_time\" content=\"2026-04-01T17:18:53+00:00\" \/>\n<meta property=\"article:modified_time\" content=\"2026-04-01T17:18:55+00:00\" \/>\n<meta property=\"og:image\" content=\"https:\/\/happynessradio.fr\/amiens\/wp-content\/uploads\/sites\/3\/2026\/04\/MockUp-Visuels-articles-40.webp\" \/>\n\t<meta property=\"og:image:width\" content=\"1083\" \/>\n\t<meta property=\"og:image:height\" content=\"486\" \/>\n\t<meta property=\"og:image:type\" content=\"image\/webp\" \/>\n<meta name=\"author\" content=\"Lo\u00efc Dun\" \/>\n<meta name=\"twitter:card\" content=\"summary_large_image\" \/>\n<meta name=\"twitter:label1\" content=\"\u00c9crit par\" \/>\n\t<meta name=\"twitter:data1\" content=\"Lo\u00efc Dun\" \/>\n\t<meta name=\"twitter:label2\" content=\"Dur\u00e9e de lecture estim\u00e9e\" \/>\n\t<meta name=\"twitter:data2\" content=\"2 minutes\" \/>\n<script type=\"application\/ld+json\" class=\"yoast-schema-graph\">{\"@context\":\"https:\\\/\\\/schema.org\",\"@graph\":[{\"@type\":\"Article\",\"@id\":\"https:\\\/\\\/happynessradio.fr\\\/amiens\\\/articles\\\/amiens-top-chef-au-cirque-jules-verne\\\/#article\",\"isPartOf\":{\"@id\":\"https:\\\/\\\/happynessradio.fr\\\/amiens\\\/articles\\\/amiens-top-chef-au-cirque-jules-verne\\\/\"},\"author\":{\"name\":\"Lo\u00efc Dun\",\"@id\":\"https:\\\/\\\/happynessradio.fr\\\/amiens\\\/#\\\/schema\\\/person\\\/735f1a1ba15f9478beb4249ad52f7252\"},\"headline\":\"Amiens : Top chef au Cirque Jules Verne\",\"datePublished\":\"2026-04-01T17:18:53+00:00\",\"dateModified\":\"2026-04-01T17:18:55+00:00\",\"mainEntityOfPage\":{\"@id\":\"https:\\\/\\\/happynessradio.fr\\\/amiens\\\/articles\\\/amiens-top-chef-au-cirque-jules-verne\\\/\"},\"wordCount\":190,\"commentCount\":0,\"image\":{\"@id\":\"https:\\\/\\\/happynessradio.fr\\\/amiens\\\/articles\\\/amiens-top-chef-au-cirque-jules-verne\\\/#primaryimage\"},\"thumbnailUrl\":\"https:\\\/\\\/happynessradio.fr\\\/amiens\\\/wp-content\\\/uploads\\\/sites\\\/3\\\/2026\\\/04\\\/MockUp-Visuels-articles-40.webp\",\"articleSection\":[\"Amiens\"],\"inLanguage\":\"fr-FR\",\"potentialAction\":[{\"@type\":\"CommentAction\",\"name\":\"Comment\",\"target\":[\"https:\\\/\\\/happynessradio.fr\\\/amiens\\\/articles\\\/amiens-top-chef-au-cirque-jules-verne\\\/#respond\"]}]},{\"@type\":\"WebPage\",\"@id\":\"https:\\\/\\\/happynessradio.fr\\\/amiens\\\/articles\\\/amiens-top-chef-au-cirque-jules-verne\\\/\",\"url\":\"https:\\\/\\\/happynessradio.fr\\\/amiens\\\/articles\\\/amiens-top-chef-au-cirque-jules-verne\\\/\",\"name\":\"Amiens : Top chef au Cirque Jules Verne - Happyness Amiens\",\"isPartOf\":{\"@id\":\"https:\\\/\\\/happynessradio.fr\\\/amiens\\\/#website\"},\"primaryImageOfPage\":{\"@id\":\"https:\\\/\\\/happynessradio.fr\\\/amiens\\\/articles\\\/amiens-top-chef-au-cirque-jules-verne\\\/#primaryimage\"},\"image\":{\"@id\":\"https:\\\/\\\/happynessradio.fr\\\/amiens\\\/articles\\\/amiens-top-chef-au-cirque-jules-verne\\\/#primaryimage\"},\"thumbnailUrl\":\"https:\\\/\\\/happynessradio.fr\\\/amiens\\\/wp-content\\\/uploads\\\/sites\\\/3\\\/2026\\\/04\\\/MockUp-Visuels-articles-40.webp\",\"datePublished\":\"2026-04-01T17:18:53+00:00\",\"dateModified\":\"2026-04-01T17:18:55+00:00\",\"author\":{\"@id\":\"https:\\\/\\\/happynessradio.fr\\\/amiens\\\/#\\\/schema\\\/person\\\/735f1a1ba15f9478beb4249ad52f7252\"},\"description\":\"D\u00e9couvrez l'\u00e9mission Top Chef du 1er avril sur M6 au Cirque Jules Verne d'Amiens avec 16 participants et un jury d'exception de 4 Meilleurs Ouvriers de France.\",\"breadcrumb\":{\"@id\":\"https:\\\/\\\/happynessradio.fr\\\/amiens\\\/articles\\\/amiens-top-chef-au-cirque-jules-verne\\\/#breadcrumb\"},\"inLanguage\":\"fr-FR\",\"potentialAction\":[{\"@type\":\"ReadAction\",\"target\":[\"https:\\\/\\\/happynessradio.fr\\\/amiens\\\/articles\\\/amiens-top-chef-au-cirque-jules-verne\\\/\"]}]},{\"@type\":\"ImageObject\",\"inLanguage\":\"fr-FR\",\"@id\":\"https:\\\/\\\/happynessradio.fr\\\/amiens\\\/articles\\\/amiens-top-chef-au-cirque-jules-verne\\\/#primaryimage\",\"url\":\"https:\\\/\\\/happynessradio.fr\\\/amiens\\\/wp-content\\\/uploads\\\/sites\\\/3\\\/2026\\\/04\\\/MockUp-Visuels-articles-40.webp\",\"contentUrl\":\"https:\\\/\\\/happynessradio.fr\\\/amiens\\\/wp-content\\\/uploads\\\/sites\\\/3\\\/2026\\\/04\\\/MockUp-Visuels-articles-40.webp\",\"width\":1083,\"height\":486,\"caption\":\"Vue ext\u00e9rieure du Cirque Jules Verne \u00e0 Amiens sous un ciel nuageux, montrant son architecture circulaire en pierre et son entr\u00e9e monumentale avec l'affiche du P\u00f4le National Cirque.\"},{\"@type\":\"BreadcrumbList\",\"@id\":\"https:\\\/\\\/happynessradio.fr\\\/amiens\\\/articles\\\/amiens-top-chef-au-cirque-jules-verne\\\/#breadcrumb\",\"itemListElement\":[{\"@type\":\"ListItem\",\"position\":1,\"name\":\"Accueil\",\"item\":\"https:\\\/\\\/happynessradio.fr\\\/amiens\\\/\"},{\"@type\":\"ListItem\",\"position\":2,\"name\":\"Amiens : Top chef au Cirque Jules Verne\"}]},{\"@type\":\"WebSite\",\"@id\":\"https:\\\/\\\/happynessradio.fr\\\/amiens\\\/#website\",\"url\":\"https:\\\/\\\/happynessradio.fr\\\/amiens\\\/\",\"name\":\"Happyness Amiens\",\"description\":\"Toujours au plus proche de vous\",\"potentialAction\":[{\"@type\":\"SearchAction\",\"target\":{\"@type\":\"EntryPoint\",\"urlTemplate\":\"https:\\\/\\\/happynessradio.fr\\\/amiens\\\/?s={search_term_string}\"},\"query-input\":{\"@type\":\"PropertyValueSpecification\",\"valueRequired\":true,\"valueName\":\"search_term_string\"}}],\"inLanguage\":\"fr-FR\"},{\"@type\":\"Person\",\"@id\":\"https:\\\/\\\/happynessradio.fr\\\/amiens\\\/#\\\/schema\\\/person\\\/735f1a1ba15f9478beb4249ad52f7252\",\"name\":\"Lo\u00efc Dun\",\"image\":{\"@type\":\"ImageObject\",\"inLanguage\":\"fr-FR\",\"@id\":\"https:\\\/\\\/happynessradio.fr\\\/amiens\\\/wp-content\\\/uploads\\\/sites\\\/3\\\/2025\\\/12\\\/cropped-Portrait-Loic-25-26-96x96.webp\",\"url\":\"https:\\\/\\\/happynessradio.fr\\\/amiens\\\/wp-content\\\/uploads\\\/sites\\\/3\\\/2025\\\/12\\\/cropped-Portrait-Loic-25-26-96x96.webp\",\"contentUrl\":\"https:\\\/\\\/happynessradio.fr\\\/amiens\\\/wp-content\\\/uploads\\\/sites\\\/3\\\/2025\\\/12\\\/cropped-Portrait-Loic-25-26-96x96.webp\",\"caption\":\"Lo\u00efc Dun\"},\"description\":\"R\u00e9dacteur web Happyness. Co-animateur (chroniqueur) Quoi d'neuf ? Amiens Chroniqueur Le R\u00e9veil Happyness\",\"sameAs\":[\"https:\\\/\\\/www.instagram.com\\\/lolo80radio\\\/\",\"https:\\\/\\\/www.linkedin.com\\\/in\\\/loc-d-365960164\\\/\"],\"url\":\"https:\\\/\\\/happynessradio.fr\\\/amiens\\\/articles\\\/author\\\/loicdun\\\/\"}]}<\/script>\n<!-- \/ Yoast SEO plugin. -->","yoast_head_json":{"title":"Amiens : Top chef au Cirque Jules Verne - Happyness Amiens","description":"D\u00e9couvrez l'\u00e9mission Top Chef du 1er avril sur M6 au Cirque Jules Verne d'Amiens avec 16 participants et un jury d'exception de 4 Meilleurs Ouvriers de France.","robots":{"index":"index","follow":"follow","max-snippet":"max-snippet:-1","max-image-preview":"max-image-preview:large","max-video-preview":"max-video-preview:-1"},"canonical":"https:\/\/happynessradio.fr\/amiens\/articles\/amiens-top-chef-au-cirque-jules-verne\/","og_locale":"fr_FR","og_type":"article","og_title":"Amiens : Top chef au Cirque Jules Verne - Happyness Amiens","og_description":"D\u00e9couvrez l'\u00e9mission Top Chef du 1er avril sur M6 au Cirque Jules Verne d'Amiens avec 16 participants et un jury d'exception de 4 Meilleurs Ouvriers de France.","og_url":"https:\/\/happynessradio.fr\/amiens\/articles\/amiens-top-chef-au-cirque-jules-verne\/","og_site_name":"Happyness Amiens","article_published_time":"2026-04-01T17:18:53+00:00","article_modified_time":"2026-04-01T17:18:55+00:00","og_image":[{"width":1083,"height":486,"url":"https:\/\/happynessradio.fr\/amiens\/wp-content\/uploads\/sites\/3\/2026\/04\/MockUp-Visuels-articles-40.webp","type":"image\/webp"}],"author":"Lo\u00efc Dun","twitter_card":"summary_large_image","twitter_misc":{"\u00c9crit par":"Lo\u00efc Dun","Dur\u00e9e de lecture estim\u00e9e":"2 minutes"},"schema":{"@context":"https:\/\/schema.org","@graph":[{"@type":"Article","@id":"https:\/\/happynessradio.fr\/amiens\/articles\/amiens-top-chef-au-cirque-jules-verne\/#article","isPartOf":{"@id":"https:\/\/happynessradio.fr\/amiens\/articles\/amiens-top-chef-au-cirque-jules-verne\/"},"author":{"name":"Lo\u00efc Dun","@id":"https:\/\/happynessradio.fr\/amiens\/#\/schema\/person\/735f1a1ba15f9478beb4249ad52f7252"},"headline":"Amiens : Top chef au Cirque Jules Verne","datePublished":"2026-04-01T17:18:53+00:00","dateModified":"2026-04-01T17:18:55+00:00","mainEntityOfPage":{"@id":"https:\/\/happynessradio.fr\/amiens\/articles\/amiens-top-chef-au-cirque-jules-verne\/"},"wordCount":190,"commentCount":0,"image":{"@id":"https:\/\/happynessradio.fr\/amiens\/articles\/amiens-top-chef-au-cirque-jules-verne\/#primaryimage"},"thumbnailUrl":"https:\/\/happynessradio.fr\/amiens\/wp-content\/uploads\/sites\/3\/2026\/04\/MockUp-Visuels-articles-40.webp","articleSection":["Amiens"],"inLanguage":"fr-FR","potentialAction":[{"@type":"CommentAction","name":"Comment","target":["https:\/\/happynessradio.fr\/amiens\/articles\/amiens-top-chef-au-cirque-jules-verne\/#respond"]}]},{"@type":"WebPage","@id":"https:\/\/happynessradio.fr\/amiens\/articles\/amiens-top-chef-au-cirque-jules-verne\/","url":"https:\/\/happynessradio.fr\/amiens\/articles\/amiens-top-chef-au-cirque-jules-verne\/","name":"Amiens : Top chef au Cirque Jules Verne - Happyness Amiens","isPartOf":{"@id":"https:\/\/happynessradio.fr\/amiens\/#website"},"primaryImageOfPage":{"@id":"https:\/\/happynessradio.fr\/amiens\/articles\/amiens-top-chef-au-cirque-jules-verne\/#primaryimage"},"image":{"@id":"https:\/\/happynessradio.fr\/amiens\/articles\/amiens-top-chef-au-cirque-jules-verne\/#primaryimage"},"thumbnailUrl":"https:\/\/happynessradio.fr\/amiens\/wp-content\/uploads\/sites\/3\/2026\/04\/MockUp-Visuels-articles-40.webp","datePublished":"2026-04-01T17:18:53+00:00","dateModified":"2026-04-01T17:18:55+00:00","author":{"@id":"https:\/\/happynessradio.fr\/amiens\/#\/schema\/person\/735f1a1ba15f9478beb4249ad52f7252"},"description":"D\u00e9couvrez l'\u00e9mission Top Chef du 1er avril sur M6 au Cirque Jules Verne d'Amiens avec 16 participants et un jury d'exception de 4 Meilleurs Ouvriers de France.","breadcrumb":{"@id":"https:\/\/happynessradio.fr\/amiens\/articles\/amiens-top-chef-au-cirque-jules-verne\/#breadcrumb"},"inLanguage":"fr-FR","potentialAction":[{"@type":"ReadAction","target":["https:\/\/happynessradio.fr\/amiens\/articles\/amiens-top-chef-au-cirque-jules-verne\/"]}]},{"@type":"ImageObject","inLanguage":"fr-FR","@id":"https:\/\/happynessradio.fr\/amiens\/articles\/amiens-top-chef-au-cirque-jules-verne\/#primaryimage","url":"https:\/\/happynessradio.fr\/amiens\/wp-content\/uploads\/sites\/3\/2026\/04\/MockUp-Visuels-articles-40.webp","contentUrl":"https:\/\/happynessradio.fr\/amiens\/wp-content\/uploads\/sites\/3\/2026\/04\/MockUp-Visuels-articles-40.webp","width":1083,"height":486,"caption":"Vue ext\u00e9rieure du Cirque Jules Verne \u00e0 Amiens sous un ciel nuageux, montrant son architecture circulaire en pierre et son entr\u00e9e monumentale avec l'affiche du P\u00f4le National Cirque."},{"@type":"BreadcrumbList","@id":"https:\/\/happynessradio.fr\/amiens\/articles\/amiens-top-chef-au-cirque-jules-verne\/#breadcrumb","itemListElement":[{"@type":"ListItem","position":1,"name":"Accueil","item":"https:\/\/happynessradio.fr\/amiens\/"},{"@type":"ListItem","position":2,"name":"Amiens : Top chef au Cirque Jules Verne"}]},{"@type":"WebSite","@id":"https:\/\/happynessradio.fr\/amiens\/#website","url":"https:\/\/happynessradio.fr\/amiens\/","name":"Happyness Amiens","description":"Toujours au plus proche de vous","potentialAction":[{"@type":"SearchAction","target":{"@type":"EntryPoint","urlTemplate":"https:\/\/happynessradio.fr\/amiens\/?s={search_term_string}"},"query-input":{"@type":"PropertyValueSpecification","valueRequired":true,"valueName":"search_term_string"}}],"inLanguage":"fr-FR"},{"@type":"Person","@id":"https:\/\/happynessradio.fr\/amiens\/#\/schema\/person\/735f1a1ba15f9478beb4249ad52f7252","name":"Lo\u00efc Dun","image":{"@type":"ImageObject","inLanguage":"fr-FR","@id":"https:\/\/happynessradio.fr\/amiens\/wp-content\/uploads\/sites\/3\/2025\/12\/cropped-Portrait-Loic-25-26-96x96.webp","url":"https:\/\/happynessradio.fr\/amiens\/wp-content\/uploads\/sites\/3\/2025\/12\/cropped-Portrait-Loic-25-26-96x96.webp","contentUrl":"https:\/\/happynessradio.fr\/amiens\/wp-content\/uploads\/sites\/3\/2025\/12\/cropped-Portrait-Loic-25-26-96x96.webp","caption":"Lo\u00efc Dun"},"description":"R\u00e9dacteur web Happyness. Co-animateur (chroniqueur) Quoi d'neuf ? Amiens Chroniqueur Le R\u00e9veil Happyness","sameAs":["https:\/\/www.instagram.com\/lolo80radio\/","https:\/\/www.linkedin.com\/in\/loc-d-365960164\/"],"url":"https:\/\/happynessradio.fr\/amiens\/articles\/author\/loicdun\/"}]}},"modified_by":"Lo\u00efc Dun","_links":{"self":[{"href":"https:\/\/happynessradio.fr\/amiens\/wp-json\/wp\/v2\/posts\/12559","targetHints":{"allow":["GET"]}}],"collection":[{"href":"https:\/\/happynessradio.fr\/amiens\/wp-json\/wp\/v2\/posts"}],"about":[{"href":"https:\/\/happynessradio.fr\/amiens\/wp-json\/wp\/v2\/types\/post"}],"author":[{"embeddable":true,"href":"https:\/\/happynessradio.fr\/amiens\/wp-json\/wp\/v2\/users\/6"}],"replies":[{"embeddable":true,"href":"https:\/\/happynessradio.fr\/amiens\/wp-json\/wp\/v2\/comments?post=12559"}],"version-history":[{"count":1,"href":"https:\/\/happynessradio.fr\/amiens\/wp-json\/wp\/v2\/posts\/12559\/revisions"}],"predecessor-version":[{"id":12561,"href":"https:\/\/happynessradio.fr\/amiens\/wp-json\/wp\/v2\/posts\/12559\/revisions\/12561"}],"wp:featuredmedia":[{"embeddable":true,"href":"https:\/\/happynessradio.fr\/amiens\/wp-json\/wp\/v2\/media\/12560"}],"wp:attachment":[{"href":"https:\/\/happynessradio.fr\/amiens\/wp-json\/wp\/v2\/media?parent=12559"}],"wp:term":[{"taxonomy":"category","embeddable":true,"href":"https:\/\/happynessradio.fr\/amiens\/wp-json\/wp\/v2\/categories?post=12559"},{"taxonomy":"post_tag","embeddable":true,"href":"https:\/\/happynessradio.fr\/amiens\/wp-json\/wp\/v2\/tags?post=12559"}],"curies":[{"name":"wp","href":"https:\/\/api.w.org\/{rel}","templated":true}]}}