{"id":12562,"date":"2026-04-02T13:40:03","date_gmt":"2026-04-02T11:40:03","guid":{"rendered":"https:\/\/happynessradio.fr\/amiens\/?p=12562"},"modified":"2026-04-02T19:41:30","modified_gmt":"2026-04-02T17:41:30","slug":"amiens-lassociation-les-restos-du-coeur-organise-un-concert","status":"publish","type":"post","link":"https:\/\/happynessradio.fr\/amiens\/articles\/amiens-lassociation-les-restos-du-coeur-organise-un-concert\/","title":{"rendered":"Amiens : l&rsquo;association Les Restos du c\u0153ur organise un concert"},"content":{"rendered":"\n<p><em> L&rsquo;\u00e9quipe de Quoi d&rsquo;neuf ? Amiens recevait, mercredi 1er avril, Jo\u00ebl et Xavier des Restos du c\u0153ur de la Somme \u00e0 l&rsquo;occasion de l&rsquo;organisation d&rsquo;un concert caritatif qui aura lieu le jeudi 09 avril \u00e0 20h30 au sein du Cirque Jules Verne \u00e0 Amiens. L&rsquo;\u00e9mission est disponible en podcast sur notre site et notre application et sur l&rsquo;ensemble des plateformes de podcasts.<\/em><\/p>\n\n\n\n<p>(Article mis \u00e0 jour le 02\/O4\/26)<\/p>\n\n\n\n<h2 class=\"wp-block-heading\">Un concert au Cirque Jules Verne<\/h2>\n\n\n\n<p>Am\u00e9lie et son \u00e9quipe de <a href=\"https:\/\/happynessradio.fr\/amiens\/podcasts\/quoi-d-neuf-amiens\/\" id=\"https:\/\/happynessradio.fr\/amiens\/podcasts\/quoi-d-neuf-amiens\/\">Quoi d&rsquo;neuf ? Amiens<\/a> ont re\u00e7u, mercredi 1er avril, Jo\u00ebl des <a href=\"https:\/\/www.restosducoeur.org\/\" id=\"https:\/\/www.restosducoeur.org\/\">Restos du c\u0153ur <\/a>de la Somme accompagn\u00e9 de Xavier, chef de c\u0153ur \u00e0 Voices Harmony \u00e0 l&rsquo;occasion de l&rsquo;organisation d&rsquo;un concert caritatif qui aura lieu le jeudi 09 avril \u00e0 20h30 au sein du Cirque Jules Verne \u00e0 Amiens. L&rsquo;\u00e9mission est disponible en podcast sur notre site et notre application et sur l&rsquo;ensemble des plateformes de podcasts.<\/p>\n\n\n\n<h2 class=\"wp-block-heading\">De la vari\u00e9t\u00e9 fran\u00e7aise et du rock<\/h2>\n\n\n\n<p>Seront pr\u00e9sents sur sc\u00e8ne les choristes de Voices Harmony, les solistes Foudre et Sophie Bloquet, ainsi la jeune chanteuse Charlie (ayant particip\u00e9 \u00e0 The Voice Kids). La programmation musicale de la soir\u00e9e s&rsquo;articule autour de la vari\u00e9t\u00e9 fran\u00e7aise et du rock (Goldman, T\u00e9l\u00e9phone, Indochine). Les tarifs sont de 18 euros (12 euros pour les moins de 12 ans) sur <a href=\"https:\/\/www.helloasso.com\/associations\/les-restaurants-du-coeur-relais-somme\/evenements\/les-voies-du-coeur\" id=\"https:\/\/www.helloasso.com\/associations\/les-restaurants-du-coeur-relais-somme\/evenements\/les-voies-du-coeur\">HelloAsso<\/a>. Les b\u00e9n\u00e9fices vont aux Restos du C\u0153ur.<\/p>\n\n\n\n<h2 class=\"wp-block-heading\">Trente et un centre dans le d\u00e9partement <\/h2>\n\n\n\n<p>Les Restos du c\u0153ur dans la Somme, ce sont trente et un centre de distribution dans le d\u00e9partement, dont un centre sp\u00e9cifique \u00ab\u00a0Restos B\u00e9b\u00e9s\u00a0\u00bb qui existe \u00e0 Amiens pour l&rsquo;accueil de la petite enfance. \u00c0 noter que la c\u00e9l\u00e8bre association fond\u00e9e par l&rsquo;humoriste Coluche, ne se limite pas uniquement \u00e0 l&rsquo;aide alimentaire, il existe aussi un accompagnement pour l&rsquo;acc\u00e8s \u00e0 la justice, \u00e0 la sant\u00e9 (soins dentaires, lunettes) et micro-cr\u00e9dits pour la mobilit\u00e9 (v\u00e9lo, voiture).<\/p>\n\n\n\n<blockquote class=\"wp-block-quote is-layout-flow wp-block-quote-is-layout-flow\">\n<p>Photo : Am\u00e9lie Rondot\/Happyness radio <\/p>\n<\/blockquote>\n\n\n\n<figure class=\"wp-block-embed is-type-video is-provider-youtube wp-block-embed-youtube wp-embed-aspect-16-9 wp-has-aspect-ratio\"><div class=\"wp-block-embed__wrapper\">\n<iframe title=\"Les Enfoir\u00e9s - Tout se casse (Visualizer)\" width=\"800\" height=\"450\" src=\"https:\/\/www.youtube.com\/embed\/o5rnF70sZVY?feature=oembed\" frameborder=\"0\" allow=\"accelerometer; autoplay; clipboard-write; encrypted-media; gyroscope; picture-in-picture; web-share\" referrerpolicy=\"strict-origin-when-cross-origin\" allowfullscreen><\/iframe>\n<\/div><\/figure>\n\n\n\n<figure class=\"wp-block-embed is-type-video is-provider-youtube wp-block-embed-youtube wp-embed-aspect-16-9 wp-has-aspect-ratio\"><div class=\"wp-block-embed__wrapper\">\n<iframe title=\"G\u00e9n\u00e9ration Enfoir\u00e9s - La chanson des Restos\" width=\"800\" height=\"450\" src=\"https:\/\/www.youtube.com\/embed\/diWNp9Fb5TU?feature=oembed\" frameborder=\"0\" allow=\"accelerometer; autoplay; clipboard-write; encrypted-media; gyroscope; picture-in-picture; web-share\" referrerpolicy=\"strict-origin-when-cross-origin\" allowfullscreen><\/iframe>\n<\/div><\/figure>\n\n\n\n<p><\/p>\n","protected":false},"excerpt":{"rendered":"<p>L&rsquo;\u00e9quipe de Quoi d&rsquo;neuf ? Amiens recevait, mercredi 1er avril, Jo\u00ebl et Xavier des Restos du c\u0153ur de la Somme \u00e0 l&rsquo;occasion de l&rsquo;organisation d&rsquo;un concert caritatif qui aura lieu le jeudi 09 avril \u00e0 20h30 au sein du Cirque Jules Verne \u00e0 Amiens. L&rsquo;\u00e9mission est disponible en podcast sur notre site et notre application et sur l&rsquo;ensemble des plateformes de podcasts. (Article mis \u00e0 jour le 02\/O4\/26) Un concert au Cirque Jules Verne Am\u00e9lie et son \u00e9quipe de Quoi d&rsquo;neuf ? Amiens ont re\u00e7u, mercredi 1er avril, Jo\u00ebl des Restos du c\u0153ur de la Somme accompagn\u00e9 de Xavier, chef de c\u0153ur \u00e0 Voices Harmony \u00e0 l&rsquo;occasion de l&rsquo;organisation d&rsquo;un concert caritatif qui aura lieu le jeudi 09 avril \u00e0 20h30 au sein du Cirque Jules Verne \u00e0 Amiens. L&rsquo;\u00e9mission est disponible en podcast sur notre site et notre application et sur l&rsquo;ensemble des plateformes de podcasts. De la vari\u00e9t\u00e9 fran\u00e7aise et du rock Seront pr\u00e9sents sur sc\u00e8ne les choristes de Voices Harmony, les solistes Foudre et Sophie Bloquet, ainsi la jeune chanteuse Charlie (ayant particip\u00e9 \u00e0 The Voice Kids). La programmation musicale de la soir\u00e9e s&rsquo;articule autour de la vari\u00e9t\u00e9 fran\u00e7aise et du rock (Goldman, T\u00e9l\u00e9phone, Indochine). Les tarifs sont de 18 euros (12 euros pour les moins de 12 ans) sur HelloAsso. Les b\u00e9n\u00e9fices vont aux Restos du C\u0153ur. Trente et un centre dans le d\u00e9partement Les Restos du c\u0153ur dans la Somme, ce sont trente et un centre de distribution dans le d\u00e9partement, dont un centre sp\u00e9cifique \u00ab\u00a0Restos B\u00e9b\u00e9s\u00a0\u00bb qui existe \u00e0 Amiens pour l&rsquo;accueil de la petite enfance. \u00c0 noter que la c\u00e9l\u00e8bre association fond\u00e9e par l&rsquo;humoriste Coluche, ne se limite pas uniquement \u00e0 l&rsquo;aide alimentaire, il existe aussi un accompagnement pour l&rsquo;acc\u00e8s \u00e0 la justice, \u00e0 la sant\u00e9 (soins dentaires, lunettes) et micro-cr\u00e9dits pour la mobilit\u00e9 (v\u00e9lo, voiture). Photo : Am\u00e9lie Rondot\/Happyness radio<\/p>\n","protected":false},"author":6,"featured_media":12569,"comment_status":"open","ping_status":"open","sticky":false,"template":"","format":"standard","meta":{"_lmt_disableupdate":"","_lmt_disable":"","footnotes":""},"categories":[11],"tags":[],"class_list":["post-12562","post","type-post","status-publish","format-standard","has-post-thumbnail","hentry","category-amiens"],"yoast_head":"<!-- This site is optimized with the Yoast SEO plugin v27.5 - https:\/\/yoast.com\/product\/yoast-seo-wordpress\/ -->\n<title>Amiens : l&#039;association Les Restos du c\u0153ur organise un concert - Happyness Amiens<\/title>\n<meta name=\"description\" content=\"Ne manquez pas le concert au Cirque Jules Verne le 9 avril \u00e0 20h30, avec des artistes de talent au profit des Restos du C\u0153ur. R\u00e9servez vos places d\u00e8s maintenant !\" \/>\n<meta name=\"robots\" content=\"index, follow, max-snippet:-1, max-image-preview:large, max-video-preview:-1\" \/>\n<link rel=\"canonical\" href=\"https:\/\/happynessradio.fr\/amiens\/articles\/amiens-lassociation-les-restos-du-coeur-organise-un-concert\/\" \/>\n<meta property=\"og:locale\" content=\"fr_FR\" \/>\n<meta property=\"og:type\" content=\"article\" \/>\n<meta property=\"og:title\" content=\"Amiens : l&#039;association Les Restos du c\u0153ur organise un concert - Happyness Amiens\" \/>\n<meta property=\"og:description\" content=\"Ne manquez pas le concert au Cirque Jules Verne le 9 avril \u00e0 20h30, avec des artistes de talent au profit des Restos du C\u0153ur. R\u00e9servez vos places d\u00e8s maintenant !\" \/>\n<meta property=\"og:url\" content=\"https:\/\/happynessradio.fr\/amiens\/articles\/amiens-lassociation-les-restos-du-coeur-organise-un-concert\/\" \/>\n<meta property=\"og:site_name\" content=\"Happyness Amiens\" \/>\n<meta property=\"article:published_time\" content=\"2026-04-02T11:40:03+00:00\" \/>\n<meta property=\"article:modified_time\" content=\"2026-04-02T17:41:30+00:00\" \/>\n<meta property=\"og:image\" content=\"https:\/\/happynessradio.fr\/amiens\/wp-content\/uploads\/sites\/3\/2026\/04\/MockUp-Visuels-articles-42.webp\" \/>\n\t<meta property=\"og:image:width\" content=\"1083\" \/>\n\t<meta property=\"og:image:height\" content=\"486\" \/>\n\t<meta property=\"og:image:type\" content=\"image\/webp\" \/>\n<meta name=\"author\" content=\"Lo\u00efc Dun\" \/>\n<meta name=\"twitter:card\" content=\"summary_large_image\" \/>\n<meta name=\"twitter:label1\" content=\"\u00c9crit par\" \/>\n\t<meta name=\"twitter:data1\" content=\"Lo\u00efc Dun\" \/>\n\t<meta name=\"twitter:label2\" content=\"Dur\u00e9e de lecture estim\u00e9e\" \/>\n\t<meta name=\"twitter:data2\" content=\"2 minutes\" \/>\n<script type=\"application\/ld+json\" class=\"yoast-schema-graph\">{\"@context\":\"https:\\\/\\\/schema.org\",\"@graph\":[{\"@type\":\"Article\",\"@id\":\"https:\\\/\\\/happynessradio.fr\\\/amiens\\\/articles\\\/amiens-lassociation-les-restos-du-coeur-organise-un-concert\\\/#article\",\"isPartOf\":{\"@id\":\"https:\\\/\\\/happynessradio.fr\\\/amiens\\\/articles\\\/amiens-lassociation-les-restos-du-coeur-organise-un-concert\\\/\"},\"author\":{\"name\":\"Lo\u00efc Dun\",\"@id\":\"https:\\\/\\\/happynessradio.fr\\\/amiens\\\/#\\\/schema\\\/person\\\/735f1a1ba15f9478beb4249ad52f7252\"},\"headline\":\"Amiens : l&rsquo;association Les Restos du c\u0153ur organise un concert\",\"datePublished\":\"2026-04-02T11:40:03+00:00\",\"dateModified\":\"2026-04-02T17:41:30+00:00\",\"mainEntityOfPage\":{\"@id\":\"https:\\\/\\\/happynessradio.fr\\\/amiens\\\/articles\\\/amiens-lassociation-les-restos-du-coeur-organise-un-concert\\\/\"},\"wordCount\":370,\"commentCount\":0,\"image\":{\"@id\":\"https:\\\/\\\/happynessradio.fr\\\/amiens\\\/articles\\\/amiens-lassociation-les-restos-du-coeur-organise-un-concert\\\/#primaryimage\"},\"thumbnailUrl\":\"https:\\\/\\\/happynessradio.fr\\\/amiens\\\/wp-content\\\/uploads\\\/sites\\\/3\\\/2026\\\/04\\\/MockUp-Visuels-articles-42.webp\",\"articleSection\":[\"Amiens\"],\"inLanguage\":\"fr-FR\",\"potentialAction\":[{\"@type\":\"CommentAction\",\"name\":\"Comment\",\"target\":[\"https:\\\/\\\/happynessradio.fr\\\/amiens\\\/articles\\\/amiens-lassociation-les-restos-du-coeur-organise-un-concert\\\/#respond\"]}]},{\"@type\":\"WebPage\",\"@id\":\"https:\\\/\\\/happynessradio.fr\\\/amiens\\\/articles\\\/amiens-lassociation-les-restos-du-coeur-organise-un-concert\\\/\",\"url\":\"https:\\\/\\\/happynessradio.fr\\\/amiens\\\/articles\\\/amiens-lassociation-les-restos-du-coeur-organise-un-concert\\\/\",\"name\":\"Amiens : l'association Les Restos du c\u0153ur organise un concert - Happyness Amiens\",\"isPartOf\":{\"@id\":\"https:\\\/\\\/happynessradio.fr\\\/amiens\\\/#website\"},\"primaryImageOfPage\":{\"@id\":\"https:\\\/\\\/happynessradio.fr\\\/amiens\\\/articles\\\/amiens-lassociation-les-restos-du-coeur-organise-un-concert\\\/#primaryimage\"},\"image\":{\"@id\":\"https:\\\/\\\/happynessradio.fr\\\/amiens\\\/articles\\\/amiens-lassociation-les-restos-du-coeur-organise-un-concert\\\/#primaryimage\"},\"thumbnailUrl\":\"https:\\\/\\\/happynessradio.fr\\\/amiens\\\/wp-content\\\/uploads\\\/sites\\\/3\\\/2026\\\/04\\\/MockUp-Visuels-articles-42.webp\",\"datePublished\":\"2026-04-02T11:40:03+00:00\",\"dateModified\":\"2026-04-02T17:41:30+00:00\",\"author\":{\"@id\":\"https:\\\/\\\/happynessradio.fr\\\/amiens\\\/#\\\/schema\\\/person\\\/735f1a1ba15f9478beb4249ad52f7252\"},\"description\":\"Ne manquez pas le concert au Cirque Jules Verne le 9 avril \u00e0 20h30, avec des artistes de talent au profit des Restos du C\u0153ur. R\u00e9servez vos places d\u00e8s maintenant !\",\"breadcrumb\":{\"@id\":\"https:\\\/\\\/happynessradio.fr\\\/amiens\\\/articles\\\/amiens-lassociation-les-restos-du-coeur-organise-un-concert\\\/#breadcrumb\"},\"inLanguage\":\"fr-FR\",\"potentialAction\":[{\"@type\":\"ReadAction\",\"target\":[\"https:\\\/\\\/happynessradio.fr\\\/amiens\\\/articles\\\/amiens-lassociation-les-restos-du-coeur-organise-un-concert\\\/\"]}]},{\"@type\":\"ImageObject\",\"inLanguage\":\"fr-FR\",\"@id\":\"https:\\\/\\\/happynessradio.fr\\\/amiens\\\/articles\\\/amiens-lassociation-les-restos-du-coeur-organise-un-concert\\\/#primaryimage\",\"url\":\"https:\\\/\\\/happynessradio.fr\\\/amiens\\\/wp-content\\\/uploads\\\/sites\\\/3\\\/2026\\\/04\\\/MockUp-Visuels-articles-42.webp\",\"contentUrl\":\"https:\\\/\\\/happynessradio.fr\\\/amiens\\\/wp-content\\\/uploads\\\/sites\\\/3\\\/2026\\\/04\\\/MockUp-Visuels-articles-42.webp\",\"width\":1083,\"height\":486,\"caption\":\"Deux hommes souriants posent c\u00f4te \u00e0 c\u00f4te devant un mur blanc arborant le logo \u00ab Happyness \u00bb. L'homme \u00e0 gauche porte un pull \u00e0 rayures horizontales grises, beiges et bleues, tandis que l'homme \u00e0 droite porte une veste boutonn\u00e9e de couleur rouille et des lunettes. Des formes g\u00e9om\u00e9triques rouges encadrent les coins de l'image.\"},{\"@type\":\"BreadcrumbList\",\"@id\":\"https:\\\/\\\/happynessradio.fr\\\/amiens\\\/articles\\\/amiens-lassociation-les-restos-du-coeur-organise-un-concert\\\/#breadcrumb\",\"itemListElement\":[{\"@type\":\"ListItem\",\"position\":1,\"name\":\"Accueil\",\"item\":\"https:\\\/\\\/happynessradio.fr\\\/amiens\\\/\"},{\"@type\":\"ListItem\",\"position\":2,\"name\":\"Amiens : l&rsquo;association Les Restos du c\u0153ur organise un concert\"}]},{\"@type\":\"WebSite\",\"@id\":\"https:\\\/\\\/happynessradio.fr\\\/amiens\\\/#website\",\"url\":\"https:\\\/\\\/happynessradio.fr\\\/amiens\\\/\",\"name\":\"Happyness Amiens\",\"description\":\"Toujours au plus proche de vous\",\"potentialAction\":[{\"@type\":\"SearchAction\",\"target\":{\"@type\":\"EntryPoint\",\"urlTemplate\":\"https:\\\/\\\/happynessradio.fr\\\/amiens\\\/?s={search_term_string}\"},\"query-input\":{\"@type\":\"PropertyValueSpecification\",\"valueRequired\":true,\"valueName\":\"search_term_string\"}}],\"inLanguage\":\"fr-FR\"},{\"@type\":\"Person\",\"@id\":\"https:\\\/\\\/happynessradio.fr\\\/amiens\\\/#\\\/schema\\\/person\\\/735f1a1ba15f9478beb4249ad52f7252\",\"name\":\"Lo\u00efc Dun\",\"image\":{\"@type\":\"ImageObject\",\"inLanguage\":\"fr-FR\",\"@id\":\"https:\\\/\\\/happynessradio.fr\\\/amiens\\\/wp-content\\\/uploads\\\/sites\\\/3\\\/2025\\\/12\\\/cropped-Portrait-Loic-25-26-96x96.webp\",\"url\":\"https:\\\/\\\/happynessradio.fr\\\/amiens\\\/wp-content\\\/uploads\\\/sites\\\/3\\\/2025\\\/12\\\/cropped-Portrait-Loic-25-26-96x96.webp\",\"contentUrl\":\"https:\\\/\\\/happynessradio.fr\\\/amiens\\\/wp-content\\\/uploads\\\/sites\\\/3\\\/2025\\\/12\\\/cropped-Portrait-Loic-25-26-96x96.webp\",\"caption\":\"Lo\u00efc Dun\"},\"description\":\"R\u00e9dacteur web Happyness. Co-animateur (chroniqueur) Quoi d'neuf ? Amiens Chroniqueur Le R\u00e9veil Happyness\",\"sameAs\":[\"https:\\\/\\\/www.instagram.com\\\/lolo80radio\\\/\",\"https:\\\/\\\/www.linkedin.com\\\/in\\\/loc-d-365960164\\\/\"],\"url\":\"https:\\\/\\\/happynessradio.fr\\\/amiens\\\/articles\\\/author\\\/loicdun\\\/\"}]}<\/script>\n<!-- \/ Yoast SEO plugin. -->","yoast_head_json":{"title":"Amiens : l'association Les Restos du c\u0153ur organise un concert - Happyness Amiens","description":"Ne manquez pas le concert au Cirque Jules Verne le 9 avril \u00e0 20h30, avec des artistes de talent au profit des Restos du C\u0153ur. R\u00e9servez vos places d\u00e8s maintenant !","robots":{"index":"index","follow":"follow","max-snippet":"max-snippet:-1","max-image-preview":"max-image-preview:large","max-video-preview":"max-video-preview:-1"},"canonical":"https:\/\/happynessradio.fr\/amiens\/articles\/amiens-lassociation-les-restos-du-coeur-organise-un-concert\/","og_locale":"fr_FR","og_type":"article","og_title":"Amiens : l'association Les Restos du c\u0153ur organise un concert - Happyness Amiens","og_description":"Ne manquez pas le concert au Cirque Jules Verne le 9 avril \u00e0 20h30, avec des artistes de talent au profit des Restos du C\u0153ur. R\u00e9servez vos places d\u00e8s maintenant !","og_url":"https:\/\/happynessradio.fr\/amiens\/articles\/amiens-lassociation-les-restos-du-coeur-organise-un-concert\/","og_site_name":"Happyness Amiens","article_published_time":"2026-04-02T11:40:03+00:00","article_modified_time":"2026-04-02T17:41:30+00:00","og_image":[{"width":1083,"height":486,"url":"https:\/\/happynessradio.fr\/amiens\/wp-content\/uploads\/sites\/3\/2026\/04\/MockUp-Visuels-articles-42.webp","type":"image\/webp"}],"author":"Lo\u00efc Dun","twitter_card":"summary_large_image","twitter_misc":{"\u00c9crit par":"Lo\u00efc Dun","Dur\u00e9e de lecture estim\u00e9e":"2 minutes"},"schema":{"@context":"https:\/\/schema.org","@graph":[{"@type":"Article","@id":"https:\/\/happynessradio.fr\/amiens\/articles\/amiens-lassociation-les-restos-du-coeur-organise-un-concert\/#article","isPartOf":{"@id":"https:\/\/happynessradio.fr\/amiens\/articles\/amiens-lassociation-les-restos-du-coeur-organise-un-concert\/"},"author":{"name":"Lo\u00efc Dun","@id":"https:\/\/happynessradio.fr\/amiens\/#\/schema\/person\/735f1a1ba15f9478beb4249ad52f7252"},"headline":"Amiens : l&rsquo;association Les Restos du c\u0153ur organise un concert","datePublished":"2026-04-02T11:40:03+00:00","dateModified":"2026-04-02T17:41:30+00:00","mainEntityOfPage":{"@id":"https:\/\/happynessradio.fr\/amiens\/articles\/amiens-lassociation-les-restos-du-coeur-organise-un-concert\/"},"wordCount":370,"commentCount":0,"image":{"@id":"https:\/\/happynessradio.fr\/amiens\/articles\/amiens-lassociation-les-restos-du-coeur-organise-un-concert\/#primaryimage"},"thumbnailUrl":"https:\/\/happynessradio.fr\/amiens\/wp-content\/uploads\/sites\/3\/2026\/04\/MockUp-Visuels-articles-42.webp","articleSection":["Amiens"],"inLanguage":"fr-FR","potentialAction":[{"@type":"CommentAction","name":"Comment","target":["https:\/\/happynessradio.fr\/amiens\/articles\/amiens-lassociation-les-restos-du-coeur-organise-un-concert\/#respond"]}]},{"@type":"WebPage","@id":"https:\/\/happynessradio.fr\/amiens\/articles\/amiens-lassociation-les-restos-du-coeur-organise-un-concert\/","url":"https:\/\/happynessradio.fr\/amiens\/articles\/amiens-lassociation-les-restos-du-coeur-organise-un-concert\/","name":"Amiens : l'association Les Restos du c\u0153ur organise un concert - Happyness Amiens","isPartOf":{"@id":"https:\/\/happynessradio.fr\/amiens\/#website"},"primaryImageOfPage":{"@id":"https:\/\/happynessradio.fr\/amiens\/articles\/amiens-lassociation-les-restos-du-coeur-organise-un-concert\/#primaryimage"},"image":{"@id":"https:\/\/happynessradio.fr\/amiens\/articles\/amiens-lassociation-les-restos-du-coeur-organise-un-concert\/#primaryimage"},"thumbnailUrl":"https:\/\/happynessradio.fr\/amiens\/wp-content\/uploads\/sites\/3\/2026\/04\/MockUp-Visuels-articles-42.webp","datePublished":"2026-04-02T11:40:03+00:00","dateModified":"2026-04-02T17:41:30+00:00","author":{"@id":"https:\/\/happynessradio.fr\/amiens\/#\/schema\/person\/735f1a1ba15f9478beb4249ad52f7252"},"description":"Ne manquez pas le concert au Cirque Jules Verne le 9 avril \u00e0 20h30, avec des artistes de talent au profit des Restos du C\u0153ur. R\u00e9servez vos places d\u00e8s maintenant !","breadcrumb":{"@id":"https:\/\/happynessradio.fr\/amiens\/articles\/amiens-lassociation-les-restos-du-coeur-organise-un-concert\/#breadcrumb"},"inLanguage":"fr-FR","potentialAction":[{"@type":"ReadAction","target":["https:\/\/happynessradio.fr\/amiens\/articles\/amiens-lassociation-les-restos-du-coeur-organise-un-concert\/"]}]},{"@type":"ImageObject","inLanguage":"fr-FR","@id":"https:\/\/happynessradio.fr\/amiens\/articles\/amiens-lassociation-les-restos-du-coeur-organise-un-concert\/#primaryimage","url":"https:\/\/happynessradio.fr\/amiens\/wp-content\/uploads\/sites\/3\/2026\/04\/MockUp-Visuels-articles-42.webp","contentUrl":"https:\/\/happynessradio.fr\/amiens\/wp-content\/uploads\/sites\/3\/2026\/04\/MockUp-Visuels-articles-42.webp","width":1083,"height":486,"caption":"Deux hommes souriants posent c\u00f4te \u00e0 c\u00f4te devant un mur blanc arborant le logo \u00ab Happyness \u00bb. L'homme \u00e0 gauche porte un pull \u00e0 rayures horizontales grises, beiges et bleues, tandis que l'homme \u00e0 droite porte une veste boutonn\u00e9e de couleur rouille et des lunettes. Des formes g\u00e9om\u00e9triques rouges encadrent les coins de l'image."},{"@type":"BreadcrumbList","@id":"https:\/\/happynessradio.fr\/amiens\/articles\/amiens-lassociation-les-restos-du-coeur-organise-un-concert\/#breadcrumb","itemListElement":[{"@type":"ListItem","position":1,"name":"Accueil","item":"https:\/\/happynessradio.fr\/amiens\/"},{"@type":"ListItem","position":2,"name":"Amiens : l&rsquo;association Les Restos du c\u0153ur organise un concert"}]},{"@type":"WebSite","@id":"https:\/\/happynessradio.fr\/amiens\/#website","url":"https:\/\/happynessradio.fr\/amiens\/","name":"Happyness Amiens","description":"Toujours au plus proche de vous","potentialAction":[{"@type":"SearchAction","target":{"@type":"EntryPoint","urlTemplate":"https:\/\/happynessradio.fr\/amiens\/?s={search_term_string}"},"query-input":{"@type":"PropertyValueSpecification","valueRequired":true,"valueName":"search_term_string"}}],"inLanguage":"fr-FR"},{"@type":"Person","@id":"https:\/\/happynessradio.fr\/amiens\/#\/schema\/person\/735f1a1ba15f9478beb4249ad52f7252","name":"Lo\u00efc Dun","image":{"@type":"ImageObject","inLanguage":"fr-FR","@id":"https:\/\/happynessradio.fr\/amiens\/wp-content\/uploads\/sites\/3\/2025\/12\/cropped-Portrait-Loic-25-26-96x96.webp","url":"https:\/\/happynessradio.fr\/amiens\/wp-content\/uploads\/sites\/3\/2025\/12\/cropped-Portrait-Loic-25-26-96x96.webp","contentUrl":"https:\/\/happynessradio.fr\/amiens\/wp-content\/uploads\/sites\/3\/2025\/12\/cropped-Portrait-Loic-25-26-96x96.webp","caption":"Lo\u00efc Dun"},"description":"R\u00e9dacteur web Happyness. Co-animateur (chroniqueur) Quoi d'neuf ? Amiens Chroniqueur Le R\u00e9veil Happyness","sameAs":["https:\/\/www.instagram.com\/lolo80radio\/","https:\/\/www.linkedin.com\/in\/loc-d-365960164\/"],"url":"https:\/\/happynessradio.fr\/amiens\/articles\/author\/loicdun\/"}]}},"modified_by":"Lo\u00efc Dun","_links":{"self":[{"href":"https:\/\/happynessradio.fr\/amiens\/wp-json\/wp\/v2\/posts\/12562","targetHints":{"allow":["GET"]}}],"collection":[{"href":"https:\/\/happynessradio.fr\/amiens\/wp-json\/wp\/v2\/posts"}],"about":[{"href":"https:\/\/happynessradio.fr\/amiens\/wp-json\/wp\/v2\/types\/post"}],"author":[{"embeddable":true,"href":"https:\/\/happynessradio.fr\/amiens\/wp-json\/wp\/v2\/users\/6"}],"replies":[{"embeddable":true,"href":"https:\/\/happynessradio.fr\/amiens\/wp-json\/wp\/v2\/comments?post=12562"}],"version-history":[{"count":3,"href":"https:\/\/happynessradio.fr\/amiens\/wp-json\/wp\/v2\/posts\/12562\/revisions"}],"predecessor-version":[{"id":12570,"href":"https:\/\/happynessradio.fr\/amiens\/wp-json\/wp\/v2\/posts\/12562\/revisions\/12570"}],"wp:featuredmedia":[{"embeddable":true,"href":"https:\/\/happynessradio.fr\/amiens\/wp-json\/wp\/v2\/media\/12569"}],"wp:attachment":[{"href":"https:\/\/happynessradio.fr\/amiens\/wp-json\/wp\/v2\/media?parent=12562"}],"wp:term":[{"taxonomy":"category","embeddable":true,"href":"https:\/\/happynessradio.fr\/amiens\/wp-json\/wp\/v2\/categories?post=12562"},{"taxonomy":"post_tag","embeddable":true,"href":"https:\/\/happynessradio.fr\/amiens\/wp-json\/wp\/v2\/tags?post=12562"}],"curies":[{"name":"wp","href":"https:\/\/api.w.org\/{rel}","templated":true}]}}