{"id":12565,"date":"2026-04-02T16:47:47","date_gmt":"2026-04-02T14:47:47","guid":{"rendered":"https:\/\/happynessradio.fr\/amiens\/?p=12565"},"modified":"2026-04-03T02:58:05","modified_gmt":"2026-04-03T00:58:05","slug":"salouel-travaux-de-nuit-du-reseau-de-chauffage-urbain","status":"publish","type":"post","link":"https:\/\/happynessradio.fr\/amiens\/articles\/salouel-travaux-de-nuit-du-reseau-de-chauffage-urbain\/","title":{"rendered":"Salou\u00ebl : travaux de nuit du r\u00e9seau de chauffage urbain"},"content":{"rendered":"\n<p><em>\u00c0 partir du 6 avril jusqu&rsquo;au 11 juillet vont d\u00e9buter des travaux de nuit d&rsquo;extension du r\u00e9seau de chauffage urbain dans la commune de Salou\u00ebl assur\u00e9s par Amiens \u00c9nergies, entreprise d\u00e9l\u00e9gataire. des restrictions de circulation sont \u00e0 pr\u00e9voir notamment dans le secteur du CHU.<\/em><\/p>\n\n\n\n<h2 class=\"wp-block-heading\">Travaux en nocturne <\/h2>\n\n\n\n<p>\u00c0 partir du 6 avril au soir vont d\u00e9buter des travaux de nuit d&rsquo;extension du r\u00e9seau de chauffage urbain dans la commune de Salou\u00ebl assur\u00e9s par Amiens \u00c9nergies, entreprise d\u00e9l\u00e9gataire, route de Conty avec une d\u00e9viation via l&rsquo;avenue Albert Camus et l&rsquo;avenue du Golf. Ce chantier doit durer de 20 h jusqu&rsquo;\u00e0 5 h 30 concernant la premi\u00e8re phase qui doit s&rsquo;\u00e9tendre jusqu&rsquo;au 12 avril.<\/p>\n\n\n\n<h2 class=\"wp-block-heading\">Par le nord pour acc\u00e9der au CHU<\/h2>\n\n\n\n<p>La deuxi\u00e8me \u00e9tape du chantier pour la phase A du 13 au 14 avril concerne le secteur du CHU o\u00f9 la Route de Conty et la rue Andr\u00e9 Malraux seront barr\u00e9es. L&rsquo;acc\u00e8s au centre hospitalier se fera par le nord. Ensuite, d\u00e9butera la phase B avec mise en sens unique de la circulation (sud-nord) de la route de Conty et fermeture de la rue Maurice Genevoix. Concernant la troisi\u00e8me \u00e9tape des travaux cela concerne toujours la rue Maurice Genevoix qui sera barr\u00e9e du 04 au 10 mai toujours en p\u00e9riode nocturne avec mise en place d&rsquo;un sens de circulation concernant le rond-point du CHU \u00e0 proximit\u00e9.<\/p>\n\n\n\n<h2 class=\"wp-block-heading\">Fermeture de l&rsquo;avenue de la Croix Jourdain <\/h2>\n\n\n\n<p> La quatri\u00e8me phase, quant \u00e0 elle, se d\u00e9roulera du 11 au 22 mai o\u00f9 l&rsquo;avenue de la Croix Jourdain en direction d&rsquo;Amiens sera barr\u00e9e ainsi que de nouveau la rue Genevoix. Pour ce qui concerne la cinqui\u00e8me et derni\u00e8re \u00e9tape du 25 mai au 11 juillet avec fermeture de l&rsquo;avenue de la Croix Jourdain (toujours vers Amiens) et le CROUS du Thil sera accessible \u00e0 pied.<\/p>\n\n\n\n<h2 class=\"wp-block-heading\">Les acc\u00e8s maintenus <\/h2>\n\n\n\n<p>\u00c0 noter que l&rsquo;entreprise pr\u00e9cise que les acc\u00e8s pi\u00e9tons seront assur\u00e9s ainsi que l&rsquo;acc\u00e8s aux urgences, aux commerces, administrations, institutions et aux \u00e9coles. Il est pr\u00e9cis\u00e9 qu&rsquo;il est interdit de stationner le long des emprises de chantier. Pour plus de renseignements, il suffit de consulter le site Amiens \u00c9nergies : r\u00e9seau de chauffage urbain &#8211; Amiens.<\/p>\n\n\n\n<p><\/p>\n","protected":false},"excerpt":{"rendered":"<p>\u00c0 partir du 6 avril jusqu&rsquo;au 11 juillet vont d\u00e9buter des travaux de nuit d&rsquo;extension du r\u00e9seau de chauffage urbain dans la commune de Salou\u00ebl assur\u00e9s par Amiens \u00c9nergies, entreprise d\u00e9l\u00e9gataire. des restrictions de circulation sont \u00e0 pr\u00e9voir notamment dans le secteur du CHU. Travaux en nocturne \u00c0 partir du 6 avril au soir vont d\u00e9buter des travaux de nuit d&rsquo;extension du r\u00e9seau de chauffage urbain dans la commune de Salou\u00ebl assur\u00e9s par Amiens \u00c9nergies, entreprise d\u00e9l\u00e9gataire, route de Conty avec une d\u00e9viation via l&rsquo;avenue Albert Camus et l&rsquo;avenue du Golf. Ce chantier doit durer de 20 h jusqu&rsquo;\u00e0 5 h 30 concernant la premi\u00e8re phase qui doit s&rsquo;\u00e9tendre jusqu&rsquo;au 12 avril. Par le nord pour acc\u00e9der au CHU La deuxi\u00e8me \u00e9tape du chantier pour la phase A du 13 au 14 avril concerne le secteur du CHU o\u00f9 la Route de Conty et la rue Andr\u00e9 Malraux seront barr\u00e9es. L&rsquo;acc\u00e8s au centre hospitalier se fera par le nord. Ensuite, d\u00e9butera la phase B avec mise en sens unique de la circulation (sud-nord) de la route de Conty et fermeture de la rue Maurice Genevoix. Concernant la troisi\u00e8me \u00e9tape des travaux cela concerne toujours la rue Maurice Genevoix qui sera barr\u00e9e du 04 au 10 mai toujours en p\u00e9riode nocturne avec mise en place d&rsquo;un sens de circulation concernant le rond-point du CHU \u00e0 proximit\u00e9. Fermeture de l&rsquo;avenue de la Croix Jourdain La quatri\u00e8me phase, quant \u00e0 elle, se d\u00e9roulera du 11 au 22 mai o\u00f9 l&rsquo;avenue de la Croix Jourdain en direction d&rsquo;Amiens sera barr\u00e9e ainsi que de nouveau la rue Genevoix. Pour ce qui concerne la cinqui\u00e8me et derni\u00e8re \u00e9tape du 25 mai au 11 juillet avec fermeture de l&rsquo;avenue de la Croix Jourdain (toujours vers Amiens) et le CROUS du Thil sera accessible \u00e0 pied. Les acc\u00e8s maintenus \u00c0 noter que l&rsquo;entreprise pr\u00e9cise que les acc\u00e8s pi\u00e9tons seront assur\u00e9s ainsi que l&rsquo;acc\u00e8s aux urgences, aux commerces, administrations, institutions et aux \u00e9coles. Il est pr\u00e9cis\u00e9 qu&rsquo;il est interdit de stationner le long des emprises de chantier. Pour plus de renseignements, il suffit de consulter le site Amiens \u00c9nergies : r\u00e9seau de chauffage urbain &#8211; Amiens.<\/p>\n","protected":false},"author":6,"featured_media":12566,"comment_status":"open","ping_status":"open","sticky":false,"template":"","format":"standard","meta":{"_lmt_disableupdate":"","_lmt_disable":"","footnotes":""},"categories":[11],"tags":[],"class_list":["post-12565","post","type-post","status-publish","format-standard","has-post-thumbnail","hentry","category-amiens"],"yoast_head":"<!-- This site is optimized with the Yoast SEO plugin v27.5 - https:\/\/yoast.com\/product\/yoast-seo-wordpress\/ -->\n<title>Salou\u00ebl : travaux de nuit du r\u00e9seau de chauffage urbain - Happyness Amiens<\/title>\n<meta name=\"description\" content=\"Des travaux nocturnes d&#039;extension du r\u00e9seau de chauffage \u00e0 Salou\u00ebl d\u00e9butent le 6 avril. Pr\u00e9parez-vous \u00e0 des restrictions de circulation, notamment pr\u00e8s du CHU.\" \/>\n<meta name=\"robots\" content=\"index, follow, max-snippet:-1, max-image-preview:large, max-video-preview:-1\" \/>\n<link rel=\"canonical\" href=\"https:\/\/happynessradio.fr\/amiens\/articles\/salouel-travaux-de-nuit-du-reseau-de-chauffage-urbain\/\" \/>\n<meta property=\"og:locale\" content=\"fr_FR\" \/>\n<meta property=\"og:type\" content=\"article\" \/>\n<meta property=\"og:title\" content=\"Salou\u00ebl : travaux de nuit du r\u00e9seau de chauffage urbain - Happyness Amiens\" \/>\n<meta property=\"og:description\" content=\"Des travaux nocturnes d&#039;extension du r\u00e9seau de chauffage \u00e0 Salou\u00ebl d\u00e9butent le 6 avril. Pr\u00e9parez-vous \u00e0 des restrictions de circulation, notamment pr\u00e8s du CHU.\" \/>\n<meta property=\"og:url\" content=\"https:\/\/happynessradio.fr\/amiens\/articles\/salouel-travaux-de-nuit-du-reseau-de-chauffage-urbain\/\" \/>\n<meta property=\"og:site_name\" content=\"Happyness Amiens\" \/>\n<meta property=\"article:published_time\" content=\"2026-04-02T14:47:47+00:00\" \/>\n<meta property=\"article:modified_time\" content=\"2026-04-03T00:58:05+00:00\" \/>\n<meta property=\"og:image\" content=\"https:\/\/happynessradio.fr\/amiens\/wp-content\/uploads\/sites\/3\/2026\/04\/MockUp-Visuels-articles-41.webp\" \/>\n\t<meta property=\"og:image:width\" content=\"1083\" \/>\n\t<meta property=\"og:image:height\" content=\"486\" \/>\n\t<meta property=\"og:image:type\" content=\"image\/webp\" \/>\n<meta name=\"author\" content=\"Lo\u00efc Dun\" \/>\n<meta name=\"twitter:card\" content=\"summary_large_image\" \/>\n<meta name=\"twitter:label1\" content=\"\u00c9crit par\" \/>\n\t<meta name=\"twitter:data1\" content=\"Lo\u00efc Dun\" \/>\n\t<meta name=\"twitter:label2\" content=\"Dur\u00e9e de lecture estim\u00e9e\" \/>\n\t<meta name=\"twitter:data2\" content=\"3 minutes\" \/>\n<script type=\"application\/ld+json\" class=\"yoast-schema-graph\">{\"@context\":\"https:\\\/\\\/schema.org\",\"@graph\":[{\"@type\":\"Article\",\"@id\":\"https:\\\/\\\/happynessradio.fr\\\/amiens\\\/articles\\\/salouel-travaux-de-nuit-du-reseau-de-chauffage-urbain\\\/#article\",\"isPartOf\":{\"@id\":\"https:\\\/\\\/happynessradio.fr\\\/amiens\\\/articles\\\/salouel-travaux-de-nuit-du-reseau-de-chauffage-urbain\\\/\"},\"author\":{\"name\":\"Lo\u00efc Dun\",\"@id\":\"https:\\\/\\\/happynessradio.fr\\\/amiens\\\/#\\\/schema\\\/person\\\/735f1a1ba15f9478beb4249ad52f7252\"},\"headline\":\"Salou\u00ebl : travaux de nuit du r\u00e9seau de chauffage urbain\",\"datePublished\":\"2026-04-02T14:47:47+00:00\",\"dateModified\":\"2026-04-03T00:58:05+00:00\",\"mainEntityOfPage\":{\"@id\":\"https:\\\/\\\/happynessradio.fr\\\/amiens\\\/articles\\\/salouel-travaux-de-nuit-du-reseau-de-chauffage-urbain\\\/\"},\"wordCount\":397,\"commentCount\":0,\"image\":{\"@id\":\"https:\\\/\\\/happynessradio.fr\\\/amiens\\\/articles\\\/salouel-travaux-de-nuit-du-reseau-de-chauffage-urbain\\\/#primaryimage\"},\"thumbnailUrl\":\"https:\\\/\\\/happynessradio.fr\\\/amiens\\\/wp-content\\\/uploads\\\/sites\\\/3\\\/2026\\\/04\\\/MockUp-Visuels-articles-41.webp\",\"articleSection\":[\"Amiens\"],\"inLanguage\":\"fr-FR\",\"potentialAction\":[{\"@type\":\"CommentAction\",\"name\":\"Comment\",\"target\":[\"https:\\\/\\\/happynessradio.fr\\\/amiens\\\/articles\\\/salouel-travaux-de-nuit-du-reseau-de-chauffage-urbain\\\/#respond\"]}]},{\"@type\":\"WebPage\",\"@id\":\"https:\\\/\\\/happynessradio.fr\\\/amiens\\\/articles\\\/salouel-travaux-de-nuit-du-reseau-de-chauffage-urbain\\\/\",\"url\":\"https:\\\/\\\/happynessradio.fr\\\/amiens\\\/articles\\\/salouel-travaux-de-nuit-du-reseau-de-chauffage-urbain\\\/\",\"name\":\"Salou\u00ebl : travaux de nuit du r\u00e9seau de chauffage urbain - Happyness Amiens\",\"isPartOf\":{\"@id\":\"https:\\\/\\\/happynessradio.fr\\\/amiens\\\/#website\"},\"primaryImageOfPage\":{\"@id\":\"https:\\\/\\\/happynessradio.fr\\\/amiens\\\/articles\\\/salouel-travaux-de-nuit-du-reseau-de-chauffage-urbain\\\/#primaryimage\"},\"image\":{\"@id\":\"https:\\\/\\\/happynessradio.fr\\\/amiens\\\/articles\\\/salouel-travaux-de-nuit-du-reseau-de-chauffage-urbain\\\/#primaryimage\"},\"thumbnailUrl\":\"https:\\\/\\\/happynessradio.fr\\\/amiens\\\/wp-content\\\/uploads\\\/sites\\\/3\\\/2026\\\/04\\\/MockUp-Visuels-articles-41.webp\",\"datePublished\":\"2026-04-02T14:47:47+00:00\",\"dateModified\":\"2026-04-03T00:58:05+00:00\",\"author\":{\"@id\":\"https:\\\/\\\/happynessradio.fr\\\/amiens\\\/#\\\/schema\\\/person\\\/735f1a1ba15f9478beb4249ad52f7252\"},\"description\":\"Des travaux nocturnes d'extension du r\u00e9seau de chauffage \u00e0 Salou\u00ebl d\u00e9butent le 6 avril. Pr\u00e9parez-vous \u00e0 des restrictions de circulation, notamment pr\u00e8s du CHU.\",\"breadcrumb\":{\"@id\":\"https:\\\/\\\/happynessradio.fr\\\/amiens\\\/articles\\\/salouel-travaux-de-nuit-du-reseau-de-chauffage-urbain\\\/#breadcrumb\"},\"inLanguage\":\"fr-FR\",\"potentialAction\":[{\"@type\":\"ReadAction\",\"target\":[\"https:\\\/\\\/happynessradio.fr\\\/amiens\\\/articles\\\/salouel-travaux-de-nuit-du-reseau-de-chauffage-urbain\\\/\"]}]},{\"@type\":\"ImageObject\",\"inLanguage\":\"fr-FR\",\"@id\":\"https:\\\/\\\/happynessradio.fr\\\/amiens\\\/articles\\\/salouel-travaux-de-nuit-du-reseau-de-chauffage-urbain\\\/#primaryimage\",\"url\":\"https:\\\/\\\/happynessradio.fr\\\/amiens\\\/wp-content\\\/uploads\\\/sites\\\/3\\\/2026\\\/04\\\/MockUp-Visuels-articles-41.webp\",\"contentUrl\":\"https:\\\/\\\/happynessradio.fr\\\/amiens\\\/wp-content\\\/uploads\\\/sites\\\/3\\\/2026\\\/04\\\/MockUp-Visuels-articles-41.webp\",\"width\":1083,\"height\":486,\"caption\":\"Une sc\u00e8ne urbaine nocturne montre une \u00e9quipe de construction travaillant sur une route municipale. Deux ouvriers sont visibles, dont un s'accroupit pour regarder dans un trou ouvert sur la chauss\u00e9e. Un excavateur est positionn\u00e9 derri\u00e8re eux, ses bras et godet jaunes se distinguant sur l'arri\u00e8re-plan sombre. La zone est balis\u00e9e avec des c\u00f4nes orange et des barri\u00e8res de s\u00e9curit\u00e9, et l'\u00e9clairage provient de projecteurs et de l'\u00e9clairage de la rue.\"},{\"@type\":\"BreadcrumbList\",\"@id\":\"https:\\\/\\\/happynessradio.fr\\\/amiens\\\/articles\\\/salouel-travaux-de-nuit-du-reseau-de-chauffage-urbain\\\/#breadcrumb\",\"itemListElement\":[{\"@type\":\"ListItem\",\"position\":1,\"name\":\"Accueil\",\"item\":\"https:\\\/\\\/happynessradio.fr\\\/amiens\\\/\"},{\"@type\":\"ListItem\",\"position\":2,\"name\":\"Salou\u00ebl : travaux de nuit du r\u00e9seau de chauffage urbain\"}]},{\"@type\":\"WebSite\",\"@id\":\"https:\\\/\\\/happynessradio.fr\\\/amiens\\\/#website\",\"url\":\"https:\\\/\\\/happynessradio.fr\\\/amiens\\\/\",\"name\":\"Happyness Amiens\",\"description\":\"Toujours au plus proche de vous\",\"potentialAction\":[{\"@type\":\"SearchAction\",\"target\":{\"@type\":\"EntryPoint\",\"urlTemplate\":\"https:\\\/\\\/happynessradio.fr\\\/amiens\\\/?s={search_term_string}\"},\"query-input\":{\"@type\":\"PropertyValueSpecification\",\"valueRequired\":true,\"valueName\":\"search_term_string\"}}],\"inLanguage\":\"fr-FR\"},{\"@type\":\"Person\",\"@id\":\"https:\\\/\\\/happynessradio.fr\\\/amiens\\\/#\\\/schema\\\/person\\\/735f1a1ba15f9478beb4249ad52f7252\",\"name\":\"Lo\u00efc Dun\",\"image\":{\"@type\":\"ImageObject\",\"inLanguage\":\"fr-FR\",\"@id\":\"https:\\\/\\\/happynessradio.fr\\\/amiens\\\/wp-content\\\/uploads\\\/sites\\\/3\\\/2025\\\/12\\\/cropped-Portrait-Loic-25-26-96x96.webp\",\"url\":\"https:\\\/\\\/happynessradio.fr\\\/amiens\\\/wp-content\\\/uploads\\\/sites\\\/3\\\/2025\\\/12\\\/cropped-Portrait-Loic-25-26-96x96.webp\",\"contentUrl\":\"https:\\\/\\\/happynessradio.fr\\\/amiens\\\/wp-content\\\/uploads\\\/sites\\\/3\\\/2025\\\/12\\\/cropped-Portrait-Loic-25-26-96x96.webp\",\"caption\":\"Lo\u00efc Dun\"},\"description\":\"R\u00e9dacteur web Happyness. Co-animateur (chroniqueur) Quoi d'neuf ? Amiens Chroniqueur Le R\u00e9veil Happyness\",\"sameAs\":[\"https:\\\/\\\/www.instagram.com\\\/lolo80radio\\\/\",\"https:\\\/\\\/www.linkedin.com\\\/in\\\/loc-d-365960164\\\/\"],\"url\":\"https:\\\/\\\/happynessradio.fr\\\/amiens\\\/articles\\\/author\\\/loicdun\\\/\"}]}<\/script>\n<!-- \/ Yoast SEO plugin. -->","yoast_head_json":{"title":"Salou\u00ebl : travaux de nuit du r\u00e9seau de chauffage urbain - Happyness Amiens","description":"Des travaux nocturnes d'extension du r\u00e9seau de chauffage \u00e0 Salou\u00ebl d\u00e9butent le 6 avril. Pr\u00e9parez-vous \u00e0 des restrictions de circulation, notamment pr\u00e8s du CHU.","robots":{"index":"index","follow":"follow","max-snippet":"max-snippet:-1","max-image-preview":"max-image-preview:large","max-video-preview":"max-video-preview:-1"},"canonical":"https:\/\/happynessradio.fr\/amiens\/articles\/salouel-travaux-de-nuit-du-reseau-de-chauffage-urbain\/","og_locale":"fr_FR","og_type":"article","og_title":"Salou\u00ebl : travaux de nuit du r\u00e9seau de chauffage urbain - Happyness Amiens","og_description":"Des travaux nocturnes d'extension du r\u00e9seau de chauffage \u00e0 Salou\u00ebl d\u00e9butent le 6 avril. Pr\u00e9parez-vous \u00e0 des restrictions de circulation, notamment pr\u00e8s du CHU.","og_url":"https:\/\/happynessradio.fr\/amiens\/articles\/salouel-travaux-de-nuit-du-reseau-de-chauffage-urbain\/","og_site_name":"Happyness Amiens","article_published_time":"2026-04-02T14:47:47+00:00","article_modified_time":"2026-04-03T00:58:05+00:00","og_image":[{"width":1083,"height":486,"url":"https:\/\/happynessradio.fr\/amiens\/wp-content\/uploads\/sites\/3\/2026\/04\/MockUp-Visuels-articles-41.webp","type":"image\/webp"}],"author":"Lo\u00efc Dun","twitter_card":"summary_large_image","twitter_misc":{"\u00c9crit par":"Lo\u00efc Dun","Dur\u00e9e de lecture estim\u00e9e":"3 minutes"},"schema":{"@context":"https:\/\/schema.org","@graph":[{"@type":"Article","@id":"https:\/\/happynessradio.fr\/amiens\/articles\/salouel-travaux-de-nuit-du-reseau-de-chauffage-urbain\/#article","isPartOf":{"@id":"https:\/\/happynessradio.fr\/amiens\/articles\/salouel-travaux-de-nuit-du-reseau-de-chauffage-urbain\/"},"author":{"name":"Lo\u00efc Dun","@id":"https:\/\/happynessradio.fr\/amiens\/#\/schema\/person\/735f1a1ba15f9478beb4249ad52f7252"},"headline":"Salou\u00ebl : travaux de nuit du r\u00e9seau de chauffage urbain","datePublished":"2026-04-02T14:47:47+00:00","dateModified":"2026-04-03T00:58:05+00:00","mainEntityOfPage":{"@id":"https:\/\/happynessradio.fr\/amiens\/articles\/salouel-travaux-de-nuit-du-reseau-de-chauffage-urbain\/"},"wordCount":397,"commentCount":0,"image":{"@id":"https:\/\/happynessradio.fr\/amiens\/articles\/salouel-travaux-de-nuit-du-reseau-de-chauffage-urbain\/#primaryimage"},"thumbnailUrl":"https:\/\/happynessradio.fr\/amiens\/wp-content\/uploads\/sites\/3\/2026\/04\/MockUp-Visuels-articles-41.webp","articleSection":["Amiens"],"inLanguage":"fr-FR","potentialAction":[{"@type":"CommentAction","name":"Comment","target":["https:\/\/happynessradio.fr\/amiens\/articles\/salouel-travaux-de-nuit-du-reseau-de-chauffage-urbain\/#respond"]}]},{"@type":"WebPage","@id":"https:\/\/happynessradio.fr\/amiens\/articles\/salouel-travaux-de-nuit-du-reseau-de-chauffage-urbain\/","url":"https:\/\/happynessradio.fr\/amiens\/articles\/salouel-travaux-de-nuit-du-reseau-de-chauffage-urbain\/","name":"Salou\u00ebl : travaux de nuit du r\u00e9seau de chauffage urbain - Happyness Amiens","isPartOf":{"@id":"https:\/\/happynessradio.fr\/amiens\/#website"},"primaryImageOfPage":{"@id":"https:\/\/happynessradio.fr\/amiens\/articles\/salouel-travaux-de-nuit-du-reseau-de-chauffage-urbain\/#primaryimage"},"image":{"@id":"https:\/\/happynessradio.fr\/amiens\/articles\/salouel-travaux-de-nuit-du-reseau-de-chauffage-urbain\/#primaryimage"},"thumbnailUrl":"https:\/\/happynessradio.fr\/amiens\/wp-content\/uploads\/sites\/3\/2026\/04\/MockUp-Visuels-articles-41.webp","datePublished":"2026-04-02T14:47:47+00:00","dateModified":"2026-04-03T00:58:05+00:00","author":{"@id":"https:\/\/happynessradio.fr\/amiens\/#\/schema\/person\/735f1a1ba15f9478beb4249ad52f7252"},"description":"Des travaux nocturnes d'extension du r\u00e9seau de chauffage \u00e0 Salou\u00ebl d\u00e9butent le 6 avril. Pr\u00e9parez-vous \u00e0 des restrictions de circulation, notamment pr\u00e8s du CHU.","breadcrumb":{"@id":"https:\/\/happynessradio.fr\/amiens\/articles\/salouel-travaux-de-nuit-du-reseau-de-chauffage-urbain\/#breadcrumb"},"inLanguage":"fr-FR","potentialAction":[{"@type":"ReadAction","target":["https:\/\/happynessradio.fr\/amiens\/articles\/salouel-travaux-de-nuit-du-reseau-de-chauffage-urbain\/"]}]},{"@type":"ImageObject","inLanguage":"fr-FR","@id":"https:\/\/happynessradio.fr\/amiens\/articles\/salouel-travaux-de-nuit-du-reseau-de-chauffage-urbain\/#primaryimage","url":"https:\/\/happynessradio.fr\/amiens\/wp-content\/uploads\/sites\/3\/2026\/04\/MockUp-Visuels-articles-41.webp","contentUrl":"https:\/\/happynessradio.fr\/amiens\/wp-content\/uploads\/sites\/3\/2026\/04\/MockUp-Visuels-articles-41.webp","width":1083,"height":486,"caption":"Une sc\u00e8ne urbaine nocturne montre une \u00e9quipe de construction travaillant sur une route municipale. Deux ouvriers sont visibles, dont un s'accroupit pour regarder dans un trou ouvert sur la chauss\u00e9e. Un excavateur est positionn\u00e9 derri\u00e8re eux, ses bras et godet jaunes se distinguant sur l'arri\u00e8re-plan sombre. La zone est balis\u00e9e avec des c\u00f4nes orange et des barri\u00e8res de s\u00e9curit\u00e9, et l'\u00e9clairage provient de projecteurs et de l'\u00e9clairage de la rue."},{"@type":"BreadcrumbList","@id":"https:\/\/happynessradio.fr\/amiens\/articles\/salouel-travaux-de-nuit-du-reseau-de-chauffage-urbain\/#breadcrumb","itemListElement":[{"@type":"ListItem","position":1,"name":"Accueil","item":"https:\/\/happynessradio.fr\/amiens\/"},{"@type":"ListItem","position":2,"name":"Salou\u00ebl : travaux de nuit du r\u00e9seau de chauffage urbain"}]},{"@type":"WebSite","@id":"https:\/\/happynessradio.fr\/amiens\/#website","url":"https:\/\/happynessradio.fr\/amiens\/","name":"Happyness Amiens","description":"Toujours au plus proche de vous","potentialAction":[{"@type":"SearchAction","target":{"@type":"EntryPoint","urlTemplate":"https:\/\/happynessradio.fr\/amiens\/?s={search_term_string}"},"query-input":{"@type":"PropertyValueSpecification","valueRequired":true,"valueName":"search_term_string"}}],"inLanguage":"fr-FR"},{"@type":"Person","@id":"https:\/\/happynessradio.fr\/amiens\/#\/schema\/person\/735f1a1ba15f9478beb4249ad52f7252","name":"Lo\u00efc Dun","image":{"@type":"ImageObject","inLanguage":"fr-FR","@id":"https:\/\/happynessradio.fr\/amiens\/wp-content\/uploads\/sites\/3\/2025\/12\/cropped-Portrait-Loic-25-26-96x96.webp","url":"https:\/\/happynessradio.fr\/amiens\/wp-content\/uploads\/sites\/3\/2025\/12\/cropped-Portrait-Loic-25-26-96x96.webp","contentUrl":"https:\/\/happynessradio.fr\/amiens\/wp-content\/uploads\/sites\/3\/2025\/12\/cropped-Portrait-Loic-25-26-96x96.webp","caption":"Lo\u00efc Dun"},"description":"R\u00e9dacteur web Happyness. Co-animateur (chroniqueur) Quoi d'neuf ? Amiens Chroniqueur Le R\u00e9veil Happyness","sameAs":["https:\/\/www.instagram.com\/lolo80radio\/","https:\/\/www.linkedin.com\/in\/loc-d-365960164\/"],"url":"https:\/\/happynessradio.fr\/amiens\/articles\/author\/loicdun\/"}]}},"modified_by":"Lo\u00efc Dun","_links":{"self":[{"href":"https:\/\/happynessradio.fr\/amiens\/wp-json\/wp\/v2\/posts\/12565","targetHints":{"allow":["GET"]}}],"collection":[{"href":"https:\/\/happynessradio.fr\/amiens\/wp-json\/wp\/v2\/posts"}],"about":[{"href":"https:\/\/happynessradio.fr\/amiens\/wp-json\/wp\/v2\/types\/post"}],"author":[{"embeddable":true,"href":"https:\/\/happynessradio.fr\/amiens\/wp-json\/wp\/v2\/users\/6"}],"replies":[{"embeddable":true,"href":"https:\/\/happynessradio.fr\/amiens\/wp-json\/wp\/v2\/comments?post=12565"}],"version-history":[{"count":2,"href":"https:\/\/happynessradio.fr\/amiens\/wp-json\/wp\/v2\/posts\/12565\/revisions"}],"predecessor-version":[{"id":12573,"href":"https:\/\/happynessradio.fr\/amiens\/wp-json\/wp\/v2\/posts\/12565\/revisions\/12573"}],"wp:featuredmedia":[{"embeddable":true,"href":"https:\/\/happynessradio.fr\/amiens\/wp-json\/wp\/v2\/media\/12566"}],"wp:attachment":[{"href":"https:\/\/happynessradio.fr\/amiens\/wp-json\/wp\/v2\/media?parent=12565"}],"wp:term":[{"taxonomy":"category","embeddable":true,"href":"https:\/\/happynessradio.fr\/amiens\/wp-json\/wp\/v2\/categories?post=12565"},{"taxonomy":"post_tag","embeddable":true,"href":"https:\/\/happynessradio.fr\/amiens\/wp-json\/wp\/v2\/tags?post=12565"}],"curies":[{"name":"wp","href":"https:\/\/api.w.org\/{rel}","templated":true}]}}