{"id":12571,"date":"2026-04-05T14:00:00","date_gmt":"2026-04-05T12:00:00","guid":{"rendered":"https:\/\/happynessradio.fr\/amiens\/?p=12571"},"modified":"2026-04-03T17:52:24","modified_gmt":"2026-04-03T15:52:24","slug":"meteo-somme-des-nuages-et-du-soleil-pour-mercredi","status":"publish","type":"post","link":"https:\/\/happynessradio.fr\/amiens\/articles\/meteo-somme-des-nuages-et-du-soleil-pour-mercredi\/","title":{"rendered":"M\u00e9t\u00e9o Somme : des nuages et du soleil pour mercredi"},"content":{"rendered":"\n<p><em>Dans la Somme, cette semaine, retour du soleil pour mercredi mais pr\u00e9sence de la pluie en fin de semaine. Voici nos pr\u00e9visions m\u00e9t\u00e9o \u00e0 Amiens, Abbeville, P\u00e9ronne et Albert.<\/em> <\/p>\n\n\n\n<h2 class=\"wp-block-heading\">Amiens<\/h2>\n\n\n\n<p>Ce semaine dans la Somme, les<a href=\"https:\/\/meteofrance.com\/\" id=\"https:\/\/meteofrance.com\/\"> nuages<\/a> seront pr\u00e9sents par intermittence dans le ciel avec 16\u00b0C avec un retour du soleil pour la journ\u00e9e de mardi avec 21 au thermom\u00e8tre. Retour d&rsquo;un temps nuageux en milieu de semaine avec une temp\u00e9rature identique \u00e0 lundi. C&rsquo;est jeudi qu&rsquo;il fera froid avec 14\u00b0C accompagn\u00e9 d&rsquo;averses et pour vendredi on s&rsquo;attend \u00e0 un temps tr\u00e8s couvert.<\/p>\n\n\n\n<h2 class=\"wp-block-heading\">Abbeville<\/h2>\n\n\n\n<p>Du c\u00f4t\u00e9 de l&rsquo;abbevillois, pr\u00e9sence de nuages par intermittence avec 16\u00b0C, lundi, et c&rsquo;est le lendemain que les rayons de l&rsquo;astre solaire devraient faire leur apparition avec une vingtaine de degr\u00e9s. Mercredi, il faudra pr\u00e9voir le parapluie. Pour la fin de semaine, encore des gouttes de pluie. <\/p>\n\n\n\n<h2 class=\"wp-block-heading\">P\u00e9ronne<\/h2>\n\n\n\n<p>Dans le secteur de P\u00e9ronne, 15\u00b0C pour la journ\u00e9e de lundi avec un retour du soleil pour mardi avec 21 au thermom\u00e8tre. Mercredi, les nuages seront au rendez-vous avec 16 degr\u00e9s au programme. On terminera la semaine avec des pluies attendus pour jeudi avec quelques passages nuageux. <\/p>\n\n\n\n<h2 class=\"wp-block-heading\">Albert<\/h2>\n\n\n\n<p>Concernant la ville d&rsquo;Albert et ses alentours, une quinzaine de degr\u00e9s pour d\u00e9buter la semaine avec la pr\u00e9sence de nuages, mais que no nos amis albertins se rassurent, ils pourront retrouver le soleil pour la journ\u00e9e de mardi avec 21\u00b0C, tandis que le lendemain retour d&rsquo;un temps nuageux. Et pour finir jeudi, \u00e7a sera la f\u00eate \u00e0 la grenouille, en raison de la pr\u00e9sence de la pluie. <\/p>\n\n\n\n<p><\/p>\n","protected":false},"excerpt":{"rendered":"<p>Dans la Somme, cette semaine, retour du soleil pour mercredi mais pr\u00e9sence de la pluie en fin de semaine. Voici nos pr\u00e9visions m\u00e9t\u00e9o \u00e0 Amiens, Abbeville, P\u00e9ronne et Albert. Amiens Ce semaine dans la Somme, les nuages seront pr\u00e9sents par intermittence dans le ciel avec 16\u00b0C avec un retour du soleil pour la journ\u00e9e de mardi avec 21 au thermom\u00e8tre. Retour d&rsquo;un temps nuageux en milieu de semaine avec une temp\u00e9rature identique \u00e0 lundi. C&rsquo;est jeudi qu&rsquo;il fera froid avec 14\u00b0C accompagn\u00e9 d&rsquo;averses et pour vendredi on s&rsquo;attend \u00e0 un temps tr\u00e8s couvert. Abbeville Du c\u00f4t\u00e9 de l&rsquo;abbevillois, pr\u00e9sence de nuages par intermittence avec 16\u00b0C, lundi, et c&rsquo;est le lendemain que les rayons de l&rsquo;astre solaire devraient faire leur apparition avec une vingtaine de degr\u00e9s. Mercredi, il faudra pr\u00e9voir le parapluie. Pour la fin de semaine, encore des gouttes de pluie. P\u00e9ronne Dans le secteur de P\u00e9ronne, 15\u00b0C pour la journ\u00e9e de lundi avec un retour du soleil pour mardi avec 21 au thermom\u00e8tre. Mercredi, les nuages seront au rendez-vous avec 16 degr\u00e9s au programme. On terminera la semaine avec des pluies attendus pour jeudi avec quelques passages nuageux. Albert Concernant la ville d&rsquo;Albert et ses alentours, une quinzaine de degr\u00e9s pour d\u00e9buter la semaine avec la pr\u00e9sence de nuages, mais que no nos amis albertins se rassurent, ils pourront retrouver le soleil pour la journ\u00e9e de mardi avec 21\u00b0C, tandis que le lendemain retour d&rsquo;un temps nuageux. Et pour finir jeudi, \u00e7a sera la f\u00eate \u00e0 la grenouille, en raison de la pr\u00e9sence de la pluie.<\/p>\n","protected":false},"author":6,"featured_media":12386,"comment_status":"open","ping_status":"open","sticky":false,"template":"","format":"standard","meta":{"_lmt_disableupdate":"","_lmt_disable":"","footnotes":""},"categories":[1],"tags":[],"class_list":["post-12571","post","type-post","status-publish","format-standard","has-post-thumbnail","hentry","category-non-classe"],"yoast_head":"<!-- This site is optimized with the Yoast SEO plugin v27.5 - https:\/\/yoast.com\/product\/yoast-seo-wordpress\/ -->\n<title>M\u00e9t\u00e9o Somme : des nuages et du soleil pour mercredi - Happyness Amiens<\/title>\n<meta name=\"description\" content=\"D\u00e9couvrez les pr\u00e9visions m\u00e9t\u00e9o de la semaine dans la Somme. Entre douceur \u00e0 21\u00b0C ce mardi et retour de la pluie d\u00e8s jeudi \u00e0 Amiens, Abbeville et P\u00e9ronne, restez inform\u00e9s.\" \/>\n<meta name=\"robots\" content=\"index, follow, max-snippet:-1, max-image-preview:large, max-video-preview:-1\" \/>\n<link rel=\"canonical\" href=\"https:\/\/happynessradio.fr\/amiens\/articles\/meteo-somme-des-nuages-et-du-soleil-pour-mercredi\/\" \/>\n<meta property=\"og:locale\" content=\"fr_FR\" \/>\n<meta property=\"og:type\" content=\"article\" \/>\n<meta property=\"og:title\" content=\"M\u00e9t\u00e9o Somme : des nuages et du soleil pour mercredi - Happyness Amiens\" \/>\n<meta property=\"og:description\" content=\"D\u00e9couvrez les pr\u00e9visions m\u00e9t\u00e9o de la semaine dans la Somme. Entre douceur \u00e0 21\u00b0C ce mardi et retour de la pluie d\u00e8s jeudi \u00e0 Amiens, Abbeville et P\u00e9ronne, restez inform\u00e9s.\" \/>\n<meta property=\"og:url\" content=\"https:\/\/happynessradio.fr\/amiens\/articles\/meteo-somme-des-nuages-et-du-soleil-pour-mercredi\/\" \/>\n<meta property=\"og:site_name\" content=\"Happyness Amiens\" \/>\n<meta property=\"article:published_time\" content=\"2026-04-05T12:00:00+00:00\" \/>\n<meta property=\"og:image\" content=\"https:\/\/happynessradio.fr\/amiens\/wp-content\/uploads\/sites\/3\/2026\/03\/MockUp-Visuels-articles-5.webp\" \/>\n\t<meta property=\"og:image:width\" content=\"1083\" \/>\n\t<meta property=\"og:image:height\" content=\"486\" \/>\n\t<meta property=\"og:image:type\" content=\"image\/webp\" \/>\n<meta name=\"author\" content=\"Lo\u00efc Dun\" \/>\n<meta name=\"twitter:card\" content=\"summary_large_image\" \/>\n<meta name=\"twitter:label1\" content=\"\u00c9crit par\" \/>\n\t<meta name=\"twitter:data1\" content=\"Lo\u00efc Dun\" \/>\n\t<meta name=\"twitter:label2\" content=\"Dur\u00e9e de lecture estim\u00e9e\" \/>\n\t<meta name=\"twitter:data2\" content=\"2 minutes\" \/>\n<script type=\"application\/ld+json\" class=\"yoast-schema-graph\">{\"@context\":\"https:\\\/\\\/schema.org\",\"@graph\":[{\"@type\":\"Article\",\"@id\":\"https:\\\/\\\/happynessradio.fr\\\/amiens\\\/articles\\\/meteo-somme-des-nuages-et-du-soleil-pour-mercredi\\\/#article\",\"isPartOf\":{\"@id\":\"https:\\\/\\\/happynessradio.fr\\\/amiens\\\/articles\\\/meteo-somme-des-nuages-et-du-soleil-pour-mercredi\\\/\"},\"author\":{\"name\":\"Lo\u00efc Dun\",\"@id\":\"https:\\\/\\\/happynessradio.fr\\\/amiens\\\/#\\\/schema\\\/person\\\/735f1a1ba15f9478beb4249ad52f7252\"},\"headline\":\"M\u00e9t\u00e9o Somme : des nuages et du soleil pour mercredi\",\"datePublished\":\"2026-04-05T12:00:00+00:00\",\"mainEntityOfPage\":{\"@id\":\"https:\\\/\\\/happynessradio.fr\\\/amiens\\\/articles\\\/meteo-somme-des-nuages-et-du-soleil-pour-mercredi\\\/\"},\"wordCount\":296,\"commentCount\":0,\"image\":{\"@id\":\"https:\\\/\\\/happynessradio.fr\\\/amiens\\\/articles\\\/meteo-somme-des-nuages-et-du-soleil-pour-mercredi\\\/#primaryimage\"},\"thumbnailUrl\":\"https:\\\/\\\/happynessradio.fr\\\/amiens\\\/wp-content\\\/uploads\\\/sites\\\/3\\\/2026\\\/03\\\/MockUp-Visuels-articles-5.webp\",\"inLanguage\":\"fr-FR\",\"potentialAction\":[{\"@type\":\"CommentAction\",\"name\":\"Comment\",\"target\":[\"https:\\\/\\\/happynessradio.fr\\\/amiens\\\/articles\\\/meteo-somme-des-nuages-et-du-soleil-pour-mercredi\\\/#respond\"]}]},{\"@type\":\"WebPage\",\"@id\":\"https:\\\/\\\/happynessradio.fr\\\/amiens\\\/articles\\\/meteo-somme-des-nuages-et-du-soleil-pour-mercredi\\\/\",\"url\":\"https:\\\/\\\/happynessradio.fr\\\/amiens\\\/articles\\\/meteo-somme-des-nuages-et-du-soleil-pour-mercredi\\\/\",\"name\":\"M\u00e9t\u00e9o Somme : des nuages et du soleil pour mercredi - Happyness Amiens\",\"isPartOf\":{\"@id\":\"https:\\\/\\\/happynessradio.fr\\\/amiens\\\/#website\"},\"primaryImageOfPage\":{\"@id\":\"https:\\\/\\\/happynessradio.fr\\\/amiens\\\/articles\\\/meteo-somme-des-nuages-et-du-soleil-pour-mercredi\\\/#primaryimage\"},\"image\":{\"@id\":\"https:\\\/\\\/happynessradio.fr\\\/amiens\\\/articles\\\/meteo-somme-des-nuages-et-du-soleil-pour-mercredi\\\/#primaryimage\"},\"thumbnailUrl\":\"https:\\\/\\\/happynessradio.fr\\\/amiens\\\/wp-content\\\/uploads\\\/sites\\\/3\\\/2026\\\/03\\\/MockUp-Visuels-articles-5.webp\",\"datePublished\":\"2026-04-05T12:00:00+00:00\",\"author\":{\"@id\":\"https:\\\/\\\/happynessradio.fr\\\/amiens\\\/#\\\/schema\\\/person\\\/735f1a1ba15f9478beb4249ad52f7252\"},\"description\":\"D\u00e9couvrez les pr\u00e9visions m\u00e9t\u00e9o de la semaine dans la Somme. Entre douceur \u00e0 21\u00b0C ce mardi et retour de la pluie d\u00e8s jeudi \u00e0 Amiens, Abbeville et P\u00e9ronne, restez inform\u00e9s.\",\"breadcrumb\":{\"@id\":\"https:\\\/\\\/happynessradio.fr\\\/amiens\\\/articles\\\/meteo-somme-des-nuages-et-du-soleil-pour-mercredi\\\/#breadcrumb\"},\"inLanguage\":\"fr-FR\",\"potentialAction\":[{\"@type\":\"ReadAction\",\"target\":[\"https:\\\/\\\/happynessradio.fr\\\/amiens\\\/articles\\\/meteo-somme-des-nuages-et-du-soleil-pour-mercredi\\\/\"]}]},{\"@type\":\"ImageObject\",\"inLanguage\":\"fr-FR\",\"@id\":\"https:\\\/\\\/happynessradio.fr\\\/amiens\\\/articles\\\/meteo-somme-des-nuages-et-du-soleil-pour-mercredi\\\/#primaryimage\",\"url\":\"https:\\\/\\\/happynessradio.fr\\\/amiens\\\/wp-content\\\/uploads\\\/sites\\\/3\\\/2026\\\/03\\\/MockUp-Visuels-articles-5.webp\",\"contentUrl\":\"https:\\\/\\\/happynessradio.fr\\\/amiens\\\/wp-content\\\/uploads\\\/sites\\\/3\\\/2026\\\/03\\\/MockUp-Visuels-articles-5.webp\",\"width\":1083,\"height\":486,\"caption\":\"Vue d'un ciel couvert d'\u00e9pais nuages gris orageux et tourbillonnants, encadr\u00e9e par deux formes g\u00e9om\u00e9triques rouges triangulaires en haut \u00e0 gauche et en bas \u00e0 droite.\"},{\"@type\":\"BreadcrumbList\",\"@id\":\"https:\\\/\\\/happynessradio.fr\\\/amiens\\\/articles\\\/meteo-somme-des-nuages-et-du-soleil-pour-mercredi\\\/#breadcrumb\",\"itemListElement\":[{\"@type\":\"ListItem\",\"position\":1,\"name\":\"Accueil\",\"item\":\"https:\\\/\\\/happynessradio.fr\\\/amiens\\\/\"},{\"@type\":\"ListItem\",\"position\":2,\"name\":\"M\u00e9t\u00e9o Somme : des nuages et du soleil pour mercredi\"}]},{\"@type\":\"WebSite\",\"@id\":\"https:\\\/\\\/happynessradio.fr\\\/amiens\\\/#website\",\"url\":\"https:\\\/\\\/happynessradio.fr\\\/amiens\\\/\",\"name\":\"Happyness Amiens\",\"description\":\"Toujours au plus proche de vous\",\"potentialAction\":[{\"@type\":\"SearchAction\",\"target\":{\"@type\":\"EntryPoint\",\"urlTemplate\":\"https:\\\/\\\/happynessradio.fr\\\/amiens\\\/?s={search_term_string}\"},\"query-input\":{\"@type\":\"PropertyValueSpecification\",\"valueRequired\":true,\"valueName\":\"search_term_string\"}}],\"inLanguage\":\"fr-FR\"},{\"@type\":\"Person\",\"@id\":\"https:\\\/\\\/happynessradio.fr\\\/amiens\\\/#\\\/schema\\\/person\\\/735f1a1ba15f9478beb4249ad52f7252\",\"name\":\"Lo\u00efc Dun\",\"image\":{\"@type\":\"ImageObject\",\"inLanguage\":\"fr-FR\",\"@id\":\"https:\\\/\\\/happynessradio.fr\\\/amiens\\\/wp-content\\\/uploads\\\/sites\\\/3\\\/2025\\\/12\\\/cropped-Portrait-Loic-25-26-96x96.webp\",\"url\":\"https:\\\/\\\/happynessradio.fr\\\/amiens\\\/wp-content\\\/uploads\\\/sites\\\/3\\\/2025\\\/12\\\/cropped-Portrait-Loic-25-26-96x96.webp\",\"contentUrl\":\"https:\\\/\\\/happynessradio.fr\\\/amiens\\\/wp-content\\\/uploads\\\/sites\\\/3\\\/2025\\\/12\\\/cropped-Portrait-Loic-25-26-96x96.webp\",\"caption\":\"Lo\u00efc Dun\"},\"description\":\"R\u00e9dacteur web Happyness. Co-animateur (chroniqueur) Quoi d'neuf ? Amiens Chroniqueur Le R\u00e9veil Happyness\",\"sameAs\":[\"https:\\\/\\\/www.instagram.com\\\/lolo80radio\\\/\",\"https:\\\/\\\/www.linkedin.com\\\/in\\\/loc-d-365960164\\\/\"],\"url\":\"https:\\\/\\\/happynessradio.fr\\\/amiens\\\/articles\\\/author\\\/loicdun\\\/\"}]}<\/script>\n<!-- \/ Yoast SEO plugin. -->","yoast_head_json":{"title":"M\u00e9t\u00e9o Somme : des nuages et du soleil pour mercredi - Happyness Amiens","description":"D\u00e9couvrez les pr\u00e9visions m\u00e9t\u00e9o de la semaine dans la Somme. Entre douceur \u00e0 21\u00b0C ce mardi et retour de la pluie d\u00e8s jeudi \u00e0 Amiens, Abbeville et P\u00e9ronne, restez inform\u00e9s.","robots":{"index":"index","follow":"follow","max-snippet":"max-snippet:-1","max-image-preview":"max-image-preview:large","max-video-preview":"max-video-preview:-1"},"canonical":"https:\/\/happynessradio.fr\/amiens\/articles\/meteo-somme-des-nuages-et-du-soleil-pour-mercredi\/","og_locale":"fr_FR","og_type":"article","og_title":"M\u00e9t\u00e9o Somme : des nuages et du soleil pour mercredi - Happyness Amiens","og_description":"D\u00e9couvrez les pr\u00e9visions m\u00e9t\u00e9o de la semaine dans la Somme. Entre douceur \u00e0 21\u00b0C ce mardi et retour de la pluie d\u00e8s jeudi \u00e0 Amiens, Abbeville et P\u00e9ronne, restez inform\u00e9s.","og_url":"https:\/\/happynessradio.fr\/amiens\/articles\/meteo-somme-des-nuages-et-du-soleil-pour-mercredi\/","og_site_name":"Happyness Amiens","article_published_time":"2026-04-05T12:00:00+00:00","og_image":[{"width":1083,"height":486,"url":"https:\/\/happynessradio.fr\/amiens\/wp-content\/uploads\/sites\/3\/2026\/03\/MockUp-Visuels-articles-5.webp","type":"image\/webp"}],"author":"Lo\u00efc Dun","twitter_card":"summary_large_image","twitter_misc":{"\u00c9crit par":"Lo\u00efc Dun","Dur\u00e9e de lecture estim\u00e9e":"2 minutes"},"schema":{"@context":"https:\/\/schema.org","@graph":[{"@type":"Article","@id":"https:\/\/happynessradio.fr\/amiens\/articles\/meteo-somme-des-nuages-et-du-soleil-pour-mercredi\/#article","isPartOf":{"@id":"https:\/\/happynessradio.fr\/amiens\/articles\/meteo-somme-des-nuages-et-du-soleil-pour-mercredi\/"},"author":{"name":"Lo\u00efc Dun","@id":"https:\/\/happynessradio.fr\/amiens\/#\/schema\/person\/735f1a1ba15f9478beb4249ad52f7252"},"headline":"M\u00e9t\u00e9o Somme : des nuages et du soleil pour mercredi","datePublished":"2026-04-05T12:00:00+00:00","mainEntityOfPage":{"@id":"https:\/\/happynessradio.fr\/amiens\/articles\/meteo-somme-des-nuages-et-du-soleil-pour-mercredi\/"},"wordCount":296,"commentCount":0,"image":{"@id":"https:\/\/happynessradio.fr\/amiens\/articles\/meteo-somme-des-nuages-et-du-soleil-pour-mercredi\/#primaryimage"},"thumbnailUrl":"https:\/\/happynessradio.fr\/amiens\/wp-content\/uploads\/sites\/3\/2026\/03\/MockUp-Visuels-articles-5.webp","inLanguage":"fr-FR","potentialAction":[{"@type":"CommentAction","name":"Comment","target":["https:\/\/happynessradio.fr\/amiens\/articles\/meteo-somme-des-nuages-et-du-soleil-pour-mercredi\/#respond"]}]},{"@type":"WebPage","@id":"https:\/\/happynessradio.fr\/amiens\/articles\/meteo-somme-des-nuages-et-du-soleil-pour-mercredi\/","url":"https:\/\/happynessradio.fr\/amiens\/articles\/meteo-somme-des-nuages-et-du-soleil-pour-mercredi\/","name":"M\u00e9t\u00e9o Somme : des nuages et du soleil pour mercredi - Happyness Amiens","isPartOf":{"@id":"https:\/\/happynessradio.fr\/amiens\/#website"},"primaryImageOfPage":{"@id":"https:\/\/happynessradio.fr\/amiens\/articles\/meteo-somme-des-nuages-et-du-soleil-pour-mercredi\/#primaryimage"},"image":{"@id":"https:\/\/happynessradio.fr\/amiens\/articles\/meteo-somme-des-nuages-et-du-soleil-pour-mercredi\/#primaryimage"},"thumbnailUrl":"https:\/\/happynessradio.fr\/amiens\/wp-content\/uploads\/sites\/3\/2026\/03\/MockUp-Visuels-articles-5.webp","datePublished":"2026-04-05T12:00:00+00:00","author":{"@id":"https:\/\/happynessradio.fr\/amiens\/#\/schema\/person\/735f1a1ba15f9478beb4249ad52f7252"},"description":"D\u00e9couvrez les pr\u00e9visions m\u00e9t\u00e9o de la semaine dans la Somme. Entre douceur \u00e0 21\u00b0C ce mardi et retour de la pluie d\u00e8s jeudi \u00e0 Amiens, Abbeville et P\u00e9ronne, restez inform\u00e9s.","breadcrumb":{"@id":"https:\/\/happynessradio.fr\/amiens\/articles\/meteo-somme-des-nuages-et-du-soleil-pour-mercredi\/#breadcrumb"},"inLanguage":"fr-FR","potentialAction":[{"@type":"ReadAction","target":["https:\/\/happynessradio.fr\/amiens\/articles\/meteo-somme-des-nuages-et-du-soleil-pour-mercredi\/"]}]},{"@type":"ImageObject","inLanguage":"fr-FR","@id":"https:\/\/happynessradio.fr\/amiens\/articles\/meteo-somme-des-nuages-et-du-soleil-pour-mercredi\/#primaryimage","url":"https:\/\/happynessradio.fr\/amiens\/wp-content\/uploads\/sites\/3\/2026\/03\/MockUp-Visuels-articles-5.webp","contentUrl":"https:\/\/happynessradio.fr\/amiens\/wp-content\/uploads\/sites\/3\/2026\/03\/MockUp-Visuels-articles-5.webp","width":1083,"height":486,"caption":"Vue d'un ciel couvert d'\u00e9pais nuages gris orageux et tourbillonnants, encadr\u00e9e par deux formes g\u00e9om\u00e9triques rouges triangulaires en haut \u00e0 gauche et en bas \u00e0 droite."},{"@type":"BreadcrumbList","@id":"https:\/\/happynessradio.fr\/amiens\/articles\/meteo-somme-des-nuages-et-du-soleil-pour-mercredi\/#breadcrumb","itemListElement":[{"@type":"ListItem","position":1,"name":"Accueil","item":"https:\/\/happynessradio.fr\/amiens\/"},{"@type":"ListItem","position":2,"name":"M\u00e9t\u00e9o Somme : des nuages et du soleil pour mercredi"}]},{"@type":"WebSite","@id":"https:\/\/happynessradio.fr\/amiens\/#website","url":"https:\/\/happynessradio.fr\/amiens\/","name":"Happyness Amiens","description":"Toujours au plus proche de vous","potentialAction":[{"@type":"SearchAction","target":{"@type":"EntryPoint","urlTemplate":"https:\/\/happynessradio.fr\/amiens\/?s={search_term_string}"},"query-input":{"@type":"PropertyValueSpecification","valueRequired":true,"valueName":"search_term_string"}}],"inLanguage":"fr-FR"},{"@type":"Person","@id":"https:\/\/happynessradio.fr\/amiens\/#\/schema\/person\/735f1a1ba15f9478beb4249ad52f7252","name":"Lo\u00efc Dun","image":{"@type":"ImageObject","inLanguage":"fr-FR","@id":"https:\/\/happynessradio.fr\/amiens\/wp-content\/uploads\/sites\/3\/2025\/12\/cropped-Portrait-Loic-25-26-96x96.webp","url":"https:\/\/happynessradio.fr\/amiens\/wp-content\/uploads\/sites\/3\/2025\/12\/cropped-Portrait-Loic-25-26-96x96.webp","contentUrl":"https:\/\/happynessradio.fr\/amiens\/wp-content\/uploads\/sites\/3\/2025\/12\/cropped-Portrait-Loic-25-26-96x96.webp","caption":"Lo\u00efc Dun"},"description":"R\u00e9dacteur web Happyness. Co-animateur (chroniqueur) Quoi d'neuf ? Amiens Chroniqueur Le R\u00e9veil Happyness","sameAs":["https:\/\/www.instagram.com\/lolo80radio\/","https:\/\/www.linkedin.com\/in\/loc-d-365960164\/"],"url":"https:\/\/happynessradio.fr\/amiens\/articles\/author\/loicdun\/"}]}},"modified_by":"Lo\u00efc Dun","_links":{"self":[{"href":"https:\/\/happynessradio.fr\/amiens\/wp-json\/wp\/v2\/posts\/12571","targetHints":{"allow":["GET"]}}],"collection":[{"href":"https:\/\/happynessradio.fr\/amiens\/wp-json\/wp\/v2\/posts"}],"about":[{"href":"https:\/\/happynessradio.fr\/amiens\/wp-json\/wp\/v2\/types\/post"}],"author":[{"embeddable":true,"href":"https:\/\/happynessradio.fr\/amiens\/wp-json\/wp\/v2\/users\/6"}],"replies":[{"embeddable":true,"href":"https:\/\/happynessradio.fr\/amiens\/wp-json\/wp\/v2\/comments?post=12571"}],"version-history":[{"count":4,"href":"https:\/\/happynessradio.fr\/amiens\/wp-json\/wp\/v2\/posts\/12571\/revisions"}],"predecessor-version":[{"id":12579,"href":"https:\/\/happynessradio.fr\/amiens\/wp-json\/wp\/v2\/posts\/12571\/revisions\/12579"}],"wp:featuredmedia":[{"embeddable":true,"href":"https:\/\/happynessradio.fr\/amiens\/wp-json\/wp\/v2\/media\/12386"}],"wp:attachment":[{"href":"https:\/\/happynessradio.fr\/amiens\/wp-json\/wp\/v2\/media?parent=12571"}],"wp:term":[{"taxonomy":"category","embeddable":true,"href":"https:\/\/happynessradio.fr\/amiens\/wp-json\/wp\/v2\/categories?post=12571"},{"taxonomy":"post_tag","embeddable":true,"href":"https:\/\/happynessradio.fr\/amiens\/wp-json\/wp\/v2\/tags?post=12571"}],"curies":[{"name":"wp","href":"https:\/\/api.w.org\/{rel}","templated":true}]}}