{"id":12580,"date":"2026-04-03T18:20:12","date_gmt":"2026-04-03T16:20:12","guid":{"rendered":"https:\/\/happynessradio.fr\/amiens\/?p=12580"},"modified":"2026-04-03T18:28:13","modified_gmt":"2026-04-03T16:28:13","slug":"saleux-la-rederie-de-retour-au-mois-de-mai","status":"publish","type":"post","link":"https:\/\/happynessradio.fr\/amiens\/articles\/saleux-la-rederie-de-retour-au-mois-de-mai\/","title":{"rendered":"Saleux : La r\u00e9derie de retour au mois de mai"},"content":{"rendered":"\n<p><em>Le centre de la commune de Saleux (en banlieue d&rsquo;Amiens) sera anim\u00e9 \u00e0 l&rsquo;occasion de l&rsquo;organisation de la traditionnelle r\u00e9derie dans la rue Jean Catelas par l&rsquo;association de jumelage Saleux\/M\u00f6gglingen, le 1er mai entre 6 h et 18 h. Les inscriptions seront ouvertes durant le mois d&rsquo;avril.<\/em><\/p>\n\n\n\n<h2 class=\"wp-block-heading\">Rue Jean Catelas<\/h2>\n\n\n\n<p>Le 1er mai de 6 h \u00e0 18 h, le centre de la <a href=\"https:\/\/www.saleux.fr\/\" id=\"https:\/\/www.saleux.fr\/\">commune de Saleux<\/a> (en banlieue d&rsquo;Amiens) sera anim\u00e9 \u00e0 l&rsquo;occasion de l&rsquo;organisation de la traditionnelle r\u00e9derie dans la rue Jean Catelas par l&rsquo;association de jumelage Saleux\/M\u00f6gglingen. Le moment id\u00e9al pour d\u00e9nicher la perle rare ou tout simplement se balader le long des divers stands install\u00e9s, le tout en esp\u00e9rant que le soleil sera au rendez-vous.<\/p>\n\n\n\n<h2 class=\"wp-block-heading\">Les inscriptions en avril <\/h2>\n\n\n\n<p>A noter que si vous souhaitez y participer, il suffit de se rendre au permanences pour pouvoir s&rsquo;inscrire le mardi 21 avril de 17 h \u00e0 19 h, vendredi 24 avril de 17 h \u00e0 18 h 30 et mardi 28 avril de 17 h \u00e0 18 h.\u00a0RDV au pr\u00e9fabriqu\u00e9, place de la r\u00e9publique (\u00e0 proximit\u00e9 de la mairie). Pour s&rsquo;alimenter le jour de l&rsquo;\u00e9v\u00e9nement, une restauration ainsi qu&rsquo;une buvette sont pr\u00e9vues.<\/p>\n\n\n\n<h2 class=\"wp-block-heading\">Comment venir ? <\/h2>\n\n\n\n<p>Pour venir en venant d&rsquo;Amiens, il suffit d&#8217;emprunter la route de Rouen (attention travaux route de Conty) ou emprunter l&rsquo;autoroute A29 (sortie 31). A noter qu&rsquo;en raison de la F\u00eate de la travail, le r\u00e9seau de bus ne fonctionnera pas. Pr\u00e9voir de venir en voiture ou bien \u00e0 v\u00e9lo. A savoir que la circulation dans la zone de la brocante ne sera pas possible, pr\u00e9voir de se stationner en dehors.<\/p>\n\n\n\n<p><\/p>\n","protected":false},"excerpt":{"rendered":"<p>Le centre de la commune de Saleux (en banlieue d&rsquo;Amiens) sera anim\u00e9 \u00e0 l&rsquo;occasion de l&rsquo;organisation de la traditionnelle r\u00e9derie dans la rue Jean Catelas par l&rsquo;association de jumelage Saleux\/M\u00f6gglingen, le 1er mai entre 6 h et 18 h. Les inscriptions seront ouvertes durant le mois d&rsquo;avril. Rue Jean Catelas Le 1er mai de 6 h \u00e0 18 h, le centre de la commune de Saleux (en banlieue d&rsquo;Amiens) sera anim\u00e9 \u00e0 l&rsquo;occasion de l&rsquo;organisation de la traditionnelle r\u00e9derie dans la rue Jean Catelas par l&rsquo;association de jumelage Saleux\/M\u00f6gglingen. Le moment id\u00e9al pour d\u00e9nicher la perle rare ou tout simplement se balader le long des divers stands install\u00e9s, le tout en esp\u00e9rant que le soleil sera au rendez-vous. Les inscriptions en avril A noter que si vous souhaitez y participer, il suffit de se rendre au permanences pour pouvoir s&rsquo;inscrire le mardi 21 avril de 17 h \u00e0 19 h, vendredi 24 avril de 17 h \u00e0 18 h 30 et mardi 28 avril de 17 h \u00e0 18 h.\u00a0RDV au pr\u00e9fabriqu\u00e9, place de la r\u00e9publique (\u00e0 proximit\u00e9 de la mairie). Pour s&rsquo;alimenter le jour de l&rsquo;\u00e9v\u00e9nement, une restauration ainsi qu&rsquo;une buvette sont pr\u00e9vues. Comment venir ? Pour venir en venant d&rsquo;Amiens, il suffit d&#8217;emprunter la route de Rouen (attention travaux route de Conty) ou emprunter l&rsquo;autoroute A29 (sortie 31). A noter qu&rsquo;en raison de la F\u00eate de la travail, le r\u00e9seau de bus ne fonctionnera pas. Pr\u00e9voir de venir en voiture ou bien \u00e0 v\u00e9lo. A savoir que la circulation dans la zone de la brocante ne sera pas possible, pr\u00e9voir de se stationner en dehors.<\/p>\n","protected":false},"author":6,"featured_media":12581,"comment_status":"open","ping_status":"open","sticky":false,"template":"","format":"standard","meta":{"_lmt_disableupdate":"","_lmt_disable":"","footnotes":""},"categories":[11],"tags":[],"class_list":["post-12580","post","type-post","status-publish","format-standard","has-post-thumbnail","hentry","category-amiens"],"yoast_head":"<!-- This site is optimized with the Yoast SEO plugin v27.5 - https:\/\/yoast.com\/product\/yoast-seo-wordpress\/ -->\n<title>Saleux : La r\u00e9derie de retour au mois de mai - Happyness Amiens<\/title>\n<meta name=\"description\" content=\"Ne manquez pas la traditionnelle r\u00e9derie de Saleux le 1er mai, rue Jean Catelas ! Horaires, infos pratiques pour les visiteurs et dates d&#039;inscription en avril : tout savoir pour d\u00e9nicher la perle rare.\" \/>\n<meta name=\"robots\" content=\"index, follow, max-snippet:-1, max-image-preview:large, max-video-preview:-1\" \/>\n<link rel=\"canonical\" href=\"https:\/\/happynessradio.fr\/amiens\/articles\/saleux-la-rederie-de-retour-au-mois-de-mai\/\" \/>\n<meta property=\"og:locale\" content=\"fr_FR\" \/>\n<meta property=\"og:type\" content=\"article\" \/>\n<meta property=\"og:title\" content=\"Saleux : La r\u00e9derie de retour au mois de mai - Happyness Amiens\" \/>\n<meta property=\"og:description\" content=\"Ne manquez pas la traditionnelle r\u00e9derie de Saleux le 1er mai, rue Jean Catelas ! Horaires, infos pratiques pour les visiteurs et dates d&#039;inscription en avril : tout savoir pour d\u00e9nicher la perle rare.\" \/>\n<meta property=\"og:url\" content=\"https:\/\/happynessradio.fr\/amiens\/articles\/saleux-la-rederie-de-retour-au-mois-de-mai\/\" \/>\n<meta property=\"og:site_name\" content=\"Happyness Amiens\" \/>\n<meta property=\"article:published_time\" content=\"2026-04-03T16:20:12+00:00\" \/>\n<meta property=\"article:modified_time\" content=\"2026-04-03T16:28:13+00:00\" \/>\n<meta property=\"og:image\" content=\"https:\/\/happynessradio.fr\/amiens\/wp-content\/uploads\/sites\/3\/2026\/04\/MockUp-Visuels-articles-44.webp\" \/>\n\t<meta property=\"og:image:width\" content=\"1083\" \/>\n\t<meta property=\"og:image:height\" content=\"486\" \/>\n\t<meta property=\"og:image:type\" content=\"image\/webp\" \/>\n<meta name=\"author\" content=\"Lo\u00efc Dun\" \/>\n<meta name=\"twitter:card\" content=\"summary_large_image\" \/>\n<meta name=\"twitter:label1\" content=\"\u00c9crit par\" \/>\n\t<meta name=\"twitter:data1\" content=\"Lo\u00efc Dun\" \/>\n\t<meta name=\"twitter:label2\" content=\"Dur\u00e9e de lecture estim\u00e9e\" \/>\n\t<meta name=\"twitter:data2\" content=\"2 minutes\" \/>\n<script type=\"application\/ld+json\" class=\"yoast-schema-graph\">{\"@context\":\"https:\\\/\\\/schema.org\",\"@graph\":[{\"@type\":\"Article\",\"@id\":\"https:\\\/\\\/happynessradio.fr\\\/amiens\\\/articles\\\/saleux-la-rederie-de-retour-au-mois-de-mai\\\/#article\",\"isPartOf\":{\"@id\":\"https:\\\/\\\/happynessradio.fr\\\/amiens\\\/articles\\\/saleux-la-rederie-de-retour-au-mois-de-mai\\\/\"},\"author\":{\"name\":\"Lo\u00efc Dun\",\"@id\":\"https:\\\/\\\/happynessradio.fr\\\/amiens\\\/#\\\/schema\\\/person\\\/735f1a1ba15f9478beb4249ad52f7252\"},\"headline\":\"Saleux : La r\u00e9derie de retour au mois de mai\",\"datePublished\":\"2026-04-03T16:20:12+00:00\",\"dateModified\":\"2026-04-03T16:28:13+00:00\",\"mainEntityOfPage\":{\"@id\":\"https:\\\/\\\/happynessradio.fr\\\/amiens\\\/articles\\\/saleux-la-rederie-de-retour-au-mois-de-mai\\\/\"},\"wordCount\":290,\"commentCount\":0,\"image\":{\"@id\":\"https:\\\/\\\/happynessradio.fr\\\/amiens\\\/articles\\\/saleux-la-rederie-de-retour-au-mois-de-mai\\\/#primaryimage\"},\"thumbnailUrl\":\"https:\\\/\\\/happynessradio.fr\\\/amiens\\\/wp-content\\\/uploads\\\/sites\\\/3\\\/2026\\\/04\\\/MockUp-Visuels-articles-44.webp\",\"articleSection\":[\"Amiens\"],\"inLanguage\":\"fr-FR\",\"potentialAction\":[{\"@type\":\"CommentAction\",\"name\":\"Comment\",\"target\":[\"https:\\\/\\\/happynessradio.fr\\\/amiens\\\/articles\\\/saleux-la-rederie-de-retour-au-mois-de-mai\\\/#respond\"]}]},{\"@type\":\"WebPage\",\"@id\":\"https:\\\/\\\/happynessradio.fr\\\/amiens\\\/articles\\\/saleux-la-rederie-de-retour-au-mois-de-mai\\\/\",\"url\":\"https:\\\/\\\/happynessradio.fr\\\/amiens\\\/articles\\\/saleux-la-rederie-de-retour-au-mois-de-mai\\\/\",\"name\":\"Saleux : La r\u00e9derie de retour au mois de mai - Happyness Amiens\",\"isPartOf\":{\"@id\":\"https:\\\/\\\/happynessradio.fr\\\/amiens\\\/#website\"},\"primaryImageOfPage\":{\"@id\":\"https:\\\/\\\/happynessradio.fr\\\/amiens\\\/articles\\\/saleux-la-rederie-de-retour-au-mois-de-mai\\\/#primaryimage\"},\"image\":{\"@id\":\"https:\\\/\\\/happynessradio.fr\\\/amiens\\\/articles\\\/saleux-la-rederie-de-retour-au-mois-de-mai\\\/#primaryimage\"},\"thumbnailUrl\":\"https:\\\/\\\/happynessradio.fr\\\/amiens\\\/wp-content\\\/uploads\\\/sites\\\/3\\\/2026\\\/04\\\/MockUp-Visuels-articles-44.webp\",\"datePublished\":\"2026-04-03T16:20:12+00:00\",\"dateModified\":\"2026-04-03T16:28:13+00:00\",\"author\":{\"@id\":\"https:\\\/\\\/happynessradio.fr\\\/amiens\\\/#\\\/schema\\\/person\\\/735f1a1ba15f9478beb4249ad52f7252\"},\"description\":\"Ne manquez pas la traditionnelle r\u00e9derie de Saleux le 1er mai, rue Jean Catelas ! Horaires, infos pratiques pour les visiteurs et dates d'inscription en avril : tout savoir pour d\u00e9nicher la perle rare.\",\"breadcrumb\":{\"@id\":\"https:\\\/\\\/happynessradio.fr\\\/amiens\\\/articles\\\/saleux-la-rederie-de-retour-au-mois-de-mai\\\/#breadcrumb\"},\"inLanguage\":\"fr-FR\",\"potentialAction\":[{\"@type\":\"ReadAction\",\"target\":[\"https:\\\/\\\/happynessradio.fr\\\/amiens\\\/articles\\\/saleux-la-rederie-de-retour-au-mois-de-mai\\\/\"]}]},{\"@type\":\"ImageObject\",\"inLanguage\":\"fr-FR\",\"@id\":\"https:\\\/\\\/happynessradio.fr\\\/amiens\\\/articles\\\/saleux-la-rederie-de-retour-au-mois-de-mai\\\/#primaryimage\",\"url\":\"https:\\\/\\\/happynessradio.fr\\\/amiens\\\/wp-content\\\/uploads\\\/sites\\\/3\\\/2026\\\/04\\\/MockUp-Visuels-articles-44.webp\",\"contentUrl\":\"https:\\\/\\\/happynessradio.fr\\\/amiens\\\/wp-content\\\/uploads\\\/sites\\\/3\\\/2026\\\/04\\\/MockUp-Visuels-articles-44.webp\",\"width\":1083,\"height\":486,\"caption\":\"\u00c9talage de livres d'occasion, vinyles et objets anciens sur des tables lors d'une r\u00e9derie en plein air.\"},{\"@type\":\"BreadcrumbList\",\"@id\":\"https:\\\/\\\/happynessradio.fr\\\/amiens\\\/articles\\\/saleux-la-rederie-de-retour-au-mois-de-mai\\\/#breadcrumb\",\"itemListElement\":[{\"@type\":\"ListItem\",\"position\":1,\"name\":\"Accueil\",\"item\":\"https:\\\/\\\/happynessradio.fr\\\/amiens\\\/\"},{\"@type\":\"ListItem\",\"position\":2,\"name\":\"Saleux : La r\u00e9derie de retour au mois de mai\"}]},{\"@type\":\"WebSite\",\"@id\":\"https:\\\/\\\/happynessradio.fr\\\/amiens\\\/#website\",\"url\":\"https:\\\/\\\/happynessradio.fr\\\/amiens\\\/\",\"name\":\"Happyness Amiens\",\"description\":\"Toujours au plus proche de vous\",\"potentialAction\":[{\"@type\":\"SearchAction\",\"target\":{\"@type\":\"EntryPoint\",\"urlTemplate\":\"https:\\\/\\\/happynessradio.fr\\\/amiens\\\/?s={search_term_string}\"},\"query-input\":{\"@type\":\"PropertyValueSpecification\",\"valueRequired\":true,\"valueName\":\"search_term_string\"}}],\"inLanguage\":\"fr-FR\"},{\"@type\":\"Person\",\"@id\":\"https:\\\/\\\/happynessradio.fr\\\/amiens\\\/#\\\/schema\\\/person\\\/735f1a1ba15f9478beb4249ad52f7252\",\"name\":\"Lo\u00efc Dun\",\"image\":{\"@type\":\"ImageObject\",\"inLanguage\":\"fr-FR\",\"@id\":\"https:\\\/\\\/happynessradio.fr\\\/amiens\\\/wp-content\\\/uploads\\\/sites\\\/3\\\/2025\\\/12\\\/cropped-Portrait-Loic-25-26-96x96.webp\",\"url\":\"https:\\\/\\\/happynessradio.fr\\\/amiens\\\/wp-content\\\/uploads\\\/sites\\\/3\\\/2025\\\/12\\\/cropped-Portrait-Loic-25-26-96x96.webp\",\"contentUrl\":\"https:\\\/\\\/happynessradio.fr\\\/amiens\\\/wp-content\\\/uploads\\\/sites\\\/3\\\/2025\\\/12\\\/cropped-Portrait-Loic-25-26-96x96.webp\",\"caption\":\"Lo\u00efc Dun\"},\"description\":\"R\u00e9dacteur web Happyness. Co-animateur (chroniqueur) Quoi d'neuf ? Amiens Chroniqueur Le R\u00e9veil Happyness\",\"sameAs\":[\"https:\\\/\\\/www.instagram.com\\\/lolo80radio\\\/\",\"https:\\\/\\\/www.linkedin.com\\\/in\\\/loc-d-365960164\\\/\"],\"url\":\"https:\\\/\\\/happynessradio.fr\\\/amiens\\\/articles\\\/author\\\/loicdun\\\/\"}]}<\/script>\n<!-- \/ Yoast SEO plugin. -->","yoast_head_json":{"title":"Saleux : La r\u00e9derie de retour au mois de mai - Happyness Amiens","description":"Ne manquez pas la traditionnelle r\u00e9derie de Saleux le 1er mai, rue Jean Catelas ! Horaires, infos pratiques pour les visiteurs et dates d'inscription en avril : tout savoir pour d\u00e9nicher la perle rare.","robots":{"index":"index","follow":"follow","max-snippet":"max-snippet:-1","max-image-preview":"max-image-preview:large","max-video-preview":"max-video-preview:-1"},"canonical":"https:\/\/happynessradio.fr\/amiens\/articles\/saleux-la-rederie-de-retour-au-mois-de-mai\/","og_locale":"fr_FR","og_type":"article","og_title":"Saleux : La r\u00e9derie de retour au mois de mai - Happyness Amiens","og_description":"Ne manquez pas la traditionnelle r\u00e9derie de Saleux le 1er mai, rue Jean Catelas ! Horaires, infos pratiques pour les visiteurs et dates d'inscription en avril : tout savoir pour d\u00e9nicher la perle rare.","og_url":"https:\/\/happynessradio.fr\/amiens\/articles\/saleux-la-rederie-de-retour-au-mois-de-mai\/","og_site_name":"Happyness Amiens","article_published_time":"2026-04-03T16:20:12+00:00","article_modified_time":"2026-04-03T16:28:13+00:00","og_image":[{"width":1083,"height":486,"url":"https:\/\/happynessradio.fr\/amiens\/wp-content\/uploads\/sites\/3\/2026\/04\/MockUp-Visuels-articles-44.webp","type":"image\/webp"}],"author":"Lo\u00efc Dun","twitter_card":"summary_large_image","twitter_misc":{"\u00c9crit par":"Lo\u00efc Dun","Dur\u00e9e de lecture estim\u00e9e":"2 minutes"},"schema":{"@context":"https:\/\/schema.org","@graph":[{"@type":"Article","@id":"https:\/\/happynessradio.fr\/amiens\/articles\/saleux-la-rederie-de-retour-au-mois-de-mai\/#article","isPartOf":{"@id":"https:\/\/happynessradio.fr\/amiens\/articles\/saleux-la-rederie-de-retour-au-mois-de-mai\/"},"author":{"name":"Lo\u00efc Dun","@id":"https:\/\/happynessradio.fr\/amiens\/#\/schema\/person\/735f1a1ba15f9478beb4249ad52f7252"},"headline":"Saleux : La r\u00e9derie de retour au mois de mai","datePublished":"2026-04-03T16:20:12+00:00","dateModified":"2026-04-03T16:28:13+00:00","mainEntityOfPage":{"@id":"https:\/\/happynessradio.fr\/amiens\/articles\/saleux-la-rederie-de-retour-au-mois-de-mai\/"},"wordCount":290,"commentCount":0,"image":{"@id":"https:\/\/happynessradio.fr\/amiens\/articles\/saleux-la-rederie-de-retour-au-mois-de-mai\/#primaryimage"},"thumbnailUrl":"https:\/\/happynessradio.fr\/amiens\/wp-content\/uploads\/sites\/3\/2026\/04\/MockUp-Visuels-articles-44.webp","articleSection":["Amiens"],"inLanguage":"fr-FR","potentialAction":[{"@type":"CommentAction","name":"Comment","target":["https:\/\/happynessradio.fr\/amiens\/articles\/saleux-la-rederie-de-retour-au-mois-de-mai\/#respond"]}]},{"@type":"WebPage","@id":"https:\/\/happynessradio.fr\/amiens\/articles\/saleux-la-rederie-de-retour-au-mois-de-mai\/","url":"https:\/\/happynessradio.fr\/amiens\/articles\/saleux-la-rederie-de-retour-au-mois-de-mai\/","name":"Saleux : La r\u00e9derie de retour au mois de mai - Happyness Amiens","isPartOf":{"@id":"https:\/\/happynessradio.fr\/amiens\/#website"},"primaryImageOfPage":{"@id":"https:\/\/happynessradio.fr\/amiens\/articles\/saleux-la-rederie-de-retour-au-mois-de-mai\/#primaryimage"},"image":{"@id":"https:\/\/happynessradio.fr\/amiens\/articles\/saleux-la-rederie-de-retour-au-mois-de-mai\/#primaryimage"},"thumbnailUrl":"https:\/\/happynessradio.fr\/amiens\/wp-content\/uploads\/sites\/3\/2026\/04\/MockUp-Visuels-articles-44.webp","datePublished":"2026-04-03T16:20:12+00:00","dateModified":"2026-04-03T16:28:13+00:00","author":{"@id":"https:\/\/happynessradio.fr\/amiens\/#\/schema\/person\/735f1a1ba15f9478beb4249ad52f7252"},"description":"Ne manquez pas la traditionnelle r\u00e9derie de Saleux le 1er mai, rue Jean Catelas ! Horaires, infos pratiques pour les visiteurs et dates d'inscription en avril : tout savoir pour d\u00e9nicher la perle rare.","breadcrumb":{"@id":"https:\/\/happynessradio.fr\/amiens\/articles\/saleux-la-rederie-de-retour-au-mois-de-mai\/#breadcrumb"},"inLanguage":"fr-FR","potentialAction":[{"@type":"ReadAction","target":["https:\/\/happynessradio.fr\/amiens\/articles\/saleux-la-rederie-de-retour-au-mois-de-mai\/"]}]},{"@type":"ImageObject","inLanguage":"fr-FR","@id":"https:\/\/happynessradio.fr\/amiens\/articles\/saleux-la-rederie-de-retour-au-mois-de-mai\/#primaryimage","url":"https:\/\/happynessradio.fr\/amiens\/wp-content\/uploads\/sites\/3\/2026\/04\/MockUp-Visuels-articles-44.webp","contentUrl":"https:\/\/happynessradio.fr\/amiens\/wp-content\/uploads\/sites\/3\/2026\/04\/MockUp-Visuels-articles-44.webp","width":1083,"height":486,"caption":"\u00c9talage de livres d'occasion, vinyles et objets anciens sur des tables lors d'une r\u00e9derie en plein air."},{"@type":"BreadcrumbList","@id":"https:\/\/happynessradio.fr\/amiens\/articles\/saleux-la-rederie-de-retour-au-mois-de-mai\/#breadcrumb","itemListElement":[{"@type":"ListItem","position":1,"name":"Accueil","item":"https:\/\/happynessradio.fr\/amiens\/"},{"@type":"ListItem","position":2,"name":"Saleux : La r\u00e9derie de retour au mois de mai"}]},{"@type":"WebSite","@id":"https:\/\/happynessradio.fr\/amiens\/#website","url":"https:\/\/happynessradio.fr\/amiens\/","name":"Happyness Amiens","description":"Toujours au plus proche de vous","potentialAction":[{"@type":"SearchAction","target":{"@type":"EntryPoint","urlTemplate":"https:\/\/happynessradio.fr\/amiens\/?s={search_term_string}"},"query-input":{"@type":"PropertyValueSpecification","valueRequired":true,"valueName":"search_term_string"}}],"inLanguage":"fr-FR"},{"@type":"Person","@id":"https:\/\/happynessradio.fr\/amiens\/#\/schema\/person\/735f1a1ba15f9478beb4249ad52f7252","name":"Lo\u00efc Dun","image":{"@type":"ImageObject","inLanguage":"fr-FR","@id":"https:\/\/happynessradio.fr\/amiens\/wp-content\/uploads\/sites\/3\/2025\/12\/cropped-Portrait-Loic-25-26-96x96.webp","url":"https:\/\/happynessradio.fr\/amiens\/wp-content\/uploads\/sites\/3\/2025\/12\/cropped-Portrait-Loic-25-26-96x96.webp","contentUrl":"https:\/\/happynessradio.fr\/amiens\/wp-content\/uploads\/sites\/3\/2025\/12\/cropped-Portrait-Loic-25-26-96x96.webp","caption":"Lo\u00efc Dun"},"description":"R\u00e9dacteur web Happyness. Co-animateur (chroniqueur) Quoi d'neuf ? Amiens Chroniqueur Le R\u00e9veil Happyness","sameAs":["https:\/\/www.instagram.com\/lolo80radio\/","https:\/\/www.linkedin.com\/in\/loc-d-365960164\/"],"url":"https:\/\/happynessradio.fr\/amiens\/articles\/author\/loicdun\/"}]}},"modified_by":"Lo\u00efc Dun","_links":{"self":[{"href":"https:\/\/happynessradio.fr\/amiens\/wp-json\/wp\/v2\/posts\/12580","targetHints":{"allow":["GET"]}}],"collection":[{"href":"https:\/\/happynessradio.fr\/amiens\/wp-json\/wp\/v2\/posts"}],"about":[{"href":"https:\/\/happynessradio.fr\/amiens\/wp-json\/wp\/v2\/types\/post"}],"author":[{"embeddable":true,"href":"https:\/\/happynessradio.fr\/amiens\/wp-json\/wp\/v2\/users\/6"}],"replies":[{"embeddable":true,"href":"https:\/\/happynessradio.fr\/amiens\/wp-json\/wp\/v2\/comments?post=12580"}],"version-history":[{"count":3,"href":"https:\/\/happynessradio.fr\/amiens\/wp-json\/wp\/v2\/posts\/12580\/revisions"}],"predecessor-version":[{"id":12585,"href":"https:\/\/happynessradio.fr\/amiens\/wp-json\/wp\/v2\/posts\/12580\/revisions\/12585"}],"wp:featuredmedia":[{"embeddable":true,"href":"https:\/\/happynessradio.fr\/amiens\/wp-json\/wp\/v2\/media\/12581"}],"wp:attachment":[{"href":"https:\/\/happynessradio.fr\/amiens\/wp-json\/wp\/v2\/media?parent=12580"}],"wp:term":[{"taxonomy":"category","embeddable":true,"href":"https:\/\/happynessradio.fr\/amiens\/wp-json\/wp\/v2\/categories?post=12580"},{"taxonomy":"post_tag","embeddable":true,"href":"https:\/\/happynessradio.fr\/amiens\/wp-json\/wp\/v2\/tags?post=12580"}],"curies":[{"name":"wp","href":"https:\/\/api.w.org\/{rel}","templated":true}]}}