{"id":12590,"date":"2026-04-04T18:16:18","date_gmt":"2026-04-04T16:16:18","guid":{"rendered":"https:\/\/happynessradio.fr\/amiens\/?p=12590"},"modified":"2026-04-04T18:16:47","modified_gmt":"2026-04-04T16:16:47","slug":"amiens-metropole-metro-39-revient","status":"publish","type":"post","link":"https:\/\/happynessradio.fr\/amiens\/articles\/amiens-metropole-metro-39-revient\/","title":{"rendered":"Amiens m\u00e9tropole : La M\u00e9tro 39 revient"},"content":{"rendered":"\n<p><em>Dimanche 3 mai 2026 se d\u00e9roule La M\u00e9tro 39, Une manifestation cycliste familiale et s\u00e9curis\u00e9e dans le cadre de \u00ab Mai \u00e0 V\u00e9lo \u00bb. Un \u00e9v\u00e9nement qui se d\u00e9roule dans les trente-neuf communes d&rsquo;Amiens M\u00e9tropole. Les Inscriptions encore possibles dans certaines communes.<\/em><\/p>\n\n\n\n<h2 class=\"wp-block-heading\">Dans les trente-neuf communes<\/h2>\n\n\n\n<p>Les v\u00e9los seront \u00e0 l&rsquo;honneur, Dimanche 3 mai 2026 \u00e0 l&rsquo;occasion de<a href=\"https:\/\/www.amiens.fr\/Les-evenements\/Sport-3e-edition-Metro-39-rando-velo-2026\" id=\"https:\/\/www.amiens.fr\/Les-evenements\/Sport-3e-edition-Metro-39-rando-velo-2026\"> La M\u00e9tro 39<\/a>, Une manifestation cycliste familiale et s\u00e9curis\u00e9e dans le cadre de \u00ab Mai \u00e0 V\u00e9lo \u00bb. Un \u00e9v\u00e9nement qui se d\u00e9roule dans les trente-neuf communes d&rsquo;Amiens M\u00e9tropole. <\/p>\n\n\n\n<h2 class=\"wp-block-heading\">Au Stade de la Licorne<\/h2>\n\n\n\n<p>A Amiens, le rendez-vous est pris au Stade de la Licorne avec un d\u00e9part \u00e0 10 h pour l&rsquo;ensemble des parcours avec l&rsquo;ouverture \u00e0 la m\u00eame heure d&rsquo;un village partenaires. A noter que pour conna\u00eetre le lieu concern\u00e9 pr\u00e8s de chez vous, il suffit de se renseigner aupr\u00e8s de votre mairie. <\/p>\n\n\n\n<h2 class=\"wp-block-heading\">Encore possible de s&rsquo;inscrire dans certaines communes<\/h2>\n\n\n\n<p>Cette manifestation se terminera par un moment convivial. A noter que pour Amiens les inscriptions sont d\u00e9j\u00e0 termin\u00e9, mais dans certaines communes, il est encore possible de s&rsquo;inscrire mais il vaut mieux ne pas tarder. A noter que si vous n&rsquo;avez pas la possibilit\u00e9 de participer cette ann\u00e9e, n&rsquo;h\u00e9sitez \u00e0 profiter d&rsquo;une balade le long de la <a href=\"https:\/\/www.somme-tourisme.com\/je-decouvre\/active-de-nature\/la-somme-a-velo\/\" id=\"https:\/\/www.somme-tourisme.com\/je-decouvre\/active-de-nature\/la-somme-a-velo\/\">Somme.<\/a><\/p>\n\n\n\n<p><\/p>\n","protected":false},"excerpt":{"rendered":"<p>Dimanche 3 mai 2026 se d\u00e9roule La M\u00e9tro 39, Une manifestation cycliste familiale et s\u00e9curis\u00e9e dans le cadre de \u00ab Mai \u00e0 V\u00e9lo \u00bb. Un \u00e9v\u00e9nement qui se d\u00e9roule dans les trente-neuf communes d&rsquo;Amiens M\u00e9tropole. Les Inscriptions encore possibles dans certaines communes. Dans les trente-neuf communes Les v\u00e9los seront \u00e0 l&rsquo;honneur, Dimanche 3 mai 2026 \u00e0 l&rsquo;occasion de La M\u00e9tro 39, Une manifestation cycliste familiale et s\u00e9curis\u00e9e dans le cadre de \u00ab Mai \u00e0 V\u00e9lo \u00bb. Un \u00e9v\u00e9nement qui se d\u00e9roule dans les trente-neuf communes d&rsquo;Amiens M\u00e9tropole. Au Stade de la Licorne A Amiens, le rendez-vous est pris au Stade de la Licorne avec un d\u00e9part \u00e0 10 h pour l&rsquo;ensemble des parcours avec l&rsquo;ouverture \u00e0 la m\u00eame heure d&rsquo;un village partenaires. A noter que pour conna\u00eetre le lieu concern\u00e9 pr\u00e8s de chez vous, il suffit de se renseigner aupr\u00e8s de votre mairie. Encore possible de s&rsquo;inscrire dans certaines communes Cette manifestation se terminera par un moment convivial. A noter que pour Amiens les inscriptions sont d\u00e9j\u00e0 termin\u00e9, mais dans certaines communes, il est encore possible de s&rsquo;inscrire mais il vaut mieux ne pas tarder. A noter que si vous n&rsquo;avez pas la possibilit\u00e9 de participer cette ann\u00e9e, n&rsquo;h\u00e9sitez \u00e0 profiter d&rsquo;une balade le long de la Somme.<\/p>\n","protected":false},"author":6,"featured_media":12591,"comment_status":"open","ping_status":"open","sticky":false,"template":"","format":"standard","meta":{"_lmt_disableupdate":"","_lmt_disable":"","footnotes":""},"categories":[11],"tags":[],"class_list":["post-12590","post","type-post","status-publish","format-standard","has-post-thumbnail","hentry","category-amiens"],"yoast_head":"<!-- This site is optimized with the Yoast SEO plugin v27.5 - https:\/\/yoast.com\/product\/yoast-seo-wordpress\/ -->\n<title>Amiens m\u00e9tropole : La M\u00e9tro 39 revient - Happyness Amiens<\/title>\n<meta name=\"description\" content=\"Participez \u00e0 La M\u00e9tro 39 le dimanche 3 mai 2026 ! Une randonn\u00e9e cycliste familiale et gratuite dans les 39 communes d&#039;Amiens M\u00e9tropole. Inscriptions encore disponibles dans certaines localit\u00e9s : ne tardez pas pour cette \u00e9dition \u00ab Mai \u00e0 V\u00e9lo \u00bb.\" \/>\n<meta name=\"robots\" content=\"index, follow, max-snippet:-1, max-image-preview:large, max-video-preview:-1\" \/>\n<link rel=\"canonical\" href=\"https:\/\/happynessradio.fr\/amiens\/articles\/amiens-metropole-metro-39-revient\/\" \/>\n<meta property=\"og:locale\" content=\"fr_FR\" \/>\n<meta property=\"og:type\" content=\"article\" \/>\n<meta property=\"og:title\" content=\"Amiens m\u00e9tropole : La M\u00e9tro 39 revient - Happyness Amiens\" \/>\n<meta property=\"og:description\" content=\"Participez \u00e0 La M\u00e9tro 39 le dimanche 3 mai 2026 ! Une randonn\u00e9e cycliste familiale et gratuite dans les 39 communes d&#039;Amiens M\u00e9tropole. Inscriptions encore disponibles dans certaines localit\u00e9s : ne tardez pas pour cette \u00e9dition \u00ab Mai \u00e0 V\u00e9lo \u00bb.\" \/>\n<meta property=\"og:url\" content=\"https:\/\/happynessradio.fr\/amiens\/articles\/amiens-metropole-metro-39-revient\/\" \/>\n<meta property=\"og:site_name\" content=\"Happyness Amiens\" \/>\n<meta property=\"article:published_time\" content=\"2026-04-04T16:16:18+00:00\" \/>\n<meta property=\"article:modified_time\" content=\"2026-04-04T16:16:47+00:00\" \/>\n<meta property=\"og:image\" content=\"https:\/\/happynessradio.fr\/amiens\/wp-content\/uploads\/sites\/3\/2026\/04\/MockUp-Visuels-articles-45.webp\" \/>\n\t<meta property=\"og:image:width\" content=\"1083\" \/>\n\t<meta property=\"og:image:height\" content=\"486\" \/>\n\t<meta property=\"og:image:type\" content=\"image\/webp\" \/>\n<meta name=\"author\" content=\"Lo\u00efc Dun\" \/>\n<meta name=\"twitter:card\" content=\"summary_large_image\" \/>\n<meta name=\"twitter:label1\" content=\"\u00c9crit par\" \/>\n\t<meta name=\"twitter:data1\" content=\"Lo\u00efc Dun\" \/>\n\t<meta name=\"twitter:label2\" content=\"Dur\u00e9e de lecture estim\u00e9e\" \/>\n\t<meta name=\"twitter:data2\" content=\"2 minutes\" \/>\n<script type=\"application\/ld+json\" class=\"yoast-schema-graph\">{\"@context\":\"https:\\\/\\\/schema.org\",\"@graph\":[{\"@type\":\"Article\",\"@id\":\"https:\\\/\\\/happynessradio.fr\\\/amiens\\\/articles\\\/amiens-metropole-metro-39-revient\\\/#article\",\"isPartOf\":{\"@id\":\"https:\\\/\\\/happynessradio.fr\\\/amiens\\\/articles\\\/amiens-metropole-metro-39-revient\\\/\"},\"author\":{\"name\":\"Lo\u00efc Dun\",\"@id\":\"https:\\\/\\\/happynessradio.fr\\\/amiens\\\/#\\\/schema\\\/person\\\/735f1a1ba15f9478beb4249ad52f7252\"},\"headline\":\"Amiens m\u00e9tropole : La M\u00e9tro 39 revient\",\"datePublished\":\"2026-04-04T16:16:18+00:00\",\"dateModified\":\"2026-04-04T16:16:47+00:00\",\"mainEntityOfPage\":{\"@id\":\"https:\\\/\\\/happynessradio.fr\\\/amiens\\\/articles\\\/amiens-metropole-metro-39-revient\\\/\"},\"wordCount\":233,\"commentCount\":0,\"image\":{\"@id\":\"https:\\\/\\\/happynessradio.fr\\\/amiens\\\/articles\\\/amiens-metropole-metro-39-revient\\\/#primaryimage\"},\"thumbnailUrl\":\"https:\\\/\\\/happynessradio.fr\\\/amiens\\\/wp-content\\\/uploads\\\/sites\\\/3\\\/2026\\\/04\\\/MockUp-Visuels-articles-45.webp\",\"articleSection\":[\"Amiens\"],\"inLanguage\":\"fr-FR\",\"potentialAction\":[{\"@type\":\"CommentAction\",\"name\":\"Comment\",\"target\":[\"https:\\\/\\\/happynessradio.fr\\\/amiens\\\/articles\\\/amiens-metropole-metro-39-revient\\\/#respond\"]}]},{\"@type\":\"WebPage\",\"@id\":\"https:\\\/\\\/happynessradio.fr\\\/amiens\\\/articles\\\/amiens-metropole-metro-39-revient\\\/\",\"url\":\"https:\\\/\\\/happynessradio.fr\\\/amiens\\\/articles\\\/amiens-metropole-metro-39-revient\\\/\",\"name\":\"Amiens m\u00e9tropole : La M\u00e9tro 39 revient - Happyness Amiens\",\"isPartOf\":{\"@id\":\"https:\\\/\\\/happynessradio.fr\\\/amiens\\\/#website\"},\"primaryImageOfPage\":{\"@id\":\"https:\\\/\\\/happynessradio.fr\\\/amiens\\\/articles\\\/amiens-metropole-metro-39-revient\\\/#primaryimage\"},\"image\":{\"@id\":\"https:\\\/\\\/happynessradio.fr\\\/amiens\\\/articles\\\/amiens-metropole-metro-39-revient\\\/#primaryimage\"},\"thumbnailUrl\":\"https:\\\/\\\/happynessradio.fr\\\/amiens\\\/wp-content\\\/uploads\\\/sites\\\/3\\\/2026\\\/04\\\/MockUp-Visuels-articles-45.webp\",\"datePublished\":\"2026-04-04T16:16:18+00:00\",\"dateModified\":\"2026-04-04T16:16:47+00:00\",\"author\":{\"@id\":\"https:\\\/\\\/happynessradio.fr\\\/amiens\\\/#\\\/schema\\\/person\\\/735f1a1ba15f9478beb4249ad52f7252\"},\"description\":\"Participez \u00e0 La M\u00e9tro 39 le dimanche 3 mai 2026 ! Une randonn\u00e9e cycliste familiale et gratuite dans les 39 communes d'Amiens M\u00e9tropole. Inscriptions encore disponibles dans certaines localit\u00e9s : ne tardez pas pour cette \u00e9dition \u00ab Mai \u00e0 V\u00e9lo \u00bb.\",\"breadcrumb\":{\"@id\":\"https:\\\/\\\/happynessradio.fr\\\/amiens\\\/articles\\\/amiens-metropole-metro-39-revient\\\/#breadcrumb\"},\"inLanguage\":\"fr-FR\",\"potentialAction\":[{\"@type\":\"ReadAction\",\"target\":[\"https:\\\/\\\/happynessradio.fr\\\/amiens\\\/articles\\\/amiens-metropole-metro-39-revient\\\/\"]}]},{\"@type\":\"ImageObject\",\"inLanguage\":\"fr-FR\",\"@id\":\"https:\\\/\\\/happynessradio.fr\\\/amiens\\\/articles\\\/amiens-metropole-metro-39-revient\\\/#primaryimage\",\"url\":\"https:\\\/\\\/happynessradio.fr\\\/amiens\\\/wp-content\\\/uploads\\\/sites\\\/3\\\/2026\\\/04\\\/MockUp-Visuels-articles-45.webp\",\"contentUrl\":\"https:\\\/\\\/happynessradio.fr\\\/amiens\\\/wp-content\\\/uploads\\\/sites\\\/3\\\/2026\\\/04\\\/MockUp-Visuels-articles-45.webp\",\"width\":1083,\"height\":486,\"caption\":\"Affiche promotionnelle pour un \u00e9v\u00e9nement cycliste. En haut, une image rogn\u00e9e montre trois cyclistes, dont un portant le maillot tricolore fran\u00e7ais sur son casque. En bas, en grand format, le titre est \u00ab M\u00e9tro \u00bb en blanc, suivi du nombre \u00ab 39 \u00bb en jaune. En dessous, le texte \u00ab Rando v\u00e9lo \u00bb est \u00e9galement en jaune. L'arri\u00e8re-plan est un d\u00e9grad\u00e9 de bleu turquoise avec des motifs g\u00e9om\u00e9triques et des lignes de courbes de niveau, encadr\u00e9 par des triangles rouges.\"},{\"@type\":\"BreadcrumbList\",\"@id\":\"https:\\\/\\\/happynessradio.fr\\\/amiens\\\/articles\\\/amiens-metropole-metro-39-revient\\\/#breadcrumb\",\"itemListElement\":[{\"@type\":\"ListItem\",\"position\":1,\"name\":\"Accueil\",\"item\":\"https:\\\/\\\/happynessradio.fr\\\/amiens\\\/\"},{\"@type\":\"ListItem\",\"position\":2,\"name\":\"Amiens m\u00e9tropole : La M\u00e9tro 39 revient\"}]},{\"@type\":\"WebSite\",\"@id\":\"https:\\\/\\\/happynessradio.fr\\\/amiens\\\/#website\",\"url\":\"https:\\\/\\\/happynessradio.fr\\\/amiens\\\/\",\"name\":\"Happyness Amiens\",\"description\":\"Toujours au plus proche de vous\",\"potentialAction\":[{\"@type\":\"SearchAction\",\"target\":{\"@type\":\"EntryPoint\",\"urlTemplate\":\"https:\\\/\\\/happynessradio.fr\\\/amiens\\\/?s={search_term_string}\"},\"query-input\":{\"@type\":\"PropertyValueSpecification\",\"valueRequired\":true,\"valueName\":\"search_term_string\"}}],\"inLanguage\":\"fr-FR\"},{\"@type\":\"Person\",\"@id\":\"https:\\\/\\\/happynessradio.fr\\\/amiens\\\/#\\\/schema\\\/person\\\/735f1a1ba15f9478beb4249ad52f7252\",\"name\":\"Lo\u00efc Dun\",\"image\":{\"@type\":\"ImageObject\",\"inLanguage\":\"fr-FR\",\"@id\":\"https:\\\/\\\/happynessradio.fr\\\/amiens\\\/wp-content\\\/uploads\\\/sites\\\/3\\\/2025\\\/12\\\/cropped-Portrait-Loic-25-26-96x96.webp\",\"url\":\"https:\\\/\\\/happynessradio.fr\\\/amiens\\\/wp-content\\\/uploads\\\/sites\\\/3\\\/2025\\\/12\\\/cropped-Portrait-Loic-25-26-96x96.webp\",\"contentUrl\":\"https:\\\/\\\/happynessradio.fr\\\/amiens\\\/wp-content\\\/uploads\\\/sites\\\/3\\\/2025\\\/12\\\/cropped-Portrait-Loic-25-26-96x96.webp\",\"caption\":\"Lo\u00efc Dun\"},\"description\":\"R\u00e9dacteur web Happyness. Co-animateur (chroniqueur) Quoi d'neuf ? Amiens Chroniqueur Le R\u00e9veil Happyness\",\"sameAs\":[\"https:\\\/\\\/www.instagram.com\\\/lolo80radio\\\/\",\"https:\\\/\\\/www.linkedin.com\\\/in\\\/loc-d-365960164\\\/\"],\"url\":\"https:\\\/\\\/happynessradio.fr\\\/amiens\\\/articles\\\/author\\\/loicdun\\\/\"}]}<\/script>\n<!-- \/ Yoast SEO plugin. -->","yoast_head_json":{"title":"Amiens m\u00e9tropole : La M\u00e9tro 39 revient - Happyness Amiens","description":"Participez \u00e0 La M\u00e9tro 39 le dimanche 3 mai 2026 ! Une randonn\u00e9e cycliste familiale et gratuite dans les 39 communes d'Amiens M\u00e9tropole. Inscriptions encore disponibles dans certaines localit\u00e9s : ne tardez pas pour cette \u00e9dition \u00ab Mai \u00e0 V\u00e9lo \u00bb.","robots":{"index":"index","follow":"follow","max-snippet":"max-snippet:-1","max-image-preview":"max-image-preview:large","max-video-preview":"max-video-preview:-1"},"canonical":"https:\/\/happynessradio.fr\/amiens\/articles\/amiens-metropole-metro-39-revient\/","og_locale":"fr_FR","og_type":"article","og_title":"Amiens m\u00e9tropole : La M\u00e9tro 39 revient - Happyness Amiens","og_description":"Participez \u00e0 La M\u00e9tro 39 le dimanche 3 mai 2026 ! Une randonn\u00e9e cycliste familiale et gratuite dans les 39 communes d'Amiens M\u00e9tropole. Inscriptions encore disponibles dans certaines localit\u00e9s : ne tardez pas pour cette \u00e9dition \u00ab Mai \u00e0 V\u00e9lo \u00bb.","og_url":"https:\/\/happynessradio.fr\/amiens\/articles\/amiens-metropole-metro-39-revient\/","og_site_name":"Happyness Amiens","article_published_time":"2026-04-04T16:16:18+00:00","article_modified_time":"2026-04-04T16:16:47+00:00","og_image":[{"width":1083,"height":486,"url":"https:\/\/happynessradio.fr\/amiens\/wp-content\/uploads\/sites\/3\/2026\/04\/MockUp-Visuels-articles-45.webp","type":"image\/webp"}],"author":"Lo\u00efc Dun","twitter_card":"summary_large_image","twitter_misc":{"\u00c9crit par":"Lo\u00efc Dun","Dur\u00e9e de lecture estim\u00e9e":"2 minutes"},"schema":{"@context":"https:\/\/schema.org","@graph":[{"@type":"Article","@id":"https:\/\/happynessradio.fr\/amiens\/articles\/amiens-metropole-metro-39-revient\/#article","isPartOf":{"@id":"https:\/\/happynessradio.fr\/amiens\/articles\/amiens-metropole-metro-39-revient\/"},"author":{"name":"Lo\u00efc Dun","@id":"https:\/\/happynessradio.fr\/amiens\/#\/schema\/person\/735f1a1ba15f9478beb4249ad52f7252"},"headline":"Amiens m\u00e9tropole : La M\u00e9tro 39 revient","datePublished":"2026-04-04T16:16:18+00:00","dateModified":"2026-04-04T16:16:47+00:00","mainEntityOfPage":{"@id":"https:\/\/happynessradio.fr\/amiens\/articles\/amiens-metropole-metro-39-revient\/"},"wordCount":233,"commentCount":0,"image":{"@id":"https:\/\/happynessradio.fr\/amiens\/articles\/amiens-metropole-metro-39-revient\/#primaryimage"},"thumbnailUrl":"https:\/\/happynessradio.fr\/amiens\/wp-content\/uploads\/sites\/3\/2026\/04\/MockUp-Visuels-articles-45.webp","articleSection":["Amiens"],"inLanguage":"fr-FR","potentialAction":[{"@type":"CommentAction","name":"Comment","target":["https:\/\/happynessradio.fr\/amiens\/articles\/amiens-metropole-metro-39-revient\/#respond"]}]},{"@type":"WebPage","@id":"https:\/\/happynessradio.fr\/amiens\/articles\/amiens-metropole-metro-39-revient\/","url":"https:\/\/happynessradio.fr\/amiens\/articles\/amiens-metropole-metro-39-revient\/","name":"Amiens m\u00e9tropole : La M\u00e9tro 39 revient - Happyness Amiens","isPartOf":{"@id":"https:\/\/happynessradio.fr\/amiens\/#website"},"primaryImageOfPage":{"@id":"https:\/\/happynessradio.fr\/amiens\/articles\/amiens-metropole-metro-39-revient\/#primaryimage"},"image":{"@id":"https:\/\/happynessradio.fr\/amiens\/articles\/amiens-metropole-metro-39-revient\/#primaryimage"},"thumbnailUrl":"https:\/\/happynessradio.fr\/amiens\/wp-content\/uploads\/sites\/3\/2026\/04\/MockUp-Visuels-articles-45.webp","datePublished":"2026-04-04T16:16:18+00:00","dateModified":"2026-04-04T16:16:47+00:00","author":{"@id":"https:\/\/happynessradio.fr\/amiens\/#\/schema\/person\/735f1a1ba15f9478beb4249ad52f7252"},"description":"Participez \u00e0 La M\u00e9tro 39 le dimanche 3 mai 2026 ! Une randonn\u00e9e cycliste familiale et gratuite dans les 39 communes d'Amiens M\u00e9tropole. Inscriptions encore disponibles dans certaines localit\u00e9s : ne tardez pas pour cette \u00e9dition \u00ab Mai \u00e0 V\u00e9lo \u00bb.","breadcrumb":{"@id":"https:\/\/happynessradio.fr\/amiens\/articles\/amiens-metropole-metro-39-revient\/#breadcrumb"},"inLanguage":"fr-FR","potentialAction":[{"@type":"ReadAction","target":["https:\/\/happynessradio.fr\/amiens\/articles\/amiens-metropole-metro-39-revient\/"]}]},{"@type":"ImageObject","inLanguage":"fr-FR","@id":"https:\/\/happynessradio.fr\/amiens\/articles\/amiens-metropole-metro-39-revient\/#primaryimage","url":"https:\/\/happynessradio.fr\/amiens\/wp-content\/uploads\/sites\/3\/2026\/04\/MockUp-Visuels-articles-45.webp","contentUrl":"https:\/\/happynessradio.fr\/amiens\/wp-content\/uploads\/sites\/3\/2026\/04\/MockUp-Visuels-articles-45.webp","width":1083,"height":486,"caption":"Affiche promotionnelle pour un \u00e9v\u00e9nement cycliste. En haut, une image rogn\u00e9e montre trois cyclistes, dont un portant le maillot tricolore fran\u00e7ais sur son casque. En bas, en grand format, le titre est \u00ab M\u00e9tro \u00bb en blanc, suivi du nombre \u00ab 39 \u00bb en jaune. En dessous, le texte \u00ab Rando v\u00e9lo \u00bb est \u00e9galement en jaune. L'arri\u00e8re-plan est un d\u00e9grad\u00e9 de bleu turquoise avec des motifs g\u00e9om\u00e9triques et des lignes de courbes de niveau, encadr\u00e9 par des triangles rouges."},{"@type":"BreadcrumbList","@id":"https:\/\/happynessradio.fr\/amiens\/articles\/amiens-metropole-metro-39-revient\/#breadcrumb","itemListElement":[{"@type":"ListItem","position":1,"name":"Accueil","item":"https:\/\/happynessradio.fr\/amiens\/"},{"@type":"ListItem","position":2,"name":"Amiens m\u00e9tropole : La M\u00e9tro 39 revient"}]},{"@type":"WebSite","@id":"https:\/\/happynessradio.fr\/amiens\/#website","url":"https:\/\/happynessradio.fr\/amiens\/","name":"Happyness Amiens","description":"Toujours au plus proche de vous","potentialAction":[{"@type":"SearchAction","target":{"@type":"EntryPoint","urlTemplate":"https:\/\/happynessradio.fr\/amiens\/?s={search_term_string}"},"query-input":{"@type":"PropertyValueSpecification","valueRequired":true,"valueName":"search_term_string"}}],"inLanguage":"fr-FR"},{"@type":"Person","@id":"https:\/\/happynessradio.fr\/amiens\/#\/schema\/person\/735f1a1ba15f9478beb4249ad52f7252","name":"Lo\u00efc Dun","image":{"@type":"ImageObject","inLanguage":"fr-FR","@id":"https:\/\/happynessradio.fr\/amiens\/wp-content\/uploads\/sites\/3\/2025\/12\/cropped-Portrait-Loic-25-26-96x96.webp","url":"https:\/\/happynessradio.fr\/amiens\/wp-content\/uploads\/sites\/3\/2025\/12\/cropped-Portrait-Loic-25-26-96x96.webp","contentUrl":"https:\/\/happynessradio.fr\/amiens\/wp-content\/uploads\/sites\/3\/2025\/12\/cropped-Portrait-Loic-25-26-96x96.webp","caption":"Lo\u00efc Dun"},"description":"R\u00e9dacteur web Happyness. Co-animateur (chroniqueur) Quoi d'neuf ? Amiens Chroniqueur Le R\u00e9veil Happyness","sameAs":["https:\/\/www.instagram.com\/lolo80radio\/","https:\/\/www.linkedin.com\/in\/loc-d-365960164\/"],"url":"https:\/\/happynessradio.fr\/amiens\/articles\/author\/loicdun\/"}]}},"modified_by":"Lo\u00efc Dun","_links":{"self":[{"href":"https:\/\/happynessradio.fr\/amiens\/wp-json\/wp\/v2\/posts\/12590","targetHints":{"allow":["GET"]}}],"collection":[{"href":"https:\/\/happynessradio.fr\/amiens\/wp-json\/wp\/v2\/posts"}],"about":[{"href":"https:\/\/happynessradio.fr\/amiens\/wp-json\/wp\/v2\/types\/post"}],"author":[{"embeddable":true,"href":"https:\/\/happynessradio.fr\/amiens\/wp-json\/wp\/v2\/users\/6"}],"replies":[{"embeddable":true,"href":"https:\/\/happynessradio.fr\/amiens\/wp-json\/wp\/v2\/comments?post=12590"}],"version-history":[{"count":2,"href":"https:\/\/happynessradio.fr\/amiens\/wp-json\/wp\/v2\/posts\/12590\/revisions"}],"predecessor-version":[{"id":12593,"href":"https:\/\/happynessradio.fr\/amiens\/wp-json\/wp\/v2\/posts\/12590\/revisions\/12593"}],"wp:featuredmedia":[{"embeddable":true,"href":"https:\/\/happynessradio.fr\/amiens\/wp-json\/wp\/v2\/media\/12591"}],"wp:attachment":[{"href":"https:\/\/happynessradio.fr\/amiens\/wp-json\/wp\/v2\/media?parent=12590"}],"wp:term":[{"taxonomy":"category","embeddable":true,"href":"https:\/\/happynessradio.fr\/amiens\/wp-json\/wp\/v2\/categories?post=12590"},{"taxonomy":"post_tag","embeddable":true,"href":"https:\/\/happynessradio.fr\/amiens\/wp-json\/wp\/v2\/tags?post=12590"}],"curies":[{"name":"wp","href":"https:\/\/api.w.org\/{rel}","templated":true}]}}