{"id":12595,"date":"2026-04-04T18:41:51","date_gmt":"2026-04-04T16:41:51","guid":{"rendered":"https:\/\/happynessradio.fr\/amiens\/?p=12595"},"modified":"2026-04-04T18:41:53","modified_gmt":"2026-04-04T16:41:53","slug":"pont-de-metz-la-rederie-bientot-de-retour","status":"publish","type":"post","link":"https:\/\/happynessradio.fr\/amiens\/articles\/pont-de-metz-la-rederie-bientot-de-retour\/","title":{"rendered":"Pont-de-Metz : La r\u00e9derie bient\u00f4t de retour"},"content":{"rendered":"\n<p><em>dimanche 17 mai se d\u00e9roule la r\u00e9derie de la commune de Pont-de-Metz (pr\u00e8s d&rsquo;Amiens), les inscriptions sont ouvertes depuis le 1er avril. L&rsquo;occasion de trouver une nouvelle d\u00e9co ou bien d\u00e9nicher la perle rare.<\/em><\/p>\n\n\n\n<h2 class=\"wp-block-heading\">Place Ren\u00e9 Aviez, Rue du Pontet, Rue de l&rsquo;Eau<\/h2>\n\n\n\n<p>Plusieurs <a href=\"https:\/\/brocabrac.fr\/80\/\" id=\"https:\/\/brocabrac.fr\/80\/\">brocantes <\/a>se d\u00e9roulent durant le printemps dans le d\u00e9partement de la Somme, et par cons\u00e9quent la <a href=\"https:\/\/www.pontdemetz.fr\/\" id=\"https:\/\/www.pontdemetz.fr\/\">commune de Pont-de-Metz<\/a> (pr\u00e8s d&rsquo;Amiens) ne fait pas exception puisque la r\u00e9derie de ce village aura lieu dimanche 17 mai sur la Place Ren\u00e9 Aviez ainsi dans la Rue du Pontet et la Rue de l&rsquo;Eau.<\/p>\n\n\n\n<h2 class=\"wp-block-heading\">Les inscriptions sont ouvertes<\/h2>\n\n\n\n<p>A noter que pour participer, les inscriptions sont ouvertes depuis le 1er avril ions d\u00e9butent le <strong>mercredi 1er avril<\/strong>. Trois permanences sp\u00e9cifiques le <strong>Mercredi 13 mai :<\/strong> 17 h 30 \u2013 19 h 30, <strong>Mercredi 6 mai :<\/strong> 17 h 30 \u2013 19 h 30, <strong>Samedi 9 mai :<\/strong> 10 h 00 \u2013 12 h 00. Si vous souhaitez juste venir vous y balader le jour J, \u00e7a sera l&rsquo;occasion de trouver une nouvelle d\u00e9co ou bien d\u00e9nicher la perle rare.<\/p>\n\n\n\n<h2 class=\"wp-block-heading\">Comment s&rsquo;y rendre ? <\/h2>\n\n\n\n<p>Pour venir, nous vous invitons \u00e0 privil\u00e9gier le r\u00e9seau<a href=\"https:\/\/www.ametis.fr\/\" id=\"https:\/\/www.ametis.fr\/\"> Am\u00e9tis <\/a>via la ligne 7 ou bien la marche \u00e0 pied. En effet, souvent la circulation pouvant \u00eatre interdite dans la zone de cet \u00e9v\u00e9nement, c&rsquo;est pourquoi, si vous venez en voiture, il vaut mieux se garer dans les zones autoris\u00e9es. Enfin \u00e0 savoir qu&rsquo;il sera possible de se restaurer avec un choix de boissons et de plats (frites, saucisses, etc). <\/p>\n\n\n\n<p><\/p>\n","protected":false},"excerpt":{"rendered":"<p>dimanche 17 mai se d\u00e9roule la r\u00e9derie de la commune de Pont-de-Metz (pr\u00e8s d&rsquo;Amiens), les inscriptions sont ouvertes depuis le 1er avril. L&rsquo;occasion de trouver une nouvelle d\u00e9co ou bien d\u00e9nicher la perle rare. Place Ren\u00e9 Aviez, Rue du Pontet, Rue de l&rsquo;Eau Plusieurs brocantes se d\u00e9roulent durant le printemps dans le d\u00e9partement de la Somme, et par cons\u00e9quent la commune de Pont-de-Metz (pr\u00e8s d&rsquo;Amiens) ne fait pas exception puisque la r\u00e9derie de ce village aura lieu dimanche 17 mai sur la Place Ren\u00e9 Aviez ainsi dans la Rue du Pontet et la Rue de l&rsquo;Eau. Les inscriptions sont ouvertes A noter que pour participer, les inscriptions sont ouvertes depuis le 1er avril ions d\u00e9butent le mercredi 1er avril. Trois permanences sp\u00e9cifiques le Mercredi 13 mai : 17 h 30 \u2013 19 h 30, Mercredi 6 mai : 17 h 30 \u2013 19 h 30, Samedi 9 mai : 10 h 00 \u2013 12 h 00. Si vous souhaitez juste venir vous y balader le jour J, \u00e7a sera l&rsquo;occasion de trouver une nouvelle d\u00e9co ou bien d\u00e9nicher la perle rare. Comment s&rsquo;y rendre ? Pour venir, nous vous invitons \u00e0 privil\u00e9gier le r\u00e9seau Am\u00e9tis via la ligne 7 ou bien la marche \u00e0 pied. En effet, souvent la circulation pouvant \u00eatre interdite dans la zone de cet \u00e9v\u00e9nement, c&rsquo;est pourquoi, si vous venez en voiture, il vaut mieux se garer dans les zones autoris\u00e9es. Enfin \u00e0 savoir qu&rsquo;il sera possible de se restaurer avec un choix de boissons et de plats (frites, saucisses, etc).<\/p>\n","protected":false},"author":6,"featured_media":12581,"comment_status":"open","ping_status":"open","sticky":false,"template":"","format":"standard","meta":{"_lmt_disableupdate":"","_lmt_disable":"","footnotes":""},"categories":[11],"tags":[],"class_list":["post-12595","post","type-post","status-publish","format-standard","has-post-thumbnail","hentry","category-amiens"],"yoast_head":"<!-- This site is optimized with the Yoast SEO plugin v27.5 - https:\/\/yoast.com\/product\/yoast-seo-wordpress\/ -->\n<title>Pont-de-Metz : La r\u00e9derie bient\u00f4t de retour - Happyness Amiens<\/title>\n<meta name=\"description\" content=\"Ne manquez pas la r\u00e9derie de Pont-de-Metz le dimanche 17 mai ! Inscriptions en mairie d\u00e8s le 1er avril. Venez chiner et profiter de la restauration sur place.\" \/>\n<meta name=\"robots\" content=\"index, follow, max-snippet:-1, max-image-preview:large, max-video-preview:-1\" \/>\n<link rel=\"canonical\" href=\"https:\/\/happynessradio.fr\/amiens\/articles\/pont-de-metz-la-rederie-bientot-de-retour\/\" \/>\n<meta property=\"og:locale\" content=\"fr_FR\" \/>\n<meta property=\"og:type\" content=\"article\" \/>\n<meta property=\"og:title\" content=\"Pont-de-Metz : La r\u00e9derie bient\u00f4t de retour - Happyness Amiens\" \/>\n<meta property=\"og:description\" content=\"Ne manquez pas la r\u00e9derie de Pont-de-Metz le dimanche 17 mai ! Inscriptions en mairie d\u00e8s le 1er avril. Venez chiner et profiter de la restauration sur place.\" \/>\n<meta property=\"og:url\" content=\"https:\/\/happynessradio.fr\/amiens\/articles\/pont-de-metz-la-rederie-bientot-de-retour\/\" \/>\n<meta property=\"og:site_name\" content=\"Happyness Amiens\" \/>\n<meta property=\"article:published_time\" content=\"2026-04-04T16:41:51+00:00\" \/>\n<meta property=\"article:modified_time\" content=\"2026-04-04T16:41:53+00:00\" \/>\n<meta property=\"og:image\" content=\"https:\/\/happynessradio.fr\/amiens\/wp-content\/uploads\/sites\/3\/2026\/04\/MockUp-Visuels-articles-44.webp\" \/>\n\t<meta property=\"og:image:width\" content=\"1083\" \/>\n\t<meta property=\"og:image:height\" content=\"486\" \/>\n\t<meta property=\"og:image:type\" content=\"image\/webp\" \/>\n<meta name=\"author\" content=\"Lo\u00efc Dun\" \/>\n<meta name=\"twitter:card\" content=\"summary_large_image\" \/>\n<meta name=\"twitter:label1\" content=\"\u00c9crit par\" \/>\n\t<meta name=\"twitter:data1\" content=\"Lo\u00efc Dun\" \/>\n\t<meta name=\"twitter:label2\" content=\"Dur\u00e9e de lecture estim\u00e9e\" \/>\n\t<meta name=\"twitter:data2\" content=\"2 minutes\" \/>\n<script type=\"application\/ld+json\" class=\"yoast-schema-graph\">{\"@context\":\"https:\\\/\\\/schema.org\",\"@graph\":[{\"@type\":\"Article\",\"@id\":\"https:\\\/\\\/happynessradio.fr\\\/amiens\\\/articles\\\/pont-de-metz-la-rederie-bientot-de-retour\\\/#article\",\"isPartOf\":{\"@id\":\"https:\\\/\\\/happynessradio.fr\\\/amiens\\\/articles\\\/pont-de-metz-la-rederie-bientot-de-retour\\\/\"},\"author\":{\"name\":\"Lo\u00efc Dun\",\"@id\":\"https:\\\/\\\/happynessradio.fr\\\/amiens\\\/#\\\/schema\\\/person\\\/735f1a1ba15f9478beb4249ad52f7252\"},\"headline\":\"Pont-de-Metz : La r\u00e9derie bient\u00f4t de retour\",\"datePublished\":\"2026-04-04T16:41:51+00:00\",\"dateModified\":\"2026-04-04T16:41:53+00:00\",\"mainEntityOfPage\":{\"@id\":\"https:\\\/\\\/happynessradio.fr\\\/amiens\\\/articles\\\/pont-de-metz-la-rederie-bientot-de-retour\\\/\"},\"wordCount\":263,\"commentCount\":0,\"image\":{\"@id\":\"https:\\\/\\\/happynessradio.fr\\\/amiens\\\/articles\\\/pont-de-metz-la-rederie-bientot-de-retour\\\/#primaryimage\"},\"thumbnailUrl\":\"https:\\\/\\\/happynessradio.fr\\\/amiens\\\/wp-content\\\/uploads\\\/sites\\\/3\\\/2026\\\/04\\\/MockUp-Visuels-articles-44.webp\",\"articleSection\":[\"Amiens\"],\"inLanguage\":\"fr-FR\",\"potentialAction\":[{\"@type\":\"CommentAction\",\"name\":\"Comment\",\"target\":[\"https:\\\/\\\/happynessradio.fr\\\/amiens\\\/articles\\\/pont-de-metz-la-rederie-bientot-de-retour\\\/#respond\"]}]},{\"@type\":\"WebPage\",\"@id\":\"https:\\\/\\\/happynessradio.fr\\\/amiens\\\/articles\\\/pont-de-metz-la-rederie-bientot-de-retour\\\/\",\"url\":\"https:\\\/\\\/happynessradio.fr\\\/amiens\\\/articles\\\/pont-de-metz-la-rederie-bientot-de-retour\\\/\",\"name\":\"Pont-de-Metz : La r\u00e9derie bient\u00f4t de retour - Happyness Amiens\",\"isPartOf\":{\"@id\":\"https:\\\/\\\/happynessradio.fr\\\/amiens\\\/#website\"},\"primaryImageOfPage\":{\"@id\":\"https:\\\/\\\/happynessradio.fr\\\/amiens\\\/articles\\\/pont-de-metz-la-rederie-bientot-de-retour\\\/#primaryimage\"},\"image\":{\"@id\":\"https:\\\/\\\/happynessradio.fr\\\/amiens\\\/articles\\\/pont-de-metz-la-rederie-bientot-de-retour\\\/#primaryimage\"},\"thumbnailUrl\":\"https:\\\/\\\/happynessradio.fr\\\/amiens\\\/wp-content\\\/uploads\\\/sites\\\/3\\\/2026\\\/04\\\/MockUp-Visuels-articles-44.webp\",\"datePublished\":\"2026-04-04T16:41:51+00:00\",\"dateModified\":\"2026-04-04T16:41:53+00:00\",\"author\":{\"@id\":\"https:\\\/\\\/happynessradio.fr\\\/amiens\\\/#\\\/schema\\\/person\\\/735f1a1ba15f9478beb4249ad52f7252\"},\"description\":\"Ne manquez pas la r\u00e9derie de Pont-de-Metz le dimanche 17 mai ! Inscriptions en mairie d\u00e8s le 1er avril. Venez chiner et profiter de la restauration sur place.\",\"breadcrumb\":{\"@id\":\"https:\\\/\\\/happynessradio.fr\\\/amiens\\\/articles\\\/pont-de-metz-la-rederie-bientot-de-retour\\\/#breadcrumb\"},\"inLanguage\":\"fr-FR\",\"potentialAction\":[{\"@type\":\"ReadAction\",\"target\":[\"https:\\\/\\\/happynessradio.fr\\\/amiens\\\/articles\\\/pont-de-metz-la-rederie-bientot-de-retour\\\/\"]}]},{\"@type\":\"ImageObject\",\"inLanguage\":\"fr-FR\",\"@id\":\"https:\\\/\\\/happynessradio.fr\\\/amiens\\\/articles\\\/pont-de-metz-la-rederie-bientot-de-retour\\\/#primaryimage\",\"url\":\"https:\\\/\\\/happynessradio.fr\\\/amiens\\\/wp-content\\\/uploads\\\/sites\\\/3\\\/2026\\\/04\\\/MockUp-Visuels-articles-44.webp\",\"contentUrl\":\"https:\\\/\\\/happynessradio.fr\\\/amiens\\\/wp-content\\\/uploads\\\/sites\\\/3\\\/2026\\\/04\\\/MockUp-Visuels-articles-44.webp\",\"width\":1083,\"height\":486,\"caption\":\"\u00c9talage de livres d'occasion, vinyles et objets anciens sur des tables lors d'une r\u00e9derie en plein air.\"},{\"@type\":\"BreadcrumbList\",\"@id\":\"https:\\\/\\\/happynessradio.fr\\\/amiens\\\/articles\\\/pont-de-metz-la-rederie-bientot-de-retour\\\/#breadcrumb\",\"itemListElement\":[{\"@type\":\"ListItem\",\"position\":1,\"name\":\"Accueil\",\"item\":\"https:\\\/\\\/happynessradio.fr\\\/amiens\\\/\"},{\"@type\":\"ListItem\",\"position\":2,\"name\":\"Pont-de-Metz : La r\u00e9derie bient\u00f4t de retour\"}]},{\"@type\":\"WebSite\",\"@id\":\"https:\\\/\\\/happynessradio.fr\\\/amiens\\\/#website\",\"url\":\"https:\\\/\\\/happynessradio.fr\\\/amiens\\\/\",\"name\":\"Happyness Amiens\",\"description\":\"Toujours au plus proche de vous\",\"potentialAction\":[{\"@type\":\"SearchAction\",\"target\":{\"@type\":\"EntryPoint\",\"urlTemplate\":\"https:\\\/\\\/happynessradio.fr\\\/amiens\\\/?s={search_term_string}\"},\"query-input\":{\"@type\":\"PropertyValueSpecification\",\"valueRequired\":true,\"valueName\":\"search_term_string\"}}],\"inLanguage\":\"fr-FR\"},{\"@type\":\"Person\",\"@id\":\"https:\\\/\\\/happynessradio.fr\\\/amiens\\\/#\\\/schema\\\/person\\\/735f1a1ba15f9478beb4249ad52f7252\",\"name\":\"Lo\u00efc Dun\",\"image\":{\"@type\":\"ImageObject\",\"inLanguage\":\"fr-FR\",\"@id\":\"https:\\\/\\\/happynessradio.fr\\\/amiens\\\/wp-content\\\/uploads\\\/sites\\\/3\\\/2025\\\/12\\\/cropped-Portrait-Loic-25-26-96x96.webp\",\"url\":\"https:\\\/\\\/happynessradio.fr\\\/amiens\\\/wp-content\\\/uploads\\\/sites\\\/3\\\/2025\\\/12\\\/cropped-Portrait-Loic-25-26-96x96.webp\",\"contentUrl\":\"https:\\\/\\\/happynessradio.fr\\\/amiens\\\/wp-content\\\/uploads\\\/sites\\\/3\\\/2025\\\/12\\\/cropped-Portrait-Loic-25-26-96x96.webp\",\"caption\":\"Lo\u00efc Dun\"},\"description\":\"R\u00e9dacteur web Happyness. Co-animateur (chroniqueur) Quoi d'neuf ? Amiens Chroniqueur Le R\u00e9veil Happyness\",\"sameAs\":[\"https:\\\/\\\/www.instagram.com\\\/lolo80radio\\\/\",\"https:\\\/\\\/www.linkedin.com\\\/in\\\/loc-d-365960164\\\/\"],\"url\":\"https:\\\/\\\/happynessradio.fr\\\/amiens\\\/articles\\\/author\\\/loicdun\\\/\"}]}<\/script>\n<!-- \/ Yoast SEO plugin. -->","yoast_head_json":{"title":"Pont-de-Metz : La r\u00e9derie bient\u00f4t de retour - Happyness Amiens","description":"Ne manquez pas la r\u00e9derie de Pont-de-Metz le dimanche 17 mai ! Inscriptions en mairie d\u00e8s le 1er avril. Venez chiner et profiter de la restauration sur place.","robots":{"index":"index","follow":"follow","max-snippet":"max-snippet:-1","max-image-preview":"max-image-preview:large","max-video-preview":"max-video-preview:-1"},"canonical":"https:\/\/happynessradio.fr\/amiens\/articles\/pont-de-metz-la-rederie-bientot-de-retour\/","og_locale":"fr_FR","og_type":"article","og_title":"Pont-de-Metz : La r\u00e9derie bient\u00f4t de retour - Happyness Amiens","og_description":"Ne manquez pas la r\u00e9derie de Pont-de-Metz le dimanche 17 mai ! Inscriptions en mairie d\u00e8s le 1er avril. Venez chiner et profiter de la restauration sur place.","og_url":"https:\/\/happynessradio.fr\/amiens\/articles\/pont-de-metz-la-rederie-bientot-de-retour\/","og_site_name":"Happyness Amiens","article_published_time":"2026-04-04T16:41:51+00:00","article_modified_time":"2026-04-04T16:41:53+00:00","og_image":[{"width":1083,"height":486,"url":"https:\/\/happynessradio.fr\/amiens\/wp-content\/uploads\/sites\/3\/2026\/04\/MockUp-Visuels-articles-44.webp","type":"image\/webp"}],"author":"Lo\u00efc Dun","twitter_card":"summary_large_image","twitter_misc":{"\u00c9crit par":"Lo\u00efc Dun","Dur\u00e9e de lecture estim\u00e9e":"2 minutes"},"schema":{"@context":"https:\/\/schema.org","@graph":[{"@type":"Article","@id":"https:\/\/happynessradio.fr\/amiens\/articles\/pont-de-metz-la-rederie-bientot-de-retour\/#article","isPartOf":{"@id":"https:\/\/happynessradio.fr\/amiens\/articles\/pont-de-metz-la-rederie-bientot-de-retour\/"},"author":{"name":"Lo\u00efc Dun","@id":"https:\/\/happynessradio.fr\/amiens\/#\/schema\/person\/735f1a1ba15f9478beb4249ad52f7252"},"headline":"Pont-de-Metz : La r\u00e9derie bient\u00f4t de retour","datePublished":"2026-04-04T16:41:51+00:00","dateModified":"2026-04-04T16:41:53+00:00","mainEntityOfPage":{"@id":"https:\/\/happynessradio.fr\/amiens\/articles\/pont-de-metz-la-rederie-bientot-de-retour\/"},"wordCount":263,"commentCount":0,"image":{"@id":"https:\/\/happynessradio.fr\/amiens\/articles\/pont-de-metz-la-rederie-bientot-de-retour\/#primaryimage"},"thumbnailUrl":"https:\/\/happynessradio.fr\/amiens\/wp-content\/uploads\/sites\/3\/2026\/04\/MockUp-Visuels-articles-44.webp","articleSection":["Amiens"],"inLanguage":"fr-FR","potentialAction":[{"@type":"CommentAction","name":"Comment","target":["https:\/\/happynessradio.fr\/amiens\/articles\/pont-de-metz-la-rederie-bientot-de-retour\/#respond"]}]},{"@type":"WebPage","@id":"https:\/\/happynessradio.fr\/amiens\/articles\/pont-de-metz-la-rederie-bientot-de-retour\/","url":"https:\/\/happynessradio.fr\/amiens\/articles\/pont-de-metz-la-rederie-bientot-de-retour\/","name":"Pont-de-Metz : La r\u00e9derie bient\u00f4t de retour - Happyness Amiens","isPartOf":{"@id":"https:\/\/happynessradio.fr\/amiens\/#website"},"primaryImageOfPage":{"@id":"https:\/\/happynessradio.fr\/amiens\/articles\/pont-de-metz-la-rederie-bientot-de-retour\/#primaryimage"},"image":{"@id":"https:\/\/happynessradio.fr\/amiens\/articles\/pont-de-metz-la-rederie-bientot-de-retour\/#primaryimage"},"thumbnailUrl":"https:\/\/happynessradio.fr\/amiens\/wp-content\/uploads\/sites\/3\/2026\/04\/MockUp-Visuels-articles-44.webp","datePublished":"2026-04-04T16:41:51+00:00","dateModified":"2026-04-04T16:41:53+00:00","author":{"@id":"https:\/\/happynessradio.fr\/amiens\/#\/schema\/person\/735f1a1ba15f9478beb4249ad52f7252"},"description":"Ne manquez pas la r\u00e9derie de Pont-de-Metz le dimanche 17 mai ! Inscriptions en mairie d\u00e8s le 1er avril. Venez chiner et profiter de la restauration sur place.","breadcrumb":{"@id":"https:\/\/happynessradio.fr\/amiens\/articles\/pont-de-metz-la-rederie-bientot-de-retour\/#breadcrumb"},"inLanguage":"fr-FR","potentialAction":[{"@type":"ReadAction","target":["https:\/\/happynessradio.fr\/amiens\/articles\/pont-de-metz-la-rederie-bientot-de-retour\/"]}]},{"@type":"ImageObject","inLanguage":"fr-FR","@id":"https:\/\/happynessradio.fr\/amiens\/articles\/pont-de-metz-la-rederie-bientot-de-retour\/#primaryimage","url":"https:\/\/happynessradio.fr\/amiens\/wp-content\/uploads\/sites\/3\/2026\/04\/MockUp-Visuels-articles-44.webp","contentUrl":"https:\/\/happynessradio.fr\/amiens\/wp-content\/uploads\/sites\/3\/2026\/04\/MockUp-Visuels-articles-44.webp","width":1083,"height":486,"caption":"\u00c9talage de livres d'occasion, vinyles et objets anciens sur des tables lors d'une r\u00e9derie en plein air."},{"@type":"BreadcrumbList","@id":"https:\/\/happynessradio.fr\/amiens\/articles\/pont-de-metz-la-rederie-bientot-de-retour\/#breadcrumb","itemListElement":[{"@type":"ListItem","position":1,"name":"Accueil","item":"https:\/\/happynessradio.fr\/amiens\/"},{"@type":"ListItem","position":2,"name":"Pont-de-Metz : La r\u00e9derie bient\u00f4t de retour"}]},{"@type":"WebSite","@id":"https:\/\/happynessradio.fr\/amiens\/#website","url":"https:\/\/happynessradio.fr\/amiens\/","name":"Happyness Amiens","description":"Toujours au plus proche de vous","potentialAction":[{"@type":"SearchAction","target":{"@type":"EntryPoint","urlTemplate":"https:\/\/happynessradio.fr\/amiens\/?s={search_term_string}"},"query-input":{"@type":"PropertyValueSpecification","valueRequired":true,"valueName":"search_term_string"}}],"inLanguage":"fr-FR"},{"@type":"Person","@id":"https:\/\/happynessradio.fr\/amiens\/#\/schema\/person\/735f1a1ba15f9478beb4249ad52f7252","name":"Lo\u00efc Dun","image":{"@type":"ImageObject","inLanguage":"fr-FR","@id":"https:\/\/happynessradio.fr\/amiens\/wp-content\/uploads\/sites\/3\/2025\/12\/cropped-Portrait-Loic-25-26-96x96.webp","url":"https:\/\/happynessradio.fr\/amiens\/wp-content\/uploads\/sites\/3\/2025\/12\/cropped-Portrait-Loic-25-26-96x96.webp","contentUrl":"https:\/\/happynessradio.fr\/amiens\/wp-content\/uploads\/sites\/3\/2025\/12\/cropped-Portrait-Loic-25-26-96x96.webp","caption":"Lo\u00efc Dun"},"description":"R\u00e9dacteur web Happyness. Co-animateur (chroniqueur) Quoi d'neuf ? Amiens Chroniqueur Le R\u00e9veil Happyness","sameAs":["https:\/\/www.instagram.com\/lolo80radio\/","https:\/\/www.linkedin.com\/in\/loc-d-365960164\/"],"url":"https:\/\/happynessradio.fr\/amiens\/articles\/author\/loicdun\/"}]}},"modified_by":"Lo\u00efc Dun","_links":{"self":[{"href":"https:\/\/happynessradio.fr\/amiens\/wp-json\/wp\/v2\/posts\/12595","targetHints":{"allow":["GET"]}}],"collection":[{"href":"https:\/\/happynessradio.fr\/amiens\/wp-json\/wp\/v2\/posts"}],"about":[{"href":"https:\/\/happynessradio.fr\/amiens\/wp-json\/wp\/v2\/types\/post"}],"author":[{"embeddable":true,"href":"https:\/\/happynessradio.fr\/amiens\/wp-json\/wp\/v2\/users\/6"}],"replies":[{"embeddable":true,"href":"https:\/\/happynessradio.fr\/amiens\/wp-json\/wp\/v2\/comments?post=12595"}],"version-history":[{"count":2,"href":"https:\/\/happynessradio.fr\/amiens\/wp-json\/wp\/v2\/posts\/12595\/revisions"}],"predecessor-version":[{"id":12597,"href":"https:\/\/happynessradio.fr\/amiens\/wp-json\/wp\/v2\/posts\/12595\/revisions\/12597"}],"wp:featuredmedia":[{"embeddable":true,"href":"https:\/\/happynessradio.fr\/amiens\/wp-json\/wp\/v2\/media\/12581"}],"wp:attachment":[{"href":"https:\/\/happynessradio.fr\/amiens\/wp-json\/wp\/v2\/media?parent=12595"}],"wp:term":[{"taxonomy":"category","embeddable":true,"href":"https:\/\/happynessradio.fr\/amiens\/wp-json\/wp\/v2\/categories?post=12595"},{"taxonomy":"post_tag","embeddable":true,"href":"https:\/\/happynessradio.fr\/amiens\/wp-json\/wp\/v2\/tags?post=12595"}],"curies":[{"name":"wp","href":"https:\/\/api.w.org\/{rel}","templated":true}]}}