{"id":12599,"date":"2026-04-04T20:26:02","date_gmt":"2026-04-04T18:26:02","guid":{"rendered":"https:\/\/happynessradio.fr\/amiens\/?p=12599"},"modified":"2026-04-04T20:26:04","modified_gmt":"2026-04-04T18:26:04","slug":"amiens-rederie-verte-en-mai","status":"publish","type":"post","link":"https:\/\/happynessradio.fr\/amiens\/articles\/amiens-rederie-verte-en-mai\/","title":{"rendered":"Amiens : R\u00e9derie verte en mai"},"content":{"rendered":"\n<p><em>Vendredi 1er mai a lieu La R\u00e9derie Verte d&rsquo;Amiens au Jardin des plantes, un \u00e9v\u00e9nement organis\u00e9 dans le cadre de la \u00ab\u00a0F\u00eate des plantes\u00a0\u00bb.  Cette brocante permet la vente, le don ou le troc de tout ce qui concerne l&rsquo;univers du jardin  Les inscriptions sont d\u00e9j\u00e0 ouvertes via internet. <\/em><\/p>\n\n\n\n<h2 class=\"wp-block-heading\">Dans le cadre de la \u00ab\u00a0F\u00eate des plantes\u00a0\u00bb<\/h2>\n\n\n\n<p>Le vendredi 1er mai se d\u00e9roule La R\u00e9derie Verte d&rsquo;Amiens au Jardin des plantes, un \u00e9v\u00e9nement organis\u00e9 dans le cadre de la \u00ab\u00a0F\u00eate des plantes\u00a0\u00bb. Cette brocante permet la vente, le don ou le troc de tout ce qui concerne l&rsquo;univers du jardin (v\u00e9g\u00e9taux, graines, outils, mobilier de jardin, livres, etc.).<\/p>\n\n\n\n<h2 class=\"wp-block-heading\">Acc\u00e8s et ouverture des inscriptions <\/h2>\n\n\n\n<p>Cette animation se d\u00e9roule de 10 h \u00e0 18 h, pour venir attention pas de bus sur le r\u00e9seau Ametis le jour-m\u00eame en cause du jour f\u00e9ri\u00e9 de La f\u00eate du travail. Pour venir en voiture, on vous conseille de vous stationner dans les parkings souterrains en centre-ville ou bien venir \u00e0 pied ou directement \u00e0 v\u00e9lo.  Les inscriptions sont d\u00e9j\u00e0 ouvertes via le<a href=\"https:\/\/www.amiens.fr\/Vivre-a-Amiens\/Environnement\/Jardin-des-plantes\/FETE-DES-PLANTES-ET-DES-ARBRES\" id=\"https:\/\/www.amiens.fr\/Vivre-a-Amiens\/Environnement\/Jardin-des-plantes\/FETE-DES-PLANTES-ET-DES-ARBRES\"> site internet<\/a>. <\/p>\n\n\n\n<h2 class=\"wp-block-heading\">Circulation interdite durant l&rsquo;\u00e9v\u00e9nement<\/h2>\n\n\n\n<p>A noter que l&rsquo;installation des stands s&rsquo;effectue entre 6 h et 9 h dans la rue du Jardin des plantes. A savoir que le  retrait des v\u00e9hicules aura lieu avant 9 h 30 avec une interdiction de tout mouvement de v\u00e9hicules durant toute la journ\u00e9e de ce vide grenier v\u00e9g\u00e9tal pas les comme les autres. <\/p>\n\n\n\n<p> <\/p>\n\n\n\n<p><\/p>\n","protected":false},"excerpt":{"rendered":"<p>Vendredi 1er mai a lieu La R\u00e9derie Verte d&rsquo;Amiens au Jardin des plantes, un \u00e9v\u00e9nement organis\u00e9 dans le cadre de la \u00ab\u00a0F\u00eate des plantes\u00a0\u00bb. Cette brocante permet la vente, le don ou le troc de tout ce qui concerne l&rsquo;univers du jardin Les inscriptions sont d\u00e9j\u00e0 ouvertes via internet. Dans le cadre de la \u00ab\u00a0F\u00eate des plantes\u00a0\u00bb Le vendredi 1er mai se d\u00e9roule La R\u00e9derie Verte d&rsquo;Amiens au Jardin des plantes, un \u00e9v\u00e9nement organis\u00e9 dans le cadre de la \u00ab\u00a0F\u00eate des plantes\u00a0\u00bb. Cette brocante permet la vente, le don ou le troc de tout ce qui concerne l&rsquo;univers du jardin (v\u00e9g\u00e9taux, graines, outils, mobilier de jardin, livres, etc.). Acc\u00e8s et ouverture des inscriptions Cette animation se d\u00e9roule de 10 h \u00e0 18 h, pour venir attention pas de bus sur le r\u00e9seau Ametis le jour-m\u00eame en cause du jour f\u00e9ri\u00e9 de La f\u00eate du travail. Pour venir en voiture, on vous conseille de vous stationner dans les parkings souterrains en centre-ville ou bien venir \u00e0 pied ou directement \u00e0 v\u00e9lo. Les inscriptions sont d\u00e9j\u00e0 ouvertes via le site internet. Circulation interdite durant l&rsquo;\u00e9v\u00e9nement A noter que l&rsquo;installation des stands s&rsquo;effectue entre 6 h et 9 h dans la rue du Jardin des plantes. A savoir que le retrait des v\u00e9hicules aura lieu avant 9 h 30 avec une interdiction de tout mouvement de v\u00e9hicules durant toute la journ\u00e9e de ce vide grenier v\u00e9g\u00e9tal pas les comme les autres.<\/p>\n","protected":false},"author":6,"featured_media":12600,"comment_status":"open","ping_status":"open","sticky":false,"template":"","format":"standard","meta":{"_lmt_disableupdate":"","_lmt_disable":"","footnotes":""},"categories":[11],"tags":[],"class_list":["post-12599","post","type-post","status-publish","format-standard","has-post-thumbnail","hentry","category-amiens"],"yoast_head":"<!-- This site is optimized with the Yoast SEO plugin v27.5 - https:\/\/yoast.com\/product\/yoast-seo-wordpress\/ -->\n<title>Amiens : R\u00e9derie verte en mai - Happyness Amiens<\/title>\n<meta name=\"description\" content=\"Participez \u00e0 la R\u00e9derie Verte d&#039;Amiens le vendredi 1er mai au Jardin des Plantes ! Troc, vente et dons de v\u00e9g\u00e9taux ou outils. Inscriptions ouvertes en ligne.\" \/>\n<meta name=\"robots\" content=\"index, follow, max-snippet:-1, max-image-preview:large, max-video-preview:-1\" \/>\n<link rel=\"canonical\" href=\"https:\/\/happynessradio.fr\/amiens\/articles\/amiens-rederie-verte-en-mai\/\" \/>\n<meta property=\"og:locale\" content=\"fr_FR\" \/>\n<meta property=\"og:type\" content=\"article\" \/>\n<meta property=\"og:title\" content=\"Amiens : R\u00e9derie verte en mai - Happyness Amiens\" \/>\n<meta property=\"og:description\" content=\"Participez \u00e0 la R\u00e9derie Verte d&#039;Amiens le vendredi 1er mai au Jardin des Plantes ! Troc, vente et dons de v\u00e9g\u00e9taux ou outils. Inscriptions ouvertes en ligne.\" \/>\n<meta property=\"og:url\" content=\"https:\/\/happynessradio.fr\/amiens\/articles\/amiens-rederie-verte-en-mai\/\" \/>\n<meta property=\"og:site_name\" content=\"Happyness Amiens\" \/>\n<meta property=\"article:published_time\" content=\"2026-04-04T18:26:02+00:00\" \/>\n<meta property=\"article:modified_time\" content=\"2026-04-04T18:26:04+00:00\" \/>\n<meta property=\"og:image\" content=\"https:\/\/happynessradio.fr\/amiens\/wp-content\/uploads\/sites\/3\/2026\/04\/MockUp-Visuels-articles-46.webp\" \/>\n\t<meta property=\"og:image:width\" content=\"1083\" \/>\n\t<meta property=\"og:image:height\" content=\"486\" \/>\n\t<meta property=\"og:image:type\" content=\"image\/webp\" \/>\n<meta name=\"author\" content=\"Lo\u00efc Dun\" \/>\n<meta name=\"twitter:card\" content=\"summary_large_image\" \/>\n<meta name=\"twitter:label1\" content=\"\u00c9crit par\" \/>\n\t<meta name=\"twitter:data1\" content=\"Lo\u00efc Dun\" \/>\n\t<meta name=\"twitter:label2\" content=\"Dur\u00e9e de lecture estim\u00e9e\" \/>\n\t<meta name=\"twitter:data2\" content=\"2 minutes\" \/>\n<script type=\"application\/ld+json\" class=\"yoast-schema-graph\">{\"@context\":\"https:\\\/\\\/schema.org\",\"@graph\":[{\"@type\":\"Article\",\"@id\":\"https:\\\/\\\/happynessradio.fr\\\/amiens\\\/articles\\\/amiens-rederie-verte-en-mai\\\/#article\",\"isPartOf\":{\"@id\":\"https:\\\/\\\/happynessradio.fr\\\/amiens\\\/articles\\\/amiens-rederie-verte-en-mai\\\/\"},\"author\":{\"name\":\"Lo\u00efc Dun\",\"@id\":\"https:\\\/\\\/happynessradio.fr\\\/amiens\\\/#\\\/schema\\\/person\\\/735f1a1ba15f9478beb4249ad52f7252\"},\"headline\":\"Amiens : R\u00e9derie verte en mai\",\"datePublished\":\"2026-04-04T18:26:02+00:00\",\"dateModified\":\"2026-04-04T18:26:04+00:00\",\"mainEntityOfPage\":{\"@id\":\"https:\\\/\\\/happynessradio.fr\\\/amiens\\\/articles\\\/amiens-rederie-verte-en-mai\\\/\"},\"wordCount\":267,\"commentCount\":0,\"image\":{\"@id\":\"https:\\\/\\\/happynessradio.fr\\\/amiens\\\/articles\\\/amiens-rederie-verte-en-mai\\\/#primaryimage\"},\"thumbnailUrl\":\"https:\\\/\\\/happynessradio.fr\\\/amiens\\\/wp-content\\\/uploads\\\/sites\\\/3\\\/2026\\\/04\\\/MockUp-Visuels-articles-46.webp\",\"articleSection\":[\"Amiens\"],\"inLanguage\":\"fr-FR\",\"potentialAction\":[{\"@type\":\"CommentAction\",\"name\":\"Comment\",\"target\":[\"https:\\\/\\\/happynessradio.fr\\\/amiens\\\/articles\\\/amiens-rederie-verte-en-mai\\\/#respond\"]}]},{\"@type\":\"WebPage\",\"@id\":\"https:\\\/\\\/happynessradio.fr\\\/amiens\\\/articles\\\/amiens-rederie-verte-en-mai\\\/\",\"url\":\"https:\\\/\\\/happynessradio.fr\\\/amiens\\\/articles\\\/amiens-rederie-verte-en-mai\\\/\",\"name\":\"Amiens : R\u00e9derie verte en mai - Happyness Amiens\",\"isPartOf\":{\"@id\":\"https:\\\/\\\/happynessradio.fr\\\/amiens\\\/#website\"},\"primaryImageOfPage\":{\"@id\":\"https:\\\/\\\/happynessradio.fr\\\/amiens\\\/articles\\\/amiens-rederie-verte-en-mai\\\/#primaryimage\"},\"image\":{\"@id\":\"https:\\\/\\\/happynessradio.fr\\\/amiens\\\/articles\\\/amiens-rederie-verte-en-mai\\\/#primaryimage\"},\"thumbnailUrl\":\"https:\\\/\\\/happynessradio.fr\\\/amiens\\\/wp-content\\\/uploads\\\/sites\\\/3\\\/2026\\\/04\\\/MockUp-Visuels-articles-46.webp\",\"datePublished\":\"2026-04-04T18:26:02+00:00\",\"dateModified\":\"2026-04-04T18:26:04+00:00\",\"author\":{\"@id\":\"https:\\\/\\\/happynessradio.fr\\\/amiens\\\/#\\\/schema\\\/person\\\/735f1a1ba15f9478beb4249ad52f7252\"},\"description\":\"Participez \u00e0 la R\u00e9derie Verte d'Amiens le vendredi 1er mai au Jardin des Plantes ! Troc, vente et dons de v\u00e9g\u00e9taux ou outils. Inscriptions ouvertes en ligne.\",\"breadcrumb\":{\"@id\":\"https:\\\/\\\/happynessradio.fr\\\/amiens\\\/articles\\\/amiens-rederie-verte-en-mai\\\/#breadcrumb\"},\"inLanguage\":\"fr-FR\",\"potentialAction\":[{\"@type\":\"ReadAction\",\"target\":[\"https:\\\/\\\/happynessradio.fr\\\/amiens\\\/articles\\\/amiens-rederie-verte-en-mai\\\/\"]}]},{\"@type\":\"ImageObject\",\"inLanguage\":\"fr-FR\",\"@id\":\"https:\\\/\\\/happynessradio.fr\\\/amiens\\\/articles\\\/amiens-rederie-verte-en-mai\\\/#primaryimage\",\"url\":\"https:\\\/\\\/happynessradio.fr\\\/amiens\\\/wp-content\\\/uploads\\\/sites\\\/3\\\/2026\\\/04\\\/MockUp-Visuels-articles-46.webp\",\"contentUrl\":\"https:\\\/\\\/happynessradio.fr\\\/amiens\\\/wp-content\\\/uploads\\\/sites\\\/3\\\/2026\\\/04\\\/MockUp-Visuels-articles-46.webp\",\"width\":1083,\"height\":486,\"caption\":\"Illustration du Jardin des Plantes d'Amiens annon\u00e7ant la R\u00e9derie Verte du 1er mai 2026, de 10h \u00e0 18h. On y voit des promeneurs dans les all\u00e9es fleuries devant les serres et le pavillon historique, dans un style graphique \u00e9pur\u00e9 et color\u00e9.\"},{\"@type\":\"BreadcrumbList\",\"@id\":\"https:\\\/\\\/happynessradio.fr\\\/amiens\\\/articles\\\/amiens-rederie-verte-en-mai\\\/#breadcrumb\",\"itemListElement\":[{\"@type\":\"ListItem\",\"position\":1,\"name\":\"Accueil\",\"item\":\"https:\\\/\\\/happynessradio.fr\\\/amiens\\\/\"},{\"@type\":\"ListItem\",\"position\":2,\"name\":\"Amiens : R\u00e9derie verte en mai\"}]},{\"@type\":\"WebSite\",\"@id\":\"https:\\\/\\\/happynessradio.fr\\\/amiens\\\/#website\",\"url\":\"https:\\\/\\\/happynessradio.fr\\\/amiens\\\/\",\"name\":\"Happyness Amiens\",\"description\":\"Toujours au plus proche de vous\",\"potentialAction\":[{\"@type\":\"SearchAction\",\"target\":{\"@type\":\"EntryPoint\",\"urlTemplate\":\"https:\\\/\\\/happynessradio.fr\\\/amiens\\\/?s={search_term_string}\"},\"query-input\":{\"@type\":\"PropertyValueSpecification\",\"valueRequired\":true,\"valueName\":\"search_term_string\"}}],\"inLanguage\":\"fr-FR\"},{\"@type\":\"Person\",\"@id\":\"https:\\\/\\\/happynessradio.fr\\\/amiens\\\/#\\\/schema\\\/person\\\/735f1a1ba15f9478beb4249ad52f7252\",\"name\":\"Lo\u00efc Dun\",\"image\":{\"@type\":\"ImageObject\",\"inLanguage\":\"fr-FR\",\"@id\":\"https:\\\/\\\/happynessradio.fr\\\/amiens\\\/wp-content\\\/uploads\\\/sites\\\/3\\\/2025\\\/12\\\/cropped-Portrait-Loic-25-26-96x96.webp\",\"url\":\"https:\\\/\\\/happynessradio.fr\\\/amiens\\\/wp-content\\\/uploads\\\/sites\\\/3\\\/2025\\\/12\\\/cropped-Portrait-Loic-25-26-96x96.webp\",\"contentUrl\":\"https:\\\/\\\/happynessradio.fr\\\/amiens\\\/wp-content\\\/uploads\\\/sites\\\/3\\\/2025\\\/12\\\/cropped-Portrait-Loic-25-26-96x96.webp\",\"caption\":\"Lo\u00efc Dun\"},\"description\":\"R\u00e9dacteur web Happyness. Co-animateur (chroniqueur) Quoi d'neuf ? Amiens Chroniqueur Le R\u00e9veil Happyness\",\"sameAs\":[\"https:\\\/\\\/www.instagram.com\\\/lolo80radio\\\/\",\"https:\\\/\\\/www.linkedin.com\\\/in\\\/loc-d-365960164\\\/\"],\"url\":\"https:\\\/\\\/happynessradio.fr\\\/amiens\\\/articles\\\/author\\\/loicdun\\\/\"}]}<\/script>\n<!-- \/ Yoast SEO plugin. -->","yoast_head_json":{"title":"Amiens : R\u00e9derie verte en mai - Happyness Amiens","description":"Participez \u00e0 la R\u00e9derie Verte d'Amiens le vendredi 1er mai au Jardin des Plantes ! Troc, vente et dons de v\u00e9g\u00e9taux ou outils. Inscriptions ouvertes en ligne.","robots":{"index":"index","follow":"follow","max-snippet":"max-snippet:-1","max-image-preview":"max-image-preview:large","max-video-preview":"max-video-preview:-1"},"canonical":"https:\/\/happynessradio.fr\/amiens\/articles\/amiens-rederie-verte-en-mai\/","og_locale":"fr_FR","og_type":"article","og_title":"Amiens : R\u00e9derie verte en mai - Happyness Amiens","og_description":"Participez \u00e0 la R\u00e9derie Verte d'Amiens le vendredi 1er mai au Jardin des Plantes ! Troc, vente et dons de v\u00e9g\u00e9taux ou outils. Inscriptions ouvertes en ligne.","og_url":"https:\/\/happynessradio.fr\/amiens\/articles\/amiens-rederie-verte-en-mai\/","og_site_name":"Happyness Amiens","article_published_time":"2026-04-04T18:26:02+00:00","article_modified_time":"2026-04-04T18:26:04+00:00","og_image":[{"width":1083,"height":486,"url":"https:\/\/happynessradio.fr\/amiens\/wp-content\/uploads\/sites\/3\/2026\/04\/MockUp-Visuels-articles-46.webp","type":"image\/webp"}],"author":"Lo\u00efc Dun","twitter_card":"summary_large_image","twitter_misc":{"\u00c9crit par":"Lo\u00efc Dun","Dur\u00e9e de lecture estim\u00e9e":"2 minutes"},"schema":{"@context":"https:\/\/schema.org","@graph":[{"@type":"Article","@id":"https:\/\/happynessradio.fr\/amiens\/articles\/amiens-rederie-verte-en-mai\/#article","isPartOf":{"@id":"https:\/\/happynessradio.fr\/amiens\/articles\/amiens-rederie-verte-en-mai\/"},"author":{"name":"Lo\u00efc Dun","@id":"https:\/\/happynessradio.fr\/amiens\/#\/schema\/person\/735f1a1ba15f9478beb4249ad52f7252"},"headline":"Amiens : R\u00e9derie verte en mai","datePublished":"2026-04-04T18:26:02+00:00","dateModified":"2026-04-04T18:26:04+00:00","mainEntityOfPage":{"@id":"https:\/\/happynessradio.fr\/amiens\/articles\/amiens-rederie-verte-en-mai\/"},"wordCount":267,"commentCount":0,"image":{"@id":"https:\/\/happynessradio.fr\/amiens\/articles\/amiens-rederie-verte-en-mai\/#primaryimage"},"thumbnailUrl":"https:\/\/happynessradio.fr\/amiens\/wp-content\/uploads\/sites\/3\/2026\/04\/MockUp-Visuels-articles-46.webp","articleSection":["Amiens"],"inLanguage":"fr-FR","potentialAction":[{"@type":"CommentAction","name":"Comment","target":["https:\/\/happynessradio.fr\/amiens\/articles\/amiens-rederie-verte-en-mai\/#respond"]}]},{"@type":"WebPage","@id":"https:\/\/happynessradio.fr\/amiens\/articles\/amiens-rederie-verte-en-mai\/","url":"https:\/\/happynessradio.fr\/amiens\/articles\/amiens-rederie-verte-en-mai\/","name":"Amiens : R\u00e9derie verte en mai - Happyness Amiens","isPartOf":{"@id":"https:\/\/happynessradio.fr\/amiens\/#website"},"primaryImageOfPage":{"@id":"https:\/\/happynessradio.fr\/amiens\/articles\/amiens-rederie-verte-en-mai\/#primaryimage"},"image":{"@id":"https:\/\/happynessradio.fr\/amiens\/articles\/amiens-rederie-verte-en-mai\/#primaryimage"},"thumbnailUrl":"https:\/\/happynessradio.fr\/amiens\/wp-content\/uploads\/sites\/3\/2026\/04\/MockUp-Visuels-articles-46.webp","datePublished":"2026-04-04T18:26:02+00:00","dateModified":"2026-04-04T18:26:04+00:00","author":{"@id":"https:\/\/happynessradio.fr\/amiens\/#\/schema\/person\/735f1a1ba15f9478beb4249ad52f7252"},"description":"Participez \u00e0 la R\u00e9derie Verte d'Amiens le vendredi 1er mai au Jardin des Plantes ! Troc, vente et dons de v\u00e9g\u00e9taux ou outils. Inscriptions ouvertes en ligne.","breadcrumb":{"@id":"https:\/\/happynessradio.fr\/amiens\/articles\/amiens-rederie-verte-en-mai\/#breadcrumb"},"inLanguage":"fr-FR","potentialAction":[{"@type":"ReadAction","target":["https:\/\/happynessradio.fr\/amiens\/articles\/amiens-rederie-verte-en-mai\/"]}]},{"@type":"ImageObject","inLanguage":"fr-FR","@id":"https:\/\/happynessradio.fr\/amiens\/articles\/amiens-rederie-verte-en-mai\/#primaryimage","url":"https:\/\/happynessradio.fr\/amiens\/wp-content\/uploads\/sites\/3\/2026\/04\/MockUp-Visuels-articles-46.webp","contentUrl":"https:\/\/happynessradio.fr\/amiens\/wp-content\/uploads\/sites\/3\/2026\/04\/MockUp-Visuels-articles-46.webp","width":1083,"height":486,"caption":"Illustration du Jardin des Plantes d'Amiens annon\u00e7ant la R\u00e9derie Verte du 1er mai 2026, de 10h \u00e0 18h. On y voit des promeneurs dans les all\u00e9es fleuries devant les serres et le pavillon historique, dans un style graphique \u00e9pur\u00e9 et color\u00e9."},{"@type":"BreadcrumbList","@id":"https:\/\/happynessradio.fr\/amiens\/articles\/amiens-rederie-verte-en-mai\/#breadcrumb","itemListElement":[{"@type":"ListItem","position":1,"name":"Accueil","item":"https:\/\/happynessradio.fr\/amiens\/"},{"@type":"ListItem","position":2,"name":"Amiens : R\u00e9derie verte en mai"}]},{"@type":"WebSite","@id":"https:\/\/happynessradio.fr\/amiens\/#website","url":"https:\/\/happynessradio.fr\/amiens\/","name":"Happyness Amiens","description":"Toujours au plus proche de vous","potentialAction":[{"@type":"SearchAction","target":{"@type":"EntryPoint","urlTemplate":"https:\/\/happynessradio.fr\/amiens\/?s={search_term_string}"},"query-input":{"@type":"PropertyValueSpecification","valueRequired":true,"valueName":"search_term_string"}}],"inLanguage":"fr-FR"},{"@type":"Person","@id":"https:\/\/happynessradio.fr\/amiens\/#\/schema\/person\/735f1a1ba15f9478beb4249ad52f7252","name":"Lo\u00efc Dun","image":{"@type":"ImageObject","inLanguage":"fr-FR","@id":"https:\/\/happynessradio.fr\/amiens\/wp-content\/uploads\/sites\/3\/2025\/12\/cropped-Portrait-Loic-25-26-96x96.webp","url":"https:\/\/happynessradio.fr\/amiens\/wp-content\/uploads\/sites\/3\/2025\/12\/cropped-Portrait-Loic-25-26-96x96.webp","contentUrl":"https:\/\/happynessradio.fr\/amiens\/wp-content\/uploads\/sites\/3\/2025\/12\/cropped-Portrait-Loic-25-26-96x96.webp","caption":"Lo\u00efc Dun"},"description":"R\u00e9dacteur web Happyness. Co-animateur (chroniqueur) Quoi d'neuf ? Amiens Chroniqueur Le R\u00e9veil Happyness","sameAs":["https:\/\/www.instagram.com\/lolo80radio\/","https:\/\/www.linkedin.com\/in\/loc-d-365960164\/"],"url":"https:\/\/happynessradio.fr\/amiens\/articles\/author\/loicdun\/"}]}},"modified_by":"Lo\u00efc Dun","_links":{"self":[{"href":"https:\/\/happynessradio.fr\/amiens\/wp-json\/wp\/v2\/posts\/12599","targetHints":{"allow":["GET"]}}],"collection":[{"href":"https:\/\/happynessradio.fr\/amiens\/wp-json\/wp\/v2\/posts"}],"about":[{"href":"https:\/\/happynessradio.fr\/amiens\/wp-json\/wp\/v2\/types\/post"}],"author":[{"embeddable":true,"href":"https:\/\/happynessradio.fr\/amiens\/wp-json\/wp\/v2\/users\/6"}],"replies":[{"embeddable":true,"href":"https:\/\/happynessradio.fr\/amiens\/wp-json\/wp\/v2\/comments?post=12599"}],"version-history":[{"count":1,"href":"https:\/\/happynessradio.fr\/amiens\/wp-json\/wp\/v2\/posts\/12599\/revisions"}],"predecessor-version":[{"id":12601,"href":"https:\/\/happynessradio.fr\/amiens\/wp-json\/wp\/v2\/posts\/12599\/revisions\/12601"}],"wp:featuredmedia":[{"embeddable":true,"href":"https:\/\/happynessradio.fr\/amiens\/wp-json\/wp\/v2\/media\/12600"}],"wp:attachment":[{"href":"https:\/\/happynessradio.fr\/amiens\/wp-json\/wp\/v2\/media?parent=12599"}],"wp:term":[{"taxonomy":"category","embeddable":true,"href":"https:\/\/happynessradio.fr\/amiens\/wp-json\/wp\/v2\/categories?post=12599"},{"taxonomy":"post_tag","embeddable":true,"href":"https:\/\/happynessradio.fr\/amiens\/wp-json\/wp\/v2\/tags?post=12599"}],"curies":[{"name":"wp","href":"https:\/\/api.w.org\/{rel}","templated":true}]}}