{"id":12603,"date":"2026-04-05T17:25:04","date_gmt":"2026-04-05T15:25:04","guid":{"rendered":"https:\/\/happynessradio.fr\/amiens\/?p=12603"},"modified":"2026-04-05T17:33:18","modified_gmt":"2026-04-05T15:33:18","slug":"infos-des-routes-somme-les-previsions-pour-cette-semaine","status":"publish","type":"post","link":"https:\/\/happynessradio.fr\/amiens\/articles\/infos-des-routes-somme-les-previsions-pour-cette-semaine\/","title":{"rendered":"Infos des routes Somme : Les pr\u00e9visions pour cette semaine"},"content":{"rendered":"\n<p><em>Happyness Amiens vous communique les infos des routes concernant les routes du d\u00e9partement de la Somme au sujet des op\u00e9rations termin\u00e9es, des travaux en cours ainsi que des perturbations \u00e0 venir. On fait le point complet dans cet article.<\/em><\/p>\n\n\n\n<h2 class=\"wp-block-heading\">Les travaux termin\u00e9s <\/h2>\n\n\n\n<p>Voici les pr\u00e9visions sur les <a href=\"https:\/\/inforoute.somme.fr\/\" id=\"https:\/\/inforoute.somme.fr\/\">routes <\/a>du d\u00e9partement de la Somme avec pour commencer les travaux d\u00e9sormais termin\u00e9s, du c\u00f4t\u00e9 de Miannay \/ Valines (RD 925), travaux d&rsquo;\u00e9lagage termin\u00e9s le 4 avril. Airaines (RD 936) concernant l&rsquo;extension de l&rsquo;\u00e9clairage public (pose de feux r\u00e9compense) s&rsquo;est achev\u00e9e ainsi qu&rsquo;\u00e0 Lafresguimont-St-Martin (RD 92\/18). <\/p>\n\n\n\n<h2 class=\"wp-block-heading\">Les autres op\u00e9rations termin\u00e9es <\/h2>\n\n\n\n<p>C&rsquo;est aussi le cas \u00e0 Pont-R\u00e9my (RD 901\/112),  sans oublier \u00e0 St-Ouen (RD 159) concernant  l&rsquo;\u00e9lagage et l&rsquo;abattage. H\u00e9b\u00e9court \/ Dury (RD 1001) o\u00f9 l&rsquo;abattage d&rsquo;arbres est \u00e9galement termin\u00e9, c&rsquo;est aussi le cas \u00e0 Vaux-en-Ami\u00e9nois \/ Flesselles (RD 933) au sujet de la remise en \u00e9tat de la chauss\u00e9e. On n&rsquo;oublie pas la commune de Moislains (RD 184) avec fin de la coupure de circulation pour r\u00e9seau HTA et \u00e0 Albert (RD 938) pour Travaux d&rsquo;abattage. <\/p>\n\n\n\n<h2 class=\"wp-block-heading\">Les travaux en concours <\/h2>\n\n\n\n<p>Concernant les chantiers en cours, c&rsquo;est le cas \u00e0 Fressenneville (RD 925) avec \u00e9lagage en cours jusqu&rsquo;au 8 avril (8h-18h, alternat). Drucat (RD 928) avec une mise en place de r\u00e9seau jusqu&rsquo;au 10 avril (feux tricolores). Sans oublier \u00e0 Fontaine-sur-Somme (RD 21) avec travaux sur r\u00e9seaux jusqu&rsquo;au 10 avril (30 km\/h, hors jours f\u00e9ri\u00e9s).Cannessi\u00e8res \/ Vismes (RD 195\/190) chantier d&rsquo;\u00e9lagage jusqu&rsquo;au 10 avril (50 km\/h, hors week-end). Aubigny (RD 1029), chantier de joints de chauss\u00e9e jusqu&rsquo;au 10 avril (9h-16h) et enfin Amiens \/ Argoeuves (RD 412), op\u00e9ration de diagnostics assainissement jusqu&rsquo;au 10 avril (9h-16h).<\/p>\n\n\n\n<h2 class=\"wp-block-heading\">Nouveaut\u00e9s et perturbations \u00e0 pr\u00e9voir <\/h2>\n\n\n\n<p>Voici les nouveaut\u00e9s et perturbations \u00e0 pr\u00e9voir pour le lundi 7 avril, notamment \u00e0 Rosi\u00e8res-en-Santerre (RD aec une coupure totale de circulation pr\u00e9vue du 7 au 8 avril au passage \u00e0 niveau n\u00b014 (D\u00e9viation par RD 329\/337). Chaulnes (RD 337) avec d\u00e9but des travaux sur l&rsquo;ouvrage SNCF le 7 avril (alternat 7h-19h). Sans oublier \u00e0 Pont-Noyelles \/ Querrieu (RD 929) : D\u00e9but de l&rsquo;entretien de l&rsquo;ouvrage d&rsquo;art le 7 avril (9h-16h). Et enfin pour terminer concernant Boves (RD 934) concernant la pose de plots de verre \u00e0 partir du 7 avril (circulation altern\u00e9e par voie de 9h-16h) et Languevoisin-Quiquery (RD 89) pour la reprise des enrob\u00e9s en cours jusqu&rsquo;au 17 avril et \u00e0 Salou\u00ebl d\u00e9but des<a href=\"https:\/\/happynessradio.fr\/amiens\/articles\/salouel-travaux-de-nuit-du-reseau-de-chauffage-urbain\/\" id=\"https:\/\/happynessradio.fr\/amiens\/articles\/salouel-travaux-de-nuit-du-reseau-de-chauffage-urbain\/\"> travaux de nuit<\/a> d&rsquo;extension du r\u00e9seau de chauffage urbain, \u00e0 proximit\u00e9 du CHU.<\/p>\n\n\n\n<h2 class=\"wp-block-heading\">Weekend du 11 et 12 avril <\/h2>\n\n\n\n<p>Pour conclure ce bulletin infos des routes, voici les pr\u00e9visions concernant le weekend du 11 et 12 avril, Abbeville (RD 928) concernant le Championnat de ligue (limite 70 km\/h et stationnement interdit). Sans oublier le Secteur Ham \/ Eppeville (RD 932\/930) au sujet du passage du Paris-Roubaix \u00c9lite le dimanche 12 avril (Usage exclusif de la chauss\u00e9e) ainsi qu&rsquo;\u00e0 Rumigny (RD 75) avec le Prix de Rumigny le 12 avril.<\/p>\n\n\n\n<p><\/p>\n","protected":false},"excerpt":{"rendered":"<p>Happyness Amiens vous communique les infos des routes concernant les routes du d\u00e9partement de la Somme au sujet des op\u00e9rations termin\u00e9es, des travaux en cours ainsi que des perturbations \u00e0 venir. On fait le point complet dans cet article. Les travaux termin\u00e9s Voici les pr\u00e9visions sur les routes du d\u00e9partement de la Somme avec pour commencer les travaux d\u00e9sormais termin\u00e9s, du c\u00f4t\u00e9 de Miannay \/ Valines (RD 925), travaux d&rsquo;\u00e9lagage termin\u00e9s le 4 avril. Airaines (RD 936) concernant l&rsquo;extension de l&rsquo;\u00e9clairage public (pose de feux r\u00e9compense) s&rsquo;est achev\u00e9e ainsi qu&rsquo;\u00e0 Lafresguimont-St-Martin (RD 92\/18). Les autres op\u00e9rations termin\u00e9es C&rsquo;est aussi le cas \u00e0 Pont-R\u00e9my (RD 901\/112), sans oublier \u00e0 St-Ouen (RD 159) concernant l&rsquo;\u00e9lagage et l&rsquo;abattage. H\u00e9b\u00e9court \/ Dury (RD 1001) o\u00f9 l&rsquo;abattage d&rsquo;arbres est \u00e9galement termin\u00e9, c&rsquo;est aussi le cas \u00e0 Vaux-en-Ami\u00e9nois \/ Flesselles (RD 933) au sujet de la remise en \u00e9tat de la chauss\u00e9e. On n&rsquo;oublie pas la commune de Moislains (RD 184) avec fin de la coupure de circulation pour r\u00e9seau HTA et \u00e0 Albert (RD 938) pour Travaux d&rsquo;abattage. Les travaux en concours Concernant les chantiers en cours, c&rsquo;est le cas \u00e0 Fressenneville (RD 925) avec \u00e9lagage en cours jusqu&rsquo;au 8 avril (8h-18h, alternat). Drucat (RD 928) avec une mise en place de r\u00e9seau jusqu&rsquo;au 10 avril (feux tricolores). Sans oublier \u00e0 Fontaine-sur-Somme (RD 21) avec travaux sur r\u00e9seaux jusqu&rsquo;au 10 avril (30 km\/h, hors jours f\u00e9ri\u00e9s).Cannessi\u00e8res \/ Vismes (RD 195\/190) chantier d&rsquo;\u00e9lagage jusqu&rsquo;au 10 avril (50 km\/h, hors week-end). Aubigny (RD 1029), chantier de joints de chauss\u00e9e jusqu&rsquo;au 10 avril (9h-16h) et enfin Amiens \/ Argoeuves (RD 412), op\u00e9ration de diagnostics assainissement jusqu&rsquo;au 10 avril (9h-16h). Nouveaut\u00e9s et perturbations \u00e0 pr\u00e9voir Voici les nouveaut\u00e9s et perturbations \u00e0 pr\u00e9voir pour le lundi 7 avril, notamment \u00e0 Rosi\u00e8res-en-Santerre (RD aec une coupure totale de circulation pr\u00e9vue du 7 au 8 avril au passage \u00e0 niveau n\u00b014 (D\u00e9viation par RD 329\/337). Chaulnes (RD 337) avec d\u00e9but des travaux sur l&rsquo;ouvrage SNCF le 7 avril (alternat 7h-19h). Sans oublier \u00e0 Pont-Noyelles \/ Querrieu (RD 929) : D\u00e9but de l&rsquo;entretien de l&rsquo;ouvrage d&rsquo;art le 7 avril (9h-16h). Et enfin pour terminer concernant Boves (RD 934) concernant la pose de plots de verre \u00e0 partir du 7 avril (circulation altern\u00e9e par voie de 9h-16h) et Languevoisin-Quiquery (RD 89) pour la reprise des enrob\u00e9s en cours jusqu&rsquo;au 17 avril et \u00e0 Salou\u00ebl d\u00e9but des travaux de nuit d&rsquo;extension du r\u00e9seau de chauffage urbain, \u00e0 proximit\u00e9 du CHU. Weekend du 11 et 12 avril Pour conclure ce bulletin infos des routes, voici les pr\u00e9visions concernant le weekend du 11 et 12 avril, Abbeville (RD 928) concernant le Championnat de ligue (limite 70 km\/h et stationnement interdit). Sans oublier le Secteur Ham \/ Eppeville (RD 932\/930) au sujet du passage du Paris-Roubaix \u00c9lite le dimanche 12 avril (Usage exclusif de la chauss\u00e9e) ainsi qu&rsquo;\u00e0 Rumigny (RD 75) avec le Prix de Rumigny le 12 avril.<\/p>\n","protected":false},"author":6,"featured_media":11575,"comment_status":"open","ping_status":"open","sticky":false,"template":"","format":"standard","meta":{"_lmt_disableupdate":"","_lmt_disable":"","footnotes":""},"categories":[1],"tags":[],"class_list":["post-12603","post","type-post","status-publish","format-standard","has-post-thumbnail","hentry","category-non-classe"],"yoast_head":"<!-- This site is optimized with the Yoast SEO plugin v27.5 - https:\/\/yoast.com\/product\/yoast-seo-wordpress\/ -->\n<title>Infos des routes Somme : Les pr\u00e9visions pour cette semaine - Happyness Amiens<\/title>\n<meta name=\"description\" content=\"Suivez l&#039;\u00e9tat des routes dans la Somme avec Happyness Amiens : travaux termin\u00e9s, chantiers en cours (Miannay, Amiens, Boves) et perturbations du Paris-Roubaix.\" \/>\n<meta name=\"robots\" content=\"index, follow, max-snippet:-1, max-image-preview:large, max-video-preview:-1\" \/>\n<link rel=\"canonical\" href=\"https:\/\/happynessradio.fr\/amiens\/articles\/infos-des-routes-somme-les-previsions-pour-cette-semaine\/\" \/>\n<meta property=\"og:locale\" content=\"fr_FR\" \/>\n<meta property=\"og:type\" content=\"article\" \/>\n<meta property=\"og:title\" content=\"Infos des routes Somme : Les pr\u00e9visions pour cette semaine - Happyness Amiens\" \/>\n<meta property=\"og:description\" content=\"Suivez l&#039;\u00e9tat des routes dans la Somme avec Happyness Amiens : travaux termin\u00e9s, chantiers en cours (Miannay, Amiens, Boves) et perturbations du Paris-Roubaix.\" \/>\n<meta property=\"og:url\" content=\"https:\/\/happynessradio.fr\/amiens\/articles\/infos-des-routes-somme-les-previsions-pour-cette-semaine\/\" \/>\n<meta property=\"og:site_name\" content=\"Happyness Amiens\" \/>\n<meta property=\"article:published_time\" content=\"2026-04-05T15:25:04+00:00\" \/>\n<meta property=\"article:modified_time\" content=\"2026-04-05T15:33:18+00:00\" \/>\n<meta property=\"og:image\" content=\"https:\/\/happynessradio.fr\/amiens\/wp-content\/uploads\/sites\/3\/2026\/01\/TravauxRoute.webp\" \/>\n\t<meta property=\"og:image:width\" content=\"1084\" \/>\n\t<meta property=\"og:image:height\" content=\"487\" \/>\n\t<meta property=\"og:image:type\" content=\"image\/webp\" \/>\n<meta name=\"author\" content=\"Lo\u00efc Dun\" \/>\n<meta name=\"twitter:card\" content=\"summary_large_image\" \/>\n<meta name=\"twitter:label1\" content=\"\u00c9crit par\" \/>\n\t<meta name=\"twitter:data1\" content=\"Lo\u00efc Dun\" \/>\n\t<meta name=\"twitter:label2\" content=\"Dur\u00e9e de lecture estim\u00e9e\" \/>\n\t<meta name=\"twitter:data2\" content=\"3 minutes\" \/>\n<script type=\"application\/ld+json\" class=\"yoast-schema-graph\">{\"@context\":\"https:\\\/\\\/schema.org\",\"@graph\":[{\"@type\":\"Article\",\"@id\":\"https:\\\/\\\/happynessradio.fr\\\/amiens\\\/articles\\\/infos-des-routes-somme-les-previsions-pour-cette-semaine\\\/#article\",\"isPartOf\":{\"@id\":\"https:\\\/\\\/happynessradio.fr\\\/amiens\\\/articles\\\/infos-des-routes-somme-les-previsions-pour-cette-semaine\\\/\"},\"author\":{\"name\":\"Lo\u00efc Dun\",\"@id\":\"https:\\\/\\\/happynessradio.fr\\\/amiens\\\/#\\\/schema\\\/person\\\/735f1a1ba15f9478beb4249ad52f7252\"},\"headline\":\"Infos des routes Somme : Les pr\u00e9visions pour cette semaine\",\"datePublished\":\"2026-04-05T15:25:04+00:00\",\"dateModified\":\"2026-04-05T15:33:18+00:00\",\"mainEntityOfPage\":{\"@id\":\"https:\\\/\\\/happynessradio.fr\\\/amiens\\\/articles\\\/infos-des-routes-somme-les-previsions-pour-cette-semaine\\\/\"},\"wordCount\":501,\"commentCount\":0,\"image\":{\"@id\":\"https:\\\/\\\/happynessradio.fr\\\/amiens\\\/articles\\\/infos-des-routes-somme-les-previsions-pour-cette-semaine\\\/#primaryimage\"},\"thumbnailUrl\":\"https:\\\/\\\/happynessradio.fr\\\/amiens\\\/wp-content\\\/uploads\\\/sites\\\/3\\\/2026\\\/01\\\/TravauxRoute.webp\",\"inLanguage\":\"fr-FR\",\"potentialAction\":[{\"@type\":\"CommentAction\",\"name\":\"Comment\",\"target\":[\"https:\\\/\\\/happynessradio.fr\\\/amiens\\\/articles\\\/infos-des-routes-somme-les-previsions-pour-cette-semaine\\\/#respond\"]}]},{\"@type\":\"WebPage\",\"@id\":\"https:\\\/\\\/happynessradio.fr\\\/amiens\\\/articles\\\/infos-des-routes-somme-les-previsions-pour-cette-semaine\\\/\",\"url\":\"https:\\\/\\\/happynessradio.fr\\\/amiens\\\/articles\\\/infos-des-routes-somme-les-previsions-pour-cette-semaine\\\/\",\"name\":\"Infos des routes Somme : Les pr\u00e9visions pour cette semaine - Happyness Amiens\",\"isPartOf\":{\"@id\":\"https:\\\/\\\/happynessradio.fr\\\/amiens\\\/#website\"},\"primaryImageOfPage\":{\"@id\":\"https:\\\/\\\/happynessradio.fr\\\/amiens\\\/articles\\\/infos-des-routes-somme-les-previsions-pour-cette-semaine\\\/#primaryimage\"},\"image\":{\"@id\":\"https:\\\/\\\/happynessradio.fr\\\/amiens\\\/articles\\\/infos-des-routes-somme-les-previsions-pour-cette-semaine\\\/#primaryimage\"},\"thumbnailUrl\":\"https:\\\/\\\/happynessradio.fr\\\/amiens\\\/wp-content\\\/uploads\\\/sites\\\/3\\\/2026\\\/01\\\/TravauxRoute.webp\",\"datePublished\":\"2026-04-05T15:25:04+00:00\",\"dateModified\":\"2026-04-05T15:33:18+00:00\",\"author\":{\"@id\":\"https:\\\/\\\/happynessradio.fr\\\/amiens\\\/#\\\/schema\\\/person\\\/735f1a1ba15f9478beb4249ad52f7252\"},\"description\":\"Suivez l'\u00e9tat des routes dans la Somme avec Happyness Amiens : travaux termin\u00e9s, chantiers en cours (Miannay, Amiens, Boves) et perturbations du Paris-Roubaix.\",\"breadcrumb\":{\"@id\":\"https:\\\/\\\/happynessradio.fr\\\/amiens\\\/articles\\\/infos-des-routes-somme-les-previsions-pour-cette-semaine\\\/#breadcrumb\"},\"inLanguage\":\"fr-FR\",\"potentialAction\":[{\"@type\":\"ReadAction\",\"target\":[\"https:\\\/\\\/happynessradio.fr\\\/amiens\\\/articles\\\/infos-des-routes-somme-les-previsions-pour-cette-semaine\\\/\"]}]},{\"@type\":\"ImageObject\",\"inLanguage\":\"fr-FR\",\"@id\":\"https:\\\/\\\/happynessradio.fr\\\/amiens\\\/articles\\\/infos-des-routes-somme-les-previsions-pour-cette-semaine\\\/#primaryimage\",\"url\":\"https:\\\/\\\/happynessradio.fr\\\/amiens\\\/wp-content\\\/uploads\\\/sites\\\/3\\\/2026\\\/01\\\/TravauxRoute.webp\",\"contentUrl\":\"https:\\\/\\\/happynessradio.fr\\\/amiens\\\/wp-content\\\/uploads\\\/sites\\\/3\\\/2026\\\/01\\\/TravauxRoute.webp\",\"width\":1084,\"height\":487,\"caption\":\"L'image repr\u00e9sente de jambes d'ouvriers sur le chantier d'une route. On peut remarquer les rayons du soleil.\"},{\"@type\":\"BreadcrumbList\",\"@id\":\"https:\\\/\\\/happynessradio.fr\\\/amiens\\\/articles\\\/infos-des-routes-somme-les-previsions-pour-cette-semaine\\\/#breadcrumb\",\"itemListElement\":[{\"@type\":\"ListItem\",\"position\":1,\"name\":\"Accueil\",\"item\":\"https:\\\/\\\/happynessradio.fr\\\/amiens\\\/\"},{\"@type\":\"ListItem\",\"position\":2,\"name\":\"Infos des routes Somme : Les pr\u00e9visions pour cette semaine\"}]},{\"@type\":\"WebSite\",\"@id\":\"https:\\\/\\\/happynessradio.fr\\\/amiens\\\/#website\",\"url\":\"https:\\\/\\\/happynessradio.fr\\\/amiens\\\/\",\"name\":\"Happyness Amiens\",\"description\":\"Toujours au plus proche de vous\",\"potentialAction\":[{\"@type\":\"SearchAction\",\"target\":{\"@type\":\"EntryPoint\",\"urlTemplate\":\"https:\\\/\\\/happynessradio.fr\\\/amiens\\\/?s={search_term_string}\"},\"query-input\":{\"@type\":\"PropertyValueSpecification\",\"valueRequired\":true,\"valueName\":\"search_term_string\"}}],\"inLanguage\":\"fr-FR\"},{\"@type\":\"Person\",\"@id\":\"https:\\\/\\\/happynessradio.fr\\\/amiens\\\/#\\\/schema\\\/person\\\/735f1a1ba15f9478beb4249ad52f7252\",\"name\":\"Lo\u00efc Dun\",\"image\":{\"@type\":\"ImageObject\",\"inLanguage\":\"fr-FR\",\"@id\":\"https:\\\/\\\/happynessradio.fr\\\/amiens\\\/wp-content\\\/uploads\\\/sites\\\/3\\\/2025\\\/12\\\/cropped-Portrait-Loic-25-26-96x96.webp\",\"url\":\"https:\\\/\\\/happynessradio.fr\\\/amiens\\\/wp-content\\\/uploads\\\/sites\\\/3\\\/2025\\\/12\\\/cropped-Portrait-Loic-25-26-96x96.webp\",\"contentUrl\":\"https:\\\/\\\/happynessradio.fr\\\/amiens\\\/wp-content\\\/uploads\\\/sites\\\/3\\\/2025\\\/12\\\/cropped-Portrait-Loic-25-26-96x96.webp\",\"caption\":\"Lo\u00efc Dun\"},\"description\":\"R\u00e9dacteur web Happyness. Co-animateur (chroniqueur) Quoi d'neuf ? Amiens Chroniqueur Le R\u00e9veil Happyness\",\"sameAs\":[\"https:\\\/\\\/www.instagram.com\\\/lolo80radio\\\/\",\"https:\\\/\\\/www.linkedin.com\\\/in\\\/loc-d-365960164\\\/\"],\"url\":\"https:\\\/\\\/happynessradio.fr\\\/amiens\\\/articles\\\/author\\\/loicdun\\\/\"}]}<\/script>\n<!-- \/ Yoast SEO plugin. -->","yoast_head_json":{"title":"Infos des routes Somme : Les pr\u00e9visions pour cette semaine - Happyness Amiens","description":"Suivez l'\u00e9tat des routes dans la Somme avec Happyness Amiens : travaux termin\u00e9s, chantiers en cours (Miannay, Amiens, Boves) et perturbations du Paris-Roubaix.","robots":{"index":"index","follow":"follow","max-snippet":"max-snippet:-1","max-image-preview":"max-image-preview:large","max-video-preview":"max-video-preview:-1"},"canonical":"https:\/\/happynessradio.fr\/amiens\/articles\/infos-des-routes-somme-les-previsions-pour-cette-semaine\/","og_locale":"fr_FR","og_type":"article","og_title":"Infos des routes Somme : Les pr\u00e9visions pour cette semaine - Happyness Amiens","og_description":"Suivez l'\u00e9tat des routes dans la Somme avec Happyness Amiens : travaux termin\u00e9s, chantiers en cours (Miannay, Amiens, Boves) et perturbations du Paris-Roubaix.","og_url":"https:\/\/happynessradio.fr\/amiens\/articles\/infos-des-routes-somme-les-previsions-pour-cette-semaine\/","og_site_name":"Happyness Amiens","article_published_time":"2026-04-05T15:25:04+00:00","article_modified_time":"2026-04-05T15:33:18+00:00","og_image":[{"width":1084,"height":487,"url":"https:\/\/happynessradio.fr\/amiens\/wp-content\/uploads\/sites\/3\/2026\/01\/TravauxRoute.webp","type":"image\/webp"}],"author":"Lo\u00efc Dun","twitter_card":"summary_large_image","twitter_misc":{"\u00c9crit par":"Lo\u00efc Dun","Dur\u00e9e de lecture estim\u00e9e":"3 minutes"},"schema":{"@context":"https:\/\/schema.org","@graph":[{"@type":"Article","@id":"https:\/\/happynessradio.fr\/amiens\/articles\/infos-des-routes-somme-les-previsions-pour-cette-semaine\/#article","isPartOf":{"@id":"https:\/\/happynessradio.fr\/amiens\/articles\/infos-des-routes-somme-les-previsions-pour-cette-semaine\/"},"author":{"name":"Lo\u00efc Dun","@id":"https:\/\/happynessradio.fr\/amiens\/#\/schema\/person\/735f1a1ba15f9478beb4249ad52f7252"},"headline":"Infos des routes Somme : Les pr\u00e9visions pour cette semaine","datePublished":"2026-04-05T15:25:04+00:00","dateModified":"2026-04-05T15:33:18+00:00","mainEntityOfPage":{"@id":"https:\/\/happynessradio.fr\/amiens\/articles\/infos-des-routes-somme-les-previsions-pour-cette-semaine\/"},"wordCount":501,"commentCount":0,"image":{"@id":"https:\/\/happynessradio.fr\/amiens\/articles\/infos-des-routes-somme-les-previsions-pour-cette-semaine\/#primaryimage"},"thumbnailUrl":"https:\/\/happynessradio.fr\/amiens\/wp-content\/uploads\/sites\/3\/2026\/01\/TravauxRoute.webp","inLanguage":"fr-FR","potentialAction":[{"@type":"CommentAction","name":"Comment","target":["https:\/\/happynessradio.fr\/amiens\/articles\/infos-des-routes-somme-les-previsions-pour-cette-semaine\/#respond"]}]},{"@type":"WebPage","@id":"https:\/\/happynessradio.fr\/amiens\/articles\/infos-des-routes-somme-les-previsions-pour-cette-semaine\/","url":"https:\/\/happynessradio.fr\/amiens\/articles\/infos-des-routes-somme-les-previsions-pour-cette-semaine\/","name":"Infos des routes Somme : Les pr\u00e9visions pour cette semaine - Happyness Amiens","isPartOf":{"@id":"https:\/\/happynessradio.fr\/amiens\/#website"},"primaryImageOfPage":{"@id":"https:\/\/happynessradio.fr\/amiens\/articles\/infos-des-routes-somme-les-previsions-pour-cette-semaine\/#primaryimage"},"image":{"@id":"https:\/\/happynessradio.fr\/amiens\/articles\/infos-des-routes-somme-les-previsions-pour-cette-semaine\/#primaryimage"},"thumbnailUrl":"https:\/\/happynessradio.fr\/amiens\/wp-content\/uploads\/sites\/3\/2026\/01\/TravauxRoute.webp","datePublished":"2026-04-05T15:25:04+00:00","dateModified":"2026-04-05T15:33:18+00:00","author":{"@id":"https:\/\/happynessradio.fr\/amiens\/#\/schema\/person\/735f1a1ba15f9478beb4249ad52f7252"},"description":"Suivez l'\u00e9tat des routes dans la Somme avec Happyness Amiens : travaux termin\u00e9s, chantiers en cours (Miannay, Amiens, Boves) et perturbations du Paris-Roubaix.","breadcrumb":{"@id":"https:\/\/happynessradio.fr\/amiens\/articles\/infos-des-routes-somme-les-previsions-pour-cette-semaine\/#breadcrumb"},"inLanguage":"fr-FR","potentialAction":[{"@type":"ReadAction","target":["https:\/\/happynessradio.fr\/amiens\/articles\/infos-des-routes-somme-les-previsions-pour-cette-semaine\/"]}]},{"@type":"ImageObject","inLanguage":"fr-FR","@id":"https:\/\/happynessradio.fr\/amiens\/articles\/infos-des-routes-somme-les-previsions-pour-cette-semaine\/#primaryimage","url":"https:\/\/happynessradio.fr\/amiens\/wp-content\/uploads\/sites\/3\/2026\/01\/TravauxRoute.webp","contentUrl":"https:\/\/happynessradio.fr\/amiens\/wp-content\/uploads\/sites\/3\/2026\/01\/TravauxRoute.webp","width":1084,"height":487,"caption":"L'image repr\u00e9sente de jambes d'ouvriers sur le chantier d'une route. On peut remarquer les rayons du soleil."},{"@type":"BreadcrumbList","@id":"https:\/\/happynessradio.fr\/amiens\/articles\/infos-des-routes-somme-les-previsions-pour-cette-semaine\/#breadcrumb","itemListElement":[{"@type":"ListItem","position":1,"name":"Accueil","item":"https:\/\/happynessradio.fr\/amiens\/"},{"@type":"ListItem","position":2,"name":"Infos des routes Somme : Les pr\u00e9visions pour cette semaine"}]},{"@type":"WebSite","@id":"https:\/\/happynessradio.fr\/amiens\/#website","url":"https:\/\/happynessradio.fr\/amiens\/","name":"Happyness Amiens","description":"Toujours au plus proche de vous","potentialAction":[{"@type":"SearchAction","target":{"@type":"EntryPoint","urlTemplate":"https:\/\/happynessradio.fr\/amiens\/?s={search_term_string}"},"query-input":{"@type":"PropertyValueSpecification","valueRequired":true,"valueName":"search_term_string"}}],"inLanguage":"fr-FR"},{"@type":"Person","@id":"https:\/\/happynessradio.fr\/amiens\/#\/schema\/person\/735f1a1ba15f9478beb4249ad52f7252","name":"Lo\u00efc Dun","image":{"@type":"ImageObject","inLanguage":"fr-FR","@id":"https:\/\/happynessradio.fr\/amiens\/wp-content\/uploads\/sites\/3\/2025\/12\/cropped-Portrait-Loic-25-26-96x96.webp","url":"https:\/\/happynessradio.fr\/amiens\/wp-content\/uploads\/sites\/3\/2025\/12\/cropped-Portrait-Loic-25-26-96x96.webp","contentUrl":"https:\/\/happynessradio.fr\/amiens\/wp-content\/uploads\/sites\/3\/2025\/12\/cropped-Portrait-Loic-25-26-96x96.webp","caption":"Lo\u00efc Dun"},"description":"R\u00e9dacteur web Happyness. Co-animateur (chroniqueur) Quoi d'neuf ? Amiens Chroniqueur Le R\u00e9veil Happyness","sameAs":["https:\/\/www.instagram.com\/lolo80radio\/","https:\/\/www.linkedin.com\/in\/loc-d-365960164\/"],"url":"https:\/\/happynessradio.fr\/amiens\/articles\/author\/loicdun\/"}]}},"modified_by":"Lo\u00efc Dun","_links":{"self":[{"href":"https:\/\/happynessradio.fr\/amiens\/wp-json\/wp\/v2\/posts\/12603","targetHints":{"allow":["GET"]}}],"collection":[{"href":"https:\/\/happynessradio.fr\/amiens\/wp-json\/wp\/v2\/posts"}],"about":[{"href":"https:\/\/happynessradio.fr\/amiens\/wp-json\/wp\/v2\/types\/post"}],"author":[{"embeddable":true,"href":"https:\/\/happynessradio.fr\/amiens\/wp-json\/wp\/v2\/users\/6"}],"replies":[{"embeddable":true,"href":"https:\/\/happynessradio.fr\/amiens\/wp-json\/wp\/v2\/comments?post=12603"}],"version-history":[{"count":2,"href":"https:\/\/happynessradio.fr\/amiens\/wp-json\/wp\/v2\/posts\/12603\/revisions"}],"predecessor-version":[{"id":12606,"href":"https:\/\/happynessradio.fr\/amiens\/wp-json\/wp\/v2\/posts\/12603\/revisions\/12606"}],"wp:featuredmedia":[{"embeddable":true,"href":"https:\/\/happynessradio.fr\/amiens\/wp-json\/wp\/v2\/media\/11575"}],"wp:attachment":[{"href":"https:\/\/happynessradio.fr\/amiens\/wp-json\/wp\/v2\/media?parent=12603"}],"wp:term":[{"taxonomy":"category","embeddable":true,"href":"https:\/\/happynessradio.fr\/amiens\/wp-json\/wp\/v2\/categories?post=12603"},{"taxonomy":"post_tag","embeddable":true,"href":"https:\/\/happynessradio.fr\/amiens\/wp-json\/wp\/v2\/tags?post=12603"}],"curies":[{"name":"wp","href":"https:\/\/api.w.org\/{rel}","templated":true}]}}