{"id":12608,"date":"2026-04-08T15:15:01","date_gmt":"2026-04-08T13:15:01","guid":{"rendered":"https:\/\/happynessradio.fr\/amiens\/?p=12608"},"modified":"2026-04-08T15:15:03","modified_gmt":"2026-04-08T13:15:03","slug":"amiens-la-10eme-edition-du-forum-du-recrutement-et-de-lalternance-arrive","status":"publish","type":"post","link":"https:\/\/happynessradio.fr\/amiens\/articles\/amiens-la-10eme-edition-du-forum-du-recrutement-et-de-lalternance-arrive\/","title":{"rendered":"Amiens : La 10\u00e8me \u00e9dition du forum du recrutement et de l&rsquo;alternance arrive"},"content":{"rendered":"\n<p><em> La 10\u00e8me \u00e9dition du forum du recrutement et de l&rsquo;alternance se d\u00e9roule jeudi 09 avril de 10h \u00e0 17h au Zenith d&rsquo;Amiens.  Sur place, la pr\u00e9sence d&rsquo;une dizaine d&rsquo;entreprises dans des secteurs comme par exemple la sant\u00e9, la s\u00e9curit\u00e9, la finance et les transports.<\/em><\/p>\n\n\n\n<h2 class=\"wp-block-heading\">Au Z\u00e9nith d&rsquo;Amiens<\/h2>\n\n\n\n<p><a href=\"https:\/\/www.mlifega.fr\/index.php\" id=\"https:\/\/www.mlifega.fr\/index.php\">La Mission Locale<\/a> du Grand Ami\u00e9nois organise, jeudi 09 avril, la 10\u00e8me \u00e9dition du forum du recrutement et de l&rsquo;alternance au sein du Zenith d&rsquo;Amiens de 10h \u00e0 17h. Sur place, la pr\u00e9sence d&rsquo;une dizaine d&rsquo;entreprises avec \u00e0 la cl\u00e9 une centaine de formations o\u00f9 vous retrouverez certainement votre bonheur. <\/p>\n\n\n\n<h2 class=\"wp-block-heading\">Des professionnels de divers secteurs <\/h2>\n\n\n\n<p>Cet \u00e9v\u00e9nement est ouvert gratuitement, en acc\u00e8s libre, il ne faut h\u00e9siter \u00e0 s&rsquo;y rendre avec son<a href=\"https:\/\/www.francetravail.fr\/candidat\/vos-services-en-ligne\/creez-un-cv-a-partir-de-votre-pr.html\" id=\"https:\/\/www.francetravail.fr\/candidat\/vos-services-en-ligne\/creez-un-cv-a-partir-de-votre-pr.html\"> CV<\/a> et sa<a href=\"https:\/\/www.francetravail.fr\/candidat\/vos-recherches\/preparer-votre-candidature\/cv-lettre-de-motivation-e-mail\/10-astuces-pour-ecrire-votre-let.html\" id=\"https:\/\/www.francetravail.fr\/candidat\/vos-recherches\/preparer-votre-candidature\/cv-lettre-de-motivation-e-mail\/10-astuces-pour-ecrire-votre-let.html\"> lettre de motivation<\/a>, c&rsquo;est l&rsquo;occasion de rencontrer et d&rsquo;\u00e9changer avec <a href=\"https:\/\/www.mlifega.fr\/index.php\/plan-forum-2026\" id=\"https:\/\/www.mlifega.fr\/index.php\/plan-forum-2026\">des professionnels<\/a> de divers secteurs comme par exemple la sant\u00e9, la s\u00e9curit\u00e9, la finance et les transports.<\/p>\n\n\n\n<h2 class=\"wp-block-heading\">Comment s&rsquo;y rendre ? <\/h2>\n\n\n\n<p>A noter qu&rsquo;un parking est \u00e0 disposition aux abords du Z\u00e9nith, pour venir en voiture, il suffit d&#8217;emprunter la sortie 19 (Amiens ouest) sur l&rsquo;<a href=\"https:\/\/www.sanef.com\/\" id=\"https:\/\/www.sanef.com\/\">autoroute A16<\/a> puis l&rsquo;avenue Fran\u00e7ois Mitterrand et enfin l&rsquo;avenue de l&rsquo;hippodrome ou bien depuis le centre-ville les boulevards et la rue Lucien Fournier. Enfin si je vous souhaitez a y aller en bus, il suffit de monter \u00e0 bord de la<a href=\"https:\/\/storage.googleapis.com\/is-wp-80-prod\/uploads-prod\/2025\/11\/Fiche_Nemo_4_Web.pdf\" id=\"https:\/\/storage.googleapis.com\/is-wp-80-prod\/uploads-prod\/2025\/11\/Fiche_Nemo_4_Web.pdf\"> ligne N4<\/a> et descendre ensuite \u00e0 la station P\u00f4le Licorne. <\/p>\n","protected":false},"excerpt":{"rendered":"<p>La 10\u00e8me \u00e9dition du forum du recrutement et de l&rsquo;alternance se d\u00e9roule jeudi 09 avril de 10h \u00e0 17h au Zenith d&rsquo;Amiens. Sur place, la pr\u00e9sence d&rsquo;une dizaine d&rsquo;entreprises dans des secteurs comme par exemple la sant\u00e9, la s\u00e9curit\u00e9, la finance et les transports. Au Z\u00e9nith d&rsquo;Amiens La Mission Locale du Grand Ami\u00e9nois organise, jeudi 09 avril, la 10\u00e8me \u00e9dition du forum du recrutement et de l&rsquo;alternance au sein du Zenith d&rsquo;Amiens de 10h \u00e0 17h. Sur place, la pr\u00e9sence d&rsquo;une dizaine d&rsquo;entreprises avec \u00e0 la cl\u00e9 une centaine de formations o\u00f9 vous retrouverez certainement votre bonheur. Des professionnels de divers secteurs Cet \u00e9v\u00e9nement est ouvert gratuitement, en acc\u00e8s libre, il ne faut h\u00e9siter \u00e0 s&rsquo;y rendre avec son CV et sa lettre de motivation, c&rsquo;est l&rsquo;occasion de rencontrer et d&rsquo;\u00e9changer avec des professionnels de divers secteurs comme par exemple la sant\u00e9, la s\u00e9curit\u00e9, la finance et les transports. Comment s&rsquo;y rendre ? A noter qu&rsquo;un parking est \u00e0 disposition aux abords du Z\u00e9nith, pour venir en voiture, il suffit d&#8217;emprunter la sortie 19 (Amiens ouest) sur l&rsquo;autoroute A16 puis l&rsquo;avenue Fran\u00e7ois Mitterrand et enfin l&rsquo;avenue de l&rsquo;hippodrome ou bien depuis le centre-ville les boulevards et la rue Lucien Fournier. Enfin si je vous souhaitez a y aller en bus, il suffit de monter \u00e0 bord de la ligne N4 et descendre ensuite \u00e0 la station P\u00f4le Licorne.<\/p>\n","protected":false},"author":6,"featured_media":12409,"comment_status":"open","ping_status":"open","sticky":false,"template":"","format":"standard","meta":{"_lmt_disableupdate":"","_lmt_disable":"","footnotes":""},"categories":[11],"tags":[],"class_list":["post-12608","post","type-post","status-publish","format-standard","has-post-thumbnail","hentry","category-amiens"],"yoast_head":"<!-- This site is optimized with the Yoast SEO plugin v27.5 - https:\/\/yoast.com\/product\/yoast-seo-wordpress\/ -->\n<title>Amiens : La 10\u00e8me \u00e9dition du forum du recrutement et de l&#039;alternance arrive - Happyness Amiens<\/title>\n<meta name=\"description\" content=\"Participez au 10\u00e8me Forum recrutement et alternance le 9 avril au Z\u00e9nith d&#039;Amiens. Rencontrez des entreprises (sant\u00e9, finance, transport) et trouvez votre futur emploi !\" \/>\n<meta name=\"robots\" content=\"index, follow, max-snippet:-1, max-image-preview:large, max-video-preview:-1\" \/>\n<link rel=\"canonical\" href=\"https:\/\/happynessradio.fr\/amiens\/articles\/amiens-la-10eme-edition-du-forum-du-recrutement-et-de-lalternance-arrive\/\" \/>\n<meta property=\"og:locale\" content=\"fr_FR\" \/>\n<meta property=\"og:type\" content=\"article\" \/>\n<meta property=\"og:title\" content=\"Amiens : La 10\u00e8me \u00e9dition du forum du recrutement et de l&#039;alternance arrive - Happyness Amiens\" \/>\n<meta property=\"og:description\" content=\"Participez au 10\u00e8me Forum recrutement et alternance le 9 avril au Z\u00e9nith d&#039;Amiens. Rencontrez des entreprises (sant\u00e9, finance, transport) et trouvez votre futur emploi !\" \/>\n<meta property=\"og:url\" content=\"https:\/\/happynessradio.fr\/amiens\/articles\/amiens-la-10eme-edition-du-forum-du-recrutement-et-de-lalternance-arrive\/\" \/>\n<meta property=\"og:site_name\" content=\"Happyness Amiens\" \/>\n<meta property=\"article:published_time\" content=\"2026-04-08T13:15:01+00:00\" \/>\n<meta property=\"article:modified_time\" content=\"2026-04-08T13:15:03+00:00\" \/>\n<meta property=\"og:image\" content=\"https:\/\/happynessradio.fr\/amiens\/wp-content\/uploads\/sites\/3\/2026\/03\/MockUp-Visuels-articles-8.webp\" \/>\n\t<meta property=\"og:image:width\" content=\"1083\" \/>\n\t<meta property=\"og:image:height\" content=\"486\" \/>\n\t<meta property=\"og:image:type\" content=\"image\/webp\" \/>\n<meta name=\"author\" content=\"Lo\u00efc Dun\" \/>\n<meta name=\"twitter:card\" content=\"summary_large_image\" \/>\n<meta name=\"twitter:label1\" content=\"\u00c9crit par\" \/>\n\t<meta name=\"twitter:data1\" content=\"Lo\u00efc Dun\" \/>\n\t<meta name=\"twitter:label2\" content=\"Dur\u00e9e de lecture estim\u00e9e\" \/>\n\t<meta name=\"twitter:data2\" content=\"2 minutes\" \/>\n<script type=\"application\/ld+json\" class=\"yoast-schema-graph\">{\"@context\":\"https:\\\/\\\/schema.org\",\"@graph\":[{\"@type\":\"Article\",\"@id\":\"https:\\\/\\\/happynessradio.fr\\\/amiens\\\/articles\\\/amiens-la-10eme-edition-du-forum-du-recrutement-et-de-lalternance-arrive\\\/#article\",\"isPartOf\":{\"@id\":\"https:\\\/\\\/happynessradio.fr\\\/amiens\\\/articles\\\/amiens-la-10eme-edition-du-forum-du-recrutement-et-de-lalternance-arrive\\\/\"},\"author\":{\"name\":\"Lo\u00efc Dun\",\"@id\":\"https:\\\/\\\/happynessradio.fr\\\/amiens\\\/#\\\/schema\\\/person\\\/735f1a1ba15f9478beb4249ad52f7252\"},\"headline\":\"Amiens : La 10\u00e8me \u00e9dition du forum du recrutement et de l&rsquo;alternance arrive\",\"datePublished\":\"2026-04-08T13:15:01+00:00\",\"dateModified\":\"2026-04-08T13:15:03+00:00\",\"mainEntityOfPage\":{\"@id\":\"https:\\\/\\\/happynessradio.fr\\\/amiens\\\/articles\\\/amiens-la-10eme-edition-du-forum-du-recrutement-et-de-lalternance-arrive\\\/\"},\"wordCount\":263,\"commentCount\":0,\"image\":{\"@id\":\"https:\\\/\\\/happynessradio.fr\\\/amiens\\\/articles\\\/amiens-la-10eme-edition-du-forum-du-recrutement-et-de-lalternance-arrive\\\/#primaryimage\"},\"thumbnailUrl\":\"https:\\\/\\\/happynessradio.fr\\\/amiens\\\/wp-content\\\/uploads\\\/sites\\\/3\\\/2026\\\/03\\\/MockUp-Visuels-articles-8.webp\",\"articleSection\":[\"Amiens\"],\"inLanguage\":\"fr-FR\",\"potentialAction\":[{\"@type\":\"CommentAction\",\"name\":\"Comment\",\"target\":[\"https:\\\/\\\/happynessradio.fr\\\/amiens\\\/articles\\\/amiens-la-10eme-edition-du-forum-du-recrutement-et-de-lalternance-arrive\\\/#respond\"]}]},{\"@type\":\"WebPage\",\"@id\":\"https:\\\/\\\/happynessradio.fr\\\/amiens\\\/articles\\\/amiens-la-10eme-edition-du-forum-du-recrutement-et-de-lalternance-arrive\\\/\",\"url\":\"https:\\\/\\\/happynessradio.fr\\\/amiens\\\/articles\\\/amiens-la-10eme-edition-du-forum-du-recrutement-et-de-lalternance-arrive\\\/\",\"name\":\"Amiens : La 10\u00e8me \u00e9dition du forum du recrutement et de l'alternance arrive - Happyness Amiens\",\"isPartOf\":{\"@id\":\"https:\\\/\\\/happynessradio.fr\\\/amiens\\\/#website\"},\"primaryImageOfPage\":{\"@id\":\"https:\\\/\\\/happynessradio.fr\\\/amiens\\\/articles\\\/amiens-la-10eme-edition-du-forum-du-recrutement-et-de-lalternance-arrive\\\/#primaryimage\"},\"image\":{\"@id\":\"https:\\\/\\\/happynessradio.fr\\\/amiens\\\/articles\\\/amiens-la-10eme-edition-du-forum-du-recrutement-et-de-lalternance-arrive\\\/#primaryimage\"},\"thumbnailUrl\":\"https:\\\/\\\/happynessradio.fr\\\/amiens\\\/wp-content\\\/uploads\\\/sites\\\/3\\\/2026\\\/03\\\/MockUp-Visuels-articles-8.webp\",\"datePublished\":\"2026-04-08T13:15:01+00:00\",\"dateModified\":\"2026-04-08T13:15:03+00:00\",\"author\":{\"@id\":\"https:\\\/\\\/happynessradio.fr\\\/amiens\\\/#\\\/schema\\\/person\\\/735f1a1ba15f9478beb4249ad52f7252\"},\"description\":\"Participez au 10\u00e8me Forum recrutement et alternance le 9 avril au Z\u00e9nith d'Amiens. Rencontrez des entreprises (sant\u00e9, finance, transport) et trouvez votre futur emploi !\",\"breadcrumb\":{\"@id\":\"https:\\\/\\\/happynessradio.fr\\\/amiens\\\/articles\\\/amiens-la-10eme-edition-du-forum-du-recrutement-et-de-lalternance-arrive\\\/#breadcrumb\"},\"inLanguage\":\"fr-FR\",\"potentialAction\":[{\"@type\":\"ReadAction\",\"target\":[\"https:\\\/\\\/happynessradio.fr\\\/amiens\\\/articles\\\/amiens-la-10eme-edition-du-forum-du-recrutement-et-de-lalternance-arrive\\\/\"]}]},{\"@type\":\"ImageObject\",\"inLanguage\":\"fr-FR\",\"@id\":\"https:\\\/\\\/happynessradio.fr\\\/amiens\\\/articles\\\/amiens-la-10eme-edition-du-forum-du-recrutement-et-de-lalternance-arrive\\\/#primaryimage\",\"url\":\"https:\\\/\\\/happynessradio.fr\\\/amiens\\\/wp-content\\\/uploads\\\/sites\\\/3\\\/2026\\\/03\\\/MockUp-Visuels-articles-8.webp\",\"contentUrl\":\"https:\\\/\\\/happynessradio.fr\\\/amiens\\\/wp-content\\\/uploads\\\/sites\\\/3\\\/2026\\\/03\\\/MockUp-Visuels-articles-8.webp\",\"width\":1083,\"height\":486,\"caption\":\"Portrait d'une femme professionnelle souriante, portant des lunettes et une veste noire sur un pull beige, en train de serrer la main d'une autre personne (hors champ) lors d'un entretien d'embauche. L'arri\u00e8re-plan montre un bureau lumineux et moderne avec des \u00e9tag\u00e8res en bois. Des \u00e9l\u00e9ments graphiques rouges triangulaires encadrent les coins sup\u00e9rieurs gauches et inf\u00e9rieurs droits de l'image.\"},{\"@type\":\"BreadcrumbList\",\"@id\":\"https:\\\/\\\/happynessradio.fr\\\/amiens\\\/articles\\\/amiens-la-10eme-edition-du-forum-du-recrutement-et-de-lalternance-arrive\\\/#breadcrumb\",\"itemListElement\":[{\"@type\":\"ListItem\",\"position\":1,\"name\":\"Accueil\",\"item\":\"https:\\\/\\\/happynessradio.fr\\\/amiens\\\/\"},{\"@type\":\"ListItem\",\"position\":2,\"name\":\"Amiens : La 10\u00e8me \u00e9dition du forum du recrutement et de l&rsquo;alternance arrive\"}]},{\"@type\":\"WebSite\",\"@id\":\"https:\\\/\\\/happynessradio.fr\\\/amiens\\\/#website\",\"url\":\"https:\\\/\\\/happynessradio.fr\\\/amiens\\\/\",\"name\":\"Happyness Amiens\",\"description\":\"Toujours au plus proche de vous\",\"potentialAction\":[{\"@type\":\"SearchAction\",\"target\":{\"@type\":\"EntryPoint\",\"urlTemplate\":\"https:\\\/\\\/happynessradio.fr\\\/amiens\\\/?s={search_term_string}\"},\"query-input\":{\"@type\":\"PropertyValueSpecification\",\"valueRequired\":true,\"valueName\":\"search_term_string\"}}],\"inLanguage\":\"fr-FR\"},{\"@type\":\"Person\",\"@id\":\"https:\\\/\\\/happynessradio.fr\\\/amiens\\\/#\\\/schema\\\/person\\\/735f1a1ba15f9478beb4249ad52f7252\",\"name\":\"Lo\u00efc Dun\",\"image\":{\"@type\":\"ImageObject\",\"inLanguage\":\"fr-FR\",\"@id\":\"https:\\\/\\\/happynessradio.fr\\\/amiens\\\/wp-content\\\/uploads\\\/sites\\\/3\\\/2025\\\/12\\\/cropped-Portrait-Loic-25-26-96x96.webp\",\"url\":\"https:\\\/\\\/happynessradio.fr\\\/amiens\\\/wp-content\\\/uploads\\\/sites\\\/3\\\/2025\\\/12\\\/cropped-Portrait-Loic-25-26-96x96.webp\",\"contentUrl\":\"https:\\\/\\\/happynessradio.fr\\\/amiens\\\/wp-content\\\/uploads\\\/sites\\\/3\\\/2025\\\/12\\\/cropped-Portrait-Loic-25-26-96x96.webp\",\"caption\":\"Lo\u00efc Dun\"},\"description\":\"R\u00e9dacteur web Happyness. Co-animateur (chroniqueur) Quoi d'neuf ? Amiens Chroniqueur Le R\u00e9veil Happyness\",\"sameAs\":[\"https:\\\/\\\/www.instagram.com\\\/lolo80radio\\\/\",\"https:\\\/\\\/www.linkedin.com\\\/in\\\/loc-d-365960164\\\/\"],\"url\":\"https:\\\/\\\/happynessradio.fr\\\/amiens\\\/articles\\\/author\\\/loicdun\\\/\"}]}<\/script>\n<!-- \/ Yoast SEO plugin. -->","yoast_head_json":{"title":"Amiens : La 10\u00e8me \u00e9dition du forum du recrutement et de l'alternance arrive - Happyness Amiens","description":"Participez au 10\u00e8me Forum recrutement et alternance le 9 avril au Z\u00e9nith d'Amiens. Rencontrez des entreprises (sant\u00e9, finance, transport) et trouvez votre futur emploi !","robots":{"index":"index","follow":"follow","max-snippet":"max-snippet:-1","max-image-preview":"max-image-preview:large","max-video-preview":"max-video-preview:-1"},"canonical":"https:\/\/happynessradio.fr\/amiens\/articles\/amiens-la-10eme-edition-du-forum-du-recrutement-et-de-lalternance-arrive\/","og_locale":"fr_FR","og_type":"article","og_title":"Amiens : La 10\u00e8me \u00e9dition du forum du recrutement et de l'alternance arrive - Happyness Amiens","og_description":"Participez au 10\u00e8me Forum recrutement et alternance le 9 avril au Z\u00e9nith d'Amiens. Rencontrez des entreprises (sant\u00e9, finance, transport) et trouvez votre futur emploi !","og_url":"https:\/\/happynessradio.fr\/amiens\/articles\/amiens-la-10eme-edition-du-forum-du-recrutement-et-de-lalternance-arrive\/","og_site_name":"Happyness Amiens","article_published_time":"2026-04-08T13:15:01+00:00","article_modified_time":"2026-04-08T13:15:03+00:00","og_image":[{"width":1083,"height":486,"url":"https:\/\/happynessradio.fr\/amiens\/wp-content\/uploads\/sites\/3\/2026\/03\/MockUp-Visuels-articles-8.webp","type":"image\/webp"}],"author":"Lo\u00efc Dun","twitter_card":"summary_large_image","twitter_misc":{"\u00c9crit par":"Lo\u00efc Dun","Dur\u00e9e de lecture estim\u00e9e":"2 minutes"},"schema":{"@context":"https:\/\/schema.org","@graph":[{"@type":"Article","@id":"https:\/\/happynessradio.fr\/amiens\/articles\/amiens-la-10eme-edition-du-forum-du-recrutement-et-de-lalternance-arrive\/#article","isPartOf":{"@id":"https:\/\/happynessradio.fr\/amiens\/articles\/amiens-la-10eme-edition-du-forum-du-recrutement-et-de-lalternance-arrive\/"},"author":{"name":"Lo\u00efc Dun","@id":"https:\/\/happynessradio.fr\/amiens\/#\/schema\/person\/735f1a1ba15f9478beb4249ad52f7252"},"headline":"Amiens : La 10\u00e8me \u00e9dition du forum du recrutement et de l&rsquo;alternance arrive","datePublished":"2026-04-08T13:15:01+00:00","dateModified":"2026-04-08T13:15:03+00:00","mainEntityOfPage":{"@id":"https:\/\/happynessradio.fr\/amiens\/articles\/amiens-la-10eme-edition-du-forum-du-recrutement-et-de-lalternance-arrive\/"},"wordCount":263,"commentCount":0,"image":{"@id":"https:\/\/happynessradio.fr\/amiens\/articles\/amiens-la-10eme-edition-du-forum-du-recrutement-et-de-lalternance-arrive\/#primaryimage"},"thumbnailUrl":"https:\/\/happynessradio.fr\/amiens\/wp-content\/uploads\/sites\/3\/2026\/03\/MockUp-Visuels-articles-8.webp","articleSection":["Amiens"],"inLanguage":"fr-FR","potentialAction":[{"@type":"CommentAction","name":"Comment","target":["https:\/\/happynessradio.fr\/amiens\/articles\/amiens-la-10eme-edition-du-forum-du-recrutement-et-de-lalternance-arrive\/#respond"]}]},{"@type":"WebPage","@id":"https:\/\/happynessradio.fr\/amiens\/articles\/amiens-la-10eme-edition-du-forum-du-recrutement-et-de-lalternance-arrive\/","url":"https:\/\/happynessradio.fr\/amiens\/articles\/amiens-la-10eme-edition-du-forum-du-recrutement-et-de-lalternance-arrive\/","name":"Amiens : La 10\u00e8me \u00e9dition du forum du recrutement et de l'alternance arrive - Happyness Amiens","isPartOf":{"@id":"https:\/\/happynessradio.fr\/amiens\/#website"},"primaryImageOfPage":{"@id":"https:\/\/happynessradio.fr\/amiens\/articles\/amiens-la-10eme-edition-du-forum-du-recrutement-et-de-lalternance-arrive\/#primaryimage"},"image":{"@id":"https:\/\/happynessradio.fr\/amiens\/articles\/amiens-la-10eme-edition-du-forum-du-recrutement-et-de-lalternance-arrive\/#primaryimage"},"thumbnailUrl":"https:\/\/happynessradio.fr\/amiens\/wp-content\/uploads\/sites\/3\/2026\/03\/MockUp-Visuels-articles-8.webp","datePublished":"2026-04-08T13:15:01+00:00","dateModified":"2026-04-08T13:15:03+00:00","author":{"@id":"https:\/\/happynessradio.fr\/amiens\/#\/schema\/person\/735f1a1ba15f9478beb4249ad52f7252"},"description":"Participez au 10\u00e8me Forum recrutement et alternance le 9 avril au Z\u00e9nith d'Amiens. Rencontrez des entreprises (sant\u00e9, finance, transport) et trouvez votre futur emploi !","breadcrumb":{"@id":"https:\/\/happynessradio.fr\/amiens\/articles\/amiens-la-10eme-edition-du-forum-du-recrutement-et-de-lalternance-arrive\/#breadcrumb"},"inLanguage":"fr-FR","potentialAction":[{"@type":"ReadAction","target":["https:\/\/happynessradio.fr\/amiens\/articles\/amiens-la-10eme-edition-du-forum-du-recrutement-et-de-lalternance-arrive\/"]}]},{"@type":"ImageObject","inLanguage":"fr-FR","@id":"https:\/\/happynessradio.fr\/amiens\/articles\/amiens-la-10eme-edition-du-forum-du-recrutement-et-de-lalternance-arrive\/#primaryimage","url":"https:\/\/happynessradio.fr\/amiens\/wp-content\/uploads\/sites\/3\/2026\/03\/MockUp-Visuels-articles-8.webp","contentUrl":"https:\/\/happynessradio.fr\/amiens\/wp-content\/uploads\/sites\/3\/2026\/03\/MockUp-Visuels-articles-8.webp","width":1083,"height":486,"caption":"Portrait d'une femme professionnelle souriante, portant des lunettes et une veste noire sur un pull beige, en train de serrer la main d'une autre personne (hors champ) lors d'un entretien d'embauche. L'arri\u00e8re-plan montre un bureau lumineux et moderne avec des \u00e9tag\u00e8res en bois. Des \u00e9l\u00e9ments graphiques rouges triangulaires encadrent les coins sup\u00e9rieurs gauches et inf\u00e9rieurs droits de l'image."},{"@type":"BreadcrumbList","@id":"https:\/\/happynessradio.fr\/amiens\/articles\/amiens-la-10eme-edition-du-forum-du-recrutement-et-de-lalternance-arrive\/#breadcrumb","itemListElement":[{"@type":"ListItem","position":1,"name":"Accueil","item":"https:\/\/happynessradio.fr\/amiens\/"},{"@type":"ListItem","position":2,"name":"Amiens : La 10\u00e8me \u00e9dition du forum du recrutement et de l&rsquo;alternance arrive"}]},{"@type":"WebSite","@id":"https:\/\/happynessradio.fr\/amiens\/#website","url":"https:\/\/happynessradio.fr\/amiens\/","name":"Happyness Amiens","description":"Toujours au plus proche de vous","potentialAction":[{"@type":"SearchAction","target":{"@type":"EntryPoint","urlTemplate":"https:\/\/happynessradio.fr\/amiens\/?s={search_term_string}"},"query-input":{"@type":"PropertyValueSpecification","valueRequired":true,"valueName":"search_term_string"}}],"inLanguage":"fr-FR"},{"@type":"Person","@id":"https:\/\/happynessradio.fr\/amiens\/#\/schema\/person\/735f1a1ba15f9478beb4249ad52f7252","name":"Lo\u00efc Dun","image":{"@type":"ImageObject","inLanguage":"fr-FR","@id":"https:\/\/happynessradio.fr\/amiens\/wp-content\/uploads\/sites\/3\/2025\/12\/cropped-Portrait-Loic-25-26-96x96.webp","url":"https:\/\/happynessradio.fr\/amiens\/wp-content\/uploads\/sites\/3\/2025\/12\/cropped-Portrait-Loic-25-26-96x96.webp","contentUrl":"https:\/\/happynessradio.fr\/amiens\/wp-content\/uploads\/sites\/3\/2025\/12\/cropped-Portrait-Loic-25-26-96x96.webp","caption":"Lo\u00efc Dun"},"description":"R\u00e9dacteur web Happyness. Co-animateur (chroniqueur) Quoi d'neuf ? Amiens Chroniqueur Le R\u00e9veil Happyness","sameAs":["https:\/\/www.instagram.com\/lolo80radio\/","https:\/\/www.linkedin.com\/in\/loc-d-365960164\/"],"url":"https:\/\/happynessradio.fr\/amiens\/articles\/author\/loicdun\/"}]}},"modified_by":"Lo\u00efc Dun","_links":{"self":[{"href":"https:\/\/happynessradio.fr\/amiens\/wp-json\/wp\/v2\/posts\/12608","targetHints":{"allow":["GET"]}}],"collection":[{"href":"https:\/\/happynessradio.fr\/amiens\/wp-json\/wp\/v2\/posts"}],"about":[{"href":"https:\/\/happynessradio.fr\/amiens\/wp-json\/wp\/v2\/types\/post"}],"author":[{"embeddable":true,"href":"https:\/\/happynessradio.fr\/amiens\/wp-json\/wp\/v2\/users\/6"}],"replies":[{"embeddable":true,"href":"https:\/\/happynessradio.fr\/amiens\/wp-json\/wp\/v2\/comments?post=12608"}],"version-history":[{"count":1,"href":"https:\/\/happynessradio.fr\/amiens\/wp-json\/wp\/v2\/posts\/12608\/revisions"}],"predecessor-version":[{"id":12609,"href":"https:\/\/happynessradio.fr\/amiens\/wp-json\/wp\/v2\/posts\/12608\/revisions\/12609"}],"wp:featuredmedia":[{"embeddable":true,"href":"https:\/\/happynessradio.fr\/amiens\/wp-json\/wp\/v2\/media\/12409"}],"wp:attachment":[{"href":"https:\/\/happynessradio.fr\/amiens\/wp-json\/wp\/v2\/media?parent=12608"}],"wp:term":[{"taxonomy":"category","embeddable":true,"href":"https:\/\/happynessradio.fr\/amiens\/wp-json\/wp\/v2\/categories?post=12608"},{"taxonomy":"post_tag","embeddable":true,"href":"https:\/\/happynessradio.fr\/amiens\/wp-json\/wp\/v2\/tags?post=12608"}],"curies":[{"name":"wp","href":"https:\/\/api.w.org\/{rel}","templated":true}]}}