{"id":12611,"date":"2026-04-10T17:09:29","date_gmt":"2026-04-10T15:09:29","guid":{"rendered":"https:\/\/happynessradio.fr\/amiens\/?p=12611"},"modified":"2026-04-10T17:09:31","modified_gmt":"2026-04-10T15:09:31","slug":"somme-de-la-pluie-au-rendez-vous-ce-weekend","status":"publish","type":"post","link":"https:\/\/happynessradio.fr\/amiens\/articles\/somme-de-la-pluie-au-rendez-vous-ce-weekend\/","title":{"rendered":"Somme : de la pluie au rendez-vous ce weekend"},"content":{"rendered":"\n<p><em>Ce weekend dans la Somme, c&rsquo;est la pluie qui sera notamment pr\u00e9sente pour dimanche mais les nuageux seront pr\u00e9sents pour dimanche avec une temp\u00e9rature maximale de 15 degr\u00e9s dont 14 du c\u00f4t\u00e9 d&rsquo;Abbeville. On fait le point sur les pr\u00e9visions. <\/em><\/p>\n\n\n\n<h2 class=\"wp-block-heading\">Dans le secteur d&rsquo;Amiens <\/h2>\n\n\n\n<p>Ce weekend dans la <a href=\"https:\/\/meteofrance.com\/previsions-meteo-france\/somme\/80\" id=\"https:\/\/meteofrance.com\/previsions-meteo-france\/somme\/80\">Somme<\/a>, la pluie sera au rendez-vous, en l&rsquo;occurrence pour la journ\u00e9e de samedi dans le secteur de l&rsquo;Ami\u00e9nois par exemple \u00e0 Amiens et Dury et Vers-sur-Selle et Saveuse o\u00f9 il fera une maximale de 15 degr\u00e9s et pour dimanche \u00e7a sera encore la f\u00eate \u00e0 la grenouille donc le cir\u00e9 ne sera pas inutile. <\/p>\n\n\n\n<h2 class=\"wp-block-heading\">A P\u00e9ronne et Albert <\/h2>\n\n\n\n<p>Du c\u00f4t\u00e9 de P\u00e9ronne, le d\u00e9but des vacances de p\u00e2ques se fera sous <a href=\"https:\/\/www.accuweather.com\/fr\/fr\/national\/weather-radar\" id=\"https:\/\/www.accuweather.com\/fr\/fr\/national\/weather-radar\">les averses<\/a> mais dimanche pas de soleil mais la pr\u00e9sence d&rsquo;un temps nuageux et une quinzaine de degr\u00e9s. Cela sera aussi le cas \u00e0 Albert o\u00f9 un temps identique est attendu tout au long du weekend. <\/p>\n\n\n\n<h2 class=\"wp-block-heading\">Concernant Abbeville <\/h2>\n\n\n\n<p>Enfin concernant Abbeville, on aura aim\u00e9 vous dire que le soleil sera pr\u00e9sent mais h\u00e9las les gouttes de pluie viendront arroser cette partie du territoire, bien qu&rsquo;on attend un temps couvert pour dimanche avec une temp\u00e9rature maximale de 14 degr\u00e9s. <\/p>\n\n\n\n<p> <\/p>\n\n\n\n<p><\/p>\n","protected":false},"excerpt":{"rendered":"<p>Ce weekend dans la Somme, c&rsquo;est la pluie qui sera notamment pr\u00e9sente pour dimanche mais les nuageux seront pr\u00e9sents pour dimanche avec une temp\u00e9rature maximale de 15 degr\u00e9s dont 14 du c\u00f4t\u00e9 d&rsquo;Abbeville. On fait le point sur les pr\u00e9visions. Dans le secteur d&rsquo;Amiens Ce weekend dans la Somme, la pluie sera au rendez-vous, en l&rsquo;occurrence pour la journ\u00e9e de samedi dans le secteur de l&rsquo;Ami\u00e9nois par exemple \u00e0 Amiens et Dury et Vers-sur-Selle et Saveuse o\u00f9 il fera une maximale de 15 degr\u00e9s et pour dimanche \u00e7a sera encore la f\u00eate \u00e0 la grenouille donc le cir\u00e9 ne sera pas inutile. A P\u00e9ronne et Albert Du c\u00f4t\u00e9 de P\u00e9ronne, le d\u00e9but des vacances de p\u00e2ques se fera sous les averses mais dimanche pas de soleil mais la pr\u00e9sence d&rsquo;un temps nuageux et une quinzaine de degr\u00e9s. Cela sera aussi le cas \u00e0 Albert o\u00f9 un temps identique est attendu tout au long du weekend. Concernant Abbeville Enfin concernant Abbeville, on aura aim\u00e9 vous dire que le soleil sera pr\u00e9sent mais h\u00e9las les gouttes de pluie viendront arroser cette partie du territoire, bien qu&rsquo;on attend un temps couvert pour dimanche avec une temp\u00e9rature maximale de 14 degr\u00e9s.<\/p>\n","protected":false},"author":6,"featured_media":12386,"comment_status":"open","ping_status":"open","sticky":false,"template":"","format":"standard","meta":{"_lmt_disableupdate":"","_lmt_disable":"","footnotes":""},"categories":[11],"tags":[],"class_list":["post-12611","post","type-post","status-publish","format-standard","has-post-thumbnail","hentry","category-amiens"],"yoast_head":"<!-- This site is optimized with the Yoast SEO plugin v27.5 - https:\/\/yoast.com\/product\/yoast-seo-wordpress\/ -->\n<title>Somme : de la pluie au rendez-vous ce weekend - Happyness Amiens<\/title>\n<meta name=\"description\" content=\"Quel temps fera-t-il dans la Somme ce weekend ? Pluie pr\u00e9vue \u00e0 Amiens, Abbeville et P\u00e9ronne. D\u00e9couvrez les pr\u00e9visions d\u00e9taill\u00e9es et les temp\u00e9ratures par secteur.\" \/>\n<meta name=\"robots\" content=\"index, follow, max-snippet:-1, max-image-preview:large, max-video-preview:-1\" \/>\n<link rel=\"canonical\" href=\"https:\/\/happynessradio.fr\/amiens\/articles\/somme-de-la-pluie-au-rendez-vous-ce-weekend\/\" \/>\n<meta property=\"og:locale\" content=\"fr_FR\" \/>\n<meta property=\"og:type\" content=\"article\" \/>\n<meta property=\"og:title\" content=\"Somme : de la pluie au rendez-vous ce weekend - Happyness Amiens\" \/>\n<meta property=\"og:description\" content=\"Quel temps fera-t-il dans la Somme ce weekend ? Pluie pr\u00e9vue \u00e0 Amiens, Abbeville et P\u00e9ronne. D\u00e9couvrez les pr\u00e9visions d\u00e9taill\u00e9es et les temp\u00e9ratures par secteur.\" \/>\n<meta property=\"og:url\" content=\"https:\/\/happynessradio.fr\/amiens\/articles\/somme-de-la-pluie-au-rendez-vous-ce-weekend\/\" \/>\n<meta property=\"og:site_name\" content=\"Happyness Amiens\" \/>\n<meta property=\"article:published_time\" content=\"2026-04-10T15:09:29+00:00\" \/>\n<meta property=\"article:modified_time\" content=\"2026-04-10T15:09:31+00:00\" \/>\n<meta property=\"og:image\" content=\"https:\/\/happynessradio.fr\/amiens\/wp-content\/uploads\/sites\/3\/2026\/03\/MockUp-Visuels-articles-5.webp\" \/>\n\t<meta property=\"og:image:width\" content=\"1083\" \/>\n\t<meta property=\"og:image:height\" content=\"486\" \/>\n\t<meta property=\"og:image:type\" content=\"image\/webp\" \/>\n<meta name=\"author\" content=\"Lo\u00efc Dun\" \/>\n<meta name=\"twitter:card\" content=\"summary_large_image\" \/>\n<meta name=\"twitter:label1\" content=\"\u00c9crit par\" \/>\n\t<meta name=\"twitter:data1\" content=\"Lo\u00efc Dun\" \/>\n\t<meta name=\"twitter:label2\" content=\"Dur\u00e9e de lecture estim\u00e9e\" \/>\n\t<meta name=\"twitter:data2\" content=\"2 minutes\" \/>\n<script type=\"application\/ld+json\" class=\"yoast-schema-graph\">{\"@context\":\"https:\\\/\\\/schema.org\",\"@graph\":[{\"@type\":\"Article\",\"@id\":\"https:\\\/\\\/happynessradio.fr\\\/amiens\\\/articles\\\/somme-de-la-pluie-au-rendez-vous-ce-weekend\\\/#article\",\"isPartOf\":{\"@id\":\"https:\\\/\\\/happynessradio.fr\\\/amiens\\\/articles\\\/somme-de-la-pluie-au-rendez-vous-ce-weekend\\\/\"},\"author\":{\"name\":\"Lo\u00efc Dun\",\"@id\":\"https:\\\/\\\/happynessradio.fr\\\/amiens\\\/#\\\/schema\\\/person\\\/735f1a1ba15f9478beb4249ad52f7252\"},\"headline\":\"Somme : de la pluie au rendez-vous ce weekend\",\"datePublished\":\"2026-04-10T15:09:29+00:00\",\"dateModified\":\"2026-04-10T15:09:31+00:00\",\"mainEntityOfPage\":{\"@id\":\"https:\\\/\\\/happynessradio.fr\\\/amiens\\\/articles\\\/somme-de-la-pluie-au-rendez-vous-ce-weekend\\\/\"},\"wordCount\":226,\"commentCount\":0,\"image\":{\"@id\":\"https:\\\/\\\/happynessradio.fr\\\/amiens\\\/articles\\\/somme-de-la-pluie-au-rendez-vous-ce-weekend\\\/#primaryimage\"},\"thumbnailUrl\":\"https:\\\/\\\/happynessradio.fr\\\/amiens\\\/wp-content\\\/uploads\\\/sites\\\/3\\\/2026\\\/03\\\/MockUp-Visuels-articles-5.webp\",\"articleSection\":[\"Amiens\"],\"inLanguage\":\"fr-FR\",\"potentialAction\":[{\"@type\":\"CommentAction\",\"name\":\"Comment\",\"target\":[\"https:\\\/\\\/happynessradio.fr\\\/amiens\\\/articles\\\/somme-de-la-pluie-au-rendez-vous-ce-weekend\\\/#respond\"]}]},{\"@type\":\"WebPage\",\"@id\":\"https:\\\/\\\/happynessradio.fr\\\/amiens\\\/articles\\\/somme-de-la-pluie-au-rendez-vous-ce-weekend\\\/\",\"url\":\"https:\\\/\\\/happynessradio.fr\\\/amiens\\\/articles\\\/somme-de-la-pluie-au-rendez-vous-ce-weekend\\\/\",\"name\":\"Somme : de la pluie au rendez-vous ce weekend - Happyness Amiens\",\"isPartOf\":{\"@id\":\"https:\\\/\\\/happynessradio.fr\\\/amiens\\\/#website\"},\"primaryImageOfPage\":{\"@id\":\"https:\\\/\\\/happynessradio.fr\\\/amiens\\\/articles\\\/somme-de-la-pluie-au-rendez-vous-ce-weekend\\\/#primaryimage\"},\"image\":{\"@id\":\"https:\\\/\\\/happynessradio.fr\\\/amiens\\\/articles\\\/somme-de-la-pluie-au-rendez-vous-ce-weekend\\\/#primaryimage\"},\"thumbnailUrl\":\"https:\\\/\\\/happynessradio.fr\\\/amiens\\\/wp-content\\\/uploads\\\/sites\\\/3\\\/2026\\\/03\\\/MockUp-Visuels-articles-5.webp\",\"datePublished\":\"2026-04-10T15:09:29+00:00\",\"dateModified\":\"2026-04-10T15:09:31+00:00\",\"author\":{\"@id\":\"https:\\\/\\\/happynessradio.fr\\\/amiens\\\/#\\\/schema\\\/person\\\/735f1a1ba15f9478beb4249ad52f7252\"},\"description\":\"Quel temps fera-t-il dans la Somme ce weekend ? Pluie pr\u00e9vue \u00e0 Amiens, Abbeville et P\u00e9ronne. D\u00e9couvrez les pr\u00e9visions d\u00e9taill\u00e9es et les temp\u00e9ratures par secteur.\",\"breadcrumb\":{\"@id\":\"https:\\\/\\\/happynessradio.fr\\\/amiens\\\/articles\\\/somme-de-la-pluie-au-rendez-vous-ce-weekend\\\/#breadcrumb\"},\"inLanguage\":\"fr-FR\",\"potentialAction\":[{\"@type\":\"ReadAction\",\"target\":[\"https:\\\/\\\/happynessradio.fr\\\/amiens\\\/articles\\\/somme-de-la-pluie-au-rendez-vous-ce-weekend\\\/\"]}]},{\"@type\":\"ImageObject\",\"inLanguage\":\"fr-FR\",\"@id\":\"https:\\\/\\\/happynessradio.fr\\\/amiens\\\/articles\\\/somme-de-la-pluie-au-rendez-vous-ce-weekend\\\/#primaryimage\",\"url\":\"https:\\\/\\\/happynessradio.fr\\\/amiens\\\/wp-content\\\/uploads\\\/sites\\\/3\\\/2026\\\/03\\\/MockUp-Visuels-articles-5.webp\",\"contentUrl\":\"https:\\\/\\\/happynessradio.fr\\\/amiens\\\/wp-content\\\/uploads\\\/sites\\\/3\\\/2026\\\/03\\\/MockUp-Visuels-articles-5.webp\",\"width\":1083,\"height\":486,\"caption\":\"Vue d'un ciel couvert d'\u00e9pais nuages gris orageux et tourbillonnants, encadr\u00e9e par deux formes g\u00e9om\u00e9triques rouges triangulaires en haut \u00e0 gauche et en bas \u00e0 droite.\"},{\"@type\":\"BreadcrumbList\",\"@id\":\"https:\\\/\\\/happynessradio.fr\\\/amiens\\\/articles\\\/somme-de-la-pluie-au-rendez-vous-ce-weekend\\\/#breadcrumb\",\"itemListElement\":[{\"@type\":\"ListItem\",\"position\":1,\"name\":\"Accueil\",\"item\":\"https:\\\/\\\/happynessradio.fr\\\/amiens\\\/\"},{\"@type\":\"ListItem\",\"position\":2,\"name\":\"Somme : de la pluie au rendez-vous ce weekend\"}]},{\"@type\":\"WebSite\",\"@id\":\"https:\\\/\\\/happynessradio.fr\\\/amiens\\\/#website\",\"url\":\"https:\\\/\\\/happynessradio.fr\\\/amiens\\\/\",\"name\":\"Happyness Amiens\",\"description\":\"Toujours au plus proche de vous\",\"potentialAction\":[{\"@type\":\"SearchAction\",\"target\":{\"@type\":\"EntryPoint\",\"urlTemplate\":\"https:\\\/\\\/happynessradio.fr\\\/amiens\\\/?s={search_term_string}\"},\"query-input\":{\"@type\":\"PropertyValueSpecification\",\"valueRequired\":true,\"valueName\":\"search_term_string\"}}],\"inLanguage\":\"fr-FR\"},{\"@type\":\"Person\",\"@id\":\"https:\\\/\\\/happynessradio.fr\\\/amiens\\\/#\\\/schema\\\/person\\\/735f1a1ba15f9478beb4249ad52f7252\",\"name\":\"Lo\u00efc Dun\",\"image\":{\"@type\":\"ImageObject\",\"inLanguage\":\"fr-FR\",\"@id\":\"https:\\\/\\\/happynessradio.fr\\\/amiens\\\/wp-content\\\/uploads\\\/sites\\\/3\\\/2025\\\/12\\\/cropped-Portrait-Loic-25-26-96x96.webp\",\"url\":\"https:\\\/\\\/happynessradio.fr\\\/amiens\\\/wp-content\\\/uploads\\\/sites\\\/3\\\/2025\\\/12\\\/cropped-Portrait-Loic-25-26-96x96.webp\",\"contentUrl\":\"https:\\\/\\\/happynessradio.fr\\\/amiens\\\/wp-content\\\/uploads\\\/sites\\\/3\\\/2025\\\/12\\\/cropped-Portrait-Loic-25-26-96x96.webp\",\"caption\":\"Lo\u00efc Dun\"},\"description\":\"R\u00e9dacteur web Happyness. Co-animateur (chroniqueur) Quoi d'neuf ? Amiens Chroniqueur Le R\u00e9veil Happyness\",\"sameAs\":[\"https:\\\/\\\/www.instagram.com\\\/lolo80radio\\\/\",\"https:\\\/\\\/www.linkedin.com\\\/in\\\/loc-d-365960164\\\/\"],\"url\":\"https:\\\/\\\/happynessradio.fr\\\/amiens\\\/articles\\\/author\\\/loicdun\\\/\"}]}<\/script>\n<!-- \/ Yoast SEO plugin. -->","yoast_head_json":{"title":"Somme : de la pluie au rendez-vous ce weekend - Happyness Amiens","description":"Quel temps fera-t-il dans la Somme ce weekend ? Pluie pr\u00e9vue \u00e0 Amiens, Abbeville et P\u00e9ronne. D\u00e9couvrez les pr\u00e9visions d\u00e9taill\u00e9es et les temp\u00e9ratures par secteur.","robots":{"index":"index","follow":"follow","max-snippet":"max-snippet:-1","max-image-preview":"max-image-preview:large","max-video-preview":"max-video-preview:-1"},"canonical":"https:\/\/happynessradio.fr\/amiens\/articles\/somme-de-la-pluie-au-rendez-vous-ce-weekend\/","og_locale":"fr_FR","og_type":"article","og_title":"Somme : de la pluie au rendez-vous ce weekend - Happyness Amiens","og_description":"Quel temps fera-t-il dans la Somme ce weekend ? Pluie pr\u00e9vue \u00e0 Amiens, Abbeville et P\u00e9ronne. D\u00e9couvrez les pr\u00e9visions d\u00e9taill\u00e9es et les temp\u00e9ratures par secteur.","og_url":"https:\/\/happynessradio.fr\/amiens\/articles\/somme-de-la-pluie-au-rendez-vous-ce-weekend\/","og_site_name":"Happyness Amiens","article_published_time":"2026-04-10T15:09:29+00:00","article_modified_time":"2026-04-10T15:09:31+00:00","og_image":[{"width":1083,"height":486,"url":"https:\/\/happynessradio.fr\/amiens\/wp-content\/uploads\/sites\/3\/2026\/03\/MockUp-Visuels-articles-5.webp","type":"image\/webp"}],"author":"Lo\u00efc Dun","twitter_card":"summary_large_image","twitter_misc":{"\u00c9crit par":"Lo\u00efc Dun","Dur\u00e9e de lecture estim\u00e9e":"2 minutes"},"schema":{"@context":"https:\/\/schema.org","@graph":[{"@type":"Article","@id":"https:\/\/happynessradio.fr\/amiens\/articles\/somme-de-la-pluie-au-rendez-vous-ce-weekend\/#article","isPartOf":{"@id":"https:\/\/happynessradio.fr\/amiens\/articles\/somme-de-la-pluie-au-rendez-vous-ce-weekend\/"},"author":{"name":"Lo\u00efc Dun","@id":"https:\/\/happynessradio.fr\/amiens\/#\/schema\/person\/735f1a1ba15f9478beb4249ad52f7252"},"headline":"Somme : de la pluie au rendez-vous ce weekend","datePublished":"2026-04-10T15:09:29+00:00","dateModified":"2026-04-10T15:09:31+00:00","mainEntityOfPage":{"@id":"https:\/\/happynessradio.fr\/amiens\/articles\/somme-de-la-pluie-au-rendez-vous-ce-weekend\/"},"wordCount":226,"commentCount":0,"image":{"@id":"https:\/\/happynessradio.fr\/amiens\/articles\/somme-de-la-pluie-au-rendez-vous-ce-weekend\/#primaryimage"},"thumbnailUrl":"https:\/\/happynessradio.fr\/amiens\/wp-content\/uploads\/sites\/3\/2026\/03\/MockUp-Visuels-articles-5.webp","articleSection":["Amiens"],"inLanguage":"fr-FR","potentialAction":[{"@type":"CommentAction","name":"Comment","target":["https:\/\/happynessradio.fr\/amiens\/articles\/somme-de-la-pluie-au-rendez-vous-ce-weekend\/#respond"]}]},{"@type":"WebPage","@id":"https:\/\/happynessradio.fr\/amiens\/articles\/somme-de-la-pluie-au-rendez-vous-ce-weekend\/","url":"https:\/\/happynessradio.fr\/amiens\/articles\/somme-de-la-pluie-au-rendez-vous-ce-weekend\/","name":"Somme : de la pluie au rendez-vous ce weekend - Happyness Amiens","isPartOf":{"@id":"https:\/\/happynessradio.fr\/amiens\/#website"},"primaryImageOfPage":{"@id":"https:\/\/happynessradio.fr\/amiens\/articles\/somme-de-la-pluie-au-rendez-vous-ce-weekend\/#primaryimage"},"image":{"@id":"https:\/\/happynessradio.fr\/amiens\/articles\/somme-de-la-pluie-au-rendez-vous-ce-weekend\/#primaryimage"},"thumbnailUrl":"https:\/\/happynessradio.fr\/amiens\/wp-content\/uploads\/sites\/3\/2026\/03\/MockUp-Visuels-articles-5.webp","datePublished":"2026-04-10T15:09:29+00:00","dateModified":"2026-04-10T15:09:31+00:00","author":{"@id":"https:\/\/happynessradio.fr\/amiens\/#\/schema\/person\/735f1a1ba15f9478beb4249ad52f7252"},"description":"Quel temps fera-t-il dans la Somme ce weekend ? Pluie pr\u00e9vue \u00e0 Amiens, Abbeville et P\u00e9ronne. D\u00e9couvrez les pr\u00e9visions d\u00e9taill\u00e9es et les temp\u00e9ratures par secteur.","breadcrumb":{"@id":"https:\/\/happynessradio.fr\/amiens\/articles\/somme-de-la-pluie-au-rendez-vous-ce-weekend\/#breadcrumb"},"inLanguage":"fr-FR","potentialAction":[{"@type":"ReadAction","target":["https:\/\/happynessradio.fr\/amiens\/articles\/somme-de-la-pluie-au-rendez-vous-ce-weekend\/"]}]},{"@type":"ImageObject","inLanguage":"fr-FR","@id":"https:\/\/happynessradio.fr\/amiens\/articles\/somme-de-la-pluie-au-rendez-vous-ce-weekend\/#primaryimage","url":"https:\/\/happynessradio.fr\/amiens\/wp-content\/uploads\/sites\/3\/2026\/03\/MockUp-Visuels-articles-5.webp","contentUrl":"https:\/\/happynessradio.fr\/amiens\/wp-content\/uploads\/sites\/3\/2026\/03\/MockUp-Visuels-articles-5.webp","width":1083,"height":486,"caption":"Vue d'un ciel couvert d'\u00e9pais nuages gris orageux et tourbillonnants, encadr\u00e9e par deux formes g\u00e9om\u00e9triques rouges triangulaires en haut \u00e0 gauche et en bas \u00e0 droite."},{"@type":"BreadcrumbList","@id":"https:\/\/happynessradio.fr\/amiens\/articles\/somme-de-la-pluie-au-rendez-vous-ce-weekend\/#breadcrumb","itemListElement":[{"@type":"ListItem","position":1,"name":"Accueil","item":"https:\/\/happynessradio.fr\/amiens\/"},{"@type":"ListItem","position":2,"name":"Somme : de la pluie au rendez-vous ce weekend"}]},{"@type":"WebSite","@id":"https:\/\/happynessradio.fr\/amiens\/#website","url":"https:\/\/happynessradio.fr\/amiens\/","name":"Happyness Amiens","description":"Toujours au plus proche de vous","potentialAction":[{"@type":"SearchAction","target":{"@type":"EntryPoint","urlTemplate":"https:\/\/happynessradio.fr\/amiens\/?s={search_term_string}"},"query-input":{"@type":"PropertyValueSpecification","valueRequired":true,"valueName":"search_term_string"}}],"inLanguage":"fr-FR"},{"@type":"Person","@id":"https:\/\/happynessradio.fr\/amiens\/#\/schema\/person\/735f1a1ba15f9478beb4249ad52f7252","name":"Lo\u00efc Dun","image":{"@type":"ImageObject","inLanguage":"fr-FR","@id":"https:\/\/happynessradio.fr\/amiens\/wp-content\/uploads\/sites\/3\/2025\/12\/cropped-Portrait-Loic-25-26-96x96.webp","url":"https:\/\/happynessradio.fr\/amiens\/wp-content\/uploads\/sites\/3\/2025\/12\/cropped-Portrait-Loic-25-26-96x96.webp","contentUrl":"https:\/\/happynessradio.fr\/amiens\/wp-content\/uploads\/sites\/3\/2025\/12\/cropped-Portrait-Loic-25-26-96x96.webp","caption":"Lo\u00efc Dun"},"description":"R\u00e9dacteur web Happyness. Co-animateur (chroniqueur) Quoi d'neuf ? Amiens Chroniqueur Le R\u00e9veil Happyness","sameAs":["https:\/\/www.instagram.com\/lolo80radio\/","https:\/\/www.linkedin.com\/in\/loc-d-365960164\/"],"url":"https:\/\/happynessradio.fr\/amiens\/articles\/author\/loicdun\/"}]}},"modified_by":"Lo\u00efc Dun","_links":{"self":[{"href":"https:\/\/happynessradio.fr\/amiens\/wp-json\/wp\/v2\/posts\/12611","targetHints":{"allow":["GET"]}}],"collection":[{"href":"https:\/\/happynessradio.fr\/amiens\/wp-json\/wp\/v2\/posts"}],"about":[{"href":"https:\/\/happynessradio.fr\/amiens\/wp-json\/wp\/v2\/types\/post"}],"author":[{"embeddable":true,"href":"https:\/\/happynessradio.fr\/amiens\/wp-json\/wp\/v2\/users\/6"}],"replies":[{"embeddable":true,"href":"https:\/\/happynessradio.fr\/amiens\/wp-json\/wp\/v2\/comments?post=12611"}],"version-history":[{"count":1,"href":"https:\/\/happynessradio.fr\/amiens\/wp-json\/wp\/v2\/posts\/12611\/revisions"}],"predecessor-version":[{"id":12612,"href":"https:\/\/happynessradio.fr\/amiens\/wp-json\/wp\/v2\/posts\/12611\/revisions\/12612"}],"wp:featuredmedia":[{"embeddable":true,"href":"https:\/\/happynessradio.fr\/amiens\/wp-json\/wp\/v2\/media\/12386"}],"wp:attachment":[{"href":"https:\/\/happynessradio.fr\/amiens\/wp-json\/wp\/v2\/media?parent=12611"}],"wp:term":[{"taxonomy":"category","embeddable":true,"href":"https:\/\/happynessradio.fr\/amiens\/wp-json\/wp\/v2\/categories?post=12611"},{"taxonomy":"post_tag","embeddable":true,"href":"https:\/\/happynessradio.fr\/amiens\/wp-json\/wp\/v2\/tags?post=12611"}],"curies":[{"name":"wp","href":"https:\/\/api.w.org\/{rel}","templated":true}]}}