{"id":12613,"date":"2026-04-12T15:10:00","date_gmt":"2026-04-12T13:10:00","guid":{"rendered":"https:\/\/happynessradio.fr\/amiens\/?p=12613"},"modified":"2026-04-11T15:09:36","modified_gmt":"2026-04-11T13:09:36","slug":"somme-pluie-nuages-et-soleil-cette-semaine","status":"publish","type":"post","link":"https:\/\/happynessradio.fr\/amiens\/articles\/somme-pluie-nuages-et-soleil-cette-semaine\/","title":{"rendered":"Somme : Pluie, nuages et soleil cette semaine"},"content":{"rendered":"\n<p><em>Cette semaine dans la Somme, la pluie sera pr\u00e9sente dans une grande partie du territoire pour la journ\u00e9e de lundi, tandis que pour le reste de la semaine pr\u00e9sence pluie et d&rsquo;un nuageux par exemple du c\u00f4t\u00e9 d&rsquo;Albert et d&rsquo;Abbeville. On fait le point sur les pr\u00e9visions dans cet article. <\/em><\/p>\n\n\n\n<h2 class=\"wp-block-heading\">Amiens <\/h2>\n\n\n\n<p>Ce lundi, <a href=\"https:\/\/meteofrance.com\/previsions-meteo-france\/somme\/80\" id=\"https:\/\/meteofrance.com\/previsions-meteo-france\/somme\/80\">les averses <\/a>seront pr\u00e9sentes dans le ciel ami\u00e9nois avec 13 degr\u00e9s, toutefois le soleil viendra pointer le bout de son nez pour le lendemain mais les nuages seront au rendez-vous pour mercredi o\u00f9 les temp\u00e9ratures peuvent grimper jusqu&rsquo;\u00e0 18\u00b0C dans le secteur de la place Ren\u00e9 Goblet ou du c\u00f4t\u00e9 de Salou\u00ebl. Jeudi, un temps couvert et enfin pour vendredi un ciel couvert n&rsquo;est pas impossible. <\/p>\n\n\n\n<h2 class=\"wp-block-heading\">Albert<\/h2>\n\n\n\n<p>Concernant <a href=\"https:\/\/www.somme-tourisme.com\/\" id=\"https:\/\/www.somme-tourisme.com\/\">Albert<\/a> et Dernancourt, tout comme pour Amiens et agglom\u00e9ration, ici aussi concernant la pluie, il faudra faire avec mais soyez rassur\u00e9 car les rayons de l&rsquo;astre solaire viendra illuminer la journ\u00e9e de mardi. Tandis que en milieu de semaine, des nuages par intermittence dans le ciel et afin pour jeudi, il sera conseill\u00e9 de sortir \u00e0 nouveau le parapluie avant le retour du soleil pour vendredi avec avec une douceur constante autour de 17-18\u00b0C.<\/p>\n\n\n\n<h2 class=\"wp-block-heading\">P\u00e9ronne<\/h2>\n\n\n\n<p> Du c\u00f4t\u00e9 de P\u00e9ronne et ses communes alentours, ici aussi les averses seront l\u00e0 pour la journ\u00e9e de lundi avec des nuages pour mardi et mercredi avec 17 degr\u00e9s au thermom\u00e8tre sauf que les averses seront de retour pour jeudi et pour finir vendredi o\u00f9 on peut s&rsquo;attendre \u00e0 un ciel partiellement ensoleill\u00e9. <\/p>\n\n\n\n<h2 class=\"wp-block-heading\">Abbeville <\/h2>\n\n\n\n<p>Pour finir ce bulletin, si vous \u00eates du c\u00f4t\u00e9 de l&rsquo;abbevillois, on d\u00e9butera cette premi\u00e8re journ\u00e9e des vacances de p\u00e2ques o\u00f9 il sera plut\u00f4t conseill\u00e9 de faire des activit\u00e9s en int\u00e9rieur puisque les gouttes de pluie seront l\u00e0 par exemple dans le village de Yonval mais un risque d&rsquo;averses avec un temps nuageux est annonc\u00e9 pour la journ\u00e9e de mardi. Mercredi sera le jour id\u00e9al pour une balade avec le beau temps au rendez-vous. Vendredi un temps tr\u00e8s couvert et la veille des nuages par intermittence et une quinzaine de degr\u00e9s. <\/p>\n\n\n\n<p><\/p>\n","protected":false},"excerpt":{"rendered":"<p>Cette semaine dans la Somme, la pluie sera pr\u00e9sente dans une grande partie du territoire pour la journ\u00e9e de lundi, tandis que pour le reste de la semaine pr\u00e9sence pluie et d&rsquo;un nuageux par exemple du c\u00f4t\u00e9 d&rsquo;Albert et d&rsquo;Abbeville. On fait le point sur les pr\u00e9visions dans cet article. Amiens Ce lundi, les averses seront pr\u00e9sentes dans le ciel ami\u00e9nois avec 13 degr\u00e9s, toutefois le soleil viendra pointer le bout de son nez pour le lendemain mais les nuages seront au rendez-vous pour mercredi o\u00f9 les temp\u00e9ratures peuvent grimper jusqu&rsquo;\u00e0 18\u00b0C dans le secteur de la place Ren\u00e9 Goblet ou du c\u00f4t\u00e9 de Salou\u00ebl. Jeudi, un temps couvert et enfin pour vendredi un ciel couvert n&rsquo;est pas impossible. Albert Concernant Albert et Dernancourt, tout comme pour Amiens et agglom\u00e9ration, ici aussi concernant la pluie, il faudra faire avec mais soyez rassur\u00e9 car les rayons de l&rsquo;astre solaire viendra illuminer la journ\u00e9e de mardi. Tandis que en milieu de semaine, des nuages par intermittence dans le ciel et afin pour jeudi, il sera conseill\u00e9 de sortir \u00e0 nouveau le parapluie avant le retour du soleil pour vendredi avec avec une douceur constante autour de 17-18\u00b0C. P\u00e9ronne Du c\u00f4t\u00e9 de P\u00e9ronne et ses communes alentours, ici aussi les averses seront l\u00e0 pour la journ\u00e9e de lundi avec des nuages pour mardi et mercredi avec 17 degr\u00e9s au thermom\u00e8tre sauf que les averses seront de retour pour jeudi et pour finir vendredi o\u00f9 on peut s&rsquo;attendre \u00e0 un ciel partiellement ensoleill\u00e9. Abbeville Pour finir ce bulletin, si vous \u00eates du c\u00f4t\u00e9 de l&rsquo;abbevillois, on d\u00e9butera cette premi\u00e8re journ\u00e9e des vacances de p\u00e2ques o\u00f9 il sera plut\u00f4t conseill\u00e9 de faire des activit\u00e9s en int\u00e9rieur puisque les gouttes de pluie seront l\u00e0 par exemple dans le village de Yonval mais un risque d&rsquo;averses avec un temps nuageux est annonc\u00e9 pour la journ\u00e9e de mardi. Mercredi sera le jour id\u00e9al pour une balade avec le beau temps au rendez-vous. Vendredi un temps tr\u00e8s couvert et la veille des nuages par intermittence et une quinzaine de degr\u00e9s.<\/p>\n","protected":false},"author":6,"featured_media":12386,"comment_status":"open","ping_status":"open","sticky":false,"template":"","format":"standard","meta":{"_lmt_disableupdate":"","_lmt_disable":"","footnotes":""},"categories":[11],"tags":[],"class_list":["post-12613","post","type-post","status-publish","format-standard","has-post-thumbnail","hentry","category-amiens"],"yoast_head":"<!-- This site is optimized with the Yoast SEO plugin v27.5 - https:\/\/yoast.com\/product\/yoast-seo-wordpress\/ -->\n<title>Somme : Pluie, nuages et soleil cette semaine - Happyness Amiens<\/title>\n<meta name=\"description\" content=\"Pr\u00e9visions m\u00e9t\u00e9o dans la Somme pour les vacances de P\u00e2ques : pluie \u00e0 Amiens, \u00e9claircies \u00e0 Albert et P\u00e9ronne, ou beau temps \u00e0 Abbeville ? Retrouvez le d\u00e9tail par ville et les temp\u00e9ratures de votre semaine, entre averses et douceur printani\u00e8re.\" \/>\n<meta name=\"robots\" content=\"index, follow, max-snippet:-1, max-image-preview:large, max-video-preview:-1\" \/>\n<link rel=\"canonical\" href=\"https:\/\/happynessradio.fr\/amiens\/articles\/somme-pluie-nuages-et-soleil-cette-semaine\/\" \/>\n<meta property=\"og:locale\" content=\"fr_FR\" \/>\n<meta property=\"og:type\" content=\"article\" \/>\n<meta property=\"og:title\" content=\"Somme : Pluie, nuages et soleil cette semaine - Happyness Amiens\" \/>\n<meta property=\"og:description\" content=\"Pr\u00e9visions m\u00e9t\u00e9o dans la Somme pour les vacances de P\u00e2ques : pluie \u00e0 Amiens, \u00e9claircies \u00e0 Albert et P\u00e9ronne, ou beau temps \u00e0 Abbeville ? Retrouvez le d\u00e9tail par ville et les temp\u00e9ratures de votre semaine, entre averses et douceur printani\u00e8re.\" \/>\n<meta property=\"og:url\" content=\"https:\/\/happynessradio.fr\/amiens\/articles\/somme-pluie-nuages-et-soleil-cette-semaine\/\" \/>\n<meta property=\"og:site_name\" content=\"Happyness Amiens\" \/>\n<meta property=\"article:published_time\" content=\"2026-04-12T13:10:00+00:00\" \/>\n<meta property=\"og:image\" content=\"https:\/\/happynessradio.fr\/amiens\/wp-content\/uploads\/sites\/3\/2026\/03\/MockUp-Visuels-articles-5.webp\" \/>\n\t<meta property=\"og:image:width\" content=\"1083\" \/>\n\t<meta property=\"og:image:height\" content=\"486\" \/>\n\t<meta property=\"og:image:type\" content=\"image\/webp\" \/>\n<meta name=\"author\" content=\"Lo\u00efc Dun\" \/>\n<meta name=\"twitter:card\" content=\"summary_large_image\" \/>\n<meta name=\"twitter:label1\" content=\"\u00c9crit par\" \/>\n\t<meta name=\"twitter:data1\" content=\"Lo\u00efc Dun\" \/>\n\t<meta name=\"twitter:label2\" content=\"Dur\u00e9e de lecture estim\u00e9e\" \/>\n\t<meta name=\"twitter:data2\" content=\"2 minutes\" \/>\n<script type=\"application\/ld+json\" class=\"yoast-schema-graph\">{\"@context\":\"https:\\\/\\\/schema.org\",\"@graph\":[{\"@type\":\"Article\",\"@id\":\"https:\\\/\\\/happynessradio.fr\\\/amiens\\\/articles\\\/somme-pluie-nuages-et-soleil-cette-semaine\\\/#article\",\"isPartOf\":{\"@id\":\"https:\\\/\\\/happynessradio.fr\\\/amiens\\\/articles\\\/somme-pluie-nuages-et-soleil-cette-semaine\\\/\"},\"author\":{\"name\":\"Lo\u00efc Dun\",\"@id\":\"https:\\\/\\\/happynessradio.fr\\\/amiens\\\/#\\\/schema\\\/person\\\/735f1a1ba15f9478beb4249ad52f7252\"},\"headline\":\"Somme : Pluie, nuages et soleil cette semaine\",\"datePublished\":\"2026-04-12T13:10:00+00:00\",\"mainEntityOfPage\":{\"@id\":\"https:\\\/\\\/happynessradio.fr\\\/amiens\\\/articles\\\/somme-pluie-nuages-et-soleil-cette-semaine\\\/\"},\"wordCount\":384,\"commentCount\":0,\"image\":{\"@id\":\"https:\\\/\\\/happynessradio.fr\\\/amiens\\\/articles\\\/somme-pluie-nuages-et-soleil-cette-semaine\\\/#primaryimage\"},\"thumbnailUrl\":\"https:\\\/\\\/happynessradio.fr\\\/amiens\\\/wp-content\\\/uploads\\\/sites\\\/3\\\/2026\\\/03\\\/MockUp-Visuels-articles-5.webp\",\"articleSection\":[\"Amiens\"],\"inLanguage\":\"fr-FR\",\"potentialAction\":[{\"@type\":\"CommentAction\",\"name\":\"Comment\",\"target\":[\"https:\\\/\\\/happynessradio.fr\\\/amiens\\\/articles\\\/somme-pluie-nuages-et-soleil-cette-semaine\\\/#respond\"]}]},{\"@type\":\"WebPage\",\"@id\":\"https:\\\/\\\/happynessradio.fr\\\/amiens\\\/articles\\\/somme-pluie-nuages-et-soleil-cette-semaine\\\/\",\"url\":\"https:\\\/\\\/happynessradio.fr\\\/amiens\\\/articles\\\/somme-pluie-nuages-et-soleil-cette-semaine\\\/\",\"name\":\"Somme : Pluie, nuages et soleil cette semaine - Happyness Amiens\",\"isPartOf\":{\"@id\":\"https:\\\/\\\/happynessradio.fr\\\/amiens\\\/#website\"},\"primaryImageOfPage\":{\"@id\":\"https:\\\/\\\/happynessradio.fr\\\/amiens\\\/articles\\\/somme-pluie-nuages-et-soleil-cette-semaine\\\/#primaryimage\"},\"image\":{\"@id\":\"https:\\\/\\\/happynessradio.fr\\\/amiens\\\/articles\\\/somme-pluie-nuages-et-soleil-cette-semaine\\\/#primaryimage\"},\"thumbnailUrl\":\"https:\\\/\\\/happynessradio.fr\\\/amiens\\\/wp-content\\\/uploads\\\/sites\\\/3\\\/2026\\\/03\\\/MockUp-Visuels-articles-5.webp\",\"datePublished\":\"2026-04-12T13:10:00+00:00\",\"author\":{\"@id\":\"https:\\\/\\\/happynessradio.fr\\\/amiens\\\/#\\\/schema\\\/person\\\/735f1a1ba15f9478beb4249ad52f7252\"},\"description\":\"Pr\u00e9visions m\u00e9t\u00e9o dans la Somme pour les vacances de P\u00e2ques : pluie \u00e0 Amiens, \u00e9claircies \u00e0 Albert et P\u00e9ronne, ou beau temps \u00e0 Abbeville ? Retrouvez le d\u00e9tail par ville et les temp\u00e9ratures de votre semaine, entre averses et douceur printani\u00e8re.\",\"breadcrumb\":{\"@id\":\"https:\\\/\\\/happynessradio.fr\\\/amiens\\\/articles\\\/somme-pluie-nuages-et-soleil-cette-semaine\\\/#breadcrumb\"},\"inLanguage\":\"fr-FR\",\"potentialAction\":[{\"@type\":\"ReadAction\",\"target\":[\"https:\\\/\\\/happynessradio.fr\\\/amiens\\\/articles\\\/somme-pluie-nuages-et-soleil-cette-semaine\\\/\"]}]},{\"@type\":\"ImageObject\",\"inLanguage\":\"fr-FR\",\"@id\":\"https:\\\/\\\/happynessradio.fr\\\/amiens\\\/articles\\\/somme-pluie-nuages-et-soleil-cette-semaine\\\/#primaryimage\",\"url\":\"https:\\\/\\\/happynessradio.fr\\\/amiens\\\/wp-content\\\/uploads\\\/sites\\\/3\\\/2026\\\/03\\\/MockUp-Visuels-articles-5.webp\",\"contentUrl\":\"https:\\\/\\\/happynessradio.fr\\\/amiens\\\/wp-content\\\/uploads\\\/sites\\\/3\\\/2026\\\/03\\\/MockUp-Visuels-articles-5.webp\",\"width\":1083,\"height\":486,\"caption\":\"Vue d'un ciel couvert d'\u00e9pais nuages gris orageux et tourbillonnants, encadr\u00e9e par deux formes g\u00e9om\u00e9triques rouges triangulaires en haut \u00e0 gauche et en bas \u00e0 droite.\"},{\"@type\":\"BreadcrumbList\",\"@id\":\"https:\\\/\\\/happynessradio.fr\\\/amiens\\\/articles\\\/somme-pluie-nuages-et-soleil-cette-semaine\\\/#breadcrumb\",\"itemListElement\":[{\"@type\":\"ListItem\",\"position\":1,\"name\":\"Accueil\",\"item\":\"https:\\\/\\\/happynessradio.fr\\\/amiens\\\/\"},{\"@type\":\"ListItem\",\"position\":2,\"name\":\"Somme : Pluie, nuages et soleil cette semaine\"}]},{\"@type\":\"WebSite\",\"@id\":\"https:\\\/\\\/happynessradio.fr\\\/amiens\\\/#website\",\"url\":\"https:\\\/\\\/happynessradio.fr\\\/amiens\\\/\",\"name\":\"Happyness Amiens\",\"description\":\"Toujours au plus proche de vous\",\"potentialAction\":[{\"@type\":\"SearchAction\",\"target\":{\"@type\":\"EntryPoint\",\"urlTemplate\":\"https:\\\/\\\/happynessradio.fr\\\/amiens\\\/?s={search_term_string}\"},\"query-input\":{\"@type\":\"PropertyValueSpecification\",\"valueRequired\":true,\"valueName\":\"search_term_string\"}}],\"inLanguage\":\"fr-FR\"},{\"@type\":\"Person\",\"@id\":\"https:\\\/\\\/happynessradio.fr\\\/amiens\\\/#\\\/schema\\\/person\\\/735f1a1ba15f9478beb4249ad52f7252\",\"name\":\"Lo\u00efc Dun\",\"image\":{\"@type\":\"ImageObject\",\"inLanguage\":\"fr-FR\",\"@id\":\"https:\\\/\\\/happynessradio.fr\\\/amiens\\\/wp-content\\\/uploads\\\/sites\\\/3\\\/2025\\\/12\\\/cropped-Portrait-Loic-25-26-96x96.webp\",\"url\":\"https:\\\/\\\/happynessradio.fr\\\/amiens\\\/wp-content\\\/uploads\\\/sites\\\/3\\\/2025\\\/12\\\/cropped-Portrait-Loic-25-26-96x96.webp\",\"contentUrl\":\"https:\\\/\\\/happynessradio.fr\\\/amiens\\\/wp-content\\\/uploads\\\/sites\\\/3\\\/2025\\\/12\\\/cropped-Portrait-Loic-25-26-96x96.webp\",\"caption\":\"Lo\u00efc Dun\"},\"description\":\"R\u00e9dacteur web Happyness. Co-animateur (chroniqueur) Quoi d'neuf ? Amiens Chroniqueur Le R\u00e9veil Happyness\",\"sameAs\":[\"https:\\\/\\\/www.instagram.com\\\/lolo80radio\\\/\",\"https:\\\/\\\/www.linkedin.com\\\/in\\\/loc-d-365960164\\\/\"],\"url\":\"https:\\\/\\\/happynessradio.fr\\\/amiens\\\/articles\\\/author\\\/loicdun\\\/\"}]}<\/script>\n<!-- \/ Yoast SEO plugin. -->","yoast_head_json":{"title":"Somme : Pluie, nuages et soleil cette semaine - Happyness Amiens","description":"Pr\u00e9visions m\u00e9t\u00e9o dans la Somme pour les vacances de P\u00e2ques : pluie \u00e0 Amiens, \u00e9claircies \u00e0 Albert et P\u00e9ronne, ou beau temps \u00e0 Abbeville ? Retrouvez le d\u00e9tail par ville et les temp\u00e9ratures de votre semaine, entre averses et douceur printani\u00e8re.","robots":{"index":"index","follow":"follow","max-snippet":"max-snippet:-1","max-image-preview":"max-image-preview:large","max-video-preview":"max-video-preview:-1"},"canonical":"https:\/\/happynessradio.fr\/amiens\/articles\/somme-pluie-nuages-et-soleil-cette-semaine\/","og_locale":"fr_FR","og_type":"article","og_title":"Somme : Pluie, nuages et soleil cette semaine - Happyness Amiens","og_description":"Pr\u00e9visions m\u00e9t\u00e9o dans la Somme pour les vacances de P\u00e2ques : pluie \u00e0 Amiens, \u00e9claircies \u00e0 Albert et P\u00e9ronne, ou beau temps \u00e0 Abbeville ? Retrouvez le d\u00e9tail par ville et les temp\u00e9ratures de votre semaine, entre averses et douceur printani\u00e8re.","og_url":"https:\/\/happynessradio.fr\/amiens\/articles\/somme-pluie-nuages-et-soleil-cette-semaine\/","og_site_name":"Happyness Amiens","article_published_time":"2026-04-12T13:10:00+00:00","og_image":[{"width":1083,"height":486,"url":"https:\/\/happynessradio.fr\/amiens\/wp-content\/uploads\/sites\/3\/2026\/03\/MockUp-Visuels-articles-5.webp","type":"image\/webp"}],"author":"Lo\u00efc Dun","twitter_card":"summary_large_image","twitter_misc":{"\u00c9crit par":"Lo\u00efc Dun","Dur\u00e9e de lecture estim\u00e9e":"2 minutes"},"schema":{"@context":"https:\/\/schema.org","@graph":[{"@type":"Article","@id":"https:\/\/happynessradio.fr\/amiens\/articles\/somme-pluie-nuages-et-soleil-cette-semaine\/#article","isPartOf":{"@id":"https:\/\/happynessradio.fr\/amiens\/articles\/somme-pluie-nuages-et-soleil-cette-semaine\/"},"author":{"name":"Lo\u00efc Dun","@id":"https:\/\/happynessradio.fr\/amiens\/#\/schema\/person\/735f1a1ba15f9478beb4249ad52f7252"},"headline":"Somme : Pluie, nuages et soleil cette semaine","datePublished":"2026-04-12T13:10:00+00:00","mainEntityOfPage":{"@id":"https:\/\/happynessradio.fr\/amiens\/articles\/somme-pluie-nuages-et-soleil-cette-semaine\/"},"wordCount":384,"commentCount":0,"image":{"@id":"https:\/\/happynessradio.fr\/amiens\/articles\/somme-pluie-nuages-et-soleil-cette-semaine\/#primaryimage"},"thumbnailUrl":"https:\/\/happynessradio.fr\/amiens\/wp-content\/uploads\/sites\/3\/2026\/03\/MockUp-Visuels-articles-5.webp","articleSection":["Amiens"],"inLanguage":"fr-FR","potentialAction":[{"@type":"CommentAction","name":"Comment","target":["https:\/\/happynessradio.fr\/amiens\/articles\/somme-pluie-nuages-et-soleil-cette-semaine\/#respond"]}]},{"@type":"WebPage","@id":"https:\/\/happynessradio.fr\/amiens\/articles\/somme-pluie-nuages-et-soleil-cette-semaine\/","url":"https:\/\/happynessradio.fr\/amiens\/articles\/somme-pluie-nuages-et-soleil-cette-semaine\/","name":"Somme : Pluie, nuages et soleil cette semaine - Happyness Amiens","isPartOf":{"@id":"https:\/\/happynessradio.fr\/amiens\/#website"},"primaryImageOfPage":{"@id":"https:\/\/happynessradio.fr\/amiens\/articles\/somme-pluie-nuages-et-soleil-cette-semaine\/#primaryimage"},"image":{"@id":"https:\/\/happynessradio.fr\/amiens\/articles\/somme-pluie-nuages-et-soleil-cette-semaine\/#primaryimage"},"thumbnailUrl":"https:\/\/happynessradio.fr\/amiens\/wp-content\/uploads\/sites\/3\/2026\/03\/MockUp-Visuels-articles-5.webp","datePublished":"2026-04-12T13:10:00+00:00","author":{"@id":"https:\/\/happynessradio.fr\/amiens\/#\/schema\/person\/735f1a1ba15f9478beb4249ad52f7252"},"description":"Pr\u00e9visions m\u00e9t\u00e9o dans la Somme pour les vacances de P\u00e2ques : pluie \u00e0 Amiens, \u00e9claircies \u00e0 Albert et P\u00e9ronne, ou beau temps \u00e0 Abbeville ? Retrouvez le d\u00e9tail par ville et les temp\u00e9ratures de votre semaine, entre averses et douceur printani\u00e8re.","breadcrumb":{"@id":"https:\/\/happynessradio.fr\/amiens\/articles\/somme-pluie-nuages-et-soleil-cette-semaine\/#breadcrumb"},"inLanguage":"fr-FR","potentialAction":[{"@type":"ReadAction","target":["https:\/\/happynessradio.fr\/amiens\/articles\/somme-pluie-nuages-et-soleil-cette-semaine\/"]}]},{"@type":"ImageObject","inLanguage":"fr-FR","@id":"https:\/\/happynessradio.fr\/amiens\/articles\/somme-pluie-nuages-et-soleil-cette-semaine\/#primaryimage","url":"https:\/\/happynessradio.fr\/amiens\/wp-content\/uploads\/sites\/3\/2026\/03\/MockUp-Visuels-articles-5.webp","contentUrl":"https:\/\/happynessradio.fr\/amiens\/wp-content\/uploads\/sites\/3\/2026\/03\/MockUp-Visuels-articles-5.webp","width":1083,"height":486,"caption":"Vue d'un ciel couvert d'\u00e9pais nuages gris orageux et tourbillonnants, encadr\u00e9e par deux formes g\u00e9om\u00e9triques rouges triangulaires en haut \u00e0 gauche et en bas \u00e0 droite."},{"@type":"BreadcrumbList","@id":"https:\/\/happynessradio.fr\/amiens\/articles\/somme-pluie-nuages-et-soleil-cette-semaine\/#breadcrumb","itemListElement":[{"@type":"ListItem","position":1,"name":"Accueil","item":"https:\/\/happynessradio.fr\/amiens\/"},{"@type":"ListItem","position":2,"name":"Somme : Pluie, nuages et soleil cette semaine"}]},{"@type":"WebSite","@id":"https:\/\/happynessradio.fr\/amiens\/#website","url":"https:\/\/happynessradio.fr\/amiens\/","name":"Happyness Amiens","description":"Toujours au plus proche de vous","potentialAction":[{"@type":"SearchAction","target":{"@type":"EntryPoint","urlTemplate":"https:\/\/happynessradio.fr\/amiens\/?s={search_term_string}"},"query-input":{"@type":"PropertyValueSpecification","valueRequired":true,"valueName":"search_term_string"}}],"inLanguage":"fr-FR"},{"@type":"Person","@id":"https:\/\/happynessradio.fr\/amiens\/#\/schema\/person\/735f1a1ba15f9478beb4249ad52f7252","name":"Lo\u00efc Dun","image":{"@type":"ImageObject","inLanguage":"fr-FR","@id":"https:\/\/happynessradio.fr\/amiens\/wp-content\/uploads\/sites\/3\/2025\/12\/cropped-Portrait-Loic-25-26-96x96.webp","url":"https:\/\/happynessradio.fr\/amiens\/wp-content\/uploads\/sites\/3\/2025\/12\/cropped-Portrait-Loic-25-26-96x96.webp","contentUrl":"https:\/\/happynessradio.fr\/amiens\/wp-content\/uploads\/sites\/3\/2025\/12\/cropped-Portrait-Loic-25-26-96x96.webp","caption":"Lo\u00efc Dun"},"description":"R\u00e9dacteur web Happyness. Co-animateur (chroniqueur) Quoi d'neuf ? Amiens Chroniqueur Le R\u00e9veil Happyness","sameAs":["https:\/\/www.instagram.com\/lolo80radio\/","https:\/\/www.linkedin.com\/in\/loc-d-365960164\/"],"url":"https:\/\/happynessradio.fr\/amiens\/articles\/author\/loicdun\/"}]}},"modified_by":"Lo\u00efc Dun","_links":{"self":[{"href":"https:\/\/happynessradio.fr\/amiens\/wp-json\/wp\/v2\/posts\/12613","targetHints":{"allow":["GET"]}}],"collection":[{"href":"https:\/\/happynessradio.fr\/amiens\/wp-json\/wp\/v2\/posts"}],"about":[{"href":"https:\/\/happynessradio.fr\/amiens\/wp-json\/wp\/v2\/types\/post"}],"author":[{"embeddable":true,"href":"https:\/\/happynessradio.fr\/amiens\/wp-json\/wp\/v2\/users\/6"}],"replies":[{"embeddable":true,"href":"https:\/\/happynessradio.fr\/amiens\/wp-json\/wp\/v2\/comments?post=12613"}],"version-history":[{"count":1,"href":"https:\/\/happynessradio.fr\/amiens\/wp-json\/wp\/v2\/posts\/12613\/revisions"}],"predecessor-version":[{"id":12614,"href":"https:\/\/happynessradio.fr\/amiens\/wp-json\/wp\/v2\/posts\/12613\/revisions\/12614"}],"wp:featuredmedia":[{"embeddable":true,"href":"https:\/\/happynessradio.fr\/amiens\/wp-json\/wp\/v2\/media\/12386"}],"wp:attachment":[{"href":"https:\/\/happynessradio.fr\/amiens\/wp-json\/wp\/v2\/media?parent=12613"}],"wp:term":[{"taxonomy":"category","embeddable":true,"href":"https:\/\/happynessradio.fr\/amiens\/wp-json\/wp\/v2\/categories?post=12613"},{"taxonomy":"post_tag","embeddable":true,"href":"https:\/\/happynessradio.fr\/amiens\/wp-json\/wp\/v2\/tags?post=12613"}],"curies":[{"name":"wp","href":"https:\/\/api.w.org\/{rel}","templated":true}]}}