{"id":12615,"date":"2026-04-11T15:40:15","date_gmt":"2026-04-11T13:40:15","guid":{"rendered":"https:\/\/happynessradio.fr\/amiens\/?p=12615"},"modified":"2026-04-11T15:40:17","modified_gmt":"2026-04-11T13:40:17","slug":"salouel-la-rederie-arrive-bientot","status":"publish","type":"post","link":"https:\/\/happynessradio.fr\/amiens\/articles\/salouel-la-rederie-arrive-bientot\/","title":{"rendered":"Salou\u00ebl : La r\u00e9derie arrive bient\u00f4t !"},"content":{"rendered":"\n<p><em>Dimanche 08 mai 2026 aura lieu la r\u00e9derie de Salou\u00ebl organis\u00e9e par l&rsquo;association du Comit\u00e9 des F\u00eates entre 6 h et 18 h. Les inscriptions sont ouvertes pour y participer. Une buvette et restauration sont pr\u00e9vues sur place le jour de l&rsquo;\u00e9v\u00e9nement Plus d&rsquo;infos dans notre article.  <\/em><\/p>\n\n\n\n<h2 class=\"wp-block-heading\">Une organisation du Comit\u00e9 des F\u00eates<\/h2>\n\n\n\n<p><a href=\"https:\/\/www.salouel.com\/\" id=\"https:\/\/www.salouel.com\/\">La commune de Salou\u00ebl<\/a> sera en mode brocante, dimanche 8 mai 2O26 gr\u00e2ce au <a href=\"https:\/\/cdf-salouel.fr\/\" id=\"https:\/\/cdf-salouel.fr\/\">Comit\u00e9 des F\u00eates <\/a>qui organise la traditionnelle r\u00e9derie qui d\u00e9butera petit matin \u00e0 partir de 6 h et jusqu&rsquo;\u00e0 18 h o\u00f9 \u00e7a sera l&rsquo;occasion de trouver par exemple une veille lampe de grand-m\u00e8re ou bien de compl\u00e9ter sa collection de livre de La Biblioth\u00e8que rose, sinon  tout simplement juste se balader \u00e0 travers les nombreux stands install\u00e9s au c\u0153ur de la ville.  <\/p>\n\n\n\n<h2 class=\"wp-block-heading\">Les inscriptions sont ouvertes<\/h2>\n\n\n\n<p> A noter qu&rsquo;il est possible de s&rsquo;inscrire pour participer, rendez-vous le lundi et mercredi de 11 h \u00e0 13 h et le vendredi de 17 h \u00e0 19 h \u00e0 la salle des Tilleuls du c\u00f4t\u00e9 de la mairie. Pour plus de renseignements, il suffit de composer le 06-80-28-90-50. Le prix du m\u00e8tre lin\u00e9aire est de 3 euros 80. Une buvette et restauration sont pr\u00e9vues sur place le jour de l&rsquo;\u00e9v\u00e9nement afin de pouvoir se restaurer. <\/p>\n\n\n\n<h2 class=\"wp-block-heading\">Comment y aller ? <\/h2>\n\n\n\n<p>Pour vous y rendre, attention pour rappel des travaux sont en cours jusqu&rsquo;au mois de juillet, Route de Conty, on vous conseille d&rsquo;adapter votre itin\u00e9raire ou bien de r\u00e9server votre trajet avec<a href=\"https:\/\/www.ametis.fr\/resago\/\" id=\"https:\/\/www.ametis.fr\/resago\/\"> le service R\u00e9sago <\/a>de la ligne 11 du r\u00e9seau Ametis ou bien tout simplement venir \u00e0 pied \u00e0 ou v\u00e9lo. A savoir quand la logique des choses, qu&rsquo;il n&rsquo;est pas impossible que la circulation et le stationnement soient interdits durant l&rsquo;int\u00e9gralit\u00e9 du vide grenier, c&rsquo;est pourquoi on vous recommande d&rsquo;anticiper vos d\u00e9placements. <\/p>\n\n\n\n<hr class=\"wp-block-separator has-alpha-channel-opacity\" \/>\n\n\n\n<p><strong>INFO EN PLUS : <\/strong><\/p>\n\n\n\n<p><strong>A noter que la Comit\u00e9 des F\u00eates propose dimanche 12 avril \u00e0 9h 30 une chasse au tr\u00e9sor dans la grande cours de l&rsquo;\u00e9cole de Salou\u00ebl, par \u00e9quipes de 2 \u00e0 6 personnes.  A savoir que les enfants de moins de 13 ans doivent imp\u00e9rativement \u00eatre accompagn\u00e9s d&rsquo;un adulte. Dernier d\u00e9part \u00e0 11 h et inscription gratuite directement sur place.  <\/strong><\/p>\n\n\n\n<p><\/p>\n","protected":false},"excerpt":{"rendered":"<p>Dimanche 08 mai 2026 aura lieu la r\u00e9derie de Salou\u00ebl organis\u00e9e par l&rsquo;association du Comit\u00e9 des F\u00eates entre 6 h et 18 h. Les inscriptions sont ouvertes pour y participer. Une buvette et restauration sont pr\u00e9vues sur place le jour de l&rsquo;\u00e9v\u00e9nement Plus d&rsquo;infos dans notre article. Une organisation du Comit\u00e9 des F\u00eates La commune de Salou\u00ebl sera en mode brocante, dimanche 8 mai 2O26 gr\u00e2ce au Comit\u00e9 des F\u00eates qui organise la traditionnelle r\u00e9derie qui d\u00e9butera petit matin \u00e0 partir de 6 h et jusqu&rsquo;\u00e0 18 h o\u00f9 \u00e7a sera l&rsquo;occasion de trouver par exemple une veille lampe de grand-m\u00e8re ou bien de compl\u00e9ter sa collection de livre de La Biblioth\u00e8que rose, sinon tout simplement juste se balader \u00e0 travers les nombreux stands install\u00e9s au c\u0153ur de la ville. Les inscriptions sont ouvertes A noter qu&rsquo;il est possible de s&rsquo;inscrire pour participer, rendez-vous le lundi et mercredi de 11 h \u00e0 13 h et le vendredi de 17 h \u00e0 19 h \u00e0 la salle des Tilleuls du c\u00f4t\u00e9 de la mairie. Pour plus de renseignements, il suffit de composer le 06-80-28-90-50. Le prix du m\u00e8tre lin\u00e9aire est de 3 euros 80. Une buvette et restauration sont pr\u00e9vues sur place le jour de l&rsquo;\u00e9v\u00e9nement afin de pouvoir se restaurer. Comment y aller ? Pour vous y rendre, attention pour rappel des travaux sont en cours jusqu&rsquo;au mois de juillet, Route de Conty, on vous conseille d&rsquo;adapter votre itin\u00e9raire ou bien de r\u00e9server votre trajet avec le service R\u00e9sago de la ligne 11 du r\u00e9seau Ametis ou bien tout simplement venir \u00e0 pied \u00e0 ou v\u00e9lo. A savoir quand la logique des choses, qu&rsquo;il n&rsquo;est pas impossible que la circulation et le stationnement soient interdits durant l&rsquo;int\u00e9gralit\u00e9 du vide grenier, c&rsquo;est pourquoi on vous recommande d&rsquo;anticiper vos d\u00e9placements. INFO EN PLUS : A noter que la Comit\u00e9 des F\u00eates propose dimanche 12 avril \u00e0 9h 30 une chasse au tr\u00e9sor dans la grande cours de l&rsquo;\u00e9cole de Salou\u00ebl, par \u00e9quipes de 2 \u00e0 6 personnes. A savoir que les enfants de moins de 13 ans doivent imp\u00e9rativement \u00eatre accompagn\u00e9s d&rsquo;un adulte. Dernier d\u00e9part \u00e0 11 h et inscription gratuite directement sur place.<\/p>\n","protected":false},"author":6,"featured_media":12581,"comment_status":"open","ping_status":"open","sticky":false,"template":"","format":"standard","meta":{"_lmt_disableupdate":"","_lmt_disable":"","footnotes":""},"categories":[11],"tags":[],"class_list":["post-12615","post","type-post","status-publish","format-standard","has-post-thumbnail","hentry","category-amiens"],"yoast_head":"<!-- This site is optimized with the Yoast SEO plugin v27.5 - https:\/\/yoast.com\/product\/yoast-seo-wordpress\/ -->\n<title>Salou\u00ebl : La r\u00e9derie arrive bient\u00f4t ! - Happyness Amiens<\/title>\n<meta name=\"description\" content=\"Ne manquez pas la r\u00e9derie de Salou\u00ebl le dimanche 8 mai 2026 ! Inscriptions ouvertes, tarifs, acc\u00e8s via le r\u00e9seau Ametis et conseils de circulation \u00e0 cause des travaux Route de Conty : pr\u00e9parez votre venue pour chiner de 6h \u00e0 18h.\" \/>\n<meta name=\"robots\" content=\"index, follow, max-snippet:-1, max-image-preview:large, max-video-preview:-1\" \/>\n<link rel=\"canonical\" href=\"https:\/\/happynessradio.fr\/amiens\/articles\/salouel-la-rederie-arrive-bientot\/\" \/>\n<meta property=\"og:locale\" content=\"fr_FR\" \/>\n<meta property=\"og:type\" content=\"article\" \/>\n<meta property=\"og:title\" content=\"Salou\u00ebl : La r\u00e9derie arrive bient\u00f4t ! - Happyness Amiens\" \/>\n<meta property=\"og:description\" content=\"Ne manquez pas la r\u00e9derie de Salou\u00ebl le dimanche 8 mai 2026 ! Inscriptions ouvertes, tarifs, acc\u00e8s via le r\u00e9seau Ametis et conseils de circulation \u00e0 cause des travaux Route de Conty : pr\u00e9parez votre venue pour chiner de 6h \u00e0 18h.\" \/>\n<meta property=\"og:url\" content=\"https:\/\/happynessradio.fr\/amiens\/articles\/salouel-la-rederie-arrive-bientot\/\" \/>\n<meta property=\"og:site_name\" content=\"Happyness Amiens\" \/>\n<meta property=\"article:published_time\" content=\"2026-04-11T13:40:15+00:00\" \/>\n<meta property=\"article:modified_time\" content=\"2026-04-11T13:40:17+00:00\" \/>\n<meta property=\"og:image\" content=\"https:\/\/happynessradio.fr\/amiens\/wp-content\/uploads\/sites\/3\/2026\/04\/MockUp-Visuels-articles-44.webp\" \/>\n\t<meta property=\"og:image:width\" content=\"1083\" \/>\n\t<meta property=\"og:image:height\" content=\"486\" \/>\n\t<meta property=\"og:image:type\" content=\"image\/webp\" \/>\n<meta name=\"author\" content=\"Lo\u00efc Dun\" \/>\n<meta name=\"twitter:card\" content=\"summary_large_image\" \/>\n<meta name=\"twitter:label1\" content=\"\u00c9crit par\" \/>\n\t<meta name=\"twitter:data1\" content=\"Lo\u00efc Dun\" \/>\n\t<meta name=\"twitter:label2\" content=\"Dur\u00e9e de lecture estim\u00e9e\" \/>\n\t<meta name=\"twitter:data2\" content=\"3 minutes\" \/>\n<script type=\"application\/ld+json\" class=\"yoast-schema-graph\">{\"@context\":\"https:\\\/\\\/schema.org\",\"@graph\":[{\"@type\":\"Article\",\"@id\":\"https:\\\/\\\/happynessradio.fr\\\/amiens\\\/articles\\\/salouel-la-rederie-arrive-bientot\\\/#article\",\"isPartOf\":{\"@id\":\"https:\\\/\\\/happynessradio.fr\\\/amiens\\\/articles\\\/salouel-la-rederie-arrive-bientot\\\/\"},\"author\":{\"name\":\"Lo\u00efc Dun\",\"@id\":\"https:\\\/\\\/happynessradio.fr\\\/amiens\\\/#\\\/schema\\\/person\\\/735f1a1ba15f9478beb4249ad52f7252\"},\"headline\":\"Salou\u00ebl : La r\u00e9derie arrive bient\u00f4t !\",\"datePublished\":\"2026-04-11T13:40:15+00:00\",\"dateModified\":\"2026-04-11T13:40:17+00:00\",\"mainEntityOfPage\":{\"@id\":\"https:\\\/\\\/happynessradio.fr\\\/amiens\\\/articles\\\/salouel-la-rederie-arrive-bientot\\\/\"},\"wordCount\":392,\"commentCount\":0,\"image\":{\"@id\":\"https:\\\/\\\/happynessradio.fr\\\/amiens\\\/articles\\\/salouel-la-rederie-arrive-bientot\\\/#primaryimage\"},\"thumbnailUrl\":\"https:\\\/\\\/happynessradio.fr\\\/amiens\\\/wp-content\\\/uploads\\\/sites\\\/3\\\/2026\\\/04\\\/MockUp-Visuels-articles-44.webp\",\"articleSection\":[\"Amiens\"],\"inLanguage\":\"fr-FR\",\"potentialAction\":[{\"@type\":\"CommentAction\",\"name\":\"Comment\",\"target\":[\"https:\\\/\\\/happynessradio.fr\\\/amiens\\\/articles\\\/salouel-la-rederie-arrive-bientot\\\/#respond\"]}]},{\"@type\":\"WebPage\",\"@id\":\"https:\\\/\\\/happynessradio.fr\\\/amiens\\\/articles\\\/salouel-la-rederie-arrive-bientot\\\/\",\"url\":\"https:\\\/\\\/happynessradio.fr\\\/amiens\\\/articles\\\/salouel-la-rederie-arrive-bientot\\\/\",\"name\":\"Salou\u00ebl : La r\u00e9derie arrive bient\u00f4t ! - Happyness Amiens\",\"isPartOf\":{\"@id\":\"https:\\\/\\\/happynessradio.fr\\\/amiens\\\/#website\"},\"primaryImageOfPage\":{\"@id\":\"https:\\\/\\\/happynessradio.fr\\\/amiens\\\/articles\\\/salouel-la-rederie-arrive-bientot\\\/#primaryimage\"},\"image\":{\"@id\":\"https:\\\/\\\/happynessradio.fr\\\/amiens\\\/articles\\\/salouel-la-rederie-arrive-bientot\\\/#primaryimage\"},\"thumbnailUrl\":\"https:\\\/\\\/happynessradio.fr\\\/amiens\\\/wp-content\\\/uploads\\\/sites\\\/3\\\/2026\\\/04\\\/MockUp-Visuels-articles-44.webp\",\"datePublished\":\"2026-04-11T13:40:15+00:00\",\"dateModified\":\"2026-04-11T13:40:17+00:00\",\"author\":{\"@id\":\"https:\\\/\\\/happynessradio.fr\\\/amiens\\\/#\\\/schema\\\/person\\\/735f1a1ba15f9478beb4249ad52f7252\"},\"description\":\"Ne manquez pas la r\u00e9derie de Salou\u00ebl le dimanche 8 mai 2026 ! Inscriptions ouvertes, tarifs, acc\u00e8s via le r\u00e9seau Ametis et conseils de circulation \u00e0 cause des travaux Route de Conty : pr\u00e9parez votre venue pour chiner de 6h \u00e0 18h.\",\"breadcrumb\":{\"@id\":\"https:\\\/\\\/happynessradio.fr\\\/amiens\\\/articles\\\/salouel-la-rederie-arrive-bientot\\\/#breadcrumb\"},\"inLanguage\":\"fr-FR\",\"potentialAction\":[{\"@type\":\"ReadAction\",\"target\":[\"https:\\\/\\\/happynessradio.fr\\\/amiens\\\/articles\\\/salouel-la-rederie-arrive-bientot\\\/\"]}]},{\"@type\":\"ImageObject\",\"inLanguage\":\"fr-FR\",\"@id\":\"https:\\\/\\\/happynessradio.fr\\\/amiens\\\/articles\\\/salouel-la-rederie-arrive-bientot\\\/#primaryimage\",\"url\":\"https:\\\/\\\/happynessradio.fr\\\/amiens\\\/wp-content\\\/uploads\\\/sites\\\/3\\\/2026\\\/04\\\/MockUp-Visuels-articles-44.webp\",\"contentUrl\":\"https:\\\/\\\/happynessradio.fr\\\/amiens\\\/wp-content\\\/uploads\\\/sites\\\/3\\\/2026\\\/04\\\/MockUp-Visuels-articles-44.webp\",\"width\":1083,\"height\":486,\"caption\":\"\u00c9talage de livres d'occasion, vinyles et objets anciens sur des tables lors d'une r\u00e9derie en plein air.\"},{\"@type\":\"BreadcrumbList\",\"@id\":\"https:\\\/\\\/happynessradio.fr\\\/amiens\\\/articles\\\/salouel-la-rederie-arrive-bientot\\\/#breadcrumb\",\"itemListElement\":[{\"@type\":\"ListItem\",\"position\":1,\"name\":\"Accueil\",\"item\":\"https:\\\/\\\/happynessradio.fr\\\/amiens\\\/\"},{\"@type\":\"ListItem\",\"position\":2,\"name\":\"Salou\u00ebl : La r\u00e9derie arrive bient\u00f4t !\"}]},{\"@type\":\"WebSite\",\"@id\":\"https:\\\/\\\/happynessradio.fr\\\/amiens\\\/#website\",\"url\":\"https:\\\/\\\/happynessradio.fr\\\/amiens\\\/\",\"name\":\"Happyness Amiens\",\"description\":\"Toujours au plus proche de vous\",\"potentialAction\":[{\"@type\":\"SearchAction\",\"target\":{\"@type\":\"EntryPoint\",\"urlTemplate\":\"https:\\\/\\\/happynessradio.fr\\\/amiens\\\/?s={search_term_string}\"},\"query-input\":{\"@type\":\"PropertyValueSpecification\",\"valueRequired\":true,\"valueName\":\"search_term_string\"}}],\"inLanguage\":\"fr-FR\"},{\"@type\":\"Person\",\"@id\":\"https:\\\/\\\/happynessradio.fr\\\/amiens\\\/#\\\/schema\\\/person\\\/735f1a1ba15f9478beb4249ad52f7252\",\"name\":\"Lo\u00efc Dun\",\"image\":{\"@type\":\"ImageObject\",\"inLanguage\":\"fr-FR\",\"@id\":\"https:\\\/\\\/happynessradio.fr\\\/amiens\\\/wp-content\\\/uploads\\\/sites\\\/3\\\/2025\\\/12\\\/cropped-Portrait-Loic-25-26-96x96.webp\",\"url\":\"https:\\\/\\\/happynessradio.fr\\\/amiens\\\/wp-content\\\/uploads\\\/sites\\\/3\\\/2025\\\/12\\\/cropped-Portrait-Loic-25-26-96x96.webp\",\"contentUrl\":\"https:\\\/\\\/happynessradio.fr\\\/amiens\\\/wp-content\\\/uploads\\\/sites\\\/3\\\/2025\\\/12\\\/cropped-Portrait-Loic-25-26-96x96.webp\",\"caption\":\"Lo\u00efc Dun\"},\"description\":\"R\u00e9dacteur web Happyness. Co-animateur (chroniqueur) Quoi d'neuf ? Amiens Chroniqueur Le R\u00e9veil Happyness\",\"sameAs\":[\"https:\\\/\\\/www.instagram.com\\\/lolo80radio\\\/\",\"https:\\\/\\\/www.linkedin.com\\\/in\\\/loc-d-365960164\\\/\"],\"url\":\"https:\\\/\\\/happynessradio.fr\\\/amiens\\\/articles\\\/author\\\/loicdun\\\/\"}]}<\/script>\n<!-- \/ Yoast SEO plugin. -->","yoast_head_json":{"title":"Salou\u00ebl : La r\u00e9derie arrive bient\u00f4t ! - Happyness Amiens","description":"Ne manquez pas la r\u00e9derie de Salou\u00ebl le dimanche 8 mai 2026 ! Inscriptions ouvertes, tarifs, acc\u00e8s via le r\u00e9seau Ametis et conseils de circulation \u00e0 cause des travaux Route de Conty : pr\u00e9parez votre venue pour chiner de 6h \u00e0 18h.","robots":{"index":"index","follow":"follow","max-snippet":"max-snippet:-1","max-image-preview":"max-image-preview:large","max-video-preview":"max-video-preview:-1"},"canonical":"https:\/\/happynessradio.fr\/amiens\/articles\/salouel-la-rederie-arrive-bientot\/","og_locale":"fr_FR","og_type":"article","og_title":"Salou\u00ebl : La r\u00e9derie arrive bient\u00f4t ! - Happyness Amiens","og_description":"Ne manquez pas la r\u00e9derie de Salou\u00ebl le dimanche 8 mai 2026 ! Inscriptions ouvertes, tarifs, acc\u00e8s via le r\u00e9seau Ametis et conseils de circulation \u00e0 cause des travaux Route de Conty : pr\u00e9parez votre venue pour chiner de 6h \u00e0 18h.","og_url":"https:\/\/happynessradio.fr\/amiens\/articles\/salouel-la-rederie-arrive-bientot\/","og_site_name":"Happyness Amiens","article_published_time":"2026-04-11T13:40:15+00:00","article_modified_time":"2026-04-11T13:40:17+00:00","og_image":[{"width":1083,"height":486,"url":"https:\/\/happynessradio.fr\/amiens\/wp-content\/uploads\/sites\/3\/2026\/04\/MockUp-Visuels-articles-44.webp","type":"image\/webp"}],"author":"Lo\u00efc Dun","twitter_card":"summary_large_image","twitter_misc":{"\u00c9crit par":"Lo\u00efc Dun","Dur\u00e9e de lecture estim\u00e9e":"3 minutes"},"schema":{"@context":"https:\/\/schema.org","@graph":[{"@type":"Article","@id":"https:\/\/happynessradio.fr\/amiens\/articles\/salouel-la-rederie-arrive-bientot\/#article","isPartOf":{"@id":"https:\/\/happynessradio.fr\/amiens\/articles\/salouel-la-rederie-arrive-bientot\/"},"author":{"name":"Lo\u00efc Dun","@id":"https:\/\/happynessradio.fr\/amiens\/#\/schema\/person\/735f1a1ba15f9478beb4249ad52f7252"},"headline":"Salou\u00ebl : La r\u00e9derie arrive bient\u00f4t !","datePublished":"2026-04-11T13:40:15+00:00","dateModified":"2026-04-11T13:40:17+00:00","mainEntityOfPage":{"@id":"https:\/\/happynessradio.fr\/amiens\/articles\/salouel-la-rederie-arrive-bientot\/"},"wordCount":392,"commentCount":0,"image":{"@id":"https:\/\/happynessradio.fr\/amiens\/articles\/salouel-la-rederie-arrive-bientot\/#primaryimage"},"thumbnailUrl":"https:\/\/happynessradio.fr\/amiens\/wp-content\/uploads\/sites\/3\/2026\/04\/MockUp-Visuels-articles-44.webp","articleSection":["Amiens"],"inLanguage":"fr-FR","potentialAction":[{"@type":"CommentAction","name":"Comment","target":["https:\/\/happynessradio.fr\/amiens\/articles\/salouel-la-rederie-arrive-bientot\/#respond"]}]},{"@type":"WebPage","@id":"https:\/\/happynessradio.fr\/amiens\/articles\/salouel-la-rederie-arrive-bientot\/","url":"https:\/\/happynessradio.fr\/amiens\/articles\/salouel-la-rederie-arrive-bientot\/","name":"Salou\u00ebl : La r\u00e9derie arrive bient\u00f4t ! - Happyness Amiens","isPartOf":{"@id":"https:\/\/happynessradio.fr\/amiens\/#website"},"primaryImageOfPage":{"@id":"https:\/\/happynessradio.fr\/amiens\/articles\/salouel-la-rederie-arrive-bientot\/#primaryimage"},"image":{"@id":"https:\/\/happynessradio.fr\/amiens\/articles\/salouel-la-rederie-arrive-bientot\/#primaryimage"},"thumbnailUrl":"https:\/\/happynessradio.fr\/amiens\/wp-content\/uploads\/sites\/3\/2026\/04\/MockUp-Visuels-articles-44.webp","datePublished":"2026-04-11T13:40:15+00:00","dateModified":"2026-04-11T13:40:17+00:00","author":{"@id":"https:\/\/happynessradio.fr\/amiens\/#\/schema\/person\/735f1a1ba15f9478beb4249ad52f7252"},"description":"Ne manquez pas la r\u00e9derie de Salou\u00ebl le dimanche 8 mai 2026 ! Inscriptions ouvertes, tarifs, acc\u00e8s via le r\u00e9seau Ametis et conseils de circulation \u00e0 cause des travaux Route de Conty : pr\u00e9parez votre venue pour chiner de 6h \u00e0 18h.","breadcrumb":{"@id":"https:\/\/happynessradio.fr\/amiens\/articles\/salouel-la-rederie-arrive-bientot\/#breadcrumb"},"inLanguage":"fr-FR","potentialAction":[{"@type":"ReadAction","target":["https:\/\/happynessradio.fr\/amiens\/articles\/salouel-la-rederie-arrive-bientot\/"]}]},{"@type":"ImageObject","inLanguage":"fr-FR","@id":"https:\/\/happynessradio.fr\/amiens\/articles\/salouel-la-rederie-arrive-bientot\/#primaryimage","url":"https:\/\/happynessradio.fr\/amiens\/wp-content\/uploads\/sites\/3\/2026\/04\/MockUp-Visuels-articles-44.webp","contentUrl":"https:\/\/happynessradio.fr\/amiens\/wp-content\/uploads\/sites\/3\/2026\/04\/MockUp-Visuels-articles-44.webp","width":1083,"height":486,"caption":"\u00c9talage de livres d'occasion, vinyles et objets anciens sur des tables lors d'une r\u00e9derie en plein air."},{"@type":"BreadcrumbList","@id":"https:\/\/happynessradio.fr\/amiens\/articles\/salouel-la-rederie-arrive-bientot\/#breadcrumb","itemListElement":[{"@type":"ListItem","position":1,"name":"Accueil","item":"https:\/\/happynessradio.fr\/amiens\/"},{"@type":"ListItem","position":2,"name":"Salou\u00ebl : La r\u00e9derie arrive bient\u00f4t !"}]},{"@type":"WebSite","@id":"https:\/\/happynessradio.fr\/amiens\/#website","url":"https:\/\/happynessradio.fr\/amiens\/","name":"Happyness Amiens","description":"Toujours au plus proche de vous","potentialAction":[{"@type":"SearchAction","target":{"@type":"EntryPoint","urlTemplate":"https:\/\/happynessradio.fr\/amiens\/?s={search_term_string}"},"query-input":{"@type":"PropertyValueSpecification","valueRequired":true,"valueName":"search_term_string"}}],"inLanguage":"fr-FR"},{"@type":"Person","@id":"https:\/\/happynessradio.fr\/amiens\/#\/schema\/person\/735f1a1ba15f9478beb4249ad52f7252","name":"Lo\u00efc Dun","image":{"@type":"ImageObject","inLanguage":"fr-FR","@id":"https:\/\/happynessradio.fr\/amiens\/wp-content\/uploads\/sites\/3\/2025\/12\/cropped-Portrait-Loic-25-26-96x96.webp","url":"https:\/\/happynessradio.fr\/amiens\/wp-content\/uploads\/sites\/3\/2025\/12\/cropped-Portrait-Loic-25-26-96x96.webp","contentUrl":"https:\/\/happynessradio.fr\/amiens\/wp-content\/uploads\/sites\/3\/2025\/12\/cropped-Portrait-Loic-25-26-96x96.webp","caption":"Lo\u00efc Dun"},"description":"R\u00e9dacteur web Happyness. Co-animateur (chroniqueur) Quoi d'neuf ? Amiens Chroniqueur Le R\u00e9veil Happyness","sameAs":["https:\/\/www.instagram.com\/lolo80radio\/","https:\/\/www.linkedin.com\/in\/loc-d-365960164\/"],"url":"https:\/\/happynessradio.fr\/amiens\/articles\/author\/loicdun\/"}]}},"modified_by":"Lo\u00efc Dun","_links":{"self":[{"href":"https:\/\/happynessradio.fr\/amiens\/wp-json\/wp\/v2\/posts\/12615","targetHints":{"allow":["GET"]}}],"collection":[{"href":"https:\/\/happynessradio.fr\/amiens\/wp-json\/wp\/v2\/posts"}],"about":[{"href":"https:\/\/happynessradio.fr\/amiens\/wp-json\/wp\/v2\/types\/post"}],"author":[{"embeddable":true,"href":"https:\/\/happynessradio.fr\/amiens\/wp-json\/wp\/v2\/users\/6"}],"replies":[{"embeddable":true,"href":"https:\/\/happynessradio.fr\/amiens\/wp-json\/wp\/v2\/comments?post=12615"}],"version-history":[{"count":1,"href":"https:\/\/happynessradio.fr\/amiens\/wp-json\/wp\/v2\/posts\/12615\/revisions"}],"predecessor-version":[{"id":12616,"href":"https:\/\/happynessradio.fr\/amiens\/wp-json\/wp\/v2\/posts\/12615\/revisions\/12616"}],"wp:featuredmedia":[{"embeddable":true,"href":"https:\/\/happynessradio.fr\/amiens\/wp-json\/wp\/v2\/media\/12581"}],"wp:attachment":[{"href":"https:\/\/happynessradio.fr\/amiens\/wp-json\/wp\/v2\/media?parent=12615"}],"wp:term":[{"taxonomy":"category","embeddable":true,"href":"https:\/\/happynessradio.fr\/amiens\/wp-json\/wp\/v2\/categories?post=12615"},{"taxonomy":"post_tag","embeddable":true,"href":"https:\/\/happynessradio.fr\/amiens\/wp-json\/wp\/v2\/tags?post=12615"}],"curies":[{"name":"wp","href":"https:\/\/api.w.org\/{rel}","templated":true}]}}