{"id":12618,"date":"2026-04-13T17:30:55","date_gmt":"2026-04-13T15:30:55","guid":{"rendered":"https:\/\/happynessradio.fr\/amiens\/?p=12618"},"modified":"2026-04-13T17:30:57","modified_gmt":"2026-04-13T15:30:57","slug":"amiens-la-grande-rederie-cest-dimanche","status":"publish","type":"post","link":"https:\/\/happynessradio.fr\/amiens\/articles\/amiens-la-grande-rederie-cest-dimanche\/","title":{"rendered":"Amiens : La grande r\u00e9derie c&rsquo;est dimanche !"},"content":{"rendered":"\n<p><em>Dimanche 19 avril se d\u00e9roule  la Grande R\u00e9derie d&rsquo;Amiens au c\u0153ur du centre-ville  o\u00f9 seront install\u00e9s\u00a02 000 exposants sur 15 km de trottoirs. Cette ann\u00e9e environ 80 000 visiteurs venus de France mais aussi d&rsquo;ailleurs sont attendus. <\/em><\/p>\n\n\n\n<h2 class=\"wp-block-heading\">\u00a02 000 exposants et 80 000 visiteurs<\/h2>\n\n\n\n<p>C&rsquo;est un rendez-vous incontournable qui a lieu Dimanche 19 avril, en l&rsquo;occurrence<a href=\"https:\/\/www.grande-rederie-amiens.com\/fr\/\" id=\"https:\/\/www.grande-rederie-amiens.com\/fr\/\"> la Grande R\u00e9derie d&rsquo;Amiens<\/a> qui  comme chaque ann\u00e9e au printemps va investir le centre-ville o\u00f9 seront install\u00e9s\u00a02 000 exposants sur 15 km de trottoirs avec un d\u00e9but des festivit\u00e9s \u00e0 5 h du matin. Cette ann\u00e9e environ 80 000 visiteurs venus de France mais aussi d&rsquo;ailleurs sont attendus. <\/p>\n\n\n\n<h2 class=\"wp-block-heading\">La 2\u00e8me plus grande apr\u00e8s Lille<\/h2>\n\n\n\n<p>Le jour J pr\u00e9voir de bonnes chaussures car cette brocante est la \u00a0<a href=\"https:\/\/www.amiens-tourisme.com\/\" id=\"https:\/\/www.amiens-tourisme.com\/\">2\u00e8me plus grande <\/a>apr\u00e8s celle de Lille, il faut dire que au niveau des objets en vente, il n&rsquo;est pas impossible d&rsquo;avoir v\u00e9ritablement le coup de c\u0153ur parmi ceux de collection et aussi vintage. Et pour se restaurer les restaurants et d\u00e9bits de boissons seront ouverts en cas de soif ou de faim.  <\/p>\n\n\n\n<h2 class=\"wp-block-heading\">Comment s&rsquo;y rendre ? <\/h2>\n\n\n\n<p>Pour se rendre sur place, on vous conseille de stationner dans les parkings souterrains, et en particulier au <a href=\"https:\/\/www.effia.com\/parking\/parking-amiens-perret-effia\" id=\"https:\/\/www.effia.com\/parking\/parking-amiens-perret-effia\">parking Perret<\/a> d&rsquo;o\u00f9 vous pouvez rejoindre le centre-ville \u00e0 pied. Sinon, il reste la possibilit\u00e9 d&rsquo;y aller en bus avec <a href=\"https:\/\/www.ametis.fr\/\" id=\"https:\/\/www.ametis.fr\/\">le r\u00e9seau Ametis<\/a> mais attention en raison de cet \u00e9v\u00e9nement, il est fort possible que les lignes soient d\u00e9vi\u00e9es via les grands boulevards. <\/p>\n","protected":false},"excerpt":{"rendered":"<p>Dimanche 19 avril se d\u00e9roule la Grande R\u00e9derie d&rsquo;Amiens au c\u0153ur du centre-ville o\u00f9 seront install\u00e9s\u00a02 000 exposants sur 15 km de trottoirs. Cette ann\u00e9e environ 80 000 visiteurs venus de France mais aussi d&rsquo;ailleurs sont attendus. \u00a02 000 exposants et 80 000 visiteurs C&rsquo;est un rendez-vous incontournable qui a lieu Dimanche 19 avril, en l&rsquo;occurrence la Grande R\u00e9derie d&rsquo;Amiens qui comme chaque ann\u00e9e au printemps va investir le centre-ville o\u00f9 seront install\u00e9s\u00a02 000 exposants sur 15 km de trottoirs avec un d\u00e9but des festivit\u00e9s \u00e0 5 h du matin. Cette ann\u00e9e environ 80 000 visiteurs venus de France mais aussi d&rsquo;ailleurs sont attendus. La 2\u00e8me plus grande apr\u00e8s Lille Le jour J pr\u00e9voir de bonnes chaussures car cette brocante est la \u00a02\u00e8me plus grande apr\u00e8s celle de Lille, il faut dire que au niveau des objets en vente, il n&rsquo;est pas impossible d&rsquo;avoir v\u00e9ritablement le coup de c\u0153ur parmi ceux de collection et aussi vintage. Et pour se restaurer les restaurants et d\u00e9bits de boissons seront ouverts en cas de soif ou de faim. Comment s&rsquo;y rendre ? Pour se rendre sur place, on vous conseille de stationner dans les parkings souterrains, et en particulier au parking Perret d&rsquo;o\u00f9 vous pouvez rejoindre le centre-ville \u00e0 pied. Sinon, il reste la possibilit\u00e9 d&rsquo;y aller en bus avec le r\u00e9seau Ametis mais attention en raison de cet \u00e9v\u00e9nement, il est fort possible que les lignes soient d\u00e9vi\u00e9es via les grands boulevards.<\/p>\n","protected":false},"author":6,"featured_media":12581,"comment_status":"open","ping_status":"open","sticky":false,"template":"","format":"standard","meta":{"_lmt_disableupdate":"","_lmt_disable":"","footnotes":""},"categories":[11],"tags":[],"class_list":["post-12618","post","type-post","status-publish","format-standard","has-post-thumbnail","hentry","category-amiens"],"yoast_head":"<!-- This site is optimized with the Yoast SEO plugin v27.5 - https:\/\/yoast.com\/product\/yoast-seo-wordpress\/ -->\n<title>Amiens : La grande r\u00e9derie c&#039;est dimanche ! - Happyness Amiens<\/title>\n<meta name=\"description\" content=\"Ne manquez pas la Grande R\u00e9derie d&#039;Amiens le dimanche 19 avril ! 2 000 exposants, 15 km de chine et 80 000 visiteurs attendus. Pr\u00e9parez votre visite d\u00e8s maintenant.\" \/>\n<meta name=\"robots\" content=\"index, follow, max-snippet:-1, max-image-preview:large, max-video-preview:-1\" \/>\n<link rel=\"canonical\" href=\"https:\/\/happynessradio.fr\/amiens\/articles\/amiens-la-grande-rederie-cest-dimanche\/\" \/>\n<meta property=\"og:locale\" content=\"fr_FR\" \/>\n<meta property=\"og:type\" content=\"article\" \/>\n<meta property=\"og:title\" content=\"Amiens : La grande r\u00e9derie c&#039;est dimanche ! - Happyness Amiens\" \/>\n<meta property=\"og:description\" content=\"Ne manquez pas la Grande R\u00e9derie d&#039;Amiens le dimanche 19 avril ! 2 000 exposants, 15 km de chine et 80 000 visiteurs attendus. Pr\u00e9parez votre visite d\u00e8s maintenant.\" \/>\n<meta property=\"og:url\" content=\"https:\/\/happynessradio.fr\/amiens\/articles\/amiens-la-grande-rederie-cest-dimanche\/\" \/>\n<meta property=\"og:site_name\" content=\"Happyness Amiens\" \/>\n<meta property=\"article:published_time\" content=\"2026-04-13T15:30:55+00:00\" \/>\n<meta property=\"article:modified_time\" content=\"2026-04-13T15:30:57+00:00\" \/>\n<meta property=\"og:image\" content=\"https:\/\/happynessradio.fr\/amiens\/wp-content\/uploads\/sites\/3\/2026\/04\/MockUp-Visuels-articles-44.webp\" \/>\n\t<meta property=\"og:image:width\" content=\"1083\" \/>\n\t<meta property=\"og:image:height\" content=\"486\" \/>\n\t<meta property=\"og:image:type\" content=\"image\/webp\" \/>\n<meta name=\"author\" content=\"Lo\u00efc Dun\" \/>\n<meta name=\"twitter:card\" content=\"summary_large_image\" \/>\n<meta name=\"twitter:label1\" content=\"\u00c9crit par\" \/>\n\t<meta name=\"twitter:data1\" content=\"Lo\u00efc Dun\" \/>\n\t<meta name=\"twitter:label2\" content=\"Dur\u00e9e de lecture estim\u00e9e\" \/>\n\t<meta name=\"twitter:data2\" content=\"2 minutes\" \/>\n<script type=\"application\/ld+json\" class=\"yoast-schema-graph\">{\"@context\":\"https:\\\/\\\/schema.org\",\"@graph\":[{\"@type\":\"Article\",\"@id\":\"https:\\\/\\\/happynessradio.fr\\\/amiens\\\/articles\\\/amiens-la-grande-rederie-cest-dimanche\\\/#article\",\"isPartOf\":{\"@id\":\"https:\\\/\\\/happynessradio.fr\\\/amiens\\\/articles\\\/amiens-la-grande-rederie-cest-dimanche\\\/\"},\"author\":{\"name\":\"Lo\u00efc Dun\",\"@id\":\"https:\\\/\\\/happynessradio.fr\\\/amiens\\\/#\\\/schema\\\/person\\\/735f1a1ba15f9478beb4249ad52f7252\"},\"headline\":\"Amiens : La grande r\u00e9derie c&rsquo;est dimanche !\",\"datePublished\":\"2026-04-13T15:30:55+00:00\",\"dateModified\":\"2026-04-13T15:30:57+00:00\",\"mainEntityOfPage\":{\"@id\":\"https:\\\/\\\/happynessradio.fr\\\/amiens\\\/articles\\\/amiens-la-grande-rederie-cest-dimanche\\\/\"},\"wordCount\":262,\"commentCount\":0,\"image\":{\"@id\":\"https:\\\/\\\/happynessradio.fr\\\/amiens\\\/articles\\\/amiens-la-grande-rederie-cest-dimanche\\\/#primaryimage\"},\"thumbnailUrl\":\"https:\\\/\\\/happynessradio.fr\\\/amiens\\\/wp-content\\\/uploads\\\/sites\\\/3\\\/2026\\\/04\\\/MockUp-Visuels-articles-44.webp\",\"articleSection\":[\"Amiens\"],\"inLanguage\":\"fr-FR\",\"potentialAction\":[{\"@type\":\"CommentAction\",\"name\":\"Comment\",\"target\":[\"https:\\\/\\\/happynessradio.fr\\\/amiens\\\/articles\\\/amiens-la-grande-rederie-cest-dimanche\\\/#respond\"]}]},{\"@type\":\"WebPage\",\"@id\":\"https:\\\/\\\/happynessradio.fr\\\/amiens\\\/articles\\\/amiens-la-grande-rederie-cest-dimanche\\\/\",\"url\":\"https:\\\/\\\/happynessradio.fr\\\/amiens\\\/articles\\\/amiens-la-grande-rederie-cest-dimanche\\\/\",\"name\":\"Amiens : La grande r\u00e9derie c'est dimanche ! - Happyness Amiens\",\"isPartOf\":{\"@id\":\"https:\\\/\\\/happynessradio.fr\\\/amiens\\\/#website\"},\"primaryImageOfPage\":{\"@id\":\"https:\\\/\\\/happynessradio.fr\\\/amiens\\\/articles\\\/amiens-la-grande-rederie-cest-dimanche\\\/#primaryimage\"},\"image\":{\"@id\":\"https:\\\/\\\/happynessradio.fr\\\/amiens\\\/articles\\\/amiens-la-grande-rederie-cest-dimanche\\\/#primaryimage\"},\"thumbnailUrl\":\"https:\\\/\\\/happynessradio.fr\\\/amiens\\\/wp-content\\\/uploads\\\/sites\\\/3\\\/2026\\\/04\\\/MockUp-Visuels-articles-44.webp\",\"datePublished\":\"2026-04-13T15:30:55+00:00\",\"dateModified\":\"2026-04-13T15:30:57+00:00\",\"author\":{\"@id\":\"https:\\\/\\\/happynessradio.fr\\\/amiens\\\/#\\\/schema\\\/person\\\/735f1a1ba15f9478beb4249ad52f7252\"},\"description\":\"Ne manquez pas la Grande R\u00e9derie d'Amiens le dimanche 19 avril ! 2 000 exposants, 15 km de chine et 80 000 visiteurs attendus. Pr\u00e9parez votre visite d\u00e8s maintenant.\",\"breadcrumb\":{\"@id\":\"https:\\\/\\\/happynessradio.fr\\\/amiens\\\/articles\\\/amiens-la-grande-rederie-cest-dimanche\\\/#breadcrumb\"},\"inLanguage\":\"fr-FR\",\"potentialAction\":[{\"@type\":\"ReadAction\",\"target\":[\"https:\\\/\\\/happynessradio.fr\\\/amiens\\\/articles\\\/amiens-la-grande-rederie-cest-dimanche\\\/\"]}]},{\"@type\":\"ImageObject\",\"inLanguage\":\"fr-FR\",\"@id\":\"https:\\\/\\\/happynessradio.fr\\\/amiens\\\/articles\\\/amiens-la-grande-rederie-cest-dimanche\\\/#primaryimage\",\"url\":\"https:\\\/\\\/happynessradio.fr\\\/amiens\\\/wp-content\\\/uploads\\\/sites\\\/3\\\/2026\\\/04\\\/MockUp-Visuels-articles-44.webp\",\"contentUrl\":\"https:\\\/\\\/happynessradio.fr\\\/amiens\\\/wp-content\\\/uploads\\\/sites\\\/3\\\/2026\\\/04\\\/MockUp-Visuels-articles-44.webp\",\"width\":1083,\"height\":486,\"caption\":\"\u00c9talage de livres d'occasion, vinyles et objets anciens sur des tables lors d'une r\u00e9derie en plein air.\"},{\"@type\":\"BreadcrumbList\",\"@id\":\"https:\\\/\\\/happynessradio.fr\\\/amiens\\\/articles\\\/amiens-la-grande-rederie-cest-dimanche\\\/#breadcrumb\",\"itemListElement\":[{\"@type\":\"ListItem\",\"position\":1,\"name\":\"Accueil\",\"item\":\"https:\\\/\\\/happynessradio.fr\\\/amiens\\\/\"},{\"@type\":\"ListItem\",\"position\":2,\"name\":\"Amiens : La grande r\u00e9derie c&rsquo;est dimanche !\"}]},{\"@type\":\"WebSite\",\"@id\":\"https:\\\/\\\/happynessradio.fr\\\/amiens\\\/#website\",\"url\":\"https:\\\/\\\/happynessradio.fr\\\/amiens\\\/\",\"name\":\"Happyness Amiens\",\"description\":\"Toujours au plus proche de vous\",\"potentialAction\":[{\"@type\":\"SearchAction\",\"target\":{\"@type\":\"EntryPoint\",\"urlTemplate\":\"https:\\\/\\\/happynessradio.fr\\\/amiens\\\/?s={search_term_string}\"},\"query-input\":{\"@type\":\"PropertyValueSpecification\",\"valueRequired\":true,\"valueName\":\"search_term_string\"}}],\"inLanguage\":\"fr-FR\"},{\"@type\":\"Person\",\"@id\":\"https:\\\/\\\/happynessradio.fr\\\/amiens\\\/#\\\/schema\\\/person\\\/735f1a1ba15f9478beb4249ad52f7252\",\"name\":\"Lo\u00efc Dun\",\"image\":{\"@type\":\"ImageObject\",\"inLanguage\":\"fr-FR\",\"@id\":\"https:\\\/\\\/happynessradio.fr\\\/amiens\\\/wp-content\\\/uploads\\\/sites\\\/3\\\/2025\\\/12\\\/cropped-Portrait-Loic-25-26-96x96.webp\",\"url\":\"https:\\\/\\\/happynessradio.fr\\\/amiens\\\/wp-content\\\/uploads\\\/sites\\\/3\\\/2025\\\/12\\\/cropped-Portrait-Loic-25-26-96x96.webp\",\"contentUrl\":\"https:\\\/\\\/happynessradio.fr\\\/amiens\\\/wp-content\\\/uploads\\\/sites\\\/3\\\/2025\\\/12\\\/cropped-Portrait-Loic-25-26-96x96.webp\",\"caption\":\"Lo\u00efc Dun\"},\"description\":\"R\u00e9dacteur web Happyness. Co-animateur (chroniqueur) Quoi d'neuf ? Amiens Chroniqueur Le R\u00e9veil Happyness\",\"sameAs\":[\"https:\\\/\\\/www.instagram.com\\\/lolo80radio\\\/\",\"https:\\\/\\\/www.linkedin.com\\\/in\\\/loc-d-365960164\\\/\"],\"url\":\"https:\\\/\\\/happynessradio.fr\\\/amiens\\\/articles\\\/author\\\/loicdun\\\/\"}]}<\/script>\n<!-- \/ Yoast SEO plugin. -->","yoast_head_json":{"title":"Amiens : La grande r\u00e9derie c'est dimanche ! - Happyness Amiens","description":"Ne manquez pas la Grande R\u00e9derie d'Amiens le dimanche 19 avril ! 2 000 exposants, 15 km de chine et 80 000 visiteurs attendus. Pr\u00e9parez votre visite d\u00e8s maintenant.","robots":{"index":"index","follow":"follow","max-snippet":"max-snippet:-1","max-image-preview":"max-image-preview:large","max-video-preview":"max-video-preview:-1"},"canonical":"https:\/\/happynessradio.fr\/amiens\/articles\/amiens-la-grande-rederie-cest-dimanche\/","og_locale":"fr_FR","og_type":"article","og_title":"Amiens : La grande r\u00e9derie c'est dimanche ! - Happyness Amiens","og_description":"Ne manquez pas la Grande R\u00e9derie d'Amiens le dimanche 19 avril ! 2 000 exposants, 15 km de chine et 80 000 visiteurs attendus. Pr\u00e9parez votre visite d\u00e8s maintenant.","og_url":"https:\/\/happynessradio.fr\/amiens\/articles\/amiens-la-grande-rederie-cest-dimanche\/","og_site_name":"Happyness Amiens","article_published_time":"2026-04-13T15:30:55+00:00","article_modified_time":"2026-04-13T15:30:57+00:00","og_image":[{"width":1083,"height":486,"url":"https:\/\/happynessradio.fr\/amiens\/wp-content\/uploads\/sites\/3\/2026\/04\/MockUp-Visuels-articles-44.webp","type":"image\/webp"}],"author":"Lo\u00efc Dun","twitter_card":"summary_large_image","twitter_misc":{"\u00c9crit par":"Lo\u00efc Dun","Dur\u00e9e de lecture estim\u00e9e":"2 minutes"},"schema":{"@context":"https:\/\/schema.org","@graph":[{"@type":"Article","@id":"https:\/\/happynessradio.fr\/amiens\/articles\/amiens-la-grande-rederie-cest-dimanche\/#article","isPartOf":{"@id":"https:\/\/happynessradio.fr\/amiens\/articles\/amiens-la-grande-rederie-cest-dimanche\/"},"author":{"name":"Lo\u00efc Dun","@id":"https:\/\/happynessradio.fr\/amiens\/#\/schema\/person\/735f1a1ba15f9478beb4249ad52f7252"},"headline":"Amiens : La grande r\u00e9derie c&rsquo;est dimanche !","datePublished":"2026-04-13T15:30:55+00:00","dateModified":"2026-04-13T15:30:57+00:00","mainEntityOfPage":{"@id":"https:\/\/happynessradio.fr\/amiens\/articles\/amiens-la-grande-rederie-cest-dimanche\/"},"wordCount":262,"commentCount":0,"image":{"@id":"https:\/\/happynessradio.fr\/amiens\/articles\/amiens-la-grande-rederie-cest-dimanche\/#primaryimage"},"thumbnailUrl":"https:\/\/happynessradio.fr\/amiens\/wp-content\/uploads\/sites\/3\/2026\/04\/MockUp-Visuels-articles-44.webp","articleSection":["Amiens"],"inLanguage":"fr-FR","potentialAction":[{"@type":"CommentAction","name":"Comment","target":["https:\/\/happynessradio.fr\/amiens\/articles\/amiens-la-grande-rederie-cest-dimanche\/#respond"]}]},{"@type":"WebPage","@id":"https:\/\/happynessradio.fr\/amiens\/articles\/amiens-la-grande-rederie-cest-dimanche\/","url":"https:\/\/happynessradio.fr\/amiens\/articles\/amiens-la-grande-rederie-cest-dimanche\/","name":"Amiens : La grande r\u00e9derie c'est dimanche ! - Happyness Amiens","isPartOf":{"@id":"https:\/\/happynessradio.fr\/amiens\/#website"},"primaryImageOfPage":{"@id":"https:\/\/happynessradio.fr\/amiens\/articles\/amiens-la-grande-rederie-cest-dimanche\/#primaryimage"},"image":{"@id":"https:\/\/happynessradio.fr\/amiens\/articles\/amiens-la-grande-rederie-cest-dimanche\/#primaryimage"},"thumbnailUrl":"https:\/\/happynessradio.fr\/amiens\/wp-content\/uploads\/sites\/3\/2026\/04\/MockUp-Visuels-articles-44.webp","datePublished":"2026-04-13T15:30:55+00:00","dateModified":"2026-04-13T15:30:57+00:00","author":{"@id":"https:\/\/happynessradio.fr\/amiens\/#\/schema\/person\/735f1a1ba15f9478beb4249ad52f7252"},"description":"Ne manquez pas la Grande R\u00e9derie d'Amiens le dimanche 19 avril ! 2 000 exposants, 15 km de chine et 80 000 visiteurs attendus. Pr\u00e9parez votre visite d\u00e8s maintenant.","breadcrumb":{"@id":"https:\/\/happynessradio.fr\/amiens\/articles\/amiens-la-grande-rederie-cest-dimanche\/#breadcrumb"},"inLanguage":"fr-FR","potentialAction":[{"@type":"ReadAction","target":["https:\/\/happynessradio.fr\/amiens\/articles\/amiens-la-grande-rederie-cest-dimanche\/"]}]},{"@type":"ImageObject","inLanguage":"fr-FR","@id":"https:\/\/happynessradio.fr\/amiens\/articles\/amiens-la-grande-rederie-cest-dimanche\/#primaryimage","url":"https:\/\/happynessradio.fr\/amiens\/wp-content\/uploads\/sites\/3\/2026\/04\/MockUp-Visuels-articles-44.webp","contentUrl":"https:\/\/happynessradio.fr\/amiens\/wp-content\/uploads\/sites\/3\/2026\/04\/MockUp-Visuels-articles-44.webp","width":1083,"height":486,"caption":"\u00c9talage de livres d'occasion, vinyles et objets anciens sur des tables lors d'une r\u00e9derie en plein air."},{"@type":"BreadcrumbList","@id":"https:\/\/happynessradio.fr\/amiens\/articles\/amiens-la-grande-rederie-cest-dimanche\/#breadcrumb","itemListElement":[{"@type":"ListItem","position":1,"name":"Accueil","item":"https:\/\/happynessradio.fr\/amiens\/"},{"@type":"ListItem","position":2,"name":"Amiens : La grande r\u00e9derie c&rsquo;est dimanche !"}]},{"@type":"WebSite","@id":"https:\/\/happynessradio.fr\/amiens\/#website","url":"https:\/\/happynessradio.fr\/amiens\/","name":"Happyness Amiens","description":"Toujours au plus proche de vous","potentialAction":[{"@type":"SearchAction","target":{"@type":"EntryPoint","urlTemplate":"https:\/\/happynessradio.fr\/amiens\/?s={search_term_string}"},"query-input":{"@type":"PropertyValueSpecification","valueRequired":true,"valueName":"search_term_string"}}],"inLanguage":"fr-FR"},{"@type":"Person","@id":"https:\/\/happynessradio.fr\/amiens\/#\/schema\/person\/735f1a1ba15f9478beb4249ad52f7252","name":"Lo\u00efc Dun","image":{"@type":"ImageObject","inLanguage":"fr-FR","@id":"https:\/\/happynessradio.fr\/amiens\/wp-content\/uploads\/sites\/3\/2025\/12\/cropped-Portrait-Loic-25-26-96x96.webp","url":"https:\/\/happynessradio.fr\/amiens\/wp-content\/uploads\/sites\/3\/2025\/12\/cropped-Portrait-Loic-25-26-96x96.webp","contentUrl":"https:\/\/happynessradio.fr\/amiens\/wp-content\/uploads\/sites\/3\/2025\/12\/cropped-Portrait-Loic-25-26-96x96.webp","caption":"Lo\u00efc Dun"},"description":"R\u00e9dacteur web Happyness. Co-animateur (chroniqueur) Quoi d'neuf ? Amiens Chroniqueur Le R\u00e9veil Happyness","sameAs":["https:\/\/www.instagram.com\/lolo80radio\/","https:\/\/www.linkedin.com\/in\/loc-d-365960164\/"],"url":"https:\/\/happynessradio.fr\/amiens\/articles\/author\/loicdun\/"}]}},"modified_by":"Lo\u00efc Dun","_links":{"self":[{"href":"https:\/\/happynessradio.fr\/amiens\/wp-json\/wp\/v2\/posts\/12618","targetHints":{"allow":["GET"]}}],"collection":[{"href":"https:\/\/happynessradio.fr\/amiens\/wp-json\/wp\/v2\/posts"}],"about":[{"href":"https:\/\/happynessradio.fr\/amiens\/wp-json\/wp\/v2\/types\/post"}],"author":[{"embeddable":true,"href":"https:\/\/happynessradio.fr\/amiens\/wp-json\/wp\/v2\/users\/6"}],"replies":[{"embeddable":true,"href":"https:\/\/happynessradio.fr\/amiens\/wp-json\/wp\/v2\/comments?post=12618"}],"version-history":[{"count":1,"href":"https:\/\/happynessradio.fr\/amiens\/wp-json\/wp\/v2\/posts\/12618\/revisions"}],"predecessor-version":[{"id":12619,"href":"https:\/\/happynessradio.fr\/amiens\/wp-json\/wp\/v2\/posts\/12618\/revisions\/12619"}],"wp:featuredmedia":[{"embeddable":true,"href":"https:\/\/happynessradio.fr\/amiens\/wp-json\/wp\/v2\/media\/12581"}],"wp:attachment":[{"href":"https:\/\/happynessradio.fr\/amiens\/wp-json\/wp\/v2\/media?parent=12618"}],"wp:term":[{"taxonomy":"category","embeddable":true,"href":"https:\/\/happynessradio.fr\/amiens\/wp-json\/wp\/v2\/categories?post=12618"},{"taxonomy":"post_tag","embeddable":true,"href":"https:\/\/happynessradio.fr\/amiens\/wp-json\/wp\/v2\/tags?post=12618"}],"curies":[{"name":"wp","href":"https:\/\/api.w.org\/{rel}","templated":true}]}}