{"id":12621,"date":"2026-04-14T17:05:13","date_gmt":"2026-04-14T15:05:13","guid":{"rendered":"https:\/\/happynessradio.fr\/amiens\/?p=12621"},"modified":"2026-04-14T17:05:16","modified_gmt":"2026-04-14T15:05:16","slug":"amiens-le-jardin-solidaire-de-saint-maurice-ouvre-ses-portes","status":"publish","type":"post","link":"https:\/\/happynessradio.fr\/amiens\/articles\/amiens-le-jardin-solidaire-de-saint-maurice-ouvre-ses-portes\/","title":{"rendered":"Amiens : Le Jardin solidaire de Saint-Maurice ouvre ses portes"},"content":{"rendered":"\n<p><em>Le jardin solidaire de Saint-Maurice \u00e0 Amiens ouvre ses portes un samedi par mois jusqu&rsquo;en septembre avec au programme divers ateliers sur le th\u00e8me de la nature et du jardinage, le tout avec des animations conviviales et p\u00e9dagogiques. Il est possible de s&rsquo;inscrire directement via internet.  <\/em><\/p>\n\n\n\n<h2 class=\"wp-block-heading\">Un samedi par mois <\/h2>\n\n\n\n<p><a href=\"https:\/\/www.google.com\/maps\/place\/Saint-Maurice+Garden\/@49.9111796,2.2782557,795m\/data=!3m1!1e3!4m15!1m8!3m7!1s0x47e7841cb58c8df5:0xd94713cf12e6fcbb!2sAll.+des+Acacias,+80080+Amiens!3b1!8m2!3d49.9103307!4d2.2822714!16s%2Fg%2F1thf7wxm!3m5!1s0x47e78590681bf7d7:0x7e6e1dc4895b8a70!8m2!3d49.9123016!4d2.2779048!16s%2Fg%2F11rckwzphj?entry=ttu&amp;g_ep=EgoyMDI2MDQwOC4wIKXMDSoASAFQAw%3D%3D\" id=\"https:\/\/www.google.com\/maps\/place\/Saint-Maurice+Garden\/@49.9111796,2.2782557,795m\/data=!3m1!1e3!4m15!1m8!3m7!1s0x47e7841cb58c8df5:0xd94713cf12e6fcbb!2sAll.+des+Acacias,+80080+Amiens!3b1!8m2!3d49.9103307!4d2.2822714!16s%2Fg%2F1thf7wxm!3m5!1s0x47e78590681bf7d7:0x7e6e1dc4895b8a70!8m2!3d49.9123016!4d2.2779048!16s%2Fg%2F11rckwzphj?entry=ttu&amp;g_ep=EgoyMDI2MDQwOC4wIKXMDSoASAFQAw%3D%3D\">Le jardin solidaire de Saint-Maurice<\/a> situ\u00e9 All\u00e9e des Acacias ouvre ses portes un samedi par mois jusqu&rsquo;au mois de septembre, c&rsquo;est l&rsquo;occasion de profiter de divers ateliers et animations conviviales et p\u00e9dagogiques avec pour th\u00e8me la nature et du jardinage. C&rsquo;est l&rsquo;opportunit\u00e9 de prendre l&rsquo;air et d&rsquo;apprendre d&rsquo;avantage sur le monde de la biodiversit\u00e9. <\/p>\n\n\n\n<h2 class=\"wp-block-heading\">Une parcelle de 7000 m\u00b2 <\/h2>\n\n\n\n<p>Il s&rsquo;agit d&rsquo;une parcelle de 7000 m\u00b2 situ\u00e9e face \u00e0 l\u2019ile Sainte-Aragone au c\u0153ur des jardins familiaux <a href=\"https:\/\/www.amiens-tourisme.com\/\" id=\"https:\/\/www.amiens-tourisme.com\/\">\u00e0 Amiens<\/a>. C&rsquo;est en l&rsquo;occurrence un v\u00e9ritable outil de m\u00e9diation et d\u2019accompagnement social avec une approche p\u00e9dagogique et participative dans le cadre de l\u2019insertion sociale, assur\u00e9e par des encadrements techniques.\u00a0<\/p>\n\n\n\n<h2 class=\"wp-block-heading\">Plusieurs ateliers <\/h2>\n\n\n\n<p> Au programme, cette ann\u00e9e, samedi 18 avril (10h \u2013 12h30) :\u00a0Du jardin au balcon &#8211; semis d\u2019aromatiques et de fleurs utiles, samedi 23 mai (14h \u2013 17h) : Ensemble pour la biodiversit\u00e9 : la nature en f\u00eate, samedi 27 juin (10h \u2013 12h30) :\u00a0Haricots et compagnie &#8211; comprendre les\u00a0atouts des l\u00e9gumineuses, samedi 25 juillet (10h \u2013 12h30) :\u00a0Petits jardiniers, grandes d\u00e9couvertes au potager, samedi 22 ao\u00fbt  (10h \u2013 12h30) :\u00a0<a href=\"https:\/\/www.tela-botanica.org\/\" id=\"https:\/\/www.tela-botanica.org\/\">Les plantes<\/a> ont un nom &#8211; initiation \u00e0 la botanique au jardin et enfin samedi 26 septembre (14h \u2013 17h) :<a href=\"https:\/\/www.lpo.fr\/decouvrir-la-nature\/conseils-biodiversite\/conseils-biodiversite\/accueillir-la-faune-sauvage\/accueillir-le-herisson-dans-son-jardin\" id=\"https:\/\/www.lpo.fr\/decouvrir-la-nature\/conseils-biodiversite\/conseils-biodiversite\/accueillir-la-faune-sauvage\/accueillir-le-herisson-dans-son-jardin\">\u00a0Le h\u00e9risson<\/a>, petit gardien de nos jardins.<\/p>\n\n\n\n<h2 class=\"wp-block-heading\">Possibilit\u00e9 de s&rsquo;inscrire <\/h2>\n\n\n\n<p>Il est possible de s&rsquo;inscrire en ligne via le site internet <a href=\"https:\/\/www.amiens.fr\/Vivre-a-Amiens\/Solidarites\/CCAS\/Actions-Collectives\/LE-JARDIN-SOLIDAIRE-DE-SAINT-MAURICE\">LE JARDIN SOLIDAIRE DE SAINT-MAURICE &#8211; Amiens M\u00e9tropole<\/a>.  A noter que pour se rendre sur place,<a href=\"https:\/\/maps.app.goo.gl\/VoKX2EgdTUVxjv3e6\" id=\"https:\/\/maps.app.goo.gl\/VoKX2EgdTUVxjv3e6\"> un parking<\/a> se trouve \u00e0 proximit\u00e9, mais il est \u00e9galement possible de s&rsquo;y rendre sur place en <a href=\"https:\/\/www.ametis.fr\/\" id=\"https:\/\/www.ametis.fr\/\">bus via la ligne 11<\/a> et descendre \u00e0 la station Cimeti\u00e8re de la Madeleine puis marcher environ 1O minutes \u00e0 pied. <\/p>\n","protected":false},"excerpt":{"rendered":"<p>Le jardin solidaire de Saint-Maurice \u00e0 Amiens ouvre ses portes un samedi par mois jusqu&rsquo;en septembre avec au programme divers ateliers sur le th\u00e8me de la nature et du jardinage, le tout avec des animations conviviales et p\u00e9dagogiques. Il est possible de s&rsquo;inscrire directement via internet. Un samedi par mois Le jardin solidaire de Saint-Maurice situ\u00e9 All\u00e9e des Acacias ouvre ses portes un samedi par mois jusqu&rsquo;au mois de septembre, c&rsquo;est l&rsquo;occasion de profiter de divers ateliers et animations conviviales et p\u00e9dagogiques avec pour th\u00e8me la nature et du jardinage. C&rsquo;est l&rsquo;opportunit\u00e9 de prendre l&rsquo;air et d&rsquo;apprendre d&rsquo;avantage sur le monde de la biodiversit\u00e9. Une parcelle de 7000 m\u00b2 Il s&rsquo;agit d&rsquo;une parcelle de 7000 m\u00b2 situ\u00e9e face \u00e0 l\u2019ile Sainte-Aragone au c\u0153ur des jardins familiaux \u00e0 Amiens. C&rsquo;est en l&rsquo;occurrence un v\u00e9ritable outil de m\u00e9diation et d\u2019accompagnement social avec une approche p\u00e9dagogique et participative dans le cadre de l\u2019insertion sociale, assur\u00e9e par des encadrements techniques.\u00a0 Plusieurs ateliers Au programme, cette ann\u00e9e, samedi 18 avril (10h \u2013 12h30) :\u00a0Du jardin au balcon &#8211; semis d\u2019aromatiques et de fleurs utiles, samedi 23 mai (14h \u2013 17h) : Ensemble pour la biodiversit\u00e9 : la nature en f\u00eate, samedi 27 juin (10h \u2013 12h30) :\u00a0Haricots et compagnie &#8211; comprendre les\u00a0atouts des l\u00e9gumineuses, samedi 25 juillet (10h \u2013 12h30) :\u00a0Petits jardiniers, grandes d\u00e9couvertes au potager, samedi 22 ao\u00fbt (10h \u2013 12h30) :\u00a0Les plantes ont un nom &#8211; initiation \u00e0 la botanique au jardin et enfin samedi 26 septembre (14h \u2013 17h) :\u00a0Le h\u00e9risson, petit gardien de nos jardins. Possibilit\u00e9 de s&rsquo;inscrire Il est possible de s&rsquo;inscrire en ligne via le site internet LE JARDIN SOLIDAIRE DE SAINT-MAURICE &#8211; Amiens M\u00e9tropole. A noter que pour se rendre sur place, un parking se trouve \u00e0 proximit\u00e9, mais il est \u00e9galement possible de s&rsquo;y rendre sur place en bus via la ligne 11 et descendre \u00e0 la station Cimeti\u00e8re de la Madeleine puis marcher environ 1O minutes \u00e0 pied.<\/p>\n","protected":false},"author":6,"featured_media":12624,"comment_status":"open","ping_status":"open","sticky":false,"template":"","format":"standard","meta":{"_lmt_disableupdate":"","_lmt_disable":"","footnotes":""},"categories":[11],"tags":[],"class_list":["post-12621","post","type-post","status-publish","format-standard","has-post-thumbnail","hentry","category-amiens"],"yoast_head":"<!-- This site is optimized with the Yoast SEO plugin v27.5 - https:\/\/yoast.com\/product\/yoast-seo-wordpress\/ -->\n<title>Amiens : Le Jardin solidaire de Saint-Maurice ouvre ses portes - Happyness Amiens<\/title>\n<meta name=\"description\" content=\"D\u00e9couvrez le jardin solidaire de Saint-Maurice \u00e0 Amiens ! Ateliers jardinage, biodiversit\u00e9 et animations conviviales un samedi par mois jusqu&#039;en septembre. Inscrivez-vous vite en ligne.\" \/>\n<meta name=\"robots\" content=\"index, follow, max-snippet:-1, max-image-preview:large, max-video-preview:-1\" \/>\n<link rel=\"canonical\" href=\"https:\/\/happynessradio.fr\/amiens\/articles\/amiens-le-jardin-solidaire-de-saint-maurice-ouvre-ses-portes\/\" \/>\n<meta property=\"og:locale\" content=\"fr_FR\" \/>\n<meta property=\"og:type\" content=\"article\" \/>\n<meta property=\"og:title\" content=\"Amiens : Le Jardin solidaire de Saint-Maurice ouvre ses portes - Happyness Amiens\" \/>\n<meta property=\"og:description\" content=\"D\u00e9couvrez le jardin solidaire de Saint-Maurice \u00e0 Amiens ! Ateliers jardinage, biodiversit\u00e9 et animations conviviales un samedi par mois jusqu&#039;en septembre. Inscrivez-vous vite en ligne.\" \/>\n<meta property=\"og:url\" content=\"https:\/\/happynessradio.fr\/amiens\/articles\/amiens-le-jardin-solidaire-de-saint-maurice-ouvre-ses-portes\/\" \/>\n<meta property=\"og:site_name\" content=\"Happyness Amiens\" \/>\n<meta property=\"article:published_time\" content=\"2026-04-14T15:05:13+00:00\" \/>\n<meta property=\"article:modified_time\" content=\"2026-04-14T15:05:16+00:00\" \/>\n<meta property=\"og:image\" content=\"https:\/\/happynessradio.fr\/amiens\/wp-content\/uploads\/sites\/3\/2026\/04\/MockUp-Visuels-articles-53-2.webp\" \/>\n\t<meta property=\"og:image:width\" content=\"1083\" \/>\n\t<meta property=\"og:image:height\" content=\"486\" \/>\n\t<meta property=\"og:image:type\" content=\"image\/webp\" \/>\n<meta name=\"author\" content=\"Lo\u00efc Dun\" \/>\n<meta name=\"twitter:card\" content=\"summary_large_image\" \/>\n<meta name=\"twitter:label1\" content=\"\u00c9crit par\" \/>\n\t<meta name=\"twitter:data1\" content=\"Lo\u00efc Dun\" \/>\n\t<meta name=\"twitter:label2\" content=\"Dur\u00e9e de lecture estim\u00e9e\" \/>\n\t<meta name=\"twitter:data2\" content=\"2 minutes\" \/>\n<script type=\"application\/ld+json\" class=\"yoast-schema-graph\">{\"@context\":\"https:\\\/\\\/schema.org\",\"@graph\":[{\"@type\":\"Article\",\"@id\":\"https:\\\/\\\/happynessradio.fr\\\/amiens\\\/articles\\\/amiens-le-jardin-solidaire-de-saint-maurice-ouvre-ses-portes\\\/#article\",\"isPartOf\":{\"@id\":\"https:\\\/\\\/happynessradio.fr\\\/amiens\\\/articles\\\/amiens-le-jardin-solidaire-de-saint-maurice-ouvre-ses-portes\\\/\"},\"author\":{\"name\":\"Lo\u00efc Dun\",\"@id\":\"https:\\\/\\\/happynessradio.fr\\\/amiens\\\/#\\\/schema\\\/person\\\/735f1a1ba15f9478beb4249ad52f7252\"},\"headline\":\"Amiens : Le Jardin solidaire de Saint-Maurice ouvre ses portes\",\"datePublished\":\"2026-04-14T15:05:13+00:00\",\"dateModified\":\"2026-04-14T15:05:16+00:00\",\"mainEntityOfPage\":{\"@id\":\"https:\\\/\\\/happynessradio.fr\\\/amiens\\\/articles\\\/amiens-le-jardin-solidaire-de-saint-maurice-ouvre-ses-portes\\\/\"},\"wordCount\":348,\"commentCount\":0,\"image\":{\"@id\":\"https:\\\/\\\/happynessradio.fr\\\/amiens\\\/articles\\\/amiens-le-jardin-solidaire-de-saint-maurice-ouvre-ses-portes\\\/#primaryimage\"},\"thumbnailUrl\":\"https:\\\/\\\/happynessradio.fr\\\/amiens\\\/wp-content\\\/uploads\\\/sites\\\/3\\\/2026\\\/04\\\/MockUp-Visuels-articles-53-2.webp\",\"articleSection\":[\"Amiens\"],\"inLanguage\":\"fr-FR\",\"potentialAction\":[{\"@type\":\"CommentAction\",\"name\":\"Comment\",\"target\":[\"https:\\\/\\\/happynessradio.fr\\\/amiens\\\/articles\\\/amiens-le-jardin-solidaire-de-saint-maurice-ouvre-ses-portes\\\/#respond\"]}]},{\"@type\":\"WebPage\",\"@id\":\"https:\\\/\\\/happynessradio.fr\\\/amiens\\\/articles\\\/amiens-le-jardin-solidaire-de-saint-maurice-ouvre-ses-portes\\\/\",\"url\":\"https:\\\/\\\/happynessradio.fr\\\/amiens\\\/articles\\\/amiens-le-jardin-solidaire-de-saint-maurice-ouvre-ses-portes\\\/\",\"name\":\"Amiens : Le Jardin solidaire de Saint-Maurice ouvre ses portes - Happyness Amiens\",\"isPartOf\":{\"@id\":\"https:\\\/\\\/happynessradio.fr\\\/amiens\\\/#website\"},\"primaryImageOfPage\":{\"@id\":\"https:\\\/\\\/happynessradio.fr\\\/amiens\\\/articles\\\/amiens-le-jardin-solidaire-de-saint-maurice-ouvre-ses-portes\\\/#primaryimage\"},\"image\":{\"@id\":\"https:\\\/\\\/happynessradio.fr\\\/amiens\\\/articles\\\/amiens-le-jardin-solidaire-de-saint-maurice-ouvre-ses-portes\\\/#primaryimage\"},\"thumbnailUrl\":\"https:\\\/\\\/happynessradio.fr\\\/amiens\\\/wp-content\\\/uploads\\\/sites\\\/3\\\/2026\\\/04\\\/MockUp-Visuels-articles-53-2.webp\",\"datePublished\":\"2026-04-14T15:05:13+00:00\",\"dateModified\":\"2026-04-14T15:05:16+00:00\",\"author\":{\"@id\":\"https:\\\/\\\/happynessradio.fr\\\/amiens\\\/#\\\/schema\\\/person\\\/735f1a1ba15f9478beb4249ad52f7252\"},\"description\":\"D\u00e9couvrez le jardin solidaire de Saint-Maurice \u00e0 Amiens ! Ateliers jardinage, biodiversit\u00e9 et animations conviviales un samedi par mois jusqu'en septembre. Inscrivez-vous vite en ligne.\",\"breadcrumb\":{\"@id\":\"https:\\\/\\\/happynessradio.fr\\\/amiens\\\/articles\\\/amiens-le-jardin-solidaire-de-saint-maurice-ouvre-ses-portes\\\/#breadcrumb\"},\"inLanguage\":\"fr-FR\",\"potentialAction\":[{\"@type\":\"ReadAction\",\"target\":[\"https:\\\/\\\/happynessradio.fr\\\/amiens\\\/articles\\\/amiens-le-jardin-solidaire-de-saint-maurice-ouvre-ses-portes\\\/\"]}]},{\"@type\":\"ImageObject\",\"inLanguage\":\"fr-FR\",\"@id\":\"https:\\\/\\\/happynessradio.fr\\\/amiens\\\/articles\\\/amiens-le-jardin-solidaire-de-saint-maurice-ouvre-ses-portes\\\/#primaryimage\",\"url\":\"https:\\\/\\\/happynessradio.fr\\\/amiens\\\/wp-content\\\/uploads\\\/sites\\\/3\\\/2026\\\/04\\\/MockUp-Visuels-articles-53-2.webp\",\"contentUrl\":\"https:\\\/\\\/happynessradio.fr\\\/amiens\\\/wp-content\\\/uploads\\\/sites\\\/3\\\/2026\\\/04\\\/MockUp-Visuels-articles-53-2.webp\",\"width\":1083,\"height\":486,\"caption\":\"Vue d'un espace vert avec de grands arbres en arri\u00e8re-plan. Au premier plan, une banderole est accroch\u00e9e \u00e0 une cl\u00f4ture, avec l'inscription \u00ab Jardin Solidaire de Saint-Maurice \u00bb accompagn\u00e9e d'illustrations de fruits et l\u00e9gumes.\"},{\"@type\":\"BreadcrumbList\",\"@id\":\"https:\\\/\\\/happynessradio.fr\\\/amiens\\\/articles\\\/amiens-le-jardin-solidaire-de-saint-maurice-ouvre-ses-portes\\\/#breadcrumb\",\"itemListElement\":[{\"@type\":\"ListItem\",\"position\":1,\"name\":\"Accueil\",\"item\":\"https:\\\/\\\/happynessradio.fr\\\/amiens\\\/\"},{\"@type\":\"ListItem\",\"position\":2,\"name\":\"Amiens : Le Jardin solidaire de Saint-Maurice ouvre ses portes\"}]},{\"@type\":\"WebSite\",\"@id\":\"https:\\\/\\\/happynessradio.fr\\\/amiens\\\/#website\",\"url\":\"https:\\\/\\\/happynessradio.fr\\\/amiens\\\/\",\"name\":\"Happyness Amiens\",\"description\":\"Toujours au plus proche de vous\",\"potentialAction\":[{\"@type\":\"SearchAction\",\"target\":{\"@type\":\"EntryPoint\",\"urlTemplate\":\"https:\\\/\\\/happynessradio.fr\\\/amiens\\\/?s={search_term_string}\"},\"query-input\":{\"@type\":\"PropertyValueSpecification\",\"valueRequired\":true,\"valueName\":\"search_term_string\"}}],\"inLanguage\":\"fr-FR\"},{\"@type\":\"Person\",\"@id\":\"https:\\\/\\\/happynessradio.fr\\\/amiens\\\/#\\\/schema\\\/person\\\/735f1a1ba15f9478beb4249ad52f7252\",\"name\":\"Lo\u00efc Dun\",\"image\":{\"@type\":\"ImageObject\",\"inLanguage\":\"fr-FR\",\"@id\":\"https:\\\/\\\/happynessradio.fr\\\/amiens\\\/wp-content\\\/uploads\\\/sites\\\/3\\\/2025\\\/12\\\/cropped-Portrait-Loic-25-26-96x96.webp\",\"url\":\"https:\\\/\\\/happynessradio.fr\\\/amiens\\\/wp-content\\\/uploads\\\/sites\\\/3\\\/2025\\\/12\\\/cropped-Portrait-Loic-25-26-96x96.webp\",\"contentUrl\":\"https:\\\/\\\/happynessradio.fr\\\/amiens\\\/wp-content\\\/uploads\\\/sites\\\/3\\\/2025\\\/12\\\/cropped-Portrait-Loic-25-26-96x96.webp\",\"caption\":\"Lo\u00efc Dun\"},\"description\":\"R\u00e9dacteur web Happyness. Co-animateur (chroniqueur) Quoi d'neuf ? Amiens Chroniqueur Le R\u00e9veil Happyness\",\"sameAs\":[\"https:\\\/\\\/www.instagram.com\\\/lolo80radio\\\/\",\"https:\\\/\\\/www.linkedin.com\\\/in\\\/loc-d-365960164\\\/\"],\"url\":\"https:\\\/\\\/happynessradio.fr\\\/amiens\\\/articles\\\/author\\\/loicdun\\\/\"}]}<\/script>\n<!-- \/ Yoast SEO plugin. -->","yoast_head_json":{"title":"Amiens : Le Jardin solidaire de Saint-Maurice ouvre ses portes - Happyness Amiens","description":"D\u00e9couvrez le jardin solidaire de Saint-Maurice \u00e0 Amiens ! Ateliers jardinage, biodiversit\u00e9 et animations conviviales un samedi par mois jusqu'en septembre. Inscrivez-vous vite en ligne.","robots":{"index":"index","follow":"follow","max-snippet":"max-snippet:-1","max-image-preview":"max-image-preview:large","max-video-preview":"max-video-preview:-1"},"canonical":"https:\/\/happynessradio.fr\/amiens\/articles\/amiens-le-jardin-solidaire-de-saint-maurice-ouvre-ses-portes\/","og_locale":"fr_FR","og_type":"article","og_title":"Amiens : Le Jardin solidaire de Saint-Maurice ouvre ses portes - Happyness Amiens","og_description":"D\u00e9couvrez le jardin solidaire de Saint-Maurice \u00e0 Amiens ! Ateliers jardinage, biodiversit\u00e9 et animations conviviales un samedi par mois jusqu'en septembre. Inscrivez-vous vite en ligne.","og_url":"https:\/\/happynessradio.fr\/amiens\/articles\/amiens-le-jardin-solidaire-de-saint-maurice-ouvre-ses-portes\/","og_site_name":"Happyness Amiens","article_published_time":"2026-04-14T15:05:13+00:00","article_modified_time":"2026-04-14T15:05:16+00:00","og_image":[{"width":1083,"height":486,"url":"https:\/\/happynessradio.fr\/amiens\/wp-content\/uploads\/sites\/3\/2026\/04\/MockUp-Visuels-articles-53-2.webp","type":"image\/webp"}],"author":"Lo\u00efc Dun","twitter_card":"summary_large_image","twitter_misc":{"\u00c9crit par":"Lo\u00efc Dun","Dur\u00e9e de lecture estim\u00e9e":"2 minutes"},"schema":{"@context":"https:\/\/schema.org","@graph":[{"@type":"Article","@id":"https:\/\/happynessradio.fr\/amiens\/articles\/amiens-le-jardin-solidaire-de-saint-maurice-ouvre-ses-portes\/#article","isPartOf":{"@id":"https:\/\/happynessradio.fr\/amiens\/articles\/amiens-le-jardin-solidaire-de-saint-maurice-ouvre-ses-portes\/"},"author":{"name":"Lo\u00efc Dun","@id":"https:\/\/happynessradio.fr\/amiens\/#\/schema\/person\/735f1a1ba15f9478beb4249ad52f7252"},"headline":"Amiens : Le Jardin solidaire de Saint-Maurice ouvre ses portes","datePublished":"2026-04-14T15:05:13+00:00","dateModified":"2026-04-14T15:05:16+00:00","mainEntityOfPage":{"@id":"https:\/\/happynessradio.fr\/amiens\/articles\/amiens-le-jardin-solidaire-de-saint-maurice-ouvre-ses-portes\/"},"wordCount":348,"commentCount":0,"image":{"@id":"https:\/\/happynessradio.fr\/amiens\/articles\/amiens-le-jardin-solidaire-de-saint-maurice-ouvre-ses-portes\/#primaryimage"},"thumbnailUrl":"https:\/\/happynessradio.fr\/amiens\/wp-content\/uploads\/sites\/3\/2026\/04\/MockUp-Visuels-articles-53-2.webp","articleSection":["Amiens"],"inLanguage":"fr-FR","potentialAction":[{"@type":"CommentAction","name":"Comment","target":["https:\/\/happynessradio.fr\/amiens\/articles\/amiens-le-jardin-solidaire-de-saint-maurice-ouvre-ses-portes\/#respond"]}]},{"@type":"WebPage","@id":"https:\/\/happynessradio.fr\/amiens\/articles\/amiens-le-jardin-solidaire-de-saint-maurice-ouvre-ses-portes\/","url":"https:\/\/happynessradio.fr\/amiens\/articles\/amiens-le-jardin-solidaire-de-saint-maurice-ouvre-ses-portes\/","name":"Amiens : Le Jardin solidaire de Saint-Maurice ouvre ses portes - Happyness Amiens","isPartOf":{"@id":"https:\/\/happynessradio.fr\/amiens\/#website"},"primaryImageOfPage":{"@id":"https:\/\/happynessradio.fr\/amiens\/articles\/amiens-le-jardin-solidaire-de-saint-maurice-ouvre-ses-portes\/#primaryimage"},"image":{"@id":"https:\/\/happynessradio.fr\/amiens\/articles\/amiens-le-jardin-solidaire-de-saint-maurice-ouvre-ses-portes\/#primaryimage"},"thumbnailUrl":"https:\/\/happynessradio.fr\/amiens\/wp-content\/uploads\/sites\/3\/2026\/04\/MockUp-Visuels-articles-53-2.webp","datePublished":"2026-04-14T15:05:13+00:00","dateModified":"2026-04-14T15:05:16+00:00","author":{"@id":"https:\/\/happynessradio.fr\/amiens\/#\/schema\/person\/735f1a1ba15f9478beb4249ad52f7252"},"description":"D\u00e9couvrez le jardin solidaire de Saint-Maurice \u00e0 Amiens ! Ateliers jardinage, biodiversit\u00e9 et animations conviviales un samedi par mois jusqu'en septembre. Inscrivez-vous vite en ligne.","breadcrumb":{"@id":"https:\/\/happynessradio.fr\/amiens\/articles\/amiens-le-jardin-solidaire-de-saint-maurice-ouvre-ses-portes\/#breadcrumb"},"inLanguage":"fr-FR","potentialAction":[{"@type":"ReadAction","target":["https:\/\/happynessradio.fr\/amiens\/articles\/amiens-le-jardin-solidaire-de-saint-maurice-ouvre-ses-portes\/"]}]},{"@type":"ImageObject","inLanguage":"fr-FR","@id":"https:\/\/happynessradio.fr\/amiens\/articles\/amiens-le-jardin-solidaire-de-saint-maurice-ouvre-ses-portes\/#primaryimage","url":"https:\/\/happynessradio.fr\/amiens\/wp-content\/uploads\/sites\/3\/2026\/04\/MockUp-Visuels-articles-53-2.webp","contentUrl":"https:\/\/happynessradio.fr\/amiens\/wp-content\/uploads\/sites\/3\/2026\/04\/MockUp-Visuels-articles-53-2.webp","width":1083,"height":486,"caption":"Vue d'un espace vert avec de grands arbres en arri\u00e8re-plan. Au premier plan, une banderole est accroch\u00e9e \u00e0 une cl\u00f4ture, avec l'inscription \u00ab Jardin Solidaire de Saint-Maurice \u00bb accompagn\u00e9e d'illustrations de fruits et l\u00e9gumes."},{"@type":"BreadcrumbList","@id":"https:\/\/happynessradio.fr\/amiens\/articles\/amiens-le-jardin-solidaire-de-saint-maurice-ouvre-ses-portes\/#breadcrumb","itemListElement":[{"@type":"ListItem","position":1,"name":"Accueil","item":"https:\/\/happynessradio.fr\/amiens\/"},{"@type":"ListItem","position":2,"name":"Amiens : Le Jardin solidaire de Saint-Maurice ouvre ses portes"}]},{"@type":"WebSite","@id":"https:\/\/happynessradio.fr\/amiens\/#website","url":"https:\/\/happynessradio.fr\/amiens\/","name":"Happyness Amiens","description":"Toujours au plus proche de vous","potentialAction":[{"@type":"SearchAction","target":{"@type":"EntryPoint","urlTemplate":"https:\/\/happynessradio.fr\/amiens\/?s={search_term_string}"},"query-input":{"@type":"PropertyValueSpecification","valueRequired":true,"valueName":"search_term_string"}}],"inLanguage":"fr-FR"},{"@type":"Person","@id":"https:\/\/happynessradio.fr\/amiens\/#\/schema\/person\/735f1a1ba15f9478beb4249ad52f7252","name":"Lo\u00efc Dun","image":{"@type":"ImageObject","inLanguage":"fr-FR","@id":"https:\/\/happynessradio.fr\/amiens\/wp-content\/uploads\/sites\/3\/2025\/12\/cropped-Portrait-Loic-25-26-96x96.webp","url":"https:\/\/happynessradio.fr\/amiens\/wp-content\/uploads\/sites\/3\/2025\/12\/cropped-Portrait-Loic-25-26-96x96.webp","contentUrl":"https:\/\/happynessradio.fr\/amiens\/wp-content\/uploads\/sites\/3\/2025\/12\/cropped-Portrait-Loic-25-26-96x96.webp","caption":"Lo\u00efc Dun"},"description":"R\u00e9dacteur web Happyness. Co-animateur (chroniqueur) Quoi d'neuf ? Amiens Chroniqueur Le R\u00e9veil Happyness","sameAs":["https:\/\/www.instagram.com\/lolo80radio\/","https:\/\/www.linkedin.com\/in\/loc-d-365960164\/"],"url":"https:\/\/happynessradio.fr\/amiens\/articles\/author\/loicdun\/"}]}},"modified_by":"Lo\u00efc Dun","_links":{"self":[{"href":"https:\/\/happynessradio.fr\/amiens\/wp-json\/wp\/v2\/posts\/12621","targetHints":{"allow":["GET"]}}],"collection":[{"href":"https:\/\/happynessradio.fr\/amiens\/wp-json\/wp\/v2\/posts"}],"about":[{"href":"https:\/\/happynessradio.fr\/amiens\/wp-json\/wp\/v2\/types\/post"}],"author":[{"embeddable":true,"href":"https:\/\/happynessradio.fr\/amiens\/wp-json\/wp\/v2\/users\/6"}],"replies":[{"embeddable":true,"href":"https:\/\/happynessradio.fr\/amiens\/wp-json\/wp\/v2\/comments?post=12621"}],"version-history":[{"count":1,"href":"https:\/\/happynessradio.fr\/amiens\/wp-json\/wp\/v2\/posts\/12621\/revisions"}],"predecessor-version":[{"id":12625,"href":"https:\/\/happynessradio.fr\/amiens\/wp-json\/wp\/v2\/posts\/12621\/revisions\/12625"}],"wp:featuredmedia":[{"embeddable":true,"href":"https:\/\/happynessradio.fr\/amiens\/wp-json\/wp\/v2\/media\/12624"}],"wp:attachment":[{"href":"https:\/\/happynessradio.fr\/amiens\/wp-json\/wp\/v2\/media?parent=12621"}],"wp:term":[{"taxonomy":"category","embeddable":true,"href":"https:\/\/happynessradio.fr\/amiens\/wp-json\/wp\/v2\/categories?post=12621"},{"taxonomy":"post_tag","embeddable":true,"href":"https:\/\/happynessradio.fr\/amiens\/wp-json\/wp\/v2\/tags?post=12621"}],"curies":[{"name":"wp","href":"https:\/\/api.w.org\/{rel}","templated":true}]}}