{"id":12629,"date":"2026-04-15T14:44:28","date_gmt":"2026-04-15T12:44:28","guid":{"rendered":"https:\/\/happynessradio.fr\/amiens\/?p=12629"},"modified":"2026-04-15T14:44:30","modified_gmt":"2026-04-15T12:44:30","slug":"infos-routes-dans-la-somme-le-point-jusquau-28-avril","status":"publish","type":"post","link":"https:\/\/happynessradio.fr\/amiens\/articles\/infos-routes-dans-la-somme-le-point-jusquau-28-avril\/","title":{"rendered":"Infos routes dans la Somme : le point jusqu&rsquo;au 28 avril"},"content":{"rendered":"\n<p><em>Jusqu&rsquo;au 28 avril des travaux et perturbations sont en cours ou \u00e0 venir sur les routes de la Somme. La r\u00e9daction d&rsquo;Happyness Amiens fait le point sur les principaux points \u00e0 noter pour circuler en toute s\u00e9curit\u00e9. <\/em><\/p>\n\n\n\n<h2 class=\"wp-block-heading\">Les travaux termin\u00e9es <\/h2>\n\n\n\n<p><a href=\"https:\/\/inforoute.somme.fr\/\" id=\"https:\/\/www.somme.fr\/services\/transports-et-routes\/inforoute80\/\">Des travaux et perturbations<\/a><a href=\"https:\/\/www.somme.fr\/services\/transports-et-routes\/inforoute80\/\" id=\"https:\/\/www.somme.fr\/services\/transports-et-routes\/inforoute80\/\"> <\/a>sont en cours ou a pr\u00e9voir sur le r\u00e9seau d\u00e9partemental des routes de la Somme pour la p\u00e9riode allant jusqu&rsquo;au 28 avril. Voici les points \u00e0 noter concernant les travaux termin\u00e9s r\u00e9cemment \u00e0 commenc\u00e9 par le secteur Picardie Maritime du c\u00f4t\u00e9 de Fressenneville (RD 925), Drucat (RD 928), Fontaine-sur-Somme (RD 21), Cannessi\u00e8res\/Aum\u00e2tre (RD 195) et Vismes (RD 190) ainsi que dans le Grand Ami\u00e9nois dans les secteurs de Frohen-sur-Authie (RD 938), Domart-sur-la-Luce (RD 934G), Boves (RD 935), Saint-Gratien (RD 919) et Argoeuves\/Amiens (RD 412). <\/p>\n\n\n\n<h2 class=\"wp-block-heading\">Les nouveaut\u00e9s et infos importantes <\/h2>\n\n\n\n<p>Concernant les nouveaut\u00e9s et les infos importantes, plusieurs endroits sont concern\u00e9s en particulier la commune de Pont-R\u00e9my (RD 901\/112)<strong> <\/strong>pour des travaux de r\u00e9sine jusqu&rsquo;au 17 avril avec circulation altern\u00e9e et interdiction temporaire Rue Jean Jaur\u00e8s, mais aussi du c\u00f4t\u00e9 de Huchenneville\/B\u00e9hen (RD 173)<strong> <\/strong>o\u00f9 la <a href=\"https:\/\/www.viamichelin.fr\/\" id=\"https:\/\/www.viamichelin.fr\/\">route sera barr\u00e9e<\/a> le 17 avril pour abattage (d\u00e9viation par Huppy). Sans oublier Beaumetz (RD 925)<strong> <\/strong>avec fermeture de la la route jusqu&rsquo;au 29 avril pour renforcement de chauss\u00e9e (d\u00e9viations sp\u00e9cifiques PL et VL), et enfin Daours (RD 1) avec circulation interdite Rue d&rsquo;Amiens jusqu&rsquo;au 12 juin (renouvellement canalisations). <\/p>\n\n\n\n<h2 class=\"wp-block-heading\">C\u00e9r\u00e9monies de l&rsquo;Anzac Day et l&rsquo;Anzacrun <\/h2>\n\n\n\n<p>Attention en raison de l&rsquo;organisation des c\u00e9r\u00e9monies de l&rsquo;<a href=\"https:\/\/commemorations.teg.com.au\/fr\/villers-bretonneux\/\" id=\"https:\/\/commemorations.teg.com.au\/fr\/villers-bretonneux\/\">Anzac Day <\/a>(24-25 avril) et l&rsquo;Anzacrun (19 avril) restrictions sont a pr\u00e9voir dans les secteurs Secteur Amiens\/Villers-Bretonneux. A noter que pour vous rendre sur place des navettes par autocar seront mises en place. Plus d&rsquo;infos \u00e0 venir sur notre site internet. <\/p>\n\n\n\n<p><\/p>\n\n\n\n<p><\/p>\n\n\n\n<p><\/p>\n","protected":false},"excerpt":{"rendered":"<p>Jusqu&rsquo;au 28 avril des travaux et perturbations sont en cours ou \u00e0 venir sur les routes de la Somme. La r\u00e9daction d&rsquo;Happyness Amiens fait le point sur les principaux points \u00e0 noter pour circuler en toute s\u00e9curit\u00e9. Les travaux termin\u00e9es Des travaux et perturbations sont en cours ou a pr\u00e9voir sur le r\u00e9seau d\u00e9partemental des routes de la Somme pour la p\u00e9riode allant jusqu&rsquo;au 28 avril. Voici les points \u00e0 noter concernant les travaux termin\u00e9s r\u00e9cemment \u00e0 commenc\u00e9 par le secteur Picardie Maritime du c\u00f4t\u00e9 de Fressenneville (RD 925), Drucat (RD 928), Fontaine-sur-Somme (RD 21), Cannessi\u00e8res\/Aum\u00e2tre (RD 195) et Vismes (RD 190) ainsi que dans le Grand Ami\u00e9nois dans les secteurs de Frohen-sur-Authie (RD 938), Domart-sur-la-Luce (RD 934G), Boves (RD 935), Saint-Gratien (RD 919) et Argoeuves\/Amiens (RD 412). Les nouveaut\u00e9s et infos importantes Concernant les nouveaut\u00e9s et les infos importantes, plusieurs endroits sont concern\u00e9s en particulier la commune de Pont-R\u00e9my (RD 901\/112) pour des travaux de r\u00e9sine jusqu&rsquo;au 17 avril avec circulation altern\u00e9e et interdiction temporaire Rue Jean Jaur\u00e8s, mais aussi du c\u00f4t\u00e9 de Huchenneville\/B\u00e9hen (RD 173) o\u00f9 la route sera barr\u00e9e le 17 avril pour abattage (d\u00e9viation par Huppy). Sans oublier Beaumetz (RD 925) avec fermeture de la la route jusqu&rsquo;au 29 avril pour renforcement de chauss\u00e9e (d\u00e9viations sp\u00e9cifiques PL et VL), et enfin Daours (RD 1) avec circulation interdite Rue d&rsquo;Amiens jusqu&rsquo;au 12 juin (renouvellement canalisations). C\u00e9r\u00e9monies de l&rsquo;Anzac Day et l&rsquo;Anzacrun Attention en raison de l&rsquo;organisation des c\u00e9r\u00e9monies de l&rsquo;Anzac Day (24-25 avril) et l&rsquo;Anzacrun (19 avril) restrictions sont a pr\u00e9voir dans les secteurs Secteur Amiens\/Villers-Bretonneux. A noter que pour vous rendre sur place des navettes par autocar seront mises en place. Plus d&rsquo;infos \u00e0 venir sur notre site internet.<\/p>\n","protected":false},"author":6,"featured_media":12400,"comment_status":"open","ping_status":"open","sticky":false,"template":"","format":"standard","meta":{"_lmt_disableupdate":"","_lmt_disable":"","footnotes":""},"categories":[11],"tags":[],"class_list":["post-12629","post","type-post","status-publish","format-standard","has-post-thumbnail","hentry","category-amiens"],"yoast_head":"<!-- This site is optimized with the Yoast SEO plugin v27.5 - https:\/\/yoast.com\/product\/yoast-seo-wordpress\/ -->\n<title>Infos routes dans la Somme : le point jusqu&#039;au 28 avril - Happyness Amiens<\/title>\n<meta name=\"description\" content=\"Travaux et routes barr\u00e9es dans la Somme jusqu&#039;au 28 avril : d\u00e9couvrez les secteurs impact\u00e9s (Amiens, Pont-R\u00e9my, Beaumetz) et les infos trafic pour l&#039;Anzac Day.\" \/>\n<meta name=\"robots\" content=\"index, follow, max-snippet:-1, max-image-preview:large, max-video-preview:-1\" \/>\n<link rel=\"canonical\" href=\"https:\/\/happynessradio.fr\/amiens\/articles\/infos-routes-dans-la-somme-le-point-jusquau-28-avril\/\" \/>\n<meta property=\"og:locale\" content=\"fr_FR\" \/>\n<meta property=\"og:type\" content=\"article\" \/>\n<meta property=\"og:title\" content=\"Infos routes dans la Somme : le point jusqu&#039;au 28 avril - Happyness Amiens\" \/>\n<meta property=\"og:description\" content=\"Travaux et routes barr\u00e9es dans la Somme jusqu&#039;au 28 avril : d\u00e9couvrez les secteurs impact\u00e9s (Amiens, Pont-R\u00e9my, Beaumetz) et les infos trafic pour l&#039;Anzac Day.\" \/>\n<meta property=\"og:url\" content=\"https:\/\/happynessradio.fr\/amiens\/articles\/infos-routes-dans-la-somme-le-point-jusquau-28-avril\/\" \/>\n<meta property=\"og:site_name\" content=\"Happyness Amiens\" \/>\n<meta property=\"article:published_time\" content=\"2026-04-15T12:44:28+00:00\" \/>\n<meta property=\"article:modified_time\" content=\"2026-04-15T12:44:30+00:00\" \/>\n<meta property=\"og:image\" content=\"https:\/\/happynessradio.fr\/amiens\/wp-content\/uploads\/sites\/3\/2026\/03\/MockUp-Visuels-articles-23.webp\" \/>\n\t<meta property=\"og:image:width\" content=\"1083\" \/>\n\t<meta property=\"og:image:height\" content=\"486\" \/>\n\t<meta property=\"og:image:type\" content=\"image\/webp\" \/>\n<meta name=\"author\" content=\"Lo\u00efc Dun\" \/>\n<meta name=\"twitter:card\" content=\"summary_large_image\" \/>\n<meta name=\"twitter:label1\" content=\"\u00c9crit par\" \/>\n\t<meta name=\"twitter:data1\" content=\"Lo\u00efc Dun\" \/>\n\t<meta name=\"twitter:label2\" content=\"Dur\u00e9e de lecture estim\u00e9e\" \/>\n\t<meta name=\"twitter:data2\" content=\"2 minutes\" \/>\n<script type=\"application\/ld+json\" class=\"yoast-schema-graph\">{\"@context\":\"https:\\\/\\\/schema.org\",\"@graph\":[{\"@type\":\"Article\",\"@id\":\"https:\\\/\\\/happynessradio.fr\\\/amiens\\\/articles\\\/infos-routes-dans-la-somme-le-point-jusquau-28-avril\\\/#article\",\"isPartOf\":{\"@id\":\"https:\\\/\\\/happynessradio.fr\\\/amiens\\\/articles\\\/infos-routes-dans-la-somme-le-point-jusquau-28-avril\\\/\"},\"author\":{\"name\":\"Lo\u00efc Dun\",\"@id\":\"https:\\\/\\\/happynessradio.fr\\\/amiens\\\/#\\\/schema\\\/person\\\/735f1a1ba15f9478beb4249ad52f7252\"},\"headline\":\"Infos routes dans la Somme : le point jusqu&rsquo;au 28 avril\",\"datePublished\":\"2026-04-15T12:44:28+00:00\",\"dateModified\":\"2026-04-15T12:44:30+00:00\",\"mainEntityOfPage\":{\"@id\":\"https:\\\/\\\/happynessradio.fr\\\/amiens\\\/articles\\\/infos-routes-dans-la-somme-le-point-jusquau-28-avril\\\/\"},\"wordCount\":317,\"commentCount\":0,\"image\":{\"@id\":\"https:\\\/\\\/happynessradio.fr\\\/amiens\\\/articles\\\/infos-routes-dans-la-somme-le-point-jusquau-28-avril\\\/#primaryimage\"},\"thumbnailUrl\":\"https:\\\/\\\/happynessradio.fr\\\/amiens\\\/wp-content\\\/uploads\\\/sites\\\/3\\\/2026\\\/03\\\/MockUp-Visuels-articles-23.webp\",\"articleSection\":[\"Amiens\"],\"inLanguage\":\"fr-FR\",\"potentialAction\":[{\"@type\":\"CommentAction\",\"name\":\"Comment\",\"target\":[\"https:\\\/\\\/happynessradio.fr\\\/amiens\\\/articles\\\/infos-routes-dans-la-somme-le-point-jusquau-28-avril\\\/#respond\"]}]},{\"@type\":\"WebPage\",\"@id\":\"https:\\\/\\\/happynessradio.fr\\\/amiens\\\/articles\\\/infos-routes-dans-la-somme-le-point-jusquau-28-avril\\\/\",\"url\":\"https:\\\/\\\/happynessradio.fr\\\/amiens\\\/articles\\\/infos-routes-dans-la-somme-le-point-jusquau-28-avril\\\/\",\"name\":\"Infos routes dans la Somme : le point jusqu'au 28 avril - Happyness Amiens\",\"isPartOf\":{\"@id\":\"https:\\\/\\\/happynessradio.fr\\\/amiens\\\/#website\"},\"primaryImageOfPage\":{\"@id\":\"https:\\\/\\\/happynessradio.fr\\\/amiens\\\/articles\\\/infos-routes-dans-la-somme-le-point-jusquau-28-avril\\\/#primaryimage\"},\"image\":{\"@id\":\"https:\\\/\\\/happynessradio.fr\\\/amiens\\\/articles\\\/infos-routes-dans-la-somme-le-point-jusquau-28-avril\\\/#primaryimage\"},\"thumbnailUrl\":\"https:\\\/\\\/happynessradio.fr\\\/amiens\\\/wp-content\\\/uploads\\\/sites\\\/3\\\/2026\\\/03\\\/MockUp-Visuels-articles-23.webp\",\"datePublished\":\"2026-04-15T12:44:28+00:00\",\"dateModified\":\"2026-04-15T12:44:30+00:00\",\"author\":{\"@id\":\"https:\\\/\\\/happynessradio.fr\\\/amiens\\\/#\\\/schema\\\/person\\\/735f1a1ba15f9478beb4249ad52f7252\"},\"description\":\"Travaux et routes barr\u00e9es dans la Somme jusqu'au 28 avril : d\u00e9couvrez les secteurs impact\u00e9s (Amiens, Pont-R\u00e9my, Beaumetz) et les infos trafic pour l'Anzac Day.\",\"breadcrumb\":{\"@id\":\"https:\\\/\\\/happynessradio.fr\\\/amiens\\\/articles\\\/infos-routes-dans-la-somme-le-point-jusquau-28-avril\\\/#breadcrumb\"},\"inLanguage\":\"fr-FR\",\"potentialAction\":[{\"@type\":\"ReadAction\",\"target\":[\"https:\\\/\\\/happynessradio.fr\\\/amiens\\\/articles\\\/infos-routes-dans-la-somme-le-point-jusquau-28-avril\\\/\"]}]},{\"@type\":\"ImageObject\",\"inLanguage\":\"fr-FR\",\"@id\":\"https:\\\/\\\/happynessradio.fr\\\/amiens\\\/articles\\\/infos-routes-dans-la-somme-le-point-jusquau-28-avril\\\/#primaryimage\",\"url\":\"https:\\\/\\\/happynessradio.fr\\\/amiens\\\/wp-content\\\/uploads\\\/sites\\\/3\\\/2026\\\/03\\\/MockUp-Visuels-articles-23.webp\",\"contentUrl\":\"https:\\\/\\\/happynessradio.fr\\\/amiens\\\/wp-content\\\/uploads\\\/sites\\\/3\\\/2026\\\/03\\\/MockUp-Visuels-articles-23.webp\",\"width\":1083,\"height\":486,\"caption\":\"Gros plan d'une machine de rev\u00eatement routier jaune en action sur une route d\u00e9partementale dans l'Oise, appliquant de l'asphalte noir frais sur le bitume existant. Un travailleur en gilet de s\u00e9curit\u00e9 et un camion-benne sont visibles en arri\u00e8re-plan sous un soleil \u00e9clatant.\"},{\"@type\":\"BreadcrumbList\",\"@id\":\"https:\\\/\\\/happynessradio.fr\\\/amiens\\\/articles\\\/infos-routes-dans-la-somme-le-point-jusquau-28-avril\\\/#breadcrumb\",\"itemListElement\":[{\"@type\":\"ListItem\",\"position\":1,\"name\":\"Accueil\",\"item\":\"https:\\\/\\\/happynessradio.fr\\\/amiens\\\/\"},{\"@type\":\"ListItem\",\"position\":2,\"name\":\"Infos routes dans la Somme : le point jusqu&rsquo;au 28 avril\"}]},{\"@type\":\"WebSite\",\"@id\":\"https:\\\/\\\/happynessradio.fr\\\/amiens\\\/#website\",\"url\":\"https:\\\/\\\/happynessradio.fr\\\/amiens\\\/\",\"name\":\"Happyness Amiens\",\"description\":\"Toujours au plus proche de vous\",\"potentialAction\":[{\"@type\":\"SearchAction\",\"target\":{\"@type\":\"EntryPoint\",\"urlTemplate\":\"https:\\\/\\\/happynessradio.fr\\\/amiens\\\/?s={search_term_string}\"},\"query-input\":{\"@type\":\"PropertyValueSpecification\",\"valueRequired\":true,\"valueName\":\"search_term_string\"}}],\"inLanguage\":\"fr-FR\"},{\"@type\":\"Person\",\"@id\":\"https:\\\/\\\/happynessradio.fr\\\/amiens\\\/#\\\/schema\\\/person\\\/735f1a1ba15f9478beb4249ad52f7252\",\"name\":\"Lo\u00efc Dun\",\"image\":{\"@type\":\"ImageObject\",\"inLanguage\":\"fr-FR\",\"@id\":\"https:\\\/\\\/happynessradio.fr\\\/amiens\\\/wp-content\\\/uploads\\\/sites\\\/3\\\/2025\\\/12\\\/cropped-Portrait-Loic-25-26-96x96.webp\",\"url\":\"https:\\\/\\\/happynessradio.fr\\\/amiens\\\/wp-content\\\/uploads\\\/sites\\\/3\\\/2025\\\/12\\\/cropped-Portrait-Loic-25-26-96x96.webp\",\"contentUrl\":\"https:\\\/\\\/happynessradio.fr\\\/amiens\\\/wp-content\\\/uploads\\\/sites\\\/3\\\/2025\\\/12\\\/cropped-Portrait-Loic-25-26-96x96.webp\",\"caption\":\"Lo\u00efc Dun\"},\"description\":\"R\u00e9dacteur web Happyness. Co-animateur (chroniqueur) Quoi d'neuf ? Amiens Chroniqueur Le R\u00e9veil Happyness\",\"sameAs\":[\"https:\\\/\\\/www.instagram.com\\\/lolo80radio\\\/\",\"https:\\\/\\\/www.linkedin.com\\\/in\\\/loc-d-365960164\\\/\"],\"url\":\"https:\\\/\\\/happynessradio.fr\\\/amiens\\\/articles\\\/author\\\/loicdun\\\/\"}]}<\/script>\n<!-- \/ Yoast SEO plugin. -->","yoast_head_json":{"title":"Infos routes dans la Somme : le point jusqu'au 28 avril - Happyness Amiens","description":"Travaux et routes barr\u00e9es dans la Somme jusqu'au 28 avril : d\u00e9couvrez les secteurs impact\u00e9s (Amiens, Pont-R\u00e9my, Beaumetz) et les infos trafic pour l'Anzac Day.","robots":{"index":"index","follow":"follow","max-snippet":"max-snippet:-1","max-image-preview":"max-image-preview:large","max-video-preview":"max-video-preview:-1"},"canonical":"https:\/\/happynessradio.fr\/amiens\/articles\/infos-routes-dans-la-somme-le-point-jusquau-28-avril\/","og_locale":"fr_FR","og_type":"article","og_title":"Infos routes dans la Somme : le point jusqu'au 28 avril - Happyness Amiens","og_description":"Travaux et routes barr\u00e9es dans la Somme jusqu'au 28 avril : d\u00e9couvrez les secteurs impact\u00e9s (Amiens, Pont-R\u00e9my, Beaumetz) et les infos trafic pour l'Anzac Day.","og_url":"https:\/\/happynessradio.fr\/amiens\/articles\/infos-routes-dans-la-somme-le-point-jusquau-28-avril\/","og_site_name":"Happyness Amiens","article_published_time":"2026-04-15T12:44:28+00:00","article_modified_time":"2026-04-15T12:44:30+00:00","og_image":[{"width":1083,"height":486,"url":"https:\/\/happynessradio.fr\/amiens\/wp-content\/uploads\/sites\/3\/2026\/03\/MockUp-Visuels-articles-23.webp","type":"image\/webp"}],"author":"Lo\u00efc Dun","twitter_card":"summary_large_image","twitter_misc":{"\u00c9crit par":"Lo\u00efc Dun","Dur\u00e9e de lecture estim\u00e9e":"2 minutes"},"schema":{"@context":"https:\/\/schema.org","@graph":[{"@type":"Article","@id":"https:\/\/happynessradio.fr\/amiens\/articles\/infos-routes-dans-la-somme-le-point-jusquau-28-avril\/#article","isPartOf":{"@id":"https:\/\/happynessradio.fr\/amiens\/articles\/infos-routes-dans-la-somme-le-point-jusquau-28-avril\/"},"author":{"name":"Lo\u00efc Dun","@id":"https:\/\/happynessradio.fr\/amiens\/#\/schema\/person\/735f1a1ba15f9478beb4249ad52f7252"},"headline":"Infos routes dans la Somme : le point jusqu&rsquo;au 28 avril","datePublished":"2026-04-15T12:44:28+00:00","dateModified":"2026-04-15T12:44:30+00:00","mainEntityOfPage":{"@id":"https:\/\/happynessradio.fr\/amiens\/articles\/infos-routes-dans-la-somme-le-point-jusquau-28-avril\/"},"wordCount":317,"commentCount":0,"image":{"@id":"https:\/\/happynessradio.fr\/amiens\/articles\/infos-routes-dans-la-somme-le-point-jusquau-28-avril\/#primaryimage"},"thumbnailUrl":"https:\/\/happynessradio.fr\/amiens\/wp-content\/uploads\/sites\/3\/2026\/03\/MockUp-Visuels-articles-23.webp","articleSection":["Amiens"],"inLanguage":"fr-FR","potentialAction":[{"@type":"CommentAction","name":"Comment","target":["https:\/\/happynessradio.fr\/amiens\/articles\/infos-routes-dans-la-somme-le-point-jusquau-28-avril\/#respond"]}]},{"@type":"WebPage","@id":"https:\/\/happynessradio.fr\/amiens\/articles\/infos-routes-dans-la-somme-le-point-jusquau-28-avril\/","url":"https:\/\/happynessradio.fr\/amiens\/articles\/infos-routes-dans-la-somme-le-point-jusquau-28-avril\/","name":"Infos routes dans la Somme : le point jusqu'au 28 avril - Happyness Amiens","isPartOf":{"@id":"https:\/\/happynessradio.fr\/amiens\/#website"},"primaryImageOfPage":{"@id":"https:\/\/happynessradio.fr\/amiens\/articles\/infos-routes-dans-la-somme-le-point-jusquau-28-avril\/#primaryimage"},"image":{"@id":"https:\/\/happynessradio.fr\/amiens\/articles\/infos-routes-dans-la-somme-le-point-jusquau-28-avril\/#primaryimage"},"thumbnailUrl":"https:\/\/happynessradio.fr\/amiens\/wp-content\/uploads\/sites\/3\/2026\/03\/MockUp-Visuels-articles-23.webp","datePublished":"2026-04-15T12:44:28+00:00","dateModified":"2026-04-15T12:44:30+00:00","author":{"@id":"https:\/\/happynessradio.fr\/amiens\/#\/schema\/person\/735f1a1ba15f9478beb4249ad52f7252"},"description":"Travaux et routes barr\u00e9es dans la Somme jusqu'au 28 avril : d\u00e9couvrez les secteurs impact\u00e9s (Amiens, Pont-R\u00e9my, Beaumetz) et les infos trafic pour l'Anzac Day.","breadcrumb":{"@id":"https:\/\/happynessradio.fr\/amiens\/articles\/infos-routes-dans-la-somme-le-point-jusquau-28-avril\/#breadcrumb"},"inLanguage":"fr-FR","potentialAction":[{"@type":"ReadAction","target":["https:\/\/happynessradio.fr\/amiens\/articles\/infos-routes-dans-la-somme-le-point-jusquau-28-avril\/"]}]},{"@type":"ImageObject","inLanguage":"fr-FR","@id":"https:\/\/happynessradio.fr\/amiens\/articles\/infos-routes-dans-la-somme-le-point-jusquau-28-avril\/#primaryimage","url":"https:\/\/happynessradio.fr\/amiens\/wp-content\/uploads\/sites\/3\/2026\/03\/MockUp-Visuels-articles-23.webp","contentUrl":"https:\/\/happynessradio.fr\/amiens\/wp-content\/uploads\/sites\/3\/2026\/03\/MockUp-Visuels-articles-23.webp","width":1083,"height":486,"caption":"Gros plan d'une machine de rev\u00eatement routier jaune en action sur une route d\u00e9partementale dans l'Oise, appliquant de l'asphalte noir frais sur le bitume existant. Un travailleur en gilet de s\u00e9curit\u00e9 et un camion-benne sont visibles en arri\u00e8re-plan sous un soleil \u00e9clatant."},{"@type":"BreadcrumbList","@id":"https:\/\/happynessradio.fr\/amiens\/articles\/infos-routes-dans-la-somme-le-point-jusquau-28-avril\/#breadcrumb","itemListElement":[{"@type":"ListItem","position":1,"name":"Accueil","item":"https:\/\/happynessradio.fr\/amiens\/"},{"@type":"ListItem","position":2,"name":"Infos routes dans la Somme : le point jusqu&rsquo;au 28 avril"}]},{"@type":"WebSite","@id":"https:\/\/happynessradio.fr\/amiens\/#website","url":"https:\/\/happynessradio.fr\/amiens\/","name":"Happyness Amiens","description":"Toujours au plus proche de vous","potentialAction":[{"@type":"SearchAction","target":{"@type":"EntryPoint","urlTemplate":"https:\/\/happynessradio.fr\/amiens\/?s={search_term_string}"},"query-input":{"@type":"PropertyValueSpecification","valueRequired":true,"valueName":"search_term_string"}}],"inLanguage":"fr-FR"},{"@type":"Person","@id":"https:\/\/happynessradio.fr\/amiens\/#\/schema\/person\/735f1a1ba15f9478beb4249ad52f7252","name":"Lo\u00efc Dun","image":{"@type":"ImageObject","inLanguage":"fr-FR","@id":"https:\/\/happynessradio.fr\/amiens\/wp-content\/uploads\/sites\/3\/2025\/12\/cropped-Portrait-Loic-25-26-96x96.webp","url":"https:\/\/happynessradio.fr\/amiens\/wp-content\/uploads\/sites\/3\/2025\/12\/cropped-Portrait-Loic-25-26-96x96.webp","contentUrl":"https:\/\/happynessradio.fr\/amiens\/wp-content\/uploads\/sites\/3\/2025\/12\/cropped-Portrait-Loic-25-26-96x96.webp","caption":"Lo\u00efc Dun"},"description":"R\u00e9dacteur web Happyness. Co-animateur (chroniqueur) Quoi d'neuf ? Amiens Chroniqueur Le R\u00e9veil Happyness","sameAs":["https:\/\/www.instagram.com\/lolo80radio\/","https:\/\/www.linkedin.com\/in\/loc-d-365960164\/"],"url":"https:\/\/happynessradio.fr\/amiens\/articles\/author\/loicdun\/"}]}},"modified_by":"Lo\u00efc Dun","_links":{"self":[{"href":"https:\/\/happynessradio.fr\/amiens\/wp-json\/wp\/v2\/posts\/12629","targetHints":{"allow":["GET"]}}],"collection":[{"href":"https:\/\/happynessradio.fr\/amiens\/wp-json\/wp\/v2\/posts"}],"about":[{"href":"https:\/\/happynessradio.fr\/amiens\/wp-json\/wp\/v2\/types\/post"}],"author":[{"embeddable":true,"href":"https:\/\/happynessradio.fr\/amiens\/wp-json\/wp\/v2\/users\/6"}],"replies":[{"embeddable":true,"href":"https:\/\/happynessradio.fr\/amiens\/wp-json\/wp\/v2\/comments?post=12629"}],"version-history":[{"count":1,"href":"https:\/\/happynessradio.fr\/amiens\/wp-json\/wp\/v2\/posts\/12629\/revisions"}],"predecessor-version":[{"id":12630,"href":"https:\/\/happynessradio.fr\/amiens\/wp-json\/wp\/v2\/posts\/12629\/revisions\/12630"}],"wp:featuredmedia":[{"embeddable":true,"href":"https:\/\/happynessradio.fr\/amiens\/wp-json\/wp\/v2\/media\/12400"}],"wp:attachment":[{"href":"https:\/\/happynessradio.fr\/amiens\/wp-json\/wp\/v2\/media?parent=12629"}],"wp:term":[{"taxonomy":"category","embeddable":true,"href":"https:\/\/happynessradio.fr\/amiens\/wp-json\/wp\/v2\/categories?post=12629"},{"taxonomy":"post_tag","embeddable":true,"href":"https:\/\/happynessradio.fr\/amiens\/wp-json\/wp\/v2\/tags?post=12629"}],"curies":[{"name":"wp","href":"https:\/\/api.w.org\/{rel}","templated":true}]}}