{"id":12631,"date":"2026-04-15T15:27:08","date_gmt":"2026-04-15T13:27:08","guid":{"rendered":"https:\/\/happynessradio.fr\/amiens\/?p=12631"},"modified":"2026-04-15T15:27:10","modified_gmt":"2026-04-15T13:27:10","slug":"villers-bretonneux-toutes-les-infos-sur-la-ceremonie-commemorative-de-laube-de-lanzac-day","status":"publish","type":"post","link":"https:\/\/happynessradio.fr\/amiens\/articles\/villers-bretonneux-toutes-les-infos-sur-la-ceremonie-commemorative-de-laube-de-lanzac-day\/","title":{"rendered":"Villers-Bretonneux : Toutes les infos sur la c\u00e9r\u00e9monie comm\u00e9morative de l&rsquo;aube de l&rsquo;Anzac Day"},"content":{"rendered":"\n<p><em>Le 25 avril prochain se d\u00e9roule la c\u00e9r\u00e9monie comm\u00e9morative de l&rsquo;aube de l&rsquo;Anzac Day \u00e0   Villers-Bretonneux<\/em> <em>qui rend hommage au service et au sacrifice des forces australiennes et N\u00e9o-Z\u00e9landaises durant la Premi\u00e8re Guerre mondiale. Pour se rendre sur place des navettes par bus sont mises en place. <\/em><\/p>\n\n\n\n<h2 class=\"wp-block-heading\"> 111e anniversaire du d\u00e9barquement \u00e0 Gallipoli et 108e anniversaire de la lib\u00e9ration de Villers-Bretonneux <\/h2>\n\n\n\n<p>Le samedi 25 avril prochain, le <a href=\"https:\/\/www.dva.gov.au\/recognition-and-commemoration\/commemoration-services\/overseas-commemorative-services\/anzac-day-villers-bretonneux-france\" id=\"https:\/\/www.dva.gov.au\/recognition-and-commemoration\/commemoration-services\/overseas-commemorative-services\/anzac-day-villers-bretonneux-france\">M\u00e9morial national australien <\/a>de Villers-Bretonneux accueille la c\u00e9r\u00e9monie <a href=\"https:\/\/sjmc.gov.au\/anzac-day\/\" id=\"https:\/\/sjmc.gov.au\/anzac-day\/\">comm\u00e9morative de l&rsquo;aube<\/a> de l&rsquo;Anzac Day\u00a0M\u00e9morial national australien (ANM), qui se d\u00e9roule pr\u00e8s du cimeti\u00e8re militaire dans le cadre du 111e anniversaire du d\u00e9barquement \u00e0 Gallipoli ainsi que du 108e anniversaire de la lib\u00e9ration de Villers-Bretonneux par les 13e et 15e brigades australiennes survenu le 25 avril 1918. <\/p>\n\n\n\n<h2 class=\"wp-block-heading\">Hommage au service et au sacrifice des forces australiennes et N\u00e9o-Z\u00e9landaises durant la Premi\u00e8re Guerre mondiale<\/h2>\n\n\n\n<p> Cette comm\u00e9moration rend hommage au service et au sacrifice des forces australiennes et N\u00e9o-Z\u00e9landaises durant la Premi\u00e8re Guerre mondiale. En avril 1918, une action d\u00e9cisive se d\u00e9roule \u00e0 Villers-Bretonneux qui stoppe l&rsquo;avanc\u00e9e allemande et prot\u00e8ge la capitale picarde, point strat\u00e9gique crucial. En ao\u00fbt de la m\u00eame ann\u00e9e participation \u00e0 la bataille d&rsquo;Amiens, marquant le d\u00e9but de l&rsquo;offensive finale menant \u00e0 l&rsquo;armistice du 11 novembre. Le 25 avril 1915 ce sont plus de 900 personnes qui perdirent la vie sans compter 2000 bless\u00e9s.<\/p>\n\n\n\n<h2 class=\"wp-block-heading\">Des navettes par bus <\/h2>\n\n\n\n<p>A noter que pour se rendre sur place <a href=\"https:\/\/www.somme-tourisme.com\/je-decouvre\/la-grande-guerre\/anzac-day-2026\/\" id=\"https:\/\/www.somme-tourisme.com\/je-decouvre\/la-grande-guerre\/anzac-day-2026\/\">des navettes par bus sur r\u00e9servation <\/a>sont propos\u00e9es au d\u00e9part de la Gare d\u2019Amiens (devant la Tour Perret) \u00e0 2h30 pour le m\u00e9morial national australien (Fouilloy). Retour vers 8h \u00e0 Amiens, mais aussi un second d\u00e9part du m\u00eame endroit (devant la Tour Perret) \u00e9galement \u00e0 2h30 pour le m\u00e9morial national australien (Fouilloy) pour la c\u00e9r\u00e9monie de l\u2019Anzac Day puis transport jusqu\u2019au monument aux morts de Villers-Bretonneux pour la c\u00e9r\u00e9monie de 8h30. Retour vers 11h\u00a0\u00e0 Amiens. Attention, Le tarif des navettes est de\u00a020 euros dont une partie du montant est revers\u00e9e au fonds de collecte\u00a0<a href=\"https:\/\/www.somme-tourisme.com\/somme-battlefields-peace\" target=\"_blank\" rel=\"noreferrer noopener\">Somme Battlefields For Peace<\/a>. <\/p>\n\n\n\n<h2 class=\"wp-block-heading\">Des infos en plus <\/h2>\n\n\n\n<p>A noter que pour assister \u00e0 cet \u00e9v\u00e9nement, il faut pr\u00e9voir de s&rsquo;inscrire en ligne \u00e0 l&rsquo;avance via le site de l&rsquo;<a href=\"https:\/\/commemorations.teg.com.au\/fr\/villers-bretonneux\/\">Anzac Day 2026 \u2013 Villers-Bretonneux<\/a>. Il faut pr\u00e9voir de se munir d&rsquo;une pi\u00e8ce d\u2019identit\u00e9 lors de votre arriv\u00e9e. Pour les d\u00e9tenteurs d\u2019un passeport, veuillez v\u00e9rifier les conditions d\u2019obtention de votre\u00a0<a href=\"https:\/\/www.schengenvisainfo.com\/fr\/\" target=\"_blank\" rel=\"noreferrer noopener\"><strong>visa<\/strong><\/a>. Pour les personnes venant en voiture, un parking est mis disposition au niveau de la gare de Villers-Bretonneux.\u00a0<\/p>\n\n\n\n<hr class=\"wp-block-separator has-alpha-channel-opacity\" \/>\n\n\n\n<blockquote class=\"wp-block-quote is-layout-flow wp-block-quote-is-layout-flow\">\n<p>Retour en vid\u00e9o sur la c\u00e9r\u00e9monie de l&rsquo;ann\u00e9e 2025.<\/p>\n<\/blockquote>\n\n\n\n<figure class=\"wp-block-embed is-type-video is-provider-youtube wp-block-embed-youtube wp-embed-aspect-16-9 wp-has-aspect-ratio\"><div class=\"wp-block-embed__wrapper\">\n<iframe title=\"Anzac Day 2025\" width=\"800\" height=\"450\" src=\"https:\/\/www.youtube.com\/embed\/4S7FkWB1CIs?feature=oembed\" frameborder=\"0\" allow=\"accelerometer; autoplay; clipboard-write; encrypted-media; gyroscope; picture-in-picture; web-share\" referrerpolicy=\"strict-origin-when-cross-origin\" allowfullscreen><\/iframe>\n<\/div><\/figure>\n","protected":false},"excerpt":{"rendered":"<p>Le 25 avril prochain se d\u00e9roule la c\u00e9r\u00e9monie comm\u00e9morative de l&rsquo;aube de l&rsquo;Anzac Day \u00e0 Villers-Bretonneux qui rend hommage au service et au sacrifice des forces australiennes et N\u00e9o-Z\u00e9landaises durant la Premi\u00e8re Guerre mondiale. Pour se rendre sur place des navettes par bus sont mises en place. 111e anniversaire du d\u00e9barquement \u00e0 Gallipoli et 108e anniversaire de la lib\u00e9ration de Villers-Bretonneux Le samedi 25 avril prochain, le M\u00e9morial national australien de Villers-Bretonneux accueille la c\u00e9r\u00e9monie comm\u00e9morative de l&rsquo;aube de l&rsquo;Anzac Day\u00a0M\u00e9morial national australien (ANM), qui se d\u00e9roule pr\u00e8s du cimeti\u00e8re militaire dans le cadre du 111e anniversaire du d\u00e9barquement \u00e0 Gallipoli ainsi que du 108e anniversaire de la lib\u00e9ration de Villers-Bretonneux par les 13e et 15e brigades australiennes survenu le 25 avril 1918. Hommage au service et au sacrifice des forces australiennes et N\u00e9o-Z\u00e9landaises durant la Premi\u00e8re Guerre mondiale Cette comm\u00e9moration rend hommage au service et au sacrifice des forces australiennes et N\u00e9o-Z\u00e9landaises durant la Premi\u00e8re Guerre mondiale. En avril 1918, une action d\u00e9cisive se d\u00e9roule \u00e0 Villers-Bretonneux qui stoppe l&rsquo;avanc\u00e9e allemande et prot\u00e8ge la capitale picarde, point strat\u00e9gique crucial. En ao\u00fbt de la m\u00eame ann\u00e9e participation \u00e0 la bataille d&rsquo;Amiens, marquant le d\u00e9but de l&rsquo;offensive finale menant \u00e0 l&rsquo;armistice du 11 novembre. Le 25 avril 1915 ce sont plus de 900 personnes qui perdirent la vie sans compter 2000 bless\u00e9s. Des navettes par bus A noter que pour se rendre sur place des navettes par bus sur r\u00e9servation sont propos\u00e9es au d\u00e9part de la Gare d\u2019Amiens (devant la Tour Perret) \u00e0 2h30 pour le m\u00e9morial national australien (Fouilloy). Retour vers 8h \u00e0 Amiens, mais aussi un second d\u00e9part du m\u00eame endroit (devant la Tour Perret) \u00e9galement \u00e0 2h30 pour le m\u00e9morial national australien (Fouilloy) pour la c\u00e9r\u00e9monie de l\u2019Anzac Day puis transport jusqu\u2019au monument aux morts de Villers-Bretonneux pour la c\u00e9r\u00e9monie de 8h30. Retour vers 11h\u00a0\u00e0 Amiens. Attention, Le tarif des navettes est de\u00a020 euros dont une partie du montant est revers\u00e9e au fonds de collecte\u00a0Somme Battlefields For Peace. Des infos en plus A noter que pour assister \u00e0 cet \u00e9v\u00e9nement, il faut pr\u00e9voir de s&rsquo;inscrire en ligne \u00e0 l&rsquo;avance via le site de l&rsquo;Anzac Day 2026 \u2013 Villers-Bretonneux. Il faut pr\u00e9voir de se munir d&rsquo;une pi\u00e8ce d\u2019identit\u00e9 lors de votre arriv\u00e9e. Pour les d\u00e9tenteurs d\u2019un passeport, veuillez v\u00e9rifier les conditions d\u2019obtention de votre\u00a0visa. Pour les personnes venant en voiture, un parking est mis disposition au niveau de la gare de Villers-Bretonneux.\u00a0 Retour en vid\u00e9o sur la c\u00e9r\u00e9monie de l&rsquo;ann\u00e9e 2025.<\/p>\n","protected":false},"author":6,"featured_media":12632,"comment_status":"open","ping_status":"open","sticky":false,"template":"","format":"standard","meta":{"_lmt_disableupdate":"","_lmt_disable":"","footnotes":""},"categories":[11],"tags":[],"class_list":["post-12631","post","type-post","status-publish","format-standard","has-post-thumbnail","hentry","category-amiens"],"yoast_head":"<!-- This site is optimized with the Yoast SEO plugin v27.5 - https:\/\/yoast.com\/product\/yoast-seo-wordpress\/ -->\n<title>Villers-Bretonneux : Toutes les infos sur la c\u00e9r\u00e9monie comm\u00e9morative de l&#039;aube de l&#039;Anzac Day - Happyness Amiens<\/title>\n<meta name=\"description\" content=\"Participez \u00e0 la c\u00e9r\u00e9monie de l&#039;aube de l&#039;Anzac Day le 25 avril au M\u00e9morial australien de Villers-Bretonneux. Hommage, infos pratiques et navettes bus depuis Amiens.\" \/>\n<meta name=\"robots\" content=\"index, follow, max-snippet:-1, max-image-preview:large, max-video-preview:-1\" \/>\n<link rel=\"canonical\" href=\"https:\/\/happynessradio.fr\/amiens\/articles\/villers-bretonneux-toutes-les-infos-sur-la-ceremonie-commemorative-de-laube-de-lanzac-day\/\" \/>\n<meta property=\"og:locale\" content=\"fr_FR\" \/>\n<meta property=\"og:type\" content=\"article\" \/>\n<meta property=\"og:title\" content=\"Villers-Bretonneux : Toutes les infos sur la c\u00e9r\u00e9monie comm\u00e9morative de l&#039;aube de l&#039;Anzac Day - Happyness Amiens\" \/>\n<meta property=\"og:description\" content=\"Participez \u00e0 la c\u00e9r\u00e9monie de l&#039;aube de l&#039;Anzac Day le 25 avril au M\u00e9morial australien de Villers-Bretonneux. Hommage, infos pratiques et navettes bus depuis Amiens.\" \/>\n<meta property=\"og:url\" content=\"https:\/\/happynessradio.fr\/amiens\/articles\/villers-bretonneux-toutes-les-infos-sur-la-ceremonie-commemorative-de-laube-de-lanzac-day\/\" \/>\n<meta property=\"og:site_name\" content=\"Happyness Amiens\" \/>\n<meta property=\"article:published_time\" content=\"2026-04-15T13:27:08+00:00\" \/>\n<meta property=\"article:modified_time\" content=\"2026-04-15T13:27:10+00:00\" \/>\n<meta property=\"og:image\" content=\"https:\/\/happynessradio.fr\/amiens\/wp-content\/uploads\/sites\/3\/2026\/04\/MockUp-Visuels-articles-55.webp\" \/>\n\t<meta property=\"og:image:width\" content=\"1083\" \/>\n\t<meta property=\"og:image:height\" content=\"486\" \/>\n\t<meta property=\"og:image:type\" content=\"image\/webp\" \/>\n<meta name=\"author\" content=\"Lo\u00efc Dun\" \/>\n<meta name=\"twitter:card\" content=\"summary_large_image\" \/>\n<meta name=\"twitter:label1\" content=\"\u00c9crit par\" \/>\n\t<meta name=\"twitter:data1\" content=\"Lo\u00efc Dun\" \/>\n\t<meta name=\"twitter:label2\" content=\"Dur\u00e9e de lecture estim\u00e9e\" \/>\n\t<meta name=\"twitter:data2\" content=\"3 minutes\" \/>\n<script type=\"application\/ld+json\" class=\"yoast-schema-graph\">{\"@context\":\"https:\\\/\\\/schema.org\",\"@graph\":[{\"@type\":\"Article\",\"@id\":\"https:\\\/\\\/happynessradio.fr\\\/amiens\\\/articles\\\/villers-bretonneux-toutes-les-infos-sur-la-ceremonie-commemorative-de-laube-de-lanzac-day\\\/#article\",\"isPartOf\":{\"@id\":\"https:\\\/\\\/happynessradio.fr\\\/amiens\\\/articles\\\/villers-bretonneux-toutes-les-infos-sur-la-ceremonie-commemorative-de-laube-de-lanzac-day\\\/\"},\"author\":{\"name\":\"Lo\u00efc Dun\",\"@id\":\"https:\\\/\\\/happynessradio.fr\\\/amiens\\\/#\\\/schema\\\/person\\\/735f1a1ba15f9478beb4249ad52f7252\"},\"headline\":\"Villers-Bretonneux : Toutes les infos sur la c\u00e9r\u00e9monie comm\u00e9morative de l&rsquo;aube de l&rsquo;Anzac Day\",\"datePublished\":\"2026-04-15T13:27:08+00:00\",\"dateModified\":\"2026-04-15T13:27:10+00:00\",\"mainEntityOfPage\":{\"@id\":\"https:\\\/\\\/happynessradio.fr\\\/amiens\\\/articles\\\/villers-bretonneux-toutes-les-infos-sur-la-ceremonie-commemorative-de-laube-de-lanzac-day\\\/\"},\"wordCount\":496,\"commentCount\":0,\"image\":{\"@id\":\"https:\\\/\\\/happynessradio.fr\\\/amiens\\\/articles\\\/villers-bretonneux-toutes-les-infos-sur-la-ceremonie-commemorative-de-laube-de-lanzac-day\\\/#primaryimage\"},\"thumbnailUrl\":\"https:\\\/\\\/happynessradio.fr\\\/amiens\\\/wp-content\\\/uploads\\\/sites\\\/3\\\/2026\\\/04\\\/MockUp-Visuels-articles-55.webp\",\"articleSection\":[\"Amiens\"],\"inLanguage\":\"fr-FR\",\"potentialAction\":[{\"@type\":\"CommentAction\",\"name\":\"Comment\",\"target\":[\"https:\\\/\\\/happynessradio.fr\\\/amiens\\\/articles\\\/villers-bretonneux-toutes-les-infos-sur-la-ceremonie-commemorative-de-laube-de-lanzac-day\\\/#respond\"]}]},{\"@type\":\"WebPage\",\"@id\":\"https:\\\/\\\/happynessradio.fr\\\/amiens\\\/articles\\\/villers-bretonneux-toutes-les-infos-sur-la-ceremonie-commemorative-de-laube-de-lanzac-day\\\/\",\"url\":\"https:\\\/\\\/happynessradio.fr\\\/amiens\\\/articles\\\/villers-bretonneux-toutes-les-infos-sur-la-ceremonie-commemorative-de-laube-de-lanzac-day\\\/\",\"name\":\"Villers-Bretonneux : Toutes les infos sur la c\u00e9r\u00e9monie comm\u00e9morative de l'aube de l'Anzac Day - Happyness Amiens\",\"isPartOf\":{\"@id\":\"https:\\\/\\\/happynessradio.fr\\\/amiens\\\/#website\"},\"primaryImageOfPage\":{\"@id\":\"https:\\\/\\\/happynessradio.fr\\\/amiens\\\/articles\\\/villers-bretonneux-toutes-les-infos-sur-la-ceremonie-commemorative-de-laube-de-lanzac-day\\\/#primaryimage\"},\"image\":{\"@id\":\"https:\\\/\\\/happynessradio.fr\\\/amiens\\\/articles\\\/villers-bretonneux-toutes-les-infos-sur-la-ceremonie-commemorative-de-laube-de-lanzac-day\\\/#primaryimage\"},\"thumbnailUrl\":\"https:\\\/\\\/happynessradio.fr\\\/amiens\\\/wp-content\\\/uploads\\\/sites\\\/3\\\/2026\\\/04\\\/MockUp-Visuels-articles-55.webp\",\"datePublished\":\"2026-04-15T13:27:08+00:00\",\"dateModified\":\"2026-04-15T13:27:10+00:00\",\"author\":{\"@id\":\"https:\\\/\\\/happynessradio.fr\\\/amiens\\\/#\\\/schema\\\/person\\\/735f1a1ba15f9478beb4249ad52f7252\"},\"description\":\"Participez \u00e0 la c\u00e9r\u00e9monie de l'aube de l'Anzac Day le 25 avril au M\u00e9morial australien de Villers-Bretonneux. Hommage, infos pratiques et navettes bus depuis Amiens.\",\"breadcrumb\":{\"@id\":\"https:\\\/\\\/happynessradio.fr\\\/amiens\\\/articles\\\/villers-bretonneux-toutes-les-infos-sur-la-ceremonie-commemorative-de-laube-de-lanzac-day\\\/#breadcrumb\"},\"inLanguage\":\"fr-FR\",\"potentialAction\":[{\"@type\":\"ReadAction\",\"target\":[\"https:\\\/\\\/happynessradio.fr\\\/amiens\\\/articles\\\/villers-bretonneux-toutes-les-infos-sur-la-ceremonie-commemorative-de-laube-de-lanzac-day\\\/\"]}]},{\"@type\":\"ImageObject\",\"inLanguage\":\"fr-FR\",\"@id\":\"https:\\\/\\\/happynessradio.fr\\\/amiens\\\/articles\\\/villers-bretonneux-toutes-les-infos-sur-la-ceremonie-commemorative-de-laube-de-lanzac-day\\\/#primaryimage\",\"url\":\"https:\\\/\\\/happynessradio.fr\\\/amiens\\\/wp-content\\\/uploads\\\/sites\\\/3\\\/2026\\\/04\\\/MockUp-Visuels-articles-55.webp\",\"contentUrl\":\"https:\\\/\\\/happynessradio.fr\\\/amiens\\\/wp-content\\\/uploads\\\/sites\\\/3\\\/2026\\\/04\\\/MockUp-Visuels-articles-55.webp\",\"width\":1083,\"height\":486,\"caption\":\"Vue du centre d'information moderne de l'Australian National Memorial en b\u00e9ton blanc situ\u00e9 au pied d'un imposant en pierre claire, sous un ciel couvert.\"},{\"@type\":\"BreadcrumbList\",\"@id\":\"https:\\\/\\\/happynessradio.fr\\\/amiens\\\/articles\\\/villers-bretonneux-toutes-les-infos-sur-la-ceremonie-commemorative-de-laube-de-lanzac-day\\\/#breadcrumb\",\"itemListElement\":[{\"@type\":\"ListItem\",\"position\":1,\"name\":\"Accueil\",\"item\":\"https:\\\/\\\/happynessradio.fr\\\/amiens\\\/\"},{\"@type\":\"ListItem\",\"position\":2,\"name\":\"Villers-Bretonneux : Toutes les infos sur la c\u00e9r\u00e9monie comm\u00e9morative de l&rsquo;aube de l&rsquo;Anzac Day\"}]},{\"@type\":\"WebSite\",\"@id\":\"https:\\\/\\\/happynessradio.fr\\\/amiens\\\/#website\",\"url\":\"https:\\\/\\\/happynessradio.fr\\\/amiens\\\/\",\"name\":\"Happyness Amiens\",\"description\":\"Toujours au plus proche de vous\",\"potentialAction\":[{\"@type\":\"SearchAction\",\"target\":{\"@type\":\"EntryPoint\",\"urlTemplate\":\"https:\\\/\\\/happynessradio.fr\\\/amiens\\\/?s={search_term_string}\"},\"query-input\":{\"@type\":\"PropertyValueSpecification\",\"valueRequired\":true,\"valueName\":\"search_term_string\"}}],\"inLanguage\":\"fr-FR\"},{\"@type\":\"Person\",\"@id\":\"https:\\\/\\\/happynessradio.fr\\\/amiens\\\/#\\\/schema\\\/person\\\/735f1a1ba15f9478beb4249ad52f7252\",\"name\":\"Lo\u00efc Dun\",\"image\":{\"@type\":\"ImageObject\",\"inLanguage\":\"fr-FR\",\"@id\":\"https:\\\/\\\/happynessradio.fr\\\/amiens\\\/wp-content\\\/uploads\\\/sites\\\/3\\\/2025\\\/12\\\/cropped-Portrait-Loic-25-26-96x96.webp\",\"url\":\"https:\\\/\\\/happynessradio.fr\\\/amiens\\\/wp-content\\\/uploads\\\/sites\\\/3\\\/2025\\\/12\\\/cropped-Portrait-Loic-25-26-96x96.webp\",\"contentUrl\":\"https:\\\/\\\/happynessradio.fr\\\/amiens\\\/wp-content\\\/uploads\\\/sites\\\/3\\\/2025\\\/12\\\/cropped-Portrait-Loic-25-26-96x96.webp\",\"caption\":\"Lo\u00efc Dun\"},\"description\":\"R\u00e9dacteur web Happyness. Co-animateur (chroniqueur) Quoi d'neuf ? Amiens Chroniqueur Le R\u00e9veil Happyness\",\"sameAs\":[\"https:\\\/\\\/www.instagram.com\\\/lolo80radio\\\/\",\"https:\\\/\\\/www.linkedin.com\\\/in\\\/loc-d-365960164\\\/\"],\"url\":\"https:\\\/\\\/happynessradio.fr\\\/amiens\\\/articles\\\/author\\\/loicdun\\\/\"}]}<\/script>\n<!-- \/ Yoast SEO plugin. -->","yoast_head_json":{"title":"Villers-Bretonneux : Toutes les infos sur la c\u00e9r\u00e9monie comm\u00e9morative de l'aube de l'Anzac Day - Happyness Amiens","description":"Participez \u00e0 la c\u00e9r\u00e9monie de l'aube de l'Anzac Day le 25 avril au M\u00e9morial australien de Villers-Bretonneux. Hommage, infos pratiques et navettes bus depuis Amiens.","robots":{"index":"index","follow":"follow","max-snippet":"max-snippet:-1","max-image-preview":"max-image-preview:large","max-video-preview":"max-video-preview:-1"},"canonical":"https:\/\/happynessradio.fr\/amiens\/articles\/villers-bretonneux-toutes-les-infos-sur-la-ceremonie-commemorative-de-laube-de-lanzac-day\/","og_locale":"fr_FR","og_type":"article","og_title":"Villers-Bretonneux : Toutes les infos sur la c\u00e9r\u00e9monie comm\u00e9morative de l'aube de l'Anzac Day - Happyness Amiens","og_description":"Participez \u00e0 la c\u00e9r\u00e9monie de l'aube de l'Anzac Day le 25 avril au M\u00e9morial australien de Villers-Bretonneux. Hommage, infos pratiques et navettes bus depuis Amiens.","og_url":"https:\/\/happynessradio.fr\/amiens\/articles\/villers-bretonneux-toutes-les-infos-sur-la-ceremonie-commemorative-de-laube-de-lanzac-day\/","og_site_name":"Happyness Amiens","article_published_time":"2026-04-15T13:27:08+00:00","article_modified_time":"2026-04-15T13:27:10+00:00","og_image":[{"width":1083,"height":486,"url":"https:\/\/happynessradio.fr\/amiens\/wp-content\/uploads\/sites\/3\/2026\/04\/MockUp-Visuels-articles-55.webp","type":"image\/webp"}],"author":"Lo\u00efc Dun","twitter_card":"summary_large_image","twitter_misc":{"\u00c9crit par":"Lo\u00efc Dun","Dur\u00e9e de lecture estim\u00e9e":"3 minutes"},"schema":{"@context":"https:\/\/schema.org","@graph":[{"@type":"Article","@id":"https:\/\/happynessradio.fr\/amiens\/articles\/villers-bretonneux-toutes-les-infos-sur-la-ceremonie-commemorative-de-laube-de-lanzac-day\/#article","isPartOf":{"@id":"https:\/\/happynessradio.fr\/amiens\/articles\/villers-bretonneux-toutes-les-infos-sur-la-ceremonie-commemorative-de-laube-de-lanzac-day\/"},"author":{"name":"Lo\u00efc Dun","@id":"https:\/\/happynessradio.fr\/amiens\/#\/schema\/person\/735f1a1ba15f9478beb4249ad52f7252"},"headline":"Villers-Bretonneux : Toutes les infos sur la c\u00e9r\u00e9monie comm\u00e9morative de l&rsquo;aube de l&rsquo;Anzac Day","datePublished":"2026-04-15T13:27:08+00:00","dateModified":"2026-04-15T13:27:10+00:00","mainEntityOfPage":{"@id":"https:\/\/happynessradio.fr\/amiens\/articles\/villers-bretonneux-toutes-les-infos-sur-la-ceremonie-commemorative-de-laube-de-lanzac-day\/"},"wordCount":496,"commentCount":0,"image":{"@id":"https:\/\/happynessradio.fr\/amiens\/articles\/villers-bretonneux-toutes-les-infos-sur-la-ceremonie-commemorative-de-laube-de-lanzac-day\/#primaryimage"},"thumbnailUrl":"https:\/\/happynessradio.fr\/amiens\/wp-content\/uploads\/sites\/3\/2026\/04\/MockUp-Visuels-articles-55.webp","articleSection":["Amiens"],"inLanguage":"fr-FR","potentialAction":[{"@type":"CommentAction","name":"Comment","target":["https:\/\/happynessradio.fr\/amiens\/articles\/villers-bretonneux-toutes-les-infos-sur-la-ceremonie-commemorative-de-laube-de-lanzac-day\/#respond"]}]},{"@type":"WebPage","@id":"https:\/\/happynessradio.fr\/amiens\/articles\/villers-bretonneux-toutes-les-infos-sur-la-ceremonie-commemorative-de-laube-de-lanzac-day\/","url":"https:\/\/happynessradio.fr\/amiens\/articles\/villers-bretonneux-toutes-les-infos-sur-la-ceremonie-commemorative-de-laube-de-lanzac-day\/","name":"Villers-Bretonneux : Toutes les infos sur la c\u00e9r\u00e9monie comm\u00e9morative de l'aube de l'Anzac Day - Happyness Amiens","isPartOf":{"@id":"https:\/\/happynessradio.fr\/amiens\/#website"},"primaryImageOfPage":{"@id":"https:\/\/happynessradio.fr\/amiens\/articles\/villers-bretonneux-toutes-les-infos-sur-la-ceremonie-commemorative-de-laube-de-lanzac-day\/#primaryimage"},"image":{"@id":"https:\/\/happynessradio.fr\/amiens\/articles\/villers-bretonneux-toutes-les-infos-sur-la-ceremonie-commemorative-de-laube-de-lanzac-day\/#primaryimage"},"thumbnailUrl":"https:\/\/happynessradio.fr\/amiens\/wp-content\/uploads\/sites\/3\/2026\/04\/MockUp-Visuels-articles-55.webp","datePublished":"2026-04-15T13:27:08+00:00","dateModified":"2026-04-15T13:27:10+00:00","author":{"@id":"https:\/\/happynessradio.fr\/amiens\/#\/schema\/person\/735f1a1ba15f9478beb4249ad52f7252"},"description":"Participez \u00e0 la c\u00e9r\u00e9monie de l'aube de l'Anzac Day le 25 avril au M\u00e9morial australien de Villers-Bretonneux. Hommage, infos pratiques et navettes bus depuis Amiens.","breadcrumb":{"@id":"https:\/\/happynessradio.fr\/amiens\/articles\/villers-bretonneux-toutes-les-infos-sur-la-ceremonie-commemorative-de-laube-de-lanzac-day\/#breadcrumb"},"inLanguage":"fr-FR","potentialAction":[{"@type":"ReadAction","target":["https:\/\/happynessradio.fr\/amiens\/articles\/villers-bretonneux-toutes-les-infos-sur-la-ceremonie-commemorative-de-laube-de-lanzac-day\/"]}]},{"@type":"ImageObject","inLanguage":"fr-FR","@id":"https:\/\/happynessradio.fr\/amiens\/articles\/villers-bretonneux-toutes-les-infos-sur-la-ceremonie-commemorative-de-laube-de-lanzac-day\/#primaryimage","url":"https:\/\/happynessradio.fr\/amiens\/wp-content\/uploads\/sites\/3\/2026\/04\/MockUp-Visuels-articles-55.webp","contentUrl":"https:\/\/happynessradio.fr\/amiens\/wp-content\/uploads\/sites\/3\/2026\/04\/MockUp-Visuels-articles-55.webp","width":1083,"height":486,"caption":"Vue du centre d'information moderne de l'Australian National Memorial en b\u00e9ton blanc situ\u00e9 au pied d'un imposant en pierre claire, sous un ciel couvert."},{"@type":"BreadcrumbList","@id":"https:\/\/happynessradio.fr\/amiens\/articles\/villers-bretonneux-toutes-les-infos-sur-la-ceremonie-commemorative-de-laube-de-lanzac-day\/#breadcrumb","itemListElement":[{"@type":"ListItem","position":1,"name":"Accueil","item":"https:\/\/happynessradio.fr\/amiens\/"},{"@type":"ListItem","position":2,"name":"Villers-Bretonneux : Toutes les infos sur la c\u00e9r\u00e9monie comm\u00e9morative de l&rsquo;aube de l&rsquo;Anzac Day"}]},{"@type":"WebSite","@id":"https:\/\/happynessradio.fr\/amiens\/#website","url":"https:\/\/happynessradio.fr\/amiens\/","name":"Happyness Amiens","description":"Toujours au plus proche de vous","potentialAction":[{"@type":"SearchAction","target":{"@type":"EntryPoint","urlTemplate":"https:\/\/happynessradio.fr\/amiens\/?s={search_term_string}"},"query-input":{"@type":"PropertyValueSpecification","valueRequired":true,"valueName":"search_term_string"}}],"inLanguage":"fr-FR"},{"@type":"Person","@id":"https:\/\/happynessradio.fr\/amiens\/#\/schema\/person\/735f1a1ba15f9478beb4249ad52f7252","name":"Lo\u00efc Dun","image":{"@type":"ImageObject","inLanguage":"fr-FR","@id":"https:\/\/happynessradio.fr\/amiens\/wp-content\/uploads\/sites\/3\/2025\/12\/cropped-Portrait-Loic-25-26-96x96.webp","url":"https:\/\/happynessradio.fr\/amiens\/wp-content\/uploads\/sites\/3\/2025\/12\/cropped-Portrait-Loic-25-26-96x96.webp","contentUrl":"https:\/\/happynessradio.fr\/amiens\/wp-content\/uploads\/sites\/3\/2025\/12\/cropped-Portrait-Loic-25-26-96x96.webp","caption":"Lo\u00efc Dun"},"description":"R\u00e9dacteur web Happyness. Co-animateur (chroniqueur) Quoi d'neuf ? Amiens Chroniqueur Le R\u00e9veil Happyness","sameAs":["https:\/\/www.instagram.com\/lolo80radio\/","https:\/\/www.linkedin.com\/in\/loc-d-365960164\/"],"url":"https:\/\/happynessradio.fr\/amiens\/articles\/author\/loicdun\/"}]}},"modified_by":"Lo\u00efc Dun","_links":{"self":[{"href":"https:\/\/happynessradio.fr\/amiens\/wp-json\/wp\/v2\/posts\/12631","targetHints":{"allow":["GET"]}}],"collection":[{"href":"https:\/\/happynessradio.fr\/amiens\/wp-json\/wp\/v2\/posts"}],"about":[{"href":"https:\/\/happynessradio.fr\/amiens\/wp-json\/wp\/v2\/types\/post"}],"author":[{"embeddable":true,"href":"https:\/\/happynessradio.fr\/amiens\/wp-json\/wp\/v2\/users\/6"}],"replies":[{"embeddable":true,"href":"https:\/\/happynessradio.fr\/amiens\/wp-json\/wp\/v2\/comments?post=12631"}],"version-history":[{"count":1,"href":"https:\/\/happynessradio.fr\/amiens\/wp-json\/wp\/v2\/posts\/12631\/revisions"}],"predecessor-version":[{"id":12633,"href":"https:\/\/happynessradio.fr\/amiens\/wp-json\/wp\/v2\/posts\/12631\/revisions\/12633"}],"wp:featuredmedia":[{"embeddable":true,"href":"https:\/\/happynessradio.fr\/amiens\/wp-json\/wp\/v2\/media\/12632"}],"wp:attachment":[{"href":"https:\/\/happynessradio.fr\/amiens\/wp-json\/wp\/v2\/media?parent=12631"}],"wp:term":[{"taxonomy":"category","embeddable":true,"href":"https:\/\/happynessradio.fr\/amiens\/wp-json\/wp\/v2\/categories?post=12631"},{"taxonomy":"post_tag","embeddable":true,"href":"https:\/\/happynessradio.fr\/amiens\/wp-json\/wp\/v2\/tags?post=12631"}],"curies":[{"name":"wp","href":"https:\/\/api.w.org\/{rel}","templated":true}]}}