{"id":12634,"date":"2026-04-16T14:55:20","date_gmt":"2026-04-16T12:55:20","guid":{"rendered":"https:\/\/happynessradio.fr\/amiens\/?p=12634"},"modified":"2026-04-16T14:55:22","modified_gmt":"2026-04-16T12:55:22","slug":"saleux-un-voyage-scolaire-sur-le-theme-de-marcel-pagnol","status":"publish","type":"post","link":"https:\/\/happynessradio.fr\/amiens\/articles\/saleux-un-voyage-scolaire-sur-le-theme-de-marcel-pagnol\/","title":{"rendered":"Saleux : un voyage scolaire sur le th\u00e8me de Marcel Pagnol"},"content":{"rendered":"\n<p><em>Les \u00e9l\u00e8ves des classes de CE2-CM1 et CM1-CM2 de l&rsquo;\u00e9cole de Saleux (Somme) ont pour projet un s\u00e9jour scolaire dans le sud de la France. Ils ont lanc\u00e9 une cagnotte en ligne qui a d\u00e9j\u00e0 r\u00e9colt\u00e9 1 920<strong> <\/strong>euros (\u00e0 l&rsquo;heure \u00e0 laquelle nous \u00e9crivons ces lignes). Ce voyage doit se d\u00e9rouler autour de l&rsquo;\u0153uvre de l&rsquo;\u00e9crivain Marcel Pagnol. <\/em>   <\/p>\n\n\n\n<h2 class=\"wp-block-heading\">Autour de l&rsquo;\u0153uvre de Marcel Pagnol <\/h2>\n\n\n\n<p>Les \u00e9l\u00e8ves des classes de CE2-CM1 et CM1-CM2 de l&rsquo;<a href=\"https:\/\/www.education.gouv.fr\/annuaire\/80480\/saleux\/ecole\/0802054y\/ecole-primaire-curie-degardin.html\" id=\"https:\/\/www.education.gouv.fr\/annuaire\/80480\/saleux\/ecole\/0802054y\/ecole-primaire-curie-degardin.html\">\u00e9cole de Saleux<\/a> (Somme) ont pour projet un s\u00e9jour scolaire autour de l\u2019\u0153uvre de l&rsquo;\u00e9crivain <a href=\"https:\/\/www.marcel-pagnol.com\/\" id=\"https:\/\/www.marcel-pagnol.com\/\">Marcel Pagnol<\/a>, ils ont donc pour objectif de se rendre dans le sud de la France, en l&rsquo;occurrence \u00e0 <a href=\"https:\/\/www.calanques-parcnational.fr\/fr\" id=\"https:\/\/www.calanques-parcnational.fr\/fr\">Marseille<\/a> et <a href=\"https:\/\/www.aubagne.fr\/vivre-a-aubagne\/decouvrir-aubagne\/patrimoine\/patrimoine-culturel-et-artistique\/celebrite-personnalites\/marcel-pagnol\/\" id=\"https:\/\/www.aubagne.fr\/vivre-a-aubagne\/decouvrir-aubagne\/patrimoine\/patrimoine-culturel-et-artistique\/celebrite-personnalites\/marcel-pagnol\/\">Aubagne<\/a>. Ils souhaitent d\u00e9couvrir les paysages qui ont inspir\u00e9 ses \u0153uvres, approfondir la compr\u00e9hension de ses textes ainsi que d&rsquo;enrichir leurs apprentissages en litt\u00e9rature, histoire et g\u00e9ographie.<\/p>\n\n\n\n<h2 class=\"wp-block-heading\">Une cagnotte en ligne <\/h2>\n\n\n\n<p>Ils seront soixante-deux \u00e9l\u00e8ves \u00e0 participer \u00e0 ce voyage rempli de d\u00e9couvertes culturelles et artistiques, mais cela n&rsquo;est sans cons\u00e9quence concernant le budget. C&rsquo;est pourquoi <a href=\"https:\/\/trousseaprojets.fr\/projet\/20677-classe-de-decouverte-sur-les-traces-de-marcel-pagnol\" id=\"https:\/\/trousseaprojets.fr\/projet\/20677-classe-de-decouverte-sur-les-traces-de-marcel-pagnol\">une cagnotte<\/a> a \u00e9t\u00e9 a mise en ligne mais le projet est indiqu\u00e9 comme termin\u00e9, en effet, celui-ci a d\u00e9j\u00e0 r\u00e9colt\u00e9e 1 920<strong> <\/strong>euros (\u00e0 l&rsquo;heure \u00e0 laquelle nous \u00e9crivons ces lignes) avec un objectif minimum de 500 euros pour un objectif<strong> <\/strong>optimum\u00a0de 5 000. Il y a d\u00e9j\u00e0 vingt-quatre donateurs. <\/p>\n\n\n\n<h2 class=\"wp-block-heading\">Leur assurer un s\u00e9jour complet <\/h2>\n\n\n\n<p><em>\u00a0\u00bb L&rsquo;objectif minimum de 500 euros nous permettra\u00a0de couvrir une partie des frais du s\u00e9jour et de nous rapprocher du budget n\u00e9cessaire pour que ce projet se r\u00e9alise pleinement \u00ab\u00a0<\/em> comme l&rsquo;indique le projet, en ajoutant que<em> \u00a0\u00bb l&rsquo;objectif optimum de 5000 euros nous permettra\u00a0de boucler le budget de mani\u00e8re sereine et d\u2019assurer \u00e0 nos 62 \u00e9l\u00e8ves un s\u00e9jour complet et enrichissant sur les traces de Marcel Pagnol \u00ab\u00a0.\u00a0<\/em>Par ailleurs, les \u00e9l\u00e8ves et leurs accompagnateurs ont pr\u00e9vu de dormir sur place. <\/p>\n\n\n\n<p><\/p>\n\n\n\n<p><\/p>\n","protected":false},"excerpt":{"rendered":"<p>Les \u00e9l\u00e8ves des classes de CE2-CM1 et CM1-CM2 de l&rsquo;\u00e9cole de Saleux (Somme) ont pour projet un s\u00e9jour scolaire dans le sud de la France. Ils ont lanc\u00e9 une cagnotte en ligne qui a d\u00e9j\u00e0 r\u00e9colt\u00e9 1 920 euros (\u00e0 l&rsquo;heure \u00e0 laquelle nous \u00e9crivons ces lignes). Ce voyage doit se d\u00e9rouler autour de l&rsquo;\u0153uvre de l&rsquo;\u00e9crivain Marcel Pagnol. Autour de l&rsquo;\u0153uvre de Marcel Pagnol Les \u00e9l\u00e8ves des classes de CE2-CM1 et CM1-CM2 de l&rsquo;\u00e9cole de Saleux (Somme) ont pour projet un s\u00e9jour scolaire autour de l\u2019\u0153uvre de l&rsquo;\u00e9crivain Marcel Pagnol, ils ont donc pour objectif de se rendre dans le sud de la France, en l&rsquo;occurrence \u00e0 Marseille et Aubagne. Ils souhaitent d\u00e9couvrir les paysages qui ont inspir\u00e9 ses \u0153uvres, approfondir la compr\u00e9hension de ses textes ainsi que d&rsquo;enrichir leurs apprentissages en litt\u00e9rature, histoire et g\u00e9ographie. Une cagnotte en ligne Ils seront soixante-deux \u00e9l\u00e8ves \u00e0 participer \u00e0 ce voyage rempli de d\u00e9couvertes culturelles et artistiques, mais cela n&rsquo;est sans cons\u00e9quence concernant le budget. C&rsquo;est pourquoi une cagnotte a \u00e9t\u00e9 a mise en ligne mais le projet est indiqu\u00e9 comme termin\u00e9, en effet, celui-ci a d\u00e9j\u00e0 r\u00e9colt\u00e9e 1 920 euros (\u00e0 l&rsquo;heure \u00e0 laquelle nous \u00e9crivons ces lignes) avec un objectif minimum de 500 euros pour un objectif optimum\u00a0de 5 000. Il y a d\u00e9j\u00e0 vingt-quatre donateurs. Leur assurer un s\u00e9jour complet \u00a0\u00bb L&rsquo;objectif minimum de 500 euros nous permettra\u00a0de couvrir une partie des frais du s\u00e9jour et de nous rapprocher du budget n\u00e9cessaire pour que ce projet se r\u00e9alise pleinement \u00ab\u00a0 comme l&rsquo;indique le projet, en ajoutant que \u00a0\u00bb l&rsquo;objectif optimum de 5000 euros nous permettra\u00a0de boucler le budget de mani\u00e8re sereine et d\u2019assurer \u00e0 nos 62 \u00e9l\u00e8ves un s\u00e9jour complet et enrichissant sur les traces de Marcel Pagnol \u00ab\u00a0.\u00a0Par ailleurs, les \u00e9l\u00e8ves et leurs accompagnateurs ont pr\u00e9vu de dormir sur place.<\/p>\n","protected":false},"author":6,"featured_media":12635,"comment_status":"open","ping_status":"open","sticky":false,"template":"","format":"standard","meta":{"_lmt_disableupdate":"","_lmt_disable":"","footnotes":""},"categories":[11],"tags":[],"class_list":["post-12634","post","type-post","status-publish","format-standard","has-post-thumbnail","hentry","category-amiens"],"yoast_head":"<!-- This site is optimized with the Yoast SEO plugin v27.5 - https:\/\/yoast.com\/product\/yoast-seo-wordpress\/ -->\n<title>Saleux : un voyage scolaire sur le th\u00e8me de Marcel Pagnol - Happyness Amiens<\/title>\n<meta name=\"description\" content=\"D\u00e9couvrez le projet p\u00e9dagogique des 62 \u00e9l\u00e8ves de Saleux (Somme) sur les traces de Marcel Pagnol \u00e0 Aubagne et Marseille. Soutenez leur voyage scolaire via leur cagnotte en ligne.\" \/>\n<meta name=\"robots\" content=\"index, follow, max-snippet:-1, max-image-preview:large, max-video-preview:-1\" \/>\n<link rel=\"canonical\" href=\"https:\/\/happynessradio.fr\/amiens\/articles\/saleux-un-voyage-scolaire-sur-le-theme-de-marcel-pagnol\/\" \/>\n<meta property=\"og:locale\" content=\"fr_FR\" \/>\n<meta property=\"og:type\" content=\"article\" \/>\n<meta property=\"og:title\" content=\"Saleux : un voyage scolaire sur le th\u00e8me de Marcel Pagnol - Happyness Amiens\" \/>\n<meta property=\"og:description\" content=\"D\u00e9couvrez le projet p\u00e9dagogique des 62 \u00e9l\u00e8ves de Saleux (Somme) sur les traces de Marcel Pagnol \u00e0 Aubagne et Marseille. Soutenez leur voyage scolaire via leur cagnotte en ligne.\" \/>\n<meta property=\"og:url\" content=\"https:\/\/happynessradio.fr\/amiens\/articles\/saleux-un-voyage-scolaire-sur-le-theme-de-marcel-pagnol\/\" \/>\n<meta property=\"og:site_name\" content=\"Happyness Amiens\" \/>\n<meta property=\"article:published_time\" content=\"2026-04-16T12:55:20+00:00\" \/>\n<meta property=\"article:modified_time\" content=\"2026-04-16T12:55:22+00:00\" \/>\n<meta property=\"og:image\" content=\"https:\/\/happynessradio.fr\/amiens\/wp-content\/uploads\/sites\/3\/2026\/04\/MockUp-Visuels-articles-56-1.webp\" \/>\n\t<meta property=\"og:image:width\" content=\"1083\" \/>\n\t<meta property=\"og:image:height\" content=\"486\" \/>\n\t<meta property=\"og:image:type\" content=\"image\/webp\" \/>\n<meta name=\"author\" content=\"Lo\u00efc Dun\" \/>\n<meta name=\"twitter:card\" content=\"summary_large_image\" \/>\n<meta name=\"twitter:label1\" content=\"\u00c9crit par\" \/>\n\t<meta name=\"twitter:data1\" content=\"Lo\u00efc Dun\" \/>\n\t<meta name=\"twitter:label2\" content=\"Dur\u00e9e de lecture estim\u00e9e\" \/>\n\t<meta name=\"twitter:data2\" content=\"2 minutes\" \/>\n<script type=\"application\/ld+json\" class=\"yoast-schema-graph\">{\"@context\":\"https:\\\/\\\/schema.org\",\"@graph\":[{\"@type\":\"Article\",\"@id\":\"https:\\\/\\\/happynessradio.fr\\\/amiens\\\/articles\\\/saleux-un-voyage-scolaire-sur-le-theme-de-marcel-pagnol\\\/#article\",\"isPartOf\":{\"@id\":\"https:\\\/\\\/happynessradio.fr\\\/amiens\\\/articles\\\/saleux-un-voyage-scolaire-sur-le-theme-de-marcel-pagnol\\\/\"},\"author\":{\"name\":\"Lo\u00efc Dun\",\"@id\":\"https:\\\/\\\/happynessradio.fr\\\/amiens\\\/#\\\/schema\\\/person\\\/735f1a1ba15f9478beb4249ad52f7252\"},\"headline\":\"Saleux : un voyage scolaire sur le th\u00e8me de Marcel Pagnol\",\"datePublished\":\"2026-04-16T12:55:20+00:00\",\"dateModified\":\"2026-04-16T12:55:22+00:00\",\"mainEntityOfPage\":{\"@id\":\"https:\\\/\\\/happynessradio.fr\\\/amiens\\\/articles\\\/saleux-un-voyage-scolaire-sur-le-theme-de-marcel-pagnol\\\/\"},\"wordCount\":344,\"commentCount\":0,\"image\":{\"@id\":\"https:\\\/\\\/happynessradio.fr\\\/amiens\\\/articles\\\/saleux-un-voyage-scolaire-sur-le-theme-de-marcel-pagnol\\\/#primaryimage\"},\"thumbnailUrl\":\"https:\\\/\\\/happynessradio.fr\\\/amiens\\\/wp-content\\\/uploads\\\/sites\\\/3\\\/2026\\\/04\\\/MockUp-Visuels-articles-56-1.webp\",\"articleSection\":[\"Amiens\"],\"inLanguage\":\"fr-FR\",\"potentialAction\":[{\"@type\":\"CommentAction\",\"name\":\"Comment\",\"target\":[\"https:\\\/\\\/happynessradio.fr\\\/amiens\\\/articles\\\/saleux-un-voyage-scolaire-sur-le-theme-de-marcel-pagnol\\\/#respond\"]}]},{\"@type\":\"WebPage\",\"@id\":\"https:\\\/\\\/happynessradio.fr\\\/amiens\\\/articles\\\/saleux-un-voyage-scolaire-sur-le-theme-de-marcel-pagnol\\\/\",\"url\":\"https:\\\/\\\/happynessradio.fr\\\/amiens\\\/articles\\\/saleux-un-voyage-scolaire-sur-le-theme-de-marcel-pagnol\\\/\",\"name\":\"Saleux : un voyage scolaire sur le th\u00e8me de Marcel Pagnol - Happyness Amiens\",\"isPartOf\":{\"@id\":\"https:\\\/\\\/happynessradio.fr\\\/amiens\\\/#website\"},\"primaryImageOfPage\":{\"@id\":\"https:\\\/\\\/happynessradio.fr\\\/amiens\\\/articles\\\/saleux-un-voyage-scolaire-sur-le-theme-de-marcel-pagnol\\\/#primaryimage\"},\"image\":{\"@id\":\"https:\\\/\\\/happynessradio.fr\\\/amiens\\\/articles\\\/saleux-un-voyage-scolaire-sur-le-theme-de-marcel-pagnol\\\/#primaryimage\"},\"thumbnailUrl\":\"https:\\\/\\\/happynessradio.fr\\\/amiens\\\/wp-content\\\/uploads\\\/sites\\\/3\\\/2026\\\/04\\\/MockUp-Visuels-articles-56-1.webp\",\"datePublished\":\"2026-04-16T12:55:20+00:00\",\"dateModified\":\"2026-04-16T12:55:22+00:00\",\"author\":{\"@id\":\"https:\\\/\\\/happynessradio.fr\\\/amiens\\\/#\\\/schema\\\/person\\\/735f1a1ba15f9478beb4249ad52f7252\"},\"description\":\"D\u00e9couvrez le projet p\u00e9dagogique des 62 \u00e9l\u00e8ves de Saleux (Somme) sur les traces de Marcel Pagnol \u00e0 Aubagne et Marseille. Soutenez leur voyage scolaire via leur cagnotte en ligne.\",\"breadcrumb\":{\"@id\":\"https:\\\/\\\/happynessradio.fr\\\/amiens\\\/articles\\\/saleux-un-voyage-scolaire-sur-le-theme-de-marcel-pagnol\\\/#breadcrumb\"},\"inLanguage\":\"fr-FR\",\"potentialAction\":[{\"@type\":\"ReadAction\",\"target\":[\"https:\\\/\\\/happynessradio.fr\\\/amiens\\\/articles\\\/saleux-un-voyage-scolaire-sur-le-theme-de-marcel-pagnol\\\/\"]}]},{\"@type\":\"ImageObject\",\"inLanguage\":\"fr-FR\",\"@id\":\"https:\\\/\\\/happynessradio.fr\\\/amiens\\\/articles\\\/saleux-un-voyage-scolaire-sur-le-theme-de-marcel-pagnol\\\/#primaryimage\",\"url\":\"https:\\\/\\\/happynessradio.fr\\\/amiens\\\/wp-content\\\/uploads\\\/sites\\\/3\\\/2026\\\/04\\\/MockUp-Visuels-articles-56-1.webp\",\"contentUrl\":\"https:\\\/\\\/happynessradio.fr\\\/amiens\\\/wp-content\\\/uploads\\\/sites\\\/3\\\/2026\\\/04\\\/MockUp-Visuels-articles-56-1.webp\",\"width\":1083,\"height\":486,\"caption\":\"Vue de dos d'un groupe d'enfants marchant ensemble, portant chacun un sac \u00e0 dos color\u00e9 et des v\u00eatements estivaux (shorts, chapeaux de soleil). Les sacs \u00e0 dos pr\u00e9sentent divers motifs et couleurs vives comme le jaune, le rouge, le bleu et le pastel.\"},{\"@type\":\"BreadcrumbList\",\"@id\":\"https:\\\/\\\/happynessradio.fr\\\/amiens\\\/articles\\\/saleux-un-voyage-scolaire-sur-le-theme-de-marcel-pagnol\\\/#breadcrumb\",\"itemListElement\":[{\"@type\":\"ListItem\",\"position\":1,\"name\":\"Accueil\",\"item\":\"https:\\\/\\\/happynessradio.fr\\\/amiens\\\/\"},{\"@type\":\"ListItem\",\"position\":2,\"name\":\"Saleux : un voyage scolaire sur le th\u00e8me de Marcel Pagnol\"}]},{\"@type\":\"WebSite\",\"@id\":\"https:\\\/\\\/happynessradio.fr\\\/amiens\\\/#website\",\"url\":\"https:\\\/\\\/happynessradio.fr\\\/amiens\\\/\",\"name\":\"Happyness Amiens\",\"description\":\"Toujours au plus proche de vous\",\"potentialAction\":[{\"@type\":\"SearchAction\",\"target\":{\"@type\":\"EntryPoint\",\"urlTemplate\":\"https:\\\/\\\/happynessradio.fr\\\/amiens\\\/?s={search_term_string}\"},\"query-input\":{\"@type\":\"PropertyValueSpecification\",\"valueRequired\":true,\"valueName\":\"search_term_string\"}}],\"inLanguage\":\"fr-FR\"},{\"@type\":\"Person\",\"@id\":\"https:\\\/\\\/happynessradio.fr\\\/amiens\\\/#\\\/schema\\\/person\\\/735f1a1ba15f9478beb4249ad52f7252\",\"name\":\"Lo\u00efc Dun\",\"image\":{\"@type\":\"ImageObject\",\"inLanguage\":\"fr-FR\",\"@id\":\"https:\\\/\\\/happynessradio.fr\\\/amiens\\\/wp-content\\\/uploads\\\/sites\\\/3\\\/2025\\\/12\\\/cropped-Portrait-Loic-25-26-96x96.webp\",\"url\":\"https:\\\/\\\/happynessradio.fr\\\/amiens\\\/wp-content\\\/uploads\\\/sites\\\/3\\\/2025\\\/12\\\/cropped-Portrait-Loic-25-26-96x96.webp\",\"contentUrl\":\"https:\\\/\\\/happynessradio.fr\\\/amiens\\\/wp-content\\\/uploads\\\/sites\\\/3\\\/2025\\\/12\\\/cropped-Portrait-Loic-25-26-96x96.webp\",\"caption\":\"Lo\u00efc Dun\"},\"description\":\"R\u00e9dacteur web Happyness. Co-animateur (chroniqueur) Quoi d'neuf ? Amiens Chroniqueur Le R\u00e9veil Happyness\",\"sameAs\":[\"https:\\\/\\\/www.instagram.com\\\/lolo80radio\\\/\",\"https:\\\/\\\/www.linkedin.com\\\/in\\\/loc-d-365960164\\\/\"],\"url\":\"https:\\\/\\\/happynessradio.fr\\\/amiens\\\/articles\\\/author\\\/loicdun\\\/\"}]}<\/script>\n<!-- \/ Yoast SEO plugin. -->","yoast_head_json":{"title":"Saleux : un voyage scolaire sur le th\u00e8me de Marcel Pagnol - Happyness Amiens","description":"D\u00e9couvrez le projet p\u00e9dagogique des 62 \u00e9l\u00e8ves de Saleux (Somme) sur les traces de Marcel Pagnol \u00e0 Aubagne et Marseille. Soutenez leur voyage scolaire via leur cagnotte en ligne.","robots":{"index":"index","follow":"follow","max-snippet":"max-snippet:-1","max-image-preview":"max-image-preview:large","max-video-preview":"max-video-preview:-1"},"canonical":"https:\/\/happynessradio.fr\/amiens\/articles\/saleux-un-voyage-scolaire-sur-le-theme-de-marcel-pagnol\/","og_locale":"fr_FR","og_type":"article","og_title":"Saleux : un voyage scolaire sur le th\u00e8me de Marcel Pagnol - Happyness Amiens","og_description":"D\u00e9couvrez le projet p\u00e9dagogique des 62 \u00e9l\u00e8ves de Saleux (Somme) sur les traces de Marcel Pagnol \u00e0 Aubagne et Marseille. Soutenez leur voyage scolaire via leur cagnotte en ligne.","og_url":"https:\/\/happynessradio.fr\/amiens\/articles\/saleux-un-voyage-scolaire-sur-le-theme-de-marcel-pagnol\/","og_site_name":"Happyness Amiens","article_published_time":"2026-04-16T12:55:20+00:00","article_modified_time":"2026-04-16T12:55:22+00:00","og_image":[{"width":1083,"height":486,"url":"https:\/\/happynessradio.fr\/amiens\/wp-content\/uploads\/sites\/3\/2026\/04\/MockUp-Visuels-articles-56-1.webp","type":"image\/webp"}],"author":"Lo\u00efc Dun","twitter_card":"summary_large_image","twitter_misc":{"\u00c9crit par":"Lo\u00efc Dun","Dur\u00e9e de lecture estim\u00e9e":"2 minutes"},"schema":{"@context":"https:\/\/schema.org","@graph":[{"@type":"Article","@id":"https:\/\/happynessradio.fr\/amiens\/articles\/saleux-un-voyage-scolaire-sur-le-theme-de-marcel-pagnol\/#article","isPartOf":{"@id":"https:\/\/happynessradio.fr\/amiens\/articles\/saleux-un-voyage-scolaire-sur-le-theme-de-marcel-pagnol\/"},"author":{"name":"Lo\u00efc Dun","@id":"https:\/\/happynessradio.fr\/amiens\/#\/schema\/person\/735f1a1ba15f9478beb4249ad52f7252"},"headline":"Saleux : un voyage scolaire sur le th\u00e8me de Marcel Pagnol","datePublished":"2026-04-16T12:55:20+00:00","dateModified":"2026-04-16T12:55:22+00:00","mainEntityOfPage":{"@id":"https:\/\/happynessradio.fr\/amiens\/articles\/saleux-un-voyage-scolaire-sur-le-theme-de-marcel-pagnol\/"},"wordCount":344,"commentCount":0,"image":{"@id":"https:\/\/happynessradio.fr\/amiens\/articles\/saleux-un-voyage-scolaire-sur-le-theme-de-marcel-pagnol\/#primaryimage"},"thumbnailUrl":"https:\/\/happynessradio.fr\/amiens\/wp-content\/uploads\/sites\/3\/2026\/04\/MockUp-Visuels-articles-56-1.webp","articleSection":["Amiens"],"inLanguage":"fr-FR","potentialAction":[{"@type":"CommentAction","name":"Comment","target":["https:\/\/happynessradio.fr\/amiens\/articles\/saleux-un-voyage-scolaire-sur-le-theme-de-marcel-pagnol\/#respond"]}]},{"@type":"WebPage","@id":"https:\/\/happynessradio.fr\/amiens\/articles\/saleux-un-voyage-scolaire-sur-le-theme-de-marcel-pagnol\/","url":"https:\/\/happynessradio.fr\/amiens\/articles\/saleux-un-voyage-scolaire-sur-le-theme-de-marcel-pagnol\/","name":"Saleux : un voyage scolaire sur le th\u00e8me de Marcel Pagnol - Happyness Amiens","isPartOf":{"@id":"https:\/\/happynessradio.fr\/amiens\/#website"},"primaryImageOfPage":{"@id":"https:\/\/happynessradio.fr\/amiens\/articles\/saleux-un-voyage-scolaire-sur-le-theme-de-marcel-pagnol\/#primaryimage"},"image":{"@id":"https:\/\/happynessradio.fr\/amiens\/articles\/saleux-un-voyage-scolaire-sur-le-theme-de-marcel-pagnol\/#primaryimage"},"thumbnailUrl":"https:\/\/happynessradio.fr\/amiens\/wp-content\/uploads\/sites\/3\/2026\/04\/MockUp-Visuels-articles-56-1.webp","datePublished":"2026-04-16T12:55:20+00:00","dateModified":"2026-04-16T12:55:22+00:00","author":{"@id":"https:\/\/happynessradio.fr\/amiens\/#\/schema\/person\/735f1a1ba15f9478beb4249ad52f7252"},"description":"D\u00e9couvrez le projet p\u00e9dagogique des 62 \u00e9l\u00e8ves de Saleux (Somme) sur les traces de Marcel Pagnol \u00e0 Aubagne et Marseille. Soutenez leur voyage scolaire via leur cagnotte en ligne.","breadcrumb":{"@id":"https:\/\/happynessradio.fr\/amiens\/articles\/saleux-un-voyage-scolaire-sur-le-theme-de-marcel-pagnol\/#breadcrumb"},"inLanguage":"fr-FR","potentialAction":[{"@type":"ReadAction","target":["https:\/\/happynessradio.fr\/amiens\/articles\/saleux-un-voyage-scolaire-sur-le-theme-de-marcel-pagnol\/"]}]},{"@type":"ImageObject","inLanguage":"fr-FR","@id":"https:\/\/happynessradio.fr\/amiens\/articles\/saleux-un-voyage-scolaire-sur-le-theme-de-marcel-pagnol\/#primaryimage","url":"https:\/\/happynessradio.fr\/amiens\/wp-content\/uploads\/sites\/3\/2026\/04\/MockUp-Visuels-articles-56-1.webp","contentUrl":"https:\/\/happynessradio.fr\/amiens\/wp-content\/uploads\/sites\/3\/2026\/04\/MockUp-Visuels-articles-56-1.webp","width":1083,"height":486,"caption":"Vue de dos d'un groupe d'enfants marchant ensemble, portant chacun un sac \u00e0 dos color\u00e9 et des v\u00eatements estivaux (shorts, chapeaux de soleil). Les sacs \u00e0 dos pr\u00e9sentent divers motifs et couleurs vives comme le jaune, le rouge, le bleu et le pastel."},{"@type":"BreadcrumbList","@id":"https:\/\/happynessradio.fr\/amiens\/articles\/saleux-un-voyage-scolaire-sur-le-theme-de-marcel-pagnol\/#breadcrumb","itemListElement":[{"@type":"ListItem","position":1,"name":"Accueil","item":"https:\/\/happynessradio.fr\/amiens\/"},{"@type":"ListItem","position":2,"name":"Saleux : un voyage scolaire sur le th\u00e8me de Marcel Pagnol"}]},{"@type":"WebSite","@id":"https:\/\/happynessradio.fr\/amiens\/#website","url":"https:\/\/happynessradio.fr\/amiens\/","name":"Happyness Amiens","description":"Toujours au plus proche de vous","potentialAction":[{"@type":"SearchAction","target":{"@type":"EntryPoint","urlTemplate":"https:\/\/happynessradio.fr\/amiens\/?s={search_term_string}"},"query-input":{"@type":"PropertyValueSpecification","valueRequired":true,"valueName":"search_term_string"}}],"inLanguage":"fr-FR"},{"@type":"Person","@id":"https:\/\/happynessradio.fr\/amiens\/#\/schema\/person\/735f1a1ba15f9478beb4249ad52f7252","name":"Lo\u00efc Dun","image":{"@type":"ImageObject","inLanguage":"fr-FR","@id":"https:\/\/happynessradio.fr\/amiens\/wp-content\/uploads\/sites\/3\/2025\/12\/cropped-Portrait-Loic-25-26-96x96.webp","url":"https:\/\/happynessradio.fr\/amiens\/wp-content\/uploads\/sites\/3\/2025\/12\/cropped-Portrait-Loic-25-26-96x96.webp","contentUrl":"https:\/\/happynessradio.fr\/amiens\/wp-content\/uploads\/sites\/3\/2025\/12\/cropped-Portrait-Loic-25-26-96x96.webp","caption":"Lo\u00efc Dun"},"description":"R\u00e9dacteur web Happyness. Co-animateur (chroniqueur) Quoi d'neuf ? Amiens Chroniqueur Le R\u00e9veil Happyness","sameAs":["https:\/\/www.instagram.com\/lolo80radio\/","https:\/\/www.linkedin.com\/in\/loc-d-365960164\/"],"url":"https:\/\/happynessradio.fr\/amiens\/articles\/author\/loicdun\/"}]}},"modified_by":"Lo\u00efc Dun","_links":{"self":[{"href":"https:\/\/happynessradio.fr\/amiens\/wp-json\/wp\/v2\/posts\/12634","targetHints":{"allow":["GET"]}}],"collection":[{"href":"https:\/\/happynessradio.fr\/amiens\/wp-json\/wp\/v2\/posts"}],"about":[{"href":"https:\/\/happynessradio.fr\/amiens\/wp-json\/wp\/v2\/types\/post"}],"author":[{"embeddable":true,"href":"https:\/\/happynessradio.fr\/amiens\/wp-json\/wp\/v2\/users\/6"}],"replies":[{"embeddable":true,"href":"https:\/\/happynessradio.fr\/amiens\/wp-json\/wp\/v2\/comments?post=12634"}],"version-history":[{"count":1,"href":"https:\/\/happynessradio.fr\/amiens\/wp-json\/wp\/v2\/posts\/12634\/revisions"}],"predecessor-version":[{"id":12636,"href":"https:\/\/happynessradio.fr\/amiens\/wp-json\/wp\/v2\/posts\/12634\/revisions\/12636"}],"wp:featuredmedia":[{"embeddable":true,"href":"https:\/\/happynessradio.fr\/amiens\/wp-json\/wp\/v2\/media\/12635"}],"wp:attachment":[{"href":"https:\/\/happynessradio.fr\/amiens\/wp-json\/wp\/v2\/media?parent=12634"}],"wp:term":[{"taxonomy":"category","embeddable":true,"href":"https:\/\/happynessradio.fr\/amiens\/wp-json\/wp\/v2\/categories?post=12634"},{"taxonomy":"post_tag","embeddable":true,"href":"https:\/\/happynessradio.fr\/amiens\/wp-json\/wp\/v2\/tags?post=12634"}],"curies":[{"name":"wp","href":"https:\/\/api.w.org\/{rel}","templated":true}]}}