{"id":12637,"date":"2026-04-16T17:30:31","date_gmt":"2026-04-16T15:30:31","guid":{"rendered":"https:\/\/happynessradio.fr\/amiens\/?p=12637"},"modified":"2026-04-16T17:30:33","modified_gmt":"2026-04-16T15:30:33","slug":"somme-des-nuages-pour-le-weekend","status":"publish","type":"post","link":"https:\/\/happynessradio.fr\/amiens\/articles\/somme-des-nuages-pour-le-weekend\/","title":{"rendered":"Somme : des nuages pour le weekend"},"content":{"rendered":"\n<p><em>Un temps couvert est attendu pour ce weekend dans le d\u00e9partemental de la Somme avec des temp\u00e9ratures comprises entre 17 et 19 degr\u00e9s voir m\u00eame 3\u00b0C. On fait le point dans cet article.<\/em><\/p>\n\n\n\n<h2 class=\"wp-block-heading\">Amiens et Albert<\/h2>\n\n\n\n<p>Ce weekend dans la <a href=\"https:\/\/www.somme-tourisme.com\/\" id=\"https:\/\/www.somme-tourisme.com\/\">Somme<\/a>, on s&rsquo;attend principalement \u00e0 un <a href=\"https:\/\/meteofrance.com\/previsions-meteo-france\/somme\/80\" id=\"https:\/\/meteofrance.com\/previsions-meteo-france\/somme\/80\">temps<\/a> couvert par exemple du c\u00f4t\u00e9 d&rsquo;Amiens et Longueau et Dreuil-les-Amiens avec des temp\u00e9ratures comprises entre 3\u00b0C et 19\u00b0C. On devrait avoir droit au m\u00eame type de temps dans le secteur d&rsquo;Albert et M\u00e9aulte. <\/p>\n\n\n\n<h2 class=\"wp-block-heading\">Abbeville et P\u00e9ronne <\/h2>\n\n\n\n<p>Cela va de m\u00eame pour le secteur d&rsquo;Abbeville, Saint-Valery et de <a href=\"https:\/\/www.tourisme-baiedesomme.fr\/\" id=\"https:\/\/www.tourisme-baiedesomme.fr\/\">La Baie de Somme<\/a> puisque les nuages seront aussi au rendez-vous avec notamment 17\u00b0C dont 19 dans le secteur du P\u00e9ronnais, Bussu et Allaines. RDV ce dimanche sur <a href=\"https:\/\/happynessradio.fr\/amiens\/\" id=\"https:\/\/happynessradio.fr\/amiens\/\">notre site<\/a> pour conna\u00eetre le temps pr\u00e9vu pour cette semaine.  <\/p>\n\n\n\n<p><\/p>\n","protected":false},"excerpt":{"rendered":"<p>Un temps couvert est attendu pour ce weekend dans le d\u00e9partemental de la Somme avec des temp\u00e9ratures comprises entre 17 et 19 degr\u00e9s voir m\u00eame 3\u00b0C. On fait le point dans cet article. Amiens et Albert Ce weekend dans la Somme, on s&rsquo;attend principalement \u00e0 un temps couvert par exemple du c\u00f4t\u00e9 d&rsquo;Amiens et Longueau et Dreuil-les-Amiens avec des temp\u00e9ratures comprises entre 3\u00b0C et 19\u00b0C. On devrait avoir droit au m\u00eame type de temps dans le secteur d&rsquo;Albert et M\u00e9aulte. Abbeville et P\u00e9ronne Cela va de m\u00eame pour le secteur d&rsquo;Abbeville, Saint-Valery et de La Baie de Somme puisque les nuages seront aussi au rendez-vous avec notamment 17\u00b0C dont 19 dans le secteur du P\u00e9ronnais, Bussu et Allaines. RDV ce dimanche sur notre site pour conna\u00eetre le temps pr\u00e9vu pour cette semaine.<\/p>\n","protected":false},"author":6,"featured_media":12386,"comment_status":"open","ping_status":"open","sticky":false,"template":"","format":"standard","meta":{"_lmt_disableupdate":"","_lmt_disable":"","footnotes":""},"categories":[11],"tags":[],"class_list":["post-12637","post","type-post","status-publish","format-standard","has-post-thumbnail","hentry","category-amiens"],"yoast_head":"<!-- This site is optimized with the Yoast SEO plugin v27.5 - https:\/\/yoast.com\/product\/yoast-seo-wordpress\/ -->\n<title>Somme : des nuages pour le weekend - Happyness Amiens<\/title>\n<meta name=\"description\" content=\"Quel temps fera-t-il \u00e0 Amiens, Abbeville ou P\u00e9ronne ce week-end ? Entre ciel couvert et fra\u00eecheur matinale, d\u00e9couvrez les pr\u00e9visions d\u00e9taill\u00e9es pour la Somme.\" \/>\n<meta name=\"robots\" content=\"index, follow, max-snippet:-1, max-image-preview:large, max-video-preview:-1\" \/>\n<link rel=\"canonical\" href=\"https:\/\/happynessradio.fr\/amiens\/articles\/somme-des-nuages-pour-le-weekend\/\" \/>\n<meta property=\"og:locale\" content=\"fr_FR\" \/>\n<meta property=\"og:type\" content=\"article\" \/>\n<meta property=\"og:title\" content=\"Somme : des nuages pour le weekend - Happyness Amiens\" \/>\n<meta property=\"og:description\" content=\"Quel temps fera-t-il \u00e0 Amiens, Abbeville ou P\u00e9ronne ce week-end ? Entre ciel couvert et fra\u00eecheur matinale, d\u00e9couvrez les pr\u00e9visions d\u00e9taill\u00e9es pour la Somme.\" \/>\n<meta property=\"og:url\" content=\"https:\/\/happynessradio.fr\/amiens\/articles\/somme-des-nuages-pour-le-weekend\/\" \/>\n<meta property=\"og:site_name\" content=\"Happyness Amiens\" \/>\n<meta property=\"article:published_time\" content=\"2026-04-16T15:30:31+00:00\" \/>\n<meta property=\"article:modified_time\" content=\"2026-04-16T15:30:33+00:00\" \/>\n<meta property=\"og:image\" content=\"https:\/\/happynessradio.fr\/amiens\/wp-content\/uploads\/sites\/3\/2026\/03\/MockUp-Visuels-articles-5.webp\" \/>\n\t<meta property=\"og:image:width\" content=\"1083\" \/>\n\t<meta property=\"og:image:height\" content=\"486\" \/>\n\t<meta property=\"og:image:type\" content=\"image\/webp\" \/>\n<meta name=\"author\" content=\"Lo\u00efc Dun\" \/>\n<meta name=\"twitter:card\" content=\"summary_large_image\" \/>\n<meta name=\"twitter:label1\" content=\"\u00c9crit par\" \/>\n\t<meta name=\"twitter:data1\" content=\"Lo\u00efc Dun\" \/>\n\t<meta name=\"twitter:label2\" content=\"Dur\u00e9e de lecture estim\u00e9e\" \/>\n\t<meta name=\"twitter:data2\" content=\"1 minute\" \/>\n<script type=\"application\/ld+json\" class=\"yoast-schema-graph\">{\"@context\":\"https:\\\/\\\/schema.org\",\"@graph\":[{\"@type\":\"Article\",\"@id\":\"https:\\\/\\\/happynessradio.fr\\\/amiens\\\/articles\\\/somme-des-nuages-pour-le-weekend\\\/#article\",\"isPartOf\":{\"@id\":\"https:\\\/\\\/happynessradio.fr\\\/amiens\\\/articles\\\/somme-des-nuages-pour-le-weekend\\\/\"},\"author\":{\"name\":\"Lo\u00efc Dun\",\"@id\":\"https:\\\/\\\/happynessradio.fr\\\/amiens\\\/#\\\/schema\\\/person\\\/735f1a1ba15f9478beb4249ad52f7252\"},\"headline\":\"Somme : des nuages pour le weekend\",\"datePublished\":\"2026-04-16T15:30:31+00:00\",\"dateModified\":\"2026-04-16T15:30:33+00:00\",\"mainEntityOfPage\":{\"@id\":\"https:\\\/\\\/happynessradio.fr\\\/amiens\\\/articles\\\/somme-des-nuages-pour-le-weekend\\\/\"},\"wordCount\":151,\"commentCount\":0,\"image\":{\"@id\":\"https:\\\/\\\/happynessradio.fr\\\/amiens\\\/articles\\\/somme-des-nuages-pour-le-weekend\\\/#primaryimage\"},\"thumbnailUrl\":\"https:\\\/\\\/happynessradio.fr\\\/amiens\\\/wp-content\\\/uploads\\\/sites\\\/3\\\/2026\\\/03\\\/MockUp-Visuels-articles-5.webp\",\"articleSection\":[\"Amiens\"],\"inLanguage\":\"fr-FR\",\"potentialAction\":[{\"@type\":\"CommentAction\",\"name\":\"Comment\",\"target\":[\"https:\\\/\\\/happynessradio.fr\\\/amiens\\\/articles\\\/somme-des-nuages-pour-le-weekend\\\/#respond\"]}]},{\"@type\":\"WebPage\",\"@id\":\"https:\\\/\\\/happynessradio.fr\\\/amiens\\\/articles\\\/somme-des-nuages-pour-le-weekend\\\/\",\"url\":\"https:\\\/\\\/happynessradio.fr\\\/amiens\\\/articles\\\/somme-des-nuages-pour-le-weekend\\\/\",\"name\":\"Somme : des nuages pour le weekend - Happyness Amiens\",\"isPartOf\":{\"@id\":\"https:\\\/\\\/happynessradio.fr\\\/amiens\\\/#website\"},\"primaryImageOfPage\":{\"@id\":\"https:\\\/\\\/happynessradio.fr\\\/amiens\\\/articles\\\/somme-des-nuages-pour-le-weekend\\\/#primaryimage\"},\"image\":{\"@id\":\"https:\\\/\\\/happynessradio.fr\\\/amiens\\\/articles\\\/somme-des-nuages-pour-le-weekend\\\/#primaryimage\"},\"thumbnailUrl\":\"https:\\\/\\\/happynessradio.fr\\\/amiens\\\/wp-content\\\/uploads\\\/sites\\\/3\\\/2026\\\/03\\\/MockUp-Visuels-articles-5.webp\",\"datePublished\":\"2026-04-16T15:30:31+00:00\",\"dateModified\":\"2026-04-16T15:30:33+00:00\",\"author\":{\"@id\":\"https:\\\/\\\/happynessradio.fr\\\/amiens\\\/#\\\/schema\\\/person\\\/735f1a1ba15f9478beb4249ad52f7252\"},\"description\":\"Quel temps fera-t-il \u00e0 Amiens, Abbeville ou P\u00e9ronne ce week-end ? Entre ciel couvert et fra\u00eecheur matinale, d\u00e9couvrez les pr\u00e9visions d\u00e9taill\u00e9es pour la Somme.\",\"breadcrumb\":{\"@id\":\"https:\\\/\\\/happynessradio.fr\\\/amiens\\\/articles\\\/somme-des-nuages-pour-le-weekend\\\/#breadcrumb\"},\"inLanguage\":\"fr-FR\",\"potentialAction\":[{\"@type\":\"ReadAction\",\"target\":[\"https:\\\/\\\/happynessradio.fr\\\/amiens\\\/articles\\\/somme-des-nuages-pour-le-weekend\\\/\"]}]},{\"@type\":\"ImageObject\",\"inLanguage\":\"fr-FR\",\"@id\":\"https:\\\/\\\/happynessradio.fr\\\/amiens\\\/articles\\\/somme-des-nuages-pour-le-weekend\\\/#primaryimage\",\"url\":\"https:\\\/\\\/happynessradio.fr\\\/amiens\\\/wp-content\\\/uploads\\\/sites\\\/3\\\/2026\\\/03\\\/MockUp-Visuels-articles-5.webp\",\"contentUrl\":\"https:\\\/\\\/happynessradio.fr\\\/amiens\\\/wp-content\\\/uploads\\\/sites\\\/3\\\/2026\\\/03\\\/MockUp-Visuels-articles-5.webp\",\"width\":1083,\"height\":486,\"caption\":\"Vue d'un ciel couvert d'\u00e9pais nuages gris orageux et tourbillonnants, encadr\u00e9e par deux formes g\u00e9om\u00e9triques rouges triangulaires en haut \u00e0 gauche et en bas \u00e0 droite.\"},{\"@type\":\"BreadcrumbList\",\"@id\":\"https:\\\/\\\/happynessradio.fr\\\/amiens\\\/articles\\\/somme-des-nuages-pour-le-weekend\\\/#breadcrumb\",\"itemListElement\":[{\"@type\":\"ListItem\",\"position\":1,\"name\":\"Accueil\",\"item\":\"https:\\\/\\\/happynessradio.fr\\\/amiens\\\/\"},{\"@type\":\"ListItem\",\"position\":2,\"name\":\"Somme : des nuages pour le weekend\"}]},{\"@type\":\"WebSite\",\"@id\":\"https:\\\/\\\/happynessradio.fr\\\/amiens\\\/#website\",\"url\":\"https:\\\/\\\/happynessradio.fr\\\/amiens\\\/\",\"name\":\"Happyness Amiens\",\"description\":\"Toujours au plus proche de vous\",\"potentialAction\":[{\"@type\":\"SearchAction\",\"target\":{\"@type\":\"EntryPoint\",\"urlTemplate\":\"https:\\\/\\\/happynessradio.fr\\\/amiens\\\/?s={search_term_string}\"},\"query-input\":{\"@type\":\"PropertyValueSpecification\",\"valueRequired\":true,\"valueName\":\"search_term_string\"}}],\"inLanguage\":\"fr-FR\"},{\"@type\":\"Person\",\"@id\":\"https:\\\/\\\/happynessradio.fr\\\/amiens\\\/#\\\/schema\\\/person\\\/735f1a1ba15f9478beb4249ad52f7252\",\"name\":\"Lo\u00efc Dun\",\"image\":{\"@type\":\"ImageObject\",\"inLanguage\":\"fr-FR\",\"@id\":\"https:\\\/\\\/happynessradio.fr\\\/amiens\\\/wp-content\\\/uploads\\\/sites\\\/3\\\/2025\\\/12\\\/cropped-Portrait-Loic-25-26-96x96.webp\",\"url\":\"https:\\\/\\\/happynessradio.fr\\\/amiens\\\/wp-content\\\/uploads\\\/sites\\\/3\\\/2025\\\/12\\\/cropped-Portrait-Loic-25-26-96x96.webp\",\"contentUrl\":\"https:\\\/\\\/happynessradio.fr\\\/amiens\\\/wp-content\\\/uploads\\\/sites\\\/3\\\/2025\\\/12\\\/cropped-Portrait-Loic-25-26-96x96.webp\",\"caption\":\"Lo\u00efc Dun\"},\"description\":\"R\u00e9dacteur web Happyness. Co-animateur (chroniqueur) Quoi d'neuf ? Amiens Chroniqueur Le R\u00e9veil Happyness\",\"sameAs\":[\"https:\\\/\\\/www.instagram.com\\\/lolo80radio\\\/\",\"https:\\\/\\\/www.linkedin.com\\\/in\\\/loc-d-365960164\\\/\"],\"url\":\"https:\\\/\\\/happynessradio.fr\\\/amiens\\\/articles\\\/author\\\/loicdun\\\/\"}]}<\/script>\n<!-- \/ Yoast SEO plugin. -->","yoast_head_json":{"title":"Somme : des nuages pour le weekend - Happyness Amiens","description":"Quel temps fera-t-il \u00e0 Amiens, Abbeville ou P\u00e9ronne ce week-end ? Entre ciel couvert et fra\u00eecheur matinale, d\u00e9couvrez les pr\u00e9visions d\u00e9taill\u00e9es pour la Somme.","robots":{"index":"index","follow":"follow","max-snippet":"max-snippet:-1","max-image-preview":"max-image-preview:large","max-video-preview":"max-video-preview:-1"},"canonical":"https:\/\/happynessradio.fr\/amiens\/articles\/somme-des-nuages-pour-le-weekend\/","og_locale":"fr_FR","og_type":"article","og_title":"Somme : des nuages pour le weekend - Happyness Amiens","og_description":"Quel temps fera-t-il \u00e0 Amiens, Abbeville ou P\u00e9ronne ce week-end ? Entre ciel couvert et fra\u00eecheur matinale, d\u00e9couvrez les pr\u00e9visions d\u00e9taill\u00e9es pour la Somme.","og_url":"https:\/\/happynessradio.fr\/amiens\/articles\/somme-des-nuages-pour-le-weekend\/","og_site_name":"Happyness Amiens","article_published_time":"2026-04-16T15:30:31+00:00","article_modified_time":"2026-04-16T15:30:33+00:00","og_image":[{"width":1083,"height":486,"url":"https:\/\/happynessradio.fr\/amiens\/wp-content\/uploads\/sites\/3\/2026\/03\/MockUp-Visuels-articles-5.webp","type":"image\/webp"}],"author":"Lo\u00efc Dun","twitter_card":"summary_large_image","twitter_misc":{"\u00c9crit par":"Lo\u00efc Dun","Dur\u00e9e de lecture estim\u00e9e":"1 minute"},"schema":{"@context":"https:\/\/schema.org","@graph":[{"@type":"Article","@id":"https:\/\/happynessradio.fr\/amiens\/articles\/somme-des-nuages-pour-le-weekend\/#article","isPartOf":{"@id":"https:\/\/happynessradio.fr\/amiens\/articles\/somme-des-nuages-pour-le-weekend\/"},"author":{"name":"Lo\u00efc Dun","@id":"https:\/\/happynessradio.fr\/amiens\/#\/schema\/person\/735f1a1ba15f9478beb4249ad52f7252"},"headline":"Somme : des nuages pour le weekend","datePublished":"2026-04-16T15:30:31+00:00","dateModified":"2026-04-16T15:30:33+00:00","mainEntityOfPage":{"@id":"https:\/\/happynessradio.fr\/amiens\/articles\/somme-des-nuages-pour-le-weekend\/"},"wordCount":151,"commentCount":0,"image":{"@id":"https:\/\/happynessradio.fr\/amiens\/articles\/somme-des-nuages-pour-le-weekend\/#primaryimage"},"thumbnailUrl":"https:\/\/happynessradio.fr\/amiens\/wp-content\/uploads\/sites\/3\/2026\/03\/MockUp-Visuels-articles-5.webp","articleSection":["Amiens"],"inLanguage":"fr-FR","potentialAction":[{"@type":"CommentAction","name":"Comment","target":["https:\/\/happynessradio.fr\/amiens\/articles\/somme-des-nuages-pour-le-weekend\/#respond"]}]},{"@type":"WebPage","@id":"https:\/\/happynessradio.fr\/amiens\/articles\/somme-des-nuages-pour-le-weekend\/","url":"https:\/\/happynessradio.fr\/amiens\/articles\/somme-des-nuages-pour-le-weekend\/","name":"Somme : des nuages pour le weekend - Happyness Amiens","isPartOf":{"@id":"https:\/\/happynessradio.fr\/amiens\/#website"},"primaryImageOfPage":{"@id":"https:\/\/happynessradio.fr\/amiens\/articles\/somme-des-nuages-pour-le-weekend\/#primaryimage"},"image":{"@id":"https:\/\/happynessradio.fr\/amiens\/articles\/somme-des-nuages-pour-le-weekend\/#primaryimage"},"thumbnailUrl":"https:\/\/happynessradio.fr\/amiens\/wp-content\/uploads\/sites\/3\/2026\/03\/MockUp-Visuels-articles-5.webp","datePublished":"2026-04-16T15:30:31+00:00","dateModified":"2026-04-16T15:30:33+00:00","author":{"@id":"https:\/\/happynessradio.fr\/amiens\/#\/schema\/person\/735f1a1ba15f9478beb4249ad52f7252"},"description":"Quel temps fera-t-il \u00e0 Amiens, Abbeville ou P\u00e9ronne ce week-end ? Entre ciel couvert et fra\u00eecheur matinale, d\u00e9couvrez les pr\u00e9visions d\u00e9taill\u00e9es pour la Somme.","breadcrumb":{"@id":"https:\/\/happynessradio.fr\/amiens\/articles\/somme-des-nuages-pour-le-weekend\/#breadcrumb"},"inLanguage":"fr-FR","potentialAction":[{"@type":"ReadAction","target":["https:\/\/happynessradio.fr\/amiens\/articles\/somme-des-nuages-pour-le-weekend\/"]}]},{"@type":"ImageObject","inLanguage":"fr-FR","@id":"https:\/\/happynessradio.fr\/amiens\/articles\/somme-des-nuages-pour-le-weekend\/#primaryimage","url":"https:\/\/happynessradio.fr\/amiens\/wp-content\/uploads\/sites\/3\/2026\/03\/MockUp-Visuels-articles-5.webp","contentUrl":"https:\/\/happynessradio.fr\/amiens\/wp-content\/uploads\/sites\/3\/2026\/03\/MockUp-Visuels-articles-5.webp","width":1083,"height":486,"caption":"Vue d'un ciel couvert d'\u00e9pais nuages gris orageux et tourbillonnants, encadr\u00e9e par deux formes g\u00e9om\u00e9triques rouges triangulaires en haut \u00e0 gauche et en bas \u00e0 droite."},{"@type":"BreadcrumbList","@id":"https:\/\/happynessradio.fr\/amiens\/articles\/somme-des-nuages-pour-le-weekend\/#breadcrumb","itemListElement":[{"@type":"ListItem","position":1,"name":"Accueil","item":"https:\/\/happynessradio.fr\/amiens\/"},{"@type":"ListItem","position":2,"name":"Somme : des nuages pour le weekend"}]},{"@type":"WebSite","@id":"https:\/\/happynessradio.fr\/amiens\/#website","url":"https:\/\/happynessradio.fr\/amiens\/","name":"Happyness Amiens","description":"Toujours au plus proche de vous","potentialAction":[{"@type":"SearchAction","target":{"@type":"EntryPoint","urlTemplate":"https:\/\/happynessradio.fr\/amiens\/?s={search_term_string}"},"query-input":{"@type":"PropertyValueSpecification","valueRequired":true,"valueName":"search_term_string"}}],"inLanguage":"fr-FR"},{"@type":"Person","@id":"https:\/\/happynessradio.fr\/amiens\/#\/schema\/person\/735f1a1ba15f9478beb4249ad52f7252","name":"Lo\u00efc Dun","image":{"@type":"ImageObject","inLanguage":"fr-FR","@id":"https:\/\/happynessradio.fr\/amiens\/wp-content\/uploads\/sites\/3\/2025\/12\/cropped-Portrait-Loic-25-26-96x96.webp","url":"https:\/\/happynessradio.fr\/amiens\/wp-content\/uploads\/sites\/3\/2025\/12\/cropped-Portrait-Loic-25-26-96x96.webp","contentUrl":"https:\/\/happynessradio.fr\/amiens\/wp-content\/uploads\/sites\/3\/2025\/12\/cropped-Portrait-Loic-25-26-96x96.webp","caption":"Lo\u00efc Dun"},"description":"R\u00e9dacteur web Happyness. Co-animateur (chroniqueur) Quoi d'neuf ? Amiens Chroniqueur Le R\u00e9veil Happyness","sameAs":["https:\/\/www.instagram.com\/lolo80radio\/","https:\/\/www.linkedin.com\/in\/loc-d-365960164\/"],"url":"https:\/\/happynessradio.fr\/amiens\/articles\/author\/loicdun\/"}]}},"modified_by":"Lo\u00efc Dun","_links":{"self":[{"href":"https:\/\/happynessradio.fr\/amiens\/wp-json\/wp\/v2\/posts\/12637","targetHints":{"allow":["GET"]}}],"collection":[{"href":"https:\/\/happynessradio.fr\/amiens\/wp-json\/wp\/v2\/posts"}],"about":[{"href":"https:\/\/happynessradio.fr\/amiens\/wp-json\/wp\/v2\/types\/post"}],"author":[{"embeddable":true,"href":"https:\/\/happynessradio.fr\/amiens\/wp-json\/wp\/v2\/users\/6"}],"replies":[{"embeddable":true,"href":"https:\/\/happynessradio.fr\/amiens\/wp-json\/wp\/v2\/comments?post=12637"}],"version-history":[{"count":1,"href":"https:\/\/happynessradio.fr\/amiens\/wp-json\/wp\/v2\/posts\/12637\/revisions"}],"predecessor-version":[{"id":12638,"href":"https:\/\/happynessradio.fr\/amiens\/wp-json\/wp\/v2\/posts\/12637\/revisions\/12638"}],"wp:featuredmedia":[{"embeddable":true,"href":"https:\/\/happynessradio.fr\/amiens\/wp-json\/wp\/v2\/media\/12386"}],"wp:attachment":[{"href":"https:\/\/happynessradio.fr\/amiens\/wp-json\/wp\/v2\/media?parent=12637"}],"wp:term":[{"taxonomy":"category","embeddable":true,"href":"https:\/\/happynessradio.fr\/amiens\/wp-json\/wp\/v2\/categories?post=12637"},{"taxonomy":"post_tag","embeddable":true,"href":"https:\/\/happynessradio.fr\/amiens\/wp-json\/wp\/v2\/tags?post=12637"}],"curies":[{"name":"wp","href":"https:\/\/api.w.org\/{rel}","templated":true}]}}