{"id":12639,"date":"2026-04-16T18:09:15","date_gmt":"2026-04-16T16:09:15","guid":{"rendered":"https:\/\/happynessradio.fr\/amiens\/?p=12639"},"modified":"2026-04-16T18:18:13","modified_gmt":"2026-04-16T16:18:13","slug":"bus-amiens-metropole-le-point-sur-les-perturbations","status":"publish","type":"post","link":"https:\/\/happynessradio.fr\/amiens\/articles\/bus-amiens-metropole-le-point-sur-les-perturbations\/","title":{"rendered":"Bus Amiens m\u00e9tropole : le point sur les perturbations"},"content":{"rendered":"\n<p><em>Des perturbations sont en cours dans Amiens m\u00e9tropole sur le r\u00e9seau Ametis notamment sur les lignes 7, 9 et 12 pour cause de travaux. Des d\u00e9viations sont \u00e0 venir dans le cadre de la foire Saint-Roch et de la Grande R\u00e9derie dans le centre-ville ami\u00e9nois. Votre radio locale Happyness fait le point dans cet article. <\/em><\/p>\n\n\n\n<h2 class=\"wp-block-heading\">Lignes 9 et 12<\/h2>\n\n\n\n<p>Sur le <a href=\"https:\/\/www.ametis.fr\/info-trafic-2\/\" id=\"https:\/\/www.ametis.fr\/info-trafic-2\/\">r\u00e9seau Ametis<\/a> d&rsquo;Amiens M\u00e9tropole, des perturbations sont en cours concernant certaines lignes comme par exemple la 9 et 12 pour cause de travaux depuis le 8 janvier, il est recommand\u00e9 de se reporter aux arr\u00eats Cimenti\u00e8re de Rivery ou Coll\u00e8ge Jules Verne. A noter qu&rsquo;en raison des travaux route de Conty \u00e0 Salou\u00ebl, les bus de la ligne 9 sont d\u00e9vi\u00e9s.<\/p>\n\n\n\n<h2 class=\"wp-block-heading\">Lignes 7, 10 et T39<\/h2>\n\n\n\n<p>Concernant Les lignes 10 et T39&nbsp;ceux-ci connaissent une modification de leurs parcours en raison d&rsquo;un chantier rue Victor Hugo \u00e0 Longueau depuis le lundi 16 mars. Sans oublier, la 7 qui a son itin\u00e9raire qui est impact\u00e9 pour cause de travaux dans la rue Dejean \u00e0 Amiens pour une p\u00e9riode allant jusqu&rsquo;au vendredi 24 avril. <\/p>\n\n\n\n<h2 class=\"wp-block-heading\">Foire Saint-Roch et Grande R\u00e9derie <\/h2>\n\n\n\n<p>A noter que du 20 avril au 11 mai inclus, les lignes lignes 9 et T44 seront d\u00e9vi\u00e9es en raison de la foire St Roch. Enfin ce dimanche pour cause de la Grande R\u00e9derie au centre-ville d&rsquo;Amiens, ce dimanche 19 avril, les lignes de bus empruntent un itin\u00e9raire de substitution par les boulevards int\u00e9rieurs ou via le quartier de Saint-Leu.<\/p>\n","protected":false},"excerpt":{"rendered":"<p>Des perturbations sont en cours dans Amiens m\u00e9tropole sur le r\u00e9seau Ametis notamment sur les lignes 7, 9 et 12 pour cause de travaux. Des d\u00e9viations sont \u00e0 venir dans le cadre de la foire Saint-Roch et de la Grande R\u00e9derie dans le centre-ville ami\u00e9nois. Votre radio locale Happyness fait le point dans cet article. Lignes 9 et 12 Sur le r\u00e9seau Ametis d&rsquo;Amiens M\u00e9tropole, des perturbations sont en cours concernant certaines lignes comme par exemple la 9 et 12 pour cause de travaux depuis le 8 janvier, il est recommand\u00e9 de se reporter aux arr\u00eats Cimenti\u00e8re de Rivery ou Coll\u00e8ge Jules Verne. A noter qu&rsquo;en raison des travaux route de Conty \u00e0 Salou\u00ebl, les bus de la ligne 9 sont d\u00e9vi\u00e9s. Lignes 7, 10 et T39 Concernant Les lignes 10 et T39&nbsp;ceux-ci connaissent une modification de leurs parcours en raison d&rsquo;un chantier rue Victor Hugo \u00e0 Longueau depuis le lundi 16 mars. Sans oublier, la 7 qui a son itin\u00e9raire qui est impact\u00e9 pour cause de travaux dans la rue Dejean \u00e0 Amiens pour une p\u00e9riode allant jusqu&rsquo;au vendredi 24 avril. Foire Saint-Roch et Grande R\u00e9derie A noter que du 20 avril au 11 mai inclus, les lignes lignes 9 et T44 seront d\u00e9vi\u00e9es en raison de la foire St Roch. Enfin ce dimanche pour cause de la Grande R\u00e9derie au centre-ville d&rsquo;Amiens, ce dimanche 19 avril, les lignes de bus empruntent un itin\u00e9raire de substitution par les boulevards int\u00e9rieurs ou via le quartier de Saint-Leu.<\/p>\n","protected":false},"author":6,"featured_media":12640,"comment_status":"open","ping_status":"open","sticky":false,"template":"","format":"standard","meta":{"_lmt_disableupdate":"","_lmt_disable":"","footnotes":""},"categories":[11],"tags":[],"class_list":["post-12639","post","type-post","status-publish","format-standard","has-post-thumbnail","hentry","category-amiens"],"yoast_head":"<!-- This site is optimized with the Yoast SEO plugin v27.5 - https:\/\/yoast.com\/product\/yoast-seo-wordpress\/ -->\n<title>Bus Amiens m\u00e9tropole : le point sur les perturbations - Happyness Amiens<\/title>\n<meta name=\"description\" content=\"Travaux, Foire St-Roch et Grande R\u00e9derie : d\u00e9couvrez les perturbations et d\u00e9viations sur les lignes Ametis (7, 9, 12...) \u00e0 Amiens. Happyness fait le point.\" \/>\n<meta name=\"robots\" content=\"index, follow, max-snippet:-1, max-image-preview:large, max-video-preview:-1\" \/>\n<link rel=\"canonical\" href=\"https:\/\/happynessradio.fr\/amiens\/articles\/bus-amiens-metropole-le-point-sur-les-perturbations\/\" \/>\n<meta property=\"og:locale\" content=\"fr_FR\" \/>\n<meta property=\"og:type\" content=\"article\" \/>\n<meta property=\"og:title\" content=\"Bus Amiens m\u00e9tropole : le point sur les perturbations - Happyness Amiens\" \/>\n<meta property=\"og:description\" content=\"Travaux, Foire St-Roch et Grande R\u00e9derie : d\u00e9couvrez les perturbations et d\u00e9viations sur les lignes Ametis (7, 9, 12...) \u00e0 Amiens. Happyness fait le point.\" \/>\n<meta property=\"og:url\" content=\"https:\/\/happynessradio.fr\/amiens\/articles\/bus-amiens-metropole-le-point-sur-les-perturbations\/\" \/>\n<meta property=\"og:site_name\" content=\"Happyness Amiens\" \/>\n<meta property=\"article:published_time\" content=\"2026-04-16T16:09:15+00:00\" \/>\n<meta property=\"article:modified_time\" content=\"2026-04-16T16:18:13+00:00\" \/>\n<meta property=\"og:image\" content=\"https:\/\/happynessradio.fr\/amiens\/wp-content\/uploads\/sites\/3\/2026\/04\/MockUp-Visuels-articles-57.webp\" \/>\n\t<meta property=\"og:image:width\" content=\"1083\" \/>\n\t<meta property=\"og:image:height\" content=\"486\" \/>\n\t<meta property=\"og:image:type\" content=\"image\/webp\" \/>\n<meta name=\"author\" content=\"Lo\u00efc Dun\" \/>\n<meta name=\"twitter:card\" content=\"summary_large_image\" \/>\n<meta name=\"twitter:label1\" content=\"\u00c9crit par\" \/>\n\t<meta name=\"twitter:data1\" content=\"Lo\u00efc Dun\" \/>\n\t<meta name=\"twitter:label2\" content=\"Dur\u00e9e de lecture estim\u00e9e\" \/>\n\t<meta name=\"twitter:data2\" content=\"2 minutes\" \/>\n<script type=\"application\/ld+json\" class=\"yoast-schema-graph\">{\"@context\":\"https:\\\/\\\/schema.org\",\"@graph\":[{\"@type\":\"Article\",\"@id\":\"https:\\\/\\\/happynessradio.fr\\\/amiens\\\/articles\\\/bus-amiens-metropole-le-point-sur-les-perturbations\\\/#article\",\"isPartOf\":{\"@id\":\"https:\\\/\\\/happynessradio.fr\\\/amiens\\\/articles\\\/bus-amiens-metropole-le-point-sur-les-perturbations\\\/\"},\"author\":{\"name\":\"Lo\u00efc Dun\",\"@id\":\"https:\\\/\\\/happynessradio.fr\\\/amiens\\\/#\\\/schema\\\/person\\\/735f1a1ba15f9478beb4249ad52f7252\"},\"headline\":\"Bus Amiens m\u00e9tropole : le point sur les perturbations\",\"datePublished\":\"2026-04-16T16:09:15+00:00\",\"dateModified\":\"2026-04-16T16:18:13+00:00\",\"mainEntityOfPage\":{\"@id\":\"https:\\\/\\\/happynessradio.fr\\\/amiens\\\/articles\\\/bus-amiens-metropole-le-point-sur-les-perturbations\\\/\"},\"wordCount\":261,\"commentCount\":0,\"image\":{\"@id\":\"https:\\\/\\\/happynessradio.fr\\\/amiens\\\/articles\\\/bus-amiens-metropole-le-point-sur-les-perturbations\\\/#primaryimage\"},\"thumbnailUrl\":\"https:\\\/\\\/happynessradio.fr\\\/amiens\\\/wp-content\\\/uploads\\\/sites\\\/3\\\/2026\\\/04\\\/MockUp-Visuels-articles-57.webp\",\"articleSection\":[\"Amiens\"],\"inLanguage\":\"fr-FR\",\"potentialAction\":[{\"@type\":\"CommentAction\",\"name\":\"Comment\",\"target\":[\"https:\\\/\\\/happynessradio.fr\\\/amiens\\\/articles\\\/bus-amiens-metropole-le-point-sur-les-perturbations\\\/#respond\"]}]},{\"@type\":\"WebPage\",\"@id\":\"https:\\\/\\\/happynessradio.fr\\\/amiens\\\/articles\\\/bus-amiens-metropole-le-point-sur-les-perturbations\\\/\",\"url\":\"https:\\\/\\\/happynessradio.fr\\\/amiens\\\/articles\\\/bus-amiens-metropole-le-point-sur-les-perturbations\\\/\",\"name\":\"Bus Amiens m\u00e9tropole : le point sur les perturbations - Happyness Amiens\",\"isPartOf\":{\"@id\":\"https:\\\/\\\/happynessradio.fr\\\/amiens\\\/#website\"},\"primaryImageOfPage\":{\"@id\":\"https:\\\/\\\/happynessradio.fr\\\/amiens\\\/articles\\\/bus-amiens-metropole-le-point-sur-les-perturbations\\\/#primaryimage\"},\"image\":{\"@id\":\"https:\\\/\\\/happynessradio.fr\\\/amiens\\\/articles\\\/bus-amiens-metropole-le-point-sur-les-perturbations\\\/#primaryimage\"},\"thumbnailUrl\":\"https:\\\/\\\/happynessradio.fr\\\/amiens\\\/wp-content\\\/uploads\\\/sites\\\/3\\\/2026\\\/04\\\/MockUp-Visuels-articles-57.webp\",\"datePublished\":\"2026-04-16T16:09:15+00:00\",\"dateModified\":\"2026-04-16T16:18:13+00:00\",\"author\":{\"@id\":\"https:\\\/\\\/happynessradio.fr\\\/amiens\\\/#\\\/schema\\\/person\\\/735f1a1ba15f9478beb4249ad52f7252\"},\"description\":\"Travaux, Foire St-Roch et Grande R\u00e9derie : d\u00e9couvrez les perturbations et d\u00e9viations sur les lignes Ametis (7, 9, 12...) \u00e0 Amiens. Happyness fait le point.\",\"breadcrumb\":{\"@id\":\"https:\\\/\\\/happynessradio.fr\\\/amiens\\\/articles\\\/bus-amiens-metropole-le-point-sur-les-perturbations\\\/#breadcrumb\"},\"inLanguage\":\"fr-FR\",\"potentialAction\":[{\"@type\":\"ReadAction\",\"target\":[\"https:\\\/\\\/happynessradio.fr\\\/amiens\\\/articles\\\/bus-amiens-metropole-le-point-sur-les-perturbations\\\/\"]}]},{\"@type\":\"ImageObject\",\"inLanguage\":\"fr-FR\",\"@id\":\"https:\\\/\\\/happynessradio.fr\\\/amiens\\\/articles\\\/bus-amiens-metropole-le-point-sur-les-perturbations\\\/#primaryimage\",\"url\":\"https:\\\/\\\/happynessradio.fr\\\/amiens\\\/wp-content\\\/uploads\\\/sites\\\/3\\\/2026\\\/04\\\/MockUp-Visuels-articles-57.webp\",\"contentUrl\":\"https:\\\/\\\/happynessradio.fr\\\/amiens\\\/wp-content\\\/uploads\\\/sites\\\/3\\\/2026\\\/04\\\/MockUp-Visuels-articles-57.webp\",\"width\":1083,\"height\":486,\"caption\":\"Un bus moderne blanc et turquoise du r\u00e9seau Ametis circulant dans une rue urbaine \u00e0 Amiens. Le bus affiche la destination \u00ab L1 Saleux \u00bb. \u00c0 l'arri\u00e8re-plan, on aper\u00e7oit un arr\u00eat de bus avec quelques passagers qui attendent, des b\u00e2timents de ville et une enseigne d'auto-\u00e9cole bleue.\"},{\"@type\":\"BreadcrumbList\",\"@id\":\"https:\\\/\\\/happynessradio.fr\\\/amiens\\\/articles\\\/bus-amiens-metropole-le-point-sur-les-perturbations\\\/#breadcrumb\",\"itemListElement\":[{\"@type\":\"ListItem\",\"position\":1,\"name\":\"Accueil\",\"item\":\"https:\\\/\\\/happynessradio.fr\\\/amiens\\\/\"},{\"@type\":\"ListItem\",\"position\":2,\"name\":\"Bus Amiens m\u00e9tropole : le point sur les perturbations\"}]},{\"@type\":\"WebSite\",\"@id\":\"https:\\\/\\\/happynessradio.fr\\\/amiens\\\/#website\",\"url\":\"https:\\\/\\\/happynessradio.fr\\\/amiens\\\/\",\"name\":\"Happyness Amiens\",\"description\":\"Toujours au plus proche de vous\",\"potentialAction\":[{\"@type\":\"SearchAction\",\"target\":{\"@type\":\"EntryPoint\",\"urlTemplate\":\"https:\\\/\\\/happynessradio.fr\\\/amiens\\\/?s={search_term_string}\"},\"query-input\":{\"@type\":\"PropertyValueSpecification\",\"valueRequired\":true,\"valueName\":\"search_term_string\"}}],\"inLanguage\":\"fr-FR\"},{\"@type\":\"Person\",\"@id\":\"https:\\\/\\\/happynessradio.fr\\\/amiens\\\/#\\\/schema\\\/person\\\/735f1a1ba15f9478beb4249ad52f7252\",\"name\":\"Lo\u00efc Dun\",\"image\":{\"@type\":\"ImageObject\",\"inLanguage\":\"fr-FR\",\"@id\":\"https:\\\/\\\/happynessradio.fr\\\/amiens\\\/wp-content\\\/uploads\\\/sites\\\/3\\\/2025\\\/12\\\/cropped-Portrait-Loic-25-26-96x96.webp\",\"url\":\"https:\\\/\\\/happynessradio.fr\\\/amiens\\\/wp-content\\\/uploads\\\/sites\\\/3\\\/2025\\\/12\\\/cropped-Portrait-Loic-25-26-96x96.webp\",\"contentUrl\":\"https:\\\/\\\/happynessradio.fr\\\/amiens\\\/wp-content\\\/uploads\\\/sites\\\/3\\\/2025\\\/12\\\/cropped-Portrait-Loic-25-26-96x96.webp\",\"caption\":\"Lo\u00efc Dun\"},\"description\":\"R\u00e9dacteur web Happyness. Co-animateur (chroniqueur) Quoi d'neuf ? Amiens Chroniqueur Le R\u00e9veil Happyness\",\"sameAs\":[\"https:\\\/\\\/www.instagram.com\\\/lolo80radio\\\/\",\"https:\\\/\\\/www.linkedin.com\\\/in\\\/loc-d-365960164\\\/\"],\"url\":\"https:\\\/\\\/happynessradio.fr\\\/amiens\\\/articles\\\/author\\\/loicdun\\\/\"}]}<\/script>\n<!-- \/ Yoast SEO plugin. -->","yoast_head_json":{"title":"Bus Amiens m\u00e9tropole : le point sur les perturbations - Happyness Amiens","description":"Travaux, Foire St-Roch et Grande R\u00e9derie : d\u00e9couvrez les perturbations et d\u00e9viations sur les lignes Ametis (7, 9, 12...) \u00e0 Amiens. Happyness fait le point.","robots":{"index":"index","follow":"follow","max-snippet":"max-snippet:-1","max-image-preview":"max-image-preview:large","max-video-preview":"max-video-preview:-1"},"canonical":"https:\/\/happynessradio.fr\/amiens\/articles\/bus-amiens-metropole-le-point-sur-les-perturbations\/","og_locale":"fr_FR","og_type":"article","og_title":"Bus Amiens m\u00e9tropole : le point sur les perturbations - Happyness Amiens","og_description":"Travaux, Foire St-Roch et Grande R\u00e9derie : d\u00e9couvrez les perturbations et d\u00e9viations sur les lignes Ametis (7, 9, 12...) \u00e0 Amiens. Happyness fait le point.","og_url":"https:\/\/happynessradio.fr\/amiens\/articles\/bus-amiens-metropole-le-point-sur-les-perturbations\/","og_site_name":"Happyness Amiens","article_published_time":"2026-04-16T16:09:15+00:00","article_modified_time":"2026-04-16T16:18:13+00:00","og_image":[{"width":1083,"height":486,"url":"https:\/\/happynessradio.fr\/amiens\/wp-content\/uploads\/sites\/3\/2026\/04\/MockUp-Visuels-articles-57.webp","type":"image\/webp"}],"author":"Lo\u00efc Dun","twitter_card":"summary_large_image","twitter_misc":{"\u00c9crit par":"Lo\u00efc Dun","Dur\u00e9e de lecture estim\u00e9e":"2 minutes"},"schema":{"@context":"https:\/\/schema.org","@graph":[{"@type":"Article","@id":"https:\/\/happynessradio.fr\/amiens\/articles\/bus-amiens-metropole-le-point-sur-les-perturbations\/#article","isPartOf":{"@id":"https:\/\/happynessradio.fr\/amiens\/articles\/bus-amiens-metropole-le-point-sur-les-perturbations\/"},"author":{"name":"Lo\u00efc Dun","@id":"https:\/\/happynessradio.fr\/amiens\/#\/schema\/person\/735f1a1ba15f9478beb4249ad52f7252"},"headline":"Bus Amiens m\u00e9tropole : le point sur les perturbations","datePublished":"2026-04-16T16:09:15+00:00","dateModified":"2026-04-16T16:18:13+00:00","mainEntityOfPage":{"@id":"https:\/\/happynessradio.fr\/amiens\/articles\/bus-amiens-metropole-le-point-sur-les-perturbations\/"},"wordCount":261,"commentCount":0,"image":{"@id":"https:\/\/happynessradio.fr\/amiens\/articles\/bus-amiens-metropole-le-point-sur-les-perturbations\/#primaryimage"},"thumbnailUrl":"https:\/\/happynessradio.fr\/amiens\/wp-content\/uploads\/sites\/3\/2026\/04\/MockUp-Visuels-articles-57.webp","articleSection":["Amiens"],"inLanguage":"fr-FR","potentialAction":[{"@type":"CommentAction","name":"Comment","target":["https:\/\/happynessradio.fr\/amiens\/articles\/bus-amiens-metropole-le-point-sur-les-perturbations\/#respond"]}]},{"@type":"WebPage","@id":"https:\/\/happynessradio.fr\/amiens\/articles\/bus-amiens-metropole-le-point-sur-les-perturbations\/","url":"https:\/\/happynessradio.fr\/amiens\/articles\/bus-amiens-metropole-le-point-sur-les-perturbations\/","name":"Bus Amiens m\u00e9tropole : le point sur les perturbations - Happyness Amiens","isPartOf":{"@id":"https:\/\/happynessradio.fr\/amiens\/#website"},"primaryImageOfPage":{"@id":"https:\/\/happynessradio.fr\/amiens\/articles\/bus-amiens-metropole-le-point-sur-les-perturbations\/#primaryimage"},"image":{"@id":"https:\/\/happynessradio.fr\/amiens\/articles\/bus-amiens-metropole-le-point-sur-les-perturbations\/#primaryimage"},"thumbnailUrl":"https:\/\/happynessradio.fr\/amiens\/wp-content\/uploads\/sites\/3\/2026\/04\/MockUp-Visuels-articles-57.webp","datePublished":"2026-04-16T16:09:15+00:00","dateModified":"2026-04-16T16:18:13+00:00","author":{"@id":"https:\/\/happynessradio.fr\/amiens\/#\/schema\/person\/735f1a1ba15f9478beb4249ad52f7252"},"description":"Travaux, Foire St-Roch et Grande R\u00e9derie : d\u00e9couvrez les perturbations et d\u00e9viations sur les lignes Ametis (7, 9, 12...) \u00e0 Amiens. Happyness fait le point.","breadcrumb":{"@id":"https:\/\/happynessradio.fr\/amiens\/articles\/bus-amiens-metropole-le-point-sur-les-perturbations\/#breadcrumb"},"inLanguage":"fr-FR","potentialAction":[{"@type":"ReadAction","target":["https:\/\/happynessradio.fr\/amiens\/articles\/bus-amiens-metropole-le-point-sur-les-perturbations\/"]}]},{"@type":"ImageObject","inLanguage":"fr-FR","@id":"https:\/\/happynessradio.fr\/amiens\/articles\/bus-amiens-metropole-le-point-sur-les-perturbations\/#primaryimage","url":"https:\/\/happynessradio.fr\/amiens\/wp-content\/uploads\/sites\/3\/2026\/04\/MockUp-Visuels-articles-57.webp","contentUrl":"https:\/\/happynessradio.fr\/amiens\/wp-content\/uploads\/sites\/3\/2026\/04\/MockUp-Visuels-articles-57.webp","width":1083,"height":486,"caption":"Un bus moderne blanc et turquoise du r\u00e9seau Ametis circulant dans une rue urbaine \u00e0 Amiens. Le bus affiche la destination \u00ab L1 Saleux \u00bb. \u00c0 l'arri\u00e8re-plan, on aper\u00e7oit un arr\u00eat de bus avec quelques passagers qui attendent, des b\u00e2timents de ville et une enseigne d'auto-\u00e9cole bleue."},{"@type":"BreadcrumbList","@id":"https:\/\/happynessradio.fr\/amiens\/articles\/bus-amiens-metropole-le-point-sur-les-perturbations\/#breadcrumb","itemListElement":[{"@type":"ListItem","position":1,"name":"Accueil","item":"https:\/\/happynessradio.fr\/amiens\/"},{"@type":"ListItem","position":2,"name":"Bus Amiens m\u00e9tropole : le point sur les perturbations"}]},{"@type":"WebSite","@id":"https:\/\/happynessradio.fr\/amiens\/#website","url":"https:\/\/happynessradio.fr\/amiens\/","name":"Happyness Amiens","description":"Toujours au plus proche de vous","potentialAction":[{"@type":"SearchAction","target":{"@type":"EntryPoint","urlTemplate":"https:\/\/happynessradio.fr\/amiens\/?s={search_term_string}"},"query-input":{"@type":"PropertyValueSpecification","valueRequired":true,"valueName":"search_term_string"}}],"inLanguage":"fr-FR"},{"@type":"Person","@id":"https:\/\/happynessradio.fr\/amiens\/#\/schema\/person\/735f1a1ba15f9478beb4249ad52f7252","name":"Lo\u00efc Dun","image":{"@type":"ImageObject","inLanguage":"fr-FR","@id":"https:\/\/happynessradio.fr\/amiens\/wp-content\/uploads\/sites\/3\/2025\/12\/cropped-Portrait-Loic-25-26-96x96.webp","url":"https:\/\/happynessradio.fr\/amiens\/wp-content\/uploads\/sites\/3\/2025\/12\/cropped-Portrait-Loic-25-26-96x96.webp","contentUrl":"https:\/\/happynessradio.fr\/amiens\/wp-content\/uploads\/sites\/3\/2025\/12\/cropped-Portrait-Loic-25-26-96x96.webp","caption":"Lo\u00efc Dun"},"description":"R\u00e9dacteur web Happyness. Co-animateur (chroniqueur) Quoi d'neuf ? Amiens Chroniqueur Le R\u00e9veil Happyness","sameAs":["https:\/\/www.instagram.com\/lolo80radio\/","https:\/\/www.linkedin.com\/in\/loc-d-365960164\/"],"url":"https:\/\/happynessradio.fr\/amiens\/articles\/author\/loicdun\/"}]}},"modified_by":"Lo\u00efc Dun","_links":{"self":[{"href":"https:\/\/happynessradio.fr\/amiens\/wp-json\/wp\/v2\/posts\/12639","targetHints":{"allow":["GET"]}}],"collection":[{"href":"https:\/\/happynessradio.fr\/amiens\/wp-json\/wp\/v2\/posts"}],"about":[{"href":"https:\/\/happynessradio.fr\/amiens\/wp-json\/wp\/v2\/types\/post"}],"author":[{"embeddable":true,"href":"https:\/\/happynessradio.fr\/amiens\/wp-json\/wp\/v2\/users\/6"}],"replies":[{"embeddable":true,"href":"https:\/\/happynessradio.fr\/amiens\/wp-json\/wp\/v2\/comments?post=12639"}],"version-history":[{"count":2,"href":"https:\/\/happynessradio.fr\/amiens\/wp-json\/wp\/v2\/posts\/12639\/revisions"}],"predecessor-version":[{"id":12642,"href":"https:\/\/happynessradio.fr\/amiens\/wp-json\/wp\/v2\/posts\/12639\/revisions\/12642"}],"wp:featuredmedia":[{"embeddable":true,"href":"https:\/\/happynessradio.fr\/amiens\/wp-json\/wp\/v2\/media\/12640"}],"wp:attachment":[{"href":"https:\/\/happynessradio.fr\/amiens\/wp-json\/wp\/v2\/media?parent=12639"}],"wp:term":[{"taxonomy":"category","embeddable":true,"href":"https:\/\/happynessradio.fr\/amiens\/wp-json\/wp\/v2\/categories?post=12639"},{"taxonomy":"post_tag","embeddable":true,"href":"https:\/\/happynessradio.fr\/amiens\/wp-json\/wp\/v2\/tags?post=12639"}],"curies":[{"name":"wp","href":"https:\/\/api.w.org\/{rel}","templated":true}]}}