{"id":12643,"date":"2026-04-19T16:15:00","date_gmt":"2026-04-19T14:15:00","guid":{"rendered":"https:\/\/happynessradio.fr\/amiens\/?p=12643"},"modified":"2026-04-17T17:20:00","modified_gmt":"2026-04-17T15:20:00","slug":"meteo-dans-la-somme-nuages-et-soleil-au-rendez-vous-pour-cette-semaine","status":"publish","type":"post","link":"https:\/\/happynessradio.fr\/amiens\/articles\/meteo-dans-la-somme-nuages-et-soleil-au-rendez-vous-pour-cette-semaine\/","title":{"rendered":"M\u00e9t\u00e9o dans la Somme : Nuages et soleil au rendez-vous pour cette semaine"},"content":{"rendered":"\n<p><em>Comme chaque dimanche, la r\u00e9daction d&rsquo;Happyness fait le point sur la m\u00e9t\u00e9o dans la Somme pour la semaine. Des nuages et du soleil sont annonc\u00e9s avec des temp\u00e9ratures comprises entre 13 et 16 degr\u00e8s voir m\u00eame 20 en fin de cette semaine dans le secteur d&rsquo;Albert. <\/em><\/p>\n\n\n\n<h2 class=\"wp-block-heading\">Amiens<\/h2>\n\n\n\n<p>Pour cette semaine dans le d\u00e9partement de <a href=\"https:\/\/meteofrance.com\/previsions-meteo-france\/somme\/80\" id=\"https:\/\/meteofrance.com\/previsions-meteo-france\/somme\/80\">La Somme<\/a> concernant l&rsquo;<a href=\"https:\/\/www.meteociel.fr\/previsions\/29610\/amiens.htm\" id=\"https:\/\/www.meteociel.fr\/previsions\/29610\/amiens.htm\">Ami\u00e9nois<\/a>, la journ\u00e9e de lundi se d\u00e9roulera sous les nuages 13\u00b0C, par contre pour mardi, il fera beau avec un ciel partiellement ensoleill\u00e9 voir m\u00eame un grand soleil pour mercredi avec 16 degr\u00e9s. Tandis que jeudi, pr\u00e9sence d&rsquo;un temps nuageux par intermittence une quinzaine de degr\u00e9s avec retour de quelques rayons du soleil. <\/p>\n\n\n\n<h2 class=\"wp-block-heading\">Abbeville<\/h2>\n\n\n\n<p>Dans l&rsquo;Abbevillois, comme dirait Claude Fran\u00e7ois, c&rsquo;est le lundi au soleil avec un temps partiellement ensoleill\u00e9, alors que pour mardi les nuages seront pr\u00e9sents par intermittence. Pour mercredi, retour du soleil avec 16\u00b0C au menu. Et enfin pour jeudi et vendredi, couverture nuageuse avec au thermom\u00e8tre entre 16 et 18. <\/p>\n\n\n\n<h2 class=\"wp-block-heading\">Albert<\/h2>\n\n\n\n<p>Du c\u00f4t\u00e9 d&rsquo;Albert, on s&rsquo;attend lundi \u00e0 un temps identique \u00e0 Abbeville, alors que pour mardi 13 degr\u00e9s au programme. C&rsquo;est pour la journ\u00e9e de mercredi qu&rsquo;on vous conseille de <a href=\"https:\/\/www.somme-tourisme.com\/\" id=\"https:\/\/www.somme-tourisme.com\/\">sortir<\/a> puisque qu&rsquo;on s&rsquo;attend \u00e0 un temps ensoleill\u00e9 avec 16\u00b0C. Pour finir, jeudi retour des nuages, alors que pour vendredi l&rsquo;astre solaire viendra illuminer le ciel avec 20 degr\u00e9s attendu. <\/p>\n\n\n\n<hr class=\"wp-block-separator has-alpha-channel-opacity\" \/>\n\n\n\n<p><em>Et vous, qu&rsquo;avez-vous pr\u00e9vu pour profiter de ce soleil printanier ?<\/em><\/p>\n\n\n\n<p><\/p>\n","protected":false},"excerpt":{"rendered":"<p>Comme chaque dimanche, la r\u00e9daction d&rsquo;Happyness fait le point sur la m\u00e9t\u00e9o dans la Somme pour la semaine. Des nuages et du soleil sont annonc\u00e9s avec des temp\u00e9ratures comprises entre 13 et 16 degr\u00e8s voir m\u00eame 20 en fin de cette semaine dans le secteur d&rsquo;Albert. Amiens Pour cette semaine dans le d\u00e9partement de La Somme concernant l&rsquo;Ami\u00e9nois, la journ\u00e9e de lundi se d\u00e9roulera sous les nuages 13\u00b0C, par contre pour mardi, il fera beau avec un ciel partiellement ensoleill\u00e9 voir m\u00eame un grand soleil pour mercredi avec 16 degr\u00e9s. Tandis que jeudi, pr\u00e9sence d&rsquo;un temps nuageux par intermittence une quinzaine de degr\u00e9s avec retour de quelques rayons du soleil. Abbeville Dans l&rsquo;Abbevillois, comme dirait Claude Fran\u00e7ois, c&rsquo;est le lundi au soleil avec un temps partiellement ensoleill\u00e9, alors que pour mardi les nuages seront pr\u00e9sents par intermittence. Pour mercredi, retour du soleil avec 16\u00b0C au menu. Et enfin pour jeudi et vendredi, couverture nuageuse avec au thermom\u00e8tre entre 16 et 18. Albert Du c\u00f4t\u00e9 d&rsquo;Albert, on s&rsquo;attend lundi \u00e0 un temps identique \u00e0 Abbeville, alors que pour mardi 13 degr\u00e9s au programme. C&rsquo;est pour la journ\u00e9e de mercredi qu&rsquo;on vous conseille de sortir puisque qu&rsquo;on s&rsquo;attend \u00e0 un temps ensoleill\u00e9 avec 16\u00b0C. Pour finir, jeudi retour des nuages, alors que pour vendredi l&rsquo;astre solaire viendra illuminer le ciel avec 20 degr\u00e9s attendu. Et vous, qu&rsquo;avez-vous pr\u00e9vu pour profiter de ce soleil printanier ?<\/p>\n","protected":false},"author":6,"featured_media":12386,"comment_status":"open","ping_status":"open","sticky":false,"template":"","format":"standard","meta":{"_lmt_disableupdate":"","_lmt_disable":"","footnotes":""},"categories":[11],"tags":[],"class_list":["post-12643","post","type-post","status-publish","format-standard","has-post-thumbnail","hentry","category-amiens"],"yoast_head":"<!-- This site is optimized with the Yoast SEO plugin v27.5 - https:\/\/yoast.com\/product\/yoast-seo-wordpress\/ -->\n<title>M\u00e9t\u00e9o dans la Somme : Nuages et soleil au rendez-vous pour cette semaine - Happyness Amiens<\/title>\n<meta name=\"robots\" content=\"index, follow, max-snippet:-1, max-image-preview:large, max-video-preview:-1\" \/>\n<link rel=\"canonical\" href=\"https:\/\/happynessradio.fr\/amiens\/articles\/meteo-dans-la-somme-nuages-et-soleil-au-rendez-vous-pour-cette-semaine\/\" \/>\n<meta property=\"og:locale\" content=\"fr_FR\" \/>\n<meta property=\"og:type\" content=\"article\" \/>\n<meta property=\"og:title\" content=\"M\u00e9t\u00e9o dans la Somme : Nuages et soleil au rendez-vous pour cette semaine - Happyness Amiens\" \/>\n<meta property=\"og:description\" content=\"Comme chaque dimanche, la r\u00e9daction d&rsquo;Happyness fait le point sur la m\u00e9t\u00e9o dans la Somme pour la semaine. Des nuages et du soleil sont annonc\u00e9s avec des temp\u00e9ratures comprises entre 13 et 16 degr\u00e8s voir m\u00eame 20 en fin de cette semaine dans le secteur d&rsquo;Albert. Amiens Pour cette semaine dans le d\u00e9partement de La Somme concernant l&rsquo;Ami\u00e9nois, la journ\u00e9e de lundi se d\u00e9roulera sous les nuages 13\u00b0C, par contre pour mardi, il fera beau avec un ciel partiellement ensoleill\u00e9 voir m\u00eame un grand soleil pour mercredi avec 16 degr\u00e9s. Tandis que jeudi, pr\u00e9sence d&rsquo;un temps nuageux par intermittence une quinzaine de degr\u00e9s avec retour de quelques rayons du soleil. Abbeville Dans l&rsquo;Abbevillois, comme dirait Claude Fran\u00e7ois, c&rsquo;est le lundi au soleil avec un temps partiellement ensoleill\u00e9, alors que pour mardi les nuages seront pr\u00e9sents par intermittence. Pour mercredi, retour du soleil avec 16\u00b0C au menu. Et enfin pour jeudi et vendredi, couverture nuageuse avec au thermom\u00e8tre entre 16 et 18. Albert Du c\u00f4t\u00e9 d&rsquo;Albert, on s&rsquo;attend lundi \u00e0 un temps identique \u00e0 Abbeville, alors que pour mardi 13 degr\u00e9s au programme. C&rsquo;est pour la journ\u00e9e de mercredi qu&rsquo;on vous conseille de sortir puisque qu&rsquo;on s&rsquo;attend \u00e0 un temps ensoleill\u00e9 avec 16\u00b0C. Pour finir, jeudi retour des nuages, alors que pour vendredi l&rsquo;astre solaire viendra illuminer le ciel avec 20 degr\u00e9s attendu. Et vous, qu&rsquo;avez-vous pr\u00e9vu pour profiter de ce soleil printanier ?\" \/>\n<meta property=\"og:url\" content=\"https:\/\/happynessradio.fr\/amiens\/articles\/meteo-dans-la-somme-nuages-et-soleil-au-rendez-vous-pour-cette-semaine\/\" \/>\n<meta property=\"og:site_name\" content=\"Happyness Amiens\" \/>\n<meta property=\"article:published_time\" content=\"2026-04-19T14:15:00+00:00\" \/>\n<meta property=\"og:image\" content=\"https:\/\/happynessradio.fr\/amiens\/wp-content\/uploads\/sites\/3\/2026\/03\/MockUp-Visuels-articles-5.webp\" \/>\n\t<meta property=\"og:image:width\" content=\"1083\" \/>\n\t<meta property=\"og:image:height\" content=\"486\" \/>\n\t<meta property=\"og:image:type\" content=\"image\/webp\" \/>\n<meta name=\"author\" content=\"Lo\u00efc Dun\" \/>\n<meta name=\"twitter:card\" content=\"summary_large_image\" \/>\n<meta name=\"twitter:label1\" content=\"\u00c9crit par\" \/>\n\t<meta name=\"twitter:data1\" content=\"Lo\u00efc Dun\" \/>\n\t<meta name=\"twitter:label2\" content=\"Dur\u00e9e de lecture estim\u00e9e\" \/>\n\t<meta name=\"twitter:data2\" content=\"1 minute\" \/>\n<script type=\"application\/ld+json\" class=\"yoast-schema-graph\">{\"@context\":\"https:\\\/\\\/schema.org\",\"@graph\":[{\"@type\":\"Article\",\"@id\":\"https:\\\/\\\/happynessradio.fr\\\/amiens\\\/articles\\\/meteo-dans-la-somme-nuages-et-soleil-au-rendez-vous-pour-cette-semaine\\\/#article\",\"isPartOf\":{\"@id\":\"https:\\\/\\\/happynessradio.fr\\\/amiens\\\/articles\\\/meteo-dans-la-somme-nuages-et-soleil-au-rendez-vous-pour-cette-semaine\\\/\"},\"author\":{\"name\":\"Lo\u00efc Dun\",\"@id\":\"https:\\\/\\\/happynessradio.fr\\\/amiens\\\/#\\\/schema\\\/person\\\/735f1a1ba15f9478beb4249ad52f7252\"},\"headline\":\"M\u00e9t\u00e9o dans la Somme : Nuages et soleil au rendez-vous pour cette semaine\",\"datePublished\":\"2026-04-19T14:15:00+00:00\",\"mainEntityOfPage\":{\"@id\":\"https:\\\/\\\/happynessradio.fr\\\/amiens\\\/articles\\\/meteo-dans-la-somme-nuages-et-soleil-au-rendez-vous-pour-cette-semaine\\\/\"},\"wordCount\":272,\"commentCount\":0,\"image\":{\"@id\":\"https:\\\/\\\/happynessradio.fr\\\/amiens\\\/articles\\\/meteo-dans-la-somme-nuages-et-soleil-au-rendez-vous-pour-cette-semaine\\\/#primaryimage\"},\"thumbnailUrl\":\"https:\\\/\\\/happynessradio.fr\\\/amiens\\\/wp-content\\\/uploads\\\/sites\\\/3\\\/2026\\\/03\\\/MockUp-Visuels-articles-5.webp\",\"articleSection\":[\"Amiens\"],\"inLanguage\":\"fr-FR\",\"potentialAction\":[{\"@type\":\"CommentAction\",\"name\":\"Comment\",\"target\":[\"https:\\\/\\\/happynessradio.fr\\\/amiens\\\/articles\\\/meteo-dans-la-somme-nuages-et-soleil-au-rendez-vous-pour-cette-semaine\\\/#respond\"]}]},{\"@type\":\"WebPage\",\"@id\":\"https:\\\/\\\/happynessradio.fr\\\/amiens\\\/articles\\\/meteo-dans-la-somme-nuages-et-soleil-au-rendez-vous-pour-cette-semaine\\\/\",\"url\":\"https:\\\/\\\/happynessradio.fr\\\/amiens\\\/articles\\\/meteo-dans-la-somme-nuages-et-soleil-au-rendez-vous-pour-cette-semaine\\\/\",\"name\":\"M\u00e9t\u00e9o dans la Somme : Nuages et soleil au rendez-vous pour cette semaine - Happyness Amiens\",\"isPartOf\":{\"@id\":\"https:\\\/\\\/happynessradio.fr\\\/amiens\\\/#website\"},\"primaryImageOfPage\":{\"@id\":\"https:\\\/\\\/happynessradio.fr\\\/amiens\\\/articles\\\/meteo-dans-la-somme-nuages-et-soleil-au-rendez-vous-pour-cette-semaine\\\/#primaryimage\"},\"image\":{\"@id\":\"https:\\\/\\\/happynessradio.fr\\\/amiens\\\/articles\\\/meteo-dans-la-somme-nuages-et-soleil-au-rendez-vous-pour-cette-semaine\\\/#primaryimage\"},\"thumbnailUrl\":\"https:\\\/\\\/happynessradio.fr\\\/amiens\\\/wp-content\\\/uploads\\\/sites\\\/3\\\/2026\\\/03\\\/MockUp-Visuels-articles-5.webp\",\"datePublished\":\"2026-04-19T14:15:00+00:00\",\"author\":{\"@id\":\"https:\\\/\\\/happynessradio.fr\\\/amiens\\\/#\\\/schema\\\/person\\\/735f1a1ba15f9478beb4249ad52f7252\"},\"breadcrumb\":{\"@id\":\"https:\\\/\\\/happynessradio.fr\\\/amiens\\\/articles\\\/meteo-dans-la-somme-nuages-et-soleil-au-rendez-vous-pour-cette-semaine\\\/#breadcrumb\"},\"inLanguage\":\"fr-FR\",\"potentialAction\":[{\"@type\":\"ReadAction\",\"target\":[\"https:\\\/\\\/happynessradio.fr\\\/amiens\\\/articles\\\/meteo-dans-la-somme-nuages-et-soleil-au-rendez-vous-pour-cette-semaine\\\/\"]}]},{\"@type\":\"ImageObject\",\"inLanguage\":\"fr-FR\",\"@id\":\"https:\\\/\\\/happynessradio.fr\\\/amiens\\\/articles\\\/meteo-dans-la-somme-nuages-et-soleil-au-rendez-vous-pour-cette-semaine\\\/#primaryimage\",\"url\":\"https:\\\/\\\/happynessradio.fr\\\/amiens\\\/wp-content\\\/uploads\\\/sites\\\/3\\\/2026\\\/03\\\/MockUp-Visuels-articles-5.webp\",\"contentUrl\":\"https:\\\/\\\/happynessradio.fr\\\/amiens\\\/wp-content\\\/uploads\\\/sites\\\/3\\\/2026\\\/03\\\/MockUp-Visuels-articles-5.webp\",\"width\":1083,\"height\":486,\"caption\":\"Vue d'un ciel couvert d'\u00e9pais nuages gris orageux et tourbillonnants, encadr\u00e9e par deux formes g\u00e9om\u00e9triques rouges triangulaires en haut \u00e0 gauche et en bas \u00e0 droite.\"},{\"@type\":\"BreadcrumbList\",\"@id\":\"https:\\\/\\\/happynessradio.fr\\\/amiens\\\/articles\\\/meteo-dans-la-somme-nuages-et-soleil-au-rendez-vous-pour-cette-semaine\\\/#breadcrumb\",\"itemListElement\":[{\"@type\":\"ListItem\",\"position\":1,\"name\":\"Accueil\",\"item\":\"https:\\\/\\\/happynessradio.fr\\\/amiens\\\/\"},{\"@type\":\"ListItem\",\"position\":2,\"name\":\"M\u00e9t\u00e9o dans la Somme : Nuages et soleil au rendez-vous pour cette semaine\"}]},{\"@type\":\"WebSite\",\"@id\":\"https:\\\/\\\/happynessradio.fr\\\/amiens\\\/#website\",\"url\":\"https:\\\/\\\/happynessradio.fr\\\/amiens\\\/\",\"name\":\"Happyness Amiens\",\"description\":\"Toujours au plus proche de vous\",\"potentialAction\":[{\"@type\":\"SearchAction\",\"target\":{\"@type\":\"EntryPoint\",\"urlTemplate\":\"https:\\\/\\\/happynessradio.fr\\\/amiens\\\/?s={search_term_string}\"},\"query-input\":{\"@type\":\"PropertyValueSpecification\",\"valueRequired\":true,\"valueName\":\"search_term_string\"}}],\"inLanguage\":\"fr-FR\"},{\"@type\":\"Person\",\"@id\":\"https:\\\/\\\/happynessradio.fr\\\/amiens\\\/#\\\/schema\\\/person\\\/735f1a1ba15f9478beb4249ad52f7252\",\"name\":\"Lo\u00efc Dun\",\"image\":{\"@type\":\"ImageObject\",\"inLanguage\":\"fr-FR\",\"@id\":\"https:\\\/\\\/happynessradio.fr\\\/amiens\\\/wp-content\\\/uploads\\\/sites\\\/3\\\/2025\\\/12\\\/cropped-Portrait-Loic-25-26-96x96.webp\",\"url\":\"https:\\\/\\\/happynessradio.fr\\\/amiens\\\/wp-content\\\/uploads\\\/sites\\\/3\\\/2025\\\/12\\\/cropped-Portrait-Loic-25-26-96x96.webp\",\"contentUrl\":\"https:\\\/\\\/happynessradio.fr\\\/amiens\\\/wp-content\\\/uploads\\\/sites\\\/3\\\/2025\\\/12\\\/cropped-Portrait-Loic-25-26-96x96.webp\",\"caption\":\"Lo\u00efc Dun\"},\"description\":\"R\u00e9dacteur web Happyness. Co-animateur (chroniqueur) Quoi d'neuf ? Amiens Chroniqueur Le R\u00e9veil Happyness\",\"sameAs\":[\"https:\\\/\\\/www.instagram.com\\\/lolo80radio\\\/\",\"https:\\\/\\\/www.linkedin.com\\\/in\\\/loc-d-365960164\\\/\"],\"url\":\"https:\\\/\\\/happynessradio.fr\\\/amiens\\\/articles\\\/author\\\/loicdun\\\/\"}]}<\/script>\n<!-- \/ Yoast SEO plugin. -->","yoast_head_json":{"title":"M\u00e9t\u00e9o dans la Somme : Nuages et soleil au rendez-vous pour cette semaine - Happyness Amiens","robots":{"index":"index","follow":"follow","max-snippet":"max-snippet:-1","max-image-preview":"max-image-preview:large","max-video-preview":"max-video-preview:-1"},"canonical":"https:\/\/happynessradio.fr\/amiens\/articles\/meteo-dans-la-somme-nuages-et-soleil-au-rendez-vous-pour-cette-semaine\/","og_locale":"fr_FR","og_type":"article","og_title":"M\u00e9t\u00e9o dans la Somme : Nuages et soleil au rendez-vous pour cette semaine - Happyness Amiens","og_description":"Comme chaque dimanche, la r\u00e9daction d&rsquo;Happyness fait le point sur la m\u00e9t\u00e9o dans la Somme pour la semaine. Des nuages et du soleil sont annonc\u00e9s avec des temp\u00e9ratures comprises entre 13 et 16 degr\u00e8s voir m\u00eame 20 en fin de cette semaine dans le secteur d&rsquo;Albert. Amiens Pour cette semaine dans le d\u00e9partement de La Somme concernant l&rsquo;Ami\u00e9nois, la journ\u00e9e de lundi se d\u00e9roulera sous les nuages 13\u00b0C, par contre pour mardi, il fera beau avec un ciel partiellement ensoleill\u00e9 voir m\u00eame un grand soleil pour mercredi avec 16 degr\u00e9s. Tandis que jeudi, pr\u00e9sence d&rsquo;un temps nuageux par intermittence une quinzaine de degr\u00e9s avec retour de quelques rayons du soleil. Abbeville Dans l&rsquo;Abbevillois, comme dirait Claude Fran\u00e7ois, c&rsquo;est le lundi au soleil avec un temps partiellement ensoleill\u00e9, alors que pour mardi les nuages seront pr\u00e9sents par intermittence. Pour mercredi, retour du soleil avec 16\u00b0C au menu. Et enfin pour jeudi et vendredi, couverture nuageuse avec au thermom\u00e8tre entre 16 et 18. Albert Du c\u00f4t\u00e9 d&rsquo;Albert, on s&rsquo;attend lundi \u00e0 un temps identique \u00e0 Abbeville, alors que pour mardi 13 degr\u00e9s au programme. C&rsquo;est pour la journ\u00e9e de mercredi qu&rsquo;on vous conseille de sortir puisque qu&rsquo;on s&rsquo;attend \u00e0 un temps ensoleill\u00e9 avec 16\u00b0C. Pour finir, jeudi retour des nuages, alors que pour vendredi l&rsquo;astre solaire viendra illuminer le ciel avec 20 degr\u00e9s attendu. Et vous, qu&rsquo;avez-vous pr\u00e9vu pour profiter de ce soleil printanier ?","og_url":"https:\/\/happynessradio.fr\/amiens\/articles\/meteo-dans-la-somme-nuages-et-soleil-au-rendez-vous-pour-cette-semaine\/","og_site_name":"Happyness Amiens","article_published_time":"2026-04-19T14:15:00+00:00","og_image":[{"width":1083,"height":486,"url":"https:\/\/happynessradio.fr\/amiens\/wp-content\/uploads\/sites\/3\/2026\/03\/MockUp-Visuels-articles-5.webp","type":"image\/webp"}],"author":"Lo\u00efc Dun","twitter_card":"summary_large_image","twitter_misc":{"\u00c9crit par":"Lo\u00efc Dun","Dur\u00e9e de lecture estim\u00e9e":"1 minute"},"schema":{"@context":"https:\/\/schema.org","@graph":[{"@type":"Article","@id":"https:\/\/happynessradio.fr\/amiens\/articles\/meteo-dans-la-somme-nuages-et-soleil-au-rendez-vous-pour-cette-semaine\/#article","isPartOf":{"@id":"https:\/\/happynessradio.fr\/amiens\/articles\/meteo-dans-la-somme-nuages-et-soleil-au-rendez-vous-pour-cette-semaine\/"},"author":{"name":"Lo\u00efc Dun","@id":"https:\/\/happynessradio.fr\/amiens\/#\/schema\/person\/735f1a1ba15f9478beb4249ad52f7252"},"headline":"M\u00e9t\u00e9o dans la Somme : Nuages et soleil au rendez-vous pour cette semaine","datePublished":"2026-04-19T14:15:00+00:00","mainEntityOfPage":{"@id":"https:\/\/happynessradio.fr\/amiens\/articles\/meteo-dans-la-somme-nuages-et-soleil-au-rendez-vous-pour-cette-semaine\/"},"wordCount":272,"commentCount":0,"image":{"@id":"https:\/\/happynessradio.fr\/amiens\/articles\/meteo-dans-la-somme-nuages-et-soleil-au-rendez-vous-pour-cette-semaine\/#primaryimage"},"thumbnailUrl":"https:\/\/happynessradio.fr\/amiens\/wp-content\/uploads\/sites\/3\/2026\/03\/MockUp-Visuels-articles-5.webp","articleSection":["Amiens"],"inLanguage":"fr-FR","potentialAction":[{"@type":"CommentAction","name":"Comment","target":["https:\/\/happynessradio.fr\/amiens\/articles\/meteo-dans-la-somme-nuages-et-soleil-au-rendez-vous-pour-cette-semaine\/#respond"]}]},{"@type":"WebPage","@id":"https:\/\/happynessradio.fr\/amiens\/articles\/meteo-dans-la-somme-nuages-et-soleil-au-rendez-vous-pour-cette-semaine\/","url":"https:\/\/happynessradio.fr\/amiens\/articles\/meteo-dans-la-somme-nuages-et-soleil-au-rendez-vous-pour-cette-semaine\/","name":"M\u00e9t\u00e9o dans la Somme : Nuages et soleil au rendez-vous pour cette semaine - Happyness Amiens","isPartOf":{"@id":"https:\/\/happynessradio.fr\/amiens\/#website"},"primaryImageOfPage":{"@id":"https:\/\/happynessradio.fr\/amiens\/articles\/meteo-dans-la-somme-nuages-et-soleil-au-rendez-vous-pour-cette-semaine\/#primaryimage"},"image":{"@id":"https:\/\/happynessradio.fr\/amiens\/articles\/meteo-dans-la-somme-nuages-et-soleil-au-rendez-vous-pour-cette-semaine\/#primaryimage"},"thumbnailUrl":"https:\/\/happynessradio.fr\/amiens\/wp-content\/uploads\/sites\/3\/2026\/03\/MockUp-Visuels-articles-5.webp","datePublished":"2026-04-19T14:15:00+00:00","author":{"@id":"https:\/\/happynessradio.fr\/amiens\/#\/schema\/person\/735f1a1ba15f9478beb4249ad52f7252"},"breadcrumb":{"@id":"https:\/\/happynessradio.fr\/amiens\/articles\/meteo-dans-la-somme-nuages-et-soleil-au-rendez-vous-pour-cette-semaine\/#breadcrumb"},"inLanguage":"fr-FR","potentialAction":[{"@type":"ReadAction","target":["https:\/\/happynessradio.fr\/amiens\/articles\/meteo-dans-la-somme-nuages-et-soleil-au-rendez-vous-pour-cette-semaine\/"]}]},{"@type":"ImageObject","inLanguage":"fr-FR","@id":"https:\/\/happynessradio.fr\/amiens\/articles\/meteo-dans-la-somme-nuages-et-soleil-au-rendez-vous-pour-cette-semaine\/#primaryimage","url":"https:\/\/happynessradio.fr\/amiens\/wp-content\/uploads\/sites\/3\/2026\/03\/MockUp-Visuels-articles-5.webp","contentUrl":"https:\/\/happynessradio.fr\/amiens\/wp-content\/uploads\/sites\/3\/2026\/03\/MockUp-Visuels-articles-5.webp","width":1083,"height":486,"caption":"Vue d'un ciel couvert d'\u00e9pais nuages gris orageux et tourbillonnants, encadr\u00e9e par deux formes g\u00e9om\u00e9triques rouges triangulaires en haut \u00e0 gauche et en bas \u00e0 droite."},{"@type":"BreadcrumbList","@id":"https:\/\/happynessradio.fr\/amiens\/articles\/meteo-dans-la-somme-nuages-et-soleil-au-rendez-vous-pour-cette-semaine\/#breadcrumb","itemListElement":[{"@type":"ListItem","position":1,"name":"Accueil","item":"https:\/\/happynessradio.fr\/amiens\/"},{"@type":"ListItem","position":2,"name":"M\u00e9t\u00e9o dans la Somme : Nuages et soleil au rendez-vous pour cette semaine"}]},{"@type":"WebSite","@id":"https:\/\/happynessradio.fr\/amiens\/#website","url":"https:\/\/happynessradio.fr\/amiens\/","name":"Happyness Amiens","description":"Toujours au plus proche de vous","potentialAction":[{"@type":"SearchAction","target":{"@type":"EntryPoint","urlTemplate":"https:\/\/happynessradio.fr\/amiens\/?s={search_term_string}"},"query-input":{"@type":"PropertyValueSpecification","valueRequired":true,"valueName":"search_term_string"}}],"inLanguage":"fr-FR"},{"@type":"Person","@id":"https:\/\/happynessradio.fr\/amiens\/#\/schema\/person\/735f1a1ba15f9478beb4249ad52f7252","name":"Lo\u00efc Dun","image":{"@type":"ImageObject","inLanguage":"fr-FR","@id":"https:\/\/happynessradio.fr\/amiens\/wp-content\/uploads\/sites\/3\/2025\/12\/cropped-Portrait-Loic-25-26-96x96.webp","url":"https:\/\/happynessradio.fr\/amiens\/wp-content\/uploads\/sites\/3\/2025\/12\/cropped-Portrait-Loic-25-26-96x96.webp","contentUrl":"https:\/\/happynessradio.fr\/amiens\/wp-content\/uploads\/sites\/3\/2025\/12\/cropped-Portrait-Loic-25-26-96x96.webp","caption":"Lo\u00efc Dun"},"description":"R\u00e9dacteur web Happyness. Co-animateur (chroniqueur) Quoi d'neuf ? Amiens Chroniqueur Le R\u00e9veil Happyness","sameAs":["https:\/\/www.instagram.com\/lolo80radio\/","https:\/\/www.linkedin.com\/in\/loc-d-365960164\/"],"url":"https:\/\/happynessradio.fr\/amiens\/articles\/author\/loicdun\/"}]}},"modified_by":"Lo\u00efc Dun","_links":{"self":[{"href":"https:\/\/happynessradio.fr\/amiens\/wp-json\/wp\/v2\/posts\/12643","targetHints":{"allow":["GET"]}}],"collection":[{"href":"https:\/\/happynessradio.fr\/amiens\/wp-json\/wp\/v2\/posts"}],"about":[{"href":"https:\/\/happynessradio.fr\/amiens\/wp-json\/wp\/v2\/types\/post"}],"author":[{"embeddable":true,"href":"https:\/\/happynessradio.fr\/amiens\/wp-json\/wp\/v2\/users\/6"}],"replies":[{"embeddable":true,"href":"https:\/\/happynessradio.fr\/amiens\/wp-json\/wp\/v2\/comments?post=12643"}],"version-history":[{"count":1,"href":"https:\/\/happynessradio.fr\/amiens\/wp-json\/wp\/v2\/posts\/12643\/revisions"}],"predecessor-version":[{"id":12644,"href":"https:\/\/happynessradio.fr\/amiens\/wp-json\/wp\/v2\/posts\/12643\/revisions\/12644"}],"wp:featuredmedia":[{"embeddable":true,"href":"https:\/\/happynessradio.fr\/amiens\/wp-json\/wp\/v2\/media\/12386"}],"wp:attachment":[{"href":"https:\/\/happynessradio.fr\/amiens\/wp-json\/wp\/v2\/media?parent=12643"}],"wp:term":[{"taxonomy":"category","embeddable":true,"href":"https:\/\/happynessradio.fr\/amiens\/wp-json\/wp\/v2\/categories?post=12643"},{"taxonomy":"post_tag","embeddable":true,"href":"https:\/\/happynessradio.fr\/amiens\/wp-json\/wp\/v2\/tags?post=12643"}],"curies":[{"name":"wp","href":"https:\/\/api.w.org\/{rel}","templated":true}]}}