{"id":12646,"date":"2026-04-17T17:55:18","date_gmt":"2026-04-17T15:55:18","guid":{"rendered":"https:\/\/happynessradio.fr\/amiens\/?p=12646"},"modified":"2026-04-17T17:55:20","modified_gmt":"2026-04-17T15:55:20","slug":"amiens-conditions-de-stationnement-de-circulation-dans-le-cadre-de-la-grande-rederie","status":"publish","type":"post","link":"https:\/\/happynessradio.fr\/amiens\/articles\/amiens-conditions-de-stationnement-de-circulation-dans-le-cadre-de-la-grande-rederie\/","title":{"rendered":"Amiens : Conditions de stationnement de circulation dans le cadre de La Grande R\u00e9derie"},"content":{"rendered":"\n<p><em>Dans le cadre de La Grande R\u00e9derie d&rsquo;Amiens, dimanche 19 avril, des restrictions de circulation et de stationnement sont pr\u00e9vus \u00e0 partir de samedi. Six parkings souterrains seront accessibles.   <\/em><\/p>\n\n\n\n<h2 class=\"wp-block-heading\">Six parkings souterrains accessibles  <\/h2>\n\n\n\n<p>A l&rsquo;occasion de<a href=\"https:\/\/happynessradio.fr\/amiens\/articles\/amiens-la-grande-rederie-cest-dimanche\/\" id=\"https:\/\/happynessradio.fr\/amiens\/articles\/amiens-la-grande-rederie-cest-dimanche\/\"> La Grande R\u00e9derie<\/a> organis\u00e9 dans le centre-ville d&rsquo;Amiens pr\u00e9vu dimanche 19 avril, la municipalit\u00e9 informe que six <a href=\"https:\/\/www.amiens.fr\/Vivre-a-Amiens\/Commerce\/Le-centre-ville-au-quotidien\/Le-stationnement-de-vos-clients\" id=\"https:\/\/www.amiens.fr\/Vivre-a-Amiens\/Commerce\/Le-centre-ville-au-quotidien\/Le-stationnement-de-vos-clients\">parkings souterrains<\/a> de la ville seront acessibles afin de faciliter le stationnement, en l&rsquo;occurrence <strong>Trois-cailloux et Amiens 2<\/strong> : 24h\/24, Perret : 6h30 \u2013 1h30,<strong> Jacobins :<\/strong> 9h \u2013 19h, <strong>Saint-Leu<\/strong> : 9h \u2013 19h et H\u00f4tel de Ville : 9h \u2013 18h. Attention fermeture concernant <strong>Halles du Beffroi<\/strong> et <strong>Centrum<\/strong>.<\/p>\n\n\n\n<h2 class=\"wp-block-heading\">Circulation et stationnement interdit<\/h2>\n\n\n\n<p>A noter qu&rsquo;en raison d&rsquo;un arr\u00eat\u00e9 municipal, <a href=\"https:\/\/www.grande-rederie-amiens.com\/fr\/\" id=\"https:\/\/www.grande-rederie-amiens.com\/fr\/\">des rues<\/a> seront interdites \u00e0 la circulation et au stationnement \u00e0 partir Samedi 18 avril 2026 (d\u00e8s 16h00 pour certains axes, 20h00 pour la majorit\u00e9) jusqu&rsquo;au lendemain apr\u00e8s les op\u00e9rations de nettoyage. Cela concerne un p\u00e9rim\u00e8tre tr\u00e8s large incluant l&rsquo;axe<strong> G\u00e9n\u00e9ral Leclerc, Gresset, H\u00f4tel de Ville, L\u00e9on Blum<\/strong>, sans oublier<strong> la Hotoie<\/strong> et les rues pi\u00e9tonnes\/commer\u00e7antes (J<strong>eanne Natiere, Jean Catelas<\/strong>, etc.) A savoir que tout v\u00e9hicule restant dans ces zones est passible d&rsquo;une mise en fourri\u00e8re.<\/p>\n\n\n\n<h2 class=\"wp-block-heading\">Mise en impasse et air de retournement <\/h2>\n\n\n\n<p>Bon \u00e0 savoir : l&rsquo;acc\u00e8s \u00e0 la<strong> rue Maurice Th\u00e9di\u00e9<\/strong> sera autoris\u00e9 pour les riverains et les secours tandis que la rue Germain Bleuet (entre Fr\u00e9d\u00e9ric Petit et Caumartin) sera mise en impasse avec cr\u00e9ation d&rsquo;une aire de retournement. Enfin pour finir, V\u00e9hicules de police des forces de l&rsquo;ordre et ceux des secours. <\/p>\n\n\n\n<p> <\/p>\n\n\n\n<p><\/p>\n","protected":false},"excerpt":{"rendered":"<p>Dans le cadre de La Grande R\u00e9derie d&rsquo;Amiens, dimanche 19 avril, des restrictions de circulation et de stationnement sont pr\u00e9vus \u00e0 partir de samedi. Six parkings souterrains seront accessibles. Six parkings souterrains accessibles A l&rsquo;occasion de La Grande R\u00e9derie organis\u00e9 dans le centre-ville d&rsquo;Amiens pr\u00e9vu dimanche 19 avril, la municipalit\u00e9 informe que six parkings souterrains de la ville seront acessibles afin de faciliter le stationnement, en l&rsquo;occurrence Trois-cailloux et Amiens 2 : 24h\/24, Perret : 6h30 \u2013 1h30, Jacobins : 9h \u2013 19h, Saint-Leu : 9h \u2013 19h et H\u00f4tel de Ville : 9h \u2013 18h. Attention fermeture concernant Halles du Beffroi et Centrum. Circulation et stationnement interdit A noter qu&rsquo;en raison d&rsquo;un arr\u00eat\u00e9 municipal, des rues seront interdites \u00e0 la circulation et au stationnement \u00e0 partir Samedi 18 avril 2026 (d\u00e8s 16h00 pour certains axes, 20h00 pour la majorit\u00e9) jusqu&rsquo;au lendemain apr\u00e8s les op\u00e9rations de nettoyage. Cela concerne un p\u00e9rim\u00e8tre tr\u00e8s large incluant l&rsquo;axe G\u00e9n\u00e9ral Leclerc, Gresset, H\u00f4tel de Ville, L\u00e9on Blum, sans oublier la Hotoie et les rues pi\u00e9tonnes\/commer\u00e7antes (Jeanne Natiere, Jean Catelas, etc.) A savoir que tout v\u00e9hicule restant dans ces zones est passible d&rsquo;une mise en fourri\u00e8re. Mise en impasse et air de retournement Bon \u00e0 savoir : l&rsquo;acc\u00e8s \u00e0 la rue Maurice Th\u00e9di\u00e9 sera autoris\u00e9 pour les riverains et les secours tandis que la rue Germain Bleuet (entre Fr\u00e9d\u00e9ric Petit et Caumartin) sera mise en impasse avec cr\u00e9ation d&rsquo;une aire de retournement. Enfin pour finir, V\u00e9hicules de police des forces de l&rsquo;ordre et ceux des secours.<\/p>\n","protected":false},"author":6,"featured_media":12647,"comment_status":"open","ping_status":"open","sticky":false,"template":"","format":"standard","meta":{"_lmt_disableupdate":"","_lmt_disable":"","footnotes":""},"categories":[11],"tags":[],"class_list":["post-12646","post","type-post","status-publish","format-standard","has-post-thumbnail","hentry","category-amiens"],"yoast_head":"<!-- This site is optimized with the Yoast SEO plugin v27.5 - https:\/\/yoast.com\/product\/yoast-seo-wordpress\/ -->\n<title>Amiens : Conditions de stationnement de circulation dans le cadre de La Grande R\u00e9derie - Happyness Amiens<\/title>\n<meta name=\"description\" content=\"Pr\u00e9parez votre venue \u00e0 la Grande R\u00e9derie d&#039;Amiens le 19 avril. D\u00e9couvrez les 6 parkings accessibles, les rues interdites et les restrictions de stationnement.\" \/>\n<meta name=\"robots\" content=\"index, follow, max-snippet:-1, max-image-preview:large, max-video-preview:-1\" \/>\n<link rel=\"canonical\" href=\"https:\/\/happynessradio.fr\/amiens\/articles\/amiens-conditions-de-stationnement-de-circulation-dans-le-cadre-de-la-grande-rederie\/\" \/>\n<meta property=\"og:locale\" content=\"fr_FR\" \/>\n<meta property=\"og:type\" content=\"article\" \/>\n<meta property=\"og:title\" content=\"Amiens : Conditions de stationnement de circulation dans le cadre de La Grande R\u00e9derie - Happyness Amiens\" \/>\n<meta property=\"og:description\" content=\"Pr\u00e9parez votre venue \u00e0 la Grande R\u00e9derie d&#039;Amiens le 19 avril. D\u00e9couvrez les 6 parkings accessibles, les rues interdites et les restrictions de stationnement.\" \/>\n<meta property=\"og:url\" content=\"https:\/\/happynessradio.fr\/amiens\/articles\/amiens-conditions-de-stationnement-de-circulation-dans-le-cadre-de-la-grande-rederie\/\" \/>\n<meta property=\"og:site_name\" content=\"Happyness Amiens\" \/>\n<meta property=\"article:published_time\" content=\"2026-04-17T15:55:18+00:00\" \/>\n<meta property=\"article:modified_time\" content=\"2026-04-17T15:55:20+00:00\" \/>\n<meta property=\"og:image\" content=\"https:\/\/happynessradio.fr\/amiens\/wp-content\/uploads\/sites\/3\/2026\/04\/MockUp-Visuels-articles-58.webp\" \/>\n\t<meta property=\"og:image:width\" content=\"1083\" \/>\n\t<meta property=\"og:image:height\" content=\"486\" \/>\n\t<meta property=\"og:image:type\" content=\"image\/webp\" \/>\n<meta name=\"author\" content=\"Lo\u00efc Dun\" \/>\n<meta name=\"twitter:card\" content=\"summary_large_image\" \/>\n<meta name=\"twitter:label1\" content=\"\u00c9crit par\" \/>\n\t<meta name=\"twitter:data1\" content=\"Lo\u00efc Dun\" \/>\n\t<meta name=\"twitter:label2\" content=\"Dur\u00e9e de lecture estim\u00e9e\" \/>\n\t<meta name=\"twitter:data2\" content=\"2 minutes\" \/>\n<script type=\"application\/ld+json\" class=\"yoast-schema-graph\">{\"@context\":\"https:\\\/\\\/schema.org\",\"@graph\":[{\"@type\":\"Article\",\"@id\":\"https:\\\/\\\/happynessradio.fr\\\/amiens\\\/articles\\\/amiens-conditions-de-stationnement-de-circulation-dans-le-cadre-de-la-grande-rederie\\\/#article\",\"isPartOf\":{\"@id\":\"https:\\\/\\\/happynessradio.fr\\\/amiens\\\/articles\\\/amiens-conditions-de-stationnement-de-circulation-dans-le-cadre-de-la-grande-rederie\\\/\"},\"author\":{\"name\":\"Lo\u00efc Dun\",\"@id\":\"https:\\\/\\\/happynessradio.fr\\\/amiens\\\/#\\\/schema\\\/person\\\/735f1a1ba15f9478beb4249ad52f7252\"},\"headline\":\"Amiens : Conditions de stationnement de circulation dans le cadre de La Grande R\u00e9derie\",\"datePublished\":\"2026-04-17T15:55:18+00:00\",\"dateModified\":\"2026-04-17T15:55:20+00:00\",\"mainEntityOfPage\":{\"@id\":\"https:\\\/\\\/happynessradio.fr\\\/amiens\\\/articles\\\/amiens-conditions-de-stationnement-de-circulation-dans-le-cadre-de-la-grande-rederie\\\/\"},\"wordCount\":284,\"commentCount\":0,\"image\":{\"@id\":\"https:\\\/\\\/happynessradio.fr\\\/amiens\\\/articles\\\/amiens-conditions-de-stationnement-de-circulation-dans-le-cadre-de-la-grande-rederie\\\/#primaryimage\"},\"thumbnailUrl\":\"https:\\\/\\\/happynessradio.fr\\\/amiens\\\/wp-content\\\/uploads\\\/sites\\\/3\\\/2026\\\/04\\\/MockUp-Visuels-articles-58.webp\",\"articleSection\":[\"Amiens\"],\"inLanguage\":\"fr-FR\",\"potentialAction\":[{\"@type\":\"CommentAction\",\"name\":\"Comment\",\"target\":[\"https:\\\/\\\/happynessradio.fr\\\/amiens\\\/articles\\\/amiens-conditions-de-stationnement-de-circulation-dans-le-cadre-de-la-grande-rederie\\\/#respond\"]}]},{\"@type\":\"WebPage\",\"@id\":\"https:\\\/\\\/happynessradio.fr\\\/amiens\\\/articles\\\/amiens-conditions-de-stationnement-de-circulation-dans-le-cadre-de-la-grande-rederie\\\/\",\"url\":\"https:\\\/\\\/happynessradio.fr\\\/amiens\\\/articles\\\/amiens-conditions-de-stationnement-de-circulation-dans-le-cadre-de-la-grande-rederie\\\/\",\"name\":\"Amiens : Conditions de stationnement de circulation dans le cadre de La Grande R\u00e9derie - Happyness Amiens\",\"isPartOf\":{\"@id\":\"https:\\\/\\\/happynessradio.fr\\\/amiens\\\/#website\"},\"primaryImageOfPage\":{\"@id\":\"https:\\\/\\\/happynessradio.fr\\\/amiens\\\/articles\\\/amiens-conditions-de-stationnement-de-circulation-dans-le-cadre-de-la-grande-rederie\\\/#primaryimage\"},\"image\":{\"@id\":\"https:\\\/\\\/happynessradio.fr\\\/amiens\\\/articles\\\/amiens-conditions-de-stationnement-de-circulation-dans-le-cadre-de-la-grande-rederie\\\/#primaryimage\"},\"thumbnailUrl\":\"https:\\\/\\\/happynessradio.fr\\\/amiens\\\/wp-content\\\/uploads\\\/sites\\\/3\\\/2026\\\/04\\\/MockUp-Visuels-articles-58.webp\",\"datePublished\":\"2026-04-17T15:55:18+00:00\",\"dateModified\":\"2026-04-17T15:55:20+00:00\",\"author\":{\"@id\":\"https:\\\/\\\/happynessradio.fr\\\/amiens\\\/#\\\/schema\\\/person\\\/735f1a1ba15f9478beb4249ad52f7252\"},\"description\":\"Pr\u00e9parez votre venue \u00e0 la Grande R\u00e9derie d'Amiens le 19 avril. D\u00e9couvrez les 6 parkings accessibles, les rues interdites et les restrictions de stationnement.\",\"breadcrumb\":{\"@id\":\"https:\\\/\\\/happynessradio.fr\\\/amiens\\\/articles\\\/amiens-conditions-de-stationnement-de-circulation-dans-le-cadre-de-la-grande-rederie\\\/#breadcrumb\"},\"inLanguage\":\"fr-FR\",\"potentialAction\":[{\"@type\":\"ReadAction\",\"target\":[\"https:\\\/\\\/happynessradio.fr\\\/amiens\\\/articles\\\/amiens-conditions-de-stationnement-de-circulation-dans-le-cadre-de-la-grande-rederie\\\/\"]}]},{\"@type\":\"ImageObject\",\"inLanguage\":\"fr-FR\",\"@id\":\"https:\\\/\\\/happynessradio.fr\\\/amiens\\\/articles\\\/amiens-conditions-de-stationnement-de-circulation-dans-le-cadre-de-la-grande-rederie\\\/#primaryimage\",\"url\":\"https:\\\/\\\/happynessradio.fr\\\/amiens\\\/wp-content\\\/uploads\\\/sites\\\/3\\\/2026\\\/04\\\/MockUp-Visuels-articles-58.webp\",\"contentUrl\":\"https:\\\/\\\/happynessradio.fr\\\/amiens\\\/wp-content\\\/uploads\\\/sites\\\/3\\\/2026\\\/04\\\/MockUp-Visuels-articles-58.webp\",\"width\":1083,\"height\":486,\"caption\":\": Une vue horizontale montre deux panneaux de signalisation fix\u00e9s sur une barre m\u00e9tallique noire devant un mur en briques beiges. \u00c0 gauche, un panneau carr\u00e9 blanc affiche le pictogramme noir d'une d\u00e9panneuse remorquant une voiture. \u00c0 droite, un panneau circulaire bleu bord\u00e9 de rouge est barr\u00e9 d'une croix rouge, indiquant une interdiction de stationner et de s'arr\u00eater. Le sol pr\u00e9sente des traces de neige et un marquage jaune au sol. Deux larges formes g\u00e9om\u00e9triques rouges encadrent les coins sup\u00e9rieurs gauche et inf\u00e9rieurs droit de l'image.\"},{\"@type\":\"BreadcrumbList\",\"@id\":\"https:\\\/\\\/happynessradio.fr\\\/amiens\\\/articles\\\/amiens-conditions-de-stationnement-de-circulation-dans-le-cadre-de-la-grande-rederie\\\/#breadcrumb\",\"itemListElement\":[{\"@type\":\"ListItem\",\"position\":1,\"name\":\"Accueil\",\"item\":\"https:\\\/\\\/happynessradio.fr\\\/amiens\\\/\"},{\"@type\":\"ListItem\",\"position\":2,\"name\":\"Amiens : Conditions de stationnement de circulation dans le cadre de La Grande R\u00e9derie\"}]},{\"@type\":\"WebSite\",\"@id\":\"https:\\\/\\\/happynessradio.fr\\\/amiens\\\/#website\",\"url\":\"https:\\\/\\\/happynessradio.fr\\\/amiens\\\/\",\"name\":\"Happyness Amiens\",\"description\":\"Toujours au plus proche de vous\",\"potentialAction\":[{\"@type\":\"SearchAction\",\"target\":{\"@type\":\"EntryPoint\",\"urlTemplate\":\"https:\\\/\\\/happynessradio.fr\\\/amiens\\\/?s={search_term_string}\"},\"query-input\":{\"@type\":\"PropertyValueSpecification\",\"valueRequired\":true,\"valueName\":\"search_term_string\"}}],\"inLanguage\":\"fr-FR\"},{\"@type\":\"Person\",\"@id\":\"https:\\\/\\\/happynessradio.fr\\\/amiens\\\/#\\\/schema\\\/person\\\/735f1a1ba15f9478beb4249ad52f7252\",\"name\":\"Lo\u00efc Dun\",\"image\":{\"@type\":\"ImageObject\",\"inLanguage\":\"fr-FR\",\"@id\":\"https:\\\/\\\/happynessradio.fr\\\/amiens\\\/wp-content\\\/uploads\\\/sites\\\/3\\\/2025\\\/12\\\/cropped-Portrait-Loic-25-26-96x96.webp\",\"url\":\"https:\\\/\\\/happynessradio.fr\\\/amiens\\\/wp-content\\\/uploads\\\/sites\\\/3\\\/2025\\\/12\\\/cropped-Portrait-Loic-25-26-96x96.webp\",\"contentUrl\":\"https:\\\/\\\/happynessradio.fr\\\/amiens\\\/wp-content\\\/uploads\\\/sites\\\/3\\\/2025\\\/12\\\/cropped-Portrait-Loic-25-26-96x96.webp\",\"caption\":\"Lo\u00efc Dun\"},\"description\":\"R\u00e9dacteur web Happyness. Co-animateur (chroniqueur) Quoi d'neuf ? Amiens Chroniqueur Le R\u00e9veil Happyness\",\"sameAs\":[\"https:\\\/\\\/www.instagram.com\\\/lolo80radio\\\/\",\"https:\\\/\\\/www.linkedin.com\\\/in\\\/loc-d-365960164\\\/\"],\"url\":\"https:\\\/\\\/happynessradio.fr\\\/amiens\\\/articles\\\/author\\\/loicdun\\\/\"}]}<\/script>\n<!-- \/ Yoast SEO plugin. -->","yoast_head_json":{"title":"Amiens : Conditions de stationnement de circulation dans le cadre de La Grande R\u00e9derie - Happyness Amiens","description":"Pr\u00e9parez votre venue \u00e0 la Grande R\u00e9derie d'Amiens le 19 avril. D\u00e9couvrez les 6 parkings accessibles, les rues interdites et les restrictions de stationnement.","robots":{"index":"index","follow":"follow","max-snippet":"max-snippet:-1","max-image-preview":"max-image-preview:large","max-video-preview":"max-video-preview:-1"},"canonical":"https:\/\/happynessradio.fr\/amiens\/articles\/amiens-conditions-de-stationnement-de-circulation-dans-le-cadre-de-la-grande-rederie\/","og_locale":"fr_FR","og_type":"article","og_title":"Amiens : Conditions de stationnement de circulation dans le cadre de La Grande R\u00e9derie - Happyness Amiens","og_description":"Pr\u00e9parez votre venue \u00e0 la Grande R\u00e9derie d'Amiens le 19 avril. D\u00e9couvrez les 6 parkings accessibles, les rues interdites et les restrictions de stationnement.","og_url":"https:\/\/happynessradio.fr\/amiens\/articles\/amiens-conditions-de-stationnement-de-circulation-dans-le-cadre-de-la-grande-rederie\/","og_site_name":"Happyness Amiens","article_published_time":"2026-04-17T15:55:18+00:00","article_modified_time":"2026-04-17T15:55:20+00:00","og_image":[{"width":1083,"height":486,"url":"https:\/\/happynessradio.fr\/amiens\/wp-content\/uploads\/sites\/3\/2026\/04\/MockUp-Visuels-articles-58.webp","type":"image\/webp"}],"author":"Lo\u00efc Dun","twitter_card":"summary_large_image","twitter_misc":{"\u00c9crit par":"Lo\u00efc Dun","Dur\u00e9e de lecture estim\u00e9e":"2 minutes"},"schema":{"@context":"https:\/\/schema.org","@graph":[{"@type":"Article","@id":"https:\/\/happynessradio.fr\/amiens\/articles\/amiens-conditions-de-stationnement-de-circulation-dans-le-cadre-de-la-grande-rederie\/#article","isPartOf":{"@id":"https:\/\/happynessradio.fr\/amiens\/articles\/amiens-conditions-de-stationnement-de-circulation-dans-le-cadre-de-la-grande-rederie\/"},"author":{"name":"Lo\u00efc Dun","@id":"https:\/\/happynessradio.fr\/amiens\/#\/schema\/person\/735f1a1ba15f9478beb4249ad52f7252"},"headline":"Amiens : Conditions de stationnement de circulation dans le cadre de La Grande R\u00e9derie","datePublished":"2026-04-17T15:55:18+00:00","dateModified":"2026-04-17T15:55:20+00:00","mainEntityOfPage":{"@id":"https:\/\/happynessradio.fr\/amiens\/articles\/amiens-conditions-de-stationnement-de-circulation-dans-le-cadre-de-la-grande-rederie\/"},"wordCount":284,"commentCount":0,"image":{"@id":"https:\/\/happynessradio.fr\/amiens\/articles\/amiens-conditions-de-stationnement-de-circulation-dans-le-cadre-de-la-grande-rederie\/#primaryimage"},"thumbnailUrl":"https:\/\/happynessradio.fr\/amiens\/wp-content\/uploads\/sites\/3\/2026\/04\/MockUp-Visuels-articles-58.webp","articleSection":["Amiens"],"inLanguage":"fr-FR","potentialAction":[{"@type":"CommentAction","name":"Comment","target":["https:\/\/happynessradio.fr\/amiens\/articles\/amiens-conditions-de-stationnement-de-circulation-dans-le-cadre-de-la-grande-rederie\/#respond"]}]},{"@type":"WebPage","@id":"https:\/\/happynessradio.fr\/amiens\/articles\/amiens-conditions-de-stationnement-de-circulation-dans-le-cadre-de-la-grande-rederie\/","url":"https:\/\/happynessradio.fr\/amiens\/articles\/amiens-conditions-de-stationnement-de-circulation-dans-le-cadre-de-la-grande-rederie\/","name":"Amiens : Conditions de stationnement de circulation dans le cadre de La Grande R\u00e9derie - Happyness Amiens","isPartOf":{"@id":"https:\/\/happynessradio.fr\/amiens\/#website"},"primaryImageOfPage":{"@id":"https:\/\/happynessradio.fr\/amiens\/articles\/amiens-conditions-de-stationnement-de-circulation-dans-le-cadre-de-la-grande-rederie\/#primaryimage"},"image":{"@id":"https:\/\/happynessradio.fr\/amiens\/articles\/amiens-conditions-de-stationnement-de-circulation-dans-le-cadre-de-la-grande-rederie\/#primaryimage"},"thumbnailUrl":"https:\/\/happynessradio.fr\/amiens\/wp-content\/uploads\/sites\/3\/2026\/04\/MockUp-Visuels-articles-58.webp","datePublished":"2026-04-17T15:55:18+00:00","dateModified":"2026-04-17T15:55:20+00:00","author":{"@id":"https:\/\/happynessradio.fr\/amiens\/#\/schema\/person\/735f1a1ba15f9478beb4249ad52f7252"},"description":"Pr\u00e9parez votre venue \u00e0 la Grande R\u00e9derie d'Amiens le 19 avril. D\u00e9couvrez les 6 parkings accessibles, les rues interdites et les restrictions de stationnement.","breadcrumb":{"@id":"https:\/\/happynessradio.fr\/amiens\/articles\/amiens-conditions-de-stationnement-de-circulation-dans-le-cadre-de-la-grande-rederie\/#breadcrumb"},"inLanguage":"fr-FR","potentialAction":[{"@type":"ReadAction","target":["https:\/\/happynessradio.fr\/amiens\/articles\/amiens-conditions-de-stationnement-de-circulation-dans-le-cadre-de-la-grande-rederie\/"]}]},{"@type":"ImageObject","inLanguage":"fr-FR","@id":"https:\/\/happynessradio.fr\/amiens\/articles\/amiens-conditions-de-stationnement-de-circulation-dans-le-cadre-de-la-grande-rederie\/#primaryimage","url":"https:\/\/happynessradio.fr\/amiens\/wp-content\/uploads\/sites\/3\/2026\/04\/MockUp-Visuels-articles-58.webp","contentUrl":"https:\/\/happynessradio.fr\/amiens\/wp-content\/uploads\/sites\/3\/2026\/04\/MockUp-Visuels-articles-58.webp","width":1083,"height":486,"caption":": Une vue horizontale montre deux panneaux de signalisation fix\u00e9s sur une barre m\u00e9tallique noire devant un mur en briques beiges. \u00c0 gauche, un panneau carr\u00e9 blanc affiche le pictogramme noir d'une d\u00e9panneuse remorquant une voiture. \u00c0 droite, un panneau circulaire bleu bord\u00e9 de rouge est barr\u00e9 d'une croix rouge, indiquant une interdiction de stationner et de s'arr\u00eater. Le sol pr\u00e9sente des traces de neige et un marquage jaune au sol. Deux larges formes g\u00e9om\u00e9triques rouges encadrent les coins sup\u00e9rieurs gauche et inf\u00e9rieurs droit de l'image."},{"@type":"BreadcrumbList","@id":"https:\/\/happynessradio.fr\/amiens\/articles\/amiens-conditions-de-stationnement-de-circulation-dans-le-cadre-de-la-grande-rederie\/#breadcrumb","itemListElement":[{"@type":"ListItem","position":1,"name":"Accueil","item":"https:\/\/happynessradio.fr\/amiens\/"},{"@type":"ListItem","position":2,"name":"Amiens : Conditions de stationnement de circulation dans le cadre de La Grande R\u00e9derie"}]},{"@type":"WebSite","@id":"https:\/\/happynessradio.fr\/amiens\/#website","url":"https:\/\/happynessradio.fr\/amiens\/","name":"Happyness Amiens","description":"Toujours au plus proche de vous","potentialAction":[{"@type":"SearchAction","target":{"@type":"EntryPoint","urlTemplate":"https:\/\/happynessradio.fr\/amiens\/?s={search_term_string}"},"query-input":{"@type":"PropertyValueSpecification","valueRequired":true,"valueName":"search_term_string"}}],"inLanguage":"fr-FR"},{"@type":"Person","@id":"https:\/\/happynessradio.fr\/amiens\/#\/schema\/person\/735f1a1ba15f9478beb4249ad52f7252","name":"Lo\u00efc Dun","image":{"@type":"ImageObject","inLanguage":"fr-FR","@id":"https:\/\/happynessradio.fr\/amiens\/wp-content\/uploads\/sites\/3\/2025\/12\/cropped-Portrait-Loic-25-26-96x96.webp","url":"https:\/\/happynessradio.fr\/amiens\/wp-content\/uploads\/sites\/3\/2025\/12\/cropped-Portrait-Loic-25-26-96x96.webp","contentUrl":"https:\/\/happynessradio.fr\/amiens\/wp-content\/uploads\/sites\/3\/2025\/12\/cropped-Portrait-Loic-25-26-96x96.webp","caption":"Lo\u00efc Dun"},"description":"R\u00e9dacteur web Happyness. Co-animateur (chroniqueur) Quoi d'neuf ? Amiens Chroniqueur Le R\u00e9veil Happyness","sameAs":["https:\/\/www.instagram.com\/lolo80radio\/","https:\/\/www.linkedin.com\/in\/loc-d-365960164\/"],"url":"https:\/\/happynessradio.fr\/amiens\/articles\/author\/loicdun\/"}]}},"modified_by":"Lo\u00efc Dun","_links":{"self":[{"href":"https:\/\/happynessradio.fr\/amiens\/wp-json\/wp\/v2\/posts\/12646","targetHints":{"allow":["GET"]}}],"collection":[{"href":"https:\/\/happynessradio.fr\/amiens\/wp-json\/wp\/v2\/posts"}],"about":[{"href":"https:\/\/happynessradio.fr\/amiens\/wp-json\/wp\/v2\/types\/post"}],"author":[{"embeddable":true,"href":"https:\/\/happynessradio.fr\/amiens\/wp-json\/wp\/v2\/users\/6"}],"replies":[{"embeddable":true,"href":"https:\/\/happynessradio.fr\/amiens\/wp-json\/wp\/v2\/comments?post=12646"}],"version-history":[{"count":1,"href":"https:\/\/happynessradio.fr\/amiens\/wp-json\/wp\/v2\/posts\/12646\/revisions"}],"predecessor-version":[{"id":12648,"href":"https:\/\/happynessradio.fr\/amiens\/wp-json\/wp\/v2\/posts\/12646\/revisions\/12648"}],"wp:featuredmedia":[{"embeddable":true,"href":"https:\/\/happynessradio.fr\/amiens\/wp-json\/wp\/v2\/media\/12647"}],"wp:attachment":[{"href":"https:\/\/happynessradio.fr\/amiens\/wp-json\/wp\/v2\/media?parent=12646"}],"wp:term":[{"taxonomy":"category","embeddable":true,"href":"https:\/\/happynessradio.fr\/amiens\/wp-json\/wp\/v2\/categories?post=12646"},{"taxonomy":"post_tag","embeddable":true,"href":"https:\/\/happynessradio.fr\/amiens\/wp-json\/wp\/v2\/tags?post=12646"}],"curies":[{"name":"wp","href":"https:\/\/api.w.org\/{rel}","templated":true}]}}