{"id":12651,"date":"2026-04-21T14:27:35","date_gmt":"2026-04-21T12:27:35","guid":{"rendered":"https:\/\/happynessradio.fr\/amiens\/?p=12651"},"modified":"2026-04-21T14:27:37","modified_gmt":"2026-04-21T12:27:37","slug":"saveuse-la-rederie-de-printemps-annulee","status":"publish","type":"post","link":"https:\/\/happynessradio.fr\/amiens\/articles\/saveuse-la-rederie-de-printemps-annulee\/","title":{"rendered":"Saveuse : La r\u00e9derie de printemps annul\u00e9e"},"content":{"rendered":"\n<p><em>La r\u00e9derie de printemps de la rue du Boulevard \u00e0 Saveuse, pr\u00e9vue le 26 avril est annul\u00e9e cette ann\u00e9e, c&rsquo;est la mairie de la commune Georges Dufour qui l&rsquo;annonce via le site internet de la mairie. La cause de cette annulation n&rsquo;est pas connue. Cet \u00e9v\u00e9nement est organis\u00e9 traditionnellement chaque ann\u00e9e par l&rsquo;association Saveuse Animation.  <\/em><\/p>\n\n\n\n<h2 class=\"wp-block-heading\">La r\u00e9derie devait avoir lieu dimanche 26 avril <\/h2>\n\n\n\n<p>Organis\u00e9e traditionnellement au printemps, la r\u00e9derie de la rue du Boulevard \u00e0 Saveuse n&rsquo;aura pas lieu cette ann\u00e9e, c&rsquo;est le maire Georges Dufour qui l&rsquo;annonce sur <a href=\"https:\/\/www.ville-saveuse.fr\/\" id=\"https:\/\/www.ville-saveuse.fr\/\">le site internet de la mairie<\/a>. Ce traditionnel <a href=\"https:\/\/vide-greniers.org\/evenements\/Somme\" id=\"https:\/\/vide-greniers.org\/evenements\/Somme\">vide-grenier<\/a> devait se d\u00e9rouler le 26 avril prochain.<\/p>\n\n\n\n<h2 class=\"wp-block-heading\">Cause inconnue <\/h2>\n\n\n\n<p>On ne conna\u00eet pas la cause de cette annulation, qui toujours selon l&rsquo;information communiqu\u00e9e par le premier magistrat ferait suite \u00e0 une\u00a0r\u00e9union de l\u2019Association Saveuse Animation, organisatrice de cet \u00e9v\u00e9nement, qui voit d\u00e9bouler cette ann\u00e9e de nombreux visiteurs en qu\u00eate de la perle rare ou bien tout simplement pour se balader en famille ou entre amis.<\/p>\n\n\n\n<h2 class=\"wp-block-heading\">Saveuse animation, c&rsquo;est quoi ? <\/h2>\n\n\n\n<p>L&rsquo;association Saveuse animation met en place de nombreuses manifestations au sein de cette commune samarienne de l<a href=\"https:\/\/www.amiens-tourisme.com\/\" id=\"https:\/\/www.amiens-tourisme.com\/\">&lsquo;Ouest ami\u00e9nois<\/a> tout au long de l&rsquo;ann\u00e9e gr\u00e2ce au travail de ses b\u00e9n\u00e9voles comme par exemple un pique-nique partag\u00e9, une randonn\u00e9e gourmande, la f\u00eate de la musique,\u00a0le barbecue du 14 juillet et sans oublier la f\u00eate du village et plein d&rsquo;autres.<\/p>\n","protected":false},"excerpt":{"rendered":"<p>La r\u00e9derie de printemps de la rue du Boulevard \u00e0 Saveuse, pr\u00e9vue le 26 avril est annul\u00e9e cette ann\u00e9e, c&rsquo;est la mairie de la commune Georges Dufour qui l&rsquo;annonce via le site internet de la mairie. La cause de cette annulation n&rsquo;est pas connue. Cet \u00e9v\u00e9nement est organis\u00e9 traditionnellement chaque ann\u00e9e par l&rsquo;association Saveuse Animation. La r\u00e9derie devait avoir lieu dimanche 26 avril Organis\u00e9e traditionnellement au printemps, la r\u00e9derie de la rue du Boulevard \u00e0 Saveuse n&rsquo;aura pas lieu cette ann\u00e9e, c&rsquo;est le maire Georges Dufour qui l&rsquo;annonce sur le site internet de la mairie. Ce traditionnel vide-grenier devait se d\u00e9rouler le 26 avril prochain. Cause inconnue On ne conna\u00eet pas la cause de cette annulation, qui toujours selon l&rsquo;information communiqu\u00e9e par le premier magistrat ferait suite \u00e0 une\u00a0r\u00e9union de l\u2019Association Saveuse Animation, organisatrice de cet \u00e9v\u00e9nement, qui voit d\u00e9bouler cette ann\u00e9e de nombreux visiteurs en qu\u00eate de la perle rare ou bien tout simplement pour se balader en famille ou entre amis. Saveuse animation, c&rsquo;est quoi ? L&rsquo;association Saveuse animation met en place de nombreuses manifestations au sein de cette commune samarienne de l&lsquo;Ouest ami\u00e9nois tout au long de l&rsquo;ann\u00e9e gr\u00e2ce au travail de ses b\u00e9n\u00e9voles comme par exemple un pique-nique partag\u00e9, une randonn\u00e9e gourmande, la f\u00eate de la musique,\u00a0le barbecue du 14 juillet et sans oublier la f\u00eate du village et plein d&rsquo;autres.<\/p>\n","protected":false},"author":6,"featured_media":12581,"comment_status":"open","ping_status":"open","sticky":false,"template":"","format":"standard","meta":{"_lmt_disableupdate":"","_lmt_disable":"","footnotes":""},"categories":[11],"tags":[],"class_list":["post-12651","post","type-post","status-publish","format-standard","has-post-thumbnail","hentry","category-amiens"],"yoast_head":"<!-- This site is optimized with the Yoast SEO plugin v27.5 - https:\/\/yoast.com\/product\/yoast-seo-wordpress\/ -->\n<title>Saveuse : La r\u00e9derie de printemps annul\u00e9e - Happyness Amiens<\/title>\n<meta name=\"description\" content=\"La r\u00e9derie de printemps de Saveuse, pr\u00e9vue le 26 avril rue du Boulevard, est officiellement annul\u00e9e. Retrouvez les informations de la mairie et de l&#039;association Saveuse Animation.\" \/>\n<meta name=\"robots\" content=\"index, follow, max-snippet:-1, max-image-preview:large, max-video-preview:-1\" \/>\n<link rel=\"canonical\" href=\"https:\/\/happynessradio.fr\/amiens\/articles\/saveuse-la-rederie-de-printemps-annulee\/\" \/>\n<meta property=\"og:locale\" content=\"fr_FR\" \/>\n<meta property=\"og:type\" content=\"article\" \/>\n<meta property=\"og:title\" content=\"Saveuse : La r\u00e9derie de printemps annul\u00e9e - Happyness Amiens\" \/>\n<meta property=\"og:description\" content=\"La r\u00e9derie de printemps de Saveuse, pr\u00e9vue le 26 avril rue du Boulevard, est officiellement annul\u00e9e. Retrouvez les informations de la mairie et de l&#039;association Saveuse Animation.\" \/>\n<meta property=\"og:url\" content=\"https:\/\/happynessradio.fr\/amiens\/articles\/saveuse-la-rederie-de-printemps-annulee\/\" \/>\n<meta property=\"og:site_name\" content=\"Happyness Amiens\" \/>\n<meta property=\"article:published_time\" content=\"2026-04-21T12:27:35+00:00\" \/>\n<meta property=\"article:modified_time\" content=\"2026-04-21T12:27:37+00:00\" \/>\n<meta property=\"og:image\" content=\"https:\/\/happynessradio.fr\/amiens\/wp-content\/uploads\/sites\/3\/2026\/04\/MockUp-Visuels-articles-44.webp\" \/>\n\t<meta property=\"og:image:width\" content=\"1083\" \/>\n\t<meta property=\"og:image:height\" content=\"486\" \/>\n\t<meta property=\"og:image:type\" content=\"image\/webp\" \/>\n<meta name=\"author\" content=\"Lo\u00efc Dun\" \/>\n<meta name=\"twitter:card\" content=\"summary_large_image\" \/>\n<meta name=\"twitter:label1\" content=\"\u00c9crit par\" \/>\n\t<meta name=\"twitter:data1\" content=\"Lo\u00efc Dun\" \/>\n\t<meta name=\"twitter:label2\" content=\"Dur\u00e9e de lecture estim\u00e9e\" \/>\n\t<meta name=\"twitter:data2\" content=\"2 minutes\" \/>\n<script type=\"application\/ld+json\" class=\"yoast-schema-graph\">{\"@context\":\"https:\\\/\\\/schema.org\",\"@graph\":[{\"@type\":\"Article\",\"@id\":\"https:\\\/\\\/happynessradio.fr\\\/amiens\\\/articles\\\/saveuse-la-rederie-de-printemps-annulee\\\/#article\",\"isPartOf\":{\"@id\":\"https:\\\/\\\/happynessradio.fr\\\/amiens\\\/articles\\\/saveuse-la-rederie-de-printemps-annulee\\\/\"},\"author\":{\"name\":\"Lo\u00efc Dun\",\"@id\":\"https:\\\/\\\/happynessradio.fr\\\/amiens\\\/#\\\/schema\\\/person\\\/735f1a1ba15f9478beb4249ad52f7252\"},\"headline\":\"Saveuse : La r\u00e9derie de printemps annul\u00e9e\",\"datePublished\":\"2026-04-21T12:27:35+00:00\",\"dateModified\":\"2026-04-21T12:27:37+00:00\",\"mainEntityOfPage\":{\"@id\":\"https:\\\/\\\/happynessradio.fr\\\/amiens\\\/articles\\\/saveuse-la-rederie-de-printemps-annulee\\\/\"},\"wordCount\":267,\"commentCount\":0,\"image\":{\"@id\":\"https:\\\/\\\/happynessradio.fr\\\/amiens\\\/articles\\\/saveuse-la-rederie-de-printemps-annulee\\\/#primaryimage\"},\"thumbnailUrl\":\"https:\\\/\\\/happynessradio.fr\\\/amiens\\\/wp-content\\\/uploads\\\/sites\\\/3\\\/2026\\\/04\\\/MockUp-Visuels-articles-44.webp\",\"articleSection\":[\"Amiens\"],\"inLanguage\":\"fr-FR\",\"potentialAction\":[{\"@type\":\"CommentAction\",\"name\":\"Comment\",\"target\":[\"https:\\\/\\\/happynessradio.fr\\\/amiens\\\/articles\\\/saveuse-la-rederie-de-printemps-annulee\\\/#respond\"]}]},{\"@type\":\"WebPage\",\"@id\":\"https:\\\/\\\/happynessradio.fr\\\/amiens\\\/articles\\\/saveuse-la-rederie-de-printemps-annulee\\\/\",\"url\":\"https:\\\/\\\/happynessradio.fr\\\/amiens\\\/articles\\\/saveuse-la-rederie-de-printemps-annulee\\\/\",\"name\":\"Saveuse : La r\u00e9derie de printemps annul\u00e9e - Happyness Amiens\",\"isPartOf\":{\"@id\":\"https:\\\/\\\/happynessradio.fr\\\/amiens\\\/#website\"},\"primaryImageOfPage\":{\"@id\":\"https:\\\/\\\/happynessradio.fr\\\/amiens\\\/articles\\\/saveuse-la-rederie-de-printemps-annulee\\\/#primaryimage\"},\"image\":{\"@id\":\"https:\\\/\\\/happynessradio.fr\\\/amiens\\\/articles\\\/saveuse-la-rederie-de-printemps-annulee\\\/#primaryimage\"},\"thumbnailUrl\":\"https:\\\/\\\/happynessradio.fr\\\/amiens\\\/wp-content\\\/uploads\\\/sites\\\/3\\\/2026\\\/04\\\/MockUp-Visuels-articles-44.webp\",\"datePublished\":\"2026-04-21T12:27:35+00:00\",\"dateModified\":\"2026-04-21T12:27:37+00:00\",\"author\":{\"@id\":\"https:\\\/\\\/happynessradio.fr\\\/amiens\\\/#\\\/schema\\\/person\\\/735f1a1ba15f9478beb4249ad52f7252\"},\"description\":\"La r\u00e9derie de printemps de Saveuse, pr\u00e9vue le 26 avril rue du Boulevard, est officiellement annul\u00e9e. Retrouvez les informations de la mairie et de l'association Saveuse Animation.\",\"breadcrumb\":{\"@id\":\"https:\\\/\\\/happynessradio.fr\\\/amiens\\\/articles\\\/saveuse-la-rederie-de-printemps-annulee\\\/#breadcrumb\"},\"inLanguage\":\"fr-FR\",\"potentialAction\":[{\"@type\":\"ReadAction\",\"target\":[\"https:\\\/\\\/happynessradio.fr\\\/amiens\\\/articles\\\/saveuse-la-rederie-de-printemps-annulee\\\/\"]}]},{\"@type\":\"ImageObject\",\"inLanguage\":\"fr-FR\",\"@id\":\"https:\\\/\\\/happynessradio.fr\\\/amiens\\\/articles\\\/saveuse-la-rederie-de-printemps-annulee\\\/#primaryimage\",\"url\":\"https:\\\/\\\/happynessradio.fr\\\/amiens\\\/wp-content\\\/uploads\\\/sites\\\/3\\\/2026\\\/04\\\/MockUp-Visuels-articles-44.webp\",\"contentUrl\":\"https:\\\/\\\/happynessradio.fr\\\/amiens\\\/wp-content\\\/uploads\\\/sites\\\/3\\\/2026\\\/04\\\/MockUp-Visuels-articles-44.webp\",\"width\":1083,\"height\":486,\"caption\":\"\u00c9talage de livres d'occasion, vinyles et objets anciens sur des tables lors d'une r\u00e9derie en plein air.\"},{\"@type\":\"BreadcrumbList\",\"@id\":\"https:\\\/\\\/happynessradio.fr\\\/amiens\\\/articles\\\/saveuse-la-rederie-de-printemps-annulee\\\/#breadcrumb\",\"itemListElement\":[{\"@type\":\"ListItem\",\"position\":1,\"name\":\"Accueil\",\"item\":\"https:\\\/\\\/happynessradio.fr\\\/amiens\\\/\"},{\"@type\":\"ListItem\",\"position\":2,\"name\":\"Saveuse : La r\u00e9derie de printemps annul\u00e9e\"}]},{\"@type\":\"WebSite\",\"@id\":\"https:\\\/\\\/happynessradio.fr\\\/amiens\\\/#website\",\"url\":\"https:\\\/\\\/happynessradio.fr\\\/amiens\\\/\",\"name\":\"Happyness Amiens\",\"description\":\"Toujours au plus proche de vous\",\"potentialAction\":[{\"@type\":\"SearchAction\",\"target\":{\"@type\":\"EntryPoint\",\"urlTemplate\":\"https:\\\/\\\/happynessradio.fr\\\/amiens\\\/?s={search_term_string}\"},\"query-input\":{\"@type\":\"PropertyValueSpecification\",\"valueRequired\":true,\"valueName\":\"search_term_string\"}}],\"inLanguage\":\"fr-FR\"},{\"@type\":\"Person\",\"@id\":\"https:\\\/\\\/happynessradio.fr\\\/amiens\\\/#\\\/schema\\\/person\\\/735f1a1ba15f9478beb4249ad52f7252\",\"name\":\"Lo\u00efc Dun\",\"image\":{\"@type\":\"ImageObject\",\"inLanguage\":\"fr-FR\",\"@id\":\"https:\\\/\\\/happynessradio.fr\\\/amiens\\\/wp-content\\\/uploads\\\/sites\\\/3\\\/2025\\\/12\\\/cropped-Portrait-Loic-25-26-96x96.webp\",\"url\":\"https:\\\/\\\/happynessradio.fr\\\/amiens\\\/wp-content\\\/uploads\\\/sites\\\/3\\\/2025\\\/12\\\/cropped-Portrait-Loic-25-26-96x96.webp\",\"contentUrl\":\"https:\\\/\\\/happynessradio.fr\\\/amiens\\\/wp-content\\\/uploads\\\/sites\\\/3\\\/2025\\\/12\\\/cropped-Portrait-Loic-25-26-96x96.webp\",\"caption\":\"Lo\u00efc Dun\"},\"description\":\"R\u00e9dacteur web Happyness. Co-animateur (chroniqueur) Quoi d'neuf ? Amiens Chroniqueur Le R\u00e9veil Happyness\",\"sameAs\":[\"https:\\\/\\\/www.instagram.com\\\/lolo80radio\\\/\",\"https:\\\/\\\/www.linkedin.com\\\/in\\\/loc-d-365960164\\\/\"],\"url\":\"https:\\\/\\\/happynessradio.fr\\\/amiens\\\/articles\\\/author\\\/loicdun\\\/\"}]}<\/script>\n<!-- \/ Yoast SEO plugin. -->","yoast_head_json":{"title":"Saveuse : La r\u00e9derie de printemps annul\u00e9e - Happyness Amiens","description":"La r\u00e9derie de printemps de Saveuse, pr\u00e9vue le 26 avril rue du Boulevard, est officiellement annul\u00e9e. Retrouvez les informations de la mairie et de l'association Saveuse Animation.","robots":{"index":"index","follow":"follow","max-snippet":"max-snippet:-1","max-image-preview":"max-image-preview:large","max-video-preview":"max-video-preview:-1"},"canonical":"https:\/\/happynessradio.fr\/amiens\/articles\/saveuse-la-rederie-de-printemps-annulee\/","og_locale":"fr_FR","og_type":"article","og_title":"Saveuse : La r\u00e9derie de printemps annul\u00e9e - Happyness Amiens","og_description":"La r\u00e9derie de printemps de Saveuse, pr\u00e9vue le 26 avril rue du Boulevard, est officiellement annul\u00e9e. Retrouvez les informations de la mairie et de l'association Saveuse Animation.","og_url":"https:\/\/happynessradio.fr\/amiens\/articles\/saveuse-la-rederie-de-printemps-annulee\/","og_site_name":"Happyness Amiens","article_published_time":"2026-04-21T12:27:35+00:00","article_modified_time":"2026-04-21T12:27:37+00:00","og_image":[{"width":1083,"height":486,"url":"https:\/\/happynessradio.fr\/amiens\/wp-content\/uploads\/sites\/3\/2026\/04\/MockUp-Visuels-articles-44.webp","type":"image\/webp"}],"author":"Lo\u00efc Dun","twitter_card":"summary_large_image","twitter_misc":{"\u00c9crit par":"Lo\u00efc Dun","Dur\u00e9e de lecture estim\u00e9e":"2 minutes"},"schema":{"@context":"https:\/\/schema.org","@graph":[{"@type":"Article","@id":"https:\/\/happynessradio.fr\/amiens\/articles\/saveuse-la-rederie-de-printemps-annulee\/#article","isPartOf":{"@id":"https:\/\/happynessradio.fr\/amiens\/articles\/saveuse-la-rederie-de-printemps-annulee\/"},"author":{"name":"Lo\u00efc Dun","@id":"https:\/\/happynessradio.fr\/amiens\/#\/schema\/person\/735f1a1ba15f9478beb4249ad52f7252"},"headline":"Saveuse : La r\u00e9derie de printemps annul\u00e9e","datePublished":"2026-04-21T12:27:35+00:00","dateModified":"2026-04-21T12:27:37+00:00","mainEntityOfPage":{"@id":"https:\/\/happynessradio.fr\/amiens\/articles\/saveuse-la-rederie-de-printemps-annulee\/"},"wordCount":267,"commentCount":0,"image":{"@id":"https:\/\/happynessradio.fr\/amiens\/articles\/saveuse-la-rederie-de-printemps-annulee\/#primaryimage"},"thumbnailUrl":"https:\/\/happynessradio.fr\/amiens\/wp-content\/uploads\/sites\/3\/2026\/04\/MockUp-Visuels-articles-44.webp","articleSection":["Amiens"],"inLanguage":"fr-FR","potentialAction":[{"@type":"CommentAction","name":"Comment","target":["https:\/\/happynessradio.fr\/amiens\/articles\/saveuse-la-rederie-de-printemps-annulee\/#respond"]}]},{"@type":"WebPage","@id":"https:\/\/happynessradio.fr\/amiens\/articles\/saveuse-la-rederie-de-printemps-annulee\/","url":"https:\/\/happynessradio.fr\/amiens\/articles\/saveuse-la-rederie-de-printemps-annulee\/","name":"Saveuse : La r\u00e9derie de printemps annul\u00e9e - Happyness Amiens","isPartOf":{"@id":"https:\/\/happynessradio.fr\/amiens\/#website"},"primaryImageOfPage":{"@id":"https:\/\/happynessradio.fr\/amiens\/articles\/saveuse-la-rederie-de-printemps-annulee\/#primaryimage"},"image":{"@id":"https:\/\/happynessradio.fr\/amiens\/articles\/saveuse-la-rederie-de-printemps-annulee\/#primaryimage"},"thumbnailUrl":"https:\/\/happynessradio.fr\/amiens\/wp-content\/uploads\/sites\/3\/2026\/04\/MockUp-Visuels-articles-44.webp","datePublished":"2026-04-21T12:27:35+00:00","dateModified":"2026-04-21T12:27:37+00:00","author":{"@id":"https:\/\/happynessradio.fr\/amiens\/#\/schema\/person\/735f1a1ba15f9478beb4249ad52f7252"},"description":"La r\u00e9derie de printemps de Saveuse, pr\u00e9vue le 26 avril rue du Boulevard, est officiellement annul\u00e9e. Retrouvez les informations de la mairie et de l'association Saveuse Animation.","breadcrumb":{"@id":"https:\/\/happynessradio.fr\/amiens\/articles\/saveuse-la-rederie-de-printemps-annulee\/#breadcrumb"},"inLanguage":"fr-FR","potentialAction":[{"@type":"ReadAction","target":["https:\/\/happynessradio.fr\/amiens\/articles\/saveuse-la-rederie-de-printemps-annulee\/"]}]},{"@type":"ImageObject","inLanguage":"fr-FR","@id":"https:\/\/happynessradio.fr\/amiens\/articles\/saveuse-la-rederie-de-printemps-annulee\/#primaryimage","url":"https:\/\/happynessradio.fr\/amiens\/wp-content\/uploads\/sites\/3\/2026\/04\/MockUp-Visuels-articles-44.webp","contentUrl":"https:\/\/happynessradio.fr\/amiens\/wp-content\/uploads\/sites\/3\/2026\/04\/MockUp-Visuels-articles-44.webp","width":1083,"height":486,"caption":"\u00c9talage de livres d'occasion, vinyles et objets anciens sur des tables lors d'une r\u00e9derie en plein air."},{"@type":"BreadcrumbList","@id":"https:\/\/happynessradio.fr\/amiens\/articles\/saveuse-la-rederie-de-printemps-annulee\/#breadcrumb","itemListElement":[{"@type":"ListItem","position":1,"name":"Accueil","item":"https:\/\/happynessradio.fr\/amiens\/"},{"@type":"ListItem","position":2,"name":"Saveuse : La r\u00e9derie de printemps annul\u00e9e"}]},{"@type":"WebSite","@id":"https:\/\/happynessradio.fr\/amiens\/#website","url":"https:\/\/happynessradio.fr\/amiens\/","name":"Happyness Amiens","description":"Toujours au plus proche de vous","potentialAction":[{"@type":"SearchAction","target":{"@type":"EntryPoint","urlTemplate":"https:\/\/happynessradio.fr\/amiens\/?s={search_term_string}"},"query-input":{"@type":"PropertyValueSpecification","valueRequired":true,"valueName":"search_term_string"}}],"inLanguage":"fr-FR"},{"@type":"Person","@id":"https:\/\/happynessradio.fr\/amiens\/#\/schema\/person\/735f1a1ba15f9478beb4249ad52f7252","name":"Lo\u00efc Dun","image":{"@type":"ImageObject","inLanguage":"fr-FR","@id":"https:\/\/happynessradio.fr\/amiens\/wp-content\/uploads\/sites\/3\/2025\/12\/cropped-Portrait-Loic-25-26-96x96.webp","url":"https:\/\/happynessradio.fr\/amiens\/wp-content\/uploads\/sites\/3\/2025\/12\/cropped-Portrait-Loic-25-26-96x96.webp","contentUrl":"https:\/\/happynessradio.fr\/amiens\/wp-content\/uploads\/sites\/3\/2025\/12\/cropped-Portrait-Loic-25-26-96x96.webp","caption":"Lo\u00efc Dun"},"description":"R\u00e9dacteur web Happyness. Co-animateur (chroniqueur) Quoi d'neuf ? Amiens Chroniqueur Le R\u00e9veil Happyness","sameAs":["https:\/\/www.instagram.com\/lolo80radio\/","https:\/\/www.linkedin.com\/in\/loc-d-365960164\/"],"url":"https:\/\/happynessradio.fr\/amiens\/articles\/author\/loicdun\/"}]}},"modified_by":"Lo\u00efc Dun","_links":{"self":[{"href":"https:\/\/happynessradio.fr\/amiens\/wp-json\/wp\/v2\/posts\/12651","targetHints":{"allow":["GET"]}}],"collection":[{"href":"https:\/\/happynessradio.fr\/amiens\/wp-json\/wp\/v2\/posts"}],"about":[{"href":"https:\/\/happynessradio.fr\/amiens\/wp-json\/wp\/v2\/types\/post"}],"author":[{"embeddable":true,"href":"https:\/\/happynessradio.fr\/amiens\/wp-json\/wp\/v2\/users\/6"}],"replies":[{"embeddable":true,"href":"https:\/\/happynessradio.fr\/amiens\/wp-json\/wp\/v2\/comments?post=12651"}],"version-history":[{"count":1,"href":"https:\/\/happynessradio.fr\/amiens\/wp-json\/wp\/v2\/posts\/12651\/revisions"}],"predecessor-version":[{"id":12652,"href":"https:\/\/happynessradio.fr\/amiens\/wp-json\/wp\/v2\/posts\/12651\/revisions\/12652"}],"wp:featuredmedia":[{"embeddable":true,"href":"https:\/\/happynessradio.fr\/amiens\/wp-json\/wp\/v2\/media\/12581"}],"wp:attachment":[{"href":"https:\/\/happynessradio.fr\/amiens\/wp-json\/wp\/v2\/media?parent=12651"}],"wp:term":[{"taxonomy":"category","embeddable":true,"href":"https:\/\/happynessradio.fr\/amiens\/wp-json\/wp\/v2\/categories?post=12651"},{"taxonomy":"post_tag","embeddable":true,"href":"https:\/\/happynessradio.fr\/amiens\/wp-json\/wp\/v2\/tags?post=12651"}],"curies":[{"name":"wp","href":"https:\/\/api.w.org\/{rel}","templated":true}]}}