{"id":12654,"date":"2026-04-26T18:52:27","date_gmt":"2026-04-26T16:52:27","guid":{"rendered":"https:\/\/happynessradio.fr\/amiens\/?p=12654"},"modified":"2026-04-26T18:52:28","modified_gmt":"2026-04-26T16:52:28","slug":"meteo-dans-la-somme-soleil-pour-le-reste-de-la-semaine","status":"publish","type":"post","link":"https:\/\/happynessradio.fr\/amiens\/articles\/meteo-dans-la-somme-soleil-pour-le-reste-de-la-semaine\/","title":{"rendered":"M\u00e9t\u00e9o dans la Somme : soleil pour le reste de la semaine"},"content":{"rendered":"\n<p><em>Cette semaine dans le d\u00e9partement de la Somme, un ciel couvert est attendu lundi mais le reste de la semaine sera ensoleill\u00e9 avec notamment 21 et 22 degr\u00e9s. Votre radio locale Happyness fait le point sur votre bulletin m\u00e9t\u00e9o.<\/em><\/p>\n\n\n\n<h2 class=\"wp-block-heading\">Amiens<\/h2>\n\n\n\n<p>Ce lundi ne sera pas sous les soleil pour l&rsquo;agglom\u00e9ration <a href=\"https:\/\/meteofrance.com\/previsions-meteo-france\/somme\/80\" id=\"https:\/\/meteofrance.com\/previsions-meteo-france\/somme\/80\">Ami\u00e9noise<\/a> puisqu&rsquo;il fera couvert avec 21 du c\u00f4t\u00e9 du thermom\u00e8tre,  mais soyez rassur\u00e9 puisque il fera en partie ensoleill\u00e9 pour la journ\u00e9e de mardi, et c&rsquo;est m\u00eame mercredi o\u00f9 le soleil sera au rendez-vous avec toute de m\u00eame une temp\u00e9rature agr\u00e9able de l&rsquo;ordre de 23\u00b0C. Jeudi et vendredi \u00e7a sera l&rsquo;occasion pour pourquoi de pratiquer le jardinage, car en effet, on aura droit \u00e0 un temps ensoleill\u00e9 et agr\u00e9ablement chaud. <\/p>\n\n\n\n<h2 class=\"wp-block-heading\">P\u00e9ronne<\/h2>\n\n\n\n<p>Concernant la commune de P\u00e9ronne, le d\u00e9but de la semaine se fera sous les nuages, mais pour esp\u00e9rer voir le soleil il faudra patienter jusqu&rsquo;\u00e0 mardi avec 19 degr\u00e9s. Pour mercredi, journ\u00e9e des enfants, il fera beau en matin\u00e9e mais risque de pr\u00e9sence du vent l&rsquo;apr\u00e8s-midi. Et pour finir jeudi et vendredi, entre 22 et 23 degr\u00e9s avec un ciel ensoleill\u00e9 et agr\u00e9ablement chaud. <\/p>\n\n\n\n<h2 class=\"wp-block-heading\">Abbeville et Baie de Somme <\/h2>\n\n\n\n<p>Ce lundi du c\u00f4t\u00e9 de l&rsquo;Abbevillois et de la Baie de Somme, un peu de soleil mais un temps agr\u00e9able comprenant une vingtaine de degr\u00e9s, tandis que pour mardi, nuages et soleil altern\u00e9s. En ce qui concerne mercredi et jeudi, le soleil sera v\u00e9ritablement au rendez-vous avec des temp\u00e9ratures comprises entre 21 et 22 et m\u00eame chose pour vendredi.  <\/p>\n\n\n\n<p><\/p>\n","protected":false},"excerpt":{"rendered":"<p>Cette semaine dans le d\u00e9partement de la Somme, un ciel couvert est attendu lundi mais le reste de la semaine sera ensoleill\u00e9 avec notamment 21 et 22 degr\u00e9s. Votre radio locale Happyness fait le point sur votre bulletin m\u00e9t\u00e9o. Amiens Ce lundi ne sera pas sous les soleil pour l&rsquo;agglom\u00e9ration Ami\u00e9noise puisqu&rsquo;il fera couvert avec 21 du c\u00f4t\u00e9 du thermom\u00e8tre, mais soyez rassur\u00e9 puisque il fera en partie ensoleill\u00e9 pour la journ\u00e9e de mardi, et c&rsquo;est m\u00eame mercredi o\u00f9 le soleil sera au rendez-vous avec toute de m\u00eame une temp\u00e9rature agr\u00e9able de l&rsquo;ordre de 23\u00b0C. Jeudi et vendredi \u00e7a sera l&rsquo;occasion pour pourquoi de pratiquer le jardinage, car en effet, on aura droit \u00e0 un temps ensoleill\u00e9 et agr\u00e9ablement chaud. P\u00e9ronne Concernant la commune de P\u00e9ronne, le d\u00e9but de la semaine se fera sous les nuages, mais pour esp\u00e9rer voir le soleil il faudra patienter jusqu&rsquo;\u00e0 mardi avec 19 degr\u00e9s. Pour mercredi, journ\u00e9e des enfants, il fera beau en matin\u00e9e mais risque de pr\u00e9sence du vent l&rsquo;apr\u00e8s-midi. Et pour finir jeudi et vendredi, entre 22 et 23 degr\u00e9s avec un ciel ensoleill\u00e9 et agr\u00e9ablement chaud. Abbeville et Baie de Somme Ce lundi du c\u00f4t\u00e9 de l&rsquo;Abbevillois et de la Baie de Somme, un peu de soleil mais un temps agr\u00e9able comprenant une vingtaine de degr\u00e9s, tandis que pour mardi, nuages et soleil altern\u00e9s. En ce qui concerne mercredi et jeudi, le soleil sera v\u00e9ritablement au rendez-vous avec des temp\u00e9ratures comprises entre 21 et 22 et m\u00eame chose pour vendredi.<\/p>\n","protected":false},"author":6,"featured_media":12655,"comment_status":"open","ping_status":"open","sticky":false,"template":"","format":"standard","meta":{"_lmt_disableupdate":"","_lmt_disable":"","footnotes":""},"categories":[11],"tags":[],"class_list":["post-12654","post","type-post","status-publish","format-standard","has-post-thumbnail","hentry","category-amiens"],"yoast_head":"<!-- This site is optimized with the Yoast SEO plugin v27.5 - https:\/\/yoast.com\/product\/yoast-seo-wordpress\/ -->\n<title>M\u00e9t\u00e9o dans la Somme : soleil pour le reste de la semaine - Happyness Amiens<\/title>\n<meta name=\"description\" content=\"D\u00e9couvrez les pr\u00e9visions m\u00e9t\u00e9o dans la Somme : apr\u00e8s un lundi couvert, le soleil s\u2019installe \u00e0 Amiens, P\u00e9ronne et Abbeville avec des maximales atteignant 23\u00b0C.\" \/>\n<meta name=\"robots\" content=\"index, follow, max-snippet:-1, max-image-preview:large, max-video-preview:-1\" \/>\n<link rel=\"canonical\" href=\"https:\/\/happynessradio.fr\/amiens\/articles\/meteo-dans-la-somme-soleil-pour-le-reste-de-la-semaine\/\" \/>\n<meta property=\"og:locale\" content=\"fr_FR\" \/>\n<meta property=\"og:type\" content=\"article\" \/>\n<meta property=\"og:title\" content=\"M\u00e9t\u00e9o dans la Somme : soleil pour le reste de la semaine - Happyness Amiens\" \/>\n<meta property=\"og:description\" content=\"D\u00e9couvrez les pr\u00e9visions m\u00e9t\u00e9o dans la Somme : apr\u00e8s un lundi couvert, le soleil s\u2019installe \u00e0 Amiens, P\u00e9ronne et Abbeville avec des maximales atteignant 23\u00b0C.\" \/>\n<meta property=\"og:url\" content=\"https:\/\/happynessradio.fr\/amiens\/articles\/meteo-dans-la-somme-soleil-pour-le-reste-de-la-semaine\/\" \/>\n<meta property=\"og:site_name\" content=\"Happyness Amiens\" \/>\n<meta property=\"article:published_time\" content=\"2026-04-26T16:52:27+00:00\" \/>\n<meta property=\"article:modified_time\" content=\"2026-04-26T16:52:28+00:00\" \/>\n<meta property=\"og:image\" content=\"https:\/\/happynessradio.fr\/amiens\/wp-content\/uploads\/sites\/3\/2026\/04\/MockUp-Visuels-articles-59.webp\" \/>\n\t<meta property=\"og:image:width\" content=\"1083\" \/>\n\t<meta property=\"og:image:height\" content=\"486\" \/>\n\t<meta property=\"og:image:type\" content=\"image\/webp\" \/>\n<meta name=\"author\" content=\"Lo\u00efc Dun\" \/>\n<meta name=\"twitter:card\" content=\"summary_large_image\" \/>\n<meta name=\"twitter:label1\" content=\"\u00c9crit par\" \/>\n\t<meta name=\"twitter:data1\" content=\"Lo\u00efc Dun\" \/>\n\t<meta name=\"twitter:label2\" content=\"Dur\u00e9e de lecture estim\u00e9e\" \/>\n\t<meta name=\"twitter:data2\" content=\"2 minutes\" \/>\n<script type=\"application\/ld+json\" class=\"yoast-schema-graph\">{\"@context\":\"https:\\\/\\\/schema.org\",\"@graph\":[{\"@type\":\"Article\",\"@id\":\"https:\\\/\\\/happynessradio.fr\\\/amiens\\\/articles\\\/meteo-dans-la-somme-soleil-pour-le-reste-de-la-semaine\\\/#article\",\"isPartOf\":{\"@id\":\"https:\\\/\\\/happynessradio.fr\\\/amiens\\\/articles\\\/meteo-dans-la-somme-soleil-pour-le-reste-de-la-semaine\\\/\"},\"author\":{\"name\":\"Lo\u00efc Dun\",\"@id\":\"https:\\\/\\\/happynessradio.fr\\\/amiens\\\/#\\\/schema\\\/person\\\/735f1a1ba15f9478beb4249ad52f7252\"},\"headline\":\"M\u00e9t\u00e9o dans la Somme : soleil pour le reste de la semaine\",\"datePublished\":\"2026-04-26T16:52:27+00:00\",\"dateModified\":\"2026-04-26T16:52:28+00:00\",\"mainEntityOfPage\":{\"@id\":\"https:\\\/\\\/happynessradio.fr\\\/amiens\\\/articles\\\/meteo-dans-la-somme-soleil-pour-le-reste-de-la-semaine\\\/\"},\"wordCount\":292,\"commentCount\":0,\"image\":{\"@id\":\"https:\\\/\\\/happynessradio.fr\\\/amiens\\\/articles\\\/meteo-dans-la-somme-soleil-pour-le-reste-de-la-semaine\\\/#primaryimage\"},\"thumbnailUrl\":\"https:\\\/\\\/happynessradio.fr\\\/amiens\\\/wp-content\\\/uploads\\\/sites\\\/3\\\/2026\\\/04\\\/MockUp-Visuels-articles-59.webp\",\"articleSection\":[\"Amiens\"],\"inLanguage\":\"fr-FR\",\"potentialAction\":[{\"@type\":\"CommentAction\",\"name\":\"Comment\",\"target\":[\"https:\\\/\\\/happynessradio.fr\\\/amiens\\\/articles\\\/meteo-dans-la-somme-soleil-pour-le-reste-de-la-semaine\\\/#respond\"]}]},{\"@type\":\"WebPage\",\"@id\":\"https:\\\/\\\/happynessradio.fr\\\/amiens\\\/articles\\\/meteo-dans-la-somme-soleil-pour-le-reste-de-la-semaine\\\/\",\"url\":\"https:\\\/\\\/happynessradio.fr\\\/amiens\\\/articles\\\/meteo-dans-la-somme-soleil-pour-le-reste-de-la-semaine\\\/\",\"name\":\"M\u00e9t\u00e9o dans la Somme : soleil pour le reste de la semaine - Happyness Amiens\",\"isPartOf\":{\"@id\":\"https:\\\/\\\/happynessradio.fr\\\/amiens\\\/#website\"},\"primaryImageOfPage\":{\"@id\":\"https:\\\/\\\/happynessradio.fr\\\/amiens\\\/articles\\\/meteo-dans-la-somme-soleil-pour-le-reste-de-la-semaine\\\/#primaryimage\"},\"image\":{\"@id\":\"https:\\\/\\\/happynessradio.fr\\\/amiens\\\/articles\\\/meteo-dans-la-somme-soleil-pour-le-reste-de-la-semaine\\\/#primaryimage\"},\"thumbnailUrl\":\"https:\\\/\\\/happynessradio.fr\\\/amiens\\\/wp-content\\\/uploads\\\/sites\\\/3\\\/2026\\\/04\\\/MockUp-Visuels-articles-59.webp\",\"datePublished\":\"2026-04-26T16:52:27+00:00\",\"dateModified\":\"2026-04-26T16:52:28+00:00\",\"author\":{\"@id\":\"https:\\\/\\\/happynessradio.fr\\\/amiens\\\/#\\\/schema\\\/person\\\/735f1a1ba15f9478beb4249ad52f7252\"},\"description\":\"D\u00e9couvrez les pr\u00e9visions m\u00e9t\u00e9o dans la Somme : apr\u00e8s un lundi couvert, le soleil s\u2019installe \u00e0 Amiens, P\u00e9ronne et Abbeville avec des maximales atteignant 23\u00b0C.\",\"breadcrumb\":{\"@id\":\"https:\\\/\\\/happynessradio.fr\\\/amiens\\\/articles\\\/meteo-dans-la-somme-soleil-pour-le-reste-de-la-semaine\\\/#breadcrumb\"},\"inLanguage\":\"fr-FR\",\"potentialAction\":[{\"@type\":\"ReadAction\",\"target\":[\"https:\\\/\\\/happynessradio.fr\\\/amiens\\\/articles\\\/meteo-dans-la-somme-soleil-pour-le-reste-de-la-semaine\\\/\"]}]},{\"@type\":\"ImageObject\",\"inLanguage\":\"fr-FR\",\"@id\":\"https:\\\/\\\/happynessradio.fr\\\/amiens\\\/articles\\\/meteo-dans-la-somme-soleil-pour-le-reste-de-la-semaine\\\/#primaryimage\",\"url\":\"https:\\\/\\\/happynessradio.fr\\\/amiens\\\/wp-content\\\/uploads\\\/sites\\\/3\\\/2026\\\/04\\\/MockUp-Visuels-articles-59.webp\",\"contentUrl\":\"https:\\\/\\\/happynessradio.fr\\\/amiens\\\/wp-content\\\/uploads\\\/sites\\\/3\\\/2026\\\/04\\\/MockUp-Visuels-articles-59.webp\",\"width\":1083,\"height\":486,\"caption\":\"Un ciel bleu parsem\u00e9 de nuages blancs avec un soleil \u00e9clatant au centre. Deux formes g\u00e9om\u00e9triques rouges (chevrons) encadrent les coins sup\u00e9rieurs gauche et inf\u00e9rieurs droit de l'image.\"},{\"@type\":\"BreadcrumbList\",\"@id\":\"https:\\\/\\\/happynessradio.fr\\\/amiens\\\/articles\\\/meteo-dans-la-somme-soleil-pour-le-reste-de-la-semaine\\\/#breadcrumb\",\"itemListElement\":[{\"@type\":\"ListItem\",\"position\":1,\"name\":\"Accueil\",\"item\":\"https:\\\/\\\/happynessradio.fr\\\/amiens\\\/\"},{\"@type\":\"ListItem\",\"position\":2,\"name\":\"M\u00e9t\u00e9o dans la Somme : soleil pour le reste de la semaine\"}]},{\"@type\":\"WebSite\",\"@id\":\"https:\\\/\\\/happynessradio.fr\\\/amiens\\\/#website\",\"url\":\"https:\\\/\\\/happynessradio.fr\\\/amiens\\\/\",\"name\":\"Happyness Amiens\",\"description\":\"Toujours au plus proche de vous\",\"potentialAction\":[{\"@type\":\"SearchAction\",\"target\":{\"@type\":\"EntryPoint\",\"urlTemplate\":\"https:\\\/\\\/happynessradio.fr\\\/amiens\\\/?s={search_term_string}\"},\"query-input\":{\"@type\":\"PropertyValueSpecification\",\"valueRequired\":true,\"valueName\":\"search_term_string\"}}],\"inLanguage\":\"fr-FR\"},{\"@type\":\"Person\",\"@id\":\"https:\\\/\\\/happynessradio.fr\\\/amiens\\\/#\\\/schema\\\/person\\\/735f1a1ba15f9478beb4249ad52f7252\",\"name\":\"Lo\u00efc Dun\",\"image\":{\"@type\":\"ImageObject\",\"inLanguage\":\"fr-FR\",\"@id\":\"https:\\\/\\\/happynessradio.fr\\\/amiens\\\/wp-content\\\/uploads\\\/sites\\\/3\\\/2025\\\/12\\\/cropped-Portrait-Loic-25-26-96x96.webp\",\"url\":\"https:\\\/\\\/happynessradio.fr\\\/amiens\\\/wp-content\\\/uploads\\\/sites\\\/3\\\/2025\\\/12\\\/cropped-Portrait-Loic-25-26-96x96.webp\",\"contentUrl\":\"https:\\\/\\\/happynessradio.fr\\\/amiens\\\/wp-content\\\/uploads\\\/sites\\\/3\\\/2025\\\/12\\\/cropped-Portrait-Loic-25-26-96x96.webp\",\"caption\":\"Lo\u00efc Dun\"},\"description\":\"R\u00e9dacteur web Happyness. Co-animateur (chroniqueur) Quoi d'neuf ? Amiens Chroniqueur Le R\u00e9veil Happyness\",\"sameAs\":[\"https:\\\/\\\/www.instagram.com\\\/lolo80radio\\\/\",\"https:\\\/\\\/www.linkedin.com\\\/in\\\/loc-d-365960164\\\/\"],\"url\":\"https:\\\/\\\/happynessradio.fr\\\/amiens\\\/articles\\\/author\\\/loicdun\\\/\"}]}<\/script>\n<!-- \/ Yoast SEO plugin. -->","yoast_head_json":{"title":"M\u00e9t\u00e9o dans la Somme : soleil pour le reste de la semaine - Happyness Amiens","description":"D\u00e9couvrez les pr\u00e9visions m\u00e9t\u00e9o dans la Somme : apr\u00e8s un lundi couvert, le soleil s\u2019installe \u00e0 Amiens, P\u00e9ronne et Abbeville avec des maximales atteignant 23\u00b0C.","robots":{"index":"index","follow":"follow","max-snippet":"max-snippet:-1","max-image-preview":"max-image-preview:large","max-video-preview":"max-video-preview:-1"},"canonical":"https:\/\/happynessradio.fr\/amiens\/articles\/meteo-dans-la-somme-soleil-pour-le-reste-de-la-semaine\/","og_locale":"fr_FR","og_type":"article","og_title":"M\u00e9t\u00e9o dans la Somme : soleil pour le reste de la semaine - Happyness Amiens","og_description":"D\u00e9couvrez les pr\u00e9visions m\u00e9t\u00e9o dans la Somme : apr\u00e8s un lundi couvert, le soleil s\u2019installe \u00e0 Amiens, P\u00e9ronne et Abbeville avec des maximales atteignant 23\u00b0C.","og_url":"https:\/\/happynessradio.fr\/amiens\/articles\/meteo-dans-la-somme-soleil-pour-le-reste-de-la-semaine\/","og_site_name":"Happyness Amiens","article_published_time":"2026-04-26T16:52:27+00:00","article_modified_time":"2026-04-26T16:52:28+00:00","og_image":[{"width":1083,"height":486,"url":"https:\/\/happynessradio.fr\/amiens\/wp-content\/uploads\/sites\/3\/2026\/04\/MockUp-Visuels-articles-59.webp","type":"image\/webp"}],"author":"Lo\u00efc Dun","twitter_card":"summary_large_image","twitter_misc":{"\u00c9crit par":"Lo\u00efc Dun","Dur\u00e9e de lecture estim\u00e9e":"2 minutes"},"schema":{"@context":"https:\/\/schema.org","@graph":[{"@type":"Article","@id":"https:\/\/happynessradio.fr\/amiens\/articles\/meteo-dans-la-somme-soleil-pour-le-reste-de-la-semaine\/#article","isPartOf":{"@id":"https:\/\/happynessradio.fr\/amiens\/articles\/meteo-dans-la-somme-soleil-pour-le-reste-de-la-semaine\/"},"author":{"name":"Lo\u00efc Dun","@id":"https:\/\/happynessradio.fr\/amiens\/#\/schema\/person\/735f1a1ba15f9478beb4249ad52f7252"},"headline":"M\u00e9t\u00e9o dans la Somme : soleil pour le reste de la semaine","datePublished":"2026-04-26T16:52:27+00:00","dateModified":"2026-04-26T16:52:28+00:00","mainEntityOfPage":{"@id":"https:\/\/happynessradio.fr\/amiens\/articles\/meteo-dans-la-somme-soleil-pour-le-reste-de-la-semaine\/"},"wordCount":292,"commentCount":0,"image":{"@id":"https:\/\/happynessradio.fr\/amiens\/articles\/meteo-dans-la-somme-soleil-pour-le-reste-de-la-semaine\/#primaryimage"},"thumbnailUrl":"https:\/\/happynessradio.fr\/amiens\/wp-content\/uploads\/sites\/3\/2026\/04\/MockUp-Visuels-articles-59.webp","articleSection":["Amiens"],"inLanguage":"fr-FR","potentialAction":[{"@type":"CommentAction","name":"Comment","target":["https:\/\/happynessradio.fr\/amiens\/articles\/meteo-dans-la-somme-soleil-pour-le-reste-de-la-semaine\/#respond"]}]},{"@type":"WebPage","@id":"https:\/\/happynessradio.fr\/amiens\/articles\/meteo-dans-la-somme-soleil-pour-le-reste-de-la-semaine\/","url":"https:\/\/happynessradio.fr\/amiens\/articles\/meteo-dans-la-somme-soleil-pour-le-reste-de-la-semaine\/","name":"M\u00e9t\u00e9o dans la Somme : soleil pour le reste de la semaine - Happyness Amiens","isPartOf":{"@id":"https:\/\/happynessradio.fr\/amiens\/#website"},"primaryImageOfPage":{"@id":"https:\/\/happynessradio.fr\/amiens\/articles\/meteo-dans-la-somme-soleil-pour-le-reste-de-la-semaine\/#primaryimage"},"image":{"@id":"https:\/\/happynessradio.fr\/amiens\/articles\/meteo-dans-la-somme-soleil-pour-le-reste-de-la-semaine\/#primaryimage"},"thumbnailUrl":"https:\/\/happynessradio.fr\/amiens\/wp-content\/uploads\/sites\/3\/2026\/04\/MockUp-Visuels-articles-59.webp","datePublished":"2026-04-26T16:52:27+00:00","dateModified":"2026-04-26T16:52:28+00:00","author":{"@id":"https:\/\/happynessradio.fr\/amiens\/#\/schema\/person\/735f1a1ba15f9478beb4249ad52f7252"},"description":"D\u00e9couvrez les pr\u00e9visions m\u00e9t\u00e9o dans la Somme : apr\u00e8s un lundi couvert, le soleil s\u2019installe \u00e0 Amiens, P\u00e9ronne et Abbeville avec des maximales atteignant 23\u00b0C.","breadcrumb":{"@id":"https:\/\/happynessradio.fr\/amiens\/articles\/meteo-dans-la-somme-soleil-pour-le-reste-de-la-semaine\/#breadcrumb"},"inLanguage":"fr-FR","potentialAction":[{"@type":"ReadAction","target":["https:\/\/happynessradio.fr\/amiens\/articles\/meteo-dans-la-somme-soleil-pour-le-reste-de-la-semaine\/"]}]},{"@type":"ImageObject","inLanguage":"fr-FR","@id":"https:\/\/happynessradio.fr\/amiens\/articles\/meteo-dans-la-somme-soleil-pour-le-reste-de-la-semaine\/#primaryimage","url":"https:\/\/happynessradio.fr\/amiens\/wp-content\/uploads\/sites\/3\/2026\/04\/MockUp-Visuels-articles-59.webp","contentUrl":"https:\/\/happynessradio.fr\/amiens\/wp-content\/uploads\/sites\/3\/2026\/04\/MockUp-Visuels-articles-59.webp","width":1083,"height":486,"caption":"Un ciel bleu parsem\u00e9 de nuages blancs avec un soleil \u00e9clatant au centre. Deux formes g\u00e9om\u00e9triques rouges (chevrons) encadrent les coins sup\u00e9rieurs gauche et inf\u00e9rieurs droit de l'image."},{"@type":"BreadcrumbList","@id":"https:\/\/happynessradio.fr\/amiens\/articles\/meteo-dans-la-somme-soleil-pour-le-reste-de-la-semaine\/#breadcrumb","itemListElement":[{"@type":"ListItem","position":1,"name":"Accueil","item":"https:\/\/happynessradio.fr\/amiens\/"},{"@type":"ListItem","position":2,"name":"M\u00e9t\u00e9o dans la Somme : soleil pour le reste de la semaine"}]},{"@type":"WebSite","@id":"https:\/\/happynessradio.fr\/amiens\/#website","url":"https:\/\/happynessradio.fr\/amiens\/","name":"Happyness Amiens","description":"Toujours au plus proche de vous","potentialAction":[{"@type":"SearchAction","target":{"@type":"EntryPoint","urlTemplate":"https:\/\/happynessradio.fr\/amiens\/?s={search_term_string}"},"query-input":{"@type":"PropertyValueSpecification","valueRequired":true,"valueName":"search_term_string"}}],"inLanguage":"fr-FR"},{"@type":"Person","@id":"https:\/\/happynessradio.fr\/amiens\/#\/schema\/person\/735f1a1ba15f9478beb4249ad52f7252","name":"Lo\u00efc Dun","image":{"@type":"ImageObject","inLanguage":"fr-FR","@id":"https:\/\/happynessradio.fr\/amiens\/wp-content\/uploads\/sites\/3\/2025\/12\/cropped-Portrait-Loic-25-26-96x96.webp","url":"https:\/\/happynessradio.fr\/amiens\/wp-content\/uploads\/sites\/3\/2025\/12\/cropped-Portrait-Loic-25-26-96x96.webp","contentUrl":"https:\/\/happynessradio.fr\/amiens\/wp-content\/uploads\/sites\/3\/2025\/12\/cropped-Portrait-Loic-25-26-96x96.webp","caption":"Lo\u00efc Dun"},"description":"R\u00e9dacteur web Happyness. Co-animateur (chroniqueur) Quoi d'neuf ? Amiens Chroniqueur Le R\u00e9veil Happyness","sameAs":["https:\/\/www.instagram.com\/lolo80radio\/","https:\/\/www.linkedin.com\/in\/loc-d-365960164\/"],"url":"https:\/\/happynessradio.fr\/amiens\/articles\/author\/loicdun\/"}]}},"modified_by":"Lo\u00efc Dun","_links":{"self":[{"href":"https:\/\/happynessradio.fr\/amiens\/wp-json\/wp\/v2\/posts\/12654","targetHints":{"allow":["GET"]}}],"collection":[{"href":"https:\/\/happynessradio.fr\/amiens\/wp-json\/wp\/v2\/posts"}],"about":[{"href":"https:\/\/happynessradio.fr\/amiens\/wp-json\/wp\/v2\/types\/post"}],"author":[{"embeddable":true,"href":"https:\/\/happynessradio.fr\/amiens\/wp-json\/wp\/v2\/users\/6"}],"replies":[{"embeddable":true,"href":"https:\/\/happynessradio.fr\/amiens\/wp-json\/wp\/v2\/comments?post=12654"}],"version-history":[{"count":1,"href":"https:\/\/happynessradio.fr\/amiens\/wp-json\/wp\/v2\/posts\/12654\/revisions"}],"predecessor-version":[{"id":12656,"href":"https:\/\/happynessradio.fr\/amiens\/wp-json\/wp\/v2\/posts\/12654\/revisions\/12656"}],"wp:featuredmedia":[{"embeddable":true,"href":"https:\/\/happynessradio.fr\/amiens\/wp-json\/wp\/v2\/media\/12655"}],"wp:attachment":[{"href":"https:\/\/happynessradio.fr\/amiens\/wp-json\/wp\/v2\/media?parent=12654"}],"wp:term":[{"taxonomy":"category","embeddable":true,"href":"https:\/\/happynessradio.fr\/amiens\/wp-json\/wp\/v2\/categories?post=12654"},{"taxonomy":"post_tag","embeddable":true,"href":"https:\/\/happynessradio.fr\/amiens\/wp-json\/wp\/v2\/tags?post=12654"}],"curies":[{"name":"wp","href":"https:\/\/api.w.org\/{rel}","templated":true}]}}