{"id":12659,"date":"2026-04-27T17:52:44","date_gmt":"2026-04-27T15:52:44","guid":{"rendered":"https:\/\/happynessradio.fr\/amiens\/?p=12659"},"modified":"2026-04-27T17:52:46","modified_gmt":"2026-04-27T15:52:46","slug":"amiens-celine-ghys-en-dedicace-a-la-librairie-martelle","status":"publish","type":"post","link":"https:\/\/happynessradio.fr\/amiens\/articles\/amiens-celine-ghys-en-dedicace-a-la-librairie-martelle\/","title":{"rendered":"Amiens : C\u00e9line Ghys en d\u00e9dicace \u00e0 la Librairie Martelle"},"content":{"rendered":"\n<p><em>UNE SELECTION HAPPYNESS &#8211; La librairie Martelle \u00e0 Amiens, accueille, mercredi 29 avril, une s\u00e9ance de d\u00e9dicace de la romanci\u00e8re C\u00e9line Ghys concernant son nouvel ouvrage intitul\u00e9 :  Jules Verne et le secret de la Tour Eiffel. Atttention places limit\u00e9es, sur r\u00e9servation au pr\u00e9alable. <\/em><\/p>\n\n\n\n<h2 class=\"wp-block-heading\">A la Librairie Martelle<\/h2>\n\n\n\n<p>L&rsquo;autrice C\u00e9line Ghys sera en d\u00e9dicace ce mercredi 29 avril, de 18h \u00e0 19h \u00e0 la <a href=\"https:\/\/www.librairiemartelle.com\/\" id=\"https:\/\/www.librairiemartelle.com\/\">Librairie Martelle<\/a> au centre-ville d&rsquo;Amiens o\u00f9 elle pr\u00e9sentera son nouveau livre qui a pour nom : Jules Verne et le secret de la Tour Eiffel. Elle a d&rsquo;ailleurs d\u00e9j\u00e0 publi\u00e9e <a href=\"https:\/\/leslouvesdupolar.fr\/celine-ghys\/\" id=\"https:\/\/leslouvesdupolar.fr\/celine-ghys\/\">deux autres ouvrages<\/a>, en l&rsquo;occurrence Jules Verne et le Gentilhomme Cambrioleur mais aussi Le Cr\u00e2ne de Saint Jean-Baptiste. <\/p>\n\n\n\n<h2 class=\"wp-block-heading\">Places limit\u00e9es <\/h2>\n\n\n\n<p>Si vous souhaitez y assister, il suffit de r\u00e9server (Attention, places limit\u00e9es), par mail l&rsquo;adresse suivante : <a href=\"mailto:inscription@librairiemartelle.com\" target=\"_blank\" rel=\"noreferrer noopener\">inscription@librairiemartelle.com<\/a>. La librairie se situe au 3 rue du Vergeaux. Il est possible de se garer dans le <a href=\"https:\/\/www.amiens.fr\/Vivre-a-Amiens\/Mobilite\/Le-stationnement\/Les-parkings\" id=\"https:\/\/www.amiens.fr\/Vivre-a-Amiens\/Mobilite\/Le-stationnement\/Les-parkings\">parking souterrain<\/a> Les Halles ou bien \u00e0 Perret ou bien emprunter<a href=\"https:\/\/www.ametis.fr\/\" id=\"https:\/\/www.ametis.fr\/\"> le r\u00e9seau Ametis<\/a> et descendre ensuite \u00e0 la station H\u00f4tel de Ville ou Beffroi. <\/p>\n\n\n\n<p><\/p>\n","protected":false},"excerpt":{"rendered":"<p>UNE SELECTION HAPPYNESS &#8211; La librairie Martelle \u00e0 Amiens, accueille, mercredi 29 avril, une s\u00e9ance de d\u00e9dicace de la romanci\u00e8re C\u00e9line Ghys concernant son nouvel ouvrage intitul\u00e9 : Jules Verne et le secret de la Tour Eiffel. Atttention places limit\u00e9es, sur r\u00e9servation au pr\u00e9alable. A la Librairie Martelle L&rsquo;autrice C\u00e9line Ghys sera en d\u00e9dicace ce mercredi 29 avril, de 18h \u00e0 19h \u00e0 la Librairie Martelle au centre-ville d&rsquo;Amiens o\u00f9 elle pr\u00e9sentera son nouveau livre qui a pour nom : Jules Verne et le secret de la Tour Eiffel. Elle a d&rsquo;ailleurs d\u00e9j\u00e0 publi\u00e9e deux autres ouvrages, en l&rsquo;occurrence Jules Verne et le Gentilhomme Cambrioleur mais aussi Le Cr\u00e2ne de Saint Jean-Baptiste. Places limit\u00e9es Si vous souhaitez y assister, il suffit de r\u00e9server (Attention, places limit\u00e9es), par mail l&rsquo;adresse suivante : inscription@librairiemartelle.com. La librairie se situe au 3 rue du Vergeaux. Il est possible de se garer dans le parking souterrain Les Halles ou bien \u00e0 Perret ou bien emprunter le r\u00e9seau Ametis et descendre ensuite \u00e0 la station H\u00f4tel de Ville ou Beffroi.<\/p>\n","protected":false},"author":6,"featured_media":12660,"comment_status":"open","ping_status":"open","sticky":false,"template":"","format":"standard","meta":{"_lmt_disableupdate":"","_lmt_disable":"","footnotes":""},"categories":[1],"tags":[],"class_list":["post-12659","post","type-post","status-publish","format-standard","has-post-thumbnail","hentry","category-non-classe"],"yoast_head":"<!-- This site is optimized with the Yoast SEO plugin v27.5 - https:\/\/yoast.com\/product\/yoast-seo-wordpress\/ -->\n<title>Amiens : C\u00e9line Ghys en d\u00e9dicace \u00e0 la Librairie Martelle - Happyness Amiens<\/title>\n<meta name=\"description\" content=\"Rencontrez C\u00e9line Ghys \u00e0 la Librairie Martelle (Amiens) le mercredi 29 avril pour la d\u00e9dicace de son nouveau roman &quot;Jules Verne et le secret de la Tour Eiffel&quot;. Places limit\u00e9es, r\u00e9servez vite !\" \/>\n<meta name=\"robots\" content=\"index, follow, max-snippet:-1, max-image-preview:large, max-video-preview:-1\" \/>\n<link rel=\"canonical\" href=\"https:\/\/happynessradio.fr\/amiens\/articles\/amiens-celine-ghys-en-dedicace-a-la-librairie-martelle\/\" \/>\n<meta property=\"og:locale\" content=\"fr_FR\" \/>\n<meta property=\"og:type\" content=\"article\" \/>\n<meta property=\"og:title\" content=\"Amiens : C\u00e9line Ghys en d\u00e9dicace \u00e0 la Librairie Martelle - Happyness Amiens\" \/>\n<meta property=\"og:description\" content=\"Rencontrez C\u00e9line Ghys \u00e0 la Librairie Martelle (Amiens) le mercredi 29 avril pour la d\u00e9dicace de son nouveau roman &quot;Jules Verne et le secret de la Tour Eiffel&quot;. Places limit\u00e9es, r\u00e9servez vite !\" \/>\n<meta property=\"og:url\" content=\"https:\/\/happynessradio.fr\/amiens\/articles\/amiens-celine-ghys-en-dedicace-a-la-librairie-martelle\/\" \/>\n<meta property=\"og:site_name\" content=\"Happyness Amiens\" \/>\n<meta property=\"article:published_time\" content=\"2026-04-27T15:52:44+00:00\" \/>\n<meta property=\"article:modified_time\" content=\"2026-04-27T15:52:46+00:00\" \/>\n<meta property=\"og:image\" content=\"https:\/\/happynessradio.fr\/amiens\/wp-content\/uploads\/sites\/3\/2026\/04\/MockUp-Visuels-articles-60.webp\" \/>\n\t<meta property=\"og:image:width\" content=\"1083\" \/>\n\t<meta property=\"og:image:height\" content=\"486\" \/>\n\t<meta property=\"og:image:type\" content=\"image\/webp\" \/>\n<meta name=\"author\" content=\"Lo\u00efc Dun\" \/>\n<meta name=\"twitter:card\" content=\"summary_large_image\" \/>\n<meta name=\"twitter:label1\" content=\"\u00c9crit par\" \/>\n\t<meta name=\"twitter:data1\" content=\"Lo\u00efc Dun\" \/>\n\t<meta name=\"twitter:label2\" content=\"Dur\u00e9e de lecture estim\u00e9e\" \/>\n\t<meta name=\"twitter:data2\" content=\"2 minutes\" \/>\n<script type=\"application\/ld+json\" class=\"yoast-schema-graph\">{\"@context\":\"https:\\\/\\\/schema.org\",\"@graph\":[{\"@type\":\"Article\",\"@id\":\"https:\\\/\\\/happynessradio.fr\\\/amiens\\\/articles\\\/amiens-celine-ghys-en-dedicace-a-la-librairie-martelle\\\/#article\",\"isPartOf\":{\"@id\":\"https:\\\/\\\/happynessradio.fr\\\/amiens\\\/articles\\\/amiens-celine-ghys-en-dedicace-a-la-librairie-martelle\\\/\"},\"author\":{\"name\":\"Lo\u00efc Dun\",\"@id\":\"https:\\\/\\\/happynessradio.fr\\\/amiens\\\/#\\\/schema\\\/person\\\/735f1a1ba15f9478beb4249ad52f7252\"},\"headline\":\"Amiens : C\u00e9line Ghys en d\u00e9dicace \u00e0 la Librairie Martelle\",\"datePublished\":\"2026-04-27T15:52:44+00:00\",\"dateModified\":\"2026-04-27T15:52:46+00:00\",\"mainEntityOfPage\":{\"@id\":\"https:\\\/\\\/happynessradio.fr\\\/amiens\\\/articles\\\/amiens-celine-ghys-en-dedicace-a-la-librairie-martelle\\\/\"},\"wordCount\":198,\"commentCount\":0,\"image\":{\"@id\":\"https:\\\/\\\/happynessradio.fr\\\/amiens\\\/articles\\\/amiens-celine-ghys-en-dedicace-a-la-librairie-martelle\\\/#primaryimage\"},\"thumbnailUrl\":\"https:\\\/\\\/happynessradio.fr\\\/amiens\\\/wp-content\\\/uploads\\\/sites\\\/3\\\/2026\\\/04\\\/MockUp-Visuels-articles-60.webp\",\"inLanguage\":\"fr-FR\",\"potentialAction\":[{\"@type\":\"CommentAction\",\"name\":\"Comment\",\"target\":[\"https:\\\/\\\/happynessradio.fr\\\/amiens\\\/articles\\\/amiens-celine-ghys-en-dedicace-a-la-librairie-martelle\\\/#respond\"]}]},{\"@type\":\"WebPage\",\"@id\":\"https:\\\/\\\/happynessradio.fr\\\/amiens\\\/articles\\\/amiens-celine-ghys-en-dedicace-a-la-librairie-martelle\\\/\",\"url\":\"https:\\\/\\\/happynessradio.fr\\\/amiens\\\/articles\\\/amiens-celine-ghys-en-dedicace-a-la-librairie-martelle\\\/\",\"name\":\"Amiens : C\u00e9line Ghys en d\u00e9dicace \u00e0 la Librairie Martelle - Happyness Amiens\",\"isPartOf\":{\"@id\":\"https:\\\/\\\/happynessradio.fr\\\/amiens\\\/#website\"},\"primaryImageOfPage\":{\"@id\":\"https:\\\/\\\/happynessradio.fr\\\/amiens\\\/articles\\\/amiens-celine-ghys-en-dedicace-a-la-librairie-martelle\\\/#primaryimage\"},\"image\":{\"@id\":\"https:\\\/\\\/happynessradio.fr\\\/amiens\\\/articles\\\/amiens-celine-ghys-en-dedicace-a-la-librairie-martelle\\\/#primaryimage\"},\"thumbnailUrl\":\"https:\\\/\\\/happynessradio.fr\\\/amiens\\\/wp-content\\\/uploads\\\/sites\\\/3\\\/2026\\\/04\\\/MockUp-Visuels-articles-60.webp\",\"datePublished\":\"2026-04-27T15:52:44+00:00\",\"dateModified\":\"2026-04-27T15:52:46+00:00\",\"author\":{\"@id\":\"https:\\\/\\\/happynessradio.fr\\\/amiens\\\/#\\\/schema\\\/person\\\/735f1a1ba15f9478beb4249ad52f7252\"},\"description\":\"Rencontrez C\u00e9line Ghys \u00e0 la Librairie Martelle (Amiens) le mercredi 29 avril pour la d\u00e9dicace de son nouveau roman \\\"Jules Verne et le secret de la Tour Eiffel\\\". Places limit\u00e9es, r\u00e9servez vite !\",\"breadcrumb\":{\"@id\":\"https:\\\/\\\/happynessradio.fr\\\/amiens\\\/articles\\\/amiens-celine-ghys-en-dedicace-a-la-librairie-martelle\\\/#breadcrumb\"},\"inLanguage\":\"fr-FR\",\"potentialAction\":[{\"@type\":\"ReadAction\",\"target\":[\"https:\\\/\\\/happynessradio.fr\\\/amiens\\\/articles\\\/amiens-celine-ghys-en-dedicace-a-la-librairie-martelle\\\/\"]}]},{\"@type\":\"ImageObject\",\"inLanguage\":\"fr-FR\",\"@id\":\"https:\\\/\\\/happynessradio.fr\\\/amiens\\\/articles\\\/amiens-celine-ghys-en-dedicace-a-la-librairie-martelle\\\/#primaryimage\",\"url\":\"https:\\\/\\\/happynessradio.fr\\\/amiens\\\/wp-content\\\/uploads\\\/sites\\\/3\\\/2026\\\/04\\\/MockUp-Visuels-articles-60.webp\",\"contentUrl\":\"https:\\\/\\\/happynessradio.fr\\\/amiens\\\/wp-content\\\/uploads\\\/sites\\\/3\\\/2026\\\/04\\\/MockUp-Visuels-articles-60.webp\",\"width\":1083,\"height\":486,\"caption\":\"Vue rapproch\u00e9e des mains d'une personne \u00e9crivant au stylo sur une feuille blanche. Elle porte une bague dor\u00e9e orn\u00e9e d'une pierre turquoise. Le cadre est agr\u00e9ment\u00e9 de deux triangles rouges vifs dans les coins oppos\u00e9s.\"},{\"@type\":\"BreadcrumbList\",\"@id\":\"https:\\\/\\\/happynessradio.fr\\\/amiens\\\/articles\\\/amiens-celine-ghys-en-dedicace-a-la-librairie-martelle\\\/#breadcrumb\",\"itemListElement\":[{\"@type\":\"ListItem\",\"position\":1,\"name\":\"Accueil\",\"item\":\"https:\\\/\\\/happynessradio.fr\\\/amiens\\\/\"},{\"@type\":\"ListItem\",\"position\":2,\"name\":\"Amiens : C\u00e9line Ghys en d\u00e9dicace \u00e0 la Librairie Martelle\"}]},{\"@type\":\"WebSite\",\"@id\":\"https:\\\/\\\/happynessradio.fr\\\/amiens\\\/#website\",\"url\":\"https:\\\/\\\/happynessradio.fr\\\/amiens\\\/\",\"name\":\"Happyness Amiens\",\"description\":\"Toujours au plus proche de vous\",\"potentialAction\":[{\"@type\":\"SearchAction\",\"target\":{\"@type\":\"EntryPoint\",\"urlTemplate\":\"https:\\\/\\\/happynessradio.fr\\\/amiens\\\/?s={search_term_string}\"},\"query-input\":{\"@type\":\"PropertyValueSpecification\",\"valueRequired\":true,\"valueName\":\"search_term_string\"}}],\"inLanguage\":\"fr-FR\"},{\"@type\":\"Person\",\"@id\":\"https:\\\/\\\/happynessradio.fr\\\/amiens\\\/#\\\/schema\\\/person\\\/735f1a1ba15f9478beb4249ad52f7252\",\"name\":\"Lo\u00efc Dun\",\"image\":{\"@type\":\"ImageObject\",\"inLanguage\":\"fr-FR\",\"@id\":\"https:\\\/\\\/happynessradio.fr\\\/amiens\\\/wp-content\\\/uploads\\\/sites\\\/3\\\/2025\\\/12\\\/cropped-Portrait-Loic-25-26-96x96.webp\",\"url\":\"https:\\\/\\\/happynessradio.fr\\\/amiens\\\/wp-content\\\/uploads\\\/sites\\\/3\\\/2025\\\/12\\\/cropped-Portrait-Loic-25-26-96x96.webp\",\"contentUrl\":\"https:\\\/\\\/happynessradio.fr\\\/amiens\\\/wp-content\\\/uploads\\\/sites\\\/3\\\/2025\\\/12\\\/cropped-Portrait-Loic-25-26-96x96.webp\",\"caption\":\"Lo\u00efc Dun\"},\"description\":\"R\u00e9dacteur web Happyness. Co-animateur (chroniqueur) Quoi d'neuf ? Amiens Chroniqueur Le R\u00e9veil Happyness\",\"sameAs\":[\"https:\\\/\\\/www.instagram.com\\\/lolo80radio\\\/\",\"https:\\\/\\\/www.linkedin.com\\\/in\\\/loc-d-365960164\\\/\"],\"url\":\"https:\\\/\\\/happynessradio.fr\\\/amiens\\\/articles\\\/author\\\/loicdun\\\/\"}]}<\/script>\n<!-- \/ Yoast SEO plugin. -->","yoast_head_json":{"title":"Amiens : C\u00e9line Ghys en d\u00e9dicace \u00e0 la Librairie Martelle - Happyness Amiens","description":"Rencontrez C\u00e9line Ghys \u00e0 la Librairie Martelle (Amiens) le mercredi 29 avril pour la d\u00e9dicace de son nouveau roman \"Jules Verne et le secret de la Tour Eiffel\". Places limit\u00e9es, r\u00e9servez vite !","robots":{"index":"index","follow":"follow","max-snippet":"max-snippet:-1","max-image-preview":"max-image-preview:large","max-video-preview":"max-video-preview:-1"},"canonical":"https:\/\/happynessradio.fr\/amiens\/articles\/amiens-celine-ghys-en-dedicace-a-la-librairie-martelle\/","og_locale":"fr_FR","og_type":"article","og_title":"Amiens : C\u00e9line Ghys en d\u00e9dicace \u00e0 la Librairie Martelle - Happyness Amiens","og_description":"Rencontrez C\u00e9line Ghys \u00e0 la Librairie Martelle (Amiens) le mercredi 29 avril pour la d\u00e9dicace de son nouveau roman \"Jules Verne et le secret de la Tour Eiffel\". Places limit\u00e9es, r\u00e9servez vite !","og_url":"https:\/\/happynessradio.fr\/amiens\/articles\/amiens-celine-ghys-en-dedicace-a-la-librairie-martelle\/","og_site_name":"Happyness Amiens","article_published_time":"2026-04-27T15:52:44+00:00","article_modified_time":"2026-04-27T15:52:46+00:00","og_image":[{"width":1083,"height":486,"url":"https:\/\/happynessradio.fr\/amiens\/wp-content\/uploads\/sites\/3\/2026\/04\/MockUp-Visuels-articles-60.webp","type":"image\/webp"}],"author":"Lo\u00efc Dun","twitter_card":"summary_large_image","twitter_misc":{"\u00c9crit par":"Lo\u00efc Dun","Dur\u00e9e de lecture estim\u00e9e":"2 minutes"},"schema":{"@context":"https:\/\/schema.org","@graph":[{"@type":"Article","@id":"https:\/\/happynessradio.fr\/amiens\/articles\/amiens-celine-ghys-en-dedicace-a-la-librairie-martelle\/#article","isPartOf":{"@id":"https:\/\/happynessradio.fr\/amiens\/articles\/amiens-celine-ghys-en-dedicace-a-la-librairie-martelle\/"},"author":{"name":"Lo\u00efc Dun","@id":"https:\/\/happynessradio.fr\/amiens\/#\/schema\/person\/735f1a1ba15f9478beb4249ad52f7252"},"headline":"Amiens : C\u00e9line Ghys en d\u00e9dicace \u00e0 la Librairie Martelle","datePublished":"2026-04-27T15:52:44+00:00","dateModified":"2026-04-27T15:52:46+00:00","mainEntityOfPage":{"@id":"https:\/\/happynessradio.fr\/amiens\/articles\/amiens-celine-ghys-en-dedicace-a-la-librairie-martelle\/"},"wordCount":198,"commentCount":0,"image":{"@id":"https:\/\/happynessradio.fr\/amiens\/articles\/amiens-celine-ghys-en-dedicace-a-la-librairie-martelle\/#primaryimage"},"thumbnailUrl":"https:\/\/happynessradio.fr\/amiens\/wp-content\/uploads\/sites\/3\/2026\/04\/MockUp-Visuels-articles-60.webp","inLanguage":"fr-FR","potentialAction":[{"@type":"CommentAction","name":"Comment","target":["https:\/\/happynessradio.fr\/amiens\/articles\/amiens-celine-ghys-en-dedicace-a-la-librairie-martelle\/#respond"]}]},{"@type":"WebPage","@id":"https:\/\/happynessradio.fr\/amiens\/articles\/amiens-celine-ghys-en-dedicace-a-la-librairie-martelle\/","url":"https:\/\/happynessradio.fr\/amiens\/articles\/amiens-celine-ghys-en-dedicace-a-la-librairie-martelle\/","name":"Amiens : C\u00e9line Ghys en d\u00e9dicace \u00e0 la Librairie Martelle - Happyness Amiens","isPartOf":{"@id":"https:\/\/happynessradio.fr\/amiens\/#website"},"primaryImageOfPage":{"@id":"https:\/\/happynessradio.fr\/amiens\/articles\/amiens-celine-ghys-en-dedicace-a-la-librairie-martelle\/#primaryimage"},"image":{"@id":"https:\/\/happynessradio.fr\/amiens\/articles\/amiens-celine-ghys-en-dedicace-a-la-librairie-martelle\/#primaryimage"},"thumbnailUrl":"https:\/\/happynessradio.fr\/amiens\/wp-content\/uploads\/sites\/3\/2026\/04\/MockUp-Visuels-articles-60.webp","datePublished":"2026-04-27T15:52:44+00:00","dateModified":"2026-04-27T15:52:46+00:00","author":{"@id":"https:\/\/happynessradio.fr\/amiens\/#\/schema\/person\/735f1a1ba15f9478beb4249ad52f7252"},"description":"Rencontrez C\u00e9line Ghys \u00e0 la Librairie Martelle (Amiens) le mercredi 29 avril pour la d\u00e9dicace de son nouveau roman \"Jules Verne et le secret de la Tour Eiffel\". Places limit\u00e9es, r\u00e9servez vite !","breadcrumb":{"@id":"https:\/\/happynessradio.fr\/amiens\/articles\/amiens-celine-ghys-en-dedicace-a-la-librairie-martelle\/#breadcrumb"},"inLanguage":"fr-FR","potentialAction":[{"@type":"ReadAction","target":["https:\/\/happynessradio.fr\/amiens\/articles\/amiens-celine-ghys-en-dedicace-a-la-librairie-martelle\/"]}]},{"@type":"ImageObject","inLanguage":"fr-FR","@id":"https:\/\/happynessradio.fr\/amiens\/articles\/amiens-celine-ghys-en-dedicace-a-la-librairie-martelle\/#primaryimage","url":"https:\/\/happynessradio.fr\/amiens\/wp-content\/uploads\/sites\/3\/2026\/04\/MockUp-Visuels-articles-60.webp","contentUrl":"https:\/\/happynessradio.fr\/amiens\/wp-content\/uploads\/sites\/3\/2026\/04\/MockUp-Visuels-articles-60.webp","width":1083,"height":486,"caption":"Vue rapproch\u00e9e des mains d'une personne \u00e9crivant au stylo sur une feuille blanche. Elle porte une bague dor\u00e9e orn\u00e9e d'une pierre turquoise. Le cadre est agr\u00e9ment\u00e9 de deux triangles rouges vifs dans les coins oppos\u00e9s."},{"@type":"BreadcrumbList","@id":"https:\/\/happynessradio.fr\/amiens\/articles\/amiens-celine-ghys-en-dedicace-a-la-librairie-martelle\/#breadcrumb","itemListElement":[{"@type":"ListItem","position":1,"name":"Accueil","item":"https:\/\/happynessradio.fr\/amiens\/"},{"@type":"ListItem","position":2,"name":"Amiens : C\u00e9line Ghys en d\u00e9dicace \u00e0 la Librairie Martelle"}]},{"@type":"WebSite","@id":"https:\/\/happynessradio.fr\/amiens\/#website","url":"https:\/\/happynessradio.fr\/amiens\/","name":"Happyness Amiens","description":"Toujours au plus proche de vous","potentialAction":[{"@type":"SearchAction","target":{"@type":"EntryPoint","urlTemplate":"https:\/\/happynessradio.fr\/amiens\/?s={search_term_string}"},"query-input":{"@type":"PropertyValueSpecification","valueRequired":true,"valueName":"search_term_string"}}],"inLanguage":"fr-FR"},{"@type":"Person","@id":"https:\/\/happynessradio.fr\/amiens\/#\/schema\/person\/735f1a1ba15f9478beb4249ad52f7252","name":"Lo\u00efc Dun","image":{"@type":"ImageObject","inLanguage":"fr-FR","@id":"https:\/\/happynessradio.fr\/amiens\/wp-content\/uploads\/sites\/3\/2025\/12\/cropped-Portrait-Loic-25-26-96x96.webp","url":"https:\/\/happynessradio.fr\/amiens\/wp-content\/uploads\/sites\/3\/2025\/12\/cropped-Portrait-Loic-25-26-96x96.webp","contentUrl":"https:\/\/happynessradio.fr\/amiens\/wp-content\/uploads\/sites\/3\/2025\/12\/cropped-Portrait-Loic-25-26-96x96.webp","caption":"Lo\u00efc Dun"},"description":"R\u00e9dacteur web Happyness. Co-animateur (chroniqueur) Quoi d'neuf ? Amiens Chroniqueur Le R\u00e9veil Happyness","sameAs":["https:\/\/www.instagram.com\/lolo80radio\/","https:\/\/www.linkedin.com\/in\/loc-d-365960164\/"],"url":"https:\/\/happynessradio.fr\/amiens\/articles\/author\/loicdun\/"}]}},"modified_by":"Lo\u00efc Dun","_links":{"self":[{"href":"https:\/\/happynessradio.fr\/amiens\/wp-json\/wp\/v2\/posts\/12659","targetHints":{"allow":["GET"]}}],"collection":[{"href":"https:\/\/happynessradio.fr\/amiens\/wp-json\/wp\/v2\/posts"}],"about":[{"href":"https:\/\/happynessradio.fr\/amiens\/wp-json\/wp\/v2\/types\/post"}],"author":[{"embeddable":true,"href":"https:\/\/happynessradio.fr\/amiens\/wp-json\/wp\/v2\/users\/6"}],"replies":[{"embeddable":true,"href":"https:\/\/happynessradio.fr\/amiens\/wp-json\/wp\/v2\/comments?post=12659"}],"version-history":[{"count":1,"href":"https:\/\/happynessradio.fr\/amiens\/wp-json\/wp\/v2\/posts\/12659\/revisions"}],"predecessor-version":[{"id":12661,"href":"https:\/\/happynessradio.fr\/amiens\/wp-json\/wp\/v2\/posts\/12659\/revisions\/12661"}],"wp:featuredmedia":[{"embeddable":true,"href":"https:\/\/happynessradio.fr\/amiens\/wp-json\/wp\/v2\/media\/12660"}],"wp:attachment":[{"href":"https:\/\/happynessradio.fr\/amiens\/wp-json\/wp\/v2\/media?parent=12659"}],"wp:term":[{"taxonomy":"category","embeddable":true,"href":"https:\/\/happynessradio.fr\/amiens\/wp-json\/wp\/v2\/categories?post=12659"},{"taxonomy":"post_tag","embeddable":true,"href":"https:\/\/happynessradio.fr\/amiens\/wp-json\/wp\/v2\/tags?post=12659"}],"curies":[{"name":"wp","href":"https:\/\/api.w.org\/{rel}","templated":true}]}}