{"id":12662,"date":"2026-04-28T15:03:07","date_gmt":"2026-04-28T13:03:07","guid":{"rendered":"https:\/\/happynessradio.fr\/amiens\/?p=12662"},"modified":"2026-04-28T15:03:09","modified_gmt":"2026-04-28T13:03:09","slug":"amiens-connaissez-le-budget-participatif","status":"publish","type":"post","link":"https:\/\/happynessradio.fr\/amiens\/articles\/amiens-connaissez-le-budget-participatif\/","title":{"rendered":"Amiens :  connaissez le budget participatif ?"},"content":{"rendered":"\n<p><em>La mairie de la ville d&rsquo;Amiens lance l&rsquo;\u00e9dition l&rsquo;\u00e9dition 2026 du Budget Participatif de la Ville un dispositif de d\u00e9mocratie locale qui permet aux Ami\u00e9nois de proposer et de voter pour des projets d&rsquo;int\u00e9r\u00eat g\u00e9n\u00e9ral. Comment \u00e7a fonctionne ? On fait le point dans cet article.<\/em><\/p>\n\n\n\n<h2 class=\"wp-block-heading\">C&rsquo;est quoi ? <\/h2>\n\n\n\n<p>La mairie d&rsquo;Amiens a lanc\u00e9 l&rsquo;\u00e9dition 2026 du Budget Participatif de la Ville un dispositif de d\u00e9mocratie locale qui permet aux Ami\u00e9nois de proposer et de voter pour des projets d&rsquo;int\u00e9r\u00eat g\u00e9n\u00e9ral qui sont destin\u00e9s \u00e0 l&rsquo;am\u00e9lioration du cadre de vie (environnement, solidarit\u00e9, jeunesse, etc.). ils est possible de d\u00e9poser ses id\u00e9es jusqu&rsquo;au 31 mai 2026 via <a href=\"https:\/\/www.amiens.fr\/Grands-projets\/BUDGET-PARTICIPATIF-DE-LA-VILLE-D-AMIENS\" id=\"https:\/\/www.amiens.fr\/Grands-projets\/BUDGET-PARTICIPATIF-DE-LA-VILLE-D-AMIENS\">le site d\u00e9di\u00e9<\/a>.<\/p>\n\n\n\n<h2 class=\"wp-block-heading\">Qui peut participer ? Et comment voter ?  <\/h2>\n\n\n\n<p>Ensuite de juin \u00e0 octobre de la m\u00eame ann\u00e9e, une \u00e9tude de faisabilit\u00e9 technique et validation est r\u00e9alis\u00e9e par une commission citoyenne, puis les habitants peuvent voter en ligne via le site <a href=\"https:\/\/jeparticipe.amiens.fr\/\">Je participe &#8211; Amiens<\/a> \u00e0 partir d&rsquo;octobre jusqu&rsquo;\u00e0 novembre. Il faut ensuite attendre janvier 2027 pour voir la mise en \u0153uvre des projets laur\u00e9ats. Toute personne de plus de 16 ans peuvent y participer y compris dont le si\u00e8ge social est \u00e0 Amiens (limite de 2 projets par association).<\/p>\n\n\n\n<h2 class=\"wp-block-heading\">Quelles sont les conditions ? <\/h2>\n\n\n\n<p>A savoir que pour \u00eatre \u00e9ligible, un projet doit respecter certaines conditions comme par exemple \u00eatre localis\u00e9 sur le territoire d&rsquo;Amiens, relever de l&rsquo;int\u00e9r\u00eat g\u00e9n\u00e9ral (profiter au plus grand nombre). Il doit \u00e9galement concerner uniquement des d\u00e9penses d&rsquo;investissement (am\u00e9nagements durables) ainsi que respecter les valeurs r\u00e9publicaines ne pas d\u00e9passer 100 000 euros par proposition. A savoir que la voirie, les parcours patrimoniaux, culturels ou comm\u00e9moratifs ne sont pas \u00e9ligibles.<\/p>\n\n\n\n<hr class=\"wp-block-separator has-alpha-channel-opacity\" \/>\n\n\n\n<p><strong>A NOTER : il est possible de consulter les r\u00e9alisations des ann\u00e9es pr\u00e9c\u00e9dentes sur le site <a href=\"https:\/\/jeparticipe.amiens.fr\" target=\"_blank\" rel=\"noreferrer noopener\">jeparticipe.amiens.fr<\/a> pour vous inspirer des projets d\u00e9j\u00e0 laur\u00e9ats (aires de jeux, jardins partag\u00e9s, etc.).<\/strong><\/p>\n\n\n\n<p><\/p>\n","protected":false},"excerpt":{"rendered":"<p>La mairie de la ville d&rsquo;Amiens lance l&rsquo;\u00e9dition l&rsquo;\u00e9dition 2026 du Budget Participatif de la Ville un dispositif de d\u00e9mocratie locale qui permet aux Ami\u00e9nois de proposer et de voter pour des projets d&rsquo;int\u00e9r\u00eat g\u00e9n\u00e9ral. Comment \u00e7a fonctionne ? On fait le point dans cet article. C&rsquo;est quoi ? La mairie d&rsquo;Amiens a lanc\u00e9 l&rsquo;\u00e9dition 2026 du Budget Participatif de la Ville un dispositif de d\u00e9mocratie locale qui permet aux Ami\u00e9nois de proposer et de voter pour des projets d&rsquo;int\u00e9r\u00eat g\u00e9n\u00e9ral qui sont destin\u00e9s \u00e0 l&rsquo;am\u00e9lioration du cadre de vie (environnement, solidarit\u00e9, jeunesse, etc.). ils est possible de d\u00e9poser ses id\u00e9es jusqu&rsquo;au 31 mai 2026 via le site d\u00e9di\u00e9. Qui peut participer ? Et comment voter ? Ensuite de juin \u00e0 octobre de la m\u00eame ann\u00e9e, une \u00e9tude de faisabilit\u00e9 technique et validation est r\u00e9alis\u00e9e par une commission citoyenne, puis les habitants peuvent voter en ligne via le site Je participe &#8211; Amiens \u00e0 partir d&rsquo;octobre jusqu&rsquo;\u00e0 novembre. Il faut ensuite attendre janvier 2027 pour voir la mise en \u0153uvre des projets laur\u00e9ats. Toute personne de plus de 16 ans peuvent y participer y compris dont le si\u00e8ge social est \u00e0 Amiens (limite de 2 projets par association). Quelles sont les conditions ? A savoir que pour \u00eatre \u00e9ligible, un projet doit respecter certaines conditions comme par exemple \u00eatre localis\u00e9 sur le territoire d&rsquo;Amiens, relever de l&rsquo;int\u00e9r\u00eat g\u00e9n\u00e9ral (profiter au plus grand nombre). Il doit \u00e9galement concerner uniquement des d\u00e9penses d&rsquo;investissement (am\u00e9nagements durables) ainsi que respecter les valeurs r\u00e9publicaines ne pas d\u00e9passer 100 000 euros par proposition. A savoir que la voirie, les parcours patrimoniaux, culturels ou comm\u00e9moratifs ne sont pas \u00e9ligibles. A NOTER : il est possible de consulter les r\u00e9alisations des ann\u00e9es pr\u00e9c\u00e9dentes sur le site jeparticipe.amiens.fr pour vous inspirer des projets d\u00e9j\u00e0 laur\u00e9ats (aires de jeux, jardins partag\u00e9s, etc.).<\/p>\n","protected":false},"author":6,"featured_media":12663,"comment_status":"open","ping_status":"open","sticky":false,"template":"","format":"standard","meta":{"_lmt_disableupdate":"","_lmt_disable":"","footnotes":""},"categories":[11],"tags":[],"class_list":["post-12662","post","type-post","status-publish","format-standard","has-post-thumbnail","hentry","category-amiens"],"yoast_head":"<!-- This site is optimized with the Yoast SEO plugin v27.5 - https:\/\/yoast.com\/product\/yoast-seo-wordpress\/ -->\n<title>Amiens : connaissez le budget participatif ? - Happyness Amiens<\/title>\n<meta name=\"description\" content=\"Participez \u00e0 l&#039;\u00e9dition 2026 du Budget Participatif d&#039;Amiens ! Proposez vos projets citoyens avant le 31 mai et votez pour am\u00e9liorer votre cadre de vie. Modalit\u00e9s, crit\u00e8res d&#039;\u00e9ligibilit\u00e9 et calendrier : d\u00e9couvrez comment agir pour votre ville.\" \/>\n<meta name=\"robots\" content=\"index, follow, max-snippet:-1, max-image-preview:large, max-video-preview:-1\" \/>\n<link rel=\"canonical\" href=\"https:\/\/happynessradio.fr\/amiens\/articles\/amiens-connaissez-le-budget-participatif\/\" \/>\n<meta property=\"og:locale\" content=\"fr_FR\" \/>\n<meta property=\"og:type\" content=\"article\" \/>\n<meta property=\"og:title\" content=\"Amiens : connaissez le budget participatif ? - Happyness Amiens\" \/>\n<meta property=\"og:description\" content=\"Participez \u00e0 l&#039;\u00e9dition 2026 du Budget Participatif d&#039;Amiens ! Proposez vos projets citoyens avant le 31 mai et votez pour am\u00e9liorer votre cadre de vie. Modalit\u00e9s, crit\u00e8res d&#039;\u00e9ligibilit\u00e9 et calendrier : d\u00e9couvrez comment agir pour votre ville.\" \/>\n<meta property=\"og:url\" content=\"https:\/\/happynessradio.fr\/amiens\/articles\/amiens-connaissez-le-budget-participatif\/\" \/>\n<meta property=\"og:site_name\" content=\"Happyness Amiens\" \/>\n<meta property=\"article:published_time\" content=\"2026-04-28T13:03:07+00:00\" \/>\n<meta property=\"article:modified_time\" content=\"2026-04-28T13:03:09+00:00\" \/>\n<meta property=\"og:image\" content=\"https:\/\/happynessradio.fr\/amiens\/wp-content\/uploads\/sites\/3\/2026\/04\/MockUp-Visuels-articles-61.webp\" \/>\n\t<meta property=\"og:image:width\" content=\"1083\" \/>\n\t<meta property=\"og:image:height\" content=\"486\" \/>\n\t<meta property=\"og:image:type\" content=\"image\/webp\" \/>\n<meta name=\"author\" content=\"Lo\u00efc Dun\" \/>\n<meta name=\"twitter:card\" content=\"summary_large_image\" \/>\n<meta name=\"twitter:label1\" content=\"\u00c9crit par\" \/>\n\t<meta name=\"twitter:data1\" content=\"Lo\u00efc Dun\" \/>\n\t<meta name=\"twitter:label2\" content=\"Dur\u00e9e de lecture estim\u00e9e\" \/>\n\t<meta name=\"twitter:data2\" content=\"2 minutes\" \/>\n<script type=\"application\/ld+json\" class=\"yoast-schema-graph\">{\"@context\":\"https:\\\/\\\/schema.org\",\"@graph\":[{\"@type\":\"Article\",\"@id\":\"https:\\\/\\\/happynessradio.fr\\\/amiens\\\/articles\\\/amiens-connaissez-le-budget-participatif\\\/#article\",\"isPartOf\":{\"@id\":\"https:\\\/\\\/happynessradio.fr\\\/amiens\\\/articles\\\/amiens-connaissez-le-budget-participatif\\\/\"},\"author\":{\"name\":\"Lo\u00efc Dun\",\"@id\":\"https:\\\/\\\/happynessradio.fr\\\/amiens\\\/#\\\/schema\\\/person\\\/735f1a1ba15f9478beb4249ad52f7252\"},\"headline\":\"Amiens : connaissez le budget participatif ?\",\"datePublished\":\"2026-04-28T13:03:07+00:00\",\"dateModified\":\"2026-04-28T13:03:09+00:00\",\"mainEntityOfPage\":{\"@id\":\"https:\\\/\\\/happynessradio.fr\\\/amiens\\\/articles\\\/amiens-connaissez-le-budget-participatif\\\/\"},\"wordCount\":343,\"commentCount\":0,\"image\":{\"@id\":\"https:\\\/\\\/happynessradio.fr\\\/amiens\\\/articles\\\/amiens-connaissez-le-budget-participatif\\\/#primaryimage\"},\"thumbnailUrl\":\"https:\\\/\\\/happynessradio.fr\\\/amiens\\\/wp-content\\\/uploads\\\/sites\\\/3\\\/2026\\\/04\\\/MockUp-Visuels-articles-61.webp\",\"articleSection\":[\"Amiens\"],\"inLanguage\":\"fr-FR\",\"potentialAction\":[{\"@type\":\"CommentAction\",\"name\":\"Comment\",\"target\":[\"https:\\\/\\\/happynessradio.fr\\\/amiens\\\/articles\\\/amiens-connaissez-le-budget-participatif\\\/#respond\"]}]},{\"@type\":\"WebPage\",\"@id\":\"https:\\\/\\\/happynessradio.fr\\\/amiens\\\/articles\\\/amiens-connaissez-le-budget-participatif\\\/\",\"url\":\"https:\\\/\\\/happynessradio.fr\\\/amiens\\\/articles\\\/amiens-connaissez-le-budget-participatif\\\/\",\"name\":\"Amiens : connaissez le budget participatif ? - Happyness Amiens\",\"isPartOf\":{\"@id\":\"https:\\\/\\\/happynessradio.fr\\\/amiens\\\/#website\"},\"primaryImageOfPage\":{\"@id\":\"https:\\\/\\\/happynessradio.fr\\\/amiens\\\/articles\\\/amiens-connaissez-le-budget-participatif\\\/#primaryimage\"},\"image\":{\"@id\":\"https:\\\/\\\/happynessradio.fr\\\/amiens\\\/articles\\\/amiens-connaissez-le-budget-participatif\\\/#primaryimage\"},\"thumbnailUrl\":\"https:\\\/\\\/happynessradio.fr\\\/amiens\\\/wp-content\\\/uploads\\\/sites\\\/3\\\/2026\\\/04\\\/MockUp-Visuels-articles-61.webp\",\"datePublished\":\"2026-04-28T13:03:07+00:00\",\"dateModified\":\"2026-04-28T13:03:09+00:00\",\"author\":{\"@id\":\"https:\\\/\\\/happynessradio.fr\\\/amiens\\\/#\\\/schema\\\/person\\\/735f1a1ba15f9478beb4249ad52f7252\"},\"description\":\"Participez \u00e0 l'\u00e9dition 2026 du Budget Participatif d'Amiens ! Proposez vos projets citoyens avant le 31 mai et votez pour am\u00e9liorer votre cadre de vie. Modalit\u00e9s, crit\u00e8res d'\u00e9ligibilit\u00e9 et calendrier : d\u00e9couvrez comment agir pour votre ville.\",\"breadcrumb\":{\"@id\":\"https:\\\/\\\/happynessradio.fr\\\/amiens\\\/articles\\\/amiens-connaissez-le-budget-participatif\\\/#breadcrumb\"},\"inLanguage\":\"fr-FR\",\"potentialAction\":[{\"@type\":\"ReadAction\",\"target\":[\"https:\\\/\\\/happynessradio.fr\\\/amiens\\\/articles\\\/amiens-connaissez-le-budget-participatif\\\/\"]}]},{\"@type\":\"ImageObject\",\"inLanguage\":\"fr-FR\",\"@id\":\"https:\\\/\\\/happynessradio.fr\\\/amiens\\\/articles\\\/amiens-connaissez-le-budget-participatif\\\/#primaryimage\",\"url\":\"https:\\\/\\\/happynessradio.fr\\\/amiens\\\/wp-content\\\/uploads\\\/sites\\\/3\\\/2026\\\/04\\\/MockUp-Visuels-articles-61.webp\",\"contentUrl\":\"https:\\\/\\\/happynessradio.fr\\\/amiens\\\/wp-content\\\/uploads\\\/sites\\\/3\\\/2026\\\/04\\\/MockUp-Visuels-articles-61.webp\",\"width\":1083,\"height\":486,\"caption\":\"Gros plan sur la main d'une personne utilisant une souris d'ordinateur sur un bureau, avec un carnet ouvert en arri\u00e8re-plan flou. Des formes g\u00e9om\u00e9triques rouges encadrent les coins de l'image.\"},{\"@type\":\"BreadcrumbList\",\"@id\":\"https:\\\/\\\/happynessradio.fr\\\/amiens\\\/articles\\\/amiens-connaissez-le-budget-participatif\\\/#breadcrumb\",\"itemListElement\":[{\"@type\":\"ListItem\",\"position\":1,\"name\":\"Accueil\",\"item\":\"https:\\\/\\\/happynessradio.fr\\\/amiens\\\/\"},{\"@type\":\"ListItem\",\"position\":2,\"name\":\"Amiens : connaissez le budget participatif ?\"}]},{\"@type\":\"WebSite\",\"@id\":\"https:\\\/\\\/happynessradio.fr\\\/amiens\\\/#website\",\"url\":\"https:\\\/\\\/happynessradio.fr\\\/amiens\\\/\",\"name\":\"Happyness Amiens\",\"description\":\"Toujours au plus proche de vous\",\"potentialAction\":[{\"@type\":\"SearchAction\",\"target\":{\"@type\":\"EntryPoint\",\"urlTemplate\":\"https:\\\/\\\/happynessradio.fr\\\/amiens\\\/?s={search_term_string}\"},\"query-input\":{\"@type\":\"PropertyValueSpecification\",\"valueRequired\":true,\"valueName\":\"search_term_string\"}}],\"inLanguage\":\"fr-FR\"},{\"@type\":\"Person\",\"@id\":\"https:\\\/\\\/happynessradio.fr\\\/amiens\\\/#\\\/schema\\\/person\\\/735f1a1ba15f9478beb4249ad52f7252\",\"name\":\"Lo\u00efc Dun\",\"image\":{\"@type\":\"ImageObject\",\"inLanguage\":\"fr-FR\",\"@id\":\"https:\\\/\\\/happynessradio.fr\\\/amiens\\\/wp-content\\\/uploads\\\/sites\\\/3\\\/2025\\\/12\\\/cropped-Portrait-Loic-25-26-96x96.webp\",\"url\":\"https:\\\/\\\/happynessradio.fr\\\/amiens\\\/wp-content\\\/uploads\\\/sites\\\/3\\\/2025\\\/12\\\/cropped-Portrait-Loic-25-26-96x96.webp\",\"contentUrl\":\"https:\\\/\\\/happynessradio.fr\\\/amiens\\\/wp-content\\\/uploads\\\/sites\\\/3\\\/2025\\\/12\\\/cropped-Portrait-Loic-25-26-96x96.webp\",\"caption\":\"Lo\u00efc Dun\"},\"description\":\"R\u00e9dacteur web Happyness. Co-animateur (chroniqueur) Quoi d'neuf ? Amiens Chroniqueur Le R\u00e9veil Happyness\",\"sameAs\":[\"https:\\\/\\\/www.instagram.com\\\/lolo80radio\\\/\",\"https:\\\/\\\/www.linkedin.com\\\/in\\\/loc-d-365960164\\\/\"],\"url\":\"https:\\\/\\\/happynessradio.fr\\\/amiens\\\/articles\\\/author\\\/loicdun\\\/\"}]}<\/script>\n<!-- \/ Yoast SEO plugin. -->","yoast_head_json":{"title":"Amiens : connaissez le budget participatif ? - Happyness Amiens","description":"Participez \u00e0 l'\u00e9dition 2026 du Budget Participatif d'Amiens ! Proposez vos projets citoyens avant le 31 mai et votez pour am\u00e9liorer votre cadre de vie. Modalit\u00e9s, crit\u00e8res d'\u00e9ligibilit\u00e9 et calendrier : d\u00e9couvrez comment agir pour votre ville.","robots":{"index":"index","follow":"follow","max-snippet":"max-snippet:-1","max-image-preview":"max-image-preview:large","max-video-preview":"max-video-preview:-1"},"canonical":"https:\/\/happynessradio.fr\/amiens\/articles\/amiens-connaissez-le-budget-participatif\/","og_locale":"fr_FR","og_type":"article","og_title":"Amiens : connaissez le budget participatif ? - Happyness Amiens","og_description":"Participez \u00e0 l'\u00e9dition 2026 du Budget Participatif d'Amiens ! Proposez vos projets citoyens avant le 31 mai et votez pour am\u00e9liorer votre cadre de vie. Modalit\u00e9s, crit\u00e8res d'\u00e9ligibilit\u00e9 et calendrier : d\u00e9couvrez comment agir pour votre ville.","og_url":"https:\/\/happynessradio.fr\/amiens\/articles\/amiens-connaissez-le-budget-participatif\/","og_site_name":"Happyness Amiens","article_published_time":"2026-04-28T13:03:07+00:00","article_modified_time":"2026-04-28T13:03:09+00:00","og_image":[{"width":1083,"height":486,"url":"https:\/\/happynessradio.fr\/amiens\/wp-content\/uploads\/sites\/3\/2026\/04\/MockUp-Visuels-articles-61.webp","type":"image\/webp"}],"author":"Lo\u00efc Dun","twitter_card":"summary_large_image","twitter_misc":{"\u00c9crit par":"Lo\u00efc Dun","Dur\u00e9e de lecture estim\u00e9e":"2 minutes"},"schema":{"@context":"https:\/\/schema.org","@graph":[{"@type":"Article","@id":"https:\/\/happynessradio.fr\/amiens\/articles\/amiens-connaissez-le-budget-participatif\/#article","isPartOf":{"@id":"https:\/\/happynessradio.fr\/amiens\/articles\/amiens-connaissez-le-budget-participatif\/"},"author":{"name":"Lo\u00efc Dun","@id":"https:\/\/happynessradio.fr\/amiens\/#\/schema\/person\/735f1a1ba15f9478beb4249ad52f7252"},"headline":"Amiens : connaissez le budget participatif ?","datePublished":"2026-04-28T13:03:07+00:00","dateModified":"2026-04-28T13:03:09+00:00","mainEntityOfPage":{"@id":"https:\/\/happynessradio.fr\/amiens\/articles\/amiens-connaissez-le-budget-participatif\/"},"wordCount":343,"commentCount":0,"image":{"@id":"https:\/\/happynessradio.fr\/amiens\/articles\/amiens-connaissez-le-budget-participatif\/#primaryimage"},"thumbnailUrl":"https:\/\/happynessradio.fr\/amiens\/wp-content\/uploads\/sites\/3\/2026\/04\/MockUp-Visuels-articles-61.webp","articleSection":["Amiens"],"inLanguage":"fr-FR","potentialAction":[{"@type":"CommentAction","name":"Comment","target":["https:\/\/happynessradio.fr\/amiens\/articles\/amiens-connaissez-le-budget-participatif\/#respond"]}]},{"@type":"WebPage","@id":"https:\/\/happynessradio.fr\/amiens\/articles\/amiens-connaissez-le-budget-participatif\/","url":"https:\/\/happynessradio.fr\/amiens\/articles\/amiens-connaissez-le-budget-participatif\/","name":"Amiens : connaissez le budget participatif ? - Happyness Amiens","isPartOf":{"@id":"https:\/\/happynessradio.fr\/amiens\/#website"},"primaryImageOfPage":{"@id":"https:\/\/happynessradio.fr\/amiens\/articles\/amiens-connaissez-le-budget-participatif\/#primaryimage"},"image":{"@id":"https:\/\/happynessradio.fr\/amiens\/articles\/amiens-connaissez-le-budget-participatif\/#primaryimage"},"thumbnailUrl":"https:\/\/happynessradio.fr\/amiens\/wp-content\/uploads\/sites\/3\/2026\/04\/MockUp-Visuels-articles-61.webp","datePublished":"2026-04-28T13:03:07+00:00","dateModified":"2026-04-28T13:03:09+00:00","author":{"@id":"https:\/\/happynessradio.fr\/amiens\/#\/schema\/person\/735f1a1ba15f9478beb4249ad52f7252"},"description":"Participez \u00e0 l'\u00e9dition 2026 du Budget Participatif d'Amiens ! Proposez vos projets citoyens avant le 31 mai et votez pour am\u00e9liorer votre cadre de vie. Modalit\u00e9s, crit\u00e8res d'\u00e9ligibilit\u00e9 et calendrier : d\u00e9couvrez comment agir pour votre ville.","breadcrumb":{"@id":"https:\/\/happynessradio.fr\/amiens\/articles\/amiens-connaissez-le-budget-participatif\/#breadcrumb"},"inLanguage":"fr-FR","potentialAction":[{"@type":"ReadAction","target":["https:\/\/happynessradio.fr\/amiens\/articles\/amiens-connaissez-le-budget-participatif\/"]}]},{"@type":"ImageObject","inLanguage":"fr-FR","@id":"https:\/\/happynessradio.fr\/amiens\/articles\/amiens-connaissez-le-budget-participatif\/#primaryimage","url":"https:\/\/happynessradio.fr\/amiens\/wp-content\/uploads\/sites\/3\/2026\/04\/MockUp-Visuels-articles-61.webp","contentUrl":"https:\/\/happynessradio.fr\/amiens\/wp-content\/uploads\/sites\/3\/2026\/04\/MockUp-Visuels-articles-61.webp","width":1083,"height":486,"caption":"Gros plan sur la main d'une personne utilisant une souris d'ordinateur sur un bureau, avec un carnet ouvert en arri\u00e8re-plan flou. Des formes g\u00e9om\u00e9triques rouges encadrent les coins de l'image."},{"@type":"BreadcrumbList","@id":"https:\/\/happynessradio.fr\/amiens\/articles\/amiens-connaissez-le-budget-participatif\/#breadcrumb","itemListElement":[{"@type":"ListItem","position":1,"name":"Accueil","item":"https:\/\/happynessradio.fr\/amiens\/"},{"@type":"ListItem","position":2,"name":"Amiens : connaissez le budget participatif ?"}]},{"@type":"WebSite","@id":"https:\/\/happynessradio.fr\/amiens\/#website","url":"https:\/\/happynessradio.fr\/amiens\/","name":"Happyness Amiens","description":"Toujours au plus proche de vous","potentialAction":[{"@type":"SearchAction","target":{"@type":"EntryPoint","urlTemplate":"https:\/\/happynessradio.fr\/amiens\/?s={search_term_string}"},"query-input":{"@type":"PropertyValueSpecification","valueRequired":true,"valueName":"search_term_string"}}],"inLanguage":"fr-FR"},{"@type":"Person","@id":"https:\/\/happynessradio.fr\/amiens\/#\/schema\/person\/735f1a1ba15f9478beb4249ad52f7252","name":"Lo\u00efc Dun","image":{"@type":"ImageObject","inLanguage":"fr-FR","@id":"https:\/\/happynessradio.fr\/amiens\/wp-content\/uploads\/sites\/3\/2025\/12\/cropped-Portrait-Loic-25-26-96x96.webp","url":"https:\/\/happynessradio.fr\/amiens\/wp-content\/uploads\/sites\/3\/2025\/12\/cropped-Portrait-Loic-25-26-96x96.webp","contentUrl":"https:\/\/happynessradio.fr\/amiens\/wp-content\/uploads\/sites\/3\/2025\/12\/cropped-Portrait-Loic-25-26-96x96.webp","caption":"Lo\u00efc Dun"},"description":"R\u00e9dacteur web Happyness. Co-animateur (chroniqueur) Quoi d'neuf ? Amiens Chroniqueur Le R\u00e9veil Happyness","sameAs":["https:\/\/www.instagram.com\/lolo80radio\/","https:\/\/www.linkedin.com\/in\/loc-d-365960164\/"],"url":"https:\/\/happynessradio.fr\/amiens\/articles\/author\/loicdun\/"}]}},"modified_by":"Lo\u00efc Dun","_links":{"self":[{"href":"https:\/\/happynessradio.fr\/amiens\/wp-json\/wp\/v2\/posts\/12662","targetHints":{"allow":["GET"]}}],"collection":[{"href":"https:\/\/happynessradio.fr\/amiens\/wp-json\/wp\/v2\/posts"}],"about":[{"href":"https:\/\/happynessradio.fr\/amiens\/wp-json\/wp\/v2\/types\/post"}],"author":[{"embeddable":true,"href":"https:\/\/happynessradio.fr\/amiens\/wp-json\/wp\/v2\/users\/6"}],"replies":[{"embeddable":true,"href":"https:\/\/happynessradio.fr\/amiens\/wp-json\/wp\/v2\/comments?post=12662"}],"version-history":[{"count":1,"href":"https:\/\/happynessradio.fr\/amiens\/wp-json\/wp\/v2\/posts\/12662\/revisions"}],"predecessor-version":[{"id":12664,"href":"https:\/\/happynessradio.fr\/amiens\/wp-json\/wp\/v2\/posts\/12662\/revisions\/12664"}],"wp:featuredmedia":[{"embeddable":true,"href":"https:\/\/happynessradio.fr\/amiens\/wp-json\/wp\/v2\/media\/12663"}],"wp:attachment":[{"href":"https:\/\/happynessradio.fr\/amiens\/wp-json\/wp\/v2\/media?parent=12662"}],"wp:term":[{"taxonomy":"category","embeddable":true,"href":"https:\/\/happynessradio.fr\/amiens\/wp-json\/wp\/v2\/categories?post=12662"},{"taxonomy":"post_tag","embeddable":true,"href":"https:\/\/happynessradio.fr\/amiens\/wp-json\/wp\/v2\/tags?post=12662"}],"curies":[{"name":"wp","href":"https:\/\/api.w.org\/{rel}","templated":true}]}}