{"id":12669,"date":"2026-04-29T18:32:10","date_gmt":"2026-04-29T16:32:10","guid":{"rendered":"https:\/\/happynessradio.fr\/amiens\/?p=12669"},"modified":"2026-04-29T18:32:11","modified_gmt":"2026-04-29T16:32:11","slug":"amiens-ouverture-des-inscriptions-en-accueil-de-loisirs-et-au-caj-pour-lete-2026","status":"publish","type":"post","link":"https:\/\/happynessradio.fr\/amiens\/articles\/amiens-ouverture-des-inscriptions-en-accueil-de-loisirs-et-au-caj-pour-lete-2026\/","title":{"rendered":"Amiens : ouverture des inscriptions en accueil de loisirs et au CAJ pour l&rsquo;\u00e9t\u00e9 2026"},"content":{"rendered":"\n<p><em>La mairie d&rsquo;Amiens a ouvert les inscriptions en accueil de loisirs et centre d\u2019animation jeunesse \u00e0 Amiens pour l&rsquo;\u00e9t\u00e9 2026 depuis le lundi 27 avril jusqu&rsquo;au samedi 27 juin. Comment proc\u00e9der ? On vous dit tout dans cet article de la r\u00e9daction d&rsquo;Happyness. <\/em><\/p>\n\n\n\n<h2 class=\"wp-block-heading\">La p\u00e9riode pour les inscriptions <\/h2>\n\n\n\n<p><a href=\"\/Users\/loicd\/Downloads\/Calendrier+inscriptions+A4+e%CC%81te%CC%81+2026.pdf\" id=\"file:\/\/\/C:\/Users\/loicd\/Downloads\/Calendrier+inscriptions+A4+e%CC%81te%CC%81+2026.pdf\">Les inscriptions en accueil de loisirs et centre d\u2019animation jeunesse<\/a> \u00e0 Amiens pour l&rsquo;\u00e9t\u00e9 2026 sont ouvertes depuis le lundi 27 avril et jusqu&rsquo;au samedi 27 juin 2026. Les jeunes seront accueillis Du 6 au 31 juillet et du 3 au 21 ou 28 ao\u00fbt (selon les centres). Les tranches d&rsquo;\u00e2ges vont de 3 \u00e0 6 ans (ou moins de 3 ans si scolaris\u00e9s en 2025\/2026), 6 \u00e0 12 ans et 12 \u00e0 17 ans. <\/p>\n\n\n\n<h2 class=\"wp-block-heading\">Comment proc\u00e9der ?<\/h2>\n\n\n\n<p>Il suffit de se rendre sur le <a href=\"https:\/\/portail-citoyen.amiens.fr\/\" id=\"https:\/\/portail-citoyen.amiens.fr\/\">site internet d\u00e9di\u00e9<\/a> ou bien se rendre sur place \u00e0 l&rsquo;H\u00f4tel de Ville ou dans l&rsquo;une des diff\u00e9rentes <a href=\"https:\/\/www.amiens.fr\/Institutions\/Que-fait-la-Ville-pour-vous\/Mairies-d-Amiens\" id=\"https:\/\/www.amiens.fr\/Institutions\/Que-fait-la-Ville-pour-vous\/Mairies-d-Amiens\">mairies de secteur<\/a> (Pierre Rollin, Atrium, chauss\u00e9e Jules Ferry, avenue du Pays d&rsquo;Auge). A noter que si votre enfant n&rsquo;a pas fr\u00e9quent\u00e9 de structure au cours l&rsquo;ann\u00e9e scolaire 2025\/2026, un passage en mairie de secteur ou une d\u00e9marche compl\u00e8te sur le portail famille pour constituer le dossier est par ailleurs n\u00e9cessaire. <\/p>\n\n\n\n<h2 class=\"wp-block-heading\">Le calcul du Quotient Familial Individuel<\/h2>\n\n\n\n<p>Concernant le calcul du Quotient Familial Individuel (Q.F.I), il faut pr\u00e9voir notamment, une attestation de paiement de la<a href=\"https:\/\/connect.caf.fr\/connexionappli\/dist\/?forceReload=20250610&amp;contexteAppel=caffr&amp;urlredirect=%2Fwps%2Fmyportal%2Fcaffr#\/login\" id=\"https:\/\/connect.caf.fr\/connexionappli\/dist\/?forceReload=20250610&amp;contexteAppel=caffr&amp;urlredirect=%2Fwps%2Fmyportal%2Fcaffr#\/login\"> CAF<\/a>, <a href=\"https:\/\/portail-citoyen.amiens.fr\/hors-navigation\/copie-ou-extrait-dacte-de-letat-civil-na\/\" id=\"https:\/\/portail-citoyen.amiens.fr\/hors-navigation\/copie-ou-extrait-dacte-de-letat-civil-na\/\">le livret de famille ou acte de naissance<\/a>, sans oublier un justificatif de domicile de moins de 3 mois et le  dernier avis d&rsquo;imposition (2025 sur revenus 2024).<\/p>\n\n\n\n<p><\/p>\n\n\n\n<p> <\/p>\n\n\n\n<p><\/p>\n","protected":false},"excerpt":{"rendered":"<p>La mairie d&rsquo;Amiens a ouvert les inscriptions en accueil de loisirs et centre d\u2019animation jeunesse \u00e0 Amiens pour l&rsquo;\u00e9t\u00e9 2026 depuis le lundi 27 avril jusqu&rsquo;au samedi 27 juin. Comment proc\u00e9der ? On vous dit tout dans cet article de la r\u00e9daction d&rsquo;Happyness. La p\u00e9riode pour les inscriptions Les inscriptions en accueil de loisirs et centre d\u2019animation jeunesse \u00e0 Amiens pour l&rsquo;\u00e9t\u00e9 2026 sont ouvertes depuis le lundi 27 avril et jusqu&rsquo;au samedi 27 juin 2026. Les jeunes seront accueillis Du 6 au 31 juillet et du 3 au 21 ou 28 ao\u00fbt (selon les centres). Les tranches d&rsquo;\u00e2ges vont de 3 \u00e0 6 ans (ou moins de 3 ans si scolaris\u00e9s en 2025\/2026), 6 \u00e0 12 ans et 12 \u00e0 17 ans. Comment proc\u00e9der ? Il suffit de se rendre sur le site internet d\u00e9di\u00e9 ou bien se rendre sur place \u00e0 l&rsquo;H\u00f4tel de Ville ou dans l&rsquo;une des diff\u00e9rentes mairies de secteur (Pierre Rollin, Atrium, chauss\u00e9e Jules Ferry, avenue du Pays d&rsquo;Auge). A noter que si votre enfant n&rsquo;a pas fr\u00e9quent\u00e9 de structure au cours l&rsquo;ann\u00e9e scolaire 2025\/2026, un passage en mairie de secteur ou une d\u00e9marche compl\u00e8te sur le portail famille pour constituer le dossier est par ailleurs n\u00e9cessaire. Le calcul du Quotient Familial Individuel Concernant le calcul du Quotient Familial Individuel (Q.F.I), il faut pr\u00e9voir notamment, une attestation de paiement de la CAF, le livret de famille ou acte de naissance, sans oublier un justificatif de domicile de moins de 3 mois et le dernier avis d&rsquo;imposition (2025 sur revenus 2024).<\/p>\n","protected":false},"author":6,"featured_media":12670,"comment_status":"open","ping_status":"open","sticky":false,"template":"","format":"standard","meta":{"_lmt_disableupdate":"","_lmt_disable":"","footnotes":""},"categories":[11],"tags":[],"class_list":["post-12669","post","type-post","status-publish","format-standard","has-post-thumbnail","hentry","category-amiens"],"yoast_head":"<!-- This site is optimized with the Yoast SEO plugin v27.5 - https:\/\/yoast.com\/product\/yoast-seo-wordpress\/ -->\n<title>Amiens : ouverture des inscriptions en accueil de loisirs et au CAJ pour l&#039;\u00e9t\u00e9 2026 - Happyness Amiens<\/title>\n<meta name=\"description\" content=\"Les inscriptions pour les accueils de loisirs et centres d\u2019animation jeunesse \u00e0 Amiens pour l&#039;\u00e9t\u00e9 2026 sont ouvertes ! Dates, tranches d&#039;\u00e2ge et d\u00e9marches : d\u00e9couvrez comment inscrire vos enfants avant le 27 juin.\" \/>\n<meta name=\"robots\" content=\"index, follow, max-snippet:-1, max-image-preview:large, max-video-preview:-1\" \/>\n<link rel=\"canonical\" href=\"https:\/\/happynessradio.fr\/amiens\/articles\/amiens-ouverture-des-inscriptions-en-accueil-de-loisirs-et-au-caj-pour-lete-2026\/\" \/>\n<meta property=\"og:locale\" content=\"fr_FR\" \/>\n<meta property=\"og:type\" content=\"article\" \/>\n<meta property=\"og:title\" content=\"Amiens : ouverture des inscriptions en accueil de loisirs et au CAJ pour l&#039;\u00e9t\u00e9 2026 - Happyness Amiens\" \/>\n<meta property=\"og:description\" content=\"Les inscriptions pour les accueils de loisirs et centres d\u2019animation jeunesse \u00e0 Amiens pour l&#039;\u00e9t\u00e9 2026 sont ouvertes ! Dates, tranches d&#039;\u00e2ge et d\u00e9marches : d\u00e9couvrez comment inscrire vos enfants avant le 27 juin.\" \/>\n<meta property=\"og:url\" content=\"https:\/\/happynessradio.fr\/amiens\/articles\/amiens-ouverture-des-inscriptions-en-accueil-de-loisirs-et-au-caj-pour-lete-2026\/\" \/>\n<meta property=\"og:site_name\" content=\"Happyness Amiens\" \/>\n<meta property=\"article:published_time\" content=\"2026-04-29T16:32:10+00:00\" \/>\n<meta property=\"article:modified_time\" content=\"2026-04-29T16:32:11+00:00\" \/>\n<meta property=\"og:image\" content=\"https:\/\/happynessradio.fr\/amiens\/wp-content\/uploads\/sites\/3\/2026\/04\/MockUp-Visuels-articles-63.webp\" \/>\n\t<meta property=\"og:image:width\" content=\"1083\" \/>\n\t<meta property=\"og:image:height\" content=\"486\" \/>\n\t<meta property=\"og:image:type\" content=\"image\/webp\" \/>\n<meta name=\"author\" content=\"Lo\u00efc Dun\" \/>\n<meta name=\"twitter:card\" content=\"summary_large_image\" \/>\n<meta name=\"twitter:label1\" content=\"\u00c9crit par\" \/>\n\t<meta name=\"twitter:data1\" content=\"Lo\u00efc Dun\" \/>\n\t<meta name=\"twitter:label2\" content=\"Dur\u00e9e de lecture estim\u00e9e\" \/>\n\t<meta name=\"twitter:data2\" content=\"2 minutes\" \/>\n<script type=\"application\/ld+json\" class=\"yoast-schema-graph\">{\"@context\":\"https:\\\/\\\/schema.org\",\"@graph\":[{\"@type\":\"Article\",\"@id\":\"https:\\\/\\\/happynessradio.fr\\\/amiens\\\/articles\\\/amiens-ouverture-des-inscriptions-en-accueil-de-loisirs-et-au-caj-pour-lete-2026\\\/#article\",\"isPartOf\":{\"@id\":\"https:\\\/\\\/happynessradio.fr\\\/amiens\\\/articles\\\/amiens-ouverture-des-inscriptions-en-accueil-de-loisirs-et-au-caj-pour-lete-2026\\\/\"},\"author\":{\"name\":\"Lo\u00efc Dun\",\"@id\":\"https:\\\/\\\/happynessradio.fr\\\/amiens\\\/#\\\/schema\\\/person\\\/735f1a1ba15f9478beb4249ad52f7252\"},\"headline\":\"Amiens : ouverture des inscriptions en accueil de loisirs et au CAJ pour l&rsquo;\u00e9t\u00e9 2026\",\"datePublished\":\"2026-04-29T16:32:10+00:00\",\"dateModified\":\"2026-04-29T16:32:11+00:00\",\"mainEntityOfPage\":{\"@id\":\"https:\\\/\\\/happynessradio.fr\\\/amiens\\\/articles\\\/amiens-ouverture-des-inscriptions-en-accueil-de-loisirs-et-au-caj-pour-lete-2026\\\/\"},\"wordCount\":270,\"commentCount\":0,\"image\":{\"@id\":\"https:\\\/\\\/happynessradio.fr\\\/amiens\\\/articles\\\/amiens-ouverture-des-inscriptions-en-accueil-de-loisirs-et-au-caj-pour-lete-2026\\\/#primaryimage\"},\"thumbnailUrl\":\"https:\\\/\\\/happynessradio.fr\\\/amiens\\\/wp-content\\\/uploads\\\/sites\\\/3\\\/2026\\\/04\\\/MockUp-Visuels-articles-63.webp\",\"articleSection\":[\"Amiens\"],\"inLanguage\":\"fr-FR\",\"potentialAction\":[{\"@type\":\"CommentAction\",\"name\":\"Comment\",\"target\":[\"https:\\\/\\\/happynessradio.fr\\\/amiens\\\/articles\\\/amiens-ouverture-des-inscriptions-en-accueil-de-loisirs-et-au-caj-pour-lete-2026\\\/#respond\"]}]},{\"@type\":\"WebPage\",\"@id\":\"https:\\\/\\\/happynessradio.fr\\\/amiens\\\/articles\\\/amiens-ouverture-des-inscriptions-en-accueil-de-loisirs-et-au-caj-pour-lete-2026\\\/\",\"url\":\"https:\\\/\\\/happynessradio.fr\\\/amiens\\\/articles\\\/amiens-ouverture-des-inscriptions-en-accueil-de-loisirs-et-au-caj-pour-lete-2026\\\/\",\"name\":\"Amiens : ouverture des inscriptions en accueil de loisirs et au CAJ pour l'\u00e9t\u00e9 2026 - Happyness Amiens\",\"isPartOf\":{\"@id\":\"https:\\\/\\\/happynessradio.fr\\\/amiens\\\/#website\"},\"primaryImageOfPage\":{\"@id\":\"https:\\\/\\\/happynessradio.fr\\\/amiens\\\/articles\\\/amiens-ouverture-des-inscriptions-en-accueil-de-loisirs-et-au-caj-pour-lete-2026\\\/#primaryimage\"},\"image\":{\"@id\":\"https:\\\/\\\/happynessradio.fr\\\/amiens\\\/articles\\\/amiens-ouverture-des-inscriptions-en-accueil-de-loisirs-et-au-caj-pour-lete-2026\\\/#primaryimage\"},\"thumbnailUrl\":\"https:\\\/\\\/happynessradio.fr\\\/amiens\\\/wp-content\\\/uploads\\\/sites\\\/3\\\/2026\\\/04\\\/MockUp-Visuels-articles-63.webp\",\"datePublished\":\"2026-04-29T16:32:10+00:00\",\"dateModified\":\"2026-04-29T16:32:11+00:00\",\"author\":{\"@id\":\"https:\\\/\\\/happynessradio.fr\\\/amiens\\\/#\\\/schema\\\/person\\\/735f1a1ba15f9478beb4249ad52f7252\"},\"description\":\"Les inscriptions pour les accueils de loisirs et centres d\u2019animation jeunesse \u00e0 Amiens pour l'\u00e9t\u00e9 2026 sont ouvertes ! Dates, tranches d'\u00e2ge et d\u00e9marches : d\u00e9couvrez comment inscrire vos enfants avant le 27 juin.\",\"breadcrumb\":{\"@id\":\"https:\\\/\\\/happynessradio.fr\\\/amiens\\\/articles\\\/amiens-ouverture-des-inscriptions-en-accueil-de-loisirs-et-au-caj-pour-lete-2026\\\/#breadcrumb\"},\"inLanguage\":\"fr-FR\",\"potentialAction\":[{\"@type\":\"ReadAction\",\"target\":[\"https:\\\/\\\/happynessradio.fr\\\/amiens\\\/articles\\\/amiens-ouverture-des-inscriptions-en-accueil-de-loisirs-et-au-caj-pour-lete-2026\\\/\"]}]},{\"@type\":\"ImageObject\",\"inLanguage\":\"fr-FR\",\"@id\":\"https:\\\/\\\/happynessradio.fr\\\/amiens\\\/articles\\\/amiens-ouverture-des-inscriptions-en-accueil-de-loisirs-et-au-caj-pour-lete-2026\\\/#primaryimage\",\"url\":\"https:\\\/\\\/happynessradio.fr\\\/amiens\\\/wp-content\\\/uploads\\\/sites\\\/3\\\/2026\\\/04\\\/MockUp-Visuels-articles-63.webp\",\"contentUrl\":\"https:\\\/\\\/happynessradio.fr\\\/amiens\\\/wp-content\\\/uploads\\\/sites\\\/3\\\/2026\\\/04\\\/MockUp-Visuels-articles-63.webp\",\"width\":1083,\"height\":486,\"caption\":\"Une sc\u00e8ne dynamique montrant plusieurs personnes jouant au badminton dans un parc verdoyant. Au premier plan, un homme en mouvement s'appr\u00eate \u00e0 frapper le volant avec sa raquette. D'autres joueurs, hommes et femmes de diff\u00e9rents \u00e2ges, sont r\u00e9partis de l'autre c\u00f4t\u00e9 du filet sur un terrain en plein air entour\u00e9 de grands arbres.\"},{\"@type\":\"BreadcrumbList\",\"@id\":\"https:\\\/\\\/happynessradio.fr\\\/amiens\\\/articles\\\/amiens-ouverture-des-inscriptions-en-accueil-de-loisirs-et-au-caj-pour-lete-2026\\\/#breadcrumb\",\"itemListElement\":[{\"@type\":\"ListItem\",\"position\":1,\"name\":\"Accueil\",\"item\":\"https:\\\/\\\/happynessradio.fr\\\/amiens\\\/\"},{\"@type\":\"ListItem\",\"position\":2,\"name\":\"Amiens : ouverture des inscriptions en accueil de loisirs et au CAJ pour l&rsquo;\u00e9t\u00e9 2026\"}]},{\"@type\":\"WebSite\",\"@id\":\"https:\\\/\\\/happynessradio.fr\\\/amiens\\\/#website\",\"url\":\"https:\\\/\\\/happynessradio.fr\\\/amiens\\\/\",\"name\":\"Happyness Amiens\",\"description\":\"Toujours au plus proche de vous\",\"potentialAction\":[{\"@type\":\"SearchAction\",\"target\":{\"@type\":\"EntryPoint\",\"urlTemplate\":\"https:\\\/\\\/happynessradio.fr\\\/amiens\\\/?s={search_term_string}\"},\"query-input\":{\"@type\":\"PropertyValueSpecification\",\"valueRequired\":true,\"valueName\":\"search_term_string\"}}],\"inLanguage\":\"fr-FR\"},{\"@type\":\"Person\",\"@id\":\"https:\\\/\\\/happynessradio.fr\\\/amiens\\\/#\\\/schema\\\/person\\\/735f1a1ba15f9478beb4249ad52f7252\",\"name\":\"Lo\u00efc Dun\",\"image\":{\"@type\":\"ImageObject\",\"inLanguage\":\"fr-FR\",\"@id\":\"https:\\\/\\\/happynessradio.fr\\\/amiens\\\/wp-content\\\/uploads\\\/sites\\\/3\\\/2025\\\/12\\\/cropped-Portrait-Loic-25-26-96x96.webp\",\"url\":\"https:\\\/\\\/happynessradio.fr\\\/amiens\\\/wp-content\\\/uploads\\\/sites\\\/3\\\/2025\\\/12\\\/cropped-Portrait-Loic-25-26-96x96.webp\",\"contentUrl\":\"https:\\\/\\\/happynessradio.fr\\\/amiens\\\/wp-content\\\/uploads\\\/sites\\\/3\\\/2025\\\/12\\\/cropped-Portrait-Loic-25-26-96x96.webp\",\"caption\":\"Lo\u00efc Dun\"},\"description\":\"R\u00e9dacteur web Happyness. Co-animateur (chroniqueur) Quoi d'neuf ? Amiens Chroniqueur Le R\u00e9veil Happyness\",\"sameAs\":[\"https:\\\/\\\/www.instagram.com\\\/lolo80radio\\\/\",\"https:\\\/\\\/www.linkedin.com\\\/in\\\/loc-d-365960164\\\/\"],\"url\":\"https:\\\/\\\/happynessradio.fr\\\/amiens\\\/articles\\\/author\\\/loicdun\\\/\"}]}<\/script>\n<!-- \/ Yoast SEO plugin. -->","yoast_head_json":{"title":"Amiens : ouverture des inscriptions en accueil de loisirs et au CAJ pour l'\u00e9t\u00e9 2026 - Happyness Amiens","description":"Les inscriptions pour les accueils de loisirs et centres d\u2019animation jeunesse \u00e0 Amiens pour l'\u00e9t\u00e9 2026 sont ouvertes ! Dates, tranches d'\u00e2ge et d\u00e9marches : d\u00e9couvrez comment inscrire vos enfants avant le 27 juin.","robots":{"index":"index","follow":"follow","max-snippet":"max-snippet:-1","max-image-preview":"max-image-preview:large","max-video-preview":"max-video-preview:-1"},"canonical":"https:\/\/happynessradio.fr\/amiens\/articles\/amiens-ouverture-des-inscriptions-en-accueil-de-loisirs-et-au-caj-pour-lete-2026\/","og_locale":"fr_FR","og_type":"article","og_title":"Amiens : ouverture des inscriptions en accueil de loisirs et au CAJ pour l'\u00e9t\u00e9 2026 - Happyness Amiens","og_description":"Les inscriptions pour les accueils de loisirs et centres d\u2019animation jeunesse \u00e0 Amiens pour l'\u00e9t\u00e9 2026 sont ouvertes ! Dates, tranches d'\u00e2ge et d\u00e9marches : d\u00e9couvrez comment inscrire vos enfants avant le 27 juin.","og_url":"https:\/\/happynessradio.fr\/amiens\/articles\/amiens-ouverture-des-inscriptions-en-accueil-de-loisirs-et-au-caj-pour-lete-2026\/","og_site_name":"Happyness Amiens","article_published_time":"2026-04-29T16:32:10+00:00","article_modified_time":"2026-04-29T16:32:11+00:00","og_image":[{"width":1083,"height":486,"url":"https:\/\/happynessradio.fr\/amiens\/wp-content\/uploads\/sites\/3\/2026\/04\/MockUp-Visuels-articles-63.webp","type":"image\/webp"}],"author":"Lo\u00efc Dun","twitter_card":"summary_large_image","twitter_misc":{"\u00c9crit par":"Lo\u00efc Dun","Dur\u00e9e de lecture estim\u00e9e":"2 minutes"},"schema":{"@context":"https:\/\/schema.org","@graph":[{"@type":"Article","@id":"https:\/\/happynessradio.fr\/amiens\/articles\/amiens-ouverture-des-inscriptions-en-accueil-de-loisirs-et-au-caj-pour-lete-2026\/#article","isPartOf":{"@id":"https:\/\/happynessradio.fr\/amiens\/articles\/amiens-ouverture-des-inscriptions-en-accueil-de-loisirs-et-au-caj-pour-lete-2026\/"},"author":{"name":"Lo\u00efc Dun","@id":"https:\/\/happynessradio.fr\/amiens\/#\/schema\/person\/735f1a1ba15f9478beb4249ad52f7252"},"headline":"Amiens : ouverture des inscriptions en accueil de loisirs et au CAJ pour l&rsquo;\u00e9t\u00e9 2026","datePublished":"2026-04-29T16:32:10+00:00","dateModified":"2026-04-29T16:32:11+00:00","mainEntityOfPage":{"@id":"https:\/\/happynessradio.fr\/amiens\/articles\/amiens-ouverture-des-inscriptions-en-accueil-de-loisirs-et-au-caj-pour-lete-2026\/"},"wordCount":270,"commentCount":0,"image":{"@id":"https:\/\/happynessradio.fr\/amiens\/articles\/amiens-ouverture-des-inscriptions-en-accueil-de-loisirs-et-au-caj-pour-lete-2026\/#primaryimage"},"thumbnailUrl":"https:\/\/happynessradio.fr\/amiens\/wp-content\/uploads\/sites\/3\/2026\/04\/MockUp-Visuels-articles-63.webp","articleSection":["Amiens"],"inLanguage":"fr-FR","potentialAction":[{"@type":"CommentAction","name":"Comment","target":["https:\/\/happynessradio.fr\/amiens\/articles\/amiens-ouverture-des-inscriptions-en-accueil-de-loisirs-et-au-caj-pour-lete-2026\/#respond"]}]},{"@type":"WebPage","@id":"https:\/\/happynessradio.fr\/amiens\/articles\/amiens-ouverture-des-inscriptions-en-accueil-de-loisirs-et-au-caj-pour-lete-2026\/","url":"https:\/\/happynessradio.fr\/amiens\/articles\/amiens-ouverture-des-inscriptions-en-accueil-de-loisirs-et-au-caj-pour-lete-2026\/","name":"Amiens : ouverture des inscriptions en accueil de loisirs et au CAJ pour l'\u00e9t\u00e9 2026 - Happyness Amiens","isPartOf":{"@id":"https:\/\/happynessradio.fr\/amiens\/#website"},"primaryImageOfPage":{"@id":"https:\/\/happynessradio.fr\/amiens\/articles\/amiens-ouverture-des-inscriptions-en-accueil-de-loisirs-et-au-caj-pour-lete-2026\/#primaryimage"},"image":{"@id":"https:\/\/happynessradio.fr\/amiens\/articles\/amiens-ouverture-des-inscriptions-en-accueil-de-loisirs-et-au-caj-pour-lete-2026\/#primaryimage"},"thumbnailUrl":"https:\/\/happynessradio.fr\/amiens\/wp-content\/uploads\/sites\/3\/2026\/04\/MockUp-Visuels-articles-63.webp","datePublished":"2026-04-29T16:32:10+00:00","dateModified":"2026-04-29T16:32:11+00:00","author":{"@id":"https:\/\/happynessradio.fr\/amiens\/#\/schema\/person\/735f1a1ba15f9478beb4249ad52f7252"},"description":"Les inscriptions pour les accueils de loisirs et centres d\u2019animation jeunesse \u00e0 Amiens pour l'\u00e9t\u00e9 2026 sont ouvertes ! Dates, tranches d'\u00e2ge et d\u00e9marches : d\u00e9couvrez comment inscrire vos enfants avant le 27 juin.","breadcrumb":{"@id":"https:\/\/happynessradio.fr\/amiens\/articles\/amiens-ouverture-des-inscriptions-en-accueil-de-loisirs-et-au-caj-pour-lete-2026\/#breadcrumb"},"inLanguage":"fr-FR","potentialAction":[{"@type":"ReadAction","target":["https:\/\/happynessradio.fr\/amiens\/articles\/amiens-ouverture-des-inscriptions-en-accueil-de-loisirs-et-au-caj-pour-lete-2026\/"]}]},{"@type":"ImageObject","inLanguage":"fr-FR","@id":"https:\/\/happynessradio.fr\/amiens\/articles\/amiens-ouverture-des-inscriptions-en-accueil-de-loisirs-et-au-caj-pour-lete-2026\/#primaryimage","url":"https:\/\/happynessradio.fr\/amiens\/wp-content\/uploads\/sites\/3\/2026\/04\/MockUp-Visuels-articles-63.webp","contentUrl":"https:\/\/happynessradio.fr\/amiens\/wp-content\/uploads\/sites\/3\/2026\/04\/MockUp-Visuels-articles-63.webp","width":1083,"height":486,"caption":"Une sc\u00e8ne dynamique montrant plusieurs personnes jouant au badminton dans un parc verdoyant. Au premier plan, un homme en mouvement s'appr\u00eate \u00e0 frapper le volant avec sa raquette. D'autres joueurs, hommes et femmes de diff\u00e9rents \u00e2ges, sont r\u00e9partis de l'autre c\u00f4t\u00e9 du filet sur un terrain en plein air entour\u00e9 de grands arbres."},{"@type":"BreadcrumbList","@id":"https:\/\/happynessradio.fr\/amiens\/articles\/amiens-ouverture-des-inscriptions-en-accueil-de-loisirs-et-au-caj-pour-lete-2026\/#breadcrumb","itemListElement":[{"@type":"ListItem","position":1,"name":"Accueil","item":"https:\/\/happynessradio.fr\/amiens\/"},{"@type":"ListItem","position":2,"name":"Amiens : ouverture des inscriptions en accueil de loisirs et au CAJ pour l&rsquo;\u00e9t\u00e9 2026"}]},{"@type":"WebSite","@id":"https:\/\/happynessradio.fr\/amiens\/#website","url":"https:\/\/happynessradio.fr\/amiens\/","name":"Happyness Amiens","description":"Toujours au plus proche de vous","potentialAction":[{"@type":"SearchAction","target":{"@type":"EntryPoint","urlTemplate":"https:\/\/happynessradio.fr\/amiens\/?s={search_term_string}"},"query-input":{"@type":"PropertyValueSpecification","valueRequired":true,"valueName":"search_term_string"}}],"inLanguage":"fr-FR"},{"@type":"Person","@id":"https:\/\/happynessradio.fr\/amiens\/#\/schema\/person\/735f1a1ba15f9478beb4249ad52f7252","name":"Lo\u00efc Dun","image":{"@type":"ImageObject","inLanguage":"fr-FR","@id":"https:\/\/happynessradio.fr\/amiens\/wp-content\/uploads\/sites\/3\/2025\/12\/cropped-Portrait-Loic-25-26-96x96.webp","url":"https:\/\/happynessradio.fr\/amiens\/wp-content\/uploads\/sites\/3\/2025\/12\/cropped-Portrait-Loic-25-26-96x96.webp","contentUrl":"https:\/\/happynessradio.fr\/amiens\/wp-content\/uploads\/sites\/3\/2025\/12\/cropped-Portrait-Loic-25-26-96x96.webp","caption":"Lo\u00efc Dun"},"description":"R\u00e9dacteur web Happyness. Co-animateur (chroniqueur) Quoi d'neuf ? Amiens Chroniqueur Le R\u00e9veil Happyness","sameAs":["https:\/\/www.instagram.com\/lolo80radio\/","https:\/\/www.linkedin.com\/in\/loc-d-365960164\/"],"url":"https:\/\/happynessradio.fr\/amiens\/articles\/author\/loicdun\/"}]}},"modified_by":"Lo\u00efc Dun","_links":{"self":[{"href":"https:\/\/happynessradio.fr\/amiens\/wp-json\/wp\/v2\/posts\/12669","targetHints":{"allow":["GET"]}}],"collection":[{"href":"https:\/\/happynessradio.fr\/amiens\/wp-json\/wp\/v2\/posts"}],"about":[{"href":"https:\/\/happynessradio.fr\/amiens\/wp-json\/wp\/v2\/types\/post"}],"author":[{"embeddable":true,"href":"https:\/\/happynessradio.fr\/amiens\/wp-json\/wp\/v2\/users\/6"}],"replies":[{"embeddable":true,"href":"https:\/\/happynessradio.fr\/amiens\/wp-json\/wp\/v2\/comments?post=12669"}],"version-history":[{"count":1,"href":"https:\/\/happynessradio.fr\/amiens\/wp-json\/wp\/v2\/posts\/12669\/revisions"}],"predecessor-version":[{"id":12671,"href":"https:\/\/happynessradio.fr\/amiens\/wp-json\/wp\/v2\/posts\/12669\/revisions\/12671"}],"wp:featuredmedia":[{"embeddable":true,"href":"https:\/\/happynessradio.fr\/amiens\/wp-json\/wp\/v2\/media\/12670"}],"wp:attachment":[{"href":"https:\/\/happynessradio.fr\/amiens\/wp-json\/wp\/v2\/media?parent=12669"}],"wp:term":[{"taxonomy":"category","embeddable":true,"href":"https:\/\/happynessradio.fr\/amiens\/wp-json\/wp\/v2\/categories?post=12669"},{"taxonomy":"post_tag","embeddable":true,"href":"https:\/\/happynessradio.fr\/amiens\/wp-json\/wp\/v2\/tags?post=12669"}],"curies":[{"name":"wp","href":"https:\/\/api.w.org\/{rel}","templated":true}]}}