{"id":12672,"date":"2026-04-29T19:05:13","date_gmt":"2026-04-29T17:05:13","guid":{"rendered":"https:\/\/happynessradio.fr\/amiens\/?p=12672"},"modified":"2026-04-29T19:05:14","modified_gmt":"2026-04-29T17:05:14","slug":"amiens-ouverture-des-inscriptions-dans-les-ecoles-publiques","status":"publish","type":"post","link":"https:\/\/happynessradio.fr\/amiens\/articles\/amiens-ouverture-des-inscriptions-dans-les-ecoles-publiques\/","title":{"rendered":"Amiens : ouverture des inscriptions dans les \u00e9coles publiques"},"content":{"rendered":"\n<p><em>Les inscriptions dans les \u00e9coles publiques maternelles et \u00e9l\u00e9mentaires d&rsquo;Amiens sont ouvertes depuis le lundi 27 avril. Votre enfant est t-il concern\u00e9 ? Comment proc\u00e9der ? On fait le point dans cet article de la r\u00e9daction de votr radio locale. <\/em><\/p>\n\n\n\n<h2 class=\"wp-block-heading\">L&rsquo;\u00e2ge concern\u00e9<\/h2>\n\n\n\n<p>Les inscriptions dans les <a href=\"https:\/\/www.education.gouv.fr\/annuaire\" id=\"https:\/\/www.education.gouv.fr\/annuaire\">\u00e9coles publiques maternelles et \u00e9l\u00e9mentaires<\/a> d&rsquo;Amiens sont ouvertes depuis le lundi 27 avril dans une des mairies de secteur ou sur le site amiens.fr (via le<a href=\"https:\/\/familles.amiens-metropole.com\/?menu=0\" id=\"https:\/\/familles.amiens-metropole.com\/?menu=0\"> portail famille<\/a>, rubrique \u00ab Mes d\u00e9marches \u00bb). A noter que d\u00e8s <a href=\"https:\/\/www.service-public.gouv.fr\/particuliers\/vosdroits\/F1898\" id=\"https:\/\/www.service-public.gouv.fr\/particuliers\/vosdroits\/F1898\">l&rsquo;\u00e2ge de\u00a03 ans<\/a>, un enfant\u00a0doit \u00eatre inscrit\u00a0\u00e0 l&rsquo;\u00e9cole maternelle, sauf en cas d&rsquo;<a href=\"https:\/\/www.somme.gouv.fr\/Vous-etes\/Particulier#!\/particuliers\/page\/F23429\">instruction dans la famille<\/a>. (Cette obligation s&rsquo;applique d\u00e8s la rentr\u00e9e scolaire de\u00a0&lt;dfn title=&quot;Du 1&lt;sup&gt;er<\/sup>l&rsquo;ann\u00e9e civile<\/dfn>\u00a0o\u00f9 l&rsquo;enfant atteint son troisi\u00e8me anniversaire). <\/p>\n\n\n\n<h2 class=\"wp-block-heading\">Quels sont les enfants concern\u00e9s ? <\/h2>\n\n\n\n<p>Cela concerne les enfants n\u00e9s en 2023 et avant, r\u00e9sidant \u00e0 Amiens et non encore scolaris\u00e9s dans le public local ainsi que ceux dont la date de naissance est comprise entre le 1er janvier 2024 et le 1er septembre 2024 (admission soumise \u00e0 confirmation par la direction de l&rsquo;\u00e9tablissement scolaire). A savoir que pour toute demande hors secteur ou hors commune,  il est important de transmettre un courrier argument\u00e9 avec les justificatifs correspondants ainsi que le formulaire de demande sp\u00e9cifique \u00e0 retirer en mairie.<\/p>\n\n\n\n<h2 class=\"wp-block-heading\">La d\u00e9marche \u00e0 suivre <\/h2>\n\n\n\n<p>Pour effectuer la d\u00e9marche, il faut se munir de pi\u00e8ces suivantes, en l&rsquo;occurrence, le livret de famille, extrait d&rsquo;acte de naissance ou de mariage. Une quittance de loyer, facture d&rsquo;\u00e9nergie ou de t\u00e9l\u00e9phone de moins de 3 mois. A noter que dans le cadre d&rsquo;une s\u00e9paration\/Divorce, il faut fournir Justificatif de garde (jugement) et attestation sign\u00e9e des deux parents avec copies d&rsquo;identit\u00e9. (Tiers : Justificatif de garde d\u00e9livr\u00e9 par le juge des tutelles). <\/p>\n\n\n\n<h2 class=\"wp-block-heading\">Les sanctions possibles<\/h2>\n\n\n\n<p> A savoir que le non respect d&rsquo;obligation d&rsquo;instruction est passible d&rsquo;une\u00a0amende\u00a0pouvant aller jusqu&rsquo;\u00e0\u00a01\u00a0500<strong>\u00a0<\/strong>euros, a cela s&rsquo;ajoute une mise en demeure du Dasen, si vous n&rsquo;inscrivez pas votre enfant\u00a0dans un \u00e9tablissement scolaire, sans raison valable. A noter qu&rsquo;en cas de non respect de la mise en demeure du Dasen, vous risquez \u00a06 mois de prison et une amende de\u00a07500\u00a0euros. Enfin, en cas d&rsquo;instruction au sein de la famille sans autorisation, , vous risquez une amende de\u00a01\u00a0500\u00a0euros. <\/p>\n\n\n\n<p><\/p>\n\n\n\n<p><\/p>\n","protected":false},"excerpt":{"rendered":"<p>Les inscriptions dans les \u00e9coles publiques maternelles et \u00e9l\u00e9mentaires d&rsquo;Amiens sont ouvertes depuis le lundi 27 avril. Votre enfant est t-il concern\u00e9 ? Comment proc\u00e9der ? On fait le point dans cet article de la r\u00e9daction de votr radio locale. L&rsquo;\u00e2ge concern\u00e9 Les inscriptions dans les \u00e9coles publiques maternelles et \u00e9l\u00e9mentaires d&rsquo;Amiens sont ouvertes depuis le lundi 27 avril dans une des mairies de secteur ou sur le site amiens.fr (via le portail famille, rubrique \u00ab Mes d\u00e9marches \u00bb). A noter que d\u00e8s l&rsquo;\u00e2ge de\u00a03 ans, un enfant\u00a0doit \u00eatre inscrit\u00a0\u00e0 l&rsquo;\u00e9cole maternelle, sauf en cas d&rsquo;instruction dans la famille. (Cette obligation s&rsquo;applique d\u00e8s la rentr\u00e9e scolaire de\u00a0&lt;dfn title=&quot;Du 1&lt;sup&gt;erl&rsquo;ann\u00e9e civile\u00a0o\u00f9 l&rsquo;enfant atteint son troisi\u00e8me anniversaire). Quels sont les enfants concern\u00e9s ? Cela concerne les enfants n\u00e9s en 2023 et avant, r\u00e9sidant \u00e0 Amiens et non encore scolaris\u00e9s dans le public local ainsi que ceux dont la date de naissance est comprise entre le 1er janvier 2024 et le 1er septembre 2024 (admission soumise \u00e0 confirmation par la direction de l&rsquo;\u00e9tablissement scolaire). A savoir que pour toute demande hors secteur ou hors commune, il est important de transmettre un courrier argument\u00e9 avec les justificatifs correspondants ainsi que le formulaire de demande sp\u00e9cifique \u00e0 retirer en mairie. La d\u00e9marche \u00e0 suivre Pour effectuer la d\u00e9marche, il faut se munir de pi\u00e8ces suivantes, en l&rsquo;occurrence, le livret de famille, extrait d&rsquo;acte de naissance ou de mariage. Une quittance de loyer, facture d&rsquo;\u00e9nergie ou de t\u00e9l\u00e9phone de moins de 3 mois. A noter que dans le cadre d&rsquo;une s\u00e9paration\/Divorce, il faut fournir Justificatif de garde (jugement) et attestation sign\u00e9e des deux parents avec copies d&rsquo;identit\u00e9. (Tiers : Justificatif de garde d\u00e9livr\u00e9 par le juge des tutelles). Les sanctions possibles A savoir que le non respect d&rsquo;obligation d&rsquo;instruction est passible d&rsquo;une\u00a0amende\u00a0pouvant aller jusqu&rsquo;\u00e0\u00a01\u00a0500\u00a0euros, a cela s&rsquo;ajoute une mise en demeure du Dasen, si vous n&rsquo;inscrivez pas votre enfant\u00a0dans un \u00e9tablissement scolaire, sans raison valable. A noter qu&rsquo;en cas de non respect de la mise en demeure du Dasen, vous risquez \u00a06 mois de prison et une amende de\u00a07500\u00a0euros. Enfin, en cas d&rsquo;instruction au sein de la famille sans autorisation, , vous risquez une amende de\u00a01\u00a0500\u00a0euros.<\/p>\n","protected":false},"author":6,"featured_media":12673,"comment_status":"open","ping_status":"open","sticky":false,"template":"","format":"standard","meta":{"_lmt_disableupdate":"","_lmt_disable":"","footnotes":""},"categories":[11],"tags":[],"class_list":["post-12672","post","type-post","status-publish","format-standard","has-post-thumbnail","hentry","category-amiens"],"yoast_head":"<!-- This site is optimized with the Yoast SEO plugin v27.5 - https:\/\/yoast.com\/product\/yoast-seo-wordpress\/ -->\n<title>Amiens : ouverture des inscriptions dans les \u00e9coles publiques - Happyness Amiens<\/title>\n<meta name=\"description\" content=\"Les inscriptions scolaires \u00e0 Amiens pour la rentr\u00e9e 2026 sont ouvertes ! D\u00e9couvrez les dates cl\u00e9s, les pi\u00e8ces justificatives \u00e0 fournir et les d\u00e9marches en ligne ou en mairie pour inscrire votre enfant en maternelle ou en \u00e9l\u00e9mentaire.\" \/>\n<meta name=\"robots\" content=\"index, follow, max-snippet:-1, max-image-preview:large, max-video-preview:-1\" \/>\n<link rel=\"canonical\" href=\"https:\/\/happynessradio.fr\/amiens\/articles\/amiens-ouverture-des-inscriptions-dans-les-ecoles-publiques\/\" \/>\n<meta property=\"og:locale\" content=\"fr_FR\" \/>\n<meta property=\"og:type\" content=\"article\" \/>\n<meta property=\"og:title\" content=\"Amiens : ouverture des inscriptions dans les \u00e9coles publiques - Happyness Amiens\" \/>\n<meta property=\"og:description\" content=\"Les inscriptions scolaires \u00e0 Amiens pour la rentr\u00e9e 2026 sont ouvertes ! D\u00e9couvrez les dates cl\u00e9s, les pi\u00e8ces justificatives \u00e0 fournir et les d\u00e9marches en ligne ou en mairie pour inscrire votre enfant en maternelle ou en \u00e9l\u00e9mentaire.\" \/>\n<meta property=\"og:url\" content=\"https:\/\/happynessradio.fr\/amiens\/articles\/amiens-ouverture-des-inscriptions-dans-les-ecoles-publiques\/\" \/>\n<meta property=\"og:site_name\" content=\"Happyness Amiens\" \/>\n<meta property=\"article:published_time\" content=\"2026-04-29T17:05:13+00:00\" \/>\n<meta property=\"article:modified_time\" content=\"2026-04-29T17:05:14+00:00\" \/>\n<meta property=\"og:image\" content=\"https:\/\/happynessradio.fr\/amiens\/wp-content\/uploads\/sites\/3\/2026\/04\/MockUp-Visuels-articles-64.webp\" \/>\n\t<meta property=\"og:image:width\" content=\"1083\" \/>\n\t<meta property=\"og:image:height\" content=\"486\" \/>\n\t<meta property=\"og:image:type\" content=\"image\/webp\" \/>\n<meta name=\"author\" content=\"Lo\u00efc Dun\" \/>\n<meta name=\"twitter:card\" content=\"summary_large_image\" \/>\n<meta name=\"twitter:label1\" content=\"\u00c9crit par\" \/>\n\t<meta name=\"twitter:data1\" content=\"Lo\u00efc Dun\" \/>\n\t<meta name=\"twitter:label2\" content=\"Dur\u00e9e de lecture estim\u00e9e\" \/>\n\t<meta name=\"twitter:data2\" content=\"3 minutes\" \/>\n<script type=\"application\/ld+json\" class=\"yoast-schema-graph\">{\"@context\":\"https:\\\/\\\/schema.org\",\"@graph\":[{\"@type\":\"Article\",\"@id\":\"https:\\\/\\\/happynessradio.fr\\\/amiens\\\/articles\\\/amiens-ouverture-des-inscriptions-dans-les-ecoles-publiques\\\/#article\",\"isPartOf\":{\"@id\":\"https:\\\/\\\/happynessradio.fr\\\/amiens\\\/articles\\\/amiens-ouverture-des-inscriptions-dans-les-ecoles-publiques\\\/\"},\"author\":{\"name\":\"Lo\u00efc Dun\",\"@id\":\"https:\\\/\\\/happynessradio.fr\\\/amiens\\\/#\\\/schema\\\/person\\\/735f1a1ba15f9478beb4249ad52f7252\"},\"headline\":\"Amiens : ouverture des inscriptions dans les \u00e9coles publiques\",\"datePublished\":\"2026-04-29T17:05:13+00:00\",\"dateModified\":\"2026-04-29T17:05:14+00:00\",\"mainEntityOfPage\":{\"@id\":\"https:\\\/\\\/happynessradio.fr\\\/amiens\\\/articles\\\/amiens-ouverture-des-inscriptions-dans-les-ecoles-publiques\\\/\"},\"wordCount\":412,\"commentCount\":0,\"image\":{\"@id\":\"https:\\\/\\\/happynessradio.fr\\\/amiens\\\/articles\\\/amiens-ouverture-des-inscriptions-dans-les-ecoles-publiques\\\/#primaryimage\"},\"thumbnailUrl\":\"https:\\\/\\\/happynessradio.fr\\\/amiens\\\/wp-content\\\/uploads\\\/sites\\\/3\\\/2026\\\/04\\\/MockUp-Visuels-articles-64.webp\",\"articleSection\":[\"Amiens\"],\"inLanguage\":\"fr-FR\",\"potentialAction\":[{\"@type\":\"CommentAction\",\"name\":\"Comment\",\"target\":[\"https:\\\/\\\/happynessradio.fr\\\/amiens\\\/articles\\\/amiens-ouverture-des-inscriptions-dans-les-ecoles-publiques\\\/#respond\"]}]},{\"@type\":\"WebPage\",\"@id\":\"https:\\\/\\\/happynessradio.fr\\\/amiens\\\/articles\\\/amiens-ouverture-des-inscriptions-dans-les-ecoles-publiques\\\/\",\"url\":\"https:\\\/\\\/happynessradio.fr\\\/amiens\\\/articles\\\/amiens-ouverture-des-inscriptions-dans-les-ecoles-publiques\\\/\",\"name\":\"Amiens : ouverture des inscriptions dans les \u00e9coles publiques - Happyness Amiens\",\"isPartOf\":{\"@id\":\"https:\\\/\\\/happynessradio.fr\\\/amiens\\\/#website\"},\"primaryImageOfPage\":{\"@id\":\"https:\\\/\\\/happynessradio.fr\\\/amiens\\\/articles\\\/amiens-ouverture-des-inscriptions-dans-les-ecoles-publiques\\\/#primaryimage\"},\"image\":{\"@id\":\"https:\\\/\\\/happynessradio.fr\\\/amiens\\\/articles\\\/amiens-ouverture-des-inscriptions-dans-les-ecoles-publiques\\\/#primaryimage\"},\"thumbnailUrl\":\"https:\\\/\\\/happynessradio.fr\\\/amiens\\\/wp-content\\\/uploads\\\/sites\\\/3\\\/2026\\\/04\\\/MockUp-Visuels-articles-64.webp\",\"datePublished\":\"2026-04-29T17:05:13+00:00\",\"dateModified\":\"2026-04-29T17:05:14+00:00\",\"author\":{\"@id\":\"https:\\\/\\\/happynessradio.fr\\\/amiens\\\/#\\\/schema\\\/person\\\/735f1a1ba15f9478beb4249ad52f7252\"},\"description\":\"Les inscriptions scolaires \u00e0 Amiens pour la rentr\u00e9e 2026 sont ouvertes ! D\u00e9couvrez les dates cl\u00e9s, les pi\u00e8ces justificatives \u00e0 fournir et les d\u00e9marches en ligne ou en mairie pour inscrire votre enfant en maternelle ou en \u00e9l\u00e9mentaire.\",\"breadcrumb\":{\"@id\":\"https:\\\/\\\/happynessradio.fr\\\/amiens\\\/articles\\\/amiens-ouverture-des-inscriptions-dans-les-ecoles-publiques\\\/#breadcrumb\"},\"inLanguage\":\"fr-FR\",\"potentialAction\":[{\"@type\":\"ReadAction\",\"target\":[\"https:\\\/\\\/happynessradio.fr\\\/amiens\\\/articles\\\/amiens-ouverture-des-inscriptions-dans-les-ecoles-publiques\\\/\"]}]},{\"@type\":\"ImageObject\",\"inLanguage\":\"fr-FR\",\"@id\":\"https:\\\/\\\/happynessradio.fr\\\/amiens\\\/articles\\\/amiens-ouverture-des-inscriptions-dans-les-ecoles-publiques\\\/#primaryimage\",\"url\":\"https:\\\/\\\/happynessradio.fr\\\/amiens\\\/wp-content\\\/uploads\\\/sites\\\/3\\\/2026\\\/04\\\/MockUp-Visuels-articles-64.webp\",\"contentUrl\":\"https:\\\/\\\/happynessradio.fr\\\/amiens\\\/wp-content\\\/uploads\\\/sites\\\/3\\\/2026\\\/04\\\/MockUp-Visuels-articles-64.webp\",\"width\":1083,\"height\":486,\"caption\":\"Une salle de classe vide avec plusieurs rang\u00e9es de pupitres et de chaises en bois us\u00e9s. L'arri\u00e8re-plan montre des bo\u00eetes de rangement et des dessins affich\u00e9s au mur. Deux formes g\u00e9om\u00e9triques rouges d\u00e9corent les coins oppos\u00e9s de l'image.\"},{\"@type\":\"BreadcrumbList\",\"@id\":\"https:\\\/\\\/happynessradio.fr\\\/amiens\\\/articles\\\/amiens-ouverture-des-inscriptions-dans-les-ecoles-publiques\\\/#breadcrumb\",\"itemListElement\":[{\"@type\":\"ListItem\",\"position\":1,\"name\":\"Accueil\",\"item\":\"https:\\\/\\\/happynessradio.fr\\\/amiens\\\/\"},{\"@type\":\"ListItem\",\"position\":2,\"name\":\"Amiens : ouverture des inscriptions dans les \u00e9coles publiques\"}]},{\"@type\":\"WebSite\",\"@id\":\"https:\\\/\\\/happynessradio.fr\\\/amiens\\\/#website\",\"url\":\"https:\\\/\\\/happynessradio.fr\\\/amiens\\\/\",\"name\":\"Happyness Amiens\",\"description\":\"Toujours au plus proche de vous\",\"potentialAction\":[{\"@type\":\"SearchAction\",\"target\":{\"@type\":\"EntryPoint\",\"urlTemplate\":\"https:\\\/\\\/happynessradio.fr\\\/amiens\\\/?s={search_term_string}\"},\"query-input\":{\"@type\":\"PropertyValueSpecification\",\"valueRequired\":true,\"valueName\":\"search_term_string\"}}],\"inLanguage\":\"fr-FR\"},{\"@type\":\"Person\",\"@id\":\"https:\\\/\\\/happynessradio.fr\\\/amiens\\\/#\\\/schema\\\/person\\\/735f1a1ba15f9478beb4249ad52f7252\",\"name\":\"Lo\u00efc Dun\",\"image\":{\"@type\":\"ImageObject\",\"inLanguage\":\"fr-FR\",\"@id\":\"https:\\\/\\\/happynessradio.fr\\\/amiens\\\/wp-content\\\/uploads\\\/sites\\\/3\\\/2025\\\/12\\\/cropped-Portrait-Loic-25-26-96x96.webp\",\"url\":\"https:\\\/\\\/happynessradio.fr\\\/amiens\\\/wp-content\\\/uploads\\\/sites\\\/3\\\/2025\\\/12\\\/cropped-Portrait-Loic-25-26-96x96.webp\",\"contentUrl\":\"https:\\\/\\\/happynessradio.fr\\\/amiens\\\/wp-content\\\/uploads\\\/sites\\\/3\\\/2025\\\/12\\\/cropped-Portrait-Loic-25-26-96x96.webp\",\"caption\":\"Lo\u00efc Dun\"},\"description\":\"R\u00e9dacteur web Happyness. Co-animateur (chroniqueur) Quoi d'neuf ? Amiens Chroniqueur Le R\u00e9veil Happyness\",\"sameAs\":[\"https:\\\/\\\/www.instagram.com\\\/lolo80radio\\\/\",\"https:\\\/\\\/www.linkedin.com\\\/in\\\/loc-d-365960164\\\/\"],\"url\":\"https:\\\/\\\/happynessradio.fr\\\/amiens\\\/articles\\\/author\\\/loicdun\\\/\"}]}<\/script>\n<!-- \/ Yoast SEO plugin. -->","yoast_head_json":{"title":"Amiens : ouverture des inscriptions dans les \u00e9coles publiques - Happyness Amiens","description":"Les inscriptions scolaires \u00e0 Amiens pour la rentr\u00e9e 2026 sont ouvertes ! D\u00e9couvrez les dates cl\u00e9s, les pi\u00e8ces justificatives \u00e0 fournir et les d\u00e9marches en ligne ou en mairie pour inscrire votre enfant en maternelle ou en \u00e9l\u00e9mentaire.","robots":{"index":"index","follow":"follow","max-snippet":"max-snippet:-1","max-image-preview":"max-image-preview:large","max-video-preview":"max-video-preview:-1"},"canonical":"https:\/\/happynessradio.fr\/amiens\/articles\/amiens-ouverture-des-inscriptions-dans-les-ecoles-publiques\/","og_locale":"fr_FR","og_type":"article","og_title":"Amiens : ouverture des inscriptions dans les \u00e9coles publiques - Happyness Amiens","og_description":"Les inscriptions scolaires \u00e0 Amiens pour la rentr\u00e9e 2026 sont ouvertes ! D\u00e9couvrez les dates cl\u00e9s, les pi\u00e8ces justificatives \u00e0 fournir et les d\u00e9marches en ligne ou en mairie pour inscrire votre enfant en maternelle ou en \u00e9l\u00e9mentaire.","og_url":"https:\/\/happynessradio.fr\/amiens\/articles\/amiens-ouverture-des-inscriptions-dans-les-ecoles-publiques\/","og_site_name":"Happyness Amiens","article_published_time":"2026-04-29T17:05:13+00:00","article_modified_time":"2026-04-29T17:05:14+00:00","og_image":[{"width":1083,"height":486,"url":"https:\/\/happynessradio.fr\/amiens\/wp-content\/uploads\/sites\/3\/2026\/04\/MockUp-Visuels-articles-64.webp","type":"image\/webp"}],"author":"Lo\u00efc Dun","twitter_card":"summary_large_image","twitter_misc":{"\u00c9crit par":"Lo\u00efc Dun","Dur\u00e9e de lecture estim\u00e9e":"3 minutes"},"schema":{"@context":"https:\/\/schema.org","@graph":[{"@type":"Article","@id":"https:\/\/happynessradio.fr\/amiens\/articles\/amiens-ouverture-des-inscriptions-dans-les-ecoles-publiques\/#article","isPartOf":{"@id":"https:\/\/happynessradio.fr\/amiens\/articles\/amiens-ouverture-des-inscriptions-dans-les-ecoles-publiques\/"},"author":{"name":"Lo\u00efc Dun","@id":"https:\/\/happynessradio.fr\/amiens\/#\/schema\/person\/735f1a1ba15f9478beb4249ad52f7252"},"headline":"Amiens : ouverture des inscriptions dans les \u00e9coles publiques","datePublished":"2026-04-29T17:05:13+00:00","dateModified":"2026-04-29T17:05:14+00:00","mainEntityOfPage":{"@id":"https:\/\/happynessradio.fr\/amiens\/articles\/amiens-ouverture-des-inscriptions-dans-les-ecoles-publiques\/"},"wordCount":412,"commentCount":0,"image":{"@id":"https:\/\/happynessradio.fr\/amiens\/articles\/amiens-ouverture-des-inscriptions-dans-les-ecoles-publiques\/#primaryimage"},"thumbnailUrl":"https:\/\/happynessradio.fr\/amiens\/wp-content\/uploads\/sites\/3\/2026\/04\/MockUp-Visuels-articles-64.webp","articleSection":["Amiens"],"inLanguage":"fr-FR","potentialAction":[{"@type":"CommentAction","name":"Comment","target":["https:\/\/happynessradio.fr\/amiens\/articles\/amiens-ouverture-des-inscriptions-dans-les-ecoles-publiques\/#respond"]}]},{"@type":"WebPage","@id":"https:\/\/happynessradio.fr\/amiens\/articles\/amiens-ouverture-des-inscriptions-dans-les-ecoles-publiques\/","url":"https:\/\/happynessradio.fr\/amiens\/articles\/amiens-ouverture-des-inscriptions-dans-les-ecoles-publiques\/","name":"Amiens : ouverture des inscriptions dans les \u00e9coles publiques - Happyness Amiens","isPartOf":{"@id":"https:\/\/happynessradio.fr\/amiens\/#website"},"primaryImageOfPage":{"@id":"https:\/\/happynessradio.fr\/amiens\/articles\/amiens-ouverture-des-inscriptions-dans-les-ecoles-publiques\/#primaryimage"},"image":{"@id":"https:\/\/happynessradio.fr\/amiens\/articles\/amiens-ouverture-des-inscriptions-dans-les-ecoles-publiques\/#primaryimage"},"thumbnailUrl":"https:\/\/happynessradio.fr\/amiens\/wp-content\/uploads\/sites\/3\/2026\/04\/MockUp-Visuels-articles-64.webp","datePublished":"2026-04-29T17:05:13+00:00","dateModified":"2026-04-29T17:05:14+00:00","author":{"@id":"https:\/\/happynessradio.fr\/amiens\/#\/schema\/person\/735f1a1ba15f9478beb4249ad52f7252"},"description":"Les inscriptions scolaires \u00e0 Amiens pour la rentr\u00e9e 2026 sont ouvertes ! D\u00e9couvrez les dates cl\u00e9s, les pi\u00e8ces justificatives \u00e0 fournir et les d\u00e9marches en ligne ou en mairie pour inscrire votre enfant en maternelle ou en \u00e9l\u00e9mentaire.","breadcrumb":{"@id":"https:\/\/happynessradio.fr\/amiens\/articles\/amiens-ouverture-des-inscriptions-dans-les-ecoles-publiques\/#breadcrumb"},"inLanguage":"fr-FR","potentialAction":[{"@type":"ReadAction","target":["https:\/\/happynessradio.fr\/amiens\/articles\/amiens-ouverture-des-inscriptions-dans-les-ecoles-publiques\/"]}]},{"@type":"ImageObject","inLanguage":"fr-FR","@id":"https:\/\/happynessradio.fr\/amiens\/articles\/amiens-ouverture-des-inscriptions-dans-les-ecoles-publiques\/#primaryimage","url":"https:\/\/happynessradio.fr\/amiens\/wp-content\/uploads\/sites\/3\/2026\/04\/MockUp-Visuels-articles-64.webp","contentUrl":"https:\/\/happynessradio.fr\/amiens\/wp-content\/uploads\/sites\/3\/2026\/04\/MockUp-Visuels-articles-64.webp","width":1083,"height":486,"caption":"Une salle de classe vide avec plusieurs rang\u00e9es de pupitres et de chaises en bois us\u00e9s. L'arri\u00e8re-plan montre des bo\u00eetes de rangement et des dessins affich\u00e9s au mur. Deux formes g\u00e9om\u00e9triques rouges d\u00e9corent les coins oppos\u00e9s de l'image."},{"@type":"BreadcrumbList","@id":"https:\/\/happynessradio.fr\/amiens\/articles\/amiens-ouverture-des-inscriptions-dans-les-ecoles-publiques\/#breadcrumb","itemListElement":[{"@type":"ListItem","position":1,"name":"Accueil","item":"https:\/\/happynessradio.fr\/amiens\/"},{"@type":"ListItem","position":2,"name":"Amiens : ouverture des inscriptions dans les \u00e9coles publiques"}]},{"@type":"WebSite","@id":"https:\/\/happynessradio.fr\/amiens\/#website","url":"https:\/\/happynessradio.fr\/amiens\/","name":"Happyness Amiens","description":"Toujours au plus proche de vous","potentialAction":[{"@type":"SearchAction","target":{"@type":"EntryPoint","urlTemplate":"https:\/\/happynessradio.fr\/amiens\/?s={search_term_string}"},"query-input":{"@type":"PropertyValueSpecification","valueRequired":true,"valueName":"search_term_string"}}],"inLanguage":"fr-FR"},{"@type":"Person","@id":"https:\/\/happynessradio.fr\/amiens\/#\/schema\/person\/735f1a1ba15f9478beb4249ad52f7252","name":"Lo\u00efc Dun","image":{"@type":"ImageObject","inLanguage":"fr-FR","@id":"https:\/\/happynessradio.fr\/amiens\/wp-content\/uploads\/sites\/3\/2025\/12\/cropped-Portrait-Loic-25-26-96x96.webp","url":"https:\/\/happynessradio.fr\/amiens\/wp-content\/uploads\/sites\/3\/2025\/12\/cropped-Portrait-Loic-25-26-96x96.webp","contentUrl":"https:\/\/happynessradio.fr\/amiens\/wp-content\/uploads\/sites\/3\/2025\/12\/cropped-Portrait-Loic-25-26-96x96.webp","caption":"Lo\u00efc Dun"},"description":"R\u00e9dacteur web Happyness. Co-animateur (chroniqueur) Quoi d'neuf ? Amiens Chroniqueur Le R\u00e9veil Happyness","sameAs":["https:\/\/www.instagram.com\/lolo80radio\/","https:\/\/www.linkedin.com\/in\/loc-d-365960164\/"],"url":"https:\/\/happynessradio.fr\/amiens\/articles\/author\/loicdun\/"}]}},"modified_by":"Lo\u00efc Dun","_links":{"self":[{"href":"https:\/\/happynessradio.fr\/amiens\/wp-json\/wp\/v2\/posts\/12672","targetHints":{"allow":["GET"]}}],"collection":[{"href":"https:\/\/happynessradio.fr\/amiens\/wp-json\/wp\/v2\/posts"}],"about":[{"href":"https:\/\/happynessradio.fr\/amiens\/wp-json\/wp\/v2\/types\/post"}],"author":[{"embeddable":true,"href":"https:\/\/happynessradio.fr\/amiens\/wp-json\/wp\/v2\/users\/6"}],"replies":[{"embeddable":true,"href":"https:\/\/happynessradio.fr\/amiens\/wp-json\/wp\/v2\/comments?post=12672"}],"version-history":[{"count":1,"href":"https:\/\/happynessradio.fr\/amiens\/wp-json\/wp\/v2\/posts\/12672\/revisions"}],"predecessor-version":[{"id":12674,"href":"https:\/\/happynessradio.fr\/amiens\/wp-json\/wp\/v2\/posts\/12672\/revisions\/12674"}],"wp:featuredmedia":[{"embeddable":true,"href":"https:\/\/happynessradio.fr\/amiens\/wp-json\/wp\/v2\/media\/12673"}],"wp:attachment":[{"href":"https:\/\/happynessradio.fr\/amiens\/wp-json\/wp\/v2\/media?parent=12672"}],"wp:term":[{"taxonomy":"category","embeddable":true,"href":"https:\/\/happynessradio.fr\/amiens\/wp-json\/wp\/v2\/categories?post=12672"},{"taxonomy":"post_tag","embeddable":true,"href":"https:\/\/happynessradio.fr\/amiens\/wp-json\/wp\/v2\/tags?post=12672"}],"curies":[{"name":"wp","href":"https:\/\/api.w.org\/{rel}","templated":true}]}}