{"id":12688,"date":"2026-05-01T20:13:44","date_gmt":"2026-05-01T18:13:44","guid":{"rendered":"https:\/\/happynessradio.fr\/amiens\/?p=12688"},"modified":"2026-05-01T20:13:47","modified_gmt":"2026-05-01T18:13:47","slug":"somme-nuages-et-pluie-pour-le-weekend","status":"publish","type":"post","link":"https:\/\/happynessradio.fr\/amiens\/articles\/somme-nuages-et-pluie-pour-le-weekend\/","title":{"rendered":"Somme : nuages et pluie pour le weekend"},"content":{"rendered":"\n<p><em>Voici les pr\u00e9visions m\u00e9t\u00e9o pour votre weekend dans le d\u00e9partement de la Somme avec notamment des nuages et de la pluie au rendez-vous. On fait le point secteur par secteur gr\u00e2ce \u00e0 cet article de notre r\u00e9daction. <\/em><\/p>\n\n\n\n<h2 class=\"wp-block-heading\">Amiens <\/h2>\n\n\n\n<p>Concernant Amiens et ses communes alentours, la journ\u00e9e de samedi se fera sous un <a href=\"https:\/\/meteofrance.com\/previsions-meteo-france\/somme\/80\" id=\"https:\/\/meteofrance.com\/previsions-meteo-france\/somme\/80\">ciel<\/a> nuageux o\u00f9 il fera chaud avec 24 degr\u00e9s mais avec quelques quelques averses en cours d&rsquo;apr\u00e8s-midi. Pour dimanche, encore un temps couvert avec pr\u00e9sence de la pluie parfois abondante, 19\u00b0C du c\u00f4t\u00e9 du thermom\u00e8tre.  <\/p>\n\n\n\n<h2 class=\"wp-block-heading\">P\u00e9ronne<\/h2>\n\n\n\n<p>Pour P\u00e9ronne, on garde le m\u00eame temps pour samedi, c&rsquo;est-\u00e0-dire des nuages au rendez-vous avec 23 degr\u00e9s avec la parapluie recommand\u00e9 pour l&rsquo;apr\u00e8s-midi. Tandis que pour dimanche, 18 degr\u00e9s o\u00f9 il fera couvert avec un risque de pluie. <\/p>\n\n\n\n<h2 class=\"wp-block-heading\">Abbeville<\/h2>\n\n\n\n<p>Enfin du c\u00f4t\u00e9 de l&rsquo;agglom\u00e9ration d&rsquo;Abbeville, il est conseill\u00e9 de pratiquer des <a href=\"https:\/\/www.somme-tourisme.com\/\" id=\"https:\/\/www.somme-tourisme.com\/\">activit\u00e9s en int\u00e9rieur <\/a>pour la journ\u00e9e de samedi puisque des fortes averses sont annonc\u00e9es pour l&rsquo;apr\u00e8s-midi, alors que le thermom\u00e8tre pourrait afficher 23 degr\u00e9s. En ce qui concerne le lendemain, un ciel plut\u00f4t nuageux avec des gouttes de pluie avec seulement 18\u00b0C. <\/p>\n\n\n\n<p><\/p>\n","protected":false},"excerpt":{"rendered":"<p>Voici les pr\u00e9visions m\u00e9t\u00e9o pour votre weekend dans le d\u00e9partement de la Somme avec notamment des nuages et de la pluie au rendez-vous. On fait le point secteur par secteur gr\u00e2ce \u00e0 cet article de notre r\u00e9daction. Amiens Concernant Amiens et ses communes alentours, la journ\u00e9e de samedi se fera sous un ciel nuageux o\u00f9 il fera chaud avec 24 degr\u00e9s mais avec quelques quelques averses en cours d&rsquo;apr\u00e8s-midi. Pour dimanche, encore un temps couvert avec pr\u00e9sence de la pluie parfois abondante, 19\u00b0C du c\u00f4t\u00e9 du thermom\u00e8tre. P\u00e9ronne Pour P\u00e9ronne, on garde le m\u00eame temps pour samedi, c&rsquo;est-\u00e0-dire des nuages au rendez-vous avec 23 degr\u00e9s avec la parapluie recommand\u00e9 pour l&rsquo;apr\u00e8s-midi. Tandis que pour dimanche, 18 degr\u00e9s o\u00f9 il fera couvert avec un risque de pluie. Abbeville Enfin du c\u00f4t\u00e9 de l&rsquo;agglom\u00e9ration d&rsquo;Abbeville, il est conseill\u00e9 de pratiquer des activit\u00e9s en int\u00e9rieur pour la journ\u00e9e de samedi puisque des fortes averses sont annonc\u00e9es pour l&rsquo;apr\u00e8s-midi, alors que le thermom\u00e8tre pourrait afficher 23 degr\u00e9s. En ce qui concerne le lendemain, un ciel plut\u00f4t nuageux avec des gouttes de pluie avec seulement 18\u00b0C.<\/p>\n","protected":false},"author":6,"featured_media":12386,"comment_status":"open","ping_status":"open","sticky":false,"template":"","format":"standard","meta":{"_lmt_disableupdate":"","_lmt_disable":"","footnotes":""},"categories":[11],"tags":[],"class_list":["post-12688","post","type-post","status-publish","format-standard","has-post-thumbnail","hentry","category-amiens"],"yoast_head":"<!-- This site is optimized with the Yoast SEO plugin v27.5 - https:\/\/yoast.com\/product\/yoast-seo-wordpress\/ -->\n<title>Somme : nuages et pluie pour le weekend - Happyness Amiens<\/title>\n<meta name=\"description\" content=\"M\u00e9t\u00e9o dans la Somme : un week-end entre douceur et pluie. D\u00e9couvrez les pr\u00e9visions d\u00e9taill\u00e9es pour Amiens, Abbeville et P\u00e9ronne. Sortez couverts !\" \/>\n<meta name=\"robots\" content=\"index, follow, max-snippet:-1, max-image-preview:large, max-video-preview:-1\" \/>\n<link rel=\"canonical\" href=\"https:\/\/happynessradio.fr\/amiens\/articles\/somme-nuages-et-pluie-pour-le-weekend\/\" \/>\n<meta property=\"og:locale\" content=\"fr_FR\" \/>\n<meta property=\"og:type\" content=\"article\" \/>\n<meta property=\"og:title\" content=\"Somme : nuages et pluie pour le weekend - Happyness Amiens\" \/>\n<meta property=\"og:description\" content=\"M\u00e9t\u00e9o dans la Somme : un week-end entre douceur et pluie. D\u00e9couvrez les pr\u00e9visions d\u00e9taill\u00e9es pour Amiens, Abbeville et P\u00e9ronne. Sortez couverts !\" \/>\n<meta property=\"og:url\" content=\"https:\/\/happynessradio.fr\/amiens\/articles\/somme-nuages-et-pluie-pour-le-weekend\/\" \/>\n<meta property=\"og:site_name\" content=\"Happyness Amiens\" \/>\n<meta property=\"article:published_time\" content=\"2026-05-01T18:13:44+00:00\" \/>\n<meta property=\"article:modified_time\" content=\"2026-05-01T18:13:47+00:00\" \/>\n<meta property=\"og:image\" content=\"https:\/\/happynessradio.fr\/amiens\/wp-content\/uploads\/sites\/3\/2026\/03\/MockUp-Visuels-articles-5.webp\" \/>\n\t<meta property=\"og:image:width\" content=\"1083\" \/>\n\t<meta property=\"og:image:height\" content=\"486\" \/>\n\t<meta property=\"og:image:type\" content=\"image\/webp\" \/>\n<meta name=\"author\" content=\"Lo\u00efc Dun\" \/>\n<meta name=\"twitter:card\" content=\"summary_large_image\" \/>\n<meta name=\"twitter:label1\" content=\"\u00c9crit par\" \/>\n\t<meta name=\"twitter:data1\" content=\"Lo\u00efc Dun\" \/>\n\t<meta name=\"twitter:label2\" content=\"Dur\u00e9e de lecture estim\u00e9e\" \/>\n\t<meta name=\"twitter:data2\" content=\"2 minutes\" \/>\n<script type=\"application\/ld+json\" class=\"yoast-schema-graph\">{\"@context\":\"https:\\\/\\\/schema.org\",\"@graph\":[{\"@type\":\"Article\",\"@id\":\"https:\\\/\\\/happynessradio.fr\\\/amiens\\\/articles\\\/somme-nuages-et-pluie-pour-le-weekend\\\/#article\",\"isPartOf\":{\"@id\":\"https:\\\/\\\/happynessradio.fr\\\/amiens\\\/articles\\\/somme-nuages-et-pluie-pour-le-weekend\\\/\"},\"author\":{\"name\":\"Lo\u00efc Dun\",\"@id\":\"https:\\\/\\\/happynessradio.fr\\\/amiens\\\/#\\\/schema\\\/person\\\/735f1a1ba15f9478beb4249ad52f7252\"},\"headline\":\"Somme : nuages et pluie pour le weekend\",\"datePublished\":\"2026-05-01T18:13:44+00:00\",\"dateModified\":\"2026-05-01T18:13:47+00:00\",\"mainEntityOfPage\":{\"@id\":\"https:\\\/\\\/happynessradio.fr\\\/amiens\\\/articles\\\/somme-nuages-et-pluie-pour-le-weekend\\\/\"},\"wordCount\":218,\"commentCount\":0,\"image\":{\"@id\":\"https:\\\/\\\/happynessradio.fr\\\/amiens\\\/articles\\\/somme-nuages-et-pluie-pour-le-weekend\\\/#primaryimage\"},\"thumbnailUrl\":\"https:\\\/\\\/happynessradio.fr\\\/amiens\\\/wp-content\\\/uploads\\\/sites\\\/3\\\/2026\\\/03\\\/MockUp-Visuels-articles-5.webp\",\"articleSection\":[\"Amiens\"],\"inLanguage\":\"fr-FR\",\"potentialAction\":[{\"@type\":\"CommentAction\",\"name\":\"Comment\",\"target\":[\"https:\\\/\\\/happynessradio.fr\\\/amiens\\\/articles\\\/somme-nuages-et-pluie-pour-le-weekend\\\/#respond\"]}]},{\"@type\":\"WebPage\",\"@id\":\"https:\\\/\\\/happynessradio.fr\\\/amiens\\\/articles\\\/somme-nuages-et-pluie-pour-le-weekend\\\/\",\"url\":\"https:\\\/\\\/happynessradio.fr\\\/amiens\\\/articles\\\/somme-nuages-et-pluie-pour-le-weekend\\\/\",\"name\":\"Somme : nuages et pluie pour le weekend - Happyness Amiens\",\"isPartOf\":{\"@id\":\"https:\\\/\\\/happynessradio.fr\\\/amiens\\\/#website\"},\"primaryImageOfPage\":{\"@id\":\"https:\\\/\\\/happynessradio.fr\\\/amiens\\\/articles\\\/somme-nuages-et-pluie-pour-le-weekend\\\/#primaryimage\"},\"image\":{\"@id\":\"https:\\\/\\\/happynessradio.fr\\\/amiens\\\/articles\\\/somme-nuages-et-pluie-pour-le-weekend\\\/#primaryimage\"},\"thumbnailUrl\":\"https:\\\/\\\/happynessradio.fr\\\/amiens\\\/wp-content\\\/uploads\\\/sites\\\/3\\\/2026\\\/03\\\/MockUp-Visuels-articles-5.webp\",\"datePublished\":\"2026-05-01T18:13:44+00:00\",\"dateModified\":\"2026-05-01T18:13:47+00:00\",\"author\":{\"@id\":\"https:\\\/\\\/happynessradio.fr\\\/amiens\\\/#\\\/schema\\\/person\\\/735f1a1ba15f9478beb4249ad52f7252\"},\"description\":\"M\u00e9t\u00e9o dans la Somme : un week-end entre douceur et pluie. D\u00e9couvrez les pr\u00e9visions d\u00e9taill\u00e9es pour Amiens, Abbeville et P\u00e9ronne. Sortez couverts !\",\"breadcrumb\":{\"@id\":\"https:\\\/\\\/happynessradio.fr\\\/amiens\\\/articles\\\/somme-nuages-et-pluie-pour-le-weekend\\\/#breadcrumb\"},\"inLanguage\":\"fr-FR\",\"potentialAction\":[{\"@type\":\"ReadAction\",\"target\":[\"https:\\\/\\\/happynessradio.fr\\\/amiens\\\/articles\\\/somme-nuages-et-pluie-pour-le-weekend\\\/\"]}]},{\"@type\":\"ImageObject\",\"inLanguage\":\"fr-FR\",\"@id\":\"https:\\\/\\\/happynessradio.fr\\\/amiens\\\/articles\\\/somme-nuages-et-pluie-pour-le-weekend\\\/#primaryimage\",\"url\":\"https:\\\/\\\/happynessradio.fr\\\/amiens\\\/wp-content\\\/uploads\\\/sites\\\/3\\\/2026\\\/03\\\/MockUp-Visuels-articles-5.webp\",\"contentUrl\":\"https:\\\/\\\/happynessradio.fr\\\/amiens\\\/wp-content\\\/uploads\\\/sites\\\/3\\\/2026\\\/03\\\/MockUp-Visuels-articles-5.webp\",\"width\":1083,\"height\":486,\"caption\":\"Vue d'un ciel couvert d'\u00e9pais nuages gris orageux et tourbillonnants, encadr\u00e9e par deux formes g\u00e9om\u00e9triques rouges triangulaires en haut \u00e0 gauche et en bas \u00e0 droite.\"},{\"@type\":\"BreadcrumbList\",\"@id\":\"https:\\\/\\\/happynessradio.fr\\\/amiens\\\/articles\\\/somme-nuages-et-pluie-pour-le-weekend\\\/#breadcrumb\",\"itemListElement\":[{\"@type\":\"ListItem\",\"position\":1,\"name\":\"Accueil\",\"item\":\"https:\\\/\\\/happynessradio.fr\\\/amiens\\\/\"},{\"@type\":\"ListItem\",\"position\":2,\"name\":\"Somme : nuages et pluie pour le weekend\"}]},{\"@type\":\"WebSite\",\"@id\":\"https:\\\/\\\/happynessradio.fr\\\/amiens\\\/#website\",\"url\":\"https:\\\/\\\/happynessradio.fr\\\/amiens\\\/\",\"name\":\"Happyness Amiens\",\"description\":\"Toujours au plus proche de vous\",\"potentialAction\":[{\"@type\":\"SearchAction\",\"target\":{\"@type\":\"EntryPoint\",\"urlTemplate\":\"https:\\\/\\\/happynessradio.fr\\\/amiens\\\/?s={search_term_string}\"},\"query-input\":{\"@type\":\"PropertyValueSpecification\",\"valueRequired\":true,\"valueName\":\"search_term_string\"}}],\"inLanguage\":\"fr-FR\"},{\"@type\":\"Person\",\"@id\":\"https:\\\/\\\/happynessradio.fr\\\/amiens\\\/#\\\/schema\\\/person\\\/735f1a1ba15f9478beb4249ad52f7252\",\"name\":\"Lo\u00efc Dun\",\"image\":{\"@type\":\"ImageObject\",\"inLanguage\":\"fr-FR\",\"@id\":\"https:\\\/\\\/happynessradio.fr\\\/amiens\\\/wp-content\\\/uploads\\\/sites\\\/3\\\/2025\\\/12\\\/cropped-Portrait-Loic-25-26-96x96.webp\",\"url\":\"https:\\\/\\\/happynessradio.fr\\\/amiens\\\/wp-content\\\/uploads\\\/sites\\\/3\\\/2025\\\/12\\\/cropped-Portrait-Loic-25-26-96x96.webp\",\"contentUrl\":\"https:\\\/\\\/happynessradio.fr\\\/amiens\\\/wp-content\\\/uploads\\\/sites\\\/3\\\/2025\\\/12\\\/cropped-Portrait-Loic-25-26-96x96.webp\",\"caption\":\"Lo\u00efc Dun\"},\"description\":\"R\u00e9dacteur web Happyness. Co-animateur (chroniqueur) Quoi d'neuf ? Amiens Chroniqueur Le R\u00e9veil Happyness\",\"sameAs\":[\"https:\\\/\\\/www.instagram.com\\\/lolo80radio\\\/\",\"https:\\\/\\\/www.linkedin.com\\\/in\\\/loc-d-365960164\\\/\"],\"url\":\"https:\\\/\\\/happynessradio.fr\\\/amiens\\\/articles\\\/author\\\/loicdun\\\/\"}]}<\/script>\n<!-- \/ Yoast SEO plugin. -->","yoast_head_json":{"title":"Somme : nuages et pluie pour le weekend - Happyness Amiens","description":"M\u00e9t\u00e9o dans la Somme : un week-end entre douceur et pluie. D\u00e9couvrez les pr\u00e9visions d\u00e9taill\u00e9es pour Amiens, Abbeville et P\u00e9ronne. Sortez couverts !","robots":{"index":"index","follow":"follow","max-snippet":"max-snippet:-1","max-image-preview":"max-image-preview:large","max-video-preview":"max-video-preview:-1"},"canonical":"https:\/\/happynessradio.fr\/amiens\/articles\/somme-nuages-et-pluie-pour-le-weekend\/","og_locale":"fr_FR","og_type":"article","og_title":"Somme : nuages et pluie pour le weekend - Happyness Amiens","og_description":"M\u00e9t\u00e9o dans la Somme : un week-end entre douceur et pluie. D\u00e9couvrez les pr\u00e9visions d\u00e9taill\u00e9es pour Amiens, Abbeville et P\u00e9ronne. Sortez couverts !","og_url":"https:\/\/happynessradio.fr\/amiens\/articles\/somme-nuages-et-pluie-pour-le-weekend\/","og_site_name":"Happyness Amiens","article_published_time":"2026-05-01T18:13:44+00:00","article_modified_time":"2026-05-01T18:13:47+00:00","og_image":[{"width":1083,"height":486,"url":"https:\/\/happynessradio.fr\/amiens\/wp-content\/uploads\/sites\/3\/2026\/03\/MockUp-Visuels-articles-5.webp","type":"image\/webp"}],"author":"Lo\u00efc Dun","twitter_card":"summary_large_image","twitter_misc":{"\u00c9crit par":"Lo\u00efc Dun","Dur\u00e9e de lecture estim\u00e9e":"2 minutes"},"schema":{"@context":"https:\/\/schema.org","@graph":[{"@type":"Article","@id":"https:\/\/happynessradio.fr\/amiens\/articles\/somme-nuages-et-pluie-pour-le-weekend\/#article","isPartOf":{"@id":"https:\/\/happynessradio.fr\/amiens\/articles\/somme-nuages-et-pluie-pour-le-weekend\/"},"author":{"name":"Lo\u00efc Dun","@id":"https:\/\/happynessradio.fr\/amiens\/#\/schema\/person\/735f1a1ba15f9478beb4249ad52f7252"},"headline":"Somme : nuages et pluie pour le weekend","datePublished":"2026-05-01T18:13:44+00:00","dateModified":"2026-05-01T18:13:47+00:00","mainEntityOfPage":{"@id":"https:\/\/happynessradio.fr\/amiens\/articles\/somme-nuages-et-pluie-pour-le-weekend\/"},"wordCount":218,"commentCount":0,"image":{"@id":"https:\/\/happynessradio.fr\/amiens\/articles\/somme-nuages-et-pluie-pour-le-weekend\/#primaryimage"},"thumbnailUrl":"https:\/\/happynessradio.fr\/amiens\/wp-content\/uploads\/sites\/3\/2026\/03\/MockUp-Visuels-articles-5.webp","articleSection":["Amiens"],"inLanguage":"fr-FR","potentialAction":[{"@type":"CommentAction","name":"Comment","target":["https:\/\/happynessradio.fr\/amiens\/articles\/somme-nuages-et-pluie-pour-le-weekend\/#respond"]}]},{"@type":"WebPage","@id":"https:\/\/happynessradio.fr\/amiens\/articles\/somme-nuages-et-pluie-pour-le-weekend\/","url":"https:\/\/happynessradio.fr\/amiens\/articles\/somme-nuages-et-pluie-pour-le-weekend\/","name":"Somme : nuages et pluie pour le weekend - Happyness Amiens","isPartOf":{"@id":"https:\/\/happynessradio.fr\/amiens\/#website"},"primaryImageOfPage":{"@id":"https:\/\/happynessradio.fr\/amiens\/articles\/somme-nuages-et-pluie-pour-le-weekend\/#primaryimage"},"image":{"@id":"https:\/\/happynessradio.fr\/amiens\/articles\/somme-nuages-et-pluie-pour-le-weekend\/#primaryimage"},"thumbnailUrl":"https:\/\/happynessradio.fr\/amiens\/wp-content\/uploads\/sites\/3\/2026\/03\/MockUp-Visuels-articles-5.webp","datePublished":"2026-05-01T18:13:44+00:00","dateModified":"2026-05-01T18:13:47+00:00","author":{"@id":"https:\/\/happynessradio.fr\/amiens\/#\/schema\/person\/735f1a1ba15f9478beb4249ad52f7252"},"description":"M\u00e9t\u00e9o dans la Somme : un week-end entre douceur et pluie. D\u00e9couvrez les pr\u00e9visions d\u00e9taill\u00e9es pour Amiens, Abbeville et P\u00e9ronne. Sortez couverts !","breadcrumb":{"@id":"https:\/\/happynessradio.fr\/amiens\/articles\/somme-nuages-et-pluie-pour-le-weekend\/#breadcrumb"},"inLanguage":"fr-FR","potentialAction":[{"@type":"ReadAction","target":["https:\/\/happynessradio.fr\/amiens\/articles\/somme-nuages-et-pluie-pour-le-weekend\/"]}]},{"@type":"ImageObject","inLanguage":"fr-FR","@id":"https:\/\/happynessradio.fr\/amiens\/articles\/somme-nuages-et-pluie-pour-le-weekend\/#primaryimage","url":"https:\/\/happynessradio.fr\/amiens\/wp-content\/uploads\/sites\/3\/2026\/03\/MockUp-Visuels-articles-5.webp","contentUrl":"https:\/\/happynessradio.fr\/amiens\/wp-content\/uploads\/sites\/3\/2026\/03\/MockUp-Visuels-articles-5.webp","width":1083,"height":486,"caption":"Vue d'un ciel couvert d'\u00e9pais nuages gris orageux et tourbillonnants, encadr\u00e9e par deux formes g\u00e9om\u00e9triques rouges triangulaires en haut \u00e0 gauche et en bas \u00e0 droite."},{"@type":"BreadcrumbList","@id":"https:\/\/happynessradio.fr\/amiens\/articles\/somme-nuages-et-pluie-pour-le-weekend\/#breadcrumb","itemListElement":[{"@type":"ListItem","position":1,"name":"Accueil","item":"https:\/\/happynessradio.fr\/amiens\/"},{"@type":"ListItem","position":2,"name":"Somme : nuages et pluie pour le weekend"}]},{"@type":"WebSite","@id":"https:\/\/happynessradio.fr\/amiens\/#website","url":"https:\/\/happynessradio.fr\/amiens\/","name":"Happyness Amiens","description":"Toujours au plus proche de vous","potentialAction":[{"@type":"SearchAction","target":{"@type":"EntryPoint","urlTemplate":"https:\/\/happynessradio.fr\/amiens\/?s={search_term_string}"},"query-input":{"@type":"PropertyValueSpecification","valueRequired":true,"valueName":"search_term_string"}}],"inLanguage":"fr-FR"},{"@type":"Person","@id":"https:\/\/happynessradio.fr\/amiens\/#\/schema\/person\/735f1a1ba15f9478beb4249ad52f7252","name":"Lo\u00efc Dun","image":{"@type":"ImageObject","inLanguage":"fr-FR","@id":"https:\/\/happynessradio.fr\/amiens\/wp-content\/uploads\/sites\/3\/2025\/12\/cropped-Portrait-Loic-25-26-96x96.webp","url":"https:\/\/happynessradio.fr\/amiens\/wp-content\/uploads\/sites\/3\/2025\/12\/cropped-Portrait-Loic-25-26-96x96.webp","contentUrl":"https:\/\/happynessradio.fr\/amiens\/wp-content\/uploads\/sites\/3\/2025\/12\/cropped-Portrait-Loic-25-26-96x96.webp","caption":"Lo\u00efc Dun"},"description":"R\u00e9dacteur web Happyness. Co-animateur (chroniqueur) Quoi d'neuf ? Amiens Chroniqueur Le R\u00e9veil Happyness","sameAs":["https:\/\/www.instagram.com\/lolo80radio\/","https:\/\/www.linkedin.com\/in\/loc-d-365960164\/"],"url":"https:\/\/happynessradio.fr\/amiens\/articles\/author\/loicdun\/"}]}},"modified_by":"Lo\u00efc Dun","_links":{"self":[{"href":"https:\/\/happynessradio.fr\/amiens\/wp-json\/wp\/v2\/posts\/12688","targetHints":{"allow":["GET"]}}],"collection":[{"href":"https:\/\/happynessradio.fr\/amiens\/wp-json\/wp\/v2\/posts"}],"about":[{"href":"https:\/\/happynessradio.fr\/amiens\/wp-json\/wp\/v2\/types\/post"}],"author":[{"embeddable":true,"href":"https:\/\/happynessradio.fr\/amiens\/wp-json\/wp\/v2\/users\/6"}],"replies":[{"embeddable":true,"href":"https:\/\/happynessradio.fr\/amiens\/wp-json\/wp\/v2\/comments?post=12688"}],"version-history":[{"count":1,"href":"https:\/\/happynessradio.fr\/amiens\/wp-json\/wp\/v2\/posts\/12688\/revisions"}],"predecessor-version":[{"id":12689,"href":"https:\/\/happynessradio.fr\/amiens\/wp-json\/wp\/v2\/posts\/12688\/revisions\/12689"}],"wp:featuredmedia":[{"embeddable":true,"href":"https:\/\/happynessradio.fr\/amiens\/wp-json\/wp\/v2\/media\/12386"}],"wp:attachment":[{"href":"https:\/\/happynessradio.fr\/amiens\/wp-json\/wp\/v2\/media?parent=12688"}],"wp:term":[{"taxonomy":"category","embeddable":true,"href":"https:\/\/happynessradio.fr\/amiens\/wp-json\/wp\/v2\/categories?post=12688"},{"taxonomy":"post_tag","embeddable":true,"href":"https:\/\/happynessradio.fr\/amiens\/wp-json\/wp\/v2\/tags?post=12688"}],"curies":[{"name":"wp","href":"https:\/\/api.w.org\/{rel}","templated":true}]}}