{"id":9430,"date":"2025-09-03T18:58:31","date_gmt":"2025-09-03T16:58:31","guid":{"rendered":"https:\/\/happynessradio.fr\/?p=9430"},"modified":"2025-12-30T18:57:55","modified_gmt":"2025-12-30T17:57:55","slug":"le-festival-charlemailles-a-lhonneur-dans-quoi-dneuf-amiens","status":"publish","type":"post","link":"https:\/\/happynessradio.fr\/amiens\/articles\/le-festival-charlemailles-a-lhonneur-dans-quoi-dneuf-amiens\/","title":{"rendered":"Le festival Charlemailles \u00e0 l&rsquo;honneur dans Quoi d&rsquo;neuf ? Amiens"},"content":{"rendered":"\n<p class=\"has-text-align-center\"><em>Louise et Mathieu du Festival Charlemailles \u00e9taient, mercredi 3 septembre, les invit\u00e9s de l&rsquo;\u00e9quipe de <a href=\"https:\/\/happynessradio.fr\/amiens\/amiens\/podcasts\/quoi-d-neuf-amiens\/\">Quoi d&rsquo;neuf Amiens.<\/a> <\/em><\/p>\n\n\n\n<p><strong>Un weekend pour passionn\u00e9s du fait main<\/strong><\/p>\n\n\n\n<p class=\"has-text-align-center\"><a href=\"https:\/\/festivalcharlemailles.fr\/\">Le festival Charlemailles<\/a> est festival qui se d\u00e9roule le weekend du 13 et septembre 2025 au sein du coll\u00e8ge-lyc\u00e9e Saint-Riquier \u00e0 Amiens. Un \u00e9v\u00e8nement pour les passionn\u00e9s du fait main, et en particulier, ceux des arts du fils comme le tricot, le crochet, et aussi la couture.<\/p>\n\n\n\n<p><strong>Ouvert \u00e0 tous <\/strong><\/p>\n\n\n\n<blockquote class=\"wp-block-quote is-layout-flow wp-block-quote-is-layout-flow\">\n<p class=\"has-text-align-center\">Il s&rsquo;agit d&rsquo;un festival ouvert \u00e0 tous, y compris aux enfants. Des animations avec des ateliers et des exposants sont d&rsquo;ailleurs pr\u00e9vus. Attention, acc\u00e8s payant, 5 euros pour une journ\u00e9e et 8 euros pour le weekend. <\/p>\n\n\n\n<p><\/p>\n<\/blockquote>\n\n\n\n<blockquote class=\"wp-block-quote is-layout-flow wp-block-quote-is-layout-flow\">\n<blockquote class=\"wp-block-quote is-layout-flow wp-block-quote-is-layout-flow\">\n<p><strong>Les horaires et<\/strong> <strong>les contacts <\/strong><\/p>\n<\/blockquote>\n<\/blockquote>\n\n\n\n<p>Samedi 13\/09\/25  : 10h00 \u2013 18h00Dimanche 14\/09\/25 : 10h00 \u2013 16h30. <\/p>\n\n\n\n<p>06 43 79 37 63  contact.charlemailles@gmail.com<\/p>\n\n\n\n<h4 class=\"wp-block-heading\"><strong>Le podcast <\/strong><\/h4>\n\n\n\n<p>pour \u00e9couter ou r\u00e9\u00e9couter cette \u00e9mission, <a href=\"https:\/\/happynessradio.fr\/amiens\/amiens\/podcasts\/quoi-d-neuf-amiens\/\">c&rsquo;est par ici <\/a><\/p>\n\n\n\n<hr class=\"wp-block-separator has-alpha-channel-opacity\" \/>\n\n\n\n<p>Festival Charlemailles Amiens, Happyness Amiens<\/p>\n","protected":false},"excerpt":{"rendered":"<p>Louise et Mathieu du Festival Charlemailles \u00e9taient, mercredi 3 septembre, les invit\u00e9s de l&rsquo;\u00e9quipe de Quoi d&rsquo;neuf Amiens. Un weekend pour passionn\u00e9s du fait main Le festival Charlemailles est festival qui se d\u00e9roule le weekend du 13 et septembre 2025 au sein du coll\u00e8ge-lyc\u00e9e Saint-Riquier \u00e0 Amiens. Un \u00e9v\u00e8nement pour les passionn\u00e9s du fait main, et en particulier, ceux des arts du fils comme le tricot, le crochet, et aussi la couture. Ouvert \u00e0 tous Il s&rsquo;agit d&rsquo;un festival ouvert \u00e0 tous, y compris aux enfants. Des animations avec des ateliers et des exposants sont d&rsquo;ailleurs pr\u00e9vus. Attention, acc\u00e8s payant, 5 euros pour une journ\u00e9e et 8 euros pour le weekend. Samedi 13\/09\/25 : 10h00 \u2013 18h00Dimanche 14\/09\/25 : 10h00 \u2013 16h30. 06 43 79 37 63 contact.charlemailles@gmail.com Le podcast pour \u00e9couter ou r\u00e9\u00e9couter cette \u00e9mission, c&rsquo;est par ici Festival Charlemailles Amiens, Happyness Amiens<\/p>\n","protected":false},"author":6,"featured_media":10910,"comment_status":"open","ping_status":"open","sticky":false,"template":"","format":"standard","meta":{"_lmt_disableupdate":"","_lmt_disable":"","footnotes":""},"categories":[11],"tags":[],"class_list":["post-9430","post","type-post","status-publish","format-standard","has-post-thumbnail","hentry","category-amiens"],"yoast_head":"<!-- This site is optimized with the Yoast SEO plugin v27.5 - https:\/\/yoast.com\/product\/yoast-seo-wordpress\/ -->\n<title>Le festival Charlemailles \u00e0 l&#039;honneur dans Quoi d&#039;neuf ? Amiens - Happyness Amiens<\/title>\n<meta name=\"description\" content=\"Le festival Charlemailles \u00e0 l&#039;honneur dans Quoi d&#039;neuf ? Amiens, Louise et Mathieu du Festival Charlemailles \u00e9taient les invit\u00e9s de l&#039;\u00e9quipe.\" \/>\n<meta name=\"robots\" content=\"index, follow, max-snippet:-1, max-image-preview:large, max-video-preview:-1\" \/>\n<link rel=\"canonical\" href=\"https:\/\/happynessradio.fr\/amiens\/articles\/le-festival-charlemailles-a-lhonneur-dans-quoi-dneuf-amiens\/\" \/>\n<meta property=\"og:locale\" content=\"fr_FR\" \/>\n<meta property=\"og:type\" content=\"article\" \/>\n<meta property=\"og:title\" content=\"Le festival Charlemailles \u00e0 l&#039;honneur dans Quoi d&#039;neuf ? Amiens - Happyness Amiens\" \/>\n<meta property=\"og:description\" content=\"Le festival Charlemailles \u00e0 l&#039;honneur dans Quoi d&#039;neuf ? Amiens, Louise et Mathieu du Festival Charlemailles \u00e9taient les invit\u00e9s de l&#039;\u00e9quipe.\" \/>\n<meta property=\"og:url\" content=\"https:\/\/happynessradio.fr\/amiens\/articles\/le-festival-charlemailles-a-lhonneur-dans-quoi-dneuf-amiens\/\" \/>\n<meta property=\"og:site_name\" content=\"Happyness Amiens\" \/>\n<meta property=\"article:published_time\" content=\"2025-09-03T16:58:31+00:00\" \/>\n<meta property=\"article:modified_time\" content=\"2025-12-30T17:57:55+00:00\" \/>\n<meta property=\"og:image\" content=\"https:\/\/happynessradio.fr\/amiens\/wp-content\/uploads\/sites\/3\/2025\/12\/Visuel-Aucun.webp\" \/>\n\t<meta property=\"og:image:width\" content=\"1084\" \/>\n\t<meta property=\"og:image:height\" content=\"487\" \/>\n\t<meta property=\"og:image:type\" content=\"image\/webp\" \/>\n<meta name=\"author\" content=\"Lo\u00efc Dun\" \/>\n<meta name=\"twitter:card\" content=\"summary_large_image\" \/>\n<meta name=\"twitter:label1\" content=\"\u00c9crit par\" \/>\n\t<meta name=\"twitter:data1\" content=\"Lo\u00efc Dun\" \/>\n\t<meta name=\"twitter:label2\" content=\"Dur\u00e9e de lecture estim\u00e9e\" \/>\n\t<meta name=\"twitter:data2\" content=\"1 minute\" \/>\n<script type=\"application\/ld+json\" class=\"yoast-schema-graph\">{\"@context\":\"https:\\\/\\\/schema.org\",\"@graph\":[{\"@type\":\"Article\",\"@id\":\"https:\\\/\\\/happynessradio.fr\\\/amiens\\\/articles\\\/le-festival-charlemailles-a-lhonneur-dans-quoi-dneuf-amiens\\\/#article\",\"isPartOf\":{\"@id\":\"https:\\\/\\\/happynessradio.fr\\\/amiens\\\/articles\\\/le-festival-charlemailles-a-lhonneur-dans-quoi-dneuf-amiens\\\/\"},\"author\":{\"name\":\"Lo\u00efc Dun\",\"@id\":\"https:\\\/\\\/happynessradio.fr\\\/amiens\\\/#\\\/schema\\\/person\\\/735f1a1ba15f9478beb4249ad52f7252\"},\"headline\":\"Le festival Charlemailles \u00e0 l&rsquo;honneur dans Quoi d&rsquo;neuf ? Amiens\",\"datePublished\":\"2025-09-03T16:58:31+00:00\",\"dateModified\":\"2025-12-30T17:57:55+00:00\",\"mainEntityOfPage\":{\"@id\":\"https:\\\/\\\/happynessradio.fr\\\/amiens\\\/articles\\\/le-festival-charlemailles-a-lhonneur-dans-quoi-dneuf-amiens\\\/\"},\"wordCount\":161,\"commentCount\":0,\"image\":{\"@id\":\"https:\\\/\\\/happynessradio.fr\\\/amiens\\\/articles\\\/le-festival-charlemailles-a-lhonneur-dans-quoi-dneuf-amiens\\\/#primaryimage\"},\"thumbnailUrl\":\"https:\\\/\\\/happynessradio.fr\\\/amiens\\\/wp-content\\\/uploads\\\/sites\\\/3\\\/2025\\\/12\\\/Visuel-Aucun.webp\",\"articleSection\":[\"Amiens\"],\"inLanguage\":\"fr-FR\",\"potentialAction\":[{\"@type\":\"CommentAction\",\"name\":\"Comment\",\"target\":[\"https:\\\/\\\/happynessradio.fr\\\/amiens\\\/articles\\\/le-festival-charlemailles-a-lhonneur-dans-quoi-dneuf-amiens\\\/#respond\"]}]},{\"@type\":\"WebPage\",\"@id\":\"https:\\\/\\\/happynessradio.fr\\\/amiens\\\/articles\\\/le-festival-charlemailles-a-lhonneur-dans-quoi-dneuf-amiens\\\/\",\"url\":\"https:\\\/\\\/happynessradio.fr\\\/amiens\\\/articles\\\/le-festival-charlemailles-a-lhonneur-dans-quoi-dneuf-amiens\\\/\",\"name\":\"Le festival Charlemailles \u00e0 l'honneur dans Quoi d'neuf ? Amiens - Happyness Amiens\",\"isPartOf\":{\"@id\":\"https:\\\/\\\/happynessradio.fr\\\/amiens\\\/#website\"},\"primaryImageOfPage\":{\"@id\":\"https:\\\/\\\/happynessradio.fr\\\/amiens\\\/articles\\\/le-festival-charlemailles-a-lhonneur-dans-quoi-dneuf-amiens\\\/#primaryimage\"},\"image\":{\"@id\":\"https:\\\/\\\/happynessradio.fr\\\/amiens\\\/articles\\\/le-festival-charlemailles-a-lhonneur-dans-quoi-dneuf-amiens\\\/#primaryimage\"},\"thumbnailUrl\":\"https:\\\/\\\/happynessradio.fr\\\/amiens\\\/wp-content\\\/uploads\\\/sites\\\/3\\\/2025\\\/12\\\/Visuel-Aucun.webp\",\"datePublished\":\"2025-09-03T16:58:31+00:00\",\"dateModified\":\"2025-12-30T17:57:55+00:00\",\"author\":{\"@id\":\"https:\\\/\\\/happynessradio.fr\\\/amiens\\\/#\\\/schema\\\/person\\\/735f1a1ba15f9478beb4249ad52f7252\"},\"description\":\"Le festival Charlemailles \u00e0 l'honneur dans Quoi d'neuf ? Amiens, Louise et Mathieu du Festival Charlemailles \u00e9taient les invit\u00e9s de l'\u00e9quipe.\",\"breadcrumb\":{\"@id\":\"https:\\\/\\\/happynessradio.fr\\\/amiens\\\/articles\\\/le-festival-charlemailles-a-lhonneur-dans-quoi-dneuf-amiens\\\/#breadcrumb\"},\"inLanguage\":\"fr-FR\",\"potentialAction\":[{\"@type\":\"ReadAction\",\"target\":[\"https:\\\/\\\/happynessradio.fr\\\/amiens\\\/articles\\\/le-festival-charlemailles-a-lhonneur-dans-quoi-dneuf-amiens\\\/\"]}]},{\"@type\":\"ImageObject\",\"inLanguage\":\"fr-FR\",\"@id\":\"https:\\\/\\\/happynessradio.fr\\\/amiens\\\/articles\\\/le-festival-charlemailles-a-lhonneur-dans-quoi-dneuf-amiens\\\/#primaryimage\",\"url\":\"https:\\\/\\\/happynessradio.fr\\\/amiens\\\/wp-content\\\/uploads\\\/sites\\\/3\\\/2025\\\/12\\\/Visuel-Aucun.webp\",\"contentUrl\":\"https:\\\/\\\/happynessradio.fr\\\/amiens\\\/wp-content\\\/uploads\\\/sites\\\/3\\\/2025\\\/12\\\/Visuel-Aucun.webp\",\"width\":1084,\"height\":487},{\"@type\":\"BreadcrumbList\",\"@id\":\"https:\\\/\\\/happynessradio.fr\\\/amiens\\\/articles\\\/le-festival-charlemailles-a-lhonneur-dans-quoi-dneuf-amiens\\\/#breadcrumb\",\"itemListElement\":[{\"@type\":\"ListItem\",\"position\":1,\"name\":\"Accueil\",\"item\":\"https:\\\/\\\/happynessradio.fr\\\/amiens\\\/\"},{\"@type\":\"ListItem\",\"position\":2,\"name\":\"Le festival Charlemailles \u00e0 l&rsquo;honneur dans Quoi d&rsquo;neuf ? Amiens\"}]},{\"@type\":\"WebSite\",\"@id\":\"https:\\\/\\\/happynessradio.fr\\\/amiens\\\/#website\",\"url\":\"https:\\\/\\\/happynessradio.fr\\\/amiens\\\/\",\"name\":\"Happyness Amiens\",\"description\":\"Toujours au plus proche de vous\",\"potentialAction\":[{\"@type\":\"SearchAction\",\"target\":{\"@type\":\"EntryPoint\",\"urlTemplate\":\"https:\\\/\\\/happynessradio.fr\\\/amiens\\\/?s={search_term_string}\"},\"query-input\":{\"@type\":\"PropertyValueSpecification\",\"valueRequired\":true,\"valueName\":\"search_term_string\"}}],\"inLanguage\":\"fr-FR\"},{\"@type\":\"Person\",\"@id\":\"https:\\\/\\\/happynessradio.fr\\\/amiens\\\/#\\\/schema\\\/person\\\/735f1a1ba15f9478beb4249ad52f7252\",\"name\":\"Lo\u00efc Dun\",\"image\":{\"@type\":\"ImageObject\",\"inLanguage\":\"fr-FR\",\"@id\":\"https:\\\/\\\/happynessradio.fr\\\/amiens\\\/wp-content\\\/uploads\\\/sites\\\/3\\\/2025\\\/12\\\/cropped-Portrait-Loic-25-26-96x96.webp\",\"url\":\"https:\\\/\\\/happynessradio.fr\\\/amiens\\\/wp-content\\\/uploads\\\/sites\\\/3\\\/2025\\\/12\\\/cropped-Portrait-Loic-25-26-96x96.webp\",\"contentUrl\":\"https:\\\/\\\/happynessradio.fr\\\/amiens\\\/wp-content\\\/uploads\\\/sites\\\/3\\\/2025\\\/12\\\/cropped-Portrait-Loic-25-26-96x96.webp\",\"caption\":\"Lo\u00efc Dun\"},\"description\":\"R\u00e9dacteur web Happyness. Co-animateur (chroniqueur) Quoi d'neuf ? Amiens Chroniqueur Le R\u00e9veil Happyness\",\"sameAs\":[\"https:\\\/\\\/www.instagram.com\\\/lolo80radio\\\/\",\"https:\\\/\\\/www.linkedin.com\\\/in\\\/loc-d-365960164\\\/\"],\"url\":\"https:\\\/\\\/happynessradio.fr\\\/amiens\\\/articles\\\/author\\\/loicdun\\\/\"}]}<\/script>\n<!-- \/ Yoast SEO plugin. -->","yoast_head_json":{"title":"Le festival Charlemailles \u00e0 l'honneur dans Quoi d'neuf ? Amiens - Happyness Amiens","description":"Le festival Charlemailles \u00e0 l'honneur dans Quoi d'neuf ? Amiens, Louise et Mathieu du Festival Charlemailles \u00e9taient les invit\u00e9s de l'\u00e9quipe.","robots":{"index":"index","follow":"follow","max-snippet":"max-snippet:-1","max-image-preview":"max-image-preview:large","max-video-preview":"max-video-preview:-1"},"canonical":"https:\/\/happynessradio.fr\/amiens\/articles\/le-festival-charlemailles-a-lhonneur-dans-quoi-dneuf-amiens\/","og_locale":"fr_FR","og_type":"article","og_title":"Le festival Charlemailles \u00e0 l'honneur dans Quoi d'neuf ? Amiens - Happyness Amiens","og_description":"Le festival Charlemailles \u00e0 l'honneur dans Quoi d'neuf ? Amiens, Louise et Mathieu du Festival Charlemailles \u00e9taient les invit\u00e9s de l'\u00e9quipe.","og_url":"https:\/\/happynessradio.fr\/amiens\/articles\/le-festival-charlemailles-a-lhonneur-dans-quoi-dneuf-amiens\/","og_site_name":"Happyness Amiens","article_published_time":"2025-09-03T16:58:31+00:00","article_modified_time":"2025-12-30T17:57:55+00:00","og_image":[{"width":1084,"height":487,"url":"https:\/\/happynessradio.fr\/amiens\/wp-content\/uploads\/sites\/3\/2025\/12\/Visuel-Aucun.webp","type":"image\/webp"}],"author":"Lo\u00efc Dun","twitter_card":"summary_large_image","twitter_misc":{"\u00c9crit par":"Lo\u00efc Dun","Dur\u00e9e de lecture estim\u00e9e":"1 minute"},"schema":{"@context":"https:\/\/schema.org","@graph":[{"@type":"Article","@id":"https:\/\/happynessradio.fr\/amiens\/articles\/le-festival-charlemailles-a-lhonneur-dans-quoi-dneuf-amiens\/#article","isPartOf":{"@id":"https:\/\/happynessradio.fr\/amiens\/articles\/le-festival-charlemailles-a-lhonneur-dans-quoi-dneuf-amiens\/"},"author":{"name":"Lo\u00efc Dun","@id":"https:\/\/happynessradio.fr\/amiens\/#\/schema\/person\/735f1a1ba15f9478beb4249ad52f7252"},"headline":"Le festival Charlemailles \u00e0 l&rsquo;honneur dans Quoi d&rsquo;neuf ? Amiens","datePublished":"2025-09-03T16:58:31+00:00","dateModified":"2025-12-30T17:57:55+00:00","mainEntityOfPage":{"@id":"https:\/\/happynessradio.fr\/amiens\/articles\/le-festival-charlemailles-a-lhonneur-dans-quoi-dneuf-amiens\/"},"wordCount":161,"commentCount":0,"image":{"@id":"https:\/\/happynessradio.fr\/amiens\/articles\/le-festival-charlemailles-a-lhonneur-dans-quoi-dneuf-amiens\/#primaryimage"},"thumbnailUrl":"https:\/\/happynessradio.fr\/amiens\/wp-content\/uploads\/sites\/3\/2025\/12\/Visuel-Aucun.webp","articleSection":["Amiens"],"inLanguage":"fr-FR","potentialAction":[{"@type":"CommentAction","name":"Comment","target":["https:\/\/happynessradio.fr\/amiens\/articles\/le-festival-charlemailles-a-lhonneur-dans-quoi-dneuf-amiens\/#respond"]}]},{"@type":"WebPage","@id":"https:\/\/happynessradio.fr\/amiens\/articles\/le-festival-charlemailles-a-lhonneur-dans-quoi-dneuf-amiens\/","url":"https:\/\/happynessradio.fr\/amiens\/articles\/le-festival-charlemailles-a-lhonneur-dans-quoi-dneuf-amiens\/","name":"Le festival Charlemailles \u00e0 l'honneur dans Quoi d'neuf ? Amiens - Happyness Amiens","isPartOf":{"@id":"https:\/\/happynessradio.fr\/amiens\/#website"},"primaryImageOfPage":{"@id":"https:\/\/happynessradio.fr\/amiens\/articles\/le-festival-charlemailles-a-lhonneur-dans-quoi-dneuf-amiens\/#primaryimage"},"image":{"@id":"https:\/\/happynessradio.fr\/amiens\/articles\/le-festival-charlemailles-a-lhonneur-dans-quoi-dneuf-amiens\/#primaryimage"},"thumbnailUrl":"https:\/\/happynessradio.fr\/amiens\/wp-content\/uploads\/sites\/3\/2025\/12\/Visuel-Aucun.webp","datePublished":"2025-09-03T16:58:31+00:00","dateModified":"2025-12-30T17:57:55+00:00","author":{"@id":"https:\/\/happynessradio.fr\/amiens\/#\/schema\/person\/735f1a1ba15f9478beb4249ad52f7252"},"description":"Le festival Charlemailles \u00e0 l'honneur dans Quoi d'neuf ? Amiens, Louise et Mathieu du Festival Charlemailles \u00e9taient les invit\u00e9s de l'\u00e9quipe.","breadcrumb":{"@id":"https:\/\/happynessradio.fr\/amiens\/articles\/le-festival-charlemailles-a-lhonneur-dans-quoi-dneuf-amiens\/#breadcrumb"},"inLanguage":"fr-FR","potentialAction":[{"@type":"ReadAction","target":["https:\/\/happynessradio.fr\/amiens\/articles\/le-festival-charlemailles-a-lhonneur-dans-quoi-dneuf-amiens\/"]}]},{"@type":"ImageObject","inLanguage":"fr-FR","@id":"https:\/\/happynessradio.fr\/amiens\/articles\/le-festival-charlemailles-a-lhonneur-dans-quoi-dneuf-amiens\/#primaryimage","url":"https:\/\/happynessradio.fr\/amiens\/wp-content\/uploads\/sites\/3\/2025\/12\/Visuel-Aucun.webp","contentUrl":"https:\/\/happynessradio.fr\/amiens\/wp-content\/uploads\/sites\/3\/2025\/12\/Visuel-Aucun.webp","width":1084,"height":487},{"@type":"BreadcrumbList","@id":"https:\/\/happynessradio.fr\/amiens\/articles\/le-festival-charlemailles-a-lhonneur-dans-quoi-dneuf-amiens\/#breadcrumb","itemListElement":[{"@type":"ListItem","position":1,"name":"Accueil","item":"https:\/\/happynessradio.fr\/amiens\/"},{"@type":"ListItem","position":2,"name":"Le festival Charlemailles \u00e0 l&rsquo;honneur dans Quoi d&rsquo;neuf ? Amiens"}]},{"@type":"WebSite","@id":"https:\/\/happynessradio.fr\/amiens\/#website","url":"https:\/\/happynessradio.fr\/amiens\/","name":"Happyness Amiens","description":"Toujours au plus proche de vous","potentialAction":[{"@type":"SearchAction","target":{"@type":"EntryPoint","urlTemplate":"https:\/\/happynessradio.fr\/amiens\/?s={search_term_string}"},"query-input":{"@type":"PropertyValueSpecification","valueRequired":true,"valueName":"search_term_string"}}],"inLanguage":"fr-FR"},{"@type":"Person","@id":"https:\/\/happynessradio.fr\/amiens\/#\/schema\/person\/735f1a1ba15f9478beb4249ad52f7252","name":"Lo\u00efc Dun","image":{"@type":"ImageObject","inLanguage":"fr-FR","@id":"https:\/\/happynessradio.fr\/amiens\/wp-content\/uploads\/sites\/3\/2025\/12\/cropped-Portrait-Loic-25-26-96x96.webp","url":"https:\/\/happynessradio.fr\/amiens\/wp-content\/uploads\/sites\/3\/2025\/12\/cropped-Portrait-Loic-25-26-96x96.webp","contentUrl":"https:\/\/happynessradio.fr\/amiens\/wp-content\/uploads\/sites\/3\/2025\/12\/cropped-Portrait-Loic-25-26-96x96.webp","caption":"Lo\u00efc Dun"},"description":"R\u00e9dacteur web Happyness. Co-animateur (chroniqueur) Quoi d'neuf ? Amiens Chroniqueur Le R\u00e9veil Happyness","sameAs":["https:\/\/www.instagram.com\/lolo80radio\/","https:\/\/www.linkedin.com\/in\/loc-d-365960164\/"],"url":"https:\/\/happynessradio.fr\/amiens\/articles\/author\/loicdun\/"}]}},"modified_by":"kevinpecourt","_links":{"self":[{"href":"https:\/\/happynessradio.fr\/amiens\/wp-json\/wp\/v2\/posts\/9430","targetHints":{"allow":["GET"]}}],"collection":[{"href":"https:\/\/happynessradio.fr\/amiens\/wp-json\/wp\/v2\/posts"}],"about":[{"href":"https:\/\/happynessradio.fr\/amiens\/wp-json\/wp\/v2\/types\/post"}],"author":[{"embeddable":true,"href":"https:\/\/happynessradio.fr\/amiens\/wp-json\/wp\/v2\/users\/6"}],"replies":[{"embeddable":true,"href":"https:\/\/happynessradio.fr\/amiens\/wp-json\/wp\/v2\/comments?post=9430"}],"version-history":[{"count":1,"href":"https:\/\/happynessradio.fr\/amiens\/wp-json\/wp\/v2\/posts\/9430\/revisions"}],"predecessor-version":[{"id":10948,"href":"https:\/\/happynessradio.fr\/amiens\/wp-json\/wp\/v2\/posts\/9430\/revisions\/10948"}],"wp:featuredmedia":[{"embeddable":true,"href":"https:\/\/happynessradio.fr\/amiens\/wp-json\/wp\/v2\/media\/10910"}],"wp:attachment":[{"href":"https:\/\/happynessradio.fr\/amiens\/wp-json\/wp\/v2\/media?parent=9430"}],"wp:term":[{"taxonomy":"category","embeddable":true,"href":"https:\/\/happynessradio.fr\/amiens\/wp-json\/wp\/v2\/categories?post=9430"},{"taxonomy":"post_tag","embeddable":true,"href":"https:\/\/happynessradio.fr\/amiens\/wp-json\/wp\/v2\/tags?post=9430"}],"curies":[{"name":"wp","href":"https:\/\/api.w.org\/{rel}","templated":true}]}}