{"id":9727,"date":"2025-09-17T23:38:16","date_gmt":"2025-09-17T21:38:16","guid":{"rendered":"https:\/\/happynessradio.fr\/?p=9727"},"modified":"2025-12-30T18:56:38","modified_gmt":"2025-12-30T17:56:38","slug":"amiens-succes-pour-le-festival-charlemailles","status":"publish","type":"post","link":"https:\/\/happynessradio.fr\/amiens\/articles\/amiens-succes-pour-le-festival-charlemailles\/","title":{"rendered":"Amiens : succ\u00e8s pour le Festival Charlemailles"},"content":{"rendered":"\n<p><em>La premi\u00e8re \u00e9dition du <strong>Festival Charlemaille<\/strong> a rencontr\u00e9 le succ\u00e8s pour sa premi\u00e8re journ\u00e9e, le samedi 13 septembre. Une belle r\u00e9ussite donc pour les organisateurs, Louise et Mathieu, et pour l&rsquo;ensemble des b\u00e9n\u00e9voles. <strong>Happyness<\/strong> s&rsquo;est rendu sur place. <\/em><\/p>\n\n\n\n<p><strong>La r\u00e9ussite au rendez-vous <\/strong><\/p>\n\n\n\n<p>Il faut dire que Louise et Mathieu, ainsi que l&rsquo;ensemble des b\u00e9n\u00e9voles, avaient mis les petits plats dans les grands pour que cette premi\u00e8re journ\u00e9e du <strong>festival Charlemailles<\/strong> d\u00e9di\u00e9 au monde de la couture. Et en effet, le succ\u00e8s a \u00e9t\u00e9 au rendez-vous puisque les visiteurs ont r\u00e9pondu pr\u00e9sent malgr\u00e9 une m\u00e9t\u00e9o capricieuse durant l&rsquo;apr\u00e8s-midi.<\/p>\n\n\n\n<p><strong>Un d\u00e9fil\u00e9, mais aussi des stands <\/strong><\/p>\n\n\n\n<p>Parmi les animations propos\u00e9es ce samedi, il \u00e9tait possible d&rsquo;assister \u00e0 un d\u00e9fil\u00e9 qui a \u00e9t\u00e9 salu\u00e9 par les applaudissements de l&rsquo;assistance. Le visiteur pouvait aussi rencontrer des exposants ce dimanche gr\u00e2ce aux divers stands install\u00e9s au c\u0153ur m\u00eame de l&rsquo;\u00e9tablissement scolaire de ce dimanche Saint-Riquier d&rsquo;<strong>Amiens<\/strong> (ancienne abbaye de Saint-Acheul). C\u00f4t\u00e9 ambiance, il est possible de profiter d&rsquo;une animation musicale.<\/p>\n\n\n\n<p><strong>Une demande en mariage.<\/strong><\/p>\n\n\n\n<p>C&rsquo;\u00e9tait un secret bien gard\u00e9. \u00c0 l&rsquo;issue du d\u00e9fil\u00e9, Mathieu, l&rsquo;un des organisateurs, a demand\u00e9 sa compagne Louise en mariage. Une bien belle surprise pour la jeune femme qui, comme certaines personnes du public, n&rsquo;a pu cacher son \u00e9motion et a donc laiss\u00e9 couler quelques larmes. <\/p>\n\n\n\n<p><strong>Happyness, partenaire de l&rsquo;\u00e9v\u00e9nement, \u00e9tait sur place. <\/strong><\/p>\n\n\n\n<p>votre radio locale, <a href=\"https:\/\/happynessradio.fr\/amiens\/\">Happyness<\/a>, partenaire de l&rsquo;\u00e9v\u00e9nement \u00e9tait sur place, et vous propose de vivre ou de re-vivre cet \u00e9v\u00e9nement en images.<\/p>\n\n\n\n<p><\/p>\n","protected":false},"excerpt":{"rendered":"<p>La premi\u00e8re \u00e9dition du Festival Charlemaille a rencontr\u00e9 le succ\u00e8s pour sa premi\u00e8re journ\u00e9e, le samedi 13 septembre. Une belle r\u00e9ussite donc pour les organisateurs, Louise et Mathieu, et pour l&rsquo;ensemble des b\u00e9n\u00e9voles. Happyness s&rsquo;est rendu sur place. La r\u00e9ussite au rendez-vous Il faut dire que Louise et Mathieu, ainsi que l&rsquo;ensemble des b\u00e9n\u00e9voles, avaient mis les petits plats dans les grands pour que cette premi\u00e8re journ\u00e9e du festival Charlemailles d\u00e9di\u00e9 au monde de la couture. Et en effet, le succ\u00e8s a \u00e9t\u00e9 au rendez-vous puisque les visiteurs ont r\u00e9pondu pr\u00e9sent malgr\u00e9 une m\u00e9t\u00e9o capricieuse durant l&rsquo;apr\u00e8s-midi. Un d\u00e9fil\u00e9, mais aussi des stands Parmi les animations propos\u00e9es ce samedi, il \u00e9tait possible d&rsquo;assister \u00e0 un d\u00e9fil\u00e9 qui a \u00e9t\u00e9 salu\u00e9 par les applaudissements de l&rsquo;assistance. Le visiteur pouvait aussi rencontrer des exposants ce dimanche gr\u00e2ce aux divers stands install\u00e9s au c\u0153ur m\u00eame de l&rsquo;\u00e9tablissement scolaire de ce dimanche Saint-Riquier d&rsquo;Amiens (ancienne abbaye de Saint-Acheul). C\u00f4t\u00e9 ambiance, il est possible de profiter d&rsquo;une animation musicale. Une demande en mariage. C&rsquo;\u00e9tait un secret bien gard\u00e9. \u00c0 l&rsquo;issue du d\u00e9fil\u00e9, Mathieu, l&rsquo;un des organisateurs, a demand\u00e9 sa compagne Louise en mariage. Une bien belle surprise pour la jeune femme qui, comme certaines personnes du public, n&rsquo;a pu cacher son \u00e9motion et a donc laiss\u00e9 couler quelques larmes. Happyness, partenaire de l&rsquo;\u00e9v\u00e9nement, \u00e9tait sur place. votre radio locale, Happyness, partenaire de l&rsquo;\u00e9v\u00e9nement \u00e9tait sur place, et vous propose de vivre ou de re-vivre cet \u00e9v\u00e9nement en images.<\/p>\n","protected":false},"author":6,"featured_media":10910,"comment_status":"open","ping_status":"open","sticky":false,"template":"","format":"standard","meta":{"_lmt_disableupdate":"","_lmt_disable":"","footnotes":""},"categories":[11],"tags":[],"class_list":["post-9727","post","type-post","status-publish","format-standard","has-post-thumbnail","hentry","category-amiens"],"yoast_head":"<!-- This site is optimized with the Yoast SEO plugin v27.5 - https:\/\/yoast.com\/product\/yoast-seo-wordpress\/ -->\n<title>Amiens : succ\u00e8s pour le Festival Charlemailles - Happyness Amiens<\/title>\n<meta name=\"description\" content=\"Amiens : succ\u00e8s pour le Festival Charlemailles, La premi\u00e8re \u00e9dition du Festival Charlemaille a rencontr\u00e9 le succ\u00e8s pour sa premi\u00e8re journ\u00e9e\" \/>\n<meta name=\"robots\" content=\"index, follow, max-snippet:-1, max-image-preview:large, max-video-preview:-1\" \/>\n<link rel=\"canonical\" href=\"https:\/\/happynessradio.fr\/amiens\/articles\/amiens-succes-pour-le-festival-charlemailles\/\" \/>\n<meta property=\"og:locale\" content=\"fr_FR\" \/>\n<meta property=\"og:type\" content=\"article\" \/>\n<meta property=\"og:title\" content=\"Amiens : succ\u00e8s pour le Festival Charlemailles - Happyness Amiens\" \/>\n<meta property=\"og:description\" content=\"Amiens : succ\u00e8s pour le Festival Charlemailles, La premi\u00e8re \u00e9dition du Festival Charlemaille a rencontr\u00e9 le succ\u00e8s pour sa premi\u00e8re journ\u00e9e\" \/>\n<meta property=\"og:url\" content=\"https:\/\/happynessradio.fr\/amiens\/articles\/amiens-succes-pour-le-festival-charlemailles\/\" \/>\n<meta property=\"og:site_name\" content=\"Happyness Amiens\" \/>\n<meta property=\"article:published_time\" content=\"2025-09-17T21:38:16+00:00\" \/>\n<meta property=\"article:modified_time\" content=\"2025-12-30T17:56:38+00:00\" \/>\n<meta property=\"og:image\" content=\"https:\/\/happynessradio.fr\/amiens\/wp-content\/uploads\/sites\/3\/2025\/12\/Visuel-Aucun.webp\" \/>\n\t<meta property=\"og:image:width\" content=\"1084\" \/>\n\t<meta property=\"og:image:height\" content=\"487\" \/>\n\t<meta property=\"og:image:type\" content=\"image\/webp\" \/>\n<meta name=\"author\" content=\"Lo\u00efc Dun\" \/>\n<meta name=\"twitter:card\" content=\"summary_large_image\" \/>\n<meta name=\"twitter:label1\" content=\"\u00c9crit par\" \/>\n\t<meta name=\"twitter:data1\" content=\"Lo\u00efc Dun\" \/>\n\t<meta name=\"twitter:label2\" content=\"Dur\u00e9e de lecture estim\u00e9e\" \/>\n\t<meta name=\"twitter:data2\" content=\"3 minutes\" \/>\n<script type=\"application\/ld+json\" class=\"yoast-schema-graph\">{\"@context\":\"https:\\\/\\\/schema.org\",\"@graph\":[{\"@type\":\"Article\",\"@id\":\"https:\\\/\\\/happynessradio.fr\\\/amiens\\\/articles\\\/amiens-succes-pour-le-festival-charlemailles\\\/#article\",\"isPartOf\":{\"@id\":\"https:\\\/\\\/happynessradio.fr\\\/amiens\\\/articles\\\/amiens-succes-pour-le-festival-charlemailles\\\/\"},\"author\":{\"name\":\"Lo\u00efc Dun\",\"@id\":\"https:\\\/\\\/happynessradio.fr\\\/amiens\\\/#\\\/schema\\\/person\\\/735f1a1ba15f9478beb4249ad52f7252\"},\"headline\":\"Amiens : succ\u00e8s pour le Festival Charlemailles\",\"datePublished\":\"2025-09-17T21:38:16+00:00\",\"dateModified\":\"2025-12-30T17:56:38+00:00\",\"mainEntityOfPage\":{\"@id\":\"https:\\\/\\\/happynessradio.fr\\\/amiens\\\/articles\\\/amiens-succes-pour-le-festival-charlemailles\\\/\"},\"wordCount\":293,\"commentCount\":0,\"image\":{\"@id\":\"https:\\\/\\\/happynessradio.fr\\\/amiens\\\/articles\\\/amiens-succes-pour-le-festival-charlemailles\\\/#primaryimage\"},\"thumbnailUrl\":\"https:\\\/\\\/happynessradio.fr\\\/amiens\\\/wp-content\\\/uploads\\\/sites\\\/3\\\/2025\\\/12\\\/Visuel-Aucun.webp\",\"articleSection\":[\"Amiens\"],\"inLanguage\":\"fr-FR\",\"potentialAction\":[{\"@type\":\"CommentAction\",\"name\":\"Comment\",\"target\":[\"https:\\\/\\\/happynessradio.fr\\\/amiens\\\/articles\\\/amiens-succes-pour-le-festival-charlemailles\\\/#respond\"]}]},{\"@type\":\"WebPage\",\"@id\":\"https:\\\/\\\/happynessradio.fr\\\/amiens\\\/articles\\\/amiens-succes-pour-le-festival-charlemailles\\\/\",\"url\":\"https:\\\/\\\/happynessradio.fr\\\/amiens\\\/articles\\\/amiens-succes-pour-le-festival-charlemailles\\\/\",\"name\":\"Amiens : succ\u00e8s pour le Festival Charlemailles - Happyness Amiens\",\"isPartOf\":{\"@id\":\"https:\\\/\\\/happynessradio.fr\\\/amiens\\\/#website\"},\"primaryImageOfPage\":{\"@id\":\"https:\\\/\\\/happynessradio.fr\\\/amiens\\\/articles\\\/amiens-succes-pour-le-festival-charlemailles\\\/#primaryimage\"},\"image\":{\"@id\":\"https:\\\/\\\/happynessradio.fr\\\/amiens\\\/articles\\\/amiens-succes-pour-le-festival-charlemailles\\\/#primaryimage\"},\"thumbnailUrl\":\"https:\\\/\\\/happynessradio.fr\\\/amiens\\\/wp-content\\\/uploads\\\/sites\\\/3\\\/2025\\\/12\\\/Visuel-Aucun.webp\",\"datePublished\":\"2025-09-17T21:38:16+00:00\",\"dateModified\":\"2025-12-30T17:56:38+00:00\",\"author\":{\"@id\":\"https:\\\/\\\/happynessradio.fr\\\/amiens\\\/#\\\/schema\\\/person\\\/735f1a1ba15f9478beb4249ad52f7252\"},\"description\":\"Amiens : succ\u00e8s pour le Festival Charlemailles, La premi\u00e8re \u00e9dition du Festival Charlemaille a rencontr\u00e9 le succ\u00e8s pour sa premi\u00e8re journ\u00e9e\",\"breadcrumb\":{\"@id\":\"https:\\\/\\\/happynessradio.fr\\\/amiens\\\/articles\\\/amiens-succes-pour-le-festival-charlemailles\\\/#breadcrumb\"},\"inLanguage\":\"fr-FR\",\"potentialAction\":[{\"@type\":\"ReadAction\",\"target\":[\"https:\\\/\\\/happynessradio.fr\\\/amiens\\\/articles\\\/amiens-succes-pour-le-festival-charlemailles\\\/\"]}]},{\"@type\":\"ImageObject\",\"inLanguage\":\"fr-FR\",\"@id\":\"https:\\\/\\\/happynessradio.fr\\\/amiens\\\/articles\\\/amiens-succes-pour-le-festival-charlemailles\\\/#primaryimage\",\"url\":\"https:\\\/\\\/happynessradio.fr\\\/amiens\\\/wp-content\\\/uploads\\\/sites\\\/3\\\/2025\\\/12\\\/Visuel-Aucun.webp\",\"contentUrl\":\"https:\\\/\\\/happynessradio.fr\\\/amiens\\\/wp-content\\\/uploads\\\/sites\\\/3\\\/2025\\\/12\\\/Visuel-Aucun.webp\",\"width\":1084,\"height\":487},{\"@type\":\"BreadcrumbList\",\"@id\":\"https:\\\/\\\/happynessradio.fr\\\/amiens\\\/articles\\\/amiens-succes-pour-le-festival-charlemailles\\\/#breadcrumb\",\"itemListElement\":[{\"@type\":\"ListItem\",\"position\":1,\"name\":\"Accueil\",\"item\":\"https:\\\/\\\/happynessradio.fr\\\/amiens\\\/\"},{\"@type\":\"ListItem\",\"position\":2,\"name\":\"Amiens : succ\u00e8s pour le Festival Charlemailles\"}]},{\"@type\":\"WebSite\",\"@id\":\"https:\\\/\\\/happynessradio.fr\\\/amiens\\\/#website\",\"url\":\"https:\\\/\\\/happynessradio.fr\\\/amiens\\\/\",\"name\":\"Happyness Amiens\",\"description\":\"Toujours au plus proche de vous\",\"potentialAction\":[{\"@type\":\"SearchAction\",\"target\":{\"@type\":\"EntryPoint\",\"urlTemplate\":\"https:\\\/\\\/happynessradio.fr\\\/amiens\\\/?s={search_term_string}\"},\"query-input\":{\"@type\":\"PropertyValueSpecification\",\"valueRequired\":true,\"valueName\":\"search_term_string\"}}],\"inLanguage\":\"fr-FR\"},{\"@type\":\"Person\",\"@id\":\"https:\\\/\\\/happynessradio.fr\\\/amiens\\\/#\\\/schema\\\/person\\\/735f1a1ba15f9478beb4249ad52f7252\",\"name\":\"Lo\u00efc Dun\",\"image\":{\"@type\":\"ImageObject\",\"inLanguage\":\"fr-FR\",\"@id\":\"https:\\\/\\\/happynessradio.fr\\\/amiens\\\/wp-content\\\/uploads\\\/sites\\\/3\\\/2025\\\/12\\\/cropped-Portrait-Loic-25-26-96x96.webp\",\"url\":\"https:\\\/\\\/happynessradio.fr\\\/amiens\\\/wp-content\\\/uploads\\\/sites\\\/3\\\/2025\\\/12\\\/cropped-Portrait-Loic-25-26-96x96.webp\",\"contentUrl\":\"https:\\\/\\\/happynessradio.fr\\\/amiens\\\/wp-content\\\/uploads\\\/sites\\\/3\\\/2025\\\/12\\\/cropped-Portrait-Loic-25-26-96x96.webp\",\"caption\":\"Lo\u00efc Dun\"},\"description\":\"R\u00e9dacteur web Happyness. Co-animateur (chroniqueur) Quoi d'neuf ? Amiens Chroniqueur Le R\u00e9veil Happyness\",\"sameAs\":[\"https:\\\/\\\/www.instagram.com\\\/lolo80radio\\\/\",\"https:\\\/\\\/www.linkedin.com\\\/in\\\/loc-d-365960164\\\/\"],\"url\":\"https:\\\/\\\/happynessradio.fr\\\/amiens\\\/articles\\\/author\\\/loicdun\\\/\"}]}<\/script>\n<!-- \/ Yoast SEO plugin. -->","yoast_head_json":{"title":"Amiens : succ\u00e8s pour le Festival Charlemailles - Happyness Amiens","description":"Amiens : succ\u00e8s pour le Festival Charlemailles, La premi\u00e8re \u00e9dition du Festival Charlemaille a rencontr\u00e9 le succ\u00e8s pour sa premi\u00e8re journ\u00e9e","robots":{"index":"index","follow":"follow","max-snippet":"max-snippet:-1","max-image-preview":"max-image-preview:large","max-video-preview":"max-video-preview:-1"},"canonical":"https:\/\/happynessradio.fr\/amiens\/articles\/amiens-succes-pour-le-festival-charlemailles\/","og_locale":"fr_FR","og_type":"article","og_title":"Amiens : succ\u00e8s pour le Festival Charlemailles - Happyness Amiens","og_description":"Amiens : succ\u00e8s pour le Festival Charlemailles, La premi\u00e8re \u00e9dition du Festival Charlemaille a rencontr\u00e9 le succ\u00e8s pour sa premi\u00e8re journ\u00e9e","og_url":"https:\/\/happynessradio.fr\/amiens\/articles\/amiens-succes-pour-le-festival-charlemailles\/","og_site_name":"Happyness Amiens","article_published_time":"2025-09-17T21:38:16+00:00","article_modified_time":"2025-12-30T17:56:38+00:00","og_image":[{"width":1084,"height":487,"url":"https:\/\/happynessradio.fr\/amiens\/wp-content\/uploads\/sites\/3\/2025\/12\/Visuel-Aucun.webp","type":"image\/webp"}],"author":"Lo\u00efc Dun","twitter_card":"summary_large_image","twitter_misc":{"\u00c9crit par":"Lo\u00efc Dun","Dur\u00e9e de lecture estim\u00e9e":"3 minutes"},"schema":{"@context":"https:\/\/schema.org","@graph":[{"@type":"Article","@id":"https:\/\/happynessradio.fr\/amiens\/articles\/amiens-succes-pour-le-festival-charlemailles\/#article","isPartOf":{"@id":"https:\/\/happynessradio.fr\/amiens\/articles\/amiens-succes-pour-le-festival-charlemailles\/"},"author":{"name":"Lo\u00efc Dun","@id":"https:\/\/happynessradio.fr\/amiens\/#\/schema\/person\/735f1a1ba15f9478beb4249ad52f7252"},"headline":"Amiens : succ\u00e8s pour le Festival Charlemailles","datePublished":"2025-09-17T21:38:16+00:00","dateModified":"2025-12-30T17:56:38+00:00","mainEntityOfPage":{"@id":"https:\/\/happynessradio.fr\/amiens\/articles\/amiens-succes-pour-le-festival-charlemailles\/"},"wordCount":293,"commentCount":0,"image":{"@id":"https:\/\/happynessradio.fr\/amiens\/articles\/amiens-succes-pour-le-festival-charlemailles\/#primaryimage"},"thumbnailUrl":"https:\/\/happynessradio.fr\/amiens\/wp-content\/uploads\/sites\/3\/2025\/12\/Visuel-Aucun.webp","articleSection":["Amiens"],"inLanguage":"fr-FR","potentialAction":[{"@type":"CommentAction","name":"Comment","target":["https:\/\/happynessradio.fr\/amiens\/articles\/amiens-succes-pour-le-festival-charlemailles\/#respond"]}]},{"@type":"WebPage","@id":"https:\/\/happynessradio.fr\/amiens\/articles\/amiens-succes-pour-le-festival-charlemailles\/","url":"https:\/\/happynessradio.fr\/amiens\/articles\/amiens-succes-pour-le-festival-charlemailles\/","name":"Amiens : succ\u00e8s pour le Festival Charlemailles - Happyness Amiens","isPartOf":{"@id":"https:\/\/happynessradio.fr\/amiens\/#website"},"primaryImageOfPage":{"@id":"https:\/\/happynessradio.fr\/amiens\/articles\/amiens-succes-pour-le-festival-charlemailles\/#primaryimage"},"image":{"@id":"https:\/\/happynessradio.fr\/amiens\/articles\/amiens-succes-pour-le-festival-charlemailles\/#primaryimage"},"thumbnailUrl":"https:\/\/happynessradio.fr\/amiens\/wp-content\/uploads\/sites\/3\/2025\/12\/Visuel-Aucun.webp","datePublished":"2025-09-17T21:38:16+00:00","dateModified":"2025-12-30T17:56:38+00:00","author":{"@id":"https:\/\/happynessradio.fr\/amiens\/#\/schema\/person\/735f1a1ba15f9478beb4249ad52f7252"},"description":"Amiens : succ\u00e8s pour le Festival Charlemailles, La premi\u00e8re \u00e9dition du Festival Charlemaille a rencontr\u00e9 le succ\u00e8s pour sa premi\u00e8re journ\u00e9e","breadcrumb":{"@id":"https:\/\/happynessradio.fr\/amiens\/articles\/amiens-succes-pour-le-festival-charlemailles\/#breadcrumb"},"inLanguage":"fr-FR","potentialAction":[{"@type":"ReadAction","target":["https:\/\/happynessradio.fr\/amiens\/articles\/amiens-succes-pour-le-festival-charlemailles\/"]}]},{"@type":"ImageObject","inLanguage":"fr-FR","@id":"https:\/\/happynessradio.fr\/amiens\/articles\/amiens-succes-pour-le-festival-charlemailles\/#primaryimage","url":"https:\/\/happynessradio.fr\/amiens\/wp-content\/uploads\/sites\/3\/2025\/12\/Visuel-Aucun.webp","contentUrl":"https:\/\/happynessradio.fr\/amiens\/wp-content\/uploads\/sites\/3\/2025\/12\/Visuel-Aucun.webp","width":1084,"height":487},{"@type":"BreadcrumbList","@id":"https:\/\/happynessradio.fr\/amiens\/articles\/amiens-succes-pour-le-festival-charlemailles\/#breadcrumb","itemListElement":[{"@type":"ListItem","position":1,"name":"Accueil","item":"https:\/\/happynessradio.fr\/amiens\/"},{"@type":"ListItem","position":2,"name":"Amiens : succ\u00e8s pour le Festival Charlemailles"}]},{"@type":"WebSite","@id":"https:\/\/happynessradio.fr\/amiens\/#website","url":"https:\/\/happynessradio.fr\/amiens\/","name":"Happyness Amiens","description":"Toujours au plus proche de vous","potentialAction":[{"@type":"SearchAction","target":{"@type":"EntryPoint","urlTemplate":"https:\/\/happynessradio.fr\/amiens\/?s={search_term_string}"},"query-input":{"@type":"PropertyValueSpecification","valueRequired":true,"valueName":"search_term_string"}}],"inLanguage":"fr-FR"},{"@type":"Person","@id":"https:\/\/happynessradio.fr\/amiens\/#\/schema\/person\/735f1a1ba15f9478beb4249ad52f7252","name":"Lo\u00efc Dun","image":{"@type":"ImageObject","inLanguage":"fr-FR","@id":"https:\/\/happynessradio.fr\/amiens\/wp-content\/uploads\/sites\/3\/2025\/12\/cropped-Portrait-Loic-25-26-96x96.webp","url":"https:\/\/happynessradio.fr\/amiens\/wp-content\/uploads\/sites\/3\/2025\/12\/cropped-Portrait-Loic-25-26-96x96.webp","contentUrl":"https:\/\/happynessradio.fr\/amiens\/wp-content\/uploads\/sites\/3\/2025\/12\/cropped-Portrait-Loic-25-26-96x96.webp","caption":"Lo\u00efc Dun"},"description":"R\u00e9dacteur web Happyness. Co-animateur (chroniqueur) Quoi d'neuf ? Amiens Chroniqueur Le R\u00e9veil Happyness","sameAs":["https:\/\/www.instagram.com\/lolo80radio\/","https:\/\/www.linkedin.com\/in\/loc-d-365960164\/"],"url":"https:\/\/happynessradio.fr\/amiens\/articles\/author\/loicdun\/"}]}},"modified_by":"kevinpecourt","_links":{"self":[{"href":"https:\/\/happynessradio.fr\/amiens\/wp-json\/wp\/v2\/posts\/9727","targetHints":{"allow":["GET"]}}],"collection":[{"href":"https:\/\/happynessradio.fr\/amiens\/wp-json\/wp\/v2\/posts"}],"about":[{"href":"https:\/\/happynessradio.fr\/amiens\/wp-json\/wp\/v2\/types\/post"}],"author":[{"embeddable":true,"href":"https:\/\/happynessradio.fr\/amiens\/wp-json\/wp\/v2\/users\/6"}],"replies":[{"embeddable":true,"href":"https:\/\/happynessradio.fr\/amiens\/wp-json\/wp\/v2\/comments?post=9727"}],"version-history":[{"count":2,"href":"https:\/\/happynessradio.fr\/amiens\/wp-json\/wp\/v2\/posts\/9727\/revisions"}],"predecessor-version":[{"id":10942,"href":"https:\/\/happynessradio.fr\/amiens\/wp-json\/wp\/v2\/posts\/9727\/revisions\/10942"}],"wp:featuredmedia":[{"embeddable":true,"href":"https:\/\/happynessradio.fr\/amiens\/wp-json\/wp\/v2\/media\/10910"}],"wp:attachment":[{"href":"https:\/\/happynessradio.fr\/amiens\/wp-json\/wp\/v2\/media?parent=9727"}],"wp:term":[{"taxonomy":"category","embeddable":true,"href":"https:\/\/happynessradio.fr\/amiens\/wp-json\/wp\/v2\/categories?post=9727"},{"taxonomy":"post_tag","embeddable":true,"href":"https:\/\/happynessradio.fr\/amiens\/wp-json\/wp\/v2\/tags?post=9727"}],"curies":[{"name":"wp","href":"https:\/\/api.w.org\/{rel}","templated":true}]}}