{"id":11697,"date":"2026-01-30T20:28:10","date_gmt":"2026-01-30T19:28:10","guid":{"rendered":"https:\/\/happynessradio.fr\/oise\/?p=11697"},"modified":"2026-01-30T20:28:11","modified_gmt":"2026-01-30T19:28:11","slug":"darc-sound-prod-le-feu-collectif-qui-reveille-les-musiques-extremes-dans-loise","status":"publish","type":"post","link":"https:\/\/happynessradio.fr\/oise\/articles\/darc-sound-prod-le-feu-collectif-qui-reveille-les-musiques-extremes-dans-loise\/","title":{"rendered":"Darc Sound Prod : le \u00ab\u00a0feu collectif\u00a0\u00bb qui r\u00e9veille les musiques extr\u00eames dans l&rsquo;Oise"},"content":{"rendered":"\n<p><em>Dans une r\u00e9gion parfois per\u00e7ue comme un d\u00e9sert pour les amateurs de saturations, une association bouscule les codes. Invit\u00e9e au micro d&rsquo;Happyness, \u00c9milie, la fondatrice de Darc Son Prod, a d\u00e9voil\u00e9 les coulisses d\u2019une aventure humaine et musicale qui redonne des couleurs au m\u00e9tal local. Entre t\u00eates d&rsquo;affiche du Hellfest et \u00e9thique solidaire, le collectif prouve que la culture extr\u00eame a toute sa place sur nos terres.<\/em><\/p>\n\n\n\n<p><strong>Un esprit punk et une mission de redynamisation.<\/strong><\/p>\n\n\n\n<p>La mission de <a href=\"https:\/\/www.helloasso.com\/associations\/d-arc-son-prod\">Darc Son Prod<\/a> est n\u00e9e d&rsquo;un constat simple : la n\u00e9cessit\u00e9 de redynamiser une zone g\u00e9ographique jug\u00e9e \u00ab\u00a0sinistr\u00e9e\u00a0\u00bb pour les musiques extr\u00eames. Le nom de l&rsquo;association lui-m\u00eame est un hommage historique et audacieux \u00e0 Jeanne d&rsquo;Arc, qu&rsquo;\u00c9milie n&rsquo;h\u00e9site pas \u00e0 d\u00e9crire comme la \u00ab\u00a0premi\u00e8re punk de France\u00a0\u00bb. Ce projet repose sur une programmation \u00e9quilibr\u00e9e, m\u00ealant des pointures internationales \u00e0 des formations r\u00e9gionales. Cette strat\u00e9gie permet de cr\u00e9er un v\u00e9ritable r\u00e9seau d&rsquo;entraide entre musiciens, offrant aux groupes locaux une visibilit\u00e9 unique aux c\u00f4t\u00e9s de noms ayant d\u00e9j\u00e0 foul\u00e9 les sc\u00e8nes du Hellfest.<\/p>\n\n\n\n<p><strong>Une r\u00e9ussite fulgurante bas\u00e9e sur des valeurs fortes.<\/strong><\/p>\n\n\n\n<p>En seulement deux ans, Darc Son Prod a r\u00e9ussi l&rsquo;exploit de faire venir des piliers de la sc\u00e8ne comme Black Bomb A ou Hanne. Cette ascension rapide s&rsquo;appuie sur un mod\u00e8le \u00e9conomique rigoureux o\u00f9 le troc de comp\u00e9tences et le b\u00e9n\u00e9volat occupent une place centrale. Malgr\u00e9 des co\u00fbts d&rsquo;organisation \u00e9lev\u00e9s, l&rsquo;association maintient des tarifs attractifs et pr\u00f4ne un esprit familial. \u00ab\u00a0Nous misons sur le circuit court, que ce soit pour la bi\u00e8re locale ou une nourriture \u00e9thique\u00a0\u00bb, pr\u00e9cise \u00c9milie. L&rsquo;engagement va plus loin avec une politique de gratuit\u00e9 pour les moins de douze ans et une attention absolue port\u00e9e \u00e0 la s\u00e9curit\u00e9, notamment \u00e0 travers le concept \u00ab\u00a0safer\u00a0\u00bb pour garantir la bienveillance envers les femmes lors des concerts.<\/p>\n\n\n\n<p><strong>Une actualit\u00e9 riche entre photographie et Zicodrome.<\/strong><\/p>\n\n\n\n<p>L&rsquo;agenda de l&rsquo;association pour ce d\u00e9but d&rsquo;ann\u00e9e 2026 s&rsquo;annonce particuli\u00e8rement charg\u00e9. Les amateurs d&rsquo;art pourront d\u00e9couvrir le travail de J\u00e9r\u00f4me Meyer, photographe embl\u00e9matique du milieu m\u00e9tal, lors d&rsquo;une exposition pr\u00e9vue \u00e0 l&rsquo;Office de Tourisme de Pierrefonds du 2 au 7 f\u00e9vrier. Ce regard artistique se prolongera \u00e9galement lors du grand concert pr\u00e9vu au Zicodrome le 6 f\u00e9vrier. Dark Son Prod ne travaille pas en vase clos et revendique une collaboration \u00e9troite avec d&rsquo;autres acteurs culturels, comme les organisateurs du Show Me Metal Fest, dans une dynamique de \u00ab\u00a0feu collectif\u00a0\u00bb pour faire rayonner la sc\u00e8ne locale.<\/p>\n\n\n\n<p><strong>Comment rejoindre la communaut\u00e9 Darc Son Prod ?<\/strong><\/p>\n\n\n\n<p>Pour ne rien manquer de cette \u00e9bullition, l&rsquo;association mise beaucoup sur l&rsquo;interaction avec son public. Des jeux-concours sont r\u00e9guli\u00e8rement lanc\u00e9s sur le web pour permettre aux fans de gagner des places, des albums ou des accessoires de musique. \u00c9milie invite tous les passionn\u00e9s et les curieux \u00e0 suivre leurs aventures et \u00e0 r\u00e9server leurs places directement via leur compte Instagram. Que vous soyez un m\u00e9talleux de longue date ou simplement attir\u00e9 par l&rsquo;\u00e9nergie des concerts de qualit\u00e9, l&rsquo;invitation est lanc\u00e9e.<\/p>\n\n\n\n<p><strong>\u00c0 noter !<\/strong><\/p>\n\n\n\n<p><strong>Si vous avez manqu\u00e9 l&rsquo;\u00e9change passionn\u00e9 d&rsquo;\u00c9milie sur notre antenne, sachez que l&rsquo;interview int\u00e9grale est d&rsquo;ores et d\u00e9j\u00e0 disponible en <a href=\"https:\/\/happynessradio.fr\/amiens\/podcasts\/quoi-d-neuf-compiegne\/\">podcast<\/a> ou bien ci-dessous. <\/strong><\/p>\n\n\n\n<p><\/p>\n","protected":false},"excerpt":{"rendered":"<p>Dans une r\u00e9gion parfois per\u00e7ue comme un d\u00e9sert pour les amateurs de saturations, une association bouscule les codes. Invit\u00e9e au micro d&rsquo;Happyness, \u00c9milie, la fondatrice de Darc Son Prod, a d\u00e9voil\u00e9 les coulisses d\u2019une aventure humaine et musicale qui redonne des couleurs au m\u00e9tal local. Entre t\u00eates d&rsquo;affiche du Hellfest et \u00e9thique solidaire, le collectif prouve que la culture extr\u00eame a toute sa place sur nos terres. Un esprit punk et une mission de redynamisation. La mission de Darc Son Prod est n\u00e9e d&rsquo;un constat simple : la n\u00e9cessit\u00e9 de redynamiser une zone g\u00e9ographique jug\u00e9e \u00ab\u00a0sinistr\u00e9e\u00a0\u00bb pour les musiques extr\u00eames. Le nom de l&rsquo;association lui-m\u00eame est un hommage historique et audacieux \u00e0 Jeanne d&rsquo;Arc, qu&rsquo;\u00c9milie n&rsquo;h\u00e9site pas \u00e0 d\u00e9crire comme la \u00ab\u00a0premi\u00e8re punk de France\u00a0\u00bb. Ce projet repose sur une programmation \u00e9quilibr\u00e9e, m\u00ealant des pointures internationales \u00e0 des formations r\u00e9gionales. Cette strat\u00e9gie permet de cr\u00e9er un v\u00e9ritable r\u00e9seau d&rsquo;entraide entre musiciens, offrant aux groupes locaux une visibilit\u00e9 unique aux c\u00f4t\u00e9s de noms ayant d\u00e9j\u00e0 foul\u00e9 les sc\u00e8nes du Hellfest. Une r\u00e9ussite fulgurante bas\u00e9e sur des valeurs fortes. En seulement deux ans, Darc Son Prod a r\u00e9ussi l&rsquo;exploit de faire venir des piliers de la sc\u00e8ne comme Black Bomb A ou Hanne. Cette ascension rapide s&rsquo;appuie sur un mod\u00e8le \u00e9conomique rigoureux o\u00f9 le troc de comp\u00e9tences et le b\u00e9n\u00e9volat occupent une place centrale. Malgr\u00e9 des co\u00fbts d&rsquo;organisation \u00e9lev\u00e9s, l&rsquo;association maintient des tarifs attractifs et pr\u00f4ne un esprit familial. \u00ab\u00a0Nous misons sur le circuit court, que ce soit pour la bi\u00e8re locale ou une nourriture \u00e9thique\u00a0\u00bb, pr\u00e9cise \u00c9milie. L&rsquo;engagement va plus loin avec une politique de gratuit\u00e9 pour les moins de douze ans et une attention absolue port\u00e9e \u00e0 la s\u00e9curit\u00e9, notamment \u00e0 travers le concept \u00ab\u00a0safer\u00a0\u00bb pour garantir la bienveillance envers les femmes lors des concerts. Une actualit\u00e9 riche entre photographie et Zicodrome. L&rsquo;agenda de l&rsquo;association pour ce d\u00e9but d&rsquo;ann\u00e9e 2026 s&rsquo;annonce particuli\u00e8rement charg\u00e9. Les amateurs d&rsquo;art pourront d\u00e9couvrir le travail de J\u00e9r\u00f4me Meyer, photographe embl\u00e9matique du milieu m\u00e9tal, lors d&rsquo;une exposition pr\u00e9vue \u00e0 l&rsquo;Office de Tourisme de Pierrefonds du 2 au 7 f\u00e9vrier. Ce regard artistique se prolongera \u00e9galement lors du grand concert pr\u00e9vu au Zicodrome le 6 f\u00e9vrier. Dark Son Prod ne travaille pas en vase clos et revendique une collaboration \u00e9troite avec d&rsquo;autres acteurs culturels, comme les organisateurs du Show Me Metal Fest, dans une dynamique de \u00ab\u00a0feu collectif\u00a0\u00bb pour faire rayonner la sc\u00e8ne locale. Comment rejoindre la communaut\u00e9 Darc Son Prod ? Pour ne rien manquer de cette \u00e9bullition, l&rsquo;association mise beaucoup sur l&rsquo;interaction avec son public. Des jeux-concours sont r\u00e9guli\u00e8rement lanc\u00e9s sur le web pour permettre aux fans de gagner des places, des albums ou des accessoires de musique. \u00c9milie invite tous les passionn\u00e9s et les curieux \u00e0 suivre leurs aventures et \u00e0 r\u00e9server leurs places directement via leur compte Instagram. Que vous soyez un m\u00e9talleux de longue date ou simplement attir\u00e9 par l&rsquo;\u00e9nergie des concerts de qualit\u00e9, l&rsquo;invitation est lanc\u00e9e. \u00c0 noter ! Si vous avez manqu\u00e9 l&rsquo;\u00e9change passionn\u00e9 d&rsquo;\u00c9milie sur notre antenne, sachez que l&rsquo;interview int\u00e9grale est d&rsquo;ores et d\u00e9j\u00e0 disponible en podcast ou bien ci-dessous.<\/p>\n","protected":false},"author":6,"featured_media":10974,"comment_status":"open","ping_status":"open","sticky":false,"template":"","format":"standard","meta":{"_lmt_disableupdate":"","_lmt_disable":"","footnotes":""},"categories":[10,8],"tags":[],"class_list":["post-11697","post","type-post","status-publish","format-standard","has-post-thumbnail","hentry","category-articles","category-oise"],"yoast_head":"<!-- This site is optimized with the Yoast SEO plugin v27.5 - https:\/\/yoast.com\/product\/yoast-seo-wordpress\/ -->\n<title>Darc Sound Prod : le &quot;feu collectif&quot; qui r\u00e9veille les musiques extr\u00eames dans l&#039;Oise - Happyness Oise<\/title>\n<meta name=\"description\" content=\"Darc Sound Prod : le &quot;feu collectif&quot; qui r\u00e9veille les musiques extr\u00eames dans l&#039;Oise, Dans une r\u00e9gion parfois per\u00e7ue comme un d\u00e9sert ...\" \/>\n<meta name=\"robots\" content=\"index, follow, max-snippet:-1, max-image-preview:large, max-video-preview:-1\" \/>\n<link rel=\"canonical\" href=\"https:\/\/happynessradio.fr\/oise\/articles\/darc-sound-prod-le-feu-collectif-qui-reveille-les-musiques-extremes-dans-loise\/\" \/>\n<meta property=\"og:locale\" content=\"fr_FR\" \/>\n<meta property=\"og:type\" content=\"article\" \/>\n<meta property=\"og:title\" content=\"Darc Sound Prod : le &quot;feu collectif&quot; qui r\u00e9veille les musiques extr\u00eames dans l&#039;Oise - Happyness Oise\" \/>\n<meta property=\"og:description\" content=\"Darc Sound Prod : le &quot;feu collectif&quot; qui r\u00e9veille les musiques extr\u00eames dans l&#039;Oise, Dans une r\u00e9gion parfois per\u00e7ue comme un d\u00e9sert ...\" \/>\n<meta property=\"og:url\" content=\"https:\/\/happynessradio.fr\/oise\/articles\/darc-sound-prod-le-feu-collectif-qui-reveille-les-musiques-extremes-dans-loise\/\" \/>\n<meta property=\"og:site_name\" content=\"Happyness Oise\" \/>\n<meta property=\"article:published_time\" content=\"2026-01-30T19:28:10+00:00\" \/>\n<meta property=\"article:modified_time\" content=\"2026-01-30T19:28:11+00:00\" \/>\n<meta property=\"og:image\" content=\"https:\/\/happynessradio.fr\/oise\/wp-content\/uploads\/sites\/2\/2025\/12\/Visuel-Aucun.webp\" \/>\n\t<meta property=\"og:image:width\" content=\"1084\" \/>\n\t<meta property=\"og:image:height\" content=\"487\" \/>\n\t<meta property=\"og:image:type\" content=\"image\/webp\" \/>\n<meta name=\"author\" content=\"Lo\u00efc Dun\" \/>\n<meta name=\"twitter:card\" content=\"summary_large_image\" \/>\n<meta name=\"twitter:label1\" content=\"\u00c9crit par\" \/>\n\t<meta name=\"twitter:data1\" content=\"Lo\u00efc Dun\" \/>\n\t<meta name=\"twitter:label2\" content=\"Dur\u00e9e de lecture estim\u00e9e\" \/>\n\t<meta name=\"twitter:data2\" content=\"3 minutes\" \/>\n<script type=\"application\/ld+json\" class=\"yoast-schema-graph\">{\"@context\":\"https:\\\/\\\/schema.org\",\"@graph\":[{\"@type\":\"Article\",\"@id\":\"https:\\\/\\\/happynessradio.fr\\\/oise\\\/articles\\\/darc-sound-prod-le-feu-collectif-qui-reveille-les-musiques-extremes-dans-loise\\\/#article\",\"isPartOf\":{\"@id\":\"https:\\\/\\\/happynessradio.fr\\\/oise\\\/articles\\\/darc-sound-prod-le-feu-collectif-qui-reveille-les-musiques-extremes-dans-loise\\\/\"},\"author\":{\"name\":\"Lo\u00efc Dun\",\"@id\":\"https:\\\/\\\/happynessradio.fr\\\/oise\\\/#\\\/schema\\\/person\\\/735f1a1ba15f9478beb4249ad52f7252\"},\"headline\":\"Darc Sound Prod : le \u00ab\u00a0feu collectif\u00a0\u00bb qui r\u00e9veille les musiques extr\u00eames dans l&rsquo;Oise\",\"datePublished\":\"2026-01-30T19:28:10+00:00\",\"dateModified\":\"2026-01-30T19:28:11+00:00\",\"mainEntityOfPage\":{\"@id\":\"https:\\\/\\\/happynessradio.fr\\\/oise\\\/articles\\\/darc-sound-prod-le-feu-collectif-qui-reveille-les-musiques-extremes-dans-loise\\\/\"},\"wordCount\":608,\"commentCount\":0,\"image\":{\"@id\":\"https:\\\/\\\/happynessradio.fr\\\/oise\\\/articles\\\/darc-sound-prod-le-feu-collectif-qui-reveille-les-musiques-extremes-dans-loise\\\/#primaryimage\"},\"thumbnailUrl\":\"https:\\\/\\\/happynessradio.fr\\\/oise\\\/wp-content\\\/uploads\\\/sites\\\/2\\\/2025\\\/12\\\/Visuel-Aucun.webp\",\"articleSection\":[\"articles\",\"Oise\"],\"inLanguage\":\"fr-FR\",\"potentialAction\":[{\"@type\":\"CommentAction\",\"name\":\"Comment\",\"target\":[\"https:\\\/\\\/happynessradio.fr\\\/oise\\\/articles\\\/darc-sound-prod-le-feu-collectif-qui-reveille-les-musiques-extremes-dans-loise\\\/#respond\"]}]},{\"@type\":\"WebPage\",\"@id\":\"https:\\\/\\\/happynessradio.fr\\\/oise\\\/articles\\\/darc-sound-prod-le-feu-collectif-qui-reveille-les-musiques-extremes-dans-loise\\\/\",\"url\":\"https:\\\/\\\/happynessradio.fr\\\/oise\\\/articles\\\/darc-sound-prod-le-feu-collectif-qui-reveille-les-musiques-extremes-dans-loise\\\/\",\"name\":\"Darc Sound Prod : le \\\"feu collectif\\\" qui r\u00e9veille les musiques extr\u00eames dans l'Oise - Happyness Oise\",\"isPartOf\":{\"@id\":\"https:\\\/\\\/happynessradio.fr\\\/oise\\\/#website\"},\"primaryImageOfPage\":{\"@id\":\"https:\\\/\\\/happynessradio.fr\\\/oise\\\/articles\\\/darc-sound-prod-le-feu-collectif-qui-reveille-les-musiques-extremes-dans-loise\\\/#primaryimage\"},\"image\":{\"@id\":\"https:\\\/\\\/happynessradio.fr\\\/oise\\\/articles\\\/darc-sound-prod-le-feu-collectif-qui-reveille-les-musiques-extremes-dans-loise\\\/#primaryimage\"},\"thumbnailUrl\":\"https:\\\/\\\/happynessradio.fr\\\/oise\\\/wp-content\\\/uploads\\\/sites\\\/2\\\/2025\\\/12\\\/Visuel-Aucun.webp\",\"datePublished\":\"2026-01-30T19:28:10+00:00\",\"dateModified\":\"2026-01-30T19:28:11+00:00\",\"author\":{\"@id\":\"https:\\\/\\\/happynessradio.fr\\\/oise\\\/#\\\/schema\\\/person\\\/735f1a1ba15f9478beb4249ad52f7252\"},\"description\":\"Darc Sound Prod : le \\\"feu collectif\\\" qui r\u00e9veille les musiques extr\u00eames dans l'Oise, Dans une r\u00e9gion parfois per\u00e7ue comme un d\u00e9sert ...\",\"breadcrumb\":{\"@id\":\"https:\\\/\\\/happynessradio.fr\\\/oise\\\/articles\\\/darc-sound-prod-le-feu-collectif-qui-reveille-les-musiques-extremes-dans-loise\\\/#breadcrumb\"},\"inLanguage\":\"fr-FR\",\"potentialAction\":[{\"@type\":\"ReadAction\",\"target\":[\"https:\\\/\\\/happynessradio.fr\\\/oise\\\/articles\\\/darc-sound-prod-le-feu-collectif-qui-reveille-les-musiques-extremes-dans-loise\\\/\"]}]},{\"@type\":\"ImageObject\",\"inLanguage\":\"fr-FR\",\"@id\":\"https:\\\/\\\/happynessradio.fr\\\/oise\\\/articles\\\/darc-sound-prod-le-feu-collectif-qui-reveille-les-musiques-extremes-dans-loise\\\/#primaryimage\",\"url\":\"https:\\\/\\\/happynessradio.fr\\\/oise\\\/wp-content\\\/uploads\\\/sites\\\/2\\\/2025\\\/12\\\/Visuel-Aucun.webp\",\"contentUrl\":\"https:\\\/\\\/happynessradio.fr\\\/oise\\\/wp-content\\\/uploads\\\/sites\\\/2\\\/2025\\\/12\\\/Visuel-Aucun.webp\",\"width\":1084,\"height\":487},{\"@type\":\"BreadcrumbList\",\"@id\":\"https:\\\/\\\/happynessradio.fr\\\/oise\\\/articles\\\/darc-sound-prod-le-feu-collectif-qui-reveille-les-musiques-extremes-dans-loise\\\/#breadcrumb\",\"itemListElement\":[{\"@type\":\"ListItem\",\"position\":1,\"name\":\"Accueil\",\"item\":\"https:\\\/\\\/happynessradio.fr\\\/oise\\\/\"},{\"@type\":\"ListItem\",\"position\":2,\"name\":\"Darc Sound Prod : le \u00ab\u00a0feu collectif\u00a0\u00bb qui r\u00e9veille les musiques extr\u00eames dans l&rsquo;Oise\"}]},{\"@type\":\"WebSite\",\"@id\":\"https:\\\/\\\/happynessradio.fr\\\/oise\\\/#website\",\"url\":\"https:\\\/\\\/happynessradio.fr\\\/oise\\\/\",\"name\":\"Happyness Oise\",\"description\":\"Toujours au plus proche de vous\",\"potentialAction\":[{\"@type\":\"SearchAction\",\"target\":{\"@type\":\"EntryPoint\",\"urlTemplate\":\"https:\\\/\\\/happynessradio.fr\\\/oise\\\/?s={search_term_string}\"},\"query-input\":{\"@type\":\"PropertyValueSpecification\",\"valueRequired\":true,\"valueName\":\"search_term_string\"}}],\"inLanguage\":\"fr-FR\"},{\"@type\":\"Person\",\"@id\":\"https:\\\/\\\/happynessradio.fr\\\/oise\\\/#\\\/schema\\\/person\\\/735f1a1ba15f9478beb4249ad52f7252\",\"name\":\"Lo\u00efc Dun\",\"image\":{\"@type\":\"ImageObject\",\"inLanguage\":\"fr-FR\",\"@id\":\"https:\\\/\\\/happynessradio.fr\\\/amiens\\\/wp-content\\\/uploads\\\/sites\\\/3\\\/2025\\\/12\\\/cropped-Portrait-Loic-25-26-96x96.webp\",\"url\":\"https:\\\/\\\/happynessradio.fr\\\/amiens\\\/wp-content\\\/uploads\\\/sites\\\/3\\\/2025\\\/12\\\/cropped-Portrait-Loic-25-26-96x96.webp\",\"contentUrl\":\"https:\\\/\\\/happynessradio.fr\\\/amiens\\\/wp-content\\\/uploads\\\/sites\\\/3\\\/2025\\\/12\\\/cropped-Portrait-Loic-25-26-96x96.webp\",\"caption\":\"Lo\u00efc Dun\"},\"description\":\"R\u00e9dacteur web Happyness. Co-animateur (chroniqueur) Quoi d'neuf ? Amiens Chroniqueur Le R\u00e9veil Happyness\",\"sameAs\":[\"https:\\\/\\\/www.instagram.com\\\/lolo80radio\\\/\",\"https:\\\/\\\/www.linkedin.com\\\/in\\\/loc-d-365960164\\\/\"],\"url\":\"https:\\\/\\\/happynessradio.fr\\\/oise\\\/articles\\\/author\\\/loicdun\\\/\"}]}<\/script>\n<!-- \/ Yoast SEO plugin. -->","yoast_head_json":{"title":"Darc Sound Prod : le \"feu collectif\" qui r\u00e9veille les musiques extr\u00eames dans l'Oise - Happyness Oise","description":"Darc Sound Prod : le \"feu collectif\" qui r\u00e9veille les musiques extr\u00eames dans l'Oise, Dans une r\u00e9gion parfois per\u00e7ue comme un d\u00e9sert ...","robots":{"index":"index","follow":"follow","max-snippet":"max-snippet:-1","max-image-preview":"max-image-preview:large","max-video-preview":"max-video-preview:-1"},"canonical":"https:\/\/happynessradio.fr\/oise\/articles\/darc-sound-prod-le-feu-collectif-qui-reveille-les-musiques-extremes-dans-loise\/","og_locale":"fr_FR","og_type":"article","og_title":"Darc Sound Prod : le \"feu collectif\" qui r\u00e9veille les musiques extr\u00eames dans l'Oise - Happyness Oise","og_description":"Darc Sound Prod : le \"feu collectif\" qui r\u00e9veille les musiques extr\u00eames dans l'Oise, Dans une r\u00e9gion parfois per\u00e7ue comme un d\u00e9sert ...","og_url":"https:\/\/happynessradio.fr\/oise\/articles\/darc-sound-prod-le-feu-collectif-qui-reveille-les-musiques-extremes-dans-loise\/","og_site_name":"Happyness Oise","article_published_time":"2026-01-30T19:28:10+00:00","article_modified_time":"2026-01-30T19:28:11+00:00","og_image":[{"width":1084,"height":487,"url":"https:\/\/happynessradio.fr\/oise\/wp-content\/uploads\/sites\/2\/2025\/12\/Visuel-Aucun.webp","type":"image\/webp"}],"author":"Lo\u00efc Dun","twitter_card":"summary_large_image","twitter_misc":{"\u00c9crit par":"Lo\u00efc Dun","Dur\u00e9e de lecture estim\u00e9e":"3 minutes"},"schema":{"@context":"https:\/\/schema.org","@graph":[{"@type":"Article","@id":"https:\/\/happynessradio.fr\/oise\/articles\/darc-sound-prod-le-feu-collectif-qui-reveille-les-musiques-extremes-dans-loise\/#article","isPartOf":{"@id":"https:\/\/happynessradio.fr\/oise\/articles\/darc-sound-prod-le-feu-collectif-qui-reveille-les-musiques-extremes-dans-loise\/"},"author":{"name":"Lo\u00efc Dun","@id":"https:\/\/happynessradio.fr\/oise\/#\/schema\/person\/735f1a1ba15f9478beb4249ad52f7252"},"headline":"Darc Sound Prod : le \u00ab\u00a0feu collectif\u00a0\u00bb qui r\u00e9veille les musiques extr\u00eames dans l&rsquo;Oise","datePublished":"2026-01-30T19:28:10+00:00","dateModified":"2026-01-30T19:28:11+00:00","mainEntityOfPage":{"@id":"https:\/\/happynessradio.fr\/oise\/articles\/darc-sound-prod-le-feu-collectif-qui-reveille-les-musiques-extremes-dans-loise\/"},"wordCount":608,"commentCount":0,"image":{"@id":"https:\/\/happynessradio.fr\/oise\/articles\/darc-sound-prod-le-feu-collectif-qui-reveille-les-musiques-extremes-dans-loise\/#primaryimage"},"thumbnailUrl":"https:\/\/happynessradio.fr\/oise\/wp-content\/uploads\/sites\/2\/2025\/12\/Visuel-Aucun.webp","articleSection":["articles","Oise"],"inLanguage":"fr-FR","potentialAction":[{"@type":"CommentAction","name":"Comment","target":["https:\/\/happynessradio.fr\/oise\/articles\/darc-sound-prod-le-feu-collectif-qui-reveille-les-musiques-extremes-dans-loise\/#respond"]}]},{"@type":"WebPage","@id":"https:\/\/happynessradio.fr\/oise\/articles\/darc-sound-prod-le-feu-collectif-qui-reveille-les-musiques-extremes-dans-loise\/","url":"https:\/\/happynessradio.fr\/oise\/articles\/darc-sound-prod-le-feu-collectif-qui-reveille-les-musiques-extremes-dans-loise\/","name":"Darc Sound Prod : le \"feu collectif\" qui r\u00e9veille les musiques extr\u00eames dans l'Oise - Happyness Oise","isPartOf":{"@id":"https:\/\/happynessradio.fr\/oise\/#website"},"primaryImageOfPage":{"@id":"https:\/\/happynessradio.fr\/oise\/articles\/darc-sound-prod-le-feu-collectif-qui-reveille-les-musiques-extremes-dans-loise\/#primaryimage"},"image":{"@id":"https:\/\/happynessradio.fr\/oise\/articles\/darc-sound-prod-le-feu-collectif-qui-reveille-les-musiques-extremes-dans-loise\/#primaryimage"},"thumbnailUrl":"https:\/\/happynessradio.fr\/oise\/wp-content\/uploads\/sites\/2\/2025\/12\/Visuel-Aucun.webp","datePublished":"2026-01-30T19:28:10+00:00","dateModified":"2026-01-30T19:28:11+00:00","author":{"@id":"https:\/\/happynessradio.fr\/oise\/#\/schema\/person\/735f1a1ba15f9478beb4249ad52f7252"},"description":"Darc Sound Prod : le \"feu collectif\" qui r\u00e9veille les musiques extr\u00eames dans l'Oise, Dans une r\u00e9gion parfois per\u00e7ue comme un d\u00e9sert ...","breadcrumb":{"@id":"https:\/\/happynessradio.fr\/oise\/articles\/darc-sound-prod-le-feu-collectif-qui-reveille-les-musiques-extremes-dans-loise\/#breadcrumb"},"inLanguage":"fr-FR","potentialAction":[{"@type":"ReadAction","target":["https:\/\/happynessradio.fr\/oise\/articles\/darc-sound-prod-le-feu-collectif-qui-reveille-les-musiques-extremes-dans-loise\/"]}]},{"@type":"ImageObject","inLanguage":"fr-FR","@id":"https:\/\/happynessradio.fr\/oise\/articles\/darc-sound-prod-le-feu-collectif-qui-reveille-les-musiques-extremes-dans-loise\/#primaryimage","url":"https:\/\/happynessradio.fr\/oise\/wp-content\/uploads\/sites\/2\/2025\/12\/Visuel-Aucun.webp","contentUrl":"https:\/\/happynessradio.fr\/oise\/wp-content\/uploads\/sites\/2\/2025\/12\/Visuel-Aucun.webp","width":1084,"height":487},{"@type":"BreadcrumbList","@id":"https:\/\/happynessradio.fr\/oise\/articles\/darc-sound-prod-le-feu-collectif-qui-reveille-les-musiques-extremes-dans-loise\/#breadcrumb","itemListElement":[{"@type":"ListItem","position":1,"name":"Accueil","item":"https:\/\/happynessradio.fr\/oise\/"},{"@type":"ListItem","position":2,"name":"Darc Sound Prod : le \u00ab\u00a0feu collectif\u00a0\u00bb qui r\u00e9veille les musiques extr\u00eames dans l&rsquo;Oise"}]},{"@type":"WebSite","@id":"https:\/\/happynessradio.fr\/oise\/#website","url":"https:\/\/happynessradio.fr\/oise\/","name":"Happyness Oise","description":"Toujours au plus proche de vous","potentialAction":[{"@type":"SearchAction","target":{"@type":"EntryPoint","urlTemplate":"https:\/\/happynessradio.fr\/oise\/?s={search_term_string}"},"query-input":{"@type":"PropertyValueSpecification","valueRequired":true,"valueName":"search_term_string"}}],"inLanguage":"fr-FR"},{"@type":"Person","@id":"https:\/\/happynessradio.fr\/oise\/#\/schema\/person\/735f1a1ba15f9478beb4249ad52f7252","name":"Lo\u00efc Dun","image":{"@type":"ImageObject","inLanguage":"fr-FR","@id":"https:\/\/happynessradio.fr\/amiens\/wp-content\/uploads\/sites\/3\/2025\/12\/cropped-Portrait-Loic-25-26-96x96.webp","url":"https:\/\/happynessradio.fr\/amiens\/wp-content\/uploads\/sites\/3\/2025\/12\/cropped-Portrait-Loic-25-26-96x96.webp","contentUrl":"https:\/\/happynessradio.fr\/amiens\/wp-content\/uploads\/sites\/3\/2025\/12\/cropped-Portrait-Loic-25-26-96x96.webp","caption":"Lo\u00efc Dun"},"description":"R\u00e9dacteur web Happyness. Co-animateur (chroniqueur) Quoi d'neuf ? Amiens Chroniqueur Le R\u00e9veil Happyness","sameAs":["https:\/\/www.instagram.com\/lolo80radio\/","https:\/\/www.linkedin.com\/in\/loc-d-365960164\/"],"url":"https:\/\/happynessradio.fr\/oise\/articles\/author\/loicdun\/"}]}},"modified_by":"Lo\u00efc Dun","_links":{"self":[{"href":"https:\/\/happynessradio.fr\/oise\/wp-json\/wp\/v2\/posts\/11697","targetHints":{"allow":["GET"]}}],"collection":[{"href":"https:\/\/happynessradio.fr\/oise\/wp-json\/wp\/v2\/posts"}],"about":[{"href":"https:\/\/happynessradio.fr\/oise\/wp-json\/wp\/v2\/types\/post"}],"author":[{"embeddable":true,"href":"https:\/\/happynessradio.fr\/oise\/wp-json\/wp\/v2\/users\/6"}],"replies":[{"embeddable":true,"href":"https:\/\/happynessradio.fr\/oise\/wp-json\/wp\/v2\/comments?post=11697"}],"version-history":[{"count":4,"href":"https:\/\/happynessradio.fr\/oise\/wp-json\/wp\/v2\/posts\/11697\/revisions"}],"predecessor-version":[{"id":11703,"href":"https:\/\/happynessradio.fr\/oise\/wp-json\/wp\/v2\/posts\/11697\/revisions\/11703"}],"wp:featuredmedia":[{"embeddable":true,"href":"https:\/\/happynessradio.fr\/oise\/wp-json\/wp\/v2\/media\/10974"}],"wp:attachment":[{"href":"https:\/\/happynessradio.fr\/oise\/wp-json\/wp\/v2\/media?parent=11697"}],"wp:term":[{"taxonomy":"category","embeddable":true,"href":"https:\/\/happynessradio.fr\/oise\/wp-json\/wp\/v2\/categories?post=11697"},{"taxonomy":"post_tag","embeddable":true,"href":"https:\/\/happynessradio.fr\/oise\/wp-json\/wp\/v2\/tags?post=11697"}],"curies":[{"name":"wp","href":"https:\/\/api.w.org\/{rel}","templated":true}]}}