{"id":11826,"date":"2026-02-01T19:45:48","date_gmt":"2026-02-01T18:45:48","guid":{"rendered":"https:\/\/happynessradio.fr\/oise\/?p=11826"},"modified":"2026-02-01T19:45:49","modified_gmt":"2026-02-01T18:45:49","slug":"oise-le-bus-departemental-pour-lemploi-fait-peau-neuve-en-2026","status":"publish","type":"post","link":"https:\/\/happynessradio.fr\/oise\/articles\/oise-le-bus-departemental-pour-lemploi-fait-peau-neuve-en-2026\/","title":{"rendered":"Oise : Le Bus d\u00e9partemental pour l\u2019Emploi fait peau neuve en 2026 !"},"content":{"rendered":"\n<h3 class=\"wp-block-heading\"><em>Le Conseil d\u00e9partemental de l\u2019Oise fait \u00e9voluer son service d\u2019accompagnement mobile vers l\u2019emploi. Avec une strat\u00e9gie red\u00e9finie pour 2026, le Bus pour l&rsquo;Emploi intensifie ses passages dans les zones rurales pour offrir une solution de proximit\u00e9 aux demandeurs d\u2019emploi, aux allocataires du RSA et aux employeurs locaux.<\/em><\/h3>\n\n\n\n<h3 class=\"wp-block-heading\">Une expertise humaine qui vaut plus que tout l\u2019or du monde<\/h3>\n\n\n\n<p>Face \u00e0 la num\u00e9risation croissante des services publics, le maintien d&rsquo;un lien physique dans les territoires ruraux est une priorit\u00e9. \u00c0 bord des bus, un conseiller en insertion professionnelle et un agent d\u2019accueil assurent un suivi personnalis\u00e9. Cette approche humaine et \u00ab\u00a0artisanale\u00a0\u00bb de l\u2019accompagnement permet d&rsquo;analyser les besoins r\u00e9els de chaque profil. Pour un habitant \u00e9loign\u00e9 des grands bassins d&rsquo;activit\u00e9, cet acc\u00e8s direct \u00e0 l&rsquo;information et au conseil vaut plus que tout l\u2019or du monde pour d\u00e9bloquer une situation professionnelle.<\/p>\n\n\n\n<h3 class=\"wp-block-heading\">Envo\u00fbter les recruteurs : l&rsquo;importance de la lettre de motivation<\/h3>\n\n\n\n<p>L&rsquo;un des r\u00f4les majeurs des conseillers \u00e0 bord est d&rsquo;aider les usagers \u00e0 optimiser leurs outils de candidature. Pour esp\u00e9rer envo\u00fbter un recruteur d\u00e8s la premi\u00e8re lecture, la lettre de motivation doit \u00eatre soign\u00e9e et percutante. Le Bus offre les ressources n\u00e9cessaires \u2014 ordinateurs connect\u00e9s et documentation \u2014 pour r\u00e9diger des candidatures de qualit\u00e9. Ce travail de fond sur l&rsquo;image professionnelle est essentiel pour faciliter la mise en relation avec le tissu \u00e9conomique de l\u2019Oise.<\/p>\n\n\n\n<h3 class=\"wp-block-heading\">Une organisation sectoris\u00e9e : choisissez votre destination professionnelle<\/h3>\n\n\n\n<p>Pour 2026, le d\u00e9ploiement a \u00e9t\u00e9 optimis\u00e9 avec trois secteurs d&rsquo;intervention (Ouest, Centre et Est). Chaque commune desservie b\u00e9n\u00e9ficie d\u00e9sormais de la pr\u00e9sence du Bus sur une journ\u00e9e compl\u00e8te, permettant un accueil sur rendez-vous le matin et un acc\u00e8s libre l&rsquo;apr\u00e8s-midi. C\u2019est une v\u00e9ritable passerelle vers de nouvelles perspectives de carri\u00e8re. On vous laisse choisir la destination de votre projet, le Bus se chargeant de vous apporter l\u2019expertise technique pour y parvenir. C\u2019est un dispositif dont vous profiterez aussi pour d\u00e9couvrir des m\u00e9tiers en tension auxquels vous n&rsquo;aviez peut-\u00eatre pas pens\u00e9.<\/p>\n\n\n\n<h3 class=\"wp-block-heading\">Un bouquet d&rsquo;opportunit\u00e9s avec le bus \u00ab\u00a0Partenariat\u00a0\u00bb<\/h3>\n\n\n\n<p>En compl\u00e9ment des tourn\u00e9es r\u00e9guli\u00e8res, un quatri\u00e8me v\u00e9hicule est exclusivement d\u00e9di\u00e9 aux actions emploi-formation. Ce Bus \u00ab\u00a0Partenaire\u00a0\u00bb intervient lors des forums, des job-datings et des \u00e9v\u00e9nements organis\u00e9s avec France Travail ou les missions locales. Comme un bouquet d\u2019opportunit\u00e9s professionnelles, ces rencontres permettent un contact direct entre l&rsquo;offre et la demande sur le territoire. C&rsquo;est un levier efficace pour les entreprises locales qui peinent \u00e0 recruter et pour les candidats en recherche active.<\/p>\n\n\n\n<h3 class=\"wp-block-heading\">Un service gratuit pour tous les territoires<\/h3>\n\n\n\n<p>Le Bus d\u00e9partemental pour l\u2019Emploi cible en priorit\u00e9 les communes de moins de 5 000 habitants comptant un nombre significatif de demandeurs d\u2019emploi. Ce maillage territorial assure que personne ne reste sur le bord de la route par manque de mobilit\u00e9. Que vous soyez en recherche de formation, \u00e9tudiant ou employeur, ce service cofinanc\u00e9 par les Fonds Europ\u00e9ens est une ressource strat\u00e9gique pour dynamiser l&#8217;emploi dans l&rsquo;Oise.<\/p>\n","protected":false},"excerpt":{"rendered":"<p>Le Conseil d\u00e9partemental de l\u2019Oise fait \u00e9voluer son service d\u2019accompagnement mobile vers l\u2019emploi. Avec une strat\u00e9gie red\u00e9finie pour 2026, le Bus pour l&rsquo;Emploi intensifie ses passages dans les zones rurales pour offrir une solution de proximit\u00e9 aux demandeurs d\u2019emploi, aux allocataires du RSA et aux employeurs locaux. Une expertise humaine qui vaut plus que tout l\u2019or du monde Face \u00e0 la num\u00e9risation croissante des services publics, le maintien d&rsquo;un lien physique dans les territoires ruraux est une priorit\u00e9. \u00c0 bord des bus, un conseiller en insertion professionnelle et un agent d\u2019accueil assurent un suivi personnalis\u00e9. Cette approche humaine et \u00ab\u00a0artisanale\u00a0\u00bb de l\u2019accompagnement permet d&rsquo;analyser les besoins r\u00e9els de chaque profil. Pour un habitant \u00e9loign\u00e9 des grands bassins d&rsquo;activit\u00e9, cet acc\u00e8s direct \u00e0 l&rsquo;information et au conseil vaut plus que tout l\u2019or du monde pour d\u00e9bloquer une situation professionnelle. Envo\u00fbter les recruteurs : l&rsquo;importance de la lettre de motivation L&rsquo;un des r\u00f4les majeurs des conseillers \u00e0 bord est d&rsquo;aider les usagers \u00e0 optimiser leurs outils de candidature. Pour esp\u00e9rer envo\u00fbter un recruteur d\u00e8s la premi\u00e8re lecture, la lettre de motivation doit \u00eatre soign\u00e9e et percutante. Le Bus offre les ressources n\u00e9cessaires \u2014 ordinateurs connect\u00e9s et documentation \u2014 pour r\u00e9diger des candidatures de qualit\u00e9. Ce travail de fond sur l&rsquo;image professionnelle est essentiel pour faciliter la mise en relation avec le tissu \u00e9conomique de l\u2019Oise. Une organisation sectoris\u00e9e : choisissez votre destination professionnelle Pour 2026, le d\u00e9ploiement a \u00e9t\u00e9 optimis\u00e9 avec trois secteurs d&rsquo;intervention (Ouest, Centre et Est). Chaque commune desservie b\u00e9n\u00e9ficie d\u00e9sormais de la pr\u00e9sence du Bus sur une journ\u00e9e compl\u00e8te, permettant un accueil sur rendez-vous le matin et un acc\u00e8s libre l&rsquo;apr\u00e8s-midi. C\u2019est une v\u00e9ritable passerelle vers de nouvelles perspectives de carri\u00e8re. On vous laisse choisir la destination de votre projet, le Bus se chargeant de vous apporter l\u2019expertise technique pour y parvenir. C\u2019est un dispositif dont vous profiterez aussi pour d\u00e9couvrir des m\u00e9tiers en tension auxquels vous n&rsquo;aviez peut-\u00eatre pas pens\u00e9. Un bouquet d&rsquo;opportunit\u00e9s avec le bus \u00ab\u00a0Partenariat\u00a0\u00bb En compl\u00e9ment des tourn\u00e9es r\u00e9guli\u00e8res, un quatri\u00e8me v\u00e9hicule est exclusivement d\u00e9di\u00e9 aux actions emploi-formation. Ce Bus \u00ab\u00a0Partenaire\u00a0\u00bb intervient lors des forums, des job-datings et des \u00e9v\u00e9nements organis\u00e9s avec France Travail ou les missions locales. Comme un bouquet d\u2019opportunit\u00e9s professionnelles, ces rencontres permettent un contact direct entre l&rsquo;offre et la demande sur le territoire. C&rsquo;est un levier efficace pour les entreprises locales qui peinent \u00e0 recruter et pour les candidats en recherche active. Un service gratuit pour tous les territoires Le Bus d\u00e9partemental pour l\u2019Emploi cible en priorit\u00e9 les communes de moins de 5 000 habitants comptant un nombre significatif de demandeurs d\u2019emploi. Ce maillage territorial assure que personne ne reste sur le bord de la route par manque de mobilit\u00e9. Que vous soyez en recherche de formation, \u00e9tudiant ou employeur, ce service cofinanc\u00e9 par les Fonds Europ\u00e9ens est une ressource strat\u00e9gique pour dynamiser l&#8217;emploi dans l&rsquo;Oise.<\/p>\n","protected":false},"author":6,"featured_media":10974,"comment_status":"open","ping_status":"open","sticky":false,"template":"","format":"standard","meta":{"_lmt_disableupdate":"","_lmt_disable":"","footnotes":""},"categories":[1],"tags":[],"class_list":["post-11826","post","type-post","status-publish","format-standard","has-post-thumbnail","hentry","category-non-classe"],"yoast_head":"<!-- This site is optimized with the Yoast SEO plugin v27.5 - https:\/\/yoast.com\/product\/yoast-seo-wordpress\/ -->\n<title>Oise : Le Bus d\u00e9partemental pour l\u2019Emploi fait peau neuve en 2026 ! - Happyness Oise<\/title>\n<meta name=\"robots\" content=\"index, follow, max-snippet:-1, max-image-preview:large, max-video-preview:-1\" \/>\n<link rel=\"canonical\" href=\"https:\/\/happynessradio.fr\/oise\/articles\/oise-le-bus-departemental-pour-lemploi-fait-peau-neuve-en-2026\/\" \/>\n<meta property=\"og:locale\" content=\"fr_FR\" \/>\n<meta property=\"og:type\" content=\"article\" \/>\n<meta property=\"og:title\" content=\"Oise : Le Bus d\u00e9partemental pour l\u2019Emploi fait peau neuve en 2026 ! - Happyness Oise\" \/>\n<meta property=\"og:description\" content=\"Le Conseil d\u00e9partemental de l\u2019Oise fait \u00e9voluer son service d\u2019accompagnement mobile vers l\u2019emploi. Avec une strat\u00e9gie red\u00e9finie pour 2026, le Bus pour l&rsquo;Emploi intensifie ses passages dans les zones rurales pour offrir une solution de proximit\u00e9 aux demandeurs d\u2019emploi, aux allocataires du RSA et aux employeurs locaux. Une expertise humaine qui vaut plus que tout l\u2019or du monde Face \u00e0 la num\u00e9risation croissante des services publics, le maintien d&rsquo;un lien physique dans les territoires ruraux est une priorit\u00e9. \u00c0 bord des bus, un conseiller en insertion professionnelle et un agent d\u2019accueil assurent un suivi personnalis\u00e9. Cette approche humaine et \u00ab\u00a0artisanale\u00a0\u00bb de l\u2019accompagnement permet d&rsquo;analyser les besoins r\u00e9els de chaque profil. Pour un habitant \u00e9loign\u00e9 des grands bassins d&rsquo;activit\u00e9, cet acc\u00e8s direct \u00e0 l&rsquo;information et au conseil vaut plus que tout l\u2019or du monde pour d\u00e9bloquer une situation professionnelle. Envo\u00fbter les recruteurs : l&rsquo;importance de la lettre de motivation L&rsquo;un des r\u00f4les majeurs des conseillers \u00e0 bord est d&rsquo;aider les usagers \u00e0 optimiser leurs outils de candidature. Pour esp\u00e9rer envo\u00fbter un recruteur d\u00e8s la premi\u00e8re lecture, la lettre de motivation doit \u00eatre soign\u00e9e et percutante. Le Bus offre les ressources n\u00e9cessaires \u2014 ordinateurs connect\u00e9s et documentation \u2014 pour r\u00e9diger des candidatures de qualit\u00e9. Ce travail de fond sur l&rsquo;image professionnelle est essentiel pour faciliter la mise en relation avec le tissu \u00e9conomique de l\u2019Oise. Une organisation sectoris\u00e9e : choisissez votre destination professionnelle Pour 2026, le d\u00e9ploiement a \u00e9t\u00e9 optimis\u00e9 avec trois secteurs d&rsquo;intervention (Ouest, Centre et Est). Chaque commune desservie b\u00e9n\u00e9ficie d\u00e9sormais de la pr\u00e9sence du Bus sur une journ\u00e9e compl\u00e8te, permettant un accueil sur rendez-vous le matin et un acc\u00e8s libre l&rsquo;apr\u00e8s-midi. C\u2019est une v\u00e9ritable passerelle vers de nouvelles perspectives de carri\u00e8re. On vous laisse choisir la destination de votre projet, le Bus se chargeant de vous apporter l\u2019expertise technique pour y parvenir. C\u2019est un dispositif dont vous profiterez aussi pour d\u00e9couvrir des m\u00e9tiers en tension auxquels vous n&rsquo;aviez peut-\u00eatre pas pens\u00e9. Un bouquet d&rsquo;opportunit\u00e9s avec le bus \u00ab\u00a0Partenariat\u00a0\u00bb En compl\u00e9ment des tourn\u00e9es r\u00e9guli\u00e8res, un quatri\u00e8me v\u00e9hicule est exclusivement d\u00e9di\u00e9 aux actions emploi-formation. Ce Bus \u00ab\u00a0Partenaire\u00a0\u00bb intervient lors des forums, des job-datings et des \u00e9v\u00e9nements organis\u00e9s avec France Travail ou les missions locales. Comme un bouquet d\u2019opportunit\u00e9s professionnelles, ces rencontres permettent un contact direct entre l&rsquo;offre et la demande sur le territoire. C&rsquo;est un levier efficace pour les entreprises locales qui peinent \u00e0 recruter et pour les candidats en recherche active. Un service gratuit pour tous les territoires Le Bus d\u00e9partemental pour l\u2019Emploi cible en priorit\u00e9 les communes de moins de 5 000 habitants comptant un nombre significatif de demandeurs d\u2019emploi. Ce maillage territorial assure que personne ne reste sur le bord de la route par manque de mobilit\u00e9. Que vous soyez en recherche de formation, \u00e9tudiant ou employeur, ce service cofinanc\u00e9 par les Fonds Europ\u00e9ens est une ressource strat\u00e9gique pour dynamiser l&#8217;emploi dans l&rsquo;Oise.\" \/>\n<meta property=\"og:url\" content=\"https:\/\/happynessradio.fr\/oise\/articles\/oise-le-bus-departemental-pour-lemploi-fait-peau-neuve-en-2026\/\" \/>\n<meta property=\"og:site_name\" content=\"Happyness Oise\" \/>\n<meta property=\"article:published_time\" content=\"2026-02-01T18:45:48+00:00\" \/>\n<meta property=\"article:modified_time\" content=\"2026-02-01T18:45:49+00:00\" \/>\n<meta property=\"og:image\" content=\"https:\/\/happynessradio.fr\/oise\/wp-content\/uploads\/sites\/2\/2025\/12\/Visuel-Aucun.webp\" \/>\n\t<meta property=\"og:image:width\" content=\"1084\" \/>\n\t<meta property=\"og:image:height\" content=\"487\" \/>\n\t<meta property=\"og:image:type\" content=\"image\/webp\" \/>\n<meta name=\"author\" content=\"Lo\u00efc Dun\" \/>\n<meta name=\"twitter:card\" content=\"summary_large_image\" \/>\n<meta name=\"twitter:label1\" content=\"\u00c9crit par\" \/>\n\t<meta name=\"twitter:data1\" content=\"Lo\u00efc Dun\" \/>\n\t<meta name=\"twitter:label2\" content=\"Dur\u00e9e de lecture estim\u00e9e\" \/>\n\t<meta name=\"twitter:data2\" content=\"3 minutes\" \/>\n<script type=\"application\/ld+json\" class=\"yoast-schema-graph\">{\"@context\":\"https:\\\/\\\/schema.org\",\"@graph\":[{\"@type\":\"Article\",\"@id\":\"https:\\\/\\\/happynessradio.fr\\\/oise\\\/articles\\\/oise-le-bus-departemental-pour-lemploi-fait-peau-neuve-en-2026\\\/#article\",\"isPartOf\":{\"@id\":\"https:\\\/\\\/happynessradio.fr\\\/oise\\\/articles\\\/oise-le-bus-departemental-pour-lemploi-fait-peau-neuve-en-2026\\\/\"},\"author\":{\"name\":\"Lo\u00efc Dun\",\"@id\":\"https:\\\/\\\/happynessradio.fr\\\/oise\\\/#\\\/schema\\\/person\\\/735f1a1ba15f9478beb4249ad52f7252\"},\"headline\":\"Oise : Le Bus d\u00e9partemental pour l\u2019Emploi fait peau neuve en 2026 !\",\"datePublished\":\"2026-02-01T18:45:48+00:00\",\"dateModified\":\"2026-02-01T18:45:49+00:00\",\"mainEntityOfPage\":{\"@id\":\"https:\\\/\\\/happynessradio.fr\\\/oise\\\/articles\\\/oise-le-bus-departemental-pour-lemploi-fait-peau-neuve-en-2026\\\/\"},\"wordCount\":551,\"commentCount\":0,\"image\":{\"@id\":\"https:\\\/\\\/happynessradio.fr\\\/oise\\\/articles\\\/oise-le-bus-departemental-pour-lemploi-fait-peau-neuve-en-2026\\\/#primaryimage\"},\"thumbnailUrl\":\"https:\\\/\\\/happynessradio.fr\\\/oise\\\/wp-content\\\/uploads\\\/sites\\\/2\\\/2025\\\/12\\\/Visuel-Aucun.webp\",\"inLanguage\":\"fr-FR\",\"potentialAction\":[{\"@type\":\"CommentAction\",\"name\":\"Comment\",\"target\":[\"https:\\\/\\\/happynessradio.fr\\\/oise\\\/articles\\\/oise-le-bus-departemental-pour-lemploi-fait-peau-neuve-en-2026\\\/#respond\"]}]},{\"@type\":\"WebPage\",\"@id\":\"https:\\\/\\\/happynessradio.fr\\\/oise\\\/articles\\\/oise-le-bus-departemental-pour-lemploi-fait-peau-neuve-en-2026\\\/\",\"url\":\"https:\\\/\\\/happynessradio.fr\\\/oise\\\/articles\\\/oise-le-bus-departemental-pour-lemploi-fait-peau-neuve-en-2026\\\/\",\"name\":\"Oise : Le Bus d\u00e9partemental pour l\u2019Emploi fait peau neuve en 2026 ! - Happyness Oise\",\"isPartOf\":{\"@id\":\"https:\\\/\\\/happynessradio.fr\\\/oise\\\/#website\"},\"primaryImageOfPage\":{\"@id\":\"https:\\\/\\\/happynessradio.fr\\\/oise\\\/articles\\\/oise-le-bus-departemental-pour-lemploi-fait-peau-neuve-en-2026\\\/#primaryimage\"},\"image\":{\"@id\":\"https:\\\/\\\/happynessradio.fr\\\/oise\\\/articles\\\/oise-le-bus-departemental-pour-lemploi-fait-peau-neuve-en-2026\\\/#primaryimage\"},\"thumbnailUrl\":\"https:\\\/\\\/happynessradio.fr\\\/oise\\\/wp-content\\\/uploads\\\/sites\\\/2\\\/2025\\\/12\\\/Visuel-Aucun.webp\",\"datePublished\":\"2026-02-01T18:45:48+00:00\",\"dateModified\":\"2026-02-01T18:45:49+00:00\",\"author\":{\"@id\":\"https:\\\/\\\/happynessradio.fr\\\/oise\\\/#\\\/schema\\\/person\\\/735f1a1ba15f9478beb4249ad52f7252\"},\"breadcrumb\":{\"@id\":\"https:\\\/\\\/happynessradio.fr\\\/oise\\\/articles\\\/oise-le-bus-departemental-pour-lemploi-fait-peau-neuve-en-2026\\\/#breadcrumb\"},\"inLanguage\":\"fr-FR\",\"potentialAction\":[{\"@type\":\"ReadAction\",\"target\":[\"https:\\\/\\\/happynessradio.fr\\\/oise\\\/articles\\\/oise-le-bus-departemental-pour-lemploi-fait-peau-neuve-en-2026\\\/\"]}]},{\"@type\":\"ImageObject\",\"inLanguage\":\"fr-FR\",\"@id\":\"https:\\\/\\\/happynessradio.fr\\\/oise\\\/articles\\\/oise-le-bus-departemental-pour-lemploi-fait-peau-neuve-en-2026\\\/#primaryimage\",\"url\":\"https:\\\/\\\/happynessradio.fr\\\/oise\\\/wp-content\\\/uploads\\\/sites\\\/2\\\/2025\\\/12\\\/Visuel-Aucun.webp\",\"contentUrl\":\"https:\\\/\\\/happynessradio.fr\\\/oise\\\/wp-content\\\/uploads\\\/sites\\\/2\\\/2025\\\/12\\\/Visuel-Aucun.webp\",\"width\":1084,\"height\":487},{\"@type\":\"BreadcrumbList\",\"@id\":\"https:\\\/\\\/happynessradio.fr\\\/oise\\\/articles\\\/oise-le-bus-departemental-pour-lemploi-fait-peau-neuve-en-2026\\\/#breadcrumb\",\"itemListElement\":[{\"@type\":\"ListItem\",\"position\":1,\"name\":\"Accueil\",\"item\":\"https:\\\/\\\/happynessradio.fr\\\/oise\\\/\"},{\"@type\":\"ListItem\",\"position\":2,\"name\":\"Oise : Le Bus d\u00e9partemental pour l\u2019Emploi fait peau neuve en 2026 !\"}]},{\"@type\":\"WebSite\",\"@id\":\"https:\\\/\\\/happynessradio.fr\\\/oise\\\/#website\",\"url\":\"https:\\\/\\\/happynessradio.fr\\\/oise\\\/\",\"name\":\"Happyness Oise\",\"description\":\"Toujours au plus proche de vous\",\"potentialAction\":[{\"@type\":\"SearchAction\",\"target\":{\"@type\":\"EntryPoint\",\"urlTemplate\":\"https:\\\/\\\/happynessradio.fr\\\/oise\\\/?s={search_term_string}\"},\"query-input\":{\"@type\":\"PropertyValueSpecification\",\"valueRequired\":true,\"valueName\":\"search_term_string\"}}],\"inLanguage\":\"fr-FR\"},{\"@type\":\"Person\",\"@id\":\"https:\\\/\\\/happynessradio.fr\\\/oise\\\/#\\\/schema\\\/person\\\/735f1a1ba15f9478beb4249ad52f7252\",\"name\":\"Lo\u00efc Dun\",\"image\":{\"@type\":\"ImageObject\",\"inLanguage\":\"fr-FR\",\"@id\":\"https:\\\/\\\/happynessradio.fr\\\/amiens\\\/wp-content\\\/uploads\\\/sites\\\/3\\\/2025\\\/12\\\/cropped-Portrait-Loic-25-26-96x96.webp\",\"url\":\"https:\\\/\\\/happynessradio.fr\\\/amiens\\\/wp-content\\\/uploads\\\/sites\\\/3\\\/2025\\\/12\\\/cropped-Portrait-Loic-25-26-96x96.webp\",\"contentUrl\":\"https:\\\/\\\/happynessradio.fr\\\/amiens\\\/wp-content\\\/uploads\\\/sites\\\/3\\\/2025\\\/12\\\/cropped-Portrait-Loic-25-26-96x96.webp\",\"caption\":\"Lo\u00efc Dun\"},\"description\":\"R\u00e9dacteur web Happyness. Co-animateur (chroniqueur) Quoi d'neuf ? Amiens Chroniqueur Le R\u00e9veil Happyness\",\"sameAs\":[\"https:\\\/\\\/www.instagram.com\\\/lolo80radio\\\/\",\"https:\\\/\\\/www.linkedin.com\\\/in\\\/loc-d-365960164\\\/\"],\"url\":\"https:\\\/\\\/happynessradio.fr\\\/oise\\\/articles\\\/author\\\/loicdun\\\/\"}]}<\/script>\n<!-- \/ Yoast SEO plugin. -->","yoast_head_json":{"title":"Oise : Le Bus d\u00e9partemental pour l\u2019Emploi fait peau neuve en 2026 ! - Happyness Oise","robots":{"index":"index","follow":"follow","max-snippet":"max-snippet:-1","max-image-preview":"max-image-preview:large","max-video-preview":"max-video-preview:-1"},"canonical":"https:\/\/happynessradio.fr\/oise\/articles\/oise-le-bus-departemental-pour-lemploi-fait-peau-neuve-en-2026\/","og_locale":"fr_FR","og_type":"article","og_title":"Oise : Le Bus d\u00e9partemental pour l\u2019Emploi fait peau neuve en 2026 ! - Happyness Oise","og_description":"Le Conseil d\u00e9partemental de l\u2019Oise fait \u00e9voluer son service d\u2019accompagnement mobile vers l\u2019emploi. Avec une strat\u00e9gie red\u00e9finie pour 2026, le Bus pour l&rsquo;Emploi intensifie ses passages dans les zones rurales pour offrir une solution de proximit\u00e9 aux demandeurs d\u2019emploi, aux allocataires du RSA et aux employeurs locaux. Une expertise humaine qui vaut plus que tout l\u2019or du monde Face \u00e0 la num\u00e9risation croissante des services publics, le maintien d&rsquo;un lien physique dans les territoires ruraux est une priorit\u00e9. \u00c0 bord des bus, un conseiller en insertion professionnelle et un agent d\u2019accueil assurent un suivi personnalis\u00e9. Cette approche humaine et \u00ab\u00a0artisanale\u00a0\u00bb de l\u2019accompagnement permet d&rsquo;analyser les besoins r\u00e9els de chaque profil. Pour un habitant \u00e9loign\u00e9 des grands bassins d&rsquo;activit\u00e9, cet acc\u00e8s direct \u00e0 l&rsquo;information et au conseil vaut plus que tout l\u2019or du monde pour d\u00e9bloquer une situation professionnelle. Envo\u00fbter les recruteurs : l&rsquo;importance de la lettre de motivation L&rsquo;un des r\u00f4les majeurs des conseillers \u00e0 bord est d&rsquo;aider les usagers \u00e0 optimiser leurs outils de candidature. Pour esp\u00e9rer envo\u00fbter un recruteur d\u00e8s la premi\u00e8re lecture, la lettre de motivation doit \u00eatre soign\u00e9e et percutante. Le Bus offre les ressources n\u00e9cessaires \u2014 ordinateurs connect\u00e9s et documentation \u2014 pour r\u00e9diger des candidatures de qualit\u00e9. Ce travail de fond sur l&rsquo;image professionnelle est essentiel pour faciliter la mise en relation avec le tissu \u00e9conomique de l\u2019Oise. Une organisation sectoris\u00e9e : choisissez votre destination professionnelle Pour 2026, le d\u00e9ploiement a \u00e9t\u00e9 optimis\u00e9 avec trois secteurs d&rsquo;intervention (Ouest, Centre et Est). Chaque commune desservie b\u00e9n\u00e9ficie d\u00e9sormais de la pr\u00e9sence du Bus sur une journ\u00e9e compl\u00e8te, permettant un accueil sur rendez-vous le matin et un acc\u00e8s libre l&rsquo;apr\u00e8s-midi. C\u2019est une v\u00e9ritable passerelle vers de nouvelles perspectives de carri\u00e8re. On vous laisse choisir la destination de votre projet, le Bus se chargeant de vous apporter l\u2019expertise technique pour y parvenir. C\u2019est un dispositif dont vous profiterez aussi pour d\u00e9couvrir des m\u00e9tiers en tension auxquels vous n&rsquo;aviez peut-\u00eatre pas pens\u00e9. Un bouquet d&rsquo;opportunit\u00e9s avec le bus \u00ab\u00a0Partenariat\u00a0\u00bb En compl\u00e9ment des tourn\u00e9es r\u00e9guli\u00e8res, un quatri\u00e8me v\u00e9hicule est exclusivement d\u00e9di\u00e9 aux actions emploi-formation. Ce Bus \u00ab\u00a0Partenaire\u00a0\u00bb intervient lors des forums, des job-datings et des \u00e9v\u00e9nements organis\u00e9s avec France Travail ou les missions locales. Comme un bouquet d\u2019opportunit\u00e9s professionnelles, ces rencontres permettent un contact direct entre l&rsquo;offre et la demande sur le territoire. C&rsquo;est un levier efficace pour les entreprises locales qui peinent \u00e0 recruter et pour les candidats en recherche active. Un service gratuit pour tous les territoires Le Bus d\u00e9partemental pour l\u2019Emploi cible en priorit\u00e9 les communes de moins de 5 000 habitants comptant un nombre significatif de demandeurs d\u2019emploi. Ce maillage territorial assure que personne ne reste sur le bord de la route par manque de mobilit\u00e9. Que vous soyez en recherche de formation, \u00e9tudiant ou employeur, ce service cofinanc\u00e9 par les Fonds Europ\u00e9ens est une ressource strat\u00e9gique pour dynamiser l&#8217;emploi dans l&rsquo;Oise.","og_url":"https:\/\/happynessradio.fr\/oise\/articles\/oise-le-bus-departemental-pour-lemploi-fait-peau-neuve-en-2026\/","og_site_name":"Happyness Oise","article_published_time":"2026-02-01T18:45:48+00:00","article_modified_time":"2026-02-01T18:45:49+00:00","og_image":[{"width":1084,"height":487,"url":"https:\/\/happynessradio.fr\/oise\/wp-content\/uploads\/sites\/2\/2025\/12\/Visuel-Aucun.webp","type":"image\/webp"}],"author":"Lo\u00efc Dun","twitter_card":"summary_large_image","twitter_misc":{"\u00c9crit par":"Lo\u00efc Dun","Dur\u00e9e de lecture estim\u00e9e":"3 minutes"},"schema":{"@context":"https:\/\/schema.org","@graph":[{"@type":"Article","@id":"https:\/\/happynessradio.fr\/oise\/articles\/oise-le-bus-departemental-pour-lemploi-fait-peau-neuve-en-2026\/#article","isPartOf":{"@id":"https:\/\/happynessradio.fr\/oise\/articles\/oise-le-bus-departemental-pour-lemploi-fait-peau-neuve-en-2026\/"},"author":{"name":"Lo\u00efc Dun","@id":"https:\/\/happynessradio.fr\/oise\/#\/schema\/person\/735f1a1ba15f9478beb4249ad52f7252"},"headline":"Oise : Le Bus d\u00e9partemental pour l\u2019Emploi fait peau neuve en 2026 !","datePublished":"2026-02-01T18:45:48+00:00","dateModified":"2026-02-01T18:45:49+00:00","mainEntityOfPage":{"@id":"https:\/\/happynessradio.fr\/oise\/articles\/oise-le-bus-departemental-pour-lemploi-fait-peau-neuve-en-2026\/"},"wordCount":551,"commentCount":0,"image":{"@id":"https:\/\/happynessradio.fr\/oise\/articles\/oise-le-bus-departemental-pour-lemploi-fait-peau-neuve-en-2026\/#primaryimage"},"thumbnailUrl":"https:\/\/happynessradio.fr\/oise\/wp-content\/uploads\/sites\/2\/2025\/12\/Visuel-Aucun.webp","inLanguage":"fr-FR","potentialAction":[{"@type":"CommentAction","name":"Comment","target":["https:\/\/happynessradio.fr\/oise\/articles\/oise-le-bus-departemental-pour-lemploi-fait-peau-neuve-en-2026\/#respond"]}]},{"@type":"WebPage","@id":"https:\/\/happynessradio.fr\/oise\/articles\/oise-le-bus-departemental-pour-lemploi-fait-peau-neuve-en-2026\/","url":"https:\/\/happynessradio.fr\/oise\/articles\/oise-le-bus-departemental-pour-lemploi-fait-peau-neuve-en-2026\/","name":"Oise : Le Bus d\u00e9partemental pour l\u2019Emploi fait peau neuve en 2026 ! - Happyness Oise","isPartOf":{"@id":"https:\/\/happynessradio.fr\/oise\/#website"},"primaryImageOfPage":{"@id":"https:\/\/happynessradio.fr\/oise\/articles\/oise-le-bus-departemental-pour-lemploi-fait-peau-neuve-en-2026\/#primaryimage"},"image":{"@id":"https:\/\/happynessradio.fr\/oise\/articles\/oise-le-bus-departemental-pour-lemploi-fait-peau-neuve-en-2026\/#primaryimage"},"thumbnailUrl":"https:\/\/happynessradio.fr\/oise\/wp-content\/uploads\/sites\/2\/2025\/12\/Visuel-Aucun.webp","datePublished":"2026-02-01T18:45:48+00:00","dateModified":"2026-02-01T18:45:49+00:00","author":{"@id":"https:\/\/happynessradio.fr\/oise\/#\/schema\/person\/735f1a1ba15f9478beb4249ad52f7252"},"breadcrumb":{"@id":"https:\/\/happynessradio.fr\/oise\/articles\/oise-le-bus-departemental-pour-lemploi-fait-peau-neuve-en-2026\/#breadcrumb"},"inLanguage":"fr-FR","potentialAction":[{"@type":"ReadAction","target":["https:\/\/happynessradio.fr\/oise\/articles\/oise-le-bus-departemental-pour-lemploi-fait-peau-neuve-en-2026\/"]}]},{"@type":"ImageObject","inLanguage":"fr-FR","@id":"https:\/\/happynessradio.fr\/oise\/articles\/oise-le-bus-departemental-pour-lemploi-fait-peau-neuve-en-2026\/#primaryimage","url":"https:\/\/happynessradio.fr\/oise\/wp-content\/uploads\/sites\/2\/2025\/12\/Visuel-Aucun.webp","contentUrl":"https:\/\/happynessradio.fr\/oise\/wp-content\/uploads\/sites\/2\/2025\/12\/Visuel-Aucun.webp","width":1084,"height":487},{"@type":"BreadcrumbList","@id":"https:\/\/happynessradio.fr\/oise\/articles\/oise-le-bus-departemental-pour-lemploi-fait-peau-neuve-en-2026\/#breadcrumb","itemListElement":[{"@type":"ListItem","position":1,"name":"Accueil","item":"https:\/\/happynessradio.fr\/oise\/"},{"@type":"ListItem","position":2,"name":"Oise : Le Bus d\u00e9partemental pour l\u2019Emploi fait peau neuve en 2026 !"}]},{"@type":"WebSite","@id":"https:\/\/happynessradio.fr\/oise\/#website","url":"https:\/\/happynessradio.fr\/oise\/","name":"Happyness Oise","description":"Toujours au plus proche de vous","potentialAction":[{"@type":"SearchAction","target":{"@type":"EntryPoint","urlTemplate":"https:\/\/happynessradio.fr\/oise\/?s={search_term_string}"},"query-input":{"@type":"PropertyValueSpecification","valueRequired":true,"valueName":"search_term_string"}}],"inLanguage":"fr-FR"},{"@type":"Person","@id":"https:\/\/happynessradio.fr\/oise\/#\/schema\/person\/735f1a1ba15f9478beb4249ad52f7252","name":"Lo\u00efc Dun","image":{"@type":"ImageObject","inLanguage":"fr-FR","@id":"https:\/\/happynessradio.fr\/amiens\/wp-content\/uploads\/sites\/3\/2025\/12\/cropped-Portrait-Loic-25-26-96x96.webp","url":"https:\/\/happynessradio.fr\/amiens\/wp-content\/uploads\/sites\/3\/2025\/12\/cropped-Portrait-Loic-25-26-96x96.webp","contentUrl":"https:\/\/happynessradio.fr\/amiens\/wp-content\/uploads\/sites\/3\/2025\/12\/cropped-Portrait-Loic-25-26-96x96.webp","caption":"Lo\u00efc Dun"},"description":"R\u00e9dacteur web Happyness. Co-animateur (chroniqueur) Quoi d'neuf ? Amiens Chroniqueur Le R\u00e9veil Happyness","sameAs":["https:\/\/www.instagram.com\/lolo80radio\/","https:\/\/www.linkedin.com\/in\/loc-d-365960164\/"],"url":"https:\/\/happynessradio.fr\/oise\/articles\/author\/loicdun\/"}]}},"modified_by":"Lo\u00efc Dun","_links":{"self":[{"href":"https:\/\/happynessradio.fr\/oise\/wp-json\/wp\/v2\/posts\/11826","targetHints":{"allow":["GET"]}}],"collection":[{"href":"https:\/\/happynessradio.fr\/oise\/wp-json\/wp\/v2\/posts"}],"about":[{"href":"https:\/\/happynessradio.fr\/oise\/wp-json\/wp\/v2\/types\/post"}],"author":[{"embeddable":true,"href":"https:\/\/happynessradio.fr\/oise\/wp-json\/wp\/v2\/users\/6"}],"replies":[{"embeddable":true,"href":"https:\/\/happynessradio.fr\/oise\/wp-json\/wp\/v2\/comments?post=11826"}],"version-history":[{"count":1,"href":"https:\/\/happynessradio.fr\/oise\/wp-json\/wp\/v2\/posts\/11826\/revisions"}],"predecessor-version":[{"id":11827,"href":"https:\/\/happynessradio.fr\/oise\/wp-json\/wp\/v2\/posts\/11826\/revisions\/11827"}],"wp:featuredmedia":[{"embeddable":true,"href":"https:\/\/happynessradio.fr\/oise\/wp-json\/wp\/v2\/media\/10974"}],"wp:attachment":[{"href":"https:\/\/happynessradio.fr\/oise\/wp-json\/wp\/v2\/media?parent=11826"}],"wp:term":[{"taxonomy":"category","embeddable":true,"href":"https:\/\/happynessradio.fr\/oise\/wp-json\/wp\/v2\/categories?post=11826"},{"taxonomy":"post_tag","embeddable":true,"href":"https:\/\/happynessradio.fr\/oise\/wp-json\/wp\/v2\/tags?post=11826"}],"curies":[{"name":"wp","href":"https:\/\/api.w.org\/{rel}","templated":true}]}}