{"id":12323,"date":"2026-03-21T14:06:18","date_gmt":"2026-03-21T13:06:18","guid":{"rendered":"https:\/\/happynessradio.fr\/oise\/?p=12323"},"modified":"2026-03-21T14:06:19","modified_gmt":"2026-03-21T13:06:19","slug":"le-salon-des-collectionneurs-de-margny-un-voyage-entre-nostalgie-et-decouvertes","status":"publish","type":"post","link":"https:\/\/happynessradio.fr\/oise\/articles\/le-salon-des-collectionneurs-de-margny-un-voyage-entre-nostalgie-et-decouvertes\/","title":{"rendered":"Le Salon des Collectionneurs de Margny : Un voyage entre nostalgie et d\u00e9couvertes"},"content":{"rendered":"\n<p><em>La salle Marcel Gu\u00e9rin s&rsquo;est transform\u00e9e samedi 12 f\u00e9vrier, une nouvelle fois en un v\u00e9ritable royaume d&rsquo;Alibaba. Pour sa douzi\u00e8me \u00e9dition, le salon des collectionneurs de Margny-l\u00e8s-Compi\u00e8gne promet de r\u00e9unir une foule d&rsquo;amateurs d&rsquo;objets anciens, souvent charg\u00e9s de souvenirs, dans une ambiance o\u00f9 la passion et le partage sont les ma\u00eetres-mots.<\/em><\/p>\n\n\n\n<h2 class=\"wp-block-heading\">Une organisation rod\u00e9e au service de la passion<\/h2>\n\n\n\n<p>Derri\u00e8re cet \u00e9v\u00e9nement devenu une r\u00e9f\u00e9rence locale, on retrouve \u00c9ric Ledoux, un organisateur dont l&rsquo;enthousiasme ne faiblit pas malgr\u00e9 les ann\u00e9es. Petit-fils de ferrailleur-brocanteur, il explique avoir grandi avec la rouille et les vieux objets entre les mains, une passion qu&rsquo;il a souhait\u00e9 partager en cr\u00e9ant <a href=\"https:\/\/www.agglo-compiegne.fr\/salon-des-collectionneurs-2026#:~:text=12e%20salon%20des%20collectionneurs,objet%20manquant%20%C3%A0%20votre%20collection.\">ce rendez-vous<\/a>. Pour cette nouvelle \u00e9dition, il a r\u00e9uni plus de soixante-quinze exposants rigoureusement s\u00e9lectionn\u00e9s pour la qualit\u00e9 de leurs marchandises, offrant ainsi un spectacle double : une zone d\u00e9di\u00e9e aux deux-roues et voitures anciennes, et une salle principale foisonnant de tr\u00e9sors miniatures.<\/p>\n\n\n\n<h2 class=\"wp-block-heading\">Des locomotives et des p\u00e9pites pour tous les publics<\/h2>\n\n\n\n<p>L&rsquo;\u00e9ventail des pi\u00e8ces propos\u00e9es est immense et d\u00e9passe largement le cadre des simples figurines miniatures. Si l&rsquo;affiche de cette ann\u00e9e met en avant un policier Playmobil, clin d&rsquo;\u0153il \u00e0 une valeur s\u00fbre de la nostalgie collective, le salon regorge de domaines vari\u00e9s. On y croise des \u00ab\u00a0locomotives\u00a0\u00bb de la collection, comme des marchands sp\u00e9cialis\u00e9s en cartes postales de haute tenue, mais aussi des experts en militaria, en monnaies anciennes ou en bandes dessin\u00e9es. Des artistes singuliers, \u00e0 l&rsquo;image de cr\u00e9ateurs de petits th\u00e9\u00e2tres en trois-dimensions, c\u00f4toient des amateurs \u00e9clair\u00e9s proposant des objets de vitrine et de curiosit\u00e9 qui interrogent le regard.<\/p>\n\n\n\n<h2 class=\"wp-block-heading\">Une philosophie de partage et d&rsquo;accessibilit\u00e9<\/h2>\n\n\n\n<p>L&rsquo;une des grandes forces de ce salon r\u00e9side dans sa volont\u00e9 de rester ouvert au plus grand nombre. \u00c9ric Ledoux insiste sur la gratuit\u00e9 de l&rsquo;entr\u00e9e, un choix d\u00e9lib\u00e9r\u00e9 pour favoriser les \u00e9changes et permettre aux visiteurs de consacrer leur budget \u00e0 l&rsquo;achat d&rsquo;un \u00ab\u00a0petit bonheur\u00a0\u00bb, qu&rsquo;il s&rsquo;agisse d&rsquo;une pi\u00e8ce rare ou d&rsquo;une simple carte postale \u00e0 un euro. Ce mod\u00e8le semble porter ses fruits puisque les collectionneurs les plus aguerris, surnomm\u00e9s les \u00ab\u00a0grognards de Napol\u00e9on\u00a0\u00bb, se pressent d\u00e8s l&rsquo;ouverture pour d\u00e9nicher la perle rare, suivis tout au long de la journ\u00e9e par un public familial et curieux.<\/p>\n\n\n\n<h2 class=\"wp-block-heading\">Les prochains rendez-vous de la saison<\/h2>\n\n\n\n<p>L&rsquo;activit\u00e9 d&rsquo;\u00c9ric Ledoux et de ses partenaires ne s&rsquo;arr\u00eate pas \u00e0 ce salon hivernal. Les amateurs de belles m\u00e9caniques peuvent d\u00e9j\u00e0 noter dans leur agenda la sixi\u00e8me \u00e9dition de l&rsquo;\u00e9v\u00e9nement estival pr\u00e9vu en juin dans le parc de Margny. Ce rassemblement, intitul\u00e9 \u00ab\u00a0Des voitures et des compteurs\u00a0\u00bb, propose un m\u00e9lange original entre v\u00e9hicules de prestige, youngtimers et une animation de contes assur\u00e9e par une troupe locale. Cette ann\u00e9e, l&rsquo;organisateur a promis m\u00eame une surprise d&rsquo;inspiration gauloise, confirmant sa volont\u00e9 de toujours surprendre et d&rsquo;innover pour faire vivre le patrimoine et la culture locale.<\/p>\n","protected":false},"excerpt":{"rendered":"<p>La salle Marcel Gu\u00e9rin s&rsquo;est transform\u00e9e samedi 12 f\u00e9vrier, une nouvelle fois en un v\u00e9ritable royaume d&rsquo;Alibaba. Pour sa douzi\u00e8me \u00e9dition, le salon des collectionneurs de Margny-l\u00e8s-Compi\u00e8gne promet de r\u00e9unir une foule d&rsquo;amateurs d&rsquo;objets anciens, souvent charg\u00e9s de souvenirs, dans une ambiance o\u00f9 la passion et le partage sont les ma\u00eetres-mots. Une organisation rod\u00e9e au service de la passion Derri\u00e8re cet \u00e9v\u00e9nement devenu une r\u00e9f\u00e9rence locale, on retrouve \u00c9ric Ledoux, un organisateur dont l&rsquo;enthousiasme ne faiblit pas malgr\u00e9 les ann\u00e9es. Petit-fils de ferrailleur-brocanteur, il explique avoir grandi avec la rouille et les vieux objets entre les mains, une passion qu&rsquo;il a souhait\u00e9 partager en cr\u00e9ant ce rendez-vous. Pour cette nouvelle \u00e9dition, il a r\u00e9uni plus de soixante-quinze exposants rigoureusement s\u00e9lectionn\u00e9s pour la qualit\u00e9 de leurs marchandises, offrant ainsi un spectacle double : une zone d\u00e9di\u00e9e aux deux-roues et voitures anciennes, et une salle principale foisonnant de tr\u00e9sors miniatures. Des locomotives et des p\u00e9pites pour tous les publics L&rsquo;\u00e9ventail des pi\u00e8ces propos\u00e9es est immense et d\u00e9passe largement le cadre des simples figurines miniatures. Si l&rsquo;affiche de cette ann\u00e9e met en avant un policier Playmobil, clin d&rsquo;\u0153il \u00e0 une valeur s\u00fbre de la nostalgie collective, le salon regorge de domaines vari\u00e9s. On y croise des \u00ab\u00a0locomotives\u00a0\u00bb de la collection, comme des marchands sp\u00e9cialis\u00e9s en cartes postales de haute tenue, mais aussi des experts en militaria, en monnaies anciennes ou en bandes dessin\u00e9es. Des artistes singuliers, \u00e0 l&rsquo;image de cr\u00e9ateurs de petits th\u00e9\u00e2tres en trois-dimensions, c\u00f4toient des amateurs \u00e9clair\u00e9s proposant des objets de vitrine et de curiosit\u00e9 qui interrogent le regard. Une philosophie de partage et d&rsquo;accessibilit\u00e9 L&rsquo;une des grandes forces de ce salon r\u00e9side dans sa volont\u00e9 de rester ouvert au plus grand nombre. \u00c9ric Ledoux insiste sur la gratuit\u00e9 de l&rsquo;entr\u00e9e, un choix d\u00e9lib\u00e9r\u00e9 pour favoriser les \u00e9changes et permettre aux visiteurs de consacrer leur budget \u00e0 l&rsquo;achat d&rsquo;un \u00ab\u00a0petit bonheur\u00a0\u00bb, qu&rsquo;il s&rsquo;agisse d&rsquo;une pi\u00e8ce rare ou d&rsquo;une simple carte postale \u00e0 un euro. Ce mod\u00e8le semble porter ses fruits puisque les collectionneurs les plus aguerris, surnomm\u00e9s les \u00ab\u00a0grognards de Napol\u00e9on\u00a0\u00bb, se pressent d\u00e8s l&rsquo;ouverture pour d\u00e9nicher la perle rare, suivis tout au long de la journ\u00e9e par un public familial et curieux. Les prochains rendez-vous de la saison L&rsquo;activit\u00e9 d&rsquo;\u00c9ric Ledoux et de ses partenaires ne s&rsquo;arr\u00eate pas \u00e0 ce salon hivernal. Les amateurs de belles m\u00e9caniques peuvent d\u00e9j\u00e0 noter dans leur agenda la sixi\u00e8me \u00e9dition de l&rsquo;\u00e9v\u00e9nement estival pr\u00e9vu en juin dans le parc de Margny. Ce rassemblement, intitul\u00e9 \u00ab\u00a0Des voitures et des compteurs\u00a0\u00bb, propose un m\u00e9lange original entre v\u00e9hicules de prestige, youngtimers et une animation de contes assur\u00e9e par une troupe locale. Cette ann\u00e9e, l&rsquo;organisateur a promis m\u00eame une surprise d&rsquo;inspiration gauloise, confirmant sa volont\u00e9 de toujours surprendre et d&rsquo;innover pour faire vivre le patrimoine et la culture locale.<\/p>\n","protected":false},"author":6,"featured_media":12325,"comment_status":"open","ping_status":"open","sticky":false,"template":"","format":"standard","meta":{"_lmt_disableupdate":"","_lmt_disable":"","footnotes":""},"categories":[8],"tags":[],"class_list":["post-12323","post","type-post","status-publish","format-standard","has-post-thumbnail","hentry","category-oise"],"yoast_head":"<!-- This site is optimized with the Yoast SEO plugin v27.5 - https:\/\/yoast.com\/product\/yoast-seo-wordpress\/ -->\n<title>Le Salon des Collectionneurs de Margny : Un voyage entre nostalgie et d\u00e9couvertes - Happyness Oise<\/title>\n<meta name=\"description\" content=\"D\u00e9couvrez le 12e salon des collectionneurs \u00e0 Margny. 76 exposants, entr\u00e9e gratuite et objets de collection \u00e0 retrouver avec Jean-Luc sur Happyness Radio.\" \/>\n<meta name=\"robots\" content=\"index, follow, max-snippet:-1, max-image-preview:large, max-video-preview:-1\" \/>\n<link rel=\"canonical\" href=\"https:\/\/happynessradio.fr\/oise\/articles\/le-salon-des-collectionneurs-de-margny-un-voyage-entre-nostalgie-et-decouvertes\/\" \/>\n<meta property=\"og:locale\" content=\"fr_FR\" \/>\n<meta property=\"og:type\" content=\"article\" \/>\n<meta property=\"og:title\" content=\"Le Salon des Collectionneurs de Margny : Un voyage entre nostalgie et d\u00e9couvertes - Happyness Oise\" \/>\n<meta property=\"og:description\" content=\"D\u00e9couvrez le 12e salon des collectionneurs \u00e0 Margny. 76 exposants, entr\u00e9e gratuite et objets de collection \u00e0 retrouver avec Jean-Luc sur Happyness Radio.\" \/>\n<meta property=\"og:url\" content=\"https:\/\/happynessradio.fr\/oise\/articles\/le-salon-des-collectionneurs-de-margny-un-voyage-entre-nostalgie-et-decouvertes\/\" \/>\n<meta property=\"og:site_name\" content=\"Happyness Oise\" \/>\n<meta property=\"article:published_time\" content=\"2026-03-21T13:06:18+00:00\" \/>\n<meta property=\"article:modified_time\" content=\"2026-03-21T13:06:19+00:00\" \/>\n<meta property=\"og:image\" content=\"https:\/\/happynessradio.fr\/oise\/wp-content\/uploads\/sites\/2\/2026\/03\/MockUp-Visuels-articles-21-1.webp\" \/>\n\t<meta property=\"og:image:width\" content=\"1083\" \/>\n\t<meta property=\"og:image:height\" content=\"486\" \/>\n\t<meta property=\"og:image:type\" content=\"image\/webp\" \/>\n<meta name=\"author\" content=\"Lo\u00efc Dun\" \/>\n<meta name=\"twitter:card\" content=\"summary_large_image\" \/>\n<meta name=\"twitter:label1\" content=\"\u00c9crit par\" \/>\n\t<meta name=\"twitter:data1\" content=\"Lo\u00efc Dun\" \/>\n\t<meta name=\"twitter:label2\" content=\"Dur\u00e9e de lecture estim\u00e9e\" \/>\n\t<meta name=\"twitter:data2\" content=\"3 minutes\" \/>\n<script type=\"application\/ld+json\" class=\"yoast-schema-graph\">{\"@context\":\"https:\\\/\\\/schema.org\",\"@graph\":[{\"@type\":\"Article\",\"@id\":\"https:\\\/\\\/happynessradio.fr\\\/oise\\\/articles\\\/le-salon-des-collectionneurs-de-margny-un-voyage-entre-nostalgie-et-decouvertes\\\/#article\",\"isPartOf\":{\"@id\":\"https:\\\/\\\/happynessradio.fr\\\/oise\\\/articles\\\/le-salon-des-collectionneurs-de-margny-un-voyage-entre-nostalgie-et-decouvertes\\\/\"},\"author\":{\"name\":\"Lo\u00efc Dun\",\"@id\":\"https:\\\/\\\/happynessradio.fr\\\/oise\\\/#\\\/schema\\\/person\\\/735f1a1ba15f9478beb4249ad52f7252\"},\"headline\":\"Le Salon des Collectionneurs de Margny : Un voyage entre nostalgie et d\u00e9couvertes\",\"datePublished\":\"2026-03-21T13:06:18+00:00\",\"dateModified\":\"2026-03-21T13:06:19+00:00\",\"mainEntityOfPage\":{\"@id\":\"https:\\\/\\\/happynessradio.fr\\\/oise\\\/articles\\\/le-salon-des-collectionneurs-de-margny-un-voyage-entre-nostalgie-et-decouvertes\\\/\"},\"wordCount\":553,\"commentCount\":0,\"image\":{\"@id\":\"https:\\\/\\\/happynessradio.fr\\\/oise\\\/articles\\\/le-salon-des-collectionneurs-de-margny-un-voyage-entre-nostalgie-et-decouvertes\\\/#primaryimage\"},\"thumbnailUrl\":\"https:\\\/\\\/happynessradio.fr\\\/oise\\\/wp-content\\\/uploads\\\/sites\\\/2\\\/2026\\\/03\\\/MockUp-Visuels-articles-21-1.webp\",\"articleSection\":[\"Oise\"],\"inLanguage\":\"fr-FR\",\"potentialAction\":[{\"@type\":\"CommentAction\",\"name\":\"Comment\",\"target\":[\"https:\\\/\\\/happynessradio.fr\\\/oise\\\/articles\\\/le-salon-des-collectionneurs-de-margny-un-voyage-entre-nostalgie-et-decouvertes\\\/#respond\"]}]},{\"@type\":\"WebPage\",\"@id\":\"https:\\\/\\\/happynessradio.fr\\\/oise\\\/articles\\\/le-salon-des-collectionneurs-de-margny-un-voyage-entre-nostalgie-et-decouvertes\\\/\",\"url\":\"https:\\\/\\\/happynessradio.fr\\\/oise\\\/articles\\\/le-salon-des-collectionneurs-de-margny-un-voyage-entre-nostalgie-et-decouvertes\\\/\",\"name\":\"Le Salon des Collectionneurs de Margny : Un voyage entre nostalgie et d\u00e9couvertes - Happyness Oise\",\"isPartOf\":{\"@id\":\"https:\\\/\\\/happynessradio.fr\\\/oise\\\/#website\"},\"primaryImageOfPage\":{\"@id\":\"https:\\\/\\\/happynessradio.fr\\\/oise\\\/articles\\\/le-salon-des-collectionneurs-de-margny-un-voyage-entre-nostalgie-et-decouvertes\\\/#primaryimage\"},\"image\":{\"@id\":\"https:\\\/\\\/happynessradio.fr\\\/oise\\\/articles\\\/le-salon-des-collectionneurs-de-margny-un-voyage-entre-nostalgie-et-decouvertes\\\/#primaryimage\"},\"thumbnailUrl\":\"https:\\\/\\\/happynessradio.fr\\\/oise\\\/wp-content\\\/uploads\\\/sites\\\/2\\\/2026\\\/03\\\/MockUp-Visuels-articles-21-1.webp\",\"datePublished\":\"2026-03-21T13:06:18+00:00\",\"dateModified\":\"2026-03-21T13:06:19+00:00\",\"author\":{\"@id\":\"https:\\\/\\\/happynessradio.fr\\\/oise\\\/#\\\/schema\\\/person\\\/735f1a1ba15f9478beb4249ad52f7252\"},\"description\":\"D\u00e9couvrez le 12e salon des collectionneurs \u00e0 Margny. 76 exposants, entr\u00e9e gratuite et objets de collection \u00e0 retrouver avec Jean-Luc sur Happyness Radio.\",\"breadcrumb\":{\"@id\":\"https:\\\/\\\/happynessradio.fr\\\/oise\\\/articles\\\/le-salon-des-collectionneurs-de-margny-un-voyage-entre-nostalgie-et-decouvertes\\\/#breadcrumb\"},\"inLanguage\":\"fr-FR\",\"potentialAction\":[{\"@type\":\"ReadAction\",\"target\":[\"https:\\\/\\\/happynessradio.fr\\\/oise\\\/articles\\\/le-salon-des-collectionneurs-de-margny-un-voyage-entre-nostalgie-et-decouvertes\\\/\"]}]},{\"@type\":\"ImageObject\",\"inLanguage\":\"fr-FR\",\"@id\":\"https:\\\/\\\/happynessradio.fr\\\/oise\\\/articles\\\/le-salon-des-collectionneurs-de-margny-un-voyage-entre-nostalgie-et-decouvertes\\\/#primaryimage\",\"url\":\"https:\\\/\\\/happynessradio.fr\\\/oise\\\/wp-content\\\/uploads\\\/sites\\\/2\\\/2026\\\/03\\\/MockUp-Visuels-articles-21-1.webp\",\"contentUrl\":\"https:\\\/\\\/happynessradio.fr\\\/oise\\\/wp-content\\\/uploads\\\/sites\\\/2\\\/2026\\\/03\\\/MockUp-Visuels-articles-21-1.webp\",\"width\":1083,\"height\":486,\"caption\":\"Gros plan sur une main de femme tenant un cadre photo en bois dor\u00e9 dans une brocante ou un march\u00e9 aux puces, examinant une \u0153uvre d'art surr\u00e9aliste repr\u00e9sentant une pomme rouge cass\u00e9e en deux et une feuille verte reposant sur une surface plate, avec des branches d'arbre nues s'\u00e9tendant \u00e0 partir de la pomme. L'image est encadr\u00e9e par deux formes g\u00e9om\u00e9triques rouges en haut \u00e0 gauche et en bas \u00e0 droite.\"},{\"@type\":\"BreadcrumbList\",\"@id\":\"https:\\\/\\\/happynessradio.fr\\\/oise\\\/articles\\\/le-salon-des-collectionneurs-de-margny-un-voyage-entre-nostalgie-et-decouvertes\\\/#breadcrumb\",\"itemListElement\":[{\"@type\":\"ListItem\",\"position\":1,\"name\":\"Accueil\",\"item\":\"https:\\\/\\\/happynessradio.fr\\\/oise\\\/\"},{\"@type\":\"ListItem\",\"position\":2,\"name\":\"Le Salon des Collectionneurs de Margny : Un voyage entre nostalgie et d\u00e9couvertes\"}]},{\"@type\":\"WebSite\",\"@id\":\"https:\\\/\\\/happynessradio.fr\\\/oise\\\/#website\",\"url\":\"https:\\\/\\\/happynessradio.fr\\\/oise\\\/\",\"name\":\"Happyness Oise\",\"description\":\"Toujours au plus proche de vous\",\"potentialAction\":[{\"@type\":\"SearchAction\",\"target\":{\"@type\":\"EntryPoint\",\"urlTemplate\":\"https:\\\/\\\/happynessradio.fr\\\/oise\\\/?s={search_term_string}\"},\"query-input\":{\"@type\":\"PropertyValueSpecification\",\"valueRequired\":true,\"valueName\":\"search_term_string\"}}],\"inLanguage\":\"fr-FR\"},{\"@type\":\"Person\",\"@id\":\"https:\\\/\\\/happynessradio.fr\\\/oise\\\/#\\\/schema\\\/person\\\/735f1a1ba15f9478beb4249ad52f7252\",\"name\":\"Lo\u00efc Dun\",\"image\":{\"@type\":\"ImageObject\",\"inLanguage\":\"fr-FR\",\"@id\":\"https:\\\/\\\/happynessradio.fr\\\/amiens\\\/wp-content\\\/uploads\\\/sites\\\/3\\\/2025\\\/12\\\/cropped-Portrait-Loic-25-26-96x96.webp\",\"url\":\"https:\\\/\\\/happynessradio.fr\\\/amiens\\\/wp-content\\\/uploads\\\/sites\\\/3\\\/2025\\\/12\\\/cropped-Portrait-Loic-25-26-96x96.webp\",\"contentUrl\":\"https:\\\/\\\/happynessradio.fr\\\/amiens\\\/wp-content\\\/uploads\\\/sites\\\/3\\\/2025\\\/12\\\/cropped-Portrait-Loic-25-26-96x96.webp\",\"caption\":\"Lo\u00efc Dun\"},\"description\":\"R\u00e9dacteur web Happyness. Co-animateur (chroniqueur) Quoi d'neuf ? Amiens Chroniqueur Le R\u00e9veil Happyness\",\"sameAs\":[\"https:\\\/\\\/www.instagram.com\\\/lolo80radio\\\/\",\"https:\\\/\\\/www.linkedin.com\\\/in\\\/loc-d-365960164\\\/\"],\"url\":\"https:\\\/\\\/happynessradio.fr\\\/oise\\\/articles\\\/author\\\/loicdun\\\/\"}]}<\/script>\n<!-- \/ Yoast SEO plugin. -->","yoast_head_json":{"title":"Le Salon des Collectionneurs de Margny : Un voyage entre nostalgie et d\u00e9couvertes - Happyness Oise","description":"D\u00e9couvrez le 12e salon des collectionneurs \u00e0 Margny. 76 exposants, entr\u00e9e gratuite et objets de collection \u00e0 retrouver avec Jean-Luc sur Happyness Radio.","robots":{"index":"index","follow":"follow","max-snippet":"max-snippet:-1","max-image-preview":"max-image-preview:large","max-video-preview":"max-video-preview:-1"},"canonical":"https:\/\/happynessradio.fr\/oise\/articles\/le-salon-des-collectionneurs-de-margny-un-voyage-entre-nostalgie-et-decouvertes\/","og_locale":"fr_FR","og_type":"article","og_title":"Le Salon des Collectionneurs de Margny : Un voyage entre nostalgie et d\u00e9couvertes - Happyness Oise","og_description":"D\u00e9couvrez le 12e salon des collectionneurs \u00e0 Margny. 76 exposants, entr\u00e9e gratuite et objets de collection \u00e0 retrouver avec Jean-Luc sur Happyness Radio.","og_url":"https:\/\/happynessradio.fr\/oise\/articles\/le-salon-des-collectionneurs-de-margny-un-voyage-entre-nostalgie-et-decouvertes\/","og_site_name":"Happyness Oise","article_published_time":"2026-03-21T13:06:18+00:00","article_modified_time":"2026-03-21T13:06:19+00:00","og_image":[{"width":1083,"height":486,"url":"https:\/\/happynessradio.fr\/oise\/wp-content\/uploads\/sites\/2\/2026\/03\/MockUp-Visuels-articles-21-1.webp","type":"image\/webp"}],"author":"Lo\u00efc Dun","twitter_card":"summary_large_image","twitter_misc":{"\u00c9crit par":"Lo\u00efc Dun","Dur\u00e9e de lecture estim\u00e9e":"3 minutes"},"schema":{"@context":"https:\/\/schema.org","@graph":[{"@type":"Article","@id":"https:\/\/happynessradio.fr\/oise\/articles\/le-salon-des-collectionneurs-de-margny-un-voyage-entre-nostalgie-et-decouvertes\/#article","isPartOf":{"@id":"https:\/\/happynessradio.fr\/oise\/articles\/le-salon-des-collectionneurs-de-margny-un-voyage-entre-nostalgie-et-decouvertes\/"},"author":{"name":"Lo\u00efc Dun","@id":"https:\/\/happynessradio.fr\/oise\/#\/schema\/person\/735f1a1ba15f9478beb4249ad52f7252"},"headline":"Le Salon des Collectionneurs de Margny : Un voyage entre nostalgie et d\u00e9couvertes","datePublished":"2026-03-21T13:06:18+00:00","dateModified":"2026-03-21T13:06:19+00:00","mainEntityOfPage":{"@id":"https:\/\/happynessradio.fr\/oise\/articles\/le-salon-des-collectionneurs-de-margny-un-voyage-entre-nostalgie-et-decouvertes\/"},"wordCount":553,"commentCount":0,"image":{"@id":"https:\/\/happynessradio.fr\/oise\/articles\/le-salon-des-collectionneurs-de-margny-un-voyage-entre-nostalgie-et-decouvertes\/#primaryimage"},"thumbnailUrl":"https:\/\/happynessradio.fr\/oise\/wp-content\/uploads\/sites\/2\/2026\/03\/MockUp-Visuels-articles-21-1.webp","articleSection":["Oise"],"inLanguage":"fr-FR","potentialAction":[{"@type":"CommentAction","name":"Comment","target":["https:\/\/happynessradio.fr\/oise\/articles\/le-salon-des-collectionneurs-de-margny-un-voyage-entre-nostalgie-et-decouvertes\/#respond"]}]},{"@type":"WebPage","@id":"https:\/\/happynessradio.fr\/oise\/articles\/le-salon-des-collectionneurs-de-margny-un-voyage-entre-nostalgie-et-decouvertes\/","url":"https:\/\/happynessradio.fr\/oise\/articles\/le-salon-des-collectionneurs-de-margny-un-voyage-entre-nostalgie-et-decouvertes\/","name":"Le Salon des Collectionneurs de Margny : Un voyage entre nostalgie et d\u00e9couvertes - Happyness Oise","isPartOf":{"@id":"https:\/\/happynessradio.fr\/oise\/#website"},"primaryImageOfPage":{"@id":"https:\/\/happynessradio.fr\/oise\/articles\/le-salon-des-collectionneurs-de-margny-un-voyage-entre-nostalgie-et-decouvertes\/#primaryimage"},"image":{"@id":"https:\/\/happynessradio.fr\/oise\/articles\/le-salon-des-collectionneurs-de-margny-un-voyage-entre-nostalgie-et-decouvertes\/#primaryimage"},"thumbnailUrl":"https:\/\/happynessradio.fr\/oise\/wp-content\/uploads\/sites\/2\/2026\/03\/MockUp-Visuels-articles-21-1.webp","datePublished":"2026-03-21T13:06:18+00:00","dateModified":"2026-03-21T13:06:19+00:00","author":{"@id":"https:\/\/happynessradio.fr\/oise\/#\/schema\/person\/735f1a1ba15f9478beb4249ad52f7252"},"description":"D\u00e9couvrez le 12e salon des collectionneurs \u00e0 Margny. 76 exposants, entr\u00e9e gratuite et objets de collection \u00e0 retrouver avec Jean-Luc sur Happyness Radio.","breadcrumb":{"@id":"https:\/\/happynessradio.fr\/oise\/articles\/le-salon-des-collectionneurs-de-margny-un-voyage-entre-nostalgie-et-decouvertes\/#breadcrumb"},"inLanguage":"fr-FR","potentialAction":[{"@type":"ReadAction","target":["https:\/\/happynessradio.fr\/oise\/articles\/le-salon-des-collectionneurs-de-margny-un-voyage-entre-nostalgie-et-decouvertes\/"]}]},{"@type":"ImageObject","inLanguage":"fr-FR","@id":"https:\/\/happynessradio.fr\/oise\/articles\/le-salon-des-collectionneurs-de-margny-un-voyage-entre-nostalgie-et-decouvertes\/#primaryimage","url":"https:\/\/happynessradio.fr\/oise\/wp-content\/uploads\/sites\/2\/2026\/03\/MockUp-Visuels-articles-21-1.webp","contentUrl":"https:\/\/happynessradio.fr\/oise\/wp-content\/uploads\/sites\/2\/2026\/03\/MockUp-Visuels-articles-21-1.webp","width":1083,"height":486,"caption":"Gros plan sur une main de femme tenant un cadre photo en bois dor\u00e9 dans une brocante ou un march\u00e9 aux puces, examinant une \u0153uvre d'art surr\u00e9aliste repr\u00e9sentant une pomme rouge cass\u00e9e en deux et une feuille verte reposant sur une surface plate, avec des branches d'arbre nues s'\u00e9tendant \u00e0 partir de la pomme. L'image est encadr\u00e9e par deux formes g\u00e9om\u00e9triques rouges en haut \u00e0 gauche et en bas \u00e0 droite."},{"@type":"BreadcrumbList","@id":"https:\/\/happynessradio.fr\/oise\/articles\/le-salon-des-collectionneurs-de-margny-un-voyage-entre-nostalgie-et-decouvertes\/#breadcrumb","itemListElement":[{"@type":"ListItem","position":1,"name":"Accueil","item":"https:\/\/happynessradio.fr\/oise\/"},{"@type":"ListItem","position":2,"name":"Le Salon des Collectionneurs de Margny : Un voyage entre nostalgie et d\u00e9couvertes"}]},{"@type":"WebSite","@id":"https:\/\/happynessradio.fr\/oise\/#website","url":"https:\/\/happynessradio.fr\/oise\/","name":"Happyness Oise","description":"Toujours au plus proche de vous","potentialAction":[{"@type":"SearchAction","target":{"@type":"EntryPoint","urlTemplate":"https:\/\/happynessradio.fr\/oise\/?s={search_term_string}"},"query-input":{"@type":"PropertyValueSpecification","valueRequired":true,"valueName":"search_term_string"}}],"inLanguage":"fr-FR"},{"@type":"Person","@id":"https:\/\/happynessradio.fr\/oise\/#\/schema\/person\/735f1a1ba15f9478beb4249ad52f7252","name":"Lo\u00efc Dun","image":{"@type":"ImageObject","inLanguage":"fr-FR","@id":"https:\/\/happynessradio.fr\/amiens\/wp-content\/uploads\/sites\/3\/2025\/12\/cropped-Portrait-Loic-25-26-96x96.webp","url":"https:\/\/happynessradio.fr\/amiens\/wp-content\/uploads\/sites\/3\/2025\/12\/cropped-Portrait-Loic-25-26-96x96.webp","contentUrl":"https:\/\/happynessradio.fr\/amiens\/wp-content\/uploads\/sites\/3\/2025\/12\/cropped-Portrait-Loic-25-26-96x96.webp","caption":"Lo\u00efc Dun"},"description":"R\u00e9dacteur web Happyness. Co-animateur (chroniqueur) Quoi d'neuf ? Amiens Chroniqueur Le R\u00e9veil Happyness","sameAs":["https:\/\/www.instagram.com\/lolo80radio\/","https:\/\/www.linkedin.com\/in\/loc-d-365960164\/"],"url":"https:\/\/happynessradio.fr\/oise\/articles\/author\/loicdun\/"}]}},"modified_by":"Lo\u00efc Dun","_links":{"self":[{"href":"https:\/\/happynessradio.fr\/oise\/wp-json\/wp\/v2\/posts\/12323","targetHints":{"allow":["GET"]}}],"collection":[{"href":"https:\/\/happynessradio.fr\/oise\/wp-json\/wp\/v2\/posts"}],"about":[{"href":"https:\/\/happynessradio.fr\/oise\/wp-json\/wp\/v2\/types\/post"}],"author":[{"embeddable":true,"href":"https:\/\/happynessradio.fr\/oise\/wp-json\/wp\/v2\/users\/6"}],"replies":[{"embeddable":true,"href":"https:\/\/happynessradio.fr\/oise\/wp-json\/wp\/v2\/comments?post=12323"}],"version-history":[{"count":1,"href":"https:\/\/happynessradio.fr\/oise\/wp-json\/wp\/v2\/posts\/12323\/revisions"}],"predecessor-version":[{"id":12326,"href":"https:\/\/happynessradio.fr\/oise\/wp-json\/wp\/v2\/posts\/12323\/revisions\/12326"}],"wp:featuredmedia":[{"embeddable":true,"href":"https:\/\/happynessradio.fr\/oise\/wp-json\/wp\/v2\/media\/12325"}],"wp:attachment":[{"href":"https:\/\/happynessradio.fr\/oise\/wp-json\/wp\/v2\/media?parent=12323"}],"wp:term":[{"taxonomy":"category","embeddable":true,"href":"https:\/\/happynessradio.fr\/oise\/wp-json\/wp\/v2\/categories?post=12323"},{"taxonomy":"post_tag","embeddable":true,"href":"https:\/\/happynessradio.fr\/oise\/wp-json\/wp\/v2\/tags?post=12323"}],"curies":[{"name":"wp","href":"https:\/\/api.w.org\/{rel}","templated":true}]}}